{"id":99993,"date":"2025-04-17T16:01:15","date_gmt":"2025-04-17T19:01:15","guid":{"rendered":"https:\/\/radiolifefm.com.br\/noticias\/?p=99993"},"modified":"2026-04-16T19:51:40","modified_gmt":"2026-04-16T22:51:40","slug":"prosa-do-campo-entenda-por-que-os-caipiras-tambem-podem","status":"publish","type":"post","link":"https:\/\/radiolifefm.com.br\/noticias\/prosa-do-campo-entenda-por-que-os-caipiras-tambem-podem\/","title":{"rendered":"Prosa do Campo: entenda por que \u201cos caipiras tamb\u00e9m podem\u201d"},"content":{"rendered":"<div id=\"fb-root\"><\/div>\n<p class=\"\" data-start=\"144\" data-end=\"430\">Na noite da \u00faltima segunda-feira, 14 de abril, foi ao ar, nas plataformas digitais da Life FM, mais uma edi\u00e7\u00e3o do podcast <em data-start=\"266\" data-end=\"282\">Prosa do Campo<\/em>. Apresentado pelo pecuarista e investidor Cristiano do Mour\u00e3o, o programa contou com a participa\u00e7\u00e3o de Jean Prestes, conhecido como Jean Pedrinha.<\/p>\n<div class='flex flex-wrap items-center -mx-1'>\r\n<a class='thumbnail gallery p-1 w-1\/2 md:w-1\/4' href='https:\/\/radiolifefm.com.br\/noticias\/wp-content\/uploads\/2025\/04\/WhatsApp-Image-2025-04-16-at-10.29.43.jpeg'><img class='border border-white' src='https:\/\/radiolifefm.com.br\/noticias\/wp-content\/uploads\/2025\/04\/WhatsApp-Image-2025-04-16-at-10.29.43-200x200.jpeg' alt='WhatsApp Image 2025 04 16 At 10.29.43' \/><\/a><\/div>\n<p class=\"\" data-start=\"432\" data-end=\"740\">Jean \u00e9 comerciante na cidade de Adamantina e, durante a conversa com Cristiano, abordou temas relacionados \u00e0 sua empresa, aos servi\u00e7os que oferece e outros assuntos ligados ao seu cotidiano. <img loading=\"lazy\" decoding=\"async\" class=\"aligncenter size-medium wp-image-99996\" src=\"https:\/\/static.radiolifefm.com.br\/noticias\/wp-content\/uploads\/2025\/04\/WhatsApp-Image-2025-04-16-at-10.29.44-300x300.jpeg\" alt=\"\" width=\"300\" height=\"300\" srcset=\"https:\/\/radiolifefm.com.br\/noticias\/wp-content\/uploads\/2025\/04\/WhatsApp-Image-2025-04-16-at-10.29.44-300x300.jpeg 300w, https:\/\/radiolifefm.com.br\/noticias\/wp-content\/uploads\/2025\/04\/WhatsApp-Image-2025-04-16-at-10.29.44-1024x1024.jpeg 1024w, https:\/\/radiolifefm.com.br\/noticias\/wp-content\/uploads\/2025\/04\/WhatsApp-Image-2025-04-16-at-10.29.44-150x150.jpeg 150w, https:\/\/radiolifefm.com.br\/noticias\/wp-content\/uploads\/2025\/04\/WhatsApp-Image-2025-04-16-at-10.29.44-768x768.jpeg 768w, https:\/\/radiolifefm.com.br\/noticias\/wp-content\/uploads\/2025\/04\/WhatsApp-Image-2025-04-16-at-10.29.44-200x200.jpeg 200w, https:\/\/radiolifefm.com.br\/noticias\/wp-content\/uploads\/2025\/04\/WhatsApp-Image-2025-04-16-at-10.29.44-250x250.jpeg 250w, https:\/\/radiolifefm.com.br\/noticias\/wp-content\/uploads\/2025\/04\/WhatsApp-Image-2025-04-16-at-10.29.44-500x500.jpeg 500w, https:\/\/radiolifefm.com.br\/noticias\/wp-content\/uploads\/2025\/04\/WhatsApp-Image-2025-04-16-at-10.29.44-700x700.jpeg 700w, https:\/\/radiolifefm.com.br\/noticias\/wp-content\/uploads\/2025\/04\/WhatsApp-Image-2025-04-16-at-10.29.44.jpeg 1080w\" sizes=\"auto, (max-width: 300px) 100vw, 300px\" \/>Com foco em dar visibilidade e incentivo ao empreendedorismo local, o tema escolhido foi: \u201cOs caipiras tamb\u00e9m podem\u201d.<img loading=\"lazy\" decoding=\"async\" class=\"aligncenter size-medium wp-image-99995\" src=\"https:\/\/static.radiolifefm.com.br\/noticias\/wp-content\/uploads\/2025\/04\/WhatsApp-Image-2025-04-16-at-10.29.44-1-300x300.jpeg\" alt=\"\" width=\"300\" height=\"300\" srcset=\"https:\/\/radiolifefm.com.br\/noticias\/wp-content\/uploads\/2025\/04\/WhatsApp-Image-2025-04-16-at-10.29.44-1-300x300.jpeg 300w, https:\/\/radiolifefm.com.br\/noticias\/wp-content\/uploads\/2025\/04\/WhatsApp-Image-2025-04-16-at-10.29.44-1-1024x1024.jpeg 1024w, https:\/\/radiolifefm.com.br\/noticias\/wp-content\/uploads\/2025\/04\/WhatsApp-Image-2025-04-16-at-10.29.44-1-150x150.jpeg 150w, https:\/\/radiolifefm.com.br\/noticias\/wp-content\/uploads\/2025\/04\/WhatsApp-Image-2025-04-16-at-10.29.44-1-768x768.jpeg 768w, https:\/\/radiolifefm.com.br\/noticias\/wp-content\/uploads\/2025\/04\/WhatsApp-Image-2025-04-16-at-10.29.44-1-200x200.jpeg 200w, https:\/\/radiolifefm.com.br\/noticias\/wp-content\/uploads\/2025\/04\/WhatsApp-Image-2025-04-16-at-10.29.44-1-250x250.jpeg 250w, https:\/\/radiolifefm.com.br\/noticias\/wp-content\/uploads\/2025\/04\/WhatsApp-Image-2025-04-16-at-10.29.44-1-500x500.jpeg 500w, https:\/\/radiolifefm.com.br\/noticias\/wp-content\/uploads\/2025\/04\/WhatsApp-Image-2025-04-16-at-10.29.44-1-700x700.jpeg 700w, https:\/\/radiolifefm.com.br\/noticias\/wp-content\/uploads\/2025\/04\/WhatsApp-Image-2025-04-16-at-10.29.44-1.jpeg 1080w\" sizes=\"auto, (max-width: 300px) 100vw, 300px\" \/><\/p>\n<p class=\"\" data-start=\"742\" data-end=\"790\">Acesse o link da entrevista abaixo e saiba mais.<\/p>\n<p><a href=\"https:\/\/www.youtube.com\/watch?v=qf442XtT1-c&amp;t=49s\">https:\/\/www.youtube.com\/watch?v=qf442XtT1-c&amp;t=49s<\/a><\/p>\n","protected":false},"excerpt":{"rendered":"<p>Na noite da \u00faltima segunda-feira, 14 de abril, foi ao ar, nas plataformas digitais da Life FM, mais uma edi\u00e7\u00e3o do podcast Prosa do Campo. Apresentado pelo pecuarista e investidor Cristiano do Mour\u00e3o, o programa contou com a participa\u00e7\u00e3o de Jean Prestes, conhecido como Jean Pedrinha. Jean \u00e9 comerciante na cidade de Adamantina e, durante [&hellip;]<\/p>\n","protected":false},"author":8,"featured_media":99999,"comment_status":"closed","ping_status":"open","sticky":false,"template":"","format":"standard","meta":{"_acf_changed":false,"_exactmetrics_skip_tracking":false,"_exactmetrics_sitenote_active":false,"_exactmetrics_sitenote_note":"","_exactmetrics_sitenote_category":0,"footnotes":""},"categories":[191],"tags":[],"class_list":["post-99993","post","type-post","status-publish","format-standard","has-post-thumbnail","hentry","category-prosa-do-campo"],"acf":[],"yoast_head":"<!-- This site is optimized with the Yoast SEO plugin v27.2 - https:\/\/yoast.com\/product\/yoast-seo-wordpress\/ -->\n<title>Prosa do Campo: entenda por que \u201cos caipiras tamb\u00e9m podem\u201d - R\u00e1dio Life FM<\/title>\n<meta name=\"robots\" content=\"index, follow, max-snippet:-1, max-image-preview:large, max-video-preview:-1\" \/>\n<link rel=\"canonical\" href=\"https:\/\/radiolifefm.com.br\/noticias\/prosa-do-campo-entenda-por-que-os-caipiras-tambem-podem\/\" \/>\n<meta property=\"og:locale\" content=\"pt_BR\" \/>\n<meta property=\"og:type\" content=\"article\" \/>\n<meta property=\"og:title\" content=\"Prosa do Campo: entenda por que \u201cos caipiras tamb\u00e9m podem\u201d - R\u00e1dio Life FM\" \/>\n<meta property=\"og:description\" content=\"Na noite da \u00faltima segunda-feira, 14 de abril, foi ao ar, nas plataformas digitais da Life FM, mais uma edi\u00e7\u00e3o do podcast Prosa do Campo. Apresentado pelo pecuarista e investidor Cristiano do Mour\u00e3o, o programa contou com a participa\u00e7\u00e3o de Jean Prestes, conhecido como Jean Pedrinha. Jean \u00e9 comerciante na cidade de Adamantina e, durante [&hellip;]\" \/>\n<meta property=\"og:url\" content=\"https:\/\/radiolifefm.com.br\/noticias\/prosa-do-campo-entenda-por-que-os-caipiras-tambem-podem\/\" \/>\n<meta property=\"og:site_name\" content=\"R\u00e1dio Life FM\" \/>\n<meta property=\"article:publisher\" content=\"https:\/\/www.facebook.com\/radiolifefm\/\" \/>\n<meta property=\"article:published_time\" content=\"2025-04-17T19:01:15+00:00\" \/>\n<meta property=\"article:modified_time\" content=\"2026-04-16T22:51:40+00:00\" \/>\n<meta property=\"og:image\" content=\"https:\/\/radiolifefm.com.br\/noticias\/wp-content\/uploads\/2025\/04\/WhatsApp-Image-2025-04-15-at-14.27.35-1-e1744916560690.jpeg\" \/>\n\t<meta property=\"og:image:width\" content=\"1600\" \/>\n\t<meta property=\"og:image:height\" content=\"940\" \/>\n\t<meta property=\"og:image:type\" content=\"image\/jpeg\" \/>\n<meta name=\"author\" content=\"joaograndao\" \/>\n<meta name=\"twitter:card\" content=\"summary_large_image\" \/>\n<meta name=\"twitter:label1\" content=\"Escrito por\" \/>\n\t<meta name=\"twitter:data1\" content=\"joaograndao\" \/>\n\t<meta name=\"twitter:label2\" content=\"Est. tempo de leitura\" \/>\n\t<meta name=\"twitter:data2\" content=\"2 minutos\" \/>\n<script type=\"application\/ld+json\" class=\"yoast-schema-graph\">{\"@context\":\"https:\/\/schema.org\",\"@graph\":[{\"@type\":\"Article\",\"@id\":\"https:\/\/radiolifefm.com.br\/noticias\/prosa-do-campo-entenda-por-que-os-caipiras-tambem-podem\/#article\",\"isPartOf\":{\"@id\":\"https:\/\/radiolifefm.com.br\/noticias\/prosa-do-campo-entenda-por-que-os-caipiras-tambem-podem\/\"},\"author\":{\"name\":\"joaograndao\",\"@id\":\"https:\/\/radiolifefm.com.br\/noticias\/#\/schema\/person\/6876e1240feffe6e1b63fd5cb85abf28\"},\"headline\":\"Prosa do Campo: entenda por que \u201cos caipiras tamb\u00e9m podem\u201d\",\"datePublished\":\"2025-04-17T19:01:15+00:00\",\"dateModified\":\"2026-04-16T22:51:40+00:00\",\"mainEntityOfPage\":{\"@id\":\"https:\/\/radiolifefm.com.br\/noticias\/prosa-do-campo-entenda-por-que-os-caipiras-tambem-podem\/\"},\"wordCount\":130,\"publisher\":{\"@id\":\"https:\/\/radiolifefm.com.br\/noticias\/#organization\"},\"image\":{\"@id\":\"https:\/\/radiolifefm.com.br\/noticias\/prosa-do-campo-entenda-por-que-os-caipiras-tambem-podem\/#primaryimage\"},\"thumbnailUrl\":\"https:\/\/radiolifefm.com.br\/noticias\/wp-content\/uploads\/2025\/04\/WhatsApp-Image-2025-04-15-at-14.27.35-1-e1744916560690.jpeg\",\"articleSection\":[\"Prosa do Campo\"],\"inLanguage\":\"pt-BR\"},{\"@type\":\"WebPage\",\"@id\":\"https:\/\/radiolifefm.com.br\/noticias\/prosa-do-campo-entenda-por-que-os-caipiras-tambem-podem\/\",\"url\":\"https:\/\/radiolifefm.com.br\/noticias\/prosa-do-campo-entenda-por-que-os-caipiras-tambem-podem\/\",\"name\":\"Prosa do Campo: entenda por que \u201cos caipiras tamb\u00e9m podem\u201d - R\u00e1dio Life FM\",\"isPartOf\":{\"@id\":\"https:\/\/radiolifefm.com.br\/noticias\/#website\"},\"primaryImageOfPage\":{\"@id\":\"https:\/\/radiolifefm.com.br\/noticias\/prosa-do-campo-entenda-por-que-os-caipiras-tambem-podem\/#primaryimage\"},\"image\":{\"@id\":\"https:\/\/radiolifefm.com.br\/noticias\/prosa-do-campo-entenda-por-que-os-caipiras-tambem-podem\/#primaryimage\"},\"thumbnailUrl\":\"https:\/\/radiolifefm.com.br\/noticias\/wp-content\/uploads\/2025\/04\/WhatsApp-Image-2025-04-15-at-14.27.35-1-e1744916560690.jpeg\",\"datePublished\":\"2025-04-17T19:01:15+00:00\",\"dateModified\":\"2026-04-16T22:51:40+00:00\",\"breadcrumb\":{\"@id\":\"https:\/\/radiolifefm.com.br\/noticias\/prosa-do-campo-entenda-por-que-os-caipiras-tambem-podem\/#breadcrumb\"},\"inLanguage\":\"pt-BR\",\"potentialAction\":[{\"@type\":\"ReadAction\",\"target\":[\"https:\/\/radiolifefm.com.br\/noticias\/prosa-do-campo-entenda-por-que-os-caipiras-tambem-podem\/\"]}]},{\"@type\":\"ImageObject\",\"inLanguage\":\"pt-BR\",\"@id\":\"https:\/\/radiolifefm.com.br\/noticias\/prosa-do-campo-entenda-por-que-os-caipiras-tambem-podem\/#primaryimage\",\"url\":\"https:\/\/radiolifefm.com.br\/noticias\/wp-content\/uploads\/2025\/04\/WhatsApp-Image-2025-04-15-at-14.27.35-1-e1744916560690.jpeg\",\"contentUrl\":\"https:\/\/radiolifefm.com.br\/noticias\/wp-content\/uploads\/2025\/04\/WhatsApp-Image-2025-04-15-at-14.27.35-1-e1744916560690.jpeg\",\"width\":1600,\"height\":940},{\"@type\":\"BreadcrumbList\",\"@id\":\"https:\/\/radiolifefm.com.br\/noticias\/prosa-do-campo-entenda-por-que-os-caipiras-tambem-podem\/#breadcrumb\",\"itemListElement\":[{\"@type\":\"ListItem\",\"position\":1,\"name\":\"In\u00edcio\",\"item\":\"https:\/\/radiolifefm.com.br\/noticias\/\"},{\"@type\":\"ListItem\",\"position\":2,\"name\":\"Prosa do Campo: entenda por que \u201cos caipiras tamb\u00e9m podem\u201d\"}]},{\"@type\":\"WebSite\",\"@id\":\"https:\/\/radiolifefm.com.br\/noticias\/#website\",\"url\":\"https:\/\/radiolifefm.com.br\/noticias\/\",\"name\":\"R\u00e1dio Life FM\",\"description\":\"O Portal de Not\u00edcias de Adamantina\",\"publisher\":{\"@id\":\"https:\/\/radiolifefm.com.br\/noticias\/#organization\"},\"alternateName\":\"Life FM\",\"potentialAction\":[{\"@type\":\"SearchAction\",\"target\":{\"@type\":\"EntryPoint\",\"urlTemplate\":\"https:\/\/radiolifefm.com.br\/noticias\/?s={search_term_string}\"},\"query-input\":{\"@type\":\"PropertyValueSpecification\",\"valueRequired\":true,\"valueName\":\"search_term_string\"}}],\"inLanguage\":\"pt-BR\"},{\"@type\":\"Organization\",\"@id\":\"https:\/\/radiolifefm.com.br\/noticias\/#organization\",\"name\":\"R\u00e1dio Life FM\",\"alternateName\":\"Life FM\",\"url\":\"https:\/\/radiolifefm.com.br\/noticias\/\",\"logo\":{\"@type\":\"ImageObject\",\"inLanguage\":\"pt-BR\",\"@id\":\"https:\/\/radiolifefm.com.br\/noticias\/#\/schema\/logo\/image\/\",\"url\":\"https:\/\/static.radiolifefm.com.br\/noticias\/wp-content\/uploads\/2019\/10\/logo-lifefm.png\",\"contentUrl\":\"https:\/\/static.radiolifefm.com.br\/noticias\/wp-content\/uploads\/2019\/10\/logo-lifefm.png\",\"width\":196,\"height\":47,\"caption\":\"R\u00e1dio Life FM\"},\"image\":{\"@id\":\"https:\/\/radiolifefm.com.br\/noticias\/#\/schema\/logo\/image\/\"},\"sameAs\":[\"https:\/\/www.facebook.com\/radiolifefm\/\",\"https:\/\/www.instagram.com\/life1079fm\/\"]},{\"@type\":\"Person\",\"@id\":\"https:\/\/radiolifefm.com.br\/noticias\/#\/schema\/person\/6876e1240feffe6e1b63fd5cb85abf28\",\"name\":\"joaograndao\",\"image\":{\"@type\":\"ImageObject\",\"inLanguage\":\"pt-BR\",\"@id\":\"https:\/\/secure.gravatar.com\/avatar\/d5b1a3cf357ed9c50404e256a1294083aa8ab5d2a994001567302786016cb32c?s=96&d=mm&r=g\",\"url\":\"https:\/\/secure.gravatar.com\/avatar\/d5b1a3cf357ed9c50404e256a1294083aa8ab5d2a994001567302786016cb32c?s=96&d=mm&r=g\",\"contentUrl\":\"https:\/\/secure.gravatar.com\/avatar\/d5b1a3cf357ed9c50404e256a1294083aa8ab5d2a994001567302786016cb32c?s=96&d=mm&r=g\",\"caption\":\"joaograndao\"}}]}<\/script>\n<!-- \/ Yoast SEO plugin. -->","yoast_head_json":{"title":"Prosa do Campo: entenda por que \u201cos caipiras tamb\u00e9m podem\u201d - R\u00e1dio Life FM","robots":{"index":"index","follow":"follow","max-snippet":"max-snippet:-1","max-image-preview":"max-image-preview:large","max-video-preview":"max-video-preview:-1"},"canonical":"https:\/\/radiolifefm.com.br\/noticias\/prosa-do-campo-entenda-por-que-os-caipiras-tambem-podem\/","og_locale":"pt_BR","og_type":"article","og_title":"Prosa do Campo: entenda por que \u201cos caipiras tamb\u00e9m podem\u201d - R\u00e1dio Life FM","og_description":"Na noite da \u00faltima segunda-feira, 14 de abril, foi ao ar, nas plataformas digitais da Life FM, mais uma edi\u00e7\u00e3o do podcast Prosa do Campo. Apresentado pelo pecuarista e investidor Cristiano do Mour\u00e3o, o programa contou com a participa\u00e7\u00e3o de Jean Prestes, conhecido como Jean Pedrinha. Jean \u00e9 comerciante na cidade de Adamantina e, durante [&hellip;]","og_url":"https:\/\/radiolifefm.com.br\/noticias\/prosa-do-campo-entenda-por-que-os-caipiras-tambem-podem\/","og_site_name":"R\u00e1dio Life FM","article_publisher":"https:\/\/www.facebook.com\/radiolifefm\/","article_published_time":"2025-04-17T19:01:15+00:00","article_modified_time":"2026-04-16T22:51:40+00:00","og_image":[{"width":1600,"height":940,"url":"https:\/\/radiolifefm.com.br\/noticias\/wp-content\/uploads\/2025\/04\/WhatsApp-Image-2025-04-15-at-14.27.35-1-e1744916560690.jpeg","type":"image\/jpeg"}],"author":"joaograndao","twitter_card":"summary_large_image","twitter_misc":{"Escrito por":"joaograndao","Est. tempo de leitura":"2 minutos"},"schema":{"@context":"https:\/\/schema.org","@graph":[{"@type":"Article","@id":"https:\/\/radiolifefm.com.br\/noticias\/prosa-do-campo-entenda-por-que-os-caipiras-tambem-podem\/#article","isPartOf":{"@id":"https:\/\/radiolifefm.com.br\/noticias\/prosa-do-campo-entenda-por-que-os-caipiras-tambem-podem\/"},"author":{"name":"joaograndao","@id":"https:\/\/radiolifefm.com.br\/noticias\/#\/schema\/person\/6876e1240feffe6e1b63fd5cb85abf28"},"headline":"Prosa do Campo: entenda por que \u201cos caipiras tamb\u00e9m podem\u201d","datePublished":"2025-04-17T19:01:15+00:00","dateModified":"2026-04-16T22:51:40+00:00","mainEntityOfPage":{"@id":"https:\/\/radiolifefm.com.br\/noticias\/prosa-do-campo-entenda-por-que-os-caipiras-tambem-podem\/"},"wordCount":130,"publisher":{"@id":"https:\/\/radiolifefm.com.br\/noticias\/#organization"},"image":{"@id":"https:\/\/radiolifefm.com.br\/noticias\/prosa-do-campo-entenda-por-que-os-caipiras-tambem-podem\/#primaryimage"},"thumbnailUrl":"https:\/\/radiolifefm.com.br\/noticias\/wp-content\/uploads\/2025\/04\/WhatsApp-Image-2025-04-15-at-14.27.35-1-e1744916560690.jpeg","articleSection":["Prosa do Campo"],"inLanguage":"pt-BR"},{"@type":"WebPage","@id":"https:\/\/radiolifefm.com.br\/noticias\/prosa-do-campo-entenda-por-que-os-caipiras-tambem-podem\/","url":"https:\/\/radiolifefm.com.br\/noticias\/prosa-do-campo-entenda-por-que-os-caipiras-tambem-podem\/","name":"Prosa do Campo: entenda por que \u201cos caipiras tamb\u00e9m podem\u201d - R\u00e1dio Life FM","isPartOf":{"@id":"https:\/\/radiolifefm.com.br\/noticias\/#website"},"primaryImageOfPage":{"@id":"https:\/\/radiolifefm.com.br\/noticias\/prosa-do-campo-entenda-por-que-os-caipiras-tambem-podem\/#primaryimage"},"image":{"@id":"https:\/\/radiolifefm.com.br\/noticias\/prosa-do-campo-entenda-por-que-os-caipiras-tambem-podem\/#primaryimage"},"thumbnailUrl":"https:\/\/radiolifefm.com.br\/noticias\/wp-content\/uploads\/2025\/04\/WhatsApp-Image-2025-04-15-at-14.27.35-1-e1744916560690.jpeg","datePublished":"2025-04-17T19:01:15+00:00","dateModified":"2026-04-16T22:51:40+00:00","breadcrumb":{"@id":"https:\/\/radiolifefm.com.br\/noticias\/prosa-do-campo-entenda-por-que-os-caipiras-tambem-podem\/#breadcrumb"},"inLanguage":"pt-BR","potentialAction":[{"@type":"ReadAction","target":["https:\/\/radiolifefm.com.br\/noticias\/prosa-do-campo-entenda-por-que-os-caipiras-tambem-podem\/"]}]},{"@type":"ImageObject","inLanguage":"pt-BR","@id":"https:\/\/radiolifefm.com.br\/noticias\/prosa-do-campo-entenda-por-que-os-caipiras-tambem-podem\/#primaryimage","url":"https:\/\/radiolifefm.com.br\/noticias\/wp-content\/uploads\/2025\/04\/WhatsApp-Image-2025-04-15-at-14.27.35-1-e1744916560690.jpeg","contentUrl":"https:\/\/radiolifefm.com.br\/noticias\/wp-content\/uploads\/2025\/04\/WhatsApp-Image-2025-04-15-at-14.27.35-1-e1744916560690.jpeg","width":1600,"height":940},{"@type":"BreadcrumbList","@id":"https:\/\/radiolifefm.com.br\/noticias\/prosa-do-campo-entenda-por-que-os-caipiras-tambem-podem\/#breadcrumb","itemListElement":[{"@type":"ListItem","position":1,"name":"In\u00edcio","item":"https:\/\/radiolifefm.com.br\/noticias\/"},{"@type":"ListItem","position":2,"name":"Prosa do Campo: entenda por que \u201cos caipiras tamb\u00e9m podem\u201d"}]},{"@type":"WebSite","@id":"https:\/\/radiolifefm.com.br\/noticias\/#website","url":"https:\/\/radiolifefm.com.br\/noticias\/","name":"R\u00e1dio Life FM","description":"O Portal de Not\u00edcias de Adamantina","publisher":{"@id":"https:\/\/radiolifefm.com.br\/noticias\/#organization"},"alternateName":"Life FM","potentialAction":[{"@type":"SearchAction","target":{"@type":"EntryPoint","urlTemplate":"https:\/\/radiolifefm.com.br\/noticias\/?s={search_term_string}"},"query-input":{"@type":"PropertyValueSpecification","valueRequired":true,"valueName":"search_term_string"}}],"inLanguage":"pt-BR"},{"@type":"Organization","@id":"https:\/\/radiolifefm.com.br\/noticias\/#organization","name":"R\u00e1dio Life FM","alternateName":"Life FM","url":"https:\/\/radiolifefm.com.br\/noticias\/","logo":{"@type":"ImageObject","inLanguage":"pt-BR","@id":"https:\/\/radiolifefm.com.br\/noticias\/#\/schema\/logo\/image\/","url":"https:\/\/static.radiolifefm.com.br\/noticias\/wp-content\/uploads\/2019\/10\/logo-lifefm.png","contentUrl":"https:\/\/static.radiolifefm.com.br\/noticias\/wp-content\/uploads\/2019\/10\/logo-lifefm.png","width":196,"height":47,"caption":"R\u00e1dio Life FM"},"image":{"@id":"https:\/\/radiolifefm.com.br\/noticias\/#\/schema\/logo\/image\/"},"sameAs":["https:\/\/www.facebook.com\/radiolifefm\/","https:\/\/www.instagram.com\/life1079fm\/"]},{"@type":"Person","@id":"https:\/\/radiolifefm.com.br\/noticias\/#\/schema\/person\/6876e1240feffe6e1b63fd5cb85abf28","name":"joaograndao","image":{"@type":"ImageObject","inLanguage":"pt-BR","@id":"https:\/\/secure.gravatar.com\/avatar\/d5b1a3cf357ed9c50404e256a1294083aa8ab5d2a994001567302786016cb32c?s=96&d=mm&r=g","url":"https:\/\/secure.gravatar.com\/avatar\/d5b1a3cf357ed9c50404e256a1294083aa8ab5d2a994001567302786016cb32c?s=96&d=mm&r=g","contentUrl":"https:\/\/secure.gravatar.com\/avatar\/d5b1a3cf357ed9c50404e256a1294083aa8ab5d2a994001567302786016cb32c?s=96&d=mm&r=g","caption":"joaograndao"}}]}},"amp_enabled":true,"_links":{"self":[{"href":"https:\/\/radiolifefm.com.br\/noticias\/wp-json\/wp\/v2\/posts\/99993","targetHints":{"allow":["GET"]}}],"collection":[{"href":"https:\/\/radiolifefm.com.br\/noticias\/wp-json\/wp\/v2\/posts"}],"about":[{"href":"https:\/\/radiolifefm.com.br\/noticias\/wp-json\/wp\/v2\/types\/post"}],"author":[{"embeddable":true,"href":"https:\/\/radiolifefm.com.br\/noticias\/wp-json\/wp\/v2\/users\/8"}],"replies":[{"embeddable":true,"href":"https:\/\/radiolifefm.com.br\/noticias\/wp-json\/wp\/v2\/comments?post=99993"}],"version-history":[{"count":2,"href":"https:\/\/radiolifefm.com.br\/noticias\/wp-json\/wp\/v2\/posts\/99993\/revisions"}],"predecessor-version":[{"id":100000,"href":"https:\/\/radiolifefm.com.br\/noticias\/wp-json\/wp\/v2\/posts\/99993\/revisions\/100000"}],"wp:featuredmedia":[{"embeddable":true,"href":"https:\/\/radiolifefm.com.br\/noticias\/wp-json\/wp\/v2\/media\/99999"}],"wp:attachment":[{"href":"https:\/\/radiolifefm.com.br\/noticias\/wp-json\/wp\/v2\/media?parent=99993"}],"wp:term":[{"taxonomy":"category","embeddable":true,"href":"https:\/\/radiolifefm.com.br\/noticias\/wp-json\/wp\/v2\/categories?post=99993"},{"taxonomy":"post_tag","embeddable":true,"href":"https:\/\/radiolifefm.com.br\/noticias\/wp-json\/wp\/v2\/tags?post=99993"}],"curies":[{"name":"wp","href":"https:\/\/api.w.org\/{rel}","templated":true}]}}