{"id":99884,"date":"2025-04-16T16:19:06","date_gmt":"2025-04-16T19:19:06","guid":{"rendered":"https:\/\/radiolifefm.com.br\/noticias\/?p=99884"},"modified":"2026-04-19T21:38:11","modified_gmt":"2026-04-20T00:38:11","slug":"abrantes-storee-moda-plus-size-com-estilo-e-elegancia-em-adamantina","status":"publish","type":"post","link":"https:\/\/radiolifefm.com.br\/noticias\/abrantes-storee-moda-plus-size-com-estilo-e-elegancia-em-adamantina\/","title":{"rendered":"Abrantes Store: Moda Plus Size com Estilo e Eleg\u00e2ncia em Adamantina!"},"content":{"rendered":"<div id=\"fb-root\"><\/div>\n<p class=\"\" data-start=\"92\" data-end=\"165\"><img loading=\"lazy\" decoding=\"async\" class=\"aligncenter size-medium wp-image-99933\" src=\"https:\/\/static.radiolifefm.com.br\/noticias\/wp-content\/uploads\/2025\/04\/WhatsApp-Image-2025-04-16-at-15.57.26-4-300x200.jpeg\" alt=\"\" width=\"300\" height=\"200\" srcset=\"https:\/\/radiolifefm.com.br\/noticias\/wp-content\/uploads\/2025\/04\/WhatsApp-Image-2025-04-16-at-15.57.26-4-300x200.jpeg 300w, https:\/\/radiolifefm.com.br\/noticias\/wp-content\/uploads\/2025\/04\/WhatsApp-Image-2025-04-16-at-15.57.26-4-1024x682.jpeg 1024w, https:\/\/radiolifefm.com.br\/noticias\/wp-content\/uploads\/2025\/04\/WhatsApp-Image-2025-04-16-at-15.57.26-4-768x512.jpeg 768w, https:\/\/radiolifefm.com.br\/noticias\/wp-content\/uploads\/2025\/04\/WhatsApp-Image-2025-04-16-at-15.57.26-4-1536x1023.jpeg 1536w, https:\/\/radiolifefm.com.br\/noticias\/wp-content\/uploads\/2025\/04\/WhatsApp-Image-2025-04-16-at-15.57.26-4.jpeg 1600w\" sizes=\"auto, (max-width: 300px) 100vw, 300px\" \/><\/p>\n<p class=\"\" data-start=\"167\" data-end=\"479\">A Abrantes Storee chegou a Adamantina com uma proposta inovadora para mulheres que vestem Plus Size. Idealizada por Luana Abrantes \u2014 empres\u00e1ria que transformou sua pr\u00f3pria necessidade em uma miss\u00e3o de promover a moda inclusiva \u2014, a loja se destaca pelo bom gosto, modernidade e conforto em cada pe\u00e7a selecionada.<\/p>\n<div class='flex flex-wrap items-center -mx-1'>\r\n<a class='thumbnail gallery p-1 w-1\/2 md:w-1\/4' href='https:\/\/radiolifefm.com.br\/noticias\/wp-content\/uploads\/2025\/04\/WhatsApp-Image-2025-04-16-at-15.57.26-27.jpeg'><img class='border border-white' src='https:\/\/radiolifefm.com.br\/noticias\/wp-content\/uploads\/2025\/04\/WhatsApp-Image-2025-04-16-at-15.57.26-27-200x200.jpeg' alt='WhatsApp Image 2025 04 16 At 15.57.26 (27)' \/><\/a><a class='thumbnail gallery p-1 w-1\/2 md:w-1\/4' href='https:\/\/radiolifefm.com.br\/noticias\/wp-content\/uploads\/2025\/04\/WhatsApp-Image-2025-04-16-at-15.57.26-26.jpeg'><img class='border border-white' src='https:\/\/radiolifefm.com.br\/noticias\/wp-content\/uploads\/2025\/04\/WhatsApp-Image-2025-04-16-at-15.57.26-26-200x200.jpeg' alt='WhatsApp Image 2025 04 16 At 15.57.26 (26)' \/><\/a><a class='thumbnail gallery p-1 w-1\/2 md:w-1\/4' href='https:\/\/radiolifefm.com.br\/noticias\/wp-content\/uploads\/2025\/04\/WhatsApp-Image-2025-04-16-at-15.57.26-25.jpeg'><img class='border border-white' src='https:\/\/radiolifefm.com.br\/noticias\/wp-content\/uploads\/2025\/04\/WhatsApp-Image-2025-04-16-at-15.57.26-25-200x200.jpeg' alt='WhatsApp Image 2025 04 16 At 15.57.26 (25)' \/><\/a><a class='thumbnail gallery p-1 w-1\/2 md:w-1\/4' href='https:\/\/radiolifefm.com.br\/noticias\/wp-content\/uploads\/2025\/04\/WhatsApp-Image-2025-04-16-at-15.57.26-24.jpeg'><img class='border border-white' src='https:\/\/radiolifefm.com.br\/noticias\/wp-content\/uploads\/2025\/04\/WhatsApp-Image-2025-04-16-at-15.57.26-24-200x200.jpeg' alt='WhatsApp Image 2025 04 16 At 15.57.26 (24)' \/><\/a><a class='thumbnail gallery p-1 w-1\/2 md:w-1\/4' href='https:\/\/radiolifefm.com.br\/noticias\/wp-content\/uploads\/2025\/04\/WhatsApp-Image-2025-04-16-at-15.57.26-15.jpeg'><img class='border border-white' src='https:\/\/radiolifefm.com.br\/noticias\/wp-content\/uploads\/2025\/04\/WhatsApp-Image-2025-04-16-at-15.57.26-15-200x200.jpeg' alt='WhatsApp Image 2025 04 16 At 15.57.26 (15)' \/><\/a><a class='thumbnail gallery p-1 w-1\/2 md:w-1\/4' href='https:\/\/radiolifefm.com.br\/noticias\/wp-content\/uploads\/2025\/04\/WhatsApp-Image-2025-04-16-at-15.57.26-20.jpeg'><img class='border border-white' src='https:\/\/radiolifefm.com.br\/noticias\/wp-content\/uploads\/2025\/04\/WhatsApp-Image-2025-04-16-at-15.57.26-20-200x200.jpeg' alt='WhatsApp Image 2025 04 16 At 15.57.26 (20)' \/><\/a><a class='thumbnail gallery p-1 w-1\/2 md:w-1\/4' href='https:\/\/radiolifefm.com.br\/noticias\/wp-content\/uploads\/2025\/04\/WhatsApp-Image-2025-04-16-at-15.57.26-19.jpeg'><img class='border border-white' src='https:\/\/radiolifefm.com.br\/noticias\/wp-content\/uploads\/2025\/04\/WhatsApp-Image-2025-04-16-at-15.57.26-19-200x200.jpeg' alt='WhatsApp Image 2025 04 16 At 15.57.26 (19)' \/><\/a><a class='thumbnail gallery p-1 w-1\/2 md:w-1\/4' href='https:\/\/radiolifefm.com.br\/noticias\/wp-content\/uploads\/2025\/04\/WhatsApp-Image-2025-04-16-at-15.57.26-13-e1744831099246.jpeg'><img class='border border-white' src='https:\/\/radiolifefm.com.br\/noticias\/wp-content\/uploads\/2025\/04\/WhatsApp-Image-2025-04-16-at-15.57.26-13-e1744831099246-200x200.jpeg' alt='WhatsApp Image 2025 04 16 At 15.57.26 (13)' \/><\/a><a class='thumbnail gallery p-1 w-1\/2 md:w-1\/4' href='https:\/\/radiolifefm.com.br\/noticias\/wp-content\/uploads\/2025\/04\/WhatsApp-Image-2025-04-16-at-16.01.23-2.jpeg'><img class='border border-white' src='https:\/\/radiolifefm.com.br\/noticias\/wp-content\/uploads\/2025\/04\/WhatsApp-Image-2025-04-16-at-16.01.23-2-200x200.jpeg' alt='WhatsApp Image 2025 04 16 At 16.01.23 (2)' \/><\/a><a class='thumbnail gallery p-1 w-1\/2 md:w-1\/4' href='https:\/\/radiolifefm.com.br\/noticias\/wp-content\/uploads\/2025\/04\/WhatsApp-Image-2025-04-16-at-15.57.26-9-e1744831113738.jpeg'><img class='border border-white' src='https:\/\/radiolifefm.com.br\/noticias\/wp-content\/uploads\/2025\/04\/WhatsApp-Image-2025-04-16-at-15.57.26-9-e1744831113738-200x200.jpeg' alt='WhatsApp Image 2025 04 16 At 15.57.26 (9)' \/><\/a><\/div>\n<p class=\"\" data-start=\"481\" data-end=\"752\">O grande diferencial da Abrantes Storee n\u00e3o est\u00e1 apenas na variedade de looks, mas tamb\u00e9m no acolhimento, na simpatia e no amor pelo que faz. Esses valores, transmitidos por Luana em cada atendimento e estendidos \u00e0 sua equipe, garantem uma experi\u00eancia \u00fanica aos clientes.<\/p>\n<div class='flex flex-wrap items-center -mx-1'>\r\n<a class='thumbnail gallery p-1 w-1\/2 md:w-1\/4' href='https:\/\/radiolifefm.com.br\/noticias\/wp-content\/uploads\/2025\/04\/WhatsApp-Image-2025-04-16-at-15.57.26.jpeg'><img class='border border-white' src='https:\/\/radiolifefm.com.br\/noticias\/wp-content\/uploads\/2025\/04\/WhatsApp-Image-2025-04-16-at-15.57.26-200x200.jpeg' alt='WhatsApp Image 2025 04 16 At 15.57.26' \/><\/a><a class='thumbnail gallery p-1 w-1\/2 md:w-1\/4' href='https:\/\/radiolifefm.com.br\/noticias\/wp-content\/uploads\/2025\/04\/WhatsApp-Image-2025-04-16-at-15.57.26-1.jpeg'><img class='border border-white' src='https:\/\/radiolifefm.com.br\/noticias\/wp-content\/uploads\/2025\/04\/WhatsApp-Image-2025-04-16-at-15.57.26-1-200x200.jpeg' alt='WhatsApp Image 2025 04 16 At 15.57.26 (1)' \/><\/a><a class='thumbnail gallery p-1 w-1\/2 md:w-1\/4' href='https:\/\/radiolifefm.com.br\/noticias\/wp-content\/uploads\/2025\/04\/WhatsApp-Image-2025-04-16-at-15.57.26-2.jpeg'><img class='border border-white' src='https:\/\/radiolifefm.com.br\/noticias\/wp-content\/uploads\/2025\/04\/WhatsApp-Image-2025-04-16-at-15.57.26-2-200x200.jpeg' alt='WhatsApp Image 2025 04 16 At 15.57.26 (2)' \/><\/a><a class='thumbnail gallery p-1 w-1\/2 md:w-1\/4' href='https:\/\/radiolifefm.com.br\/noticias\/wp-content\/uploads\/2025\/04\/WhatsApp-Image-2025-04-16-at-15.57.26-3.jpeg'><img class='border border-white' src='https:\/\/radiolifefm.com.br\/noticias\/wp-content\/uploads\/2025\/04\/WhatsApp-Image-2025-04-16-at-15.57.26-3-200x200.jpeg' alt='WhatsApp Image 2025 04 16 At 15.57.26 (3)' \/><\/a><a class='thumbnail gallery p-1 w-1\/2 md:w-1\/4' href='https:\/\/radiolifefm.com.br\/noticias\/wp-content\/uploads\/2025\/04\/WhatsApp-Image-2025-04-16-at-15.57.26-12.jpeg'><img class='border border-white' src='https:\/\/radiolifefm.com.br\/noticias\/wp-content\/uploads\/2025\/04\/WhatsApp-Image-2025-04-16-at-15.57.26-12-200x200.jpeg' alt='WhatsApp Image 2025 04 16 At 15.57.26 (12)' \/><\/a><a class='thumbnail gallery p-1 w-1\/2 md:w-1\/4' href='https:\/\/radiolifefm.com.br\/noticias\/wp-content\/uploads\/2025\/04\/WhatsApp-Image-2025-04-16-at-15.57.26-10.jpeg'><img class='border border-white' src='https:\/\/radiolifefm.com.br\/noticias\/wp-content\/uploads\/2025\/04\/WhatsApp-Image-2025-04-16-at-15.57.26-10-200x200.jpeg' alt='WhatsApp Image 2025 04 16 At 15.57.26 (10)' \/><\/a><a class='thumbnail gallery p-1 w-1\/2 md:w-1\/4' href='https:\/\/radiolifefm.com.br\/noticias\/wp-content\/uploads\/2025\/04\/WhatsApp-Image-2025-04-16-at-15.57.26-11.jpeg'><img class='border border-white' src='https:\/\/radiolifefm.com.br\/noticias\/wp-content\/uploads\/2025\/04\/WhatsApp-Image-2025-04-16-at-15.57.26-11-200x200.jpeg' alt='WhatsApp Image 2025 04 16 At 15.57.26 (11)' \/><\/a><a class='thumbnail gallery p-1 w-1\/2 md:w-1\/4' href='https:\/\/radiolifefm.com.br\/noticias\/wp-content\/uploads\/2025\/04\/WhatsApp-Image-2025-04-16-at-15.57.26-8.jpeg'><img class='border border-white' src='https:\/\/radiolifefm.com.br\/noticias\/wp-content\/uploads\/2025\/04\/WhatsApp-Image-2025-04-16-at-15.57.26-8-200x200.jpeg' alt='WhatsApp Image 2025 04 16 At 15.57.26 (8)' \/><\/a><a class='thumbnail gallery p-1 w-1\/2 md:w-1\/4' href='https:\/\/radiolifefm.com.br\/noticias\/wp-content\/uploads\/2025\/04\/WhatsApp-Image-2025-04-16-at-15.57.26-15.jpeg'><img class='border border-white' src='https:\/\/radiolifefm.com.br\/noticias\/wp-content\/uploads\/2025\/04\/WhatsApp-Image-2025-04-16-at-15.57.26-15-200x200.jpeg' alt='WhatsApp Image 2025 04 16 At 15.57.26 (15)' \/><\/a><a class='thumbnail gallery p-1 w-1\/2 md:w-1\/4' href='https:\/\/radiolifefm.com.br\/noticias\/wp-content\/uploads\/2025\/04\/WhatsApp-Image-2025-04-16-at-15.57.26-16.jpeg'><img class='border border-white' src='https:\/\/radiolifefm.com.br\/noticias\/wp-content\/uploads\/2025\/04\/WhatsApp-Image-2025-04-16-at-15.57.26-16-200x200.jpeg' alt='WhatsApp Image 2025 04 16 At 15.57.26 (16)' \/><\/a><a class='thumbnail gallery p-1 w-1\/2 md:w-1\/4' href='https:\/\/radiolifefm.com.br\/noticias\/wp-content\/uploads\/2025\/04\/WhatsApp-Image-2025-04-16-at-15.57.26-17.jpeg'><img class='border border-white' src='https:\/\/radiolifefm.com.br\/noticias\/wp-content\/uploads\/2025\/04\/WhatsApp-Image-2025-04-16-at-15.57.26-17-200x200.jpeg' alt='WhatsApp Image 2025 04 16 At 15.57.26 (17)' \/><\/a><a class='thumbnail gallery p-1 w-1\/2 md:w-1\/4' href='https:\/\/radiolifefm.com.br\/noticias\/wp-content\/uploads\/2025\/04\/WhatsApp-Image-2025-04-16-at-15.57.26-21.jpeg'><img class='border border-white' src='https:\/\/radiolifefm.com.br\/noticias\/wp-content\/uploads\/2025\/04\/WhatsApp-Image-2025-04-16-at-15.57.26-21-200x200.jpeg' alt='WhatsApp Image 2025 04 16 At 15.57.26 (21)' \/><\/a><a class='thumbnail gallery p-1 w-1\/2 md:w-1\/4' href='https:\/\/radiolifefm.com.br\/noticias\/wp-content\/uploads\/2025\/04\/WhatsApp-Image-2025-04-16-at-15.57.26-22.jpeg'><img class='border border-white' src='https:\/\/radiolifefm.com.br\/noticias\/wp-content\/uploads\/2025\/04\/WhatsApp-Image-2025-04-16-at-15.57.26-22-200x200.jpeg' alt='WhatsApp Image 2025 04 16 At 15.57.26 (22)' \/><\/a><a class='thumbnail gallery p-1 w-1\/2 md:w-1\/4' href='https:\/\/radiolifefm.com.br\/noticias\/wp-content\/uploads\/2025\/04\/WhatsApp-Image-2025-04-16-at-15.57.26-41.jpeg'><img class='border border-white' src='https:\/\/radiolifefm.com.br\/noticias\/wp-content\/uploads\/2025\/04\/WhatsApp-Image-2025-04-16-at-15.57.26-41-200x200.jpeg' alt='WhatsApp Image 2025 04 16 At 15.57.26 (41)' \/><\/a><a class='thumbnail gallery p-1 w-1\/2 md:w-1\/4' href='https:\/\/radiolifefm.com.br\/noticias\/wp-content\/uploads\/2025\/04\/WhatsApp-Image-2025-04-16-at-15.57.26-42.jpeg'><img class='border border-white' src='https:\/\/radiolifefm.com.br\/noticias\/wp-content\/uploads\/2025\/04\/WhatsApp-Image-2025-04-16-at-15.57.26-42-200x200.jpeg' alt='WhatsApp Image 2025 04 16 At 15.57.26 (42)' \/><\/a><a class='thumbnail gallery p-1 w-1\/2 md:w-1\/4' href='https:\/\/radiolifefm.com.br\/noticias\/wp-content\/uploads\/2025\/04\/WhatsApp-Image-2025-04-16-at-15.57.26-43.jpeg'><img class='border border-white' src='https:\/\/radiolifefm.com.br\/noticias\/wp-content\/uploads\/2025\/04\/WhatsApp-Image-2025-04-16-at-15.57.26-43-200x200.jpeg' alt='WhatsApp Image 2025 04 16 At 15.57.26 (43)' \/><\/a><\/div>\n<p class=\"\" data-start=\"754\" data-end=\"1048\">A inaugura\u00e7\u00e3o, realizada no \u00faltimo s\u00e1bado (12 de abril), foi um sucesso absoluto! A loja foi recebida com entusiasmo por amigos, clientes e admiradores da moda Plus Size. O evento contou com um delicioso coquetel, cobertura especial da Life FM e registros incr\u00edveis da fot\u00f3grafa Daiane Peixoto.<\/p>\n<div class='flex flex-wrap items-center -mx-1'>\r\n<a class='thumbnail gallery p-1 w-1\/2 md:w-1\/4' href='https:\/\/radiolifefm.com.br\/noticias\/wp-content\/uploads\/2025\/04\/WhatsApp-Image-2025-04-16-at-15.57.26-30-e1744830979126.jpeg'><img class='border border-white' src='https:\/\/radiolifefm.com.br\/noticias\/wp-content\/uploads\/2025\/04\/WhatsApp-Image-2025-04-16-at-15.57.26-30-e1744830979126-200x200.jpeg' alt='WhatsApp Image 2025 04 16 At 15.57.26 (30)' \/><\/a><a class='thumbnail gallery p-1 w-1\/2 md:w-1\/4' href='https:\/\/radiolifefm.com.br\/noticias\/wp-content\/uploads\/2025\/04\/WhatsApp-Image-2025-04-16-at-15.57.26-31.jpeg'><img class='border border-white' src='https:\/\/radiolifefm.com.br\/noticias\/wp-content\/uploads\/2025\/04\/WhatsApp-Image-2025-04-16-at-15.57.26-31-200x200.jpeg' alt='WhatsApp Image 2025 04 16 At 15.57.26 (31)' \/><\/a><a class='thumbnail gallery p-1 w-1\/2 md:w-1\/4' href='https:\/\/radiolifefm.com.br\/noticias\/wp-content\/uploads\/2025\/04\/WhatsApp-Image-2025-04-16-at-15.57.26-32.jpeg'><img class='border border-white' src='https:\/\/radiolifefm.com.br\/noticias\/wp-content\/uploads\/2025\/04\/WhatsApp-Image-2025-04-16-at-15.57.26-32-200x200.jpeg' alt='WhatsApp Image 2025 04 16 At 15.57.26 (32)' \/><\/a><a class='thumbnail gallery p-1 w-1\/2 md:w-1\/4' href='https:\/\/radiolifefm.com.br\/noticias\/wp-content\/uploads\/2025\/04\/WhatsApp-Image-2025-04-16-at-15.57.26-33-e1744831023817.jpeg'><img class='border border-white' src='https:\/\/radiolifefm.com.br\/noticias\/wp-content\/uploads\/2025\/04\/WhatsApp-Image-2025-04-16-at-15.57.26-33-e1744831023817-200x200.jpeg' alt='WhatsApp Image 2025 04 16 At 15.57.26 (33)' \/><\/a><a class='thumbnail gallery p-1 w-1\/2 md:w-1\/4' href='https:\/\/radiolifefm.com.br\/noticias\/wp-content\/uploads\/2025\/04\/WhatsApp-Image-2025-04-16-at-15.57.26-36-e1744831053464.jpeg'><img class='border border-white' src='https:\/\/radiolifefm.com.br\/noticias\/wp-content\/uploads\/2025\/04\/WhatsApp-Image-2025-04-16-at-15.57.26-36-e1744831053464-200x200.jpeg' alt='WhatsApp Image 2025 04 16 At 15.57.26 (36)' \/><\/a><a class='thumbnail gallery p-1 w-1\/2 md:w-1\/4' href='https:\/\/radiolifefm.com.br\/noticias\/wp-content\/uploads\/2025\/04\/WhatsApp-Image-2025-04-16-at-15.57.26-39.jpeg'><img class='border border-white' src='https:\/\/radiolifefm.com.br\/noticias\/wp-content\/uploads\/2025\/04\/WhatsApp-Image-2025-04-16-at-15.57.26-39-200x200.jpeg' alt='WhatsApp Image 2025 04 16 At 15.57.26 (39)' \/><\/a><\/div>\n<p class=\"\" data-start=\"1050\" data-end=\"1256\">A nova unidade de Adamantina, localizada na Av. Rio Branco, 742 \u2013 sala 2, soma-se \u00e0 loja de Luc\u00e9lia, consolidando a marca como refer\u00eancia em moda para mulheres que buscam autenticidade, beleza e autoestima.<\/p>\n<p data-start=\"1050\" data-end=\"1256\">cr\u00e9ditos das fotos: Daiane Peixoto<\/p>\n<p class=\"\" data-start=\"1258\" data-end=\"1430\"><strong data-start=\"1258\" data-end=\"1341\">Venha conhecer a Abrantes Store e descubra um novo conceito de moda Plus Size!<\/strong><\/p>\n<div class='flex flex-wrap items-center -mx-1'>\r\n<a class='thumbnail gallery p-1 w-1\/2 md:w-1\/4' href='https:\/\/radiolifefm.com.br\/noticias\/wp-content\/uploads\/2025\/04\/WhatsApp-Image-2025-04-16-at-16.01.23-1.jpeg'><img class='border border-white' src='https:\/\/radiolifefm.com.br\/noticias\/wp-content\/uploads\/2025\/04\/WhatsApp-Image-2025-04-16-at-16.01.23-1-200x200.jpeg' alt='WhatsApp Image 2025 04 16 At 16.01.23 (1)' \/><\/a><a class='thumbnail gallery p-1 w-1\/2 md:w-1\/4' href='https:\/\/radiolifefm.com.br\/noticias\/wp-content\/uploads\/2025\/04\/WhatsApp-Image-2025-04-16-at-15.57.26-45.jpeg'><img class='border border-white' src='https:\/\/radiolifefm.com.br\/noticias\/wp-content\/uploads\/2025\/04\/WhatsApp-Image-2025-04-16-at-15.57.26-45-200x200.jpeg' alt='WhatsApp Image 2025 04 16 At 15.57.26 (45)' \/><\/a><\/div>\n","protected":false},"excerpt":{"rendered":"<p>A Abrantes Storee chegou a Adamantina com uma proposta inovadora para mulheres que vestem Plus Size. Idealizada por Luana Abrantes \u2014 empres\u00e1ria que transformou sua pr\u00f3pria necessidade em uma miss\u00e3o de promover a moda inclusiva \u2014, a loja se destaca pelo bom gosto, modernidade e conforto em cada pe\u00e7a selecionada. O grande diferencial da Abrantes [&hellip;]<\/p>\n","protected":false},"author":8,"featured_media":99897,"comment_status":"closed","ping_status":"open","sticky":false,"template":"","format":"standard","meta":{"_acf_changed":false,"_exactmetrics_skip_tracking":false,"_exactmetrics_sitenote_active":false,"_exactmetrics_sitenote_note":"","_exactmetrics_sitenote_category":0,"footnotes":""},"categories":[21],"tags":[],"class_list":["post-99884","post","type-post","status-publish","format-standard","has-post-thumbnail","hentry","category-adamantina"],"acf":[],"yoast_head":"<!-- This site is optimized with the Yoast SEO plugin v27.2 - https:\/\/yoast.com\/product\/yoast-seo-wordpress\/ -->\n<title>Abrantes Store: Moda Plus Size com Estilo e Eleg\u00e2ncia em Adamantina! - R\u00e1dio Life FM<\/title>\n<meta name=\"robots\" content=\"index, follow, max-snippet:-1, max-image-preview:large, max-video-preview:-1\" \/>\n<link rel=\"canonical\" href=\"https:\/\/radiolifefm.com.br\/noticias\/abrantes-storee-moda-plus-size-com-estilo-e-elegancia-em-adamantina\/\" \/>\n<meta property=\"og:locale\" content=\"pt_BR\" \/>\n<meta property=\"og:type\" content=\"article\" \/>\n<meta property=\"og:title\" content=\"Abrantes Store: Moda Plus Size com Estilo e Eleg\u00e2ncia em Adamantina! - R\u00e1dio Life FM\" \/>\n<meta property=\"og:description\" content=\"A Abrantes Storee chegou a Adamantina com uma proposta inovadora para mulheres que vestem Plus Size. Idealizada por Luana Abrantes \u2014 empres\u00e1ria que transformou sua pr\u00f3pria necessidade em uma miss\u00e3o de promover a moda inclusiva \u2014, a loja se destaca pelo bom gosto, modernidade e conforto em cada pe\u00e7a selecionada. O grande diferencial da Abrantes [&hellip;]\" \/>\n<meta property=\"og:url\" content=\"https:\/\/radiolifefm.com.br\/noticias\/abrantes-storee-moda-plus-size-com-estilo-e-elegancia-em-adamantina\/\" \/>\n<meta property=\"og:site_name\" content=\"R\u00e1dio Life FM\" \/>\n<meta property=\"article:publisher\" content=\"https:\/\/www.facebook.com\/radiolifefm\/\" \/>\n<meta property=\"article:published_time\" content=\"2025-04-16T19:19:06+00:00\" \/>\n<meta property=\"article:modified_time\" content=\"2026-04-20T00:38:11+00:00\" \/>\n<meta property=\"og:image\" content=\"https:\/\/radiolifefm.com.br\/noticias\/wp-content\/uploads\/2025\/04\/WhatsApp-Image-2025-04-16-at-15.57.26-40.jpeg\" \/>\n\t<meta property=\"og:image:width\" content=\"1600\" \/>\n\t<meta property=\"og:image:height\" content=\"1066\" \/>\n\t<meta property=\"og:image:type\" content=\"image\/jpeg\" \/>\n<meta name=\"author\" content=\"joaograndao\" \/>\n<meta name=\"twitter:card\" content=\"summary_large_image\" \/>\n<meta name=\"twitter:label1\" content=\"Escrito por\" \/>\n\t<meta name=\"twitter:data1\" content=\"joaograndao\" \/>\n\t<meta name=\"twitter:label2\" content=\"Est. tempo de leitura\" \/>\n\t<meta name=\"twitter:data2\" content=\"2 minutos\" \/>\n<script type=\"application\/ld+json\" class=\"yoast-schema-graph\">{\"@context\":\"https:\/\/schema.org\",\"@graph\":[{\"@type\":\"Article\",\"@id\":\"https:\/\/radiolifefm.com.br\/noticias\/abrantes-storee-moda-plus-size-com-estilo-e-elegancia-em-adamantina\/#article\",\"isPartOf\":{\"@id\":\"https:\/\/radiolifefm.com.br\/noticias\/abrantes-storee-moda-plus-size-com-estilo-e-elegancia-em-adamantina\/\"},\"author\":{\"name\":\"joaograndao\",\"@id\":\"https:\/\/radiolifefm.com.br\/noticias\/#\/schema\/person\/6876e1240feffe6e1b63fd5cb85abf28\"},\"headline\":\"Abrantes Store: Moda Plus Size com Estilo e Eleg\u00e2ncia em Adamantina!\",\"datePublished\":\"2025-04-16T19:19:06+00:00\",\"dateModified\":\"2026-04-20T00:38:11+00:00\",\"mainEntityOfPage\":{\"@id\":\"https:\/\/radiolifefm.com.br\/noticias\/abrantes-storee-moda-plus-size-com-estilo-e-elegancia-em-adamantina\/\"},\"wordCount\":223,\"publisher\":{\"@id\":\"https:\/\/radiolifefm.com.br\/noticias\/#organization\"},\"image\":{\"@id\":\"https:\/\/radiolifefm.com.br\/noticias\/abrantes-storee-moda-plus-size-com-estilo-e-elegancia-em-adamantina\/#primaryimage\"},\"thumbnailUrl\":\"https:\/\/radiolifefm.com.br\/noticias\/wp-content\/uploads\/2025\/04\/WhatsApp-Image-2025-04-16-at-15.57.26-40.jpeg\",\"articleSection\":[\"Adamantina\"],\"inLanguage\":\"pt-BR\"},{\"@type\":\"WebPage\",\"@id\":\"https:\/\/radiolifefm.com.br\/noticias\/abrantes-storee-moda-plus-size-com-estilo-e-elegancia-em-adamantina\/\",\"url\":\"https:\/\/radiolifefm.com.br\/noticias\/abrantes-storee-moda-plus-size-com-estilo-e-elegancia-em-adamantina\/\",\"name\":\"Abrantes Store: Moda Plus Size com Estilo e Eleg\u00e2ncia em Adamantina! - R\u00e1dio Life FM\",\"isPartOf\":{\"@id\":\"https:\/\/radiolifefm.com.br\/noticias\/#website\"},\"primaryImageOfPage\":{\"@id\":\"https:\/\/radiolifefm.com.br\/noticias\/abrantes-storee-moda-plus-size-com-estilo-e-elegancia-em-adamantina\/#primaryimage\"},\"image\":{\"@id\":\"https:\/\/radiolifefm.com.br\/noticias\/abrantes-storee-moda-plus-size-com-estilo-e-elegancia-em-adamantina\/#primaryimage\"},\"thumbnailUrl\":\"https:\/\/radiolifefm.com.br\/noticias\/wp-content\/uploads\/2025\/04\/WhatsApp-Image-2025-04-16-at-15.57.26-40.jpeg\",\"datePublished\":\"2025-04-16T19:19:06+00:00\",\"dateModified\":\"2026-04-20T00:38:11+00:00\",\"breadcrumb\":{\"@id\":\"https:\/\/radiolifefm.com.br\/noticias\/abrantes-storee-moda-plus-size-com-estilo-e-elegancia-em-adamantina\/#breadcrumb\"},\"inLanguage\":\"pt-BR\",\"potentialAction\":[{\"@type\":\"ReadAction\",\"target\":[\"https:\/\/radiolifefm.com.br\/noticias\/abrantes-storee-moda-plus-size-com-estilo-e-elegancia-em-adamantina\/\"]}]},{\"@type\":\"ImageObject\",\"inLanguage\":\"pt-BR\",\"@id\":\"https:\/\/radiolifefm.com.br\/noticias\/abrantes-storee-moda-plus-size-com-estilo-e-elegancia-em-adamantina\/#primaryimage\",\"url\":\"https:\/\/radiolifefm.com.br\/noticias\/wp-content\/uploads\/2025\/04\/WhatsApp-Image-2025-04-16-at-15.57.26-40.jpeg\",\"contentUrl\":\"https:\/\/radiolifefm.com.br\/noticias\/wp-content\/uploads\/2025\/04\/WhatsApp-Image-2025-04-16-at-15.57.26-40.jpeg\",\"width\":1600,\"height\":1066},{\"@type\":\"BreadcrumbList\",\"@id\":\"https:\/\/radiolifefm.com.br\/noticias\/abrantes-storee-moda-plus-size-com-estilo-e-elegancia-em-adamantina\/#breadcrumb\",\"itemListElement\":[{\"@type\":\"ListItem\",\"position\":1,\"name\":\"In\u00edcio\",\"item\":\"https:\/\/radiolifefm.com.br\/noticias\/\"},{\"@type\":\"ListItem\",\"position\":2,\"name\":\"Abrantes Store: Moda Plus Size com Estilo e Eleg\u00e2ncia em Adamantina!\"}]},{\"@type\":\"WebSite\",\"@id\":\"https:\/\/radiolifefm.com.br\/noticias\/#website\",\"url\":\"https:\/\/radiolifefm.com.br\/noticias\/\",\"name\":\"R\u00e1dio Life FM\",\"description\":\"O Portal de Not\u00edcias de Adamantina\",\"publisher\":{\"@id\":\"https:\/\/radiolifefm.com.br\/noticias\/#organization\"},\"alternateName\":\"Life FM\",\"potentialAction\":[{\"@type\":\"SearchAction\",\"target\":{\"@type\":\"EntryPoint\",\"urlTemplate\":\"https:\/\/radiolifefm.com.br\/noticias\/?s={search_term_string}\"},\"query-input\":{\"@type\":\"PropertyValueSpecification\",\"valueRequired\":true,\"valueName\":\"search_term_string\"}}],\"inLanguage\":\"pt-BR\"},{\"@type\":\"Organization\",\"@id\":\"https:\/\/radiolifefm.com.br\/noticias\/#organization\",\"name\":\"R\u00e1dio Life FM\",\"alternateName\":\"Life FM\",\"url\":\"https:\/\/radiolifefm.com.br\/noticias\/\",\"logo\":{\"@type\":\"ImageObject\",\"inLanguage\":\"pt-BR\",\"@id\":\"https:\/\/radiolifefm.com.br\/noticias\/#\/schema\/logo\/image\/\",\"url\":\"https:\/\/static.radiolifefm.com.br\/noticias\/wp-content\/uploads\/2019\/10\/logo-lifefm.png\",\"contentUrl\":\"https:\/\/static.radiolifefm.com.br\/noticias\/wp-content\/uploads\/2019\/10\/logo-lifefm.png\",\"width\":196,\"height\":47,\"caption\":\"R\u00e1dio Life FM\"},\"image\":{\"@id\":\"https:\/\/radiolifefm.com.br\/noticias\/#\/schema\/logo\/image\/\"},\"sameAs\":[\"https:\/\/www.facebook.com\/radiolifefm\/\",\"https:\/\/www.instagram.com\/life1079fm\/\"]},{\"@type\":\"Person\",\"@id\":\"https:\/\/radiolifefm.com.br\/noticias\/#\/schema\/person\/6876e1240feffe6e1b63fd5cb85abf28\",\"name\":\"joaograndao\",\"image\":{\"@type\":\"ImageObject\",\"inLanguage\":\"pt-BR\",\"@id\":\"https:\/\/secure.gravatar.com\/avatar\/d5b1a3cf357ed9c50404e256a1294083aa8ab5d2a994001567302786016cb32c?s=96&d=mm&r=g\",\"url\":\"https:\/\/secure.gravatar.com\/avatar\/d5b1a3cf357ed9c50404e256a1294083aa8ab5d2a994001567302786016cb32c?s=96&d=mm&r=g\",\"contentUrl\":\"https:\/\/secure.gravatar.com\/avatar\/d5b1a3cf357ed9c50404e256a1294083aa8ab5d2a994001567302786016cb32c?s=96&d=mm&r=g\",\"caption\":\"joaograndao\"}}]}<\/script>\n<!-- \/ Yoast SEO plugin. -->","yoast_head_json":{"title":"Abrantes Store: Moda Plus Size com Estilo e Eleg\u00e2ncia em Adamantina! - R\u00e1dio Life FM","robots":{"index":"index","follow":"follow","max-snippet":"max-snippet:-1","max-image-preview":"max-image-preview:large","max-video-preview":"max-video-preview:-1"},"canonical":"https:\/\/radiolifefm.com.br\/noticias\/abrantes-storee-moda-plus-size-com-estilo-e-elegancia-em-adamantina\/","og_locale":"pt_BR","og_type":"article","og_title":"Abrantes Store: Moda Plus Size com Estilo e Eleg\u00e2ncia em Adamantina! - R\u00e1dio Life FM","og_description":"A Abrantes Storee chegou a Adamantina com uma proposta inovadora para mulheres que vestem Plus Size. Idealizada por Luana Abrantes \u2014 empres\u00e1ria que transformou sua pr\u00f3pria necessidade em uma miss\u00e3o de promover a moda inclusiva \u2014, a loja se destaca pelo bom gosto, modernidade e conforto em cada pe\u00e7a selecionada. O grande diferencial da Abrantes [&hellip;]","og_url":"https:\/\/radiolifefm.com.br\/noticias\/abrantes-storee-moda-plus-size-com-estilo-e-elegancia-em-adamantina\/","og_site_name":"R\u00e1dio Life FM","article_publisher":"https:\/\/www.facebook.com\/radiolifefm\/","article_published_time":"2025-04-16T19:19:06+00:00","article_modified_time":"2026-04-20T00:38:11+00:00","og_image":[{"width":1600,"height":1066,"url":"https:\/\/radiolifefm.com.br\/noticias\/wp-content\/uploads\/2025\/04\/WhatsApp-Image-2025-04-16-at-15.57.26-40.jpeg","type":"image\/jpeg"}],"author":"joaograndao","twitter_card":"summary_large_image","twitter_misc":{"Escrito por":"joaograndao","Est. tempo de leitura":"2 minutos"},"schema":{"@context":"https:\/\/schema.org","@graph":[{"@type":"Article","@id":"https:\/\/radiolifefm.com.br\/noticias\/abrantes-storee-moda-plus-size-com-estilo-e-elegancia-em-adamantina\/#article","isPartOf":{"@id":"https:\/\/radiolifefm.com.br\/noticias\/abrantes-storee-moda-plus-size-com-estilo-e-elegancia-em-adamantina\/"},"author":{"name":"joaograndao","@id":"https:\/\/radiolifefm.com.br\/noticias\/#\/schema\/person\/6876e1240feffe6e1b63fd5cb85abf28"},"headline":"Abrantes Store: Moda Plus Size com Estilo e Eleg\u00e2ncia em Adamantina!","datePublished":"2025-04-16T19:19:06+00:00","dateModified":"2026-04-20T00:38:11+00:00","mainEntityOfPage":{"@id":"https:\/\/radiolifefm.com.br\/noticias\/abrantes-storee-moda-plus-size-com-estilo-e-elegancia-em-adamantina\/"},"wordCount":223,"publisher":{"@id":"https:\/\/radiolifefm.com.br\/noticias\/#organization"},"image":{"@id":"https:\/\/radiolifefm.com.br\/noticias\/abrantes-storee-moda-plus-size-com-estilo-e-elegancia-em-adamantina\/#primaryimage"},"thumbnailUrl":"https:\/\/radiolifefm.com.br\/noticias\/wp-content\/uploads\/2025\/04\/WhatsApp-Image-2025-04-16-at-15.57.26-40.jpeg","articleSection":["Adamantina"],"inLanguage":"pt-BR"},{"@type":"WebPage","@id":"https:\/\/radiolifefm.com.br\/noticias\/abrantes-storee-moda-plus-size-com-estilo-e-elegancia-em-adamantina\/","url":"https:\/\/radiolifefm.com.br\/noticias\/abrantes-storee-moda-plus-size-com-estilo-e-elegancia-em-adamantina\/","name":"Abrantes Store: Moda Plus Size com Estilo e Eleg\u00e2ncia em Adamantina! - R\u00e1dio Life FM","isPartOf":{"@id":"https:\/\/radiolifefm.com.br\/noticias\/#website"},"primaryImageOfPage":{"@id":"https:\/\/radiolifefm.com.br\/noticias\/abrantes-storee-moda-plus-size-com-estilo-e-elegancia-em-adamantina\/#primaryimage"},"image":{"@id":"https:\/\/radiolifefm.com.br\/noticias\/abrantes-storee-moda-plus-size-com-estilo-e-elegancia-em-adamantina\/#primaryimage"},"thumbnailUrl":"https:\/\/radiolifefm.com.br\/noticias\/wp-content\/uploads\/2025\/04\/WhatsApp-Image-2025-04-16-at-15.57.26-40.jpeg","datePublished":"2025-04-16T19:19:06+00:00","dateModified":"2026-04-20T00:38:11+00:00","breadcrumb":{"@id":"https:\/\/radiolifefm.com.br\/noticias\/abrantes-storee-moda-plus-size-com-estilo-e-elegancia-em-adamantina\/#breadcrumb"},"inLanguage":"pt-BR","potentialAction":[{"@type":"ReadAction","target":["https:\/\/radiolifefm.com.br\/noticias\/abrantes-storee-moda-plus-size-com-estilo-e-elegancia-em-adamantina\/"]}]},{"@type":"ImageObject","inLanguage":"pt-BR","@id":"https:\/\/radiolifefm.com.br\/noticias\/abrantes-storee-moda-plus-size-com-estilo-e-elegancia-em-adamantina\/#primaryimage","url":"https:\/\/radiolifefm.com.br\/noticias\/wp-content\/uploads\/2025\/04\/WhatsApp-Image-2025-04-16-at-15.57.26-40.jpeg","contentUrl":"https:\/\/radiolifefm.com.br\/noticias\/wp-content\/uploads\/2025\/04\/WhatsApp-Image-2025-04-16-at-15.57.26-40.jpeg","width":1600,"height":1066},{"@type":"BreadcrumbList","@id":"https:\/\/radiolifefm.com.br\/noticias\/abrantes-storee-moda-plus-size-com-estilo-e-elegancia-em-adamantina\/#breadcrumb","itemListElement":[{"@type":"ListItem","position":1,"name":"In\u00edcio","item":"https:\/\/radiolifefm.com.br\/noticias\/"},{"@type":"ListItem","position":2,"name":"Abrantes Store: Moda Plus Size com Estilo e Eleg\u00e2ncia em Adamantina!"}]},{"@type":"WebSite","@id":"https:\/\/radiolifefm.com.br\/noticias\/#website","url":"https:\/\/radiolifefm.com.br\/noticias\/","name":"R\u00e1dio Life FM","description":"O Portal de Not\u00edcias de Adamantina","publisher":{"@id":"https:\/\/radiolifefm.com.br\/noticias\/#organization"},"alternateName":"Life FM","potentialAction":[{"@type":"SearchAction","target":{"@type":"EntryPoint","urlTemplate":"https:\/\/radiolifefm.com.br\/noticias\/?s={search_term_string}"},"query-input":{"@type":"PropertyValueSpecification","valueRequired":true,"valueName":"search_term_string"}}],"inLanguage":"pt-BR"},{"@type":"Organization","@id":"https:\/\/radiolifefm.com.br\/noticias\/#organization","name":"R\u00e1dio Life FM","alternateName":"Life FM","url":"https:\/\/radiolifefm.com.br\/noticias\/","logo":{"@type":"ImageObject","inLanguage":"pt-BR","@id":"https:\/\/radiolifefm.com.br\/noticias\/#\/schema\/logo\/image\/","url":"https:\/\/static.radiolifefm.com.br\/noticias\/wp-content\/uploads\/2019\/10\/logo-lifefm.png","contentUrl":"https:\/\/static.radiolifefm.com.br\/noticias\/wp-content\/uploads\/2019\/10\/logo-lifefm.png","width":196,"height":47,"caption":"R\u00e1dio Life FM"},"image":{"@id":"https:\/\/radiolifefm.com.br\/noticias\/#\/schema\/logo\/image\/"},"sameAs":["https:\/\/www.facebook.com\/radiolifefm\/","https:\/\/www.instagram.com\/life1079fm\/"]},{"@type":"Person","@id":"https:\/\/radiolifefm.com.br\/noticias\/#\/schema\/person\/6876e1240feffe6e1b63fd5cb85abf28","name":"joaograndao","image":{"@type":"ImageObject","inLanguage":"pt-BR","@id":"https:\/\/secure.gravatar.com\/avatar\/d5b1a3cf357ed9c50404e256a1294083aa8ab5d2a994001567302786016cb32c?s=96&d=mm&r=g","url":"https:\/\/secure.gravatar.com\/avatar\/d5b1a3cf357ed9c50404e256a1294083aa8ab5d2a994001567302786016cb32c?s=96&d=mm&r=g","contentUrl":"https:\/\/secure.gravatar.com\/avatar\/d5b1a3cf357ed9c50404e256a1294083aa8ab5d2a994001567302786016cb32c?s=96&d=mm&r=g","caption":"joaograndao"}}]}},"amp_enabled":true,"_links":{"self":[{"href":"https:\/\/radiolifefm.com.br\/noticias\/wp-json\/wp\/v2\/posts\/99884","targetHints":{"allow":["GET"]}}],"collection":[{"href":"https:\/\/radiolifefm.com.br\/noticias\/wp-json\/wp\/v2\/posts"}],"about":[{"href":"https:\/\/radiolifefm.com.br\/noticias\/wp-json\/wp\/v2\/types\/post"}],"author":[{"embeddable":true,"href":"https:\/\/radiolifefm.com.br\/noticias\/wp-json\/wp\/v2\/users\/8"}],"replies":[{"embeddable":true,"href":"https:\/\/radiolifefm.com.br\/noticias\/wp-json\/wp\/v2\/comments?post=99884"}],"version-history":[{"count":4,"href":"https:\/\/radiolifefm.com.br\/noticias\/wp-json\/wp\/v2\/posts\/99884\/revisions"}],"predecessor-version":[{"id":99944,"href":"https:\/\/radiolifefm.com.br\/noticias\/wp-json\/wp\/v2\/posts\/99884\/revisions\/99944"}],"wp:featuredmedia":[{"embeddable":true,"href":"https:\/\/radiolifefm.com.br\/noticias\/wp-json\/wp\/v2\/media\/99897"}],"wp:attachment":[{"href":"https:\/\/radiolifefm.com.br\/noticias\/wp-json\/wp\/v2\/media?parent=99884"}],"wp:term":[{"taxonomy":"category","embeddable":true,"href":"https:\/\/radiolifefm.com.br\/noticias\/wp-json\/wp\/v2\/categories?post=99884"},{"taxonomy":"post_tag","embeddable":true,"href":"https:\/\/radiolifefm.com.br\/noticias\/wp-json\/wp\/v2\/tags?post=99884"}],"curies":[{"name":"wp","href":"https:\/\/api.w.org\/{rel}","templated":true}]}}