{"id":99809,"date":"2025-04-14T08:48:04","date_gmt":"2025-04-14T11:48:04","guid":{"rendered":"https:\/\/radiolifefm.com.br\/noticias\/?p=99809"},"modified":"2026-01-07T06:01:45","modified_gmt":"2026-01-07T09:01:45","slug":"provincia-legislativo-e-cajazeiras","status":"publish","type":"post","link":"https:\/\/radiolifefm.com.br\/noticias\/provincia-legislativo-e-cajazeiras\/","title":{"rendered":"Prov\u00edncia, Legislativo e \u201ccajazeiras\u201d&#8230;"},"content":{"rendered":"<div id=\"fb-root\"><\/div>\n<p><strong><em>\u201cVamos botar de lado os entretanto e partir logo pros finalmente.\u201d (<\/em><\/strong><a href=\"https:\/\/www.pensador.com\/autor\/odorico_paraguacu\/\"><strong><em>Odorico Paragua\u00e7u)<\/em><\/strong> <\/a><\/p>\n<p><strong><em>\u201cEsta obra entrar\u00e1 para os anais e menstruais de Sucupira e do pa\u00eds.\u201d (<\/em><\/strong><a href=\"https:\/\/www.pensador.com\/autor\/odorico_paraguacu\/\"><strong><em>Odorico Paragua\u00e7u)<\/em><\/strong> <\/a><\/p>\n<p><strong>By seb@r.<\/strong><\/p>\n<p>Ent\u00e3o, como dizem aqui e ali, ainda mais nesta PROV\u00cdNCIA DO FAZ DE CONTA, ou seja, MUDAM AS MOSCAS, MAS A M&#8230; \u00c9 SEMPRE A MESMA e assim por diante&#8230;<\/p>\n<p>Se VOC\u00ca tinha certeza que n\u00e3o poderia ficar PIOR DO QUE ESTAVA, eis que o NOVO (sic) LEGISLATIVO PROVINCIANO, pelo dito que pode ser n\u00e3o dito, neste in\u00edcio dos TRABALHOS, continua PATINANDO em suas contradi\u00e7\u00f5es sobre temas, propostas e outros&#8230;<\/p>\n<p>Al\u00e9m disto e talvez aquilo, deve-se registrar que naquela NOVELA do autor DIAS GOMES, existiam as denominadas e famigeradas IRM\u00c2S CAJAZEIRAS, isso mesmo, portanto, tudo indica que estaremos revivendo neste LEGISLATIVO o BEM AMADO na \u00f3tica PROVINCIANA&#8230;<\/p>\n<p>Portanto, cada PROV\u00cdNCIA com suas NEUROSES em busca dos DESENCONTROS mediados pelo SENSO COMUM com suas limita\u00e7\u00f5es patrocinadas pelas eternas MENTES MED\u00cdOCRES&#8230;<\/p>\n<p>Tamb\u00e9m, tudo indica que est\u00e1 surgindo um outro COLLORZINHO PROVINCIANO, isso mesmo, aquele DITO CUJO que se dizia no outro tempo deste tempo, CA\u00c7ADOR DE MARAJ\u00c1S e deu no que deu&#8230;<\/p>\n<p>Dizem, ainda, que para um BOM ENTENDEDOR, meia palavra basta, todavia, entendo que a IRONIA sobre tudo e todos\/as me terras PROVINCIANAS, deve ser a MARCA mais do que REGISTRADA para muitas DIVAGA\u00c7\u00d5ES sobre a atual GEST\u00c3O e este tal de LEGISLATIVO PROVINCIANO&#8230;<\/p>\n<p>Depois daquela vota\u00e7\u00e3o que N\u00c3O APROVOU o coletivo das MULHERES, eis que aparece a proposta da realiza\u00e7\u00e3o de um EVENTO COM M\u00daSICAS CRIST\u00c3S (gospel), portanto, se estava RUIM, com certeza, VAI PIORAR&#8230;<\/p>\n<p>A pergunta que ficar NO AR, ou seja, as outras RELIGI\u00d5ES, isso \u00e9, o JUDAISMO, HINDUISMO, ISLAMISMO e BUDISMO, al\u00e9m das centenas de VARIA\u00c7\u00d5ES e MATRIZES RELIGIOSAS, entre as quais, as AFRICANAS e ASI\u00c1TICAS, bem como, as IND\u00cdGENAS, ser\u00e3o CONTEMPLADAS neste PACOTE CRISTIANIZADO?<\/p>\n<p>O complicado nestas quest\u00f5es em PAUTA, est\u00e1 enraizado nas limita\u00e7\u00f5es quanto a REFLEX\u00c3O CR\u00cdTICA sobre algumas \u00e1reas, entre as quais, encontra-se a RELIGI\u00c3O com seus desencontros relacionados com seus DOGMAS, CREN\u00c7AS, F\u00c9 etc&#8230;<\/p>\n<p>Nestas denominadas PROPOSTAS patrocinadas pelo LEGISLATIVO PROVINCIANO atual, se bem que o anterior estava um tanto quanto LIMITADO por causa disto e mais aquilo, desta forma, faz-se necess\u00e1rio que os\/as LEGISLADORES\/AS busquem uma ASSESSORIA mais de acordo aos seus objetivos e ponto quase final&#8230;<\/p>\n<p>Como tudo acaba, como sempre, nesta PROV\u00cdNCIA DO FAZ DE CONTA em nome dos interesses do PODER pelo PODER em busca do PODER, espera-se que \u201cODORICO e suas CAZAJEIRAS\u201d entrem pelo BURACO DA AGULHA neste CEN\u00c1RIO PROVINCIANO&#8230;<\/p>\n<p>Pra refor\u00e7ar, PERDERAM MAN\u00c9S!<\/p>\n<p>QUEM SOBREVIVER VAI SABER&#8230;<\/p>\n<p>&nbsp;<\/p>\n<p>&nbsp;<\/p>\n<p><strong>e-mail: <\/strong><a href=\"mailto:barbosa.sebar@gmail.com\"><strong>barbosa.sebar@gmail.com<\/strong><\/a><\/p>\n<p>&nbsp;<\/p>\n<p>&nbsp;<\/p>\n<p>&nbsp;<\/p>\n<p>&nbsp;<\/p>\n","protected":false},"excerpt":{"rendered":"<p>\u201cVamos botar de lado os entretanto e partir logo pros finalmente.\u201d (Odorico Paragua\u00e7u) \u201cEsta obra entrar\u00e1 para os anais e menstruais de Sucupira e do pa\u00eds.\u201d (Odorico Paragua\u00e7u) By seb@r. Ent\u00e3o, como dizem aqui e ali, ainda mais nesta PROV\u00cdNCIA DO FAZ DE CONTA, ou seja, MUDAM AS MOSCAS, MAS A M&#8230; \u00c9 SEMPRE A [&hellip;]<\/p>\n","protected":false},"author":13,"featured_media":51988,"comment_status":"closed","ping_status":"open","sticky":false,"template":"","format":"standard","meta":{"_acf_changed":false,"_exactmetrics_skip_tracking":false,"_exactmetrics_sitenote_active":false,"_exactmetrics_sitenote_note":"","_exactmetrics_sitenote_category":0,"footnotes":""},"categories":[59],"tags":[],"class_list":["post-99809","post","type-post","status-publish","format-standard","has-post-thumbnail","hentry","category-opiniao"],"acf":[],"yoast_head":"<!-- This site is optimized with the Yoast SEO plugin v27.2 - https:\/\/yoast.com\/product\/yoast-seo-wordpress\/ -->\n<title>Prov\u00edncia, Legislativo e \u201ccajazeiras\u201d... - R\u00e1dio Life FM<\/title>\n<meta name=\"robots\" content=\"index, follow, max-snippet:-1, max-image-preview:large, max-video-preview:-1\" \/>\n<link rel=\"canonical\" href=\"https:\/\/radiolifefm.com.br\/noticias\/provincia-legislativo-e-cajazeiras\/\" \/>\n<meta property=\"og:locale\" content=\"pt_BR\" \/>\n<meta property=\"og:type\" content=\"article\" \/>\n<meta property=\"og:title\" content=\"Prov\u00edncia, Legislativo e \u201ccajazeiras\u201d... - R\u00e1dio Life FM\" \/>\n<meta property=\"og:description\" content=\"\u201cVamos botar de lado os entretanto e partir logo pros finalmente.\u201d (Odorico Paragua\u00e7u) \u201cEsta obra entrar\u00e1 para os anais e menstruais de Sucupira e do pa\u00eds.\u201d (Odorico Paragua\u00e7u) By seb@r. Ent\u00e3o, como dizem aqui e ali, ainda mais nesta PROV\u00cdNCIA DO FAZ DE CONTA, ou seja, MUDAM AS MOSCAS, MAS A M&#8230; \u00c9 SEMPRE A [&hellip;]\" \/>\n<meta property=\"og:url\" content=\"https:\/\/radiolifefm.com.br\/noticias\/provincia-legislativo-e-cajazeiras\/\" \/>\n<meta property=\"og:site_name\" content=\"R\u00e1dio Life FM\" \/>\n<meta property=\"article:publisher\" content=\"https:\/\/www.facebook.com\/radiolifefm\/\" \/>\n<meta property=\"article:published_time\" content=\"2025-04-14T11:48:04+00:00\" \/>\n<meta property=\"article:modified_time\" content=\"2026-01-07T09:01:45+00:00\" \/>\n<meta property=\"og:image\" content=\"https:\/\/radiolifefm.com.br\/noticias\/wp-content\/uploads\/2022\/04\/WhatsApp-Image-2022-04-10-at-18.43.02.jpeg\" \/>\n\t<meta property=\"og:image:width\" content=\"972\" \/>\n\t<meta property=\"og:image:height\" content=\"1296\" \/>\n\t<meta property=\"og:image:type\" content=\"image\/jpeg\" \/>\n<meta name=\"author\" content=\"ritanery\" \/>\n<meta name=\"twitter:card\" content=\"summary_large_image\" \/>\n<meta name=\"twitter:label1\" content=\"Escrito por\" \/>\n\t<meta name=\"twitter:data1\" content=\"ritanery\" \/>\n\t<meta name=\"twitter:label2\" content=\"Est. tempo de leitura\" \/>\n\t<meta name=\"twitter:data2\" content=\"3 minutos\" \/>\n<script type=\"application\/ld+json\" class=\"yoast-schema-graph\">{\"@context\":\"https:\/\/schema.org\",\"@graph\":[{\"@type\":\"Article\",\"@id\":\"https:\/\/radiolifefm.com.br\/noticias\/provincia-legislativo-e-cajazeiras\/#article\",\"isPartOf\":{\"@id\":\"https:\/\/radiolifefm.com.br\/noticias\/provincia-legislativo-e-cajazeiras\/\"},\"author\":{\"name\":\"ritanery\",\"@id\":\"https:\/\/radiolifefm.com.br\/noticias\/#\/schema\/person\/6339b9fac59d12b071dec680d7375d87\"},\"headline\":\"Prov\u00edncia, Legislativo e \u201ccajazeiras\u201d&#8230;\",\"datePublished\":\"2025-04-14T11:48:04+00:00\",\"dateModified\":\"2026-01-07T09:01:45+00:00\",\"mainEntityOfPage\":{\"@id\":\"https:\/\/radiolifefm.com.br\/noticias\/provincia-legislativo-e-cajazeiras\/\"},\"wordCount\":489,\"publisher\":{\"@id\":\"https:\/\/radiolifefm.com.br\/noticias\/#organization\"},\"image\":{\"@id\":\"https:\/\/radiolifefm.com.br\/noticias\/provincia-legislativo-e-cajazeiras\/#primaryimage\"},\"thumbnailUrl\":\"https:\/\/radiolifefm.com.br\/noticias\/wp-content\/uploads\/2022\/04\/WhatsApp-Image-2022-04-10-at-18.43.02.jpeg\",\"articleSection\":[\"Opini\u00e3o\"],\"inLanguage\":\"pt-BR\"},{\"@type\":\"WebPage\",\"@id\":\"https:\/\/radiolifefm.com.br\/noticias\/provincia-legislativo-e-cajazeiras\/\",\"url\":\"https:\/\/radiolifefm.com.br\/noticias\/provincia-legislativo-e-cajazeiras\/\",\"name\":\"Prov\u00edncia, Legislativo e \u201ccajazeiras\u201d... - R\u00e1dio Life FM\",\"isPartOf\":{\"@id\":\"https:\/\/radiolifefm.com.br\/noticias\/#website\"},\"primaryImageOfPage\":{\"@id\":\"https:\/\/radiolifefm.com.br\/noticias\/provincia-legislativo-e-cajazeiras\/#primaryimage\"},\"image\":{\"@id\":\"https:\/\/radiolifefm.com.br\/noticias\/provincia-legislativo-e-cajazeiras\/#primaryimage\"},\"thumbnailUrl\":\"https:\/\/radiolifefm.com.br\/noticias\/wp-content\/uploads\/2022\/04\/WhatsApp-Image-2022-04-10-at-18.43.02.jpeg\",\"datePublished\":\"2025-04-14T11:48:04+00:00\",\"dateModified\":\"2026-01-07T09:01:45+00:00\",\"breadcrumb\":{\"@id\":\"https:\/\/radiolifefm.com.br\/noticias\/provincia-legislativo-e-cajazeiras\/#breadcrumb\"},\"inLanguage\":\"pt-BR\",\"potentialAction\":[{\"@type\":\"ReadAction\",\"target\":[\"https:\/\/radiolifefm.com.br\/noticias\/provincia-legislativo-e-cajazeiras\/\"]}]},{\"@type\":\"ImageObject\",\"inLanguage\":\"pt-BR\",\"@id\":\"https:\/\/radiolifefm.com.br\/noticias\/provincia-legislativo-e-cajazeiras\/#primaryimage\",\"url\":\"https:\/\/radiolifefm.com.br\/noticias\/wp-content\/uploads\/2022\/04\/WhatsApp-Image-2022-04-10-at-18.43.02.jpeg\",\"contentUrl\":\"https:\/\/radiolifefm.com.br\/noticias\/wp-content\/uploads\/2022\/04\/WhatsApp-Image-2022-04-10-at-18.43.02.jpeg\",\"width\":972,\"height\":1296,\"caption\":\"S\u00e9rgio Barbosa\"},{\"@type\":\"BreadcrumbList\",\"@id\":\"https:\/\/radiolifefm.com.br\/noticias\/provincia-legislativo-e-cajazeiras\/#breadcrumb\",\"itemListElement\":[{\"@type\":\"ListItem\",\"position\":1,\"name\":\"In\u00edcio\",\"item\":\"https:\/\/radiolifefm.com.br\/noticias\/\"},{\"@type\":\"ListItem\",\"position\":2,\"name\":\"Prov\u00edncia, Legislativo e \u201ccajazeiras\u201d&#8230;\"}]},{\"@type\":\"WebSite\",\"@id\":\"https:\/\/radiolifefm.com.br\/noticias\/#website\",\"url\":\"https:\/\/radiolifefm.com.br\/noticias\/\",\"name\":\"R\u00e1dio Life FM\",\"description\":\"O Portal de Not\u00edcias de Adamantina\",\"publisher\":{\"@id\":\"https:\/\/radiolifefm.com.br\/noticias\/#organization\"},\"alternateName\":\"Life FM\",\"potentialAction\":[{\"@type\":\"SearchAction\",\"target\":{\"@type\":\"EntryPoint\",\"urlTemplate\":\"https:\/\/radiolifefm.com.br\/noticias\/?s={search_term_string}\"},\"query-input\":{\"@type\":\"PropertyValueSpecification\",\"valueRequired\":true,\"valueName\":\"search_term_string\"}}],\"inLanguage\":\"pt-BR\"},{\"@type\":\"Organization\",\"@id\":\"https:\/\/radiolifefm.com.br\/noticias\/#organization\",\"name\":\"R\u00e1dio Life FM\",\"alternateName\":\"Life FM\",\"url\":\"https:\/\/radiolifefm.com.br\/noticias\/\",\"logo\":{\"@type\":\"ImageObject\",\"inLanguage\":\"pt-BR\",\"@id\":\"https:\/\/radiolifefm.com.br\/noticias\/#\/schema\/logo\/image\/\",\"url\":\"https:\/\/static.radiolifefm.com.br\/noticias\/wp-content\/uploads\/2019\/10\/logo-lifefm.png\",\"contentUrl\":\"https:\/\/static.radiolifefm.com.br\/noticias\/wp-content\/uploads\/2019\/10\/logo-lifefm.png\",\"width\":196,\"height\":47,\"caption\":\"R\u00e1dio Life FM\"},\"image\":{\"@id\":\"https:\/\/radiolifefm.com.br\/noticias\/#\/schema\/logo\/image\/\"},\"sameAs\":[\"https:\/\/www.facebook.com\/radiolifefm\/\",\"https:\/\/www.instagram.com\/life1079fm\/\"]},{\"@type\":\"Person\",\"@id\":\"https:\/\/radiolifefm.com.br\/noticias\/#\/schema\/person\/6339b9fac59d12b071dec680d7375d87\",\"name\":\"ritanery\",\"image\":{\"@type\":\"ImageObject\",\"inLanguage\":\"pt-BR\",\"@id\":\"https:\/\/secure.gravatar.com\/avatar\/0e37bb19071f47c0b8a23f62a903df117c5a0e75f65a0c2901562f97cd41cf86?s=96&d=mm&r=g\",\"url\":\"https:\/\/secure.gravatar.com\/avatar\/0e37bb19071f47c0b8a23f62a903df117c5a0e75f65a0c2901562f97cd41cf86?s=96&d=mm&r=g\",\"contentUrl\":\"https:\/\/secure.gravatar.com\/avatar\/0e37bb19071f47c0b8a23f62a903df117c5a0e75f65a0c2901562f97cd41cf86?s=96&d=mm&r=g\",\"caption\":\"ritanery\"}}]}<\/script>\n<!-- \/ Yoast SEO plugin. -->","yoast_head_json":{"title":"Prov\u00edncia, Legislativo e \u201ccajazeiras\u201d... - R\u00e1dio Life FM","robots":{"index":"index","follow":"follow","max-snippet":"max-snippet:-1","max-image-preview":"max-image-preview:large","max-video-preview":"max-video-preview:-1"},"canonical":"https:\/\/radiolifefm.com.br\/noticias\/provincia-legislativo-e-cajazeiras\/","og_locale":"pt_BR","og_type":"article","og_title":"Prov\u00edncia, Legislativo e \u201ccajazeiras\u201d... - R\u00e1dio Life FM","og_description":"\u201cVamos botar de lado os entretanto e partir logo pros finalmente.\u201d (Odorico Paragua\u00e7u) \u201cEsta obra entrar\u00e1 para os anais e menstruais de Sucupira e do pa\u00eds.\u201d (Odorico Paragua\u00e7u) By seb@r. Ent\u00e3o, como dizem aqui e ali, ainda mais nesta PROV\u00cdNCIA DO FAZ DE CONTA, ou seja, MUDAM AS MOSCAS, MAS A M&#8230; \u00c9 SEMPRE A [&hellip;]","og_url":"https:\/\/radiolifefm.com.br\/noticias\/provincia-legislativo-e-cajazeiras\/","og_site_name":"R\u00e1dio Life FM","article_publisher":"https:\/\/www.facebook.com\/radiolifefm\/","article_published_time":"2025-04-14T11:48:04+00:00","article_modified_time":"2026-01-07T09:01:45+00:00","og_image":[{"width":972,"height":1296,"url":"https:\/\/radiolifefm.com.br\/noticias\/wp-content\/uploads\/2022\/04\/WhatsApp-Image-2022-04-10-at-18.43.02.jpeg","type":"image\/jpeg"}],"author":"ritanery","twitter_card":"summary_large_image","twitter_misc":{"Escrito por":"ritanery","Est. tempo de leitura":"3 minutos"},"schema":{"@context":"https:\/\/schema.org","@graph":[{"@type":"Article","@id":"https:\/\/radiolifefm.com.br\/noticias\/provincia-legislativo-e-cajazeiras\/#article","isPartOf":{"@id":"https:\/\/radiolifefm.com.br\/noticias\/provincia-legislativo-e-cajazeiras\/"},"author":{"name":"ritanery","@id":"https:\/\/radiolifefm.com.br\/noticias\/#\/schema\/person\/6339b9fac59d12b071dec680d7375d87"},"headline":"Prov\u00edncia, Legislativo e \u201ccajazeiras\u201d&#8230;","datePublished":"2025-04-14T11:48:04+00:00","dateModified":"2026-01-07T09:01:45+00:00","mainEntityOfPage":{"@id":"https:\/\/radiolifefm.com.br\/noticias\/provincia-legislativo-e-cajazeiras\/"},"wordCount":489,"publisher":{"@id":"https:\/\/radiolifefm.com.br\/noticias\/#organization"},"image":{"@id":"https:\/\/radiolifefm.com.br\/noticias\/provincia-legislativo-e-cajazeiras\/#primaryimage"},"thumbnailUrl":"https:\/\/radiolifefm.com.br\/noticias\/wp-content\/uploads\/2022\/04\/WhatsApp-Image-2022-04-10-at-18.43.02.jpeg","articleSection":["Opini\u00e3o"],"inLanguage":"pt-BR"},{"@type":"WebPage","@id":"https:\/\/radiolifefm.com.br\/noticias\/provincia-legislativo-e-cajazeiras\/","url":"https:\/\/radiolifefm.com.br\/noticias\/provincia-legislativo-e-cajazeiras\/","name":"Prov\u00edncia, Legislativo e \u201ccajazeiras\u201d... - R\u00e1dio Life FM","isPartOf":{"@id":"https:\/\/radiolifefm.com.br\/noticias\/#website"},"primaryImageOfPage":{"@id":"https:\/\/radiolifefm.com.br\/noticias\/provincia-legislativo-e-cajazeiras\/#primaryimage"},"image":{"@id":"https:\/\/radiolifefm.com.br\/noticias\/provincia-legislativo-e-cajazeiras\/#primaryimage"},"thumbnailUrl":"https:\/\/radiolifefm.com.br\/noticias\/wp-content\/uploads\/2022\/04\/WhatsApp-Image-2022-04-10-at-18.43.02.jpeg","datePublished":"2025-04-14T11:48:04+00:00","dateModified":"2026-01-07T09:01:45+00:00","breadcrumb":{"@id":"https:\/\/radiolifefm.com.br\/noticias\/provincia-legislativo-e-cajazeiras\/#breadcrumb"},"inLanguage":"pt-BR","potentialAction":[{"@type":"ReadAction","target":["https:\/\/radiolifefm.com.br\/noticias\/provincia-legislativo-e-cajazeiras\/"]}]},{"@type":"ImageObject","inLanguage":"pt-BR","@id":"https:\/\/radiolifefm.com.br\/noticias\/provincia-legislativo-e-cajazeiras\/#primaryimage","url":"https:\/\/radiolifefm.com.br\/noticias\/wp-content\/uploads\/2022\/04\/WhatsApp-Image-2022-04-10-at-18.43.02.jpeg","contentUrl":"https:\/\/radiolifefm.com.br\/noticias\/wp-content\/uploads\/2022\/04\/WhatsApp-Image-2022-04-10-at-18.43.02.jpeg","width":972,"height":1296,"caption":"S\u00e9rgio Barbosa"},{"@type":"BreadcrumbList","@id":"https:\/\/radiolifefm.com.br\/noticias\/provincia-legislativo-e-cajazeiras\/#breadcrumb","itemListElement":[{"@type":"ListItem","position":1,"name":"In\u00edcio","item":"https:\/\/radiolifefm.com.br\/noticias\/"},{"@type":"ListItem","position":2,"name":"Prov\u00edncia, Legislativo e \u201ccajazeiras\u201d&#8230;"}]},{"@type":"WebSite","@id":"https:\/\/radiolifefm.com.br\/noticias\/#website","url":"https:\/\/radiolifefm.com.br\/noticias\/","name":"R\u00e1dio Life FM","description":"O Portal de Not\u00edcias de Adamantina","publisher":{"@id":"https:\/\/radiolifefm.com.br\/noticias\/#organization"},"alternateName":"Life FM","potentialAction":[{"@type":"SearchAction","target":{"@type":"EntryPoint","urlTemplate":"https:\/\/radiolifefm.com.br\/noticias\/?s={search_term_string}"},"query-input":{"@type":"PropertyValueSpecification","valueRequired":true,"valueName":"search_term_string"}}],"inLanguage":"pt-BR"},{"@type":"Organization","@id":"https:\/\/radiolifefm.com.br\/noticias\/#organization","name":"R\u00e1dio Life FM","alternateName":"Life FM","url":"https:\/\/radiolifefm.com.br\/noticias\/","logo":{"@type":"ImageObject","inLanguage":"pt-BR","@id":"https:\/\/radiolifefm.com.br\/noticias\/#\/schema\/logo\/image\/","url":"https:\/\/static.radiolifefm.com.br\/noticias\/wp-content\/uploads\/2019\/10\/logo-lifefm.png","contentUrl":"https:\/\/static.radiolifefm.com.br\/noticias\/wp-content\/uploads\/2019\/10\/logo-lifefm.png","width":196,"height":47,"caption":"R\u00e1dio Life FM"},"image":{"@id":"https:\/\/radiolifefm.com.br\/noticias\/#\/schema\/logo\/image\/"},"sameAs":["https:\/\/www.facebook.com\/radiolifefm\/","https:\/\/www.instagram.com\/life1079fm\/"]},{"@type":"Person","@id":"https:\/\/radiolifefm.com.br\/noticias\/#\/schema\/person\/6339b9fac59d12b071dec680d7375d87","name":"ritanery","image":{"@type":"ImageObject","inLanguage":"pt-BR","@id":"https:\/\/secure.gravatar.com\/avatar\/0e37bb19071f47c0b8a23f62a903df117c5a0e75f65a0c2901562f97cd41cf86?s=96&d=mm&r=g","url":"https:\/\/secure.gravatar.com\/avatar\/0e37bb19071f47c0b8a23f62a903df117c5a0e75f65a0c2901562f97cd41cf86?s=96&d=mm&r=g","contentUrl":"https:\/\/secure.gravatar.com\/avatar\/0e37bb19071f47c0b8a23f62a903df117c5a0e75f65a0c2901562f97cd41cf86?s=96&d=mm&r=g","caption":"ritanery"}}]}},"amp_enabled":true,"_links":{"self":[{"href":"https:\/\/radiolifefm.com.br\/noticias\/wp-json\/wp\/v2\/posts\/99809","targetHints":{"allow":["GET"]}}],"collection":[{"href":"https:\/\/radiolifefm.com.br\/noticias\/wp-json\/wp\/v2\/posts"}],"about":[{"href":"https:\/\/radiolifefm.com.br\/noticias\/wp-json\/wp\/v2\/types\/post"}],"author":[{"embeddable":true,"href":"https:\/\/radiolifefm.com.br\/noticias\/wp-json\/wp\/v2\/users\/13"}],"replies":[{"embeddable":true,"href":"https:\/\/radiolifefm.com.br\/noticias\/wp-json\/wp\/v2\/comments?post=99809"}],"version-history":[{"count":1,"href":"https:\/\/radiolifefm.com.br\/noticias\/wp-json\/wp\/v2\/posts\/99809\/revisions"}],"predecessor-version":[{"id":99810,"href":"https:\/\/radiolifefm.com.br\/noticias\/wp-json\/wp\/v2\/posts\/99809\/revisions\/99810"}],"wp:featuredmedia":[{"embeddable":true,"href":"https:\/\/radiolifefm.com.br\/noticias\/wp-json\/wp\/v2\/media\/51988"}],"wp:attachment":[{"href":"https:\/\/radiolifefm.com.br\/noticias\/wp-json\/wp\/v2\/media?parent=99809"}],"wp:term":[{"taxonomy":"category","embeddable":true,"href":"https:\/\/radiolifefm.com.br\/noticias\/wp-json\/wp\/v2\/categories?post=99809"},{"taxonomy":"post_tag","embeddable":true,"href":"https:\/\/radiolifefm.com.br\/noticias\/wp-json\/wp\/v2\/tags?post=99809"}],"curies":[{"name":"wp","href":"https:\/\/api.w.org\/{rel}","templated":true}]}}