{"id":99781,"date":"2025-04-11T15:11:19","date_gmt":"2025-04-11T18:11:19","guid":{"rendered":"https:\/\/radiolifefm.com.br\/noticias\/?p=99781"},"modified":"2026-04-09T22:08:28","modified_gmt":"2026-04-10T01:08:28","slug":"nova-temporada-do-saude-e-o-que-interessa-e-marcada-por-vacinacao-ao-vivo","status":"publish","type":"post","link":"https:\/\/radiolifefm.com.br\/noticias\/nova-temporada-do-saude-e-o-que-interessa-e-marcada-por-vacinacao-ao-vivo\/","title":{"rendered":"Nova temporada do \u201cSa\u00fade \u00e9 o que Interessa\u201d \u00e9 marcada por vacina\u00e7\u00e3o ao vivo"},"content":{"rendered":"<div id=\"fb-root\"><\/div>\n<p class=\"\" data-start=\"106\" data-end=\"185\">\n<p class=\"\" data-start=\"187\" data-end=\"514\">Na noite da \u00faltima quarta-feira (09 de abril), foi ao ar pela Life FM a estreia da nova temporada do podcast <em data-start=\"296\" data-end=\"321\">Sa\u00fade \u00e9 o que Interessa<\/em>. Apresentado pelo m\u00e9dico e professor universit\u00e1rio Guilherme Dias Bonadirman, o programa contou com a participa\u00e7\u00e3o de universit\u00e1rios do curso de Medicina do Centro Universit\u00e1rio de Adamantina.<\/p>\n<div class='flex flex-wrap items-center -mx-1'>\r\n<a class='thumbnail gallery p-1 w-1\/2 md:w-1\/4' href='https:\/\/radiolifefm.com.br\/noticias\/wp-content\/uploads\/2025\/04\/WhatsApp-Image-2025-04-10-at-10.36.25-1.jpeg'><img class='border border-white' src='https:\/\/radiolifefm.com.br\/noticias\/wp-content\/uploads\/2025\/04\/WhatsApp-Image-2025-04-10-at-10.36.25-1-200x200.jpeg' alt='WhatsApp Image 2025 04 10 At 10.36.25 (1)' \/><\/a><\/div>\n<p class=\"\" data-start=\"516\" data-end=\"867\">Com foco na sa\u00fade, a edi\u00e7\u00e3o teve como convidadas a secret\u00e1ria de Sa\u00fade, Elizabete Cristina Jacomasso Marquetti, e a enfermeira respons\u00e1vel pela Vigil\u00e2ncia Epidemiol\u00f3gica, Mirian Rocha Prado. O principal tema foi a Campanha de Vacina\u00e7\u00e3o contra a Influenza, que entrou em vigor em Adamantina e em todo o Estado de S\u00e3o Paulo na \u00faltima segunda-feira (07).<img loading=\"lazy\" decoding=\"async\" class=\"wp-image-99784 size-medium aligncenter\" src=\"https:\/\/static.radiolifefm.com.br\/noticias\/wp-content\/uploads\/2025\/04\/WhatsApp-Image-2025-04-10-at-10.36.25-300x300.jpeg\" alt=\"\" width=\"300\" height=\"300\" srcset=\"https:\/\/radiolifefm.com.br\/noticias\/wp-content\/uploads\/2025\/04\/WhatsApp-Image-2025-04-10-at-10.36.25-300x300.jpeg 300w, https:\/\/radiolifefm.com.br\/noticias\/wp-content\/uploads\/2025\/04\/WhatsApp-Image-2025-04-10-at-10.36.25-1024x1024.jpeg 1024w, https:\/\/radiolifefm.com.br\/noticias\/wp-content\/uploads\/2025\/04\/WhatsApp-Image-2025-04-10-at-10.36.25-150x150.jpeg 150w, https:\/\/radiolifefm.com.br\/noticias\/wp-content\/uploads\/2025\/04\/WhatsApp-Image-2025-04-10-at-10.36.25-768x768.jpeg 768w, https:\/\/radiolifefm.com.br\/noticias\/wp-content\/uploads\/2025\/04\/WhatsApp-Image-2025-04-10-at-10.36.25-200x200.jpeg 200w, https:\/\/radiolifefm.com.br\/noticias\/wp-content\/uploads\/2025\/04\/WhatsApp-Image-2025-04-10-at-10.36.25-250x250.jpeg 250w, https:\/\/radiolifefm.com.br\/noticias\/wp-content\/uploads\/2025\/04\/WhatsApp-Image-2025-04-10-at-10.36.25-500x500.jpeg 500w, https:\/\/radiolifefm.com.br\/noticias\/wp-content\/uploads\/2025\/04\/WhatsApp-Image-2025-04-10-at-10.36.25-700x700.jpeg 700w, https:\/\/radiolifefm.com.br\/noticias\/wp-content\/uploads\/2025\/04\/WhatsApp-Image-2025-04-10-at-10.36.25.jpeg 1080w\" sizes=\"auto, (max-width: 300px) 100vw, 300px\" \/><\/p>\n<p class=\"\" data-start=\"869\" data-end=\"985\">Como forma de incentivo \u00e0 popula\u00e7\u00e3o, a enfermeira realizou ao vivo a imuniza\u00e7\u00e3o do Dr. Guilherme durante o programa.<\/p>\n<p class=\"\" data-start=\"987\" data-end=\"1151\">O podcast seguir\u00e1 sendo exibido nas noites de quarta-feira, pela frequ\u00eancia 107,9 MHz e nas plataformas digitais da Life FM. Para saber mais, clique no link abaixo.<img loading=\"lazy\" decoding=\"async\" class=\"aligncenter size-medium wp-image-99786\" src=\"https:\/\/static.radiolifefm.com.br\/noticias\/wp-content\/uploads\/2025\/04\/WhatsApp-Image-2025-04-10-at-10.36.24-300x300.jpeg\" alt=\"\" width=\"300\" height=\"300\" srcset=\"https:\/\/radiolifefm.com.br\/noticias\/wp-content\/uploads\/2025\/04\/WhatsApp-Image-2025-04-10-at-10.36.24-300x300.jpeg 300w, https:\/\/radiolifefm.com.br\/noticias\/wp-content\/uploads\/2025\/04\/WhatsApp-Image-2025-04-10-at-10.36.24-1024x1024.jpeg 1024w, https:\/\/radiolifefm.com.br\/noticias\/wp-content\/uploads\/2025\/04\/WhatsApp-Image-2025-04-10-at-10.36.24-150x150.jpeg 150w, https:\/\/radiolifefm.com.br\/noticias\/wp-content\/uploads\/2025\/04\/WhatsApp-Image-2025-04-10-at-10.36.24-768x768.jpeg 768w, https:\/\/radiolifefm.com.br\/noticias\/wp-content\/uploads\/2025\/04\/WhatsApp-Image-2025-04-10-at-10.36.24-200x200.jpeg 200w, https:\/\/radiolifefm.com.br\/noticias\/wp-content\/uploads\/2025\/04\/WhatsApp-Image-2025-04-10-at-10.36.24-250x250.jpeg 250w, https:\/\/radiolifefm.com.br\/noticias\/wp-content\/uploads\/2025\/04\/WhatsApp-Image-2025-04-10-at-10.36.24-500x500.jpeg 500w, https:\/\/radiolifefm.com.br\/noticias\/wp-content\/uploads\/2025\/04\/WhatsApp-Image-2025-04-10-at-10.36.24-700x700.jpeg 700w, https:\/\/radiolifefm.com.br\/noticias\/wp-content\/uploads\/2025\/04\/WhatsApp-Image-2025-04-10-at-10.36.24.jpeg 1080w\" sizes=\"auto, (max-width: 300px) 100vw, 300px\" \/><\/p>\n<p class=\"\" data-start=\"1153\" data-end=\"1175\"><strong data-start=\"1153\" data-end=\"1175\">T\u00f3picos abordados:<\/strong><\/p>\n<ul data-start=\"1176\" data-end=\"1234\">\n<li class=\"\" data-start=\"1176\" data-end=\"1203\">\n<p class=\"\" data-start=\"1178\" data-end=\"1203\">P\u00fablico a ser imunizado<\/p>\n<\/li>\n<li class=\"\" data-start=\"1204\" data-end=\"1234\">\n<p class=\"\" data-start=\"1206\" data-end=\"1234\">UBSs e hor\u00e1rios de vacina\u00e7\u00e3o<\/p>\n<p><a href=\"https:\/\/www.youtube.com\/watch?v=6EDhUBinn5U&amp;t=46s\">https:\/\/www.youtube.com\/watch?v=6EDhUBinn5U&amp;t=46s<\/a><\/p>\n<\/li>\n<\/ul>\n","protected":false},"excerpt":{"rendered":"<p>Na noite da \u00faltima quarta-feira (09 de abril), foi ao ar pela Life FM a estreia da nova temporada do podcast Sa\u00fade \u00e9 o que Interessa. Apresentado pelo m\u00e9dico e professor universit\u00e1rio Guilherme Dias Bonadirman, o programa contou com a participa\u00e7\u00e3o de universit\u00e1rios do curso de Medicina do Centro Universit\u00e1rio de Adamantina. Com foco na [&hellip;]<\/p>\n","protected":false},"author":8,"featured_media":99782,"comment_status":"closed","ping_status":"open","sticky":false,"template":"","format":"standard","meta":{"_acf_changed":false,"_exactmetrics_skip_tracking":false,"_exactmetrics_sitenote_active":false,"_exactmetrics_sitenote_note":"","_exactmetrics_sitenote_category":0,"footnotes":""},"categories":[128],"tags":[],"class_list":["post-99781","post","type-post","status-publish","format-standard","has-post-thumbnail","hentry","category-saude-e-o-que-interessa"],"acf":[],"yoast_head":"<!-- This site is optimized with the Yoast SEO plugin v27.2 - https:\/\/yoast.com\/product\/yoast-seo-wordpress\/ -->\n<title>Nova temporada do \u201cSa\u00fade \u00e9 o que Interessa\u201d \u00e9 marcada por vacina\u00e7\u00e3o ao vivo - R\u00e1dio Life FM<\/title>\n<meta name=\"robots\" content=\"index, follow, max-snippet:-1, max-image-preview:large, max-video-preview:-1\" \/>\n<link rel=\"canonical\" href=\"https:\/\/radiolifefm.com.br\/noticias\/nova-temporada-do-saude-e-o-que-interessa-e-marcada-por-vacinacao-ao-vivo\/\" \/>\n<meta property=\"og:locale\" content=\"pt_BR\" \/>\n<meta property=\"og:type\" content=\"article\" \/>\n<meta property=\"og:title\" content=\"Nova temporada do \u201cSa\u00fade \u00e9 o que Interessa\u201d \u00e9 marcada por vacina\u00e7\u00e3o ao vivo - R\u00e1dio Life FM\" \/>\n<meta property=\"og:description\" content=\"Na noite da \u00faltima quarta-feira (09 de abril), foi ao ar pela Life FM a estreia da nova temporada do podcast Sa\u00fade \u00e9 o que Interessa. Apresentado pelo m\u00e9dico e professor universit\u00e1rio Guilherme Dias Bonadirman, o programa contou com a participa\u00e7\u00e3o de universit\u00e1rios do curso de Medicina do Centro Universit\u00e1rio de Adamantina. Com foco na [&hellip;]\" \/>\n<meta property=\"og:url\" content=\"https:\/\/radiolifefm.com.br\/noticias\/nova-temporada-do-saude-e-o-que-interessa-e-marcada-por-vacinacao-ao-vivo\/\" \/>\n<meta property=\"og:site_name\" content=\"R\u00e1dio Life FM\" \/>\n<meta property=\"article:publisher\" content=\"https:\/\/www.facebook.com\/radiolifefm\/\" \/>\n<meta property=\"article:published_time\" content=\"2025-04-11T18:11:19+00:00\" \/>\n<meta property=\"article:modified_time\" content=\"2026-04-10T01:08:28+00:00\" \/>\n<meta property=\"og:image\" content=\"https:\/\/radiolifefm.com.br\/noticias\/wp-content\/uploads\/2025\/04\/WhatsApp-Image-2025-04-11-at-11.06.45-e1744394848159.jpeg\" \/>\n\t<meta property=\"og:image:width\" content=\"1080\" \/>\n\t<meta property=\"og:image:height\" content=\"770\" \/>\n\t<meta property=\"og:image:type\" content=\"image\/jpeg\" \/>\n<meta name=\"author\" content=\"joaograndao\" \/>\n<meta name=\"twitter:card\" content=\"summary_large_image\" \/>\n<meta name=\"twitter:label1\" content=\"Escrito por\" \/>\n\t<meta name=\"twitter:data1\" content=\"joaograndao\" \/>\n\t<meta name=\"twitter:label2\" content=\"Est. tempo de leitura\" \/>\n\t<meta name=\"twitter:data2\" content=\"2 minutos\" \/>\n<script type=\"application\/ld+json\" class=\"yoast-schema-graph\">{\"@context\":\"https:\/\/schema.org\",\"@graph\":[{\"@type\":\"Article\",\"@id\":\"https:\/\/radiolifefm.com.br\/noticias\/nova-temporada-do-saude-e-o-que-interessa-e-marcada-por-vacinacao-ao-vivo\/#article\",\"isPartOf\":{\"@id\":\"https:\/\/radiolifefm.com.br\/noticias\/nova-temporada-do-saude-e-o-que-interessa-e-marcada-por-vacinacao-ao-vivo\/\"},\"author\":{\"name\":\"joaograndao\",\"@id\":\"https:\/\/radiolifefm.com.br\/noticias\/#\/schema\/person\/6876e1240feffe6e1b63fd5cb85abf28\"},\"headline\":\"Nova temporada do \u201cSa\u00fade \u00e9 o que Interessa\u201d \u00e9 marcada por vacina\u00e7\u00e3o ao vivo\",\"datePublished\":\"2025-04-11T18:11:19+00:00\",\"dateModified\":\"2026-04-10T01:08:28+00:00\",\"mainEntityOfPage\":{\"@id\":\"https:\/\/radiolifefm.com.br\/noticias\/nova-temporada-do-saude-e-o-que-interessa-e-marcada-por-vacinacao-ao-vivo\/\"},\"wordCount\":211,\"publisher\":{\"@id\":\"https:\/\/radiolifefm.com.br\/noticias\/#organization\"},\"image\":{\"@id\":\"https:\/\/radiolifefm.com.br\/noticias\/nova-temporada-do-saude-e-o-que-interessa-e-marcada-por-vacinacao-ao-vivo\/#primaryimage\"},\"thumbnailUrl\":\"https:\/\/radiolifefm.com.br\/noticias\/wp-content\/uploads\/2025\/04\/WhatsApp-Image-2025-04-11-at-11.06.45-e1744394848159.jpeg\",\"articleSection\":[\"Sa\u00fade \u00e9 o que interessa\"],\"inLanguage\":\"pt-BR\"},{\"@type\":\"WebPage\",\"@id\":\"https:\/\/radiolifefm.com.br\/noticias\/nova-temporada-do-saude-e-o-que-interessa-e-marcada-por-vacinacao-ao-vivo\/\",\"url\":\"https:\/\/radiolifefm.com.br\/noticias\/nova-temporada-do-saude-e-o-que-interessa-e-marcada-por-vacinacao-ao-vivo\/\",\"name\":\"Nova temporada do \u201cSa\u00fade \u00e9 o que Interessa\u201d \u00e9 marcada por vacina\u00e7\u00e3o ao vivo - R\u00e1dio Life FM\",\"isPartOf\":{\"@id\":\"https:\/\/radiolifefm.com.br\/noticias\/#website\"},\"primaryImageOfPage\":{\"@id\":\"https:\/\/radiolifefm.com.br\/noticias\/nova-temporada-do-saude-e-o-que-interessa-e-marcada-por-vacinacao-ao-vivo\/#primaryimage\"},\"image\":{\"@id\":\"https:\/\/radiolifefm.com.br\/noticias\/nova-temporada-do-saude-e-o-que-interessa-e-marcada-por-vacinacao-ao-vivo\/#primaryimage\"},\"thumbnailUrl\":\"https:\/\/radiolifefm.com.br\/noticias\/wp-content\/uploads\/2025\/04\/WhatsApp-Image-2025-04-11-at-11.06.45-e1744394848159.jpeg\",\"datePublished\":\"2025-04-11T18:11:19+00:00\",\"dateModified\":\"2026-04-10T01:08:28+00:00\",\"breadcrumb\":{\"@id\":\"https:\/\/radiolifefm.com.br\/noticias\/nova-temporada-do-saude-e-o-que-interessa-e-marcada-por-vacinacao-ao-vivo\/#breadcrumb\"},\"inLanguage\":\"pt-BR\",\"potentialAction\":[{\"@type\":\"ReadAction\",\"target\":[\"https:\/\/radiolifefm.com.br\/noticias\/nova-temporada-do-saude-e-o-que-interessa-e-marcada-por-vacinacao-ao-vivo\/\"]}]},{\"@type\":\"ImageObject\",\"inLanguage\":\"pt-BR\",\"@id\":\"https:\/\/radiolifefm.com.br\/noticias\/nova-temporada-do-saude-e-o-que-interessa-e-marcada-por-vacinacao-ao-vivo\/#primaryimage\",\"url\":\"https:\/\/radiolifefm.com.br\/noticias\/wp-content\/uploads\/2025\/04\/WhatsApp-Image-2025-04-11-at-11.06.45-e1744394848159.jpeg\",\"contentUrl\":\"https:\/\/radiolifefm.com.br\/noticias\/wp-content\/uploads\/2025\/04\/WhatsApp-Image-2025-04-11-at-11.06.45-e1744394848159.jpeg\",\"width\":1080,\"height\":770},{\"@type\":\"BreadcrumbList\",\"@id\":\"https:\/\/radiolifefm.com.br\/noticias\/nova-temporada-do-saude-e-o-que-interessa-e-marcada-por-vacinacao-ao-vivo\/#breadcrumb\",\"itemListElement\":[{\"@type\":\"ListItem\",\"position\":1,\"name\":\"In\u00edcio\",\"item\":\"https:\/\/radiolifefm.com.br\/noticias\/\"},{\"@type\":\"ListItem\",\"position\":2,\"name\":\"Nova temporada do \u201cSa\u00fade \u00e9 o que Interessa\u201d \u00e9 marcada por vacina\u00e7\u00e3o ao vivo\"}]},{\"@type\":\"WebSite\",\"@id\":\"https:\/\/radiolifefm.com.br\/noticias\/#website\",\"url\":\"https:\/\/radiolifefm.com.br\/noticias\/\",\"name\":\"R\u00e1dio Life FM\",\"description\":\"O Portal de Not\u00edcias de Adamantina\",\"publisher\":{\"@id\":\"https:\/\/radiolifefm.com.br\/noticias\/#organization\"},\"alternateName\":\"Life FM\",\"potentialAction\":[{\"@type\":\"SearchAction\",\"target\":{\"@type\":\"EntryPoint\",\"urlTemplate\":\"https:\/\/radiolifefm.com.br\/noticias\/?s={search_term_string}\"},\"query-input\":{\"@type\":\"PropertyValueSpecification\",\"valueRequired\":true,\"valueName\":\"search_term_string\"}}],\"inLanguage\":\"pt-BR\"},{\"@type\":\"Organization\",\"@id\":\"https:\/\/radiolifefm.com.br\/noticias\/#organization\",\"name\":\"R\u00e1dio Life FM\",\"alternateName\":\"Life FM\",\"url\":\"https:\/\/radiolifefm.com.br\/noticias\/\",\"logo\":{\"@type\":\"ImageObject\",\"inLanguage\":\"pt-BR\",\"@id\":\"https:\/\/radiolifefm.com.br\/noticias\/#\/schema\/logo\/image\/\",\"url\":\"https:\/\/static.radiolifefm.com.br\/noticias\/wp-content\/uploads\/2019\/10\/logo-lifefm.png\",\"contentUrl\":\"https:\/\/static.radiolifefm.com.br\/noticias\/wp-content\/uploads\/2019\/10\/logo-lifefm.png\",\"width\":196,\"height\":47,\"caption\":\"R\u00e1dio Life FM\"},\"image\":{\"@id\":\"https:\/\/radiolifefm.com.br\/noticias\/#\/schema\/logo\/image\/\"},\"sameAs\":[\"https:\/\/www.facebook.com\/radiolifefm\/\",\"https:\/\/www.instagram.com\/life1079fm\/\"]},{\"@type\":\"Person\",\"@id\":\"https:\/\/radiolifefm.com.br\/noticias\/#\/schema\/person\/6876e1240feffe6e1b63fd5cb85abf28\",\"name\":\"joaograndao\",\"image\":{\"@type\":\"ImageObject\",\"inLanguage\":\"pt-BR\",\"@id\":\"https:\/\/secure.gravatar.com\/avatar\/d5b1a3cf357ed9c50404e256a1294083aa8ab5d2a994001567302786016cb32c?s=96&d=mm&r=g\",\"url\":\"https:\/\/secure.gravatar.com\/avatar\/d5b1a3cf357ed9c50404e256a1294083aa8ab5d2a994001567302786016cb32c?s=96&d=mm&r=g\",\"contentUrl\":\"https:\/\/secure.gravatar.com\/avatar\/d5b1a3cf357ed9c50404e256a1294083aa8ab5d2a994001567302786016cb32c?s=96&d=mm&r=g\",\"caption\":\"joaograndao\"}}]}<\/script>\n<!-- \/ Yoast SEO plugin. -->","yoast_head_json":{"title":"Nova temporada do \u201cSa\u00fade \u00e9 o que Interessa\u201d \u00e9 marcada por vacina\u00e7\u00e3o ao vivo - R\u00e1dio Life FM","robots":{"index":"index","follow":"follow","max-snippet":"max-snippet:-1","max-image-preview":"max-image-preview:large","max-video-preview":"max-video-preview:-1"},"canonical":"https:\/\/radiolifefm.com.br\/noticias\/nova-temporada-do-saude-e-o-que-interessa-e-marcada-por-vacinacao-ao-vivo\/","og_locale":"pt_BR","og_type":"article","og_title":"Nova temporada do \u201cSa\u00fade \u00e9 o que Interessa\u201d \u00e9 marcada por vacina\u00e7\u00e3o ao vivo - R\u00e1dio Life FM","og_description":"Na noite da \u00faltima quarta-feira (09 de abril), foi ao ar pela Life FM a estreia da nova temporada do podcast Sa\u00fade \u00e9 o que Interessa. Apresentado pelo m\u00e9dico e professor universit\u00e1rio Guilherme Dias Bonadirman, o programa contou com a participa\u00e7\u00e3o de universit\u00e1rios do curso de Medicina do Centro Universit\u00e1rio de Adamantina. Com foco na [&hellip;]","og_url":"https:\/\/radiolifefm.com.br\/noticias\/nova-temporada-do-saude-e-o-que-interessa-e-marcada-por-vacinacao-ao-vivo\/","og_site_name":"R\u00e1dio Life FM","article_publisher":"https:\/\/www.facebook.com\/radiolifefm\/","article_published_time":"2025-04-11T18:11:19+00:00","article_modified_time":"2026-04-10T01:08:28+00:00","og_image":[{"width":1080,"height":770,"url":"https:\/\/radiolifefm.com.br\/noticias\/wp-content\/uploads\/2025\/04\/WhatsApp-Image-2025-04-11-at-11.06.45-e1744394848159.jpeg","type":"image\/jpeg"}],"author":"joaograndao","twitter_card":"summary_large_image","twitter_misc":{"Escrito por":"joaograndao","Est. tempo de leitura":"2 minutos"},"schema":{"@context":"https:\/\/schema.org","@graph":[{"@type":"Article","@id":"https:\/\/radiolifefm.com.br\/noticias\/nova-temporada-do-saude-e-o-que-interessa-e-marcada-por-vacinacao-ao-vivo\/#article","isPartOf":{"@id":"https:\/\/radiolifefm.com.br\/noticias\/nova-temporada-do-saude-e-o-que-interessa-e-marcada-por-vacinacao-ao-vivo\/"},"author":{"name":"joaograndao","@id":"https:\/\/radiolifefm.com.br\/noticias\/#\/schema\/person\/6876e1240feffe6e1b63fd5cb85abf28"},"headline":"Nova temporada do \u201cSa\u00fade \u00e9 o que Interessa\u201d \u00e9 marcada por vacina\u00e7\u00e3o ao vivo","datePublished":"2025-04-11T18:11:19+00:00","dateModified":"2026-04-10T01:08:28+00:00","mainEntityOfPage":{"@id":"https:\/\/radiolifefm.com.br\/noticias\/nova-temporada-do-saude-e-o-que-interessa-e-marcada-por-vacinacao-ao-vivo\/"},"wordCount":211,"publisher":{"@id":"https:\/\/radiolifefm.com.br\/noticias\/#organization"},"image":{"@id":"https:\/\/radiolifefm.com.br\/noticias\/nova-temporada-do-saude-e-o-que-interessa-e-marcada-por-vacinacao-ao-vivo\/#primaryimage"},"thumbnailUrl":"https:\/\/radiolifefm.com.br\/noticias\/wp-content\/uploads\/2025\/04\/WhatsApp-Image-2025-04-11-at-11.06.45-e1744394848159.jpeg","articleSection":["Sa\u00fade \u00e9 o que interessa"],"inLanguage":"pt-BR"},{"@type":"WebPage","@id":"https:\/\/radiolifefm.com.br\/noticias\/nova-temporada-do-saude-e-o-que-interessa-e-marcada-por-vacinacao-ao-vivo\/","url":"https:\/\/radiolifefm.com.br\/noticias\/nova-temporada-do-saude-e-o-que-interessa-e-marcada-por-vacinacao-ao-vivo\/","name":"Nova temporada do \u201cSa\u00fade \u00e9 o que Interessa\u201d \u00e9 marcada por vacina\u00e7\u00e3o ao vivo - R\u00e1dio Life FM","isPartOf":{"@id":"https:\/\/radiolifefm.com.br\/noticias\/#website"},"primaryImageOfPage":{"@id":"https:\/\/radiolifefm.com.br\/noticias\/nova-temporada-do-saude-e-o-que-interessa-e-marcada-por-vacinacao-ao-vivo\/#primaryimage"},"image":{"@id":"https:\/\/radiolifefm.com.br\/noticias\/nova-temporada-do-saude-e-o-que-interessa-e-marcada-por-vacinacao-ao-vivo\/#primaryimage"},"thumbnailUrl":"https:\/\/radiolifefm.com.br\/noticias\/wp-content\/uploads\/2025\/04\/WhatsApp-Image-2025-04-11-at-11.06.45-e1744394848159.jpeg","datePublished":"2025-04-11T18:11:19+00:00","dateModified":"2026-04-10T01:08:28+00:00","breadcrumb":{"@id":"https:\/\/radiolifefm.com.br\/noticias\/nova-temporada-do-saude-e-o-que-interessa-e-marcada-por-vacinacao-ao-vivo\/#breadcrumb"},"inLanguage":"pt-BR","potentialAction":[{"@type":"ReadAction","target":["https:\/\/radiolifefm.com.br\/noticias\/nova-temporada-do-saude-e-o-que-interessa-e-marcada-por-vacinacao-ao-vivo\/"]}]},{"@type":"ImageObject","inLanguage":"pt-BR","@id":"https:\/\/radiolifefm.com.br\/noticias\/nova-temporada-do-saude-e-o-que-interessa-e-marcada-por-vacinacao-ao-vivo\/#primaryimage","url":"https:\/\/radiolifefm.com.br\/noticias\/wp-content\/uploads\/2025\/04\/WhatsApp-Image-2025-04-11-at-11.06.45-e1744394848159.jpeg","contentUrl":"https:\/\/radiolifefm.com.br\/noticias\/wp-content\/uploads\/2025\/04\/WhatsApp-Image-2025-04-11-at-11.06.45-e1744394848159.jpeg","width":1080,"height":770},{"@type":"BreadcrumbList","@id":"https:\/\/radiolifefm.com.br\/noticias\/nova-temporada-do-saude-e-o-que-interessa-e-marcada-por-vacinacao-ao-vivo\/#breadcrumb","itemListElement":[{"@type":"ListItem","position":1,"name":"In\u00edcio","item":"https:\/\/radiolifefm.com.br\/noticias\/"},{"@type":"ListItem","position":2,"name":"Nova temporada do \u201cSa\u00fade \u00e9 o que Interessa\u201d \u00e9 marcada por vacina\u00e7\u00e3o ao vivo"}]},{"@type":"WebSite","@id":"https:\/\/radiolifefm.com.br\/noticias\/#website","url":"https:\/\/radiolifefm.com.br\/noticias\/","name":"R\u00e1dio Life FM","description":"O Portal de Not\u00edcias de Adamantina","publisher":{"@id":"https:\/\/radiolifefm.com.br\/noticias\/#organization"},"alternateName":"Life FM","potentialAction":[{"@type":"SearchAction","target":{"@type":"EntryPoint","urlTemplate":"https:\/\/radiolifefm.com.br\/noticias\/?s={search_term_string}"},"query-input":{"@type":"PropertyValueSpecification","valueRequired":true,"valueName":"search_term_string"}}],"inLanguage":"pt-BR"},{"@type":"Organization","@id":"https:\/\/radiolifefm.com.br\/noticias\/#organization","name":"R\u00e1dio Life FM","alternateName":"Life FM","url":"https:\/\/radiolifefm.com.br\/noticias\/","logo":{"@type":"ImageObject","inLanguage":"pt-BR","@id":"https:\/\/radiolifefm.com.br\/noticias\/#\/schema\/logo\/image\/","url":"https:\/\/static.radiolifefm.com.br\/noticias\/wp-content\/uploads\/2019\/10\/logo-lifefm.png","contentUrl":"https:\/\/static.radiolifefm.com.br\/noticias\/wp-content\/uploads\/2019\/10\/logo-lifefm.png","width":196,"height":47,"caption":"R\u00e1dio Life FM"},"image":{"@id":"https:\/\/radiolifefm.com.br\/noticias\/#\/schema\/logo\/image\/"},"sameAs":["https:\/\/www.facebook.com\/radiolifefm\/","https:\/\/www.instagram.com\/life1079fm\/"]},{"@type":"Person","@id":"https:\/\/radiolifefm.com.br\/noticias\/#\/schema\/person\/6876e1240feffe6e1b63fd5cb85abf28","name":"joaograndao","image":{"@type":"ImageObject","inLanguage":"pt-BR","@id":"https:\/\/secure.gravatar.com\/avatar\/d5b1a3cf357ed9c50404e256a1294083aa8ab5d2a994001567302786016cb32c?s=96&d=mm&r=g","url":"https:\/\/secure.gravatar.com\/avatar\/d5b1a3cf357ed9c50404e256a1294083aa8ab5d2a994001567302786016cb32c?s=96&d=mm&r=g","contentUrl":"https:\/\/secure.gravatar.com\/avatar\/d5b1a3cf357ed9c50404e256a1294083aa8ab5d2a994001567302786016cb32c?s=96&d=mm&r=g","caption":"joaograndao"}}]}},"amp_enabled":true,"_links":{"self":[{"href":"https:\/\/radiolifefm.com.br\/noticias\/wp-json\/wp\/v2\/posts\/99781","targetHints":{"allow":["GET"]}}],"collection":[{"href":"https:\/\/radiolifefm.com.br\/noticias\/wp-json\/wp\/v2\/posts"}],"about":[{"href":"https:\/\/radiolifefm.com.br\/noticias\/wp-json\/wp\/v2\/types\/post"}],"author":[{"embeddable":true,"href":"https:\/\/radiolifefm.com.br\/noticias\/wp-json\/wp\/v2\/users\/8"}],"replies":[{"embeddable":true,"href":"https:\/\/radiolifefm.com.br\/noticias\/wp-json\/wp\/v2\/comments?post=99781"}],"version-history":[{"count":1,"href":"https:\/\/radiolifefm.com.br\/noticias\/wp-json\/wp\/v2\/posts\/99781\/revisions"}],"predecessor-version":[{"id":99787,"href":"https:\/\/radiolifefm.com.br\/noticias\/wp-json\/wp\/v2\/posts\/99781\/revisions\/99787"}],"wp:featuredmedia":[{"embeddable":true,"href":"https:\/\/radiolifefm.com.br\/noticias\/wp-json\/wp\/v2\/media\/99782"}],"wp:attachment":[{"href":"https:\/\/radiolifefm.com.br\/noticias\/wp-json\/wp\/v2\/media?parent=99781"}],"wp:term":[{"taxonomy":"category","embeddable":true,"href":"https:\/\/radiolifefm.com.br\/noticias\/wp-json\/wp\/v2\/categories?post=99781"},{"taxonomy":"post_tag","embeddable":true,"href":"https:\/\/radiolifefm.com.br\/noticias\/wp-json\/wp\/v2\/tags?post=99781"}],"curies":[{"name":"wp","href":"https:\/\/api.w.org\/{rel}","templated":true}]}}