{"id":99742,"date":"2025-04-11T09:58:10","date_gmt":"2025-04-11T12:58:10","guid":{"rendered":"https:\/\/radiolifefm.com.br\/noticias\/?p=99742"},"modified":"2026-04-20T14:46:59","modified_gmt":"2026-04-20T17:46:59","slug":"apocalipticos-em-acao-na-regiao","status":"publish","type":"post","link":"https:\/\/radiolifefm.com.br\/noticias\/apocalipticos-em-acao-na-regiao\/","title":{"rendered":"&#8220;APOCAL\u00cdPTICOS&#8221; EM A\u00c7\u00c3O NA REGI\u00c3O&#8230;"},"content":{"rendered":"<div id=\"fb-root\"><\/div>\n<p><em>&#8220;Entre um s\u00e1bio e um ignorante h\u00e1 a mesma diferen\u00e7a que entre um homem vivo e um cad\u00e1ver.&#8221; (Arist\u00f3teles)<\/em><\/p>\n<p><strong>S\u00e9rgio Barbosa (*)<\/strong><\/p>\n<p>O escritor e pesquisador, Umberto Eco, autor de diversos livros e ensaios sobre as mais diversas \u00e1reas, entre as quais o contexto midi\u00e1tico, escreveu faz alguns anos uma das muitas obras cl\u00e1ssicas, a saber; &#8220;Apocal\u00edpticos e Integrados&#8221;&#8230;<\/p>\n<p>Neste cl\u00e1ssico da \u00e1rea da comunica\u00e7\u00e3o, o autor registra duas propostas relacionadas com as denominadas Escolas de Comunica\u00e7\u00e3o, entre as quais, a &#8220;Escola de Frankfurt&#8221;, neste caso, a maior refer\u00eancia para a reflex\u00e3o te\u00f3rico-cr\u00edtica sobre &#8220;Cultura de Massa&#8221;&#8230;<\/p>\n<p>Por\u00e9m, retornando ao contexto REGIOCAL, ou seja, do Regional para o local, entretanto, utilizando um ou outro aspecto acima, ou seja, quanto o autor, Umberto Eco, cita os denominados &#8220;frankfurtianos&#8221; como pesquisadores envolvidos em um cen\u00e1rio mais do que apocal\u00edptico, portanto, tais fundamentos, tamb\u00e9m, est\u00e3o mais do que presentes na regi\u00e3o por meio dos famigerados &#8220;te\u00f3ricos do caos&#8221;, bem como, &#8220;te\u00f3ricos da conspira\u00e7\u00e3o&#8221; e assim por diante&#8230;<\/p>\n<p>Deve-se registrar que n\u00e3o tenho &#8220;procura\u00e7\u00e3o&#8221; deste ou do outro lado para escrever sobre tais casos em meio aos ocasos da regi\u00e3o, haja vista que os &#8220;ru\u00eddos regionais&#8221; est\u00e3o em todos os cantos e esquinas das cidades, al\u00e9m de outros locais de desencontros destes &#8220;te\u00f3ricos do caos&#8221;&#8230;<\/p>\n<p>Mas, entendo que &#8220;a C\u00e9sar o que \u00e9 de C\u00e9sar&#8221;, todavia, cada qual deve ter ou ficar com a sua &#8220;opini\u00e3o&#8221;, desde que a mesma apresente alguma fundamenta\u00e7\u00e3o sobre o debate em pauta&#8230;<\/p>\n<p>Por exemplo, ficar divagando sobre o cen\u00e1rio ou situa\u00e7\u00e3o financeira desta ou daquela organiza\u00e7\u00e3o, acredito, pode mais atrapalhar do que ajudar no desenvolvimento organizacional em todas as \u00e1reas da produ\u00e7\u00e3o ou presta\u00e7\u00e3o de servi\u00e7os, considerando a import\u00e2ncia estrat\u00e9gica neste tempo novo tempo que se chama hoje&#8230;<\/p>\n<p>Nestas \u00faltimas semanas, a m\u00eddia em suas diversas propostas, ou seja, radiof\u00f4nica, televisiva, impressa e digital, veicularam pautas de interesses diversos, por\u00e9m, como sempre, a maioria apresenta um cen\u00e1rio focado em problemas pautados pelo &#8220;sensacionalismo&#8221; do momento e ponto quase final&#8230;<\/p>\n<p>Al\u00e9m do mais ou de menos, entendo que se faz necess\u00e1rio marcar presen\u00e7a neste contexto plural para a regi\u00e3o, tendo em vista que o projeto deve ser pautado pelo &#8220;bem comum&#8221; entre todos os lados de um mesmo lado, haja vista a import\u00e2ncia da sintonia entre o emissor, mensagem e receptor&#8230;<\/p>\n<p>Portanto, neste contexto &#8220;regiocal&#8221;, ainda, levando em conta os desencontros patrocinados pelos &#8220;te\u00f3ricos do caos&#8221;, pode-se afirmar que os &#8220;apocal\u00edpticos da regi\u00e3o&#8221;&#8221; podem ou n\u00e3o complicar o meio de campo daqui pra frente quanto aos projetos desta ou daquela organiza\u00e7\u00e3o&#8230;<\/p>\n<p>Por\u00e9m, &#8220;todo cuidado \u00e9 pouco&#8221; com essa turma, pois, os mesmos apostam como &#8220;te\u00f3ricos do caos&#8221; em uma outra proposta, a saber; &#8220;quando pior, melhor&#8230;&#8221;<\/p>\n<p>AVE UMBERTO ECO!<\/p>\n<p>AVE ESCOLA DE FRANKFURT!<\/p>\n<p>AVE ESCOLA LATINO-AMERICANA DE COMUNICA\u00c7\u00c3O!<\/p>\n<p><strong><em>_______________________________________<\/em><\/strong><\/p>\n<p><strong><em>(*) jornalista profissional diplomado.<\/em><\/strong><\/p>\n<p><strong><em>e-mail: <\/em><\/strong><a href=\"mailto:barbosa.sebar@gmail.com\"><strong><em>barbosa.sebar@gmail.com<\/em><\/strong><\/a><\/p>\n","protected":false},"excerpt":{"rendered":"<p>&#8220;Entre um s\u00e1bio e um ignorante h\u00e1 a mesma diferen\u00e7a que entre um homem vivo e um cad\u00e1ver.&#8221; (Arist\u00f3teles) S\u00e9rgio Barbosa (*) O escritor e pesquisador, Umberto Eco, autor de diversos livros e ensaios sobre as mais diversas \u00e1reas, entre as quais o contexto midi\u00e1tico, escreveu faz alguns anos uma das muitas obras cl\u00e1ssicas, a [&hellip;]<\/p>\n","protected":false},"author":13,"featured_media":51988,"comment_status":"closed","ping_status":"open","sticky":false,"template":"","format":"standard","meta":{"_acf_changed":false,"_exactmetrics_skip_tracking":false,"_exactmetrics_sitenote_active":false,"_exactmetrics_sitenote_note":"","_exactmetrics_sitenote_category":0,"footnotes":""},"categories":[59],"tags":[],"class_list":["post-99742","post","type-post","status-publish","format-standard","has-post-thumbnail","hentry","category-opiniao"],"acf":[],"yoast_head":"<!-- This site is optimized with the Yoast SEO plugin v27.2 - https:\/\/yoast.com\/product\/yoast-seo-wordpress\/ -->\n<title>&quot;APOCAL\u00cdPTICOS&quot; EM A\u00c7\u00c3O NA REGI\u00c3O... - R\u00e1dio Life FM<\/title>\n<meta name=\"robots\" content=\"index, follow, max-snippet:-1, max-image-preview:large, max-video-preview:-1\" \/>\n<link rel=\"canonical\" href=\"https:\/\/radiolifefm.com.br\/noticias\/apocalipticos-em-acao-na-regiao\/\" \/>\n<meta property=\"og:locale\" content=\"pt_BR\" \/>\n<meta property=\"og:type\" content=\"article\" \/>\n<meta property=\"og:title\" content=\"&quot;APOCAL\u00cdPTICOS&quot; EM A\u00c7\u00c3O NA REGI\u00c3O... - R\u00e1dio Life FM\" \/>\n<meta property=\"og:description\" content=\"&#8220;Entre um s\u00e1bio e um ignorante h\u00e1 a mesma diferen\u00e7a que entre um homem vivo e um cad\u00e1ver.&#8221; (Arist\u00f3teles) S\u00e9rgio Barbosa (*) O escritor e pesquisador, Umberto Eco, autor de diversos livros e ensaios sobre as mais diversas \u00e1reas, entre as quais o contexto midi\u00e1tico, escreveu faz alguns anos uma das muitas obras cl\u00e1ssicas, a [&hellip;]\" \/>\n<meta property=\"og:url\" content=\"https:\/\/radiolifefm.com.br\/noticias\/apocalipticos-em-acao-na-regiao\/\" \/>\n<meta property=\"og:site_name\" content=\"R\u00e1dio Life FM\" \/>\n<meta property=\"article:publisher\" content=\"https:\/\/www.facebook.com\/radiolifefm\/\" \/>\n<meta property=\"article:published_time\" content=\"2025-04-11T12:58:10+00:00\" \/>\n<meta property=\"article:modified_time\" content=\"2026-04-20T17:46:59+00:00\" \/>\n<meta property=\"og:image\" content=\"https:\/\/radiolifefm.com.br\/noticias\/wp-content\/uploads\/2022\/04\/WhatsApp-Image-2022-04-10-at-18.43.02.jpeg\" \/>\n\t<meta property=\"og:image:width\" content=\"972\" \/>\n\t<meta property=\"og:image:height\" content=\"1296\" \/>\n\t<meta property=\"og:image:type\" content=\"image\/jpeg\" \/>\n<meta name=\"author\" content=\"ritanery\" \/>\n<meta name=\"twitter:card\" content=\"summary_large_image\" \/>\n<meta name=\"twitter:label1\" content=\"Escrito por\" \/>\n\t<meta name=\"twitter:data1\" content=\"ritanery\" \/>\n\t<meta name=\"twitter:label2\" content=\"Est. tempo de leitura\" \/>\n\t<meta name=\"twitter:data2\" content=\"3 minutos\" \/>\n<script type=\"application\/ld+json\" class=\"yoast-schema-graph\">{\"@context\":\"https:\/\/schema.org\",\"@graph\":[{\"@type\":\"Article\",\"@id\":\"https:\/\/radiolifefm.com.br\/noticias\/apocalipticos-em-acao-na-regiao\/#article\",\"isPartOf\":{\"@id\":\"https:\/\/radiolifefm.com.br\/noticias\/apocalipticos-em-acao-na-regiao\/\"},\"author\":{\"name\":\"ritanery\",\"@id\":\"https:\/\/radiolifefm.com.br\/noticias\/#\/schema\/person\/6339b9fac59d12b071dec680d7375d87\"},\"headline\":\"&#8220;APOCAL\u00cdPTICOS&#8221; EM A\u00c7\u00c3O NA REGI\u00c3O&#8230;\",\"datePublished\":\"2025-04-11T12:58:10+00:00\",\"dateModified\":\"2026-04-20T17:46:59+00:00\",\"mainEntityOfPage\":{\"@id\":\"https:\/\/radiolifefm.com.br\/noticias\/apocalipticos-em-acao-na-regiao\/\"},\"wordCount\":532,\"publisher\":{\"@id\":\"https:\/\/radiolifefm.com.br\/noticias\/#organization\"},\"image\":{\"@id\":\"https:\/\/radiolifefm.com.br\/noticias\/apocalipticos-em-acao-na-regiao\/#primaryimage\"},\"thumbnailUrl\":\"https:\/\/radiolifefm.com.br\/noticias\/wp-content\/uploads\/2022\/04\/WhatsApp-Image-2022-04-10-at-18.43.02.jpeg\",\"articleSection\":[\"Opini\u00e3o\"],\"inLanguage\":\"pt-BR\"},{\"@type\":\"WebPage\",\"@id\":\"https:\/\/radiolifefm.com.br\/noticias\/apocalipticos-em-acao-na-regiao\/\",\"url\":\"https:\/\/radiolifefm.com.br\/noticias\/apocalipticos-em-acao-na-regiao\/\",\"name\":\"\\\"APOCAL\u00cdPTICOS\\\" EM A\u00c7\u00c3O NA REGI\u00c3O... - R\u00e1dio Life FM\",\"isPartOf\":{\"@id\":\"https:\/\/radiolifefm.com.br\/noticias\/#website\"},\"primaryImageOfPage\":{\"@id\":\"https:\/\/radiolifefm.com.br\/noticias\/apocalipticos-em-acao-na-regiao\/#primaryimage\"},\"image\":{\"@id\":\"https:\/\/radiolifefm.com.br\/noticias\/apocalipticos-em-acao-na-regiao\/#primaryimage\"},\"thumbnailUrl\":\"https:\/\/radiolifefm.com.br\/noticias\/wp-content\/uploads\/2022\/04\/WhatsApp-Image-2022-04-10-at-18.43.02.jpeg\",\"datePublished\":\"2025-04-11T12:58:10+00:00\",\"dateModified\":\"2026-04-20T17:46:59+00:00\",\"breadcrumb\":{\"@id\":\"https:\/\/radiolifefm.com.br\/noticias\/apocalipticos-em-acao-na-regiao\/#breadcrumb\"},\"inLanguage\":\"pt-BR\",\"potentialAction\":[{\"@type\":\"ReadAction\",\"target\":[\"https:\/\/radiolifefm.com.br\/noticias\/apocalipticos-em-acao-na-regiao\/\"]}]},{\"@type\":\"ImageObject\",\"inLanguage\":\"pt-BR\",\"@id\":\"https:\/\/radiolifefm.com.br\/noticias\/apocalipticos-em-acao-na-regiao\/#primaryimage\",\"url\":\"https:\/\/radiolifefm.com.br\/noticias\/wp-content\/uploads\/2022\/04\/WhatsApp-Image-2022-04-10-at-18.43.02.jpeg\",\"contentUrl\":\"https:\/\/radiolifefm.com.br\/noticias\/wp-content\/uploads\/2022\/04\/WhatsApp-Image-2022-04-10-at-18.43.02.jpeg\",\"width\":972,\"height\":1296,\"caption\":\"S\u00e9rgio Barbosa\"},{\"@type\":\"BreadcrumbList\",\"@id\":\"https:\/\/radiolifefm.com.br\/noticias\/apocalipticos-em-acao-na-regiao\/#breadcrumb\",\"itemListElement\":[{\"@type\":\"ListItem\",\"position\":1,\"name\":\"In\u00edcio\",\"item\":\"https:\/\/radiolifefm.com.br\/noticias\/\"},{\"@type\":\"ListItem\",\"position\":2,\"name\":\"&#8220;APOCAL\u00cdPTICOS&#8221; EM A\u00c7\u00c3O NA REGI\u00c3O&#8230;\"}]},{\"@type\":\"WebSite\",\"@id\":\"https:\/\/radiolifefm.com.br\/noticias\/#website\",\"url\":\"https:\/\/radiolifefm.com.br\/noticias\/\",\"name\":\"R\u00e1dio Life FM\",\"description\":\"O Portal de Not\u00edcias de Adamantina\",\"publisher\":{\"@id\":\"https:\/\/radiolifefm.com.br\/noticias\/#organization\"},\"alternateName\":\"Life FM\",\"potentialAction\":[{\"@type\":\"SearchAction\",\"target\":{\"@type\":\"EntryPoint\",\"urlTemplate\":\"https:\/\/radiolifefm.com.br\/noticias\/?s={search_term_string}\"},\"query-input\":{\"@type\":\"PropertyValueSpecification\",\"valueRequired\":true,\"valueName\":\"search_term_string\"}}],\"inLanguage\":\"pt-BR\"},{\"@type\":\"Organization\",\"@id\":\"https:\/\/radiolifefm.com.br\/noticias\/#organization\",\"name\":\"R\u00e1dio Life FM\",\"alternateName\":\"Life FM\",\"url\":\"https:\/\/radiolifefm.com.br\/noticias\/\",\"logo\":{\"@type\":\"ImageObject\",\"inLanguage\":\"pt-BR\",\"@id\":\"https:\/\/radiolifefm.com.br\/noticias\/#\/schema\/logo\/image\/\",\"url\":\"https:\/\/static.radiolifefm.com.br\/noticias\/wp-content\/uploads\/2019\/10\/logo-lifefm.png\",\"contentUrl\":\"https:\/\/static.radiolifefm.com.br\/noticias\/wp-content\/uploads\/2019\/10\/logo-lifefm.png\",\"width\":196,\"height\":47,\"caption\":\"R\u00e1dio Life FM\"},\"image\":{\"@id\":\"https:\/\/radiolifefm.com.br\/noticias\/#\/schema\/logo\/image\/\"},\"sameAs\":[\"https:\/\/www.facebook.com\/radiolifefm\/\",\"https:\/\/www.instagram.com\/life1079fm\/\"]},{\"@type\":\"Person\",\"@id\":\"https:\/\/radiolifefm.com.br\/noticias\/#\/schema\/person\/6339b9fac59d12b071dec680d7375d87\",\"name\":\"ritanery\",\"image\":{\"@type\":\"ImageObject\",\"inLanguage\":\"pt-BR\",\"@id\":\"https:\/\/secure.gravatar.com\/avatar\/0e37bb19071f47c0b8a23f62a903df117c5a0e75f65a0c2901562f97cd41cf86?s=96&d=mm&r=g\",\"url\":\"https:\/\/secure.gravatar.com\/avatar\/0e37bb19071f47c0b8a23f62a903df117c5a0e75f65a0c2901562f97cd41cf86?s=96&d=mm&r=g\",\"contentUrl\":\"https:\/\/secure.gravatar.com\/avatar\/0e37bb19071f47c0b8a23f62a903df117c5a0e75f65a0c2901562f97cd41cf86?s=96&d=mm&r=g\",\"caption\":\"ritanery\"}}]}<\/script>\n<!-- \/ Yoast SEO plugin. -->","yoast_head_json":{"title":"\"APOCAL\u00cdPTICOS\" EM A\u00c7\u00c3O NA REGI\u00c3O... - R\u00e1dio Life FM","robots":{"index":"index","follow":"follow","max-snippet":"max-snippet:-1","max-image-preview":"max-image-preview:large","max-video-preview":"max-video-preview:-1"},"canonical":"https:\/\/radiolifefm.com.br\/noticias\/apocalipticos-em-acao-na-regiao\/","og_locale":"pt_BR","og_type":"article","og_title":"\"APOCAL\u00cdPTICOS\" EM A\u00c7\u00c3O NA REGI\u00c3O... - R\u00e1dio Life FM","og_description":"&#8220;Entre um s\u00e1bio e um ignorante h\u00e1 a mesma diferen\u00e7a que entre um homem vivo e um cad\u00e1ver.&#8221; (Arist\u00f3teles) S\u00e9rgio Barbosa (*) O escritor e pesquisador, Umberto Eco, autor de diversos livros e ensaios sobre as mais diversas \u00e1reas, entre as quais o contexto midi\u00e1tico, escreveu faz alguns anos uma das muitas obras cl\u00e1ssicas, a [&hellip;]","og_url":"https:\/\/radiolifefm.com.br\/noticias\/apocalipticos-em-acao-na-regiao\/","og_site_name":"R\u00e1dio Life FM","article_publisher":"https:\/\/www.facebook.com\/radiolifefm\/","article_published_time":"2025-04-11T12:58:10+00:00","article_modified_time":"2026-04-20T17:46:59+00:00","og_image":[{"width":972,"height":1296,"url":"https:\/\/radiolifefm.com.br\/noticias\/wp-content\/uploads\/2022\/04\/WhatsApp-Image-2022-04-10-at-18.43.02.jpeg","type":"image\/jpeg"}],"author":"ritanery","twitter_card":"summary_large_image","twitter_misc":{"Escrito por":"ritanery","Est. tempo de leitura":"3 minutos"},"schema":{"@context":"https:\/\/schema.org","@graph":[{"@type":"Article","@id":"https:\/\/radiolifefm.com.br\/noticias\/apocalipticos-em-acao-na-regiao\/#article","isPartOf":{"@id":"https:\/\/radiolifefm.com.br\/noticias\/apocalipticos-em-acao-na-regiao\/"},"author":{"name":"ritanery","@id":"https:\/\/radiolifefm.com.br\/noticias\/#\/schema\/person\/6339b9fac59d12b071dec680d7375d87"},"headline":"&#8220;APOCAL\u00cdPTICOS&#8221; EM A\u00c7\u00c3O NA REGI\u00c3O&#8230;","datePublished":"2025-04-11T12:58:10+00:00","dateModified":"2026-04-20T17:46:59+00:00","mainEntityOfPage":{"@id":"https:\/\/radiolifefm.com.br\/noticias\/apocalipticos-em-acao-na-regiao\/"},"wordCount":532,"publisher":{"@id":"https:\/\/radiolifefm.com.br\/noticias\/#organization"},"image":{"@id":"https:\/\/radiolifefm.com.br\/noticias\/apocalipticos-em-acao-na-regiao\/#primaryimage"},"thumbnailUrl":"https:\/\/radiolifefm.com.br\/noticias\/wp-content\/uploads\/2022\/04\/WhatsApp-Image-2022-04-10-at-18.43.02.jpeg","articleSection":["Opini\u00e3o"],"inLanguage":"pt-BR"},{"@type":"WebPage","@id":"https:\/\/radiolifefm.com.br\/noticias\/apocalipticos-em-acao-na-regiao\/","url":"https:\/\/radiolifefm.com.br\/noticias\/apocalipticos-em-acao-na-regiao\/","name":"\"APOCAL\u00cdPTICOS\" EM A\u00c7\u00c3O NA REGI\u00c3O... - R\u00e1dio Life FM","isPartOf":{"@id":"https:\/\/radiolifefm.com.br\/noticias\/#website"},"primaryImageOfPage":{"@id":"https:\/\/radiolifefm.com.br\/noticias\/apocalipticos-em-acao-na-regiao\/#primaryimage"},"image":{"@id":"https:\/\/radiolifefm.com.br\/noticias\/apocalipticos-em-acao-na-regiao\/#primaryimage"},"thumbnailUrl":"https:\/\/radiolifefm.com.br\/noticias\/wp-content\/uploads\/2022\/04\/WhatsApp-Image-2022-04-10-at-18.43.02.jpeg","datePublished":"2025-04-11T12:58:10+00:00","dateModified":"2026-04-20T17:46:59+00:00","breadcrumb":{"@id":"https:\/\/radiolifefm.com.br\/noticias\/apocalipticos-em-acao-na-regiao\/#breadcrumb"},"inLanguage":"pt-BR","potentialAction":[{"@type":"ReadAction","target":["https:\/\/radiolifefm.com.br\/noticias\/apocalipticos-em-acao-na-regiao\/"]}]},{"@type":"ImageObject","inLanguage":"pt-BR","@id":"https:\/\/radiolifefm.com.br\/noticias\/apocalipticos-em-acao-na-regiao\/#primaryimage","url":"https:\/\/radiolifefm.com.br\/noticias\/wp-content\/uploads\/2022\/04\/WhatsApp-Image-2022-04-10-at-18.43.02.jpeg","contentUrl":"https:\/\/radiolifefm.com.br\/noticias\/wp-content\/uploads\/2022\/04\/WhatsApp-Image-2022-04-10-at-18.43.02.jpeg","width":972,"height":1296,"caption":"S\u00e9rgio Barbosa"},{"@type":"BreadcrumbList","@id":"https:\/\/radiolifefm.com.br\/noticias\/apocalipticos-em-acao-na-regiao\/#breadcrumb","itemListElement":[{"@type":"ListItem","position":1,"name":"In\u00edcio","item":"https:\/\/radiolifefm.com.br\/noticias\/"},{"@type":"ListItem","position":2,"name":"&#8220;APOCAL\u00cdPTICOS&#8221; EM A\u00c7\u00c3O NA REGI\u00c3O&#8230;"}]},{"@type":"WebSite","@id":"https:\/\/radiolifefm.com.br\/noticias\/#website","url":"https:\/\/radiolifefm.com.br\/noticias\/","name":"R\u00e1dio Life FM","description":"O Portal de Not\u00edcias de Adamantina","publisher":{"@id":"https:\/\/radiolifefm.com.br\/noticias\/#organization"},"alternateName":"Life FM","potentialAction":[{"@type":"SearchAction","target":{"@type":"EntryPoint","urlTemplate":"https:\/\/radiolifefm.com.br\/noticias\/?s={search_term_string}"},"query-input":{"@type":"PropertyValueSpecification","valueRequired":true,"valueName":"search_term_string"}}],"inLanguage":"pt-BR"},{"@type":"Organization","@id":"https:\/\/radiolifefm.com.br\/noticias\/#organization","name":"R\u00e1dio Life FM","alternateName":"Life FM","url":"https:\/\/radiolifefm.com.br\/noticias\/","logo":{"@type":"ImageObject","inLanguage":"pt-BR","@id":"https:\/\/radiolifefm.com.br\/noticias\/#\/schema\/logo\/image\/","url":"https:\/\/static.radiolifefm.com.br\/noticias\/wp-content\/uploads\/2019\/10\/logo-lifefm.png","contentUrl":"https:\/\/static.radiolifefm.com.br\/noticias\/wp-content\/uploads\/2019\/10\/logo-lifefm.png","width":196,"height":47,"caption":"R\u00e1dio Life FM"},"image":{"@id":"https:\/\/radiolifefm.com.br\/noticias\/#\/schema\/logo\/image\/"},"sameAs":["https:\/\/www.facebook.com\/radiolifefm\/","https:\/\/www.instagram.com\/life1079fm\/"]},{"@type":"Person","@id":"https:\/\/radiolifefm.com.br\/noticias\/#\/schema\/person\/6339b9fac59d12b071dec680d7375d87","name":"ritanery","image":{"@type":"ImageObject","inLanguage":"pt-BR","@id":"https:\/\/secure.gravatar.com\/avatar\/0e37bb19071f47c0b8a23f62a903df117c5a0e75f65a0c2901562f97cd41cf86?s=96&d=mm&r=g","url":"https:\/\/secure.gravatar.com\/avatar\/0e37bb19071f47c0b8a23f62a903df117c5a0e75f65a0c2901562f97cd41cf86?s=96&d=mm&r=g","contentUrl":"https:\/\/secure.gravatar.com\/avatar\/0e37bb19071f47c0b8a23f62a903df117c5a0e75f65a0c2901562f97cd41cf86?s=96&d=mm&r=g","caption":"ritanery"}}]}},"amp_enabled":true,"_links":{"self":[{"href":"https:\/\/radiolifefm.com.br\/noticias\/wp-json\/wp\/v2\/posts\/99742","targetHints":{"allow":["GET"]}}],"collection":[{"href":"https:\/\/radiolifefm.com.br\/noticias\/wp-json\/wp\/v2\/posts"}],"about":[{"href":"https:\/\/radiolifefm.com.br\/noticias\/wp-json\/wp\/v2\/types\/post"}],"author":[{"embeddable":true,"href":"https:\/\/radiolifefm.com.br\/noticias\/wp-json\/wp\/v2\/users\/13"}],"replies":[{"embeddable":true,"href":"https:\/\/radiolifefm.com.br\/noticias\/wp-json\/wp\/v2\/comments?post=99742"}],"version-history":[{"count":1,"href":"https:\/\/radiolifefm.com.br\/noticias\/wp-json\/wp\/v2\/posts\/99742\/revisions"}],"predecessor-version":[{"id":99743,"href":"https:\/\/radiolifefm.com.br\/noticias\/wp-json\/wp\/v2\/posts\/99742\/revisions\/99743"}],"wp:featuredmedia":[{"embeddable":true,"href":"https:\/\/radiolifefm.com.br\/noticias\/wp-json\/wp\/v2\/media\/51988"}],"wp:attachment":[{"href":"https:\/\/radiolifefm.com.br\/noticias\/wp-json\/wp\/v2\/media?parent=99742"}],"wp:term":[{"taxonomy":"category","embeddable":true,"href":"https:\/\/radiolifefm.com.br\/noticias\/wp-json\/wp\/v2\/categories?post=99742"},{"taxonomy":"post_tag","embeddable":true,"href":"https:\/\/radiolifefm.com.br\/noticias\/wp-json\/wp\/v2\/tags?post=99742"}],"curies":[{"name":"wp","href":"https:\/\/api.w.org\/{rel}","templated":true}]}}