{"id":99585,"date":"2025-04-04T15:17:48","date_gmt":"2025-04-04T18:17:48","guid":{"rendered":"https:\/\/radiolifefm.com.br\/noticias\/?p=99585"},"modified":"2026-04-07T00:12:21","modified_gmt":"2026-04-07T03:12:21","slug":"podcast-prosa-do-campo-evidencia-agronegocio-de-adamantina-inicia-nova-temporada-no-dia-7-de-abril","status":"publish","type":"post","link":"https:\/\/radiolifefm.com.br\/noticias\/podcast-prosa-do-campo-evidencia-agronegocio-de-adamantina-inicia-nova-temporada-no-dia-7-de-abril\/","title":{"rendered":"Podcast Prosa do Campo: evidencia Agroneg\u00f3cio de Adamantina Inicia nova temporada no dia 7 de Abril"},"content":{"rendered":"<div id=\"fb-root\"><\/div>\n<p>Com a prova do compromisso em valorizar o agroneg\u00f3cio, o Podcast Prosa do Campo se consolida como um espa\u00e7o essencial para compartilhar informa\u00e7\u00f5es e experi\u00eancias diretamente dos produtores rurais, empres\u00e1rios e especialistas da regi\u00e3o. Criado pela R\u00e1dio Life FM, o programa trouxe inova\u00e7\u00e3o ao cen\u00e1rio local ao ser o primeiro podcast focado exclusivamente no homem do campo e no agroneg\u00f3cio.<img loading=\"lazy\" decoding=\"async\" class=\"aligncenter wp-image-99588 size-thumbnail\" src=\"https:\/\/static.radiolifefm.com.br\/noticias\/wp-content\/uploads\/2025\/04\/WhatsApp-Image-2024-08-27-at-10.59.32-150x150.jpeg\" alt=\"\" width=\"150\" height=\"150\" srcset=\"https:\/\/radiolifefm.com.br\/noticias\/wp-content\/uploads\/2025\/04\/WhatsApp-Image-2024-08-27-at-10.59.32-150x150.jpeg 150w, https:\/\/radiolifefm.com.br\/noticias\/wp-content\/uploads\/2025\/04\/WhatsApp-Image-2024-08-27-at-10.59.32-200x200.jpeg 200w, https:\/\/radiolifefm.com.br\/noticias\/wp-content\/uploads\/2025\/04\/WhatsApp-Image-2024-08-27-at-10.59.32-250x250.jpeg 250w, https:\/\/radiolifefm.com.br\/noticias\/wp-content\/uploads\/2025\/04\/WhatsApp-Image-2024-08-27-at-10.59.32-500x500.jpeg 500w, https:\/\/radiolifefm.com.br\/noticias\/wp-content\/uploads\/2025\/04\/WhatsApp-Image-2024-08-27-at-10.59.32-700x700.jpeg 700w\" sizes=\"auto, (max-width: 150px) 100vw, 150px\" \/><\/p>\n<p>Na primeira temporada, conclu\u00edda no dia 10 de dezembro de 2024, o podcast atingiu seus objetivos com excel\u00eancia. Atrav\u00e9s de transmiss\u00f5es que resumiram os acontecimentos do programa, foi poss\u00edvel promover o agroneg\u00f3cio e destacar seu impacto fundamental na economia e na sociedade. Frases marcantes como \u201cSe o campo n\u00e3o planta, a cidade n\u00e3o janta\u201d e \u201cSe o campo n\u00e3o tiver na ro\u00e7a, a cidade n\u00e3o almo\u00e7a\u201d refor\u00e7am a import\u00e2ncia de todos os envolvidos nesse setor.<img loading=\"lazy\" decoding=\"async\" class=\"aligncenter wp-image-99586 size-large\" src=\"https:\/\/static.radiolifefm.com.br\/noticias\/wp-content\/uploads\/2025\/04\/PODCAST-Prosa-do-Campo-1024x576.jpg\" alt=\"\" width=\"1024\" height=\"576\" srcset=\"https:\/\/radiolifefm.com.br\/noticias\/wp-content\/uploads\/2025\/04\/PODCAST-Prosa-do-Campo-1024x576.jpg 1024w, https:\/\/radiolifefm.com.br\/noticias\/wp-content\/uploads\/2025\/04\/PODCAST-Prosa-do-Campo-300x169.jpg 300w, https:\/\/radiolifefm.com.br\/noticias\/wp-content\/uploads\/2025\/04\/PODCAST-Prosa-do-Campo-768x432.jpg 768w, https:\/\/radiolifefm.com.br\/noticias\/wp-content\/uploads\/2025\/04\/PODCAST-Prosa-do-Campo-1536x864.jpg 1536w, https:\/\/radiolifefm.com.br\/noticias\/wp-content\/uploads\/2025\/04\/PODCAST-Prosa-do-Campo.jpg 1920w\" sizes=\"auto, (max-width: 1024px) 100vw, 1024px\" \/><\/p>\n<p>Agora, a segunda temporada inicia no dia 7 de abril de 2025, prometendo mais inova\u00e7\u00e3o, criatividade e conte\u00fado de qualidade. Com um formato ainda mais aprimorado e com maior reconhecimento na cidade, o programa visa alcan\u00e7ar um p\u00fablico ampliado e engajado, apresentando temas relevantes ao cotidiano do produtor rural e do agroneg\u00f3cio.<img loading=\"lazy\" decoding=\"async\" class=\"aligncenter size-medium wp-image-99590\" src=\"https:\/\/static.radiolifefm.com.br\/noticias\/wp-content\/uploads\/2025\/04\/WhatsApp-Image-2024-09-10-at-14.30.43-e1743790500715-300x155.jpeg\" alt=\"\" width=\"300\" height=\"155\" srcset=\"https:\/\/radiolifefm.com.br\/noticias\/wp-content\/uploads\/2025\/04\/WhatsApp-Image-2024-09-10-at-14.30.43-e1743790500715-300x155.jpeg 300w, https:\/\/radiolifefm.com.br\/noticias\/wp-content\/uploads\/2025\/04\/WhatsApp-Image-2024-09-10-at-14.30.43-e1743790500715-1024x529.jpeg 1024w, https:\/\/radiolifefm.com.br\/noticias\/wp-content\/uploads\/2025\/04\/WhatsApp-Image-2024-09-10-at-14.30.43-e1743790500715-768x397.jpeg 768w, https:\/\/radiolifefm.com.br\/noticias\/wp-content\/uploads\/2025\/04\/WhatsApp-Image-2024-09-10-at-14.30.43-e1743790500715.jpeg 1477w\" sizes=\"auto, (max-width: 300px) 100vw, 300px\" \/><\/p>\n<p>Com isso, o apresentador Cristiano do Mour\u00e3o, pecuarista e amante do campo, agradece \u00e0 R\u00e1dio Life FM pela oportunidade e refor\u00e7a o prop\u00f3sito do programa: representar e valorizar quem encabe\u00e7a o agroneg\u00f3cio, trazendo for\u00e7a e visibilidade ao homem do campo.<img loading=\"lazy\" decoding=\"async\" class=\"aligncenter size-medium wp-image-99591\" src=\"https:\/\/static.radiolifefm.com.br\/noticias\/wp-content\/uploads\/2025\/04\/Marca-dagua-PROSA-DO-CAMPO-7-300x300.jpg\" alt=\"\" width=\"300\" height=\"300\" srcset=\"https:\/\/radiolifefm.com.br\/noticias\/wp-content\/uploads\/2025\/04\/Marca-dagua-PROSA-DO-CAMPO-7-300x300.jpg 300w, https:\/\/radiolifefm.com.br\/noticias\/wp-content\/uploads\/2025\/04\/Marca-dagua-PROSA-DO-CAMPO-7-1024x1024.jpg 1024w, https:\/\/radiolifefm.com.br\/noticias\/wp-content\/uploads\/2025\/04\/Marca-dagua-PROSA-DO-CAMPO-7-150x150.jpg 150w, https:\/\/radiolifefm.com.br\/noticias\/wp-content\/uploads\/2025\/04\/Marca-dagua-PROSA-DO-CAMPO-7-768x768.jpg 768w, https:\/\/radiolifefm.com.br\/noticias\/wp-content\/uploads\/2025\/04\/Marca-dagua-PROSA-DO-CAMPO-7-200x200.jpg 200w, https:\/\/radiolifefm.com.br\/noticias\/wp-content\/uploads\/2025\/04\/Marca-dagua-PROSA-DO-CAMPO-7-250x250.jpg 250w, https:\/\/radiolifefm.com.br\/noticias\/wp-content\/uploads\/2025\/04\/Marca-dagua-PROSA-DO-CAMPO-7-500x500.jpg 500w, https:\/\/radiolifefm.com.br\/noticias\/wp-content\/uploads\/2025\/04\/Marca-dagua-PROSA-DO-CAMPO-7-700x700.jpg 700w, https:\/\/radiolifefm.com.br\/noticias\/wp-content\/uploads\/2025\/04\/Marca-dagua-PROSA-DO-CAMPO-7.jpg 1080w\" sizes=\"auto, (max-width: 300px) 100vw, 300px\" \/><\/p>\n<p>Prosa do Campo.<br \/>\nTocando o movimento e fazendo a diferen\u00e7a no agroneg\u00f3cio de Adamantina!<br \/>\nN\u00e3o perca a estreia da nova temporada e venha fortalecer o campo e as iniciativas locais.<\/p>\n<p>O podcast est\u00e1 sendo transmitido pelo r\u00e1dio na frequ\u00eancia 107,9 FM, no canal do YouTube e Facebook da Life FM Adamantina, pelo streaming no site<br \/>\n<a href=\"http:\/\/www.radiolifefm.com.br\">http:\/\/www.radiolifefm.com.br\u00a0\u00a0\u00a0<\/a><\/p>\n","protected":false},"excerpt":{"rendered":"<p>Com a prova do compromisso em valorizar o agroneg\u00f3cio, o Podcast Prosa do Campo se consolida como um espa\u00e7o essencial para compartilhar informa\u00e7\u00f5es e experi\u00eancias diretamente dos produtores rurais, empres\u00e1rios e especialistas da regi\u00e3o. Criado pela R\u00e1dio Life FM, o programa trouxe inova\u00e7\u00e3o ao cen\u00e1rio local ao ser o primeiro podcast focado exclusivamente no homem [&hellip;]<\/p>\n","protected":false},"author":8,"featured_media":99587,"comment_status":"closed","ping_status":"open","sticky":false,"template":"","format":"standard","meta":{"_acf_changed":false,"_exactmetrics_skip_tracking":false,"_exactmetrics_sitenote_active":false,"_exactmetrics_sitenote_note":"","_exactmetrics_sitenote_category":0,"footnotes":""},"categories":[21,191],"tags":[],"class_list":["post-99585","post","type-post","status-publish","format-standard","has-post-thumbnail","hentry","category-adamantina","category-prosa-do-campo"],"acf":[],"yoast_head":"<!-- This site is optimized with the Yoast SEO plugin v27.2 - https:\/\/yoast.com\/product\/yoast-seo-wordpress\/ -->\n<title>Podcast Prosa do Campo: evidencia Agroneg\u00f3cio de Adamantina Inicia nova temporada no dia 7 de Abril - R\u00e1dio Life FM<\/title>\n<meta name=\"robots\" content=\"index, follow, max-snippet:-1, max-image-preview:large, max-video-preview:-1\" \/>\n<link rel=\"canonical\" href=\"https:\/\/radiolifefm.com.br\/noticias\/podcast-prosa-do-campo-evidencia-agronegocio-de-adamantina-inicia-nova-temporada-no-dia-7-de-abril\/\" \/>\n<meta property=\"og:locale\" content=\"pt_BR\" \/>\n<meta property=\"og:type\" content=\"article\" \/>\n<meta property=\"og:title\" content=\"Podcast Prosa do Campo: evidencia Agroneg\u00f3cio de Adamantina Inicia nova temporada no dia 7 de Abril - R\u00e1dio Life FM\" \/>\n<meta property=\"og:description\" content=\"Com a prova do compromisso em valorizar o agroneg\u00f3cio, o Podcast Prosa do Campo se consolida como um espa\u00e7o essencial para compartilhar informa\u00e7\u00f5es e experi\u00eancias diretamente dos produtores rurais, empres\u00e1rios e especialistas da regi\u00e3o. Criado pela R\u00e1dio Life FM, o programa trouxe inova\u00e7\u00e3o ao cen\u00e1rio local ao ser o primeiro podcast focado exclusivamente no homem [&hellip;]\" \/>\n<meta property=\"og:url\" content=\"https:\/\/radiolifefm.com.br\/noticias\/podcast-prosa-do-campo-evidencia-agronegocio-de-adamantina-inicia-nova-temporada-no-dia-7-de-abril\/\" \/>\n<meta property=\"og:site_name\" content=\"R\u00e1dio Life FM\" \/>\n<meta property=\"article:publisher\" content=\"https:\/\/www.facebook.com\/radiolifefm\/\" \/>\n<meta property=\"article:published_time\" content=\"2025-04-04T18:17:48+00:00\" \/>\n<meta property=\"article:modified_time\" content=\"2026-04-07T03:12:21+00:00\" \/>\n<meta property=\"og:image\" content=\"https:\/\/radiolifefm.com.br\/noticias\/wp-content\/uploads\/2025\/04\/WhatsApp-Image-2024-08-26-at-21.27.56-e1724777063817.jpeg\" \/>\n\t<meta property=\"og:image:width\" content=\"1600\" \/>\n\t<meta property=\"og:image:height\" content=\"874\" \/>\n\t<meta property=\"og:image:type\" content=\"image\/jpeg\" \/>\n<meta name=\"author\" content=\"joaograndao\" \/>\n<meta name=\"twitter:card\" content=\"summary_large_image\" \/>\n<meta name=\"twitter:label1\" content=\"Escrito por\" \/>\n\t<meta name=\"twitter:data1\" content=\"joaograndao\" \/>\n\t<meta name=\"twitter:label2\" content=\"Est. tempo de leitura\" \/>\n\t<meta name=\"twitter:data2\" content=\"3 minutos\" \/>\n<script type=\"application\/ld+json\" class=\"yoast-schema-graph\">{\"@context\":\"https:\/\/schema.org\",\"@graph\":[{\"@type\":\"Article\",\"@id\":\"https:\/\/radiolifefm.com.br\/noticias\/podcast-prosa-do-campo-evidencia-agronegocio-de-adamantina-inicia-nova-temporada-no-dia-7-de-abril\/#article\",\"isPartOf\":{\"@id\":\"https:\/\/radiolifefm.com.br\/noticias\/podcast-prosa-do-campo-evidencia-agronegocio-de-adamantina-inicia-nova-temporada-no-dia-7-de-abril\/\"},\"author\":{\"name\":\"joaograndao\",\"@id\":\"https:\/\/radiolifefm.com.br\/noticias\/#\/schema\/person\/6876e1240feffe6e1b63fd5cb85abf28\"},\"headline\":\"Podcast Prosa do Campo: evidencia Agroneg\u00f3cio de Adamantina Inicia nova temporada no dia 7 de Abril\",\"datePublished\":\"2025-04-04T18:17:48+00:00\",\"dateModified\":\"2026-04-07T03:12:21+00:00\",\"mainEntityOfPage\":{\"@id\":\"https:\/\/radiolifefm.com.br\/noticias\/podcast-prosa-do-campo-evidencia-agronegocio-de-adamantina-inicia-nova-temporada-no-dia-7-de-abril\/\"},\"wordCount\":338,\"publisher\":{\"@id\":\"https:\/\/radiolifefm.com.br\/noticias\/#organization\"},\"image\":{\"@id\":\"https:\/\/radiolifefm.com.br\/noticias\/podcast-prosa-do-campo-evidencia-agronegocio-de-adamantina-inicia-nova-temporada-no-dia-7-de-abril\/#primaryimage\"},\"thumbnailUrl\":\"https:\/\/radiolifefm.com.br\/noticias\/wp-content\/uploads\/2025\/04\/WhatsApp-Image-2024-08-26-at-21.27.56-e1724777063817.jpeg\",\"articleSection\":[\"Adamantina\",\"Prosa do Campo\"],\"inLanguage\":\"pt-BR\"},{\"@type\":\"WebPage\",\"@id\":\"https:\/\/radiolifefm.com.br\/noticias\/podcast-prosa-do-campo-evidencia-agronegocio-de-adamantina-inicia-nova-temporada-no-dia-7-de-abril\/\",\"url\":\"https:\/\/radiolifefm.com.br\/noticias\/podcast-prosa-do-campo-evidencia-agronegocio-de-adamantina-inicia-nova-temporada-no-dia-7-de-abril\/\",\"name\":\"Podcast Prosa do Campo: evidencia Agroneg\u00f3cio de Adamantina Inicia nova temporada no dia 7 de Abril - R\u00e1dio Life FM\",\"isPartOf\":{\"@id\":\"https:\/\/radiolifefm.com.br\/noticias\/#website\"},\"primaryImageOfPage\":{\"@id\":\"https:\/\/radiolifefm.com.br\/noticias\/podcast-prosa-do-campo-evidencia-agronegocio-de-adamantina-inicia-nova-temporada-no-dia-7-de-abril\/#primaryimage\"},\"image\":{\"@id\":\"https:\/\/radiolifefm.com.br\/noticias\/podcast-prosa-do-campo-evidencia-agronegocio-de-adamantina-inicia-nova-temporada-no-dia-7-de-abril\/#primaryimage\"},\"thumbnailUrl\":\"https:\/\/radiolifefm.com.br\/noticias\/wp-content\/uploads\/2025\/04\/WhatsApp-Image-2024-08-26-at-21.27.56-e1724777063817.jpeg\",\"datePublished\":\"2025-04-04T18:17:48+00:00\",\"dateModified\":\"2026-04-07T03:12:21+00:00\",\"breadcrumb\":{\"@id\":\"https:\/\/radiolifefm.com.br\/noticias\/podcast-prosa-do-campo-evidencia-agronegocio-de-adamantina-inicia-nova-temporada-no-dia-7-de-abril\/#breadcrumb\"},\"inLanguage\":\"pt-BR\",\"potentialAction\":[{\"@type\":\"ReadAction\",\"target\":[\"https:\/\/radiolifefm.com.br\/noticias\/podcast-prosa-do-campo-evidencia-agronegocio-de-adamantina-inicia-nova-temporada-no-dia-7-de-abril\/\"]}]},{\"@type\":\"ImageObject\",\"inLanguage\":\"pt-BR\",\"@id\":\"https:\/\/radiolifefm.com.br\/noticias\/podcast-prosa-do-campo-evidencia-agronegocio-de-adamantina-inicia-nova-temporada-no-dia-7-de-abril\/#primaryimage\",\"url\":\"https:\/\/radiolifefm.com.br\/noticias\/wp-content\/uploads\/2025\/04\/WhatsApp-Image-2024-08-26-at-21.27.56-e1724777063817.jpeg\",\"contentUrl\":\"https:\/\/radiolifefm.com.br\/noticias\/wp-content\/uploads\/2025\/04\/WhatsApp-Image-2024-08-26-at-21.27.56-e1724777063817.jpeg\",\"width\":1600,\"height\":874},{\"@type\":\"BreadcrumbList\",\"@id\":\"https:\/\/radiolifefm.com.br\/noticias\/podcast-prosa-do-campo-evidencia-agronegocio-de-adamantina-inicia-nova-temporada-no-dia-7-de-abril\/#breadcrumb\",\"itemListElement\":[{\"@type\":\"ListItem\",\"position\":1,\"name\":\"In\u00edcio\",\"item\":\"https:\/\/radiolifefm.com.br\/noticias\/\"},{\"@type\":\"ListItem\",\"position\":2,\"name\":\"Podcast Prosa do Campo: evidencia Agroneg\u00f3cio de Adamantina Inicia nova temporada no dia 7 de Abril\"}]},{\"@type\":\"WebSite\",\"@id\":\"https:\/\/radiolifefm.com.br\/noticias\/#website\",\"url\":\"https:\/\/radiolifefm.com.br\/noticias\/\",\"name\":\"R\u00e1dio Life FM\",\"description\":\"O Portal de Not\u00edcias de Adamantina\",\"publisher\":{\"@id\":\"https:\/\/radiolifefm.com.br\/noticias\/#organization\"},\"alternateName\":\"Life FM\",\"potentialAction\":[{\"@type\":\"SearchAction\",\"target\":{\"@type\":\"EntryPoint\",\"urlTemplate\":\"https:\/\/radiolifefm.com.br\/noticias\/?s={search_term_string}\"},\"query-input\":{\"@type\":\"PropertyValueSpecification\",\"valueRequired\":true,\"valueName\":\"search_term_string\"}}],\"inLanguage\":\"pt-BR\"},{\"@type\":\"Organization\",\"@id\":\"https:\/\/radiolifefm.com.br\/noticias\/#organization\",\"name\":\"R\u00e1dio Life FM\",\"alternateName\":\"Life FM\",\"url\":\"https:\/\/radiolifefm.com.br\/noticias\/\",\"logo\":{\"@type\":\"ImageObject\",\"inLanguage\":\"pt-BR\",\"@id\":\"https:\/\/radiolifefm.com.br\/noticias\/#\/schema\/logo\/image\/\",\"url\":\"https:\/\/static.radiolifefm.com.br\/noticias\/wp-content\/uploads\/2019\/10\/logo-lifefm.png\",\"contentUrl\":\"https:\/\/static.radiolifefm.com.br\/noticias\/wp-content\/uploads\/2019\/10\/logo-lifefm.png\",\"width\":196,\"height\":47,\"caption\":\"R\u00e1dio Life FM\"},\"image\":{\"@id\":\"https:\/\/radiolifefm.com.br\/noticias\/#\/schema\/logo\/image\/\"},\"sameAs\":[\"https:\/\/www.facebook.com\/radiolifefm\/\",\"https:\/\/www.instagram.com\/life1079fm\/\"]},{\"@type\":\"Person\",\"@id\":\"https:\/\/radiolifefm.com.br\/noticias\/#\/schema\/person\/6876e1240feffe6e1b63fd5cb85abf28\",\"name\":\"joaograndao\",\"image\":{\"@type\":\"ImageObject\",\"inLanguage\":\"pt-BR\",\"@id\":\"https:\/\/secure.gravatar.com\/avatar\/d5b1a3cf357ed9c50404e256a1294083aa8ab5d2a994001567302786016cb32c?s=96&d=mm&r=g\",\"url\":\"https:\/\/secure.gravatar.com\/avatar\/d5b1a3cf357ed9c50404e256a1294083aa8ab5d2a994001567302786016cb32c?s=96&d=mm&r=g\",\"contentUrl\":\"https:\/\/secure.gravatar.com\/avatar\/d5b1a3cf357ed9c50404e256a1294083aa8ab5d2a994001567302786016cb32c?s=96&d=mm&r=g\",\"caption\":\"joaograndao\"}}]}<\/script>\n<!-- \/ Yoast SEO plugin. -->","yoast_head_json":{"title":"Podcast Prosa do Campo: evidencia Agroneg\u00f3cio de Adamantina Inicia nova temporada no dia 7 de Abril - R\u00e1dio Life FM","robots":{"index":"index","follow":"follow","max-snippet":"max-snippet:-1","max-image-preview":"max-image-preview:large","max-video-preview":"max-video-preview:-1"},"canonical":"https:\/\/radiolifefm.com.br\/noticias\/podcast-prosa-do-campo-evidencia-agronegocio-de-adamantina-inicia-nova-temporada-no-dia-7-de-abril\/","og_locale":"pt_BR","og_type":"article","og_title":"Podcast Prosa do Campo: evidencia Agroneg\u00f3cio de Adamantina Inicia nova temporada no dia 7 de Abril - R\u00e1dio Life FM","og_description":"Com a prova do compromisso em valorizar o agroneg\u00f3cio, o Podcast Prosa do Campo se consolida como um espa\u00e7o essencial para compartilhar informa\u00e7\u00f5es e experi\u00eancias diretamente dos produtores rurais, empres\u00e1rios e especialistas da regi\u00e3o. Criado pela R\u00e1dio Life FM, o programa trouxe inova\u00e7\u00e3o ao cen\u00e1rio local ao ser o primeiro podcast focado exclusivamente no homem [&hellip;]","og_url":"https:\/\/radiolifefm.com.br\/noticias\/podcast-prosa-do-campo-evidencia-agronegocio-de-adamantina-inicia-nova-temporada-no-dia-7-de-abril\/","og_site_name":"R\u00e1dio Life FM","article_publisher":"https:\/\/www.facebook.com\/radiolifefm\/","article_published_time":"2025-04-04T18:17:48+00:00","article_modified_time":"2026-04-07T03:12:21+00:00","og_image":[{"width":1600,"height":874,"url":"https:\/\/radiolifefm.com.br\/noticias\/wp-content\/uploads\/2025\/04\/WhatsApp-Image-2024-08-26-at-21.27.56-e1724777063817.jpeg","type":"image\/jpeg"}],"author":"joaograndao","twitter_card":"summary_large_image","twitter_misc":{"Escrito por":"joaograndao","Est. tempo de leitura":"3 minutos"},"schema":{"@context":"https:\/\/schema.org","@graph":[{"@type":"Article","@id":"https:\/\/radiolifefm.com.br\/noticias\/podcast-prosa-do-campo-evidencia-agronegocio-de-adamantina-inicia-nova-temporada-no-dia-7-de-abril\/#article","isPartOf":{"@id":"https:\/\/radiolifefm.com.br\/noticias\/podcast-prosa-do-campo-evidencia-agronegocio-de-adamantina-inicia-nova-temporada-no-dia-7-de-abril\/"},"author":{"name":"joaograndao","@id":"https:\/\/radiolifefm.com.br\/noticias\/#\/schema\/person\/6876e1240feffe6e1b63fd5cb85abf28"},"headline":"Podcast Prosa do Campo: evidencia Agroneg\u00f3cio de Adamantina Inicia nova temporada no dia 7 de Abril","datePublished":"2025-04-04T18:17:48+00:00","dateModified":"2026-04-07T03:12:21+00:00","mainEntityOfPage":{"@id":"https:\/\/radiolifefm.com.br\/noticias\/podcast-prosa-do-campo-evidencia-agronegocio-de-adamantina-inicia-nova-temporada-no-dia-7-de-abril\/"},"wordCount":338,"publisher":{"@id":"https:\/\/radiolifefm.com.br\/noticias\/#organization"},"image":{"@id":"https:\/\/radiolifefm.com.br\/noticias\/podcast-prosa-do-campo-evidencia-agronegocio-de-adamantina-inicia-nova-temporada-no-dia-7-de-abril\/#primaryimage"},"thumbnailUrl":"https:\/\/radiolifefm.com.br\/noticias\/wp-content\/uploads\/2025\/04\/WhatsApp-Image-2024-08-26-at-21.27.56-e1724777063817.jpeg","articleSection":["Adamantina","Prosa do Campo"],"inLanguage":"pt-BR"},{"@type":"WebPage","@id":"https:\/\/radiolifefm.com.br\/noticias\/podcast-prosa-do-campo-evidencia-agronegocio-de-adamantina-inicia-nova-temporada-no-dia-7-de-abril\/","url":"https:\/\/radiolifefm.com.br\/noticias\/podcast-prosa-do-campo-evidencia-agronegocio-de-adamantina-inicia-nova-temporada-no-dia-7-de-abril\/","name":"Podcast Prosa do Campo: evidencia Agroneg\u00f3cio de Adamantina Inicia nova temporada no dia 7 de Abril - R\u00e1dio Life FM","isPartOf":{"@id":"https:\/\/radiolifefm.com.br\/noticias\/#website"},"primaryImageOfPage":{"@id":"https:\/\/radiolifefm.com.br\/noticias\/podcast-prosa-do-campo-evidencia-agronegocio-de-adamantina-inicia-nova-temporada-no-dia-7-de-abril\/#primaryimage"},"image":{"@id":"https:\/\/radiolifefm.com.br\/noticias\/podcast-prosa-do-campo-evidencia-agronegocio-de-adamantina-inicia-nova-temporada-no-dia-7-de-abril\/#primaryimage"},"thumbnailUrl":"https:\/\/radiolifefm.com.br\/noticias\/wp-content\/uploads\/2025\/04\/WhatsApp-Image-2024-08-26-at-21.27.56-e1724777063817.jpeg","datePublished":"2025-04-04T18:17:48+00:00","dateModified":"2026-04-07T03:12:21+00:00","breadcrumb":{"@id":"https:\/\/radiolifefm.com.br\/noticias\/podcast-prosa-do-campo-evidencia-agronegocio-de-adamantina-inicia-nova-temporada-no-dia-7-de-abril\/#breadcrumb"},"inLanguage":"pt-BR","potentialAction":[{"@type":"ReadAction","target":["https:\/\/radiolifefm.com.br\/noticias\/podcast-prosa-do-campo-evidencia-agronegocio-de-adamantina-inicia-nova-temporada-no-dia-7-de-abril\/"]}]},{"@type":"ImageObject","inLanguage":"pt-BR","@id":"https:\/\/radiolifefm.com.br\/noticias\/podcast-prosa-do-campo-evidencia-agronegocio-de-adamantina-inicia-nova-temporada-no-dia-7-de-abril\/#primaryimage","url":"https:\/\/radiolifefm.com.br\/noticias\/wp-content\/uploads\/2025\/04\/WhatsApp-Image-2024-08-26-at-21.27.56-e1724777063817.jpeg","contentUrl":"https:\/\/radiolifefm.com.br\/noticias\/wp-content\/uploads\/2025\/04\/WhatsApp-Image-2024-08-26-at-21.27.56-e1724777063817.jpeg","width":1600,"height":874},{"@type":"BreadcrumbList","@id":"https:\/\/radiolifefm.com.br\/noticias\/podcast-prosa-do-campo-evidencia-agronegocio-de-adamantina-inicia-nova-temporada-no-dia-7-de-abril\/#breadcrumb","itemListElement":[{"@type":"ListItem","position":1,"name":"In\u00edcio","item":"https:\/\/radiolifefm.com.br\/noticias\/"},{"@type":"ListItem","position":2,"name":"Podcast Prosa do Campo: evidencia Agroneg\u00f3cio de Adamantina Inicia nova temporada no dia 7 de Abril"}]},{"@type":"WebSite","@id":"https:\/\/radiolifefm.com.br\/noticias\/#website","url":"https:\/\/radiolifefm.com.br\/noticias\/","name":"R\u00e1dio Life FM","description":"O Portal de Not\u00edcias de Adamantina","publisher":{"@id":"https:\/\/radiolifefm.com.br\/noticias\/#organization"},"alternateName":"Life FM","potentialAction":[{"@type":"SearchAction","target":{"@type":"EntryPoint","urlTemplate":"https:\/\/radiolifefm.com.br\/noticias\/?s={search_term_string}"},"query-input":{"@type":"PropertyValueSpecification","valueRequired":true,"valueName":"search_term_string"}}],"inLanguage":"pt-BR"},{"@type":"Organization","@id":"https:\/\/radiolifefm.com.br\/noticias\/#organization","name":"R\u00e1dio Life FM","alternateName":"Life FM","url":"https:\/\/radiolifefm.com.br\/noticias\/","logo":{"@type":"ImageObject","inLanguage":"pt-BR","@id":"https:\/\/radiolifefm.com.br\/noticias\/#\/schema\/logo\/image\/","url":"https:\/\/static.radiolifefm.com.br\/noticias\/wp-content\/uploads\/2019\/10\/logo-lifefm.png","contentUrl":"https:\/\/static.radiolifefm.com.br\/noticias\/wp-content\/uploads\/2019\/10\/logo-lifefm.png","width":196,"height":47,"caption":"R\u00e1dio Life FM"},"image":{"@id":"https:\/\/radiolifefm.com.br\/noticias\/#\/schema\/logo\/image\/"},"sameAs":["https:\/\/www.facebook.com\/radiolifefm\/","https:\/\/www.instagram.com\/life1079fm\/"]},{"@type":"Person","@id":"https:\/\/radiolifefm.com.br\/noticias\/#\/schema\/person\/6876e1240feffe6e1b63fd5cb85abf28","name":"joaograndao","image":{"@type":"ImageObject","inLanguage":"pt-BR","@id":"https:\/\/secure.gravatar.com\/avatar\/d5b1a3cf357ed9c50404e256a1294083aa8ab5d2a994001567302786016cb32c?s=96&d=mm&r=g","url":"https:\/\/secure.gravatar.com\/avatar\/d5b1a3cf357ed9c50404e256a1294083aa8ab5d2a994001567302786016cb32c?s=96&d=mm&r=g","contentUrl":"https:\/\/secure.gravatar.com\/avatar\/d5b1a3cf357ed9c50404e256a1294083aa8ab5d2a994001567302786016cb32c?s=96&d=mm&r=g","caption":"joaograndao"}}]}},"amp_enabled":true,"_links":{"self":[{"href":"https:\/\/radiolifefm.com.br\/noticias\/wp-json\/wp\/v2\/posts\/99585","targetHints":{"allow":["GET"]}}],"collection":[{"href":"https:\/\/radiolifefm.com.br\/noticias\/wp-json\/wp\/v2\/posts"}],"about":[{"href":"https:\/\/radiolifefm.com.br\/noticias\/wp-json\/wp\/v2\/types\/post"}],"author":[{"embeddable":true,"href":"https:\/\/radiolifefm.com.br\/noticias\/wp-json\/wp\/v2\/users\/8"}],"replies":[{"embeddable":true,"href":"https:\/\/radiolifefm.com.br\/noticias\/wp-json\/wp\/v2\/comments?post=99585"}],"version-history":[{"count":1,"href":"https:\/\/radiolifefm.com.br\/noticias\/wp-json\/wp\/v2\/posts\/99585\/revisions"}],"predecessor-version":[{"id":99592,"href":"https:\/\/radiolifefm.com.br\/noticias\/wp-json\/wp\/v2\/posts\/99585\/revisions\/99592"}],"wp:featuredmedia":[{"embeddable":true,"href":"https:\/\/radiolifefm.com.br\/noticias\/wp-json\/wp\/v2\/media\/99587"}],"wp:attachment":[{"href":"https:\/\/radiolifefm.com.br\/noticias\/wp-json\/wp\/v2\/media?parent=99585"}],"wp:term":[{"taxonomy":"category","embeddable":true,"href":"https:\/\/radiolifefm.com.br\/noticias\/wp-json\/wp\/v2\/categories?post=99585"},{"taxonomy":"post_tag","embeddable":true,"href":"https:\/\/radiolifefm.com.br\/noticias\/wp-json\/wp\/v2\/tags?post=99585"}],"curies":[{"name":"wp","href":"https:\/\/api.w.org\/{rel}","templated":true}]}}