{"id":99404,"date":"2025-04-04T08:27:35","date_gmt":"2025-04-04T11:27:35","guid":{"rendered":"https:\/\/radiolifefm.com.br\/noticias\/?p=99404"},"modified":"2026-04-10T21:59:11","modified_gmt":"2026-04-11T00:59:11","slug":"neste-tempo-que-esta-no-tempo-daquele-tempo","status":"publish","type":"post","link":"https:\/\/radiolifefm.com.br\/noticias\/neste-tempo-que-esta-no-tempo-daquele-tempo\/","title":{"rendered":"Neste TEMPO que est\u00e1 no TEMPO daquele TEMPO&#8230;"},"content":{"rendered":"<div id=\"fb-root\"><\/div>\n<p><strong><em>\u201cH\u00e1 um tempo em que \u00e9 preciso abandonar as roupas usadas, que j\u00e1 tem a forma do nosso corpo, e esquecer os nossos caminhos, que nos levam sempre aos mesmos lugares. \u00c9 o tempo da travessia: e, se n\u00e3o ousarmos faz\u00ea-la, teremos ficado, para sempre, \u00e0 margem de n\u00f3s mesmos.\u201d (<\/em><\/strong><a href=\"https:\/\/www.pensador.com\/autor\/fernando_teixeira_de_andrade\/\"><strong><em>Fernando Teixeira de Andrade<\/em><\/strong><strong><em>\u00a0<\/em><\/strong><\/a><strong><em>)<\/em><\/strong><\/p>\n<p><strong><em><u>Nota:<\/u><\/em><\/strong><em> A autoria do pensamento tem vindo a ser erroneamente atribu\u00edda a Fernando Pessoa.<\/em><\/p>\n<p><em>\u00a0<\/em><\/p>\n<p><strong>By seb@r.<\/strong><\/p>\n<p>&nbsp;<\/p>\n<p>no mais, como sempre, pode ser menos, pode ser que aquele TEMPO continue sempre neste mesmo TEMPO que estava no outro TEMPO&#8230;<\/p>\n<p>de um jeito ou de outro, pode ser que este TEMPO esteja mais de acordo com aquele TEMPO que se perdeu no TEMPO&#8230;<\/p>\n<p>mas, cada qual, ainda, do seu jeito, pode tentar estar neste TEMPO e ficar neste cen\u00e1rio onde o TEMPO vai tocando de leve para outros desencontros mediados pelo TEMPO&#8230;<\/p>\n<p>por isso e mais aquilo, nem tudo pode estar perdido neste TEMPO do TEMPO, haja vista que o olhar deve estar sempre al\u00e9m daquele outro TEMPO que ficou no TEMPO&#8230;<\/p>\n<p>que tudo possa se resolver deste lado do TEMPO, portanto, o mesmo pode ser diferente neste contexto plural do TEMPO que continua em ritmo silencioso&#8230;<\/p>\n<p>e assim, dizem, caminha o TEMPO que se perdeu naquele outro TEMPO deste mesmo TEMPO, por\u00e9m, cada lugar pode determinar o TEMPO do seu TEMPO&#8230;<\/p>\n<p>na realidade deste TEMPO, apenas quem esteve perdido em si mesmo\/a, talvez, possa saber pra onde ir sem pensar em estar neste TEMPO que \u00e9 apenas um TEMPO&#8230;<\/p>\n<p>das profundezas daquele TEMPO que ficou perdido em um abismo secular, deve-se considerar que o TEMPO do sagrado permanece mediando todos os desencontros deste mesmo TEMPO&#8230;<\/p>\n<p>naquele TEMPO apenas um detalhe fazia a diferen\u00e7a, por isso, n\u00e3o ficou aquela sensa\u00e7\u00e3o de que este TEMPO estava mais de acordo com o TEMPO&#8230;<\/p>\n<p>o que importa neste TEMPO pode estar em um outro TEMPO, assim, cada TEMPO deve estar em sintonia com este mesmo TEMPO para aquele outro TEMPO&#8230;<\/p>\n<p>de um mesmo lado, pode ser aquilo que nunca esteve neste TEMPO, ainda, nada pode estar deste lado se n\u00e3o houve um TEMPO que possa estar em sintonia com aquele mesmo TEMPO que se perdeu no outro TEMPO&#8230;<\/p>\n<p>todas as utopias que existem neste TEMPO, pode estar em conex\u00e3o com as buscas daquele mesmo TEMPO que era epnas um detalhe do outro TEMPO&#8230;<\/p>\n<p>DESTE JEITO, APENAS QUEM ESTEVE NESTE TEMPO DO TEMPO SABER DO TEMPO&#8230;<\/p>\n<p>&nbsp;<\/p>\n<p>&nbsp;<\/p>\n<p><strong>e-mail: <\/strong><a href=\"mailto:barbosa.sebar@gmail.com\"><strong>barbosa.sebar@gmail.com<\/strong><\/a><\/p>\n<p>&nbsp;<\/p>\n<p>&nbsp;<\/p>\n","protected":false},"excerpt":{"rendered":"<p>\u201cH\u00e1 um tempo em que \u00e9 preciso abandonar as roupas usadas, que j\u00e1 tem a forma do nosso corpo, e esquecer os nossos caminhos, que nos levam sempre aos mesmos lugares. \u00c9 o tempo da travessia: e, se n\u00e3o ousarmos faz\u00ea-la, teremos ficado, para sempre, \u00e0 margem de n\u00f3s mesmos.\u201d (Fernando Teixeira de Andrade\u00a0) Nota: [&hellip;]<\/p>\n","protected":false},"author":13,"featured_media":51988,"comment_status":"closed","ping_status":"open","sticky":false,"template":"","format":"standard","meta":{"_acf_changed":false,"_exactmetrics_skip_tracking":false,"_exactmetrics_sitenote_active":false,"_exactmetrics_sitenote_note":"","_exactmetrics_sitenote_category":0,"footnotes":""},"categories":[59],"tags":[],"class_list":["post-99404","post","type-post","status-publish","format-standard","has-post-thumbnail","hentry","category-opiniao"],"acf":[],"yoast_head":"<!-- This site is optimized with the Yoast SEO plugin v27.2 - https:\/\/yoast.com\/product\/yoast-seo-wordpress\/ -->\n<title>Neste TEMPO que est\u00e1 no TEMPO daquele TEMPO... - R\u00e1dio Life FM<\/title>\n<meta name=\"robots\" content=\"index, follow, max-snippet:-1, max-image-preview:large, max-video-preview:-1\" \/>\n<link rel=\"canonical\" href=\"https:\/\/radiolifefm.com.br\/noticias\/neste-tempo-que-esta-no-tempo-daquele-tempo\/\" \/>\n<meta property=\"og:locale\" content=\"pt_BR\" \/>\n<meta property=\"og:type\" content=\"article\" \/>\n<meta property=\"og:title\" content=\"Neste TEMPO que est\u00e1 no TEMPO daquele TEMPO... - R\u00e1dio Life FM\" \/>\n<meta property=\"og:description\" content=\"\u201cH\u00e1 um tempo em que \u00e9 preciso abandonar as roupas usadas, que j\u00e1 tem a forma do nosso corpo, e esquecer os nossos caminhos, que nos levam sempre aos mesmos lugares. \u00c9 o tempo da travessia: e, se n\u00e3o ousarmos faz\u00ea-la, teremos ficado, para sempre, \u00e0 margem de n\u00f3s mesmos.\u201d (Fernando Teixeira de Andrade\u00a0) Nota: [&hellip;]\" \/>\n<meta property=\"og:url\" content=\"https:\/\/radiolifefm.com.br\/noticias\/neste-tempo-que-esta-no-tempo-daquele-tempo\/\" \/>\n<meta property=\"og:site_name\" content=\"R\u00e1dio Life FM\" \/>\n<meta property=\"article:publisher\" content=\"https:\/\/www.facebook.com\/radiolifefm\/\" \/>\n<meta property=\"article:published_time\" content=\"2025-04-04T11:27:35+00:00\" \/>\n<meta property=\"article:modified_time\" content=\"2026-04-11T00:59:11+00:00\" \/>\n<meta property=\"og:image\" content=\"https:\/\/radiolifefm.com.br\/noticias\/wp-content\/uploads\/2022\/04\/WhatsApp-Image-2022-04-10-at-18.43.02.jpeg\" \/>\n\t<meta property=\"og:image:width\" content=\"972\" \/>\n\t<meta property=\"og:image:height\" content=\"1296\" \/>\n\t<meta property=\"og:image:type\" content=\"image\/jpeg\" \/>\n<meta name=\"author\" content=\"ritanery\" \/>\n<meta name=\"twitter:card\" content=\"summary_large_image\" \/>\n<meta name=\"twitter:label1\" content=\"Escrito por\" \/>\n\t<meta name=\"twitter:data1\" content=\"ritanery\" \/>\n\t<meta name=\"twitter:label2\" content=\"Est. tempo de leitura\" \/>\n\t<meta name=\"twitter:data2\" content=\"3 minutos\" \/>\n<script type=\"application\/ld+json\" class=\"yoast-schema-graph\">{\"@context\":\"https:\/\/schema.org\",\"@graph\":[{\"@type\":\"Article\",\"@id\":\"https:\/\/radiolifefm.com.br\/noticias\/neste-tempo-que-esta-no-tempo-daquele-tempo\/#article\",\"isPartOf\":{\"@id\":\"https:\/\/radiolifefm.com.br\/noticias\/neste-tempo-que-esta-no-tempo-daquele-tempo\/\"},\"author\":{\"name\":\"ritanery\",\"@id\":\"https:\/\/radiolifefm.com.br\/noticias\/#\/schema\/person\/6339b9fac59d12b071dec680d7375d87\"},\"headline\":\"Neste TEMPO que est\u00e1 no TEMPO daquele TEMPO&#8230;\",\"datePublished\":\"2025-04-04T11:27:35+00:00\",\"dateModified\":\"2026-04-11T00:59:11+00:00\",\"mainEntityOfPage\":{\"@id\":\"https:\/\/radiolifefm.com.br\/noticias\/neste-tempo-que-esta-no-tempo-daquele-tempo\/\"},\"wordCount\":432,\"publisher\":{\"@id\":\"https:\/\/radiolifefm.com.br\/noticias\/#organization\"},\"image\":{\"@id\":\"https:\/\/radiolifefm.com.br\/noticias\/neste-tempo-que-esta-no-tempo-daquele-tempo\/#primaryimage\"},\"thumbnailUrl\":\"https:\/\/radiolifefm.com.br\/noticias\/wp-content\/uploads\/2022\/04\/WhatsApp-Image-2022-04-10-at-18.43.02.jpeg\",\"articleSection\":[\"Opini\u00e3o\"],\"inLanguage\":\"pt-BR\"},{\"@type\":\"WebPage\",\"@id\":\"https:\/\/radiolifefm.com.br\/noticias\/neste-tempo-que-esta-no-tempo-daquele-tempo\/\",\"url\":\"https:\/\/radiolifefm.com.br\/noticias\/neste-tempo-que-esta-no-tempo-daquele-tempo\/\",\"name\":\"Neste TEMPO que est\u00e1 no TEMPO daquele TEMPO... - R\u00e1dio Life FM\",\"isPartOf\":{\"@id\":\"https:\/\/radiolifefm.com.br\/noticias\/#website\"},\"primaryImageOfPage\":{\"@id\":\"https:\/\/radiolifefm.com.br\/noticias\/neste-tempo-que-esta-no-tempo-daquele-tempo\/#primaryimage\"},\"image\":{\"@id\":\"https:\/\/radiolifefm.com.br\/noticias\/neste-tempo-que-esta-no-tempo-daquele-tempo\/#primaryimage\"},\"thumbnailUrl\":\"https:\/\/radiolifefm.com.br\/noticias\/wp-content\/uploads\/2022\/04\/WhatsApp-Image-2022-04-10-at-18.43.02.jpeg\",\"datePublished\":\"2025-04-04T11:27:35+00:00\",\"dateModified\":\"2026-04-11T00:59:11+00:00\",\"breadcrumb\":{\"@id\":\"https:\/\/radiolifefm.com.br\/noticias\/neste-tempo-que-esta-no-tempo-daquele-tempo\/#breadcrumb\"},\"inLanguage\":\"pt-BR\",\"potentialAction\":[{\"@type\":\"ReadAction\",\"target\":[\"https:\/\/radiolifefm.com.br\/noticias\/neste-tempo-que-esta-no-tempo-daquele-tempo\/\"]}]},{\"@type\":\"ImageObject\",\"inLanguage\":\"pt-BR\",\"@id\":\"https:\/\/radiolifefm.com.br\/noticias\/neste-tempo-que-esta-no-tempo-daquele-tempo\/#primaryimage\",\"url\":\"https:\/\/radiolifefm.com.br\/noticias\/wp-content\/uploads\/2022\/04\/WhatsApp-Image-2022-04-10-at-18.43.02.jpeg\",\"contentUrl\":\"https:\/\/radiolifefm.com.br\/noticias\/wp-content\/uploads\/2022\/04\/WhatsApp-Image-2022-04-10-at-18.43.02.jpeg\",\"width\":972,\"height\":1296,\"caption\":\"S\u00e9rgio Barbosa\"},{\"@type\":\"BreadcrumbList\",\"@id\":\"https:\/\/radiolifefm.com.br\/noticias\/neste-tempo-que-esta-no-tempo-daquele-tempo\/#breadcrumb\",\"itemListElement\":[{\"@type\":\"ListItem\",\"position\":1,\"name\":\"In\u00edcio\",\"item\":\"https:\/\/radiolifefm.com.br\/noticias\/\"},{\"@type\":\"ListItem\",\"position\":2,\"name\":\"Neste TEMPO que est\u00e1 no TEMPO daquele TEMPO&#8230;\"}]},{\"@type\":\"WebSite\",\"@id\":\"https:\/\/radiolifefm.com.br\/noticias\/#website\",\"url\":\"https:\/\/radiolifefm.com.br\/noticias\/\",\"name\":\"R\u00e1dio Life FM\",\"description\":\"O Portal de Not\u00edcias de Adamantina\",\"publisher\":{\"@id\":\"https:\/\/radiolifefm.com.br\/noticias\/#organization\"},\"alternateName\":\"Life FM\",\"potentialAction\":[{\"@type\":\"SearchAction\",\"target\":{\"@type\":\"EntryPoint\",\"urlTemplate\":\"https:\/\/radiolifefm.com.br\/noticias\/?s={search_term_string}\"},\"query-input\":{\"@type\":\"PropertyValueSpecification\",\"valueRequired\":true,\"valueName\":\"search_term_string\"}}],\"inLanguage\":\"pt-BR\"},{\"@type\":\"Organization\",\"@id\":\"https:\/\/radiolifefm.com.br\/noticias\/#organization\",\"name\":\"R\u00e1dio Life FM\",\"alternateName\":\"Life FM\",\"url\":\"https:\/\/radiolifefm.com.br\/noticias\/\",\"logo\":{\"@type\":\"ImageObject\",\"inLanguage\":\"pt-BR\",\"@id\":\"https:\/\/radiolifefm.com.br\/noticias\/#\/schema\/logo\/image\/\",\"url\":\"https:\/\/static.radiolifefm.com.br\/noticias\/wp-content\/uploads\/2019\/10\/logo-lifefm.png\",\"contentUrl\":\"https:\/\/static.radiolifefm.com.br\/noticias\/wp-content\/uploads\/2019\/10\/logo-lifefm.png\",\"width\":196,\"height\":47,\"caption\":\"R\u00e1dio Life FM\"},\"image\":{\"@id\":\"https:\/\/radiolifefm.com.br\/noticias\/#\/schema\/logo\/image\/\"},\"sameAs\":[\"https:\/\/www.facebook.com\/radiolifefm\/\",\"https:\/\/www.instagram.com\/life1079fm\/\"]},{\"@type\":\"Person\",\"@id\":\"https:\/\/radiolifefm.com.br\/noticias\/#\/schema\/person\/6339b9fac59d12b071dec680d7375d87\",\"name\":\"ritanery\",\"image\":{\"@type\":\"ImageObject\",\"inLanguage\":\"pt-BR\",\"@id\":\"https:\/\/secure.gravatar.com\/avatar\/0e37bb19071f47c0b8a23f62a903df117c5a0e75f65a0c2901562f97cd41cf86?s=96&d=mm&r=g\",\"url\":\"https:\/\/secure.gravatar.com\/avatar\/0e37bb19071f47c0b8a23f62a903df117c5a0e75f65a0c2901562f97cd41cf86?s=96&d=mm&r=g\",\"contentUrl\":\"https:\/\/secure.gravatar.com\/avatar\/0e37bb19071f47c0b8a23f62a903df117c5a0e75f65a0c2901562f97cd41cf86?s=96&d=mm&r=g\",\"caption\":\"ritanery\"}}]}<\/script>\n<!-- \/ Yoast SEO plugin. -->","yoast_head_json":{"title":"Neste TEMPO que est\u00e1 no TEMPO daquele TEMPO... - R\u00e1dio Life FM","robots":{"index":"index","follow":"follow","max-snippet":"max-snippet:-1","max-image-preview":"max-image-preview:large","max-video-preview":"max-video-preview:-1"},"canonical":"https:\/\/radiolifefm.com.br\/noticias\/neste-tempo-que-esta-no-tempo-daquele-tempo\/","og_locale":"pt_BR","og_type":"article","og_title":"Neste TEMPO que est\u00e1 no TEMPO daquele TEMPO... - R\u00e1dio Life FM","og_description":"\u201cH\u00e1 um tempo em que \u00e9 preciso abandonar as roupas usadas, que j\u00e1 tem a forma do nosso corpo, e esquecer os nossos caminhos, que nos levam sempre aos mesmos lugares. \u00c9 o tempo da travessia: e, se n\u00e3o ousarmos faz\u00ea-la, teremos ficado, para sempre, \u00e0 margem de n\u00f3s mesmos.\u201d (Fernando Teixeira de Andrade\u00a0) Nota: [&hellip;]","og_url":"https:\/\/radiolifefm.com.br\/noticias\/neste-tempo-que-esta-no-tempo-daquele-tempo\/","og_site_name":"R\u00e1dio Life FM","article_publisher":"https:\/\/www.facebook.com\/radiolifefm\/","article_published_time":"2025-04-04T11:27:35+00:00","article_modified_time":"2026-04-11T00:59:11+00:00","og_image":[{"width":972,"height":1296,"url":"https:\/\/radiolifefm.com.br\/noticias\/wp-content\/uploads\/2022\/04\/WhatsApp-Image-2022-04-10-at-18.43.02.jpeg","type":"image\/jpeg"}],"author":"ritanery","twitter_card":"summary_large_image","twitter_misc":{"Escrito por":"ritanery","Est. tempo de leitura":"3 minutos"},"schema":{"@context":"https:\/\/schema.org","@graph":[{"@type":"Article","@id":"https:\/\/radiolifefm.com.br\/noticias\/neste-tempo-que-esta-no-tempo-daquele-tempo\/#article","isPartOf":{"@id":"https:\/\/radiolifefm.com.br\/noticias\/neste-tempo-que-esta-no-tempo-daquele-tempo\/"},"author":{"name":"ritanery","@id":"https:\/\/radiolifefm.com.br\/noticias\/#\/schema\/person\/6339b9fac59d12b071dec680d7375d87"},"headline":"Neste TEMPO que est\u00e1 no TEMPO daquele TEMPO&#8230;","datePublished":"2025-04-04T11:27:35+00:00","dateModified":"2026-04-11T00:59:11+00:00","mainEntityOfPage":{"@id":"https:\/\/radiolifefm.com.br\/noticias\/neste-tempo-que-esta-no-tempo-daquele-tempo\/"},"wordCount":432,"publisher":{"@id":"https:\/\/radiolifefm.com.br\/noticias\/#organization"},"image":{"@id":"https:\/\/radiolifefm.com.br\/noticias\/neste-tempo-que-esta-no-tempo-daquele-tempo\/#primaryimage"},"thumbnailUrl":"https:\/\/radiolifefm.com.br\/noticias\/wp-content\/uploads\/2022\/04\/WhatsApp-Image-2022-04-10-at-18.43.02.jpeg","articleSection":["Opini\u00e3o"],"inLanguage":"pt-BR"},{"@type":"WebPage","@id":"https:\/\/radiolifefm.com.br\/noticias\/neste-tempo-que-esta-no-tempo-daquele-tempo\/","url":"https:\/\/radiolifefm.com.br\/noticias\/neste-tempo-que-esta-no-tempo-daquele-tempo\/","name":"Neste TEMPO que est\u00e1 no TEMPO daquele TEMPO... - R\u00e1dio Life FM","isPartOf":{"@id":"https:\/\/radiolifefm.com.br\/noticias\/#website"},"primaryImageOfPage":{"@id":"https:\/\/radiolifefm.com.br\/noticias\/neste-tempo-que-esta-no-tempo-daquele-tempo\/#primaryimage"},"image":{"@id":"https:\/\/radiolifefm.com.br\/noticias\/neste-tempo-que-esta-no-tempo-daquele-tempo\/#primaryimage"},"thumbnailUrl":"https:\/\/radiolifefm.com.br\/noticias\/wp-content\/uploads\/2022\/04\/WhatsApp-Image-2022-04-10-at-18.43.02.jpeg","datePublished":"2025-04-04T11:27:35+00:00","dateModified":"2026-04-11T00:59:11+00:00","breadcrumb":{"@id":"https:\/\/radiolifefm.com.br\/noticias\/neste-tempo-que-esta-no-tempo-daquele-tempo\/#breadcrumb"},"inLanguage":"pt-BR","potentialAction":[{"@type":"ReadAction","target":["https:\/\/radiolifefm.com.br\/noticias\/neste-tempo-que-esta-no-tempo-daquele-tempo\/"]}]},{"@type":"ImageObject","inLanguage":"pt-BR","@id":"https:\/\/radiolifefm.com.br\/noticias\/neste-tempo-que-esta-no-tempo-daquele-tempo\/#primaryimage","url":"https:\/\/radiolifefm.com.br\/noticias\/wp-content\/uploads\/2022\/04\/WhatsApp-Image-2022-04-10-at-18.43.02.jpeg","contentUrl":"https:\/\/radiolifefm.com.br\/noticias\/wp-content\/uploads\/2022\/04\/WhatsApp-Image-2022-04-10-at-18.43.02.jpeg","width":972,"height":1296,"caption":"S\u00e9rgio Barbosa"},{"@type":"BreadcrumbList","@id":"https:\/\/radiolifefm.com.br\/noticias\/neste-tempo-que-esta-no-tempo-daquele-tempo\/#breadcrumb","itemListElement":[{"@type":"ListItem","position":1,"name":"In\u00edcio","item":"https:\/\/radiolifefm.com.br\/noticias\/"},{"@type":"ListItem","position":2,"name":"Neste TEMPO que est\u00e1 no TEMPO daquele TEMPO&#8230;"}]},{"@type":"WebSite","@id":"https:\/\/radiolifefm.com.br\/noticias\/#website","url":"https:\/\/radiolifefm.com.br\/noticias\/","name":"R\u00e1dio Life FM","description":"O Portal de Not\u00edcias de Adamantina","publisher":{"@id":"https:\/\/radiolifefm.com.br\/noticias\/#organization"},"alternateName":"Life FM","potentialAction":[{"@type":"SearchAction","target":{"@type":"EntryPoint","urlTemplate":"https:\/\/radiolifefm.com.br\/noticias\/?s={search_term_string}"},"query-input":{"@type":"PropertyValueSpecification","valueRequired":true,"valueName":"search_term_string"}}],"inLanguage":"pt-BR"},{"@type":"Organization","@id":"https:\/\/radiolifefm.com.br\/noticias\/#organization","name":"R\u00e1dio Life FM","alternateName":"Life FM","url":"https:\/\/radiolifefm.com.br\/noticias\/","logo":{"@type":"ImageObject","inLanguage":"pt-BR","@id":"https:\/\/radiolifefm.com.br\/noticias\/#\/schema\/logo\/image\/","url":"https:\/\/static.radiolifefm.com.br\/noticias\/wp-content\/uploads\/2019\/10\/logo-lifefm.png","contentUrl":"https:\/\/static.radiolifefm.com.br\/noticias\/wp-content\/uploads\/2019\/10\/logo-lifefm.png","width":196,"height":47,"caption":"R\u00e1dio Life FM"},"image":{"@id":"https:\/\/radiolifefm.com.br\/noticias\/#\/schema\/logo\/image\/"},"sameAs":["https:\/\/www.facebook.com\/radiolifefm\/","https:\/\/www.instagram.com\/life1079fm\/"]},{"@type":"Person","@id":"https:\/\/radiolifefm.com.br\/noticias\/#\/schema\/person\/6339b9fac59d12b071dec680d7375d87","name":"ritanery","image":{"@type":"ImageObject","inLanguage":"pt-BR","@id":"https:\/\/secure.gravatar.com\/avatar\/0e37bb19071f47c0b8a23f62a903df117c5a0e75f65a0c2901562f97cd41cf86?s=96&d=mm&r=g","url":"https:\/\/secure.gravatar.com\/avatar\/0e37bb19071f47c0b8a23f62a903df117c5a0e75f65a0c2901562f97cd41cf86?s=96&d=mm&r=g","contentUrl":"https:\/\/secure.gravatar.com\/avatar\/0e37bb19071f47c0b8a23f62a903df117c5a0e75f65a0c2901562f97cd41cf86?s=96&d=mm&r=g","caption":"ritanery"}}]}},"amp_enabled":true,"_links":{"self":[{"href":"https:\/\/radiolifefm.com.br\/noticias\/wp-json\/wp\/v2\/posts\/99404","targetHints":{"allow":["GET"]}}],"collection":[{"href":"https:\/\/radiolifefm.com.br\/noticias\/wp-json\/wp\/v2\/posts"}],"about":[{"href":"https:\/\/radiolifefm.com.br\/noticias\/wp-json\/wp\/v2\/types\/post"}],"author":[{"embeddable":true,"href":"https:\/\/radiolifefm.com.br\/noticias\/wp-json\/wp\/v2\/users\/13"}],"replies":[{"embeddable":true,"href":"https:\/\/radiolifefm.com.br\/noticias\/wp-json\/wp\/v2\/comments?post=99404"}],"version-history":[{"count":1,"href":"https:\/\/radiolifefm.com.br\/noticias\/wp-json\/wp\/v2\/posts\/99404\/revisions"}],"predecessor-version":[{"id":99405,"href":"https:\/\/radiolifefm.com.br\/noticias\/wp-json\/wp\/v2\/posts\/99404\/revisions\/99405"}],"wp:featuredmedia":[{"embeddable":true,"href":"https:\/\/radiolifefm.com.br\/noticias\/wp-json\/wp\/v2\/media\/51988"}],"wp:attachment":[{"href":"https:\/\/radiolifefm.com.br\/noticias\/wp-json\/wp\/v2\/media?parent=99404"}],"wp:term":[{"taxonomy":"category","embeddable":true,"href":"https:\/\/radiolifefm.com.br\/noticias\/wp-json\/wp\/v2\/categories?post=99404"},{"taxonomy":"post_tag","embeddable":true,"href":"https:\/\/radiolifefm.com.br\/noticias\/wp-json\/wp\/v2\/tags?post=99404"}],"curies":[{"name":"wp","href":"https:\/\/api.w.org\/{rel}","templated":true}]}}