{"id":99344,"date":"2025-04-02T08:37:40","date_gmt":"2025-04-02T11:37:40","guid":{"rendered":"https:\/\/radiolifefm.com.br\/noticias\/?p=99344"},"modified":"2026-03-29T02:01:10","modified_gmt":"2026-03-29T05:01:10","slug":"metacomunicacao-em-nivel-glocal-2","status":"publish","type":"post","link":"https:\/\/radiolifefm.com.br\/noticias\/metacomunicacao-em-nivel-glocal-2\/","title":{"rendered":"METACOMUNICA\u00c7\u00c3O EM N\u00cdVEL GLOCAL&#8230;"},"content":{"rendered":"<div id=\"fb-root\"><\/div>\n<p><em>\u201c\u00c0s vezes, a \u00fanica coisa verdadeira num jornal \u00e9 a data\u201d<\/em><\/p>\n<p>&nbsp;<\/p>\n<p><strong><em>S\u00e9rgio Barbosa (*) <\/em><\/strong><\/p>\n<p>&nbsp;<\/p>\n<p>A m\u00eddia internacional em n\u00edvel de perspectiva GLOCAL, ou seja, do GLOBAL para o LOCAL, continua divulgando fatos relacionados com o CEN\u00c1RIO da denominada GEOPOL\u00cdTICA em todas as \u00e1reas do MERCADO&#8230;<\/p>\n<p>Por\u00e9m, como diz o velho dito popular deste lado, TODO CUIDADO \u00c9 POUCO com isto e mais aquilo, tendo em vista que a DOMINA\u00c7\u00c3O das informa\u00e7\u00f5es mediadas pelas PLATAFORMAS DIGITAIS em nome dos interesses do PODER ECON\u00d5MICO&#8230;<\/p>\n<p><strong>Plataformas digitais<\/strong><\/p>\n<p>Muitas das PROPOSTAS do atual governo brasileiro, bem como, o cen\u00e1rio mundial em pr\u00e9-temporada de mudan\u00e7as para diversas \u00e1reas de interesse do mercado na perspectiva GLOCAL, est\u00e3o de um jeito ou de outro, atreladas as IDAS e VINDAS da ECOONOMIA e ponto quase final&#8230;<\/p>\n<p>Interessante acompanhar a veicula\u00e7\u00e3o MIDI\u00c1TICA dos fatos e outros desencontros por meio das denominadas PLATAFORMAS DIGITAIS, ainda, dos IMPRESSOS em geral quando as diversas PAUTAS est\u00e3o sempre em n\u00edvel de DESINFORMA\u00c7\u00c3O, bem como, apoiadas pelas MENTES MED\u00cdOCRES deste e do outro lado&#8230;<\/p>\n<p>Al\u00e9m do mais em maio ao tudo de menos, tais FATOS est\u00e3o sempre do lado do PODER ECON\u00d4MICO, ainda, usam e abusam das NOT\u00cdCIAS para complicar o meio de campo de quem est\u00e1 do outro lado, neste caso em meio aos ocasos de um TALVEZ para muitas D\u00daVIDAS sobre tudo e todos\/as&#8230;<\/p>\n<p>Para tentar entender os c\u00f3digos desta METACOMUNICA\u00c7\u00c3O, torna-se necess\u00e1rio estar em SINTONIA com a HIST\u00d3RIA dos velhos tempos, ainda, \u00a0principalmente quando o CAOS se faz presente para apresentar este ou aquele FURO JORNAL\u00cdSTICO em tempo de P\u00d3S-GLOBALIZA\u00c7\u00c3O MIDI\u00c1TICA&#8230;<\/p>\n<p>A denominada GRANDE IMPRENSA (sic), continua COMERCIALIZANDO tal qual um PRODUTO que pode ser, ainda, uma PRESTA\u00c7\u00c3O DE SERVI\u00c7OS com PRAZO DE VALIDADE mais do que VICIADO da MENSAGEM em pauta, portanto, complicando cada vez mais o RECEPTOR que ficam sem saber qual \u00e9 o EMISSOR&#8230;<\/p>\n<p>Os processos midi\u00e1ticos contempor\u00e2neos est\u00e3o na pauta das grandes corpora\u00e7\u00f5es de m\u00eddia em n\u00edvel GLOCAL, proporcionando as megafus\u00f5es das ORGANIZA\u00c7\u00d5ES MIDI\u00c1TICAS neste tempo novo tempo&#8230;<\/p>\n<p>No final dos anos 90, o pesquisador Denis Moraes, denominou tais INCORPORA\u00c7\u00d5ES como \u201cPlaneta M\u00eddia\u201d, assim, os meios acabaram se transformando pelas descobertas decorrentes da inform\u00e1tica na \u00e1rea comunicacional, quando tudo se transforma em segundos pelas fibras \u00f3ticas ou pelo toque m\u00e1gico da IA- INTELIG\u00caNCIA ARTIFICIAL&#8230;<\/p>\n<p><strong>P\u00f3s-Globaliza\u00e7\u00e3o<\/strong><\/p>\n<p>\u00c9 preciso estar na rede, se poss\u00edvel, em conex\u00e3o com tais mudan\u00e7as que chegam sem pedir licen\u00e7a e sob a bandeira MIDI\u00c1TICA da P\u00d3S-GLOBALIZA\u00c7\u00c3O como in\u00edcio, meio e quase fim dos processos tecnol\u00f3gicos em evolu\u00e7\u00e3o por meio do DESENVOLVIMENTO constante em busca das NOVAS DESCOBERTAS&#8230;<\/p>\n<p>Neste CEN\u00c1RIO MIDI\u00c1TICO, deve-se considerar que tudo \u00e9 permitido e n\u00e3o existe um padr\u00e3o moral para as descobertas em GERAL, tendo em vista que o PRODUTO continua o mesmo de sempre em todas as \u00e1reas do MERCADO&#8230;<\/p>\n<p>Para a M\u00cdDIA ORGANIZACIONAL, continua valendo e existindo uma das frases da \u00e1rea da PUBLICIDADE, a saber: NADA SE CRIA, TUDO SE COPIA&#8230;<\/p>\n<p>Nestes OCASOS, por\u00e9m, antes de qualquer coisa, \u00e9 preciso descobrir quem manda em quem, isso \u00e9, para quem sabe e depois, tentar entender ou at\u00e9 mesmo estar deste ou do outro LADO de um mesmo LADO&#8230;<\/p>\n<p>QUEM SOBREVIVER VAI SABER&#8230;<\/p>\n<p><strong><em>_____________________________________<\/em><\/strong><\/p>\n<p><strong><em>(*) Jornalista diplomado.<\/em><\/strong><\/p>\n<p><strong><em>e-mail: <a href=\"mailto:barbosa.ebar@gmail.com\">barbosa.ebar@gmail.com<\/a><\/em><\/strong><\/p>\n","protected":false},"excerpt":{"rendered":"<p>\u201c\u00c0s vezes, a \u00fanica coisa verdadeira num jornal \u00e9 a data\u201d &nbsp; S\u00e9rgio Barbosa (*) &nbsp; A m\u00eddia internacional em n\u00edvel de perspectiva GLOCAL, ou seja, do GLOBAL para o LOCAL, continua divulgando fatos relacionados com o CEN\u00c1RIO da denominada GEOPOL\u00cdTICA em todas as \u00e1reas do MERCADO&#8230; Por\u00e9m, como diz o velho dito popular deste [&hellip;]<\/p>\n","protected":false},"author":13,"featured_media":51988,"comment_status":"closed","ping_status":"open","sticky":false,"template":"","format":"standard","meta":{"_acf_changed":false,"_exactmetrics_skip_tracking":false,"_exactmetrics_sitenote_active":false,"_exactmetrics_sitenote_note":"","_exactmetrics_sitenote_category":0,"footnotes":""},"categories":[1],"tags":[],"class_list":["post-99344","post","type-post","status-publish","format-standard","has-post-thumbnail","hentry","category-geral"],"acf":[],"yoast_head":"<!-- This site is optimized with the Yoast SEO plugin v27.2 - https:\/\/yoast.com\/product\/yoast-seo-wordpress\/ -->\n<title>METACOMUNICA\u00c7\u00c3O EM N\u00cdVEL GLOCAL... - R\u00e1dio Life FM<\/title>\n<meta name=\"robots\" content=\"index, follow, max-snippet:-1, max-image-preview:large, max-video-preview:-1\" \/>\n<link rel=\"canonical\" href=\"https:\/\/radiolifefm.com.br\/noticias\/metacomunicacao-em-nivel-glocal-2\/\" \/>\n<meta property=\"og:locale\" content=\"pt_BR\" \/>\n<meta property=\"og:type\" content=\"article\" \/>\n<meta property=\"og:title\" content=\"METACOMUNICA\u00c7\u00c3O EM N\u00cdVEL GLOCAL... - R\u00e1dio Life FM\" \/>\n<meta property=\"og:description\" content=\"\u201c\u00c0s vezes, a \u00fanica coisa verdadeira num jornal \u00e9 a data\u201d &nbsp; S\u00e9rgio Barbosa (*) &nbsp; A m\u00eddia internacional em n\u00edvel de perspectiva GLOCAL, ou seja, do GLOBAL para o LOCAL, continua divulgando fatos relacionados com o CEN\u00c1RIO da denominada GEOPOL\u00cdTICA em todas as \u00e1reas do MERCADO&#8230; Por\u00e9m, como diz o velho dito popular deste [&hellip;]\" \/>\n<meta property=\"og:url\" content=\"https:\/\/radiolifefm.com.br\/noticias\/metacomunicacao-em-nivel-glocal-2\/\" \/>\n<meta property=\"og:site_name\" content=\"R\u00e1dio Life FM\" \/>\n<meta property=\"article:publisher\" content=\"https:\/\/www.facebook.com\/radiolifefm\/\" \/>\n<meta property=\"article:published_time\" content=\"2025-04-02T11:37:40+00:00\" \/>\n<meta property=\"article:modified_time\" content=\"2026-03-29T05:01:10+00:00\" \/>\n<meta property=\"og:image\" content=\"https:\/\/radiolifefm.com.br\/noticias\/wp-content\/uploads\/2022\/04\/WhatsApp-Image-2022-04-10-at-18.43.02.jpeg\" \/>\n\t<meta property=\"og:image:width\" content=\"972\" \/>\n\t<meta property=\"og:image:height\" content=\"1296\" \/>\n\t<meta property=\"og:image:type\" content=\"image\/jpeg\" \/>\n<meta name=\"author\" content=\"ritanery\" \/>\n<meta name=\"twitter:card\" content=\"summary_large_image\" \/>\n<meta name=\"twitter:label1\" content=\"Escrito por\" \/>\n\t<meta name=\"twitter:data1\" content=\"ritanery\" \/>\n\t<meta name=\"twitter:label2\" content=\"Est. tempo de leitura\" \/>\n\t<meta name=\"twitter:data2\" content=\"4 minutos\" \/>\n<script type=\"application\/ld+json\" class=\"yoast-schema-graph\">{\"@context\":\"https:\/\/schema.org\",\"@graph\":[{\"@type\":\"Article\",\"@id\":\"https:\/\/radiolifefm.com.br\/noticias\/metacomunicacao-em-nivel-glocal-2\/#article\",\"isPartOf\":{\"@id\":\"https:\/\/radiolifefm.com.br\/noticias\/metacomunicacao-em-nivel-glocal-2\/\"},\"author\":{\"name\":\"ritanery\",\"@id\":\"https:\/\/radiolifefm.com.br\/noticias\/#\/schema\/person\/6339b9fac59d12b071dec680d7375d87\"},\"headline\":\"METACOMUNICA\u00c7\u00c3O EM N\u00cdVEL GLOCAL&#8230;\",\"datePublished\":\"2025-04-02T11:37:40+00:00\",\"dateModified\":\"2026-03-29T05:01:10+00:00\",\"mainEntityOfPage\":{\"@id\":\"https:\/\/radiolifefm.com.br\/noticias\/metacomunicacao-em-nivel-glocal-2\/\"},\"wordCount\":596,\"publisher\":{\"@id\":\"https:\/\/radiolifefm.com.br\/noticias\/#organization\"},\"image\":{\"@id\":\"https:\/\/radiolifefm.com.br\/noticias\/metacomunicacao-em-nivel-glocal-2\/#primaryimage\"},\"thumbnailUrl\":\"https:\/\/radiolifefm.com.br\/noticias\/wp-content\/uploads\/2022\/04\/WhatsApp-Image-2022-04-10-at-18.43.02.jpeg\",\"articleSection\":[\"Geral\"],\"inLanguage\":\"pt-BR\"},{\"@type\":\"WebPage\",\"@id\":\"https:\/\/radiolifefm.com.br\/noticias\/metacomunicacao-em-nivel-glocal-2\/\",\"url\":\"https:\/\/radiolifefm.com.br\/noticias\/metacomunicacao-em-nivel-glocal-2\/\",\"name\":\"METACOMUNICA\u00c7\u00c3O EM N\u00cdVEL GLOCAL... - R\u00e1dio Life FM\",\"isPartOf\":{\"@id\":\"https:\/\/radiolifefm.com.br\/noticias\/#website\"},\"primaryImageOfPage\":{\"@id\":\"https:\/\/radiolifefm.com.br\/noticias\/metacomunicacao-em-nivel-glocal-2\/#primaryimage\"},\"image\":{\"@id\":\"https:\/\/radiolifefm.com.br\/noticias\/metacomunicacao-em-nivel-glocal-2\/#primaryimage\"},\"thumbnailUrl\":\"https:\/\/radiolifefm.com.br\/noticias\/wp-content\/uploads\/2022\/04\/WhatsApp-Image-2022-04-10-at-18.43.02.jpeg\",\"datePublished\":\"2025-04-02T11:37:40+00:00\",\"dateModified\":\"2026-03-29T05:01:10+00:00\",\"breadcrumb\":{\"@id\":\"https:\/\/radiolifefm.com.br\/noticias\/metacomunicacao-em-nivel-glocal-2\/#breadcrumb\"},\"inLanguage\":\"pt-BR\",\"potentialAction\":[{\"@type\":\"ReadAction\",\"target\":[\"https:\/\/radiolifefm.com.br\/noticias\/metacomunicacao-em-nivel-glocal-2\/\"]}]},{\"@type\":\"ImageObject\",\"inLanguage\":\"pt-BR\",\"@id\":\"https:\/\/radiolifefm.com.br\/noticias\/metacomunicacao-em-nivel-glocal-2\/#primaryimage\",\"url\":\"https:\/\/radiolifefm.com.br\/noticias\/wp-content\/uploads\/2022\/04\/WhatsApp-Image-2022-04-10-at-18.43.02.jpeg\",\"contentUrl\":\"https:\/\/radiolifefm.com.br\/noticias\/wp-content\/uploads\/2022\/04\/WhatsApp-Image-2022-04-10-at-18.43.02.jpeg\",\"width\":972,\"height\":1296,\"caption\":\"S\u00e9rgio Barbosa\"},{\"@type\":\"BreadcrumbList\",\"@id\":\"https:\/\/radiolifefm.com.br\/noticias\/metacomunicacao-em-nivel-glocal-2\/#breadcrumb\",\"itemListElement\":[{\"@type\":\"ListItem\",\"position\":1,\"name\":\"In\u00edcio\",\"item\":\"https:\/\/radiolifefm.com.br\/noticias\/\"},{\"@type\":\"ListItem\",\"position\":2,\"name\":\"METACOMUNICA\u00c7\u00c3O EM N\u00cdVEL GLOCAL&#8230;\"}]},{\"@type\":\"WebSite\",\"@id\":\"https:\/\/radiolifefm.com.br\/noticias\/#website\",\"url\":\"https:\/\/radiolifefm.com.br\/noticias\/\",\"name\":\"R\u00e1dio Life FM\",\"description\":\"O Portal de Not\u00edcias de Adamantina\",\"publisher\":{\"@id\":\"https:\/\/radiolifefm.com.br\/noticias\/#organization\"},\"alternateName\":\"Life FM\",\"potentialAction\":[{\"@type\":\"SearchAction\",\"target\":{\"@type\":\"EntryPoint\",\"urlTemplate\":\"https:\/\/radiolifefm.com.br\/noticias\/?s={search_term_string}\"},\"query-input\":{\"@type\":\"PropertyValueSpecification\",\"valueRequired\":true,\"valueName\":\"search_term_string\"}}],\"inLanguage\":\"pt-BR\"},{\"@type\":\"Organization\",\"@id\":\"https:\/\/radiolifefm.com.br\/noticias\/#organization\",\"name\":\"R\u00e1dio Life FM\",\"alternateName\":\"Life FM\",\"url\":\"https:\/\/radiolifefm.com.br\/noticias\/\",\"logo\":{\"@type\":\"ImageObject\",\"inLanguage\":\"pt-BR\",\"@id\":\"https:\/\/radiolifefm.com.br\/noticias\/#\/schema\/logo\/image\/\",\"url\":\"https:\/\/static.radiolifefm.com.br\/noticias\/wp-content\/uploads\/2019\/10\/logo-lifefm.png\",\"contentUrl\":\"https:\/\/static.radiolifefm.com.br\/noticias\/wp-content\/uploads\/2019\/10\/logo-lifefm.png\",\"width\":196,\"height\":47,\"caption\":\"R\u00e1dio Life FM\"},\"image\":{\"@id\":\"https:\/\/radiolifefm.com.br\/noticias\/#\/schema\/logo\/image\/\"},\"sameAs\":[\"https:\/\/www.facebook.com\/radiolifefm\/\",\"https:\/\/www.instagram.com\/life1079fm\/\"]},{\"@type\":\"Person\",\"@id\":\"https:\/\/radiolifefm.com.br\/noticias\/#\/schema\/person\/6339b9fac59d12b071dec680d7375d87\",\"name\":\"ritanery\",\"image\":{\"@type\":\"ImageObject\",\"inLanguage\":\"pt-BR\",\"@id\":\"https:\/\/secure.gravatar.com\/avatar\/0e37bb19071f47c0b8a23f62a903df117c5a0e75f65a0c2901562f97cd41cf86?s=96&d=mm&r=g\",\"url\":\"https:\/\/secure.gravatar.com\/avatar\/0e37bb19071f47c0b8a23f62a903df117c5a0e75f65a0c2901562f97cd41cf86?s=96&d=mm&r=g\",\"contentUrl\":\"https:\/\/secure.gravatar.com\/avatar\/0e37bb19071f47c0b8a23f62a903df117c5a0e75f65a0c2901562f97cd41cf86?s=96&d=mm&r=g\",\"caption\":\"ritanery\"}}]}<\/script>\n<!-- \/ Yoast SEO plugin. -->","yoast_head_json":{"title":"METACOMUNICA\u00c7\u00c3O EM N\u00cdVEL GLOCAL... - R\u00e1dio Life FM","robots":{"index":"index","follow":"follow","max-snippet":"max-snippet:-1","max-image-preview":"max-image-preview:large","max-video-preview":"max-video-preview:-1"},"canonical":"https:\/\/radiolifefm.com.br\/noticias\/metacomunicacao-em-nivel-glocal-2\/","og_locale":"pt_BR","og_type":"article","og_title":"METACOMUNICA\u00c7\u00c3O EM N\u00cdVEL GLOCAL... - R\u00e1dio Life FM","og_description":"\u201c\u00c0s vezes, a \u00fanica coisa verdadeira num jornal \u00e9 a data\u201d &nbsp; S\u00e9rgio Barbosa (*) &nbsp; A m\u00eddia internacional em n\u00edvel de perspectiva GLOCAL, ou seja, do GLOBAL para o LOCAL, continua divulgando fatos relacionados com o CEN\u00c1RIO da denominada GEOPOL\u00cdTICA em todas as \u00e1reas do MERCADO&#8230; Por\u00e9m, como diz o velho dito popular deste [&hellip;]","og_url":"https:\/\/radiolifefm.com.br\/noticias\/metacomunicacao-em-nivel-glocal-2\/","og_site_name":"R\u00e1dio Life FM","article_publisher":"https:\/\/www.facebook.com\/radiolifefm\/","article_published_time":"2025-04-02T11:37:40+00:00","article_modified_time":"2026-03-29T05:01:10+00:00","og_image":[{"width":972,"height":1296,"url":"https:\/\/radiolifefm.com.br\/noticias\/wp-content\/uploads\/2022\/04\/WhatsApp-Image-2022-04-10-at-18.43.02.jpeg","type":"image\/jpeg"}],"author":"ritanery","twitter_card":"summary_large_image","twitter_misc":{"Escrito por":"ritanery","Est. tempo de leitura":"4 minutos"},"schema":{"@context":"https:\/\/schema.org","@graph":[{"@type":"Article","@id":"https:\/\/radiolifefm.com.br\/noticias\/metacomunicacao-em-nivel-glocal-2\/#article","isPartOf":{"@id":"https:\/\/radiolifefm.com.br\/noticias\/metacomunicacao-em-nivel-glocal-2\/"},"author":{"name":"ritanery","@id":"https:\/\/radiolifefm.com.br\/noticias\/#\/schema\/person\/6339b9fac59d12b071dec680d7375d87"},"headline":"METACOMUNICA\u00c7\u00c3O EM N\u00cdVEL GLOCAL&#8230;","datePublished":"2025-04-02T11:37:40+00:00","dateModified":"2026-03-29T05:01:10+00:00","mainEntityOfPage":{"@id":"https:\/\/radiolifefm.com.br\/noticias\/metacomunicacao-em-nivel-glocal-2\/"},"wordCount":596,"publisher":{"@id":"https:\/\/radiolifefm.com.br\/noticias\/#organization"},"image":{"@id":"https:\/\/radiolifefm.com.br\/noticias\/metacomunicacao-em-nivel-glocal-2\/#primaryimage"},"thumbnailUrl":"https:\/\/radiolifefm.com.br\/noticias\/wp-content\/uploads\/2022\/04\/WhatsApp-Image-2022-04-10-at-18.43.02.jpeg","articleSection":["Geral"],"inLanguage":"pt-BR"},{"@type":"WebPage","@id":"https:\/\/radiolifefm.com.br\/noticias\/metacomunicacao-em-nivel-glocal-2\/","url":"https:\/\/radiolifefm.com.br\/noticias\/metacomunicacao-em-nivel-glocal-2\/","name":"METACOMUNICA\u00c7\u00c3O EM N\u00cdVEL GLOCAL... - R\u00e1dio Life FM","isPartOf":{"@id":"https:\/\/radiolifefm.com.br\/noticias\/#website"},"primaryImageOfPage":{"@id":"https:\/\/radiolifefm.com.br\/noticias\/metacomunicacao-em-nivel-glocal-2\/#primaryimage"},"image":{"@id":"https:\/\/radiolifefm.com.br\/noticias\/metacomunicacao-em-nivel-glocal-2\/#primaryimage"},"thumbnailUrl":"https:\/\/radiolifefm.com.br\/noticias\/wp-content\/uploads\/2022\/04\/WhatsApp-Image-2022-04-10-at-18.43.02.jpeg","datePublished":"2025-04-02T11:37:40+00:00","dateModified":"2026-03-29T05:01:10+00:00","breadcrumb":{"@id":"https:\/\/radiolifefm.com.br\/noticias\/metacomunicacao-em-nivel-glocal-2\/#breadcrumb"},"inLanguage":"pt-BR","potentialAction":[{"@type":"ReadAction","target":["https:\/\/radiolifefm.com.br\/noticias\/metacomunicacao-em-nivel-glocal-2\/"]}]},{"@type":"ImageObject","inLanguage":"pt-BR","@id":"https:\/\/radiolifefm.com.br\/noticias\/metacomunicacao-em-nivel-glocal-2\/#primaryimage","url":"https:\/\/radiolifefm.com.br\/noticias\/wp-content\/uploads\/2022\/04\/WhatsApp-Image-2022-04-10-at-18.43.02.jpeg","contentUrl":"https:\/\/radiolifefm.com.br\/noticias\/wp-content\/uploads\/2022\/04\/WhatsApp-Image-2022-04-10-at-18.43.02.jpeg","width":972,"height":1296,"caption":"S\u00e9rgio Barbosa"},{"@type":"BreadcrumbList","@id":"https:\/\/radiolifefm.com.br\/noticias\/metacomunicacao-em-nivel-glocal-2\/#breadcrumb","itemListElement":[{"@type":"ListItem","position":1,"name":"In\u00edcio","item":"https:\/\/radiolifefm.com.br\/noticias\/"},{"@type":"ListItem","position":2,"name":"METACOMUNICA\u00c7\u00c3O EM N\u00cdVEL GLOCAL&#8230;"}]},{"@type":"WebSite","@id":"https:\/\/radiolifefm.com.br\/noticias\/#website","url":"https:\/\/radiolifefm.com.br\/noticias\/","name":"R\u00e1dio Life FM","description":"O Portal de Not\u00edcias de Adamantina","publisher":{"@id":"https:\/\/radiolifefm.com.br\/noticias\/#organization"},"alternateName":"Life FM","potentialAction":[{"@type":"SearchAction","target":{"@type":"EntryPoint","urlTemplate":"https:\/\/radiolifefm.com.br\/noticias\/?s={search_term_string}"},"query-input":{"@type":"PropertyValueSpecification","valueRequired":true,"valueName":"search_term_string"}}],"inLanguage":"pt-BR"},{"@type":"Organization","@id":"https:\/\/radiolifefm.com.br\/noticias\/#organization","name":"R\u00e1dio Life FM","alternateName":"Life FM","url":"https:\/\/radiolifefm.com.br\/noticias\/","logo":{"@type":"ImageObject","inLanguage":"pt-BR","@id":"https:\/\/radiolifefm.com.br\/noticias\/#\/schema\/logo\/image\/","url":"https:\/\/static.radiolifefm.com.br\/noticias\/wp-content\/uploads\/2019\/10\/logo-lifefm.png","contentUrl":"https:\/\/static.radiolifefm.com.br\/noticias\/wp-content\/uploads\/2019\/10\/logo-lifefm.png","width":196,"height":47,"caption":"R\u00e1dio Life FM"},"image":{"@id":"https:\/\/radiolifefm.com.br\/noticias\/#\/schema\/logo\/image\/"},"sameAs":["https:\/\/www.facebook.com\/radiolifefm\/","https:\/\/www.instagram.com\/life1079fm\/"]},{"@type":"Person","@id":"https:\/\/radiolifefm.com.br\/noticias\/#\/schema\/person\/6339b9fac59d12b071dec680d7375d87","name":"ritanery","image":{"@type":"ImageObject","inLanguage":"pt-BR","@id":"https:\/\/secure.gravatar.com\/avatar\/0e37bb19071f47c0b8a23f62a903df117c5a0e75f65a0c2901562f97cd41cf86?s=96&d=mm&r=g","url":"https:\/\/secure.gravatar.com\/avatar\/0e37bb19071f47c0b8a23f62a903df117c5a0e75f65a0c2901562f97cd41cf86?s=96&d=mm&r=g","contentUrl":"https:\/\/secure.gravatar.com\/avatar\/0e37bb19071f47c0b8a23f62a903df117c5a0e75f65a0c2901562f97cd41cf86?s=96&d=mm&r=g","caption":"ritanery"}}]}},"amp_enabled":true,"_links":{"self":[{"href":"https:\/\/radiolifefm.com.br\/noticias\/wp-json\/wp\/v2\/posts\/99344","targetHints":{"allow":["GET"]}}],"collection":[{"href":"https:\/\/radiolifefm.com.br\/noticias\/wp-json\/wp\/v2\/posts"}],"about":[{"href":"https:\/\/radiolifefm.com.br\/noticias\/wp-json\/wp\/v2\/types\/post"}],"author":[{"embeddable":true,"href":"https:\/\/radiolifefm.com.br\/noticias\/wp-json\/wp\/v2\/users\/13"}],"replies":[{"embeddable":true,"href":"https:\/\/radiolifefm.com.br\/noticias\/wp-json\/wp\/v2\/comments?post=99344"}],"version-history":[{"count":1,"href":"https:\/\/radiolifefm.com.br\/noticias\/wp-json\/wp\/v2\/posts\/99344\/revisions"}],"predecessor-version":[{"id":99345,"href":"https:\/\/radiolifefm.com.br\/noticias\/wp-json\/wp\/v2\/posts\/99344\/revisions\/99345"}],"wp:featuredmedia":[{"embeddable":true,"href":"https:\/\/radiolifefm.com.br\/noticias\/wp-json\/wp\/v2\/media\/51988"}],"wp:attachment":[{"href":"https:\/\/radiolifefm.com.br\/noticias\/wp-json\/wp\/v2\/media?parent=99344"}],"wp:term":[{"taxonomy":"category","embeddable":true,"href":"https:\/\/radiolifefm.com.br\/noticias\/wp-json\/wp\/v2\/categories?post=99344"},{"taxonomy":"post_tag","embeddable":true,"href":"https:\/\/radiolifefm.com.br\/noticias\/wp-json\/wp\/v2\/tags?post=99344"}],"curies":[{"name":"wp","href":"https:\/\/api.w.org\/{rel}","templated":true}]}}