{"id":99162,"date":"2025-03-31T08:21:58","date_gmt":"2025-03-31T11:21:58","guid":{"rendered":"https:\/\/radiolifefm.com.br\/noticias\/?p=99162"},"modified":"2026-04-24T01:35:39","modified_gmt":"2026-04-24T04:35:39","slug":"provincia-legislativo-bamad-e-mulheres","status":"publish","type":"post","link":"https:\/\/radiolifefm.com.br\/noticias\/provincia-legislativo-bamad-e-mulheres\/","title":{"rendered":"Prov\u00edncia, Legislativo, BAMAD e Mulheres&#8230;"},"content":{"rendered":"<div id=\"fb-root\"><\/div>\n<p><strong><em>\u00a0\u201cA falta de consci\u00eancia pol\u00edtica, a impunidade gritante fomentada pelos nossos legisladores e por todas as esferas do poder p\u00fablico, aliados a ingenuidade de um povo fragilizado pela m\u00e1 educa\u00e7\u00e3o, transformam lobos carniceiros em guardi\u00f5es de ovelhas.\u201d (<\/em><\/strong><a href=\"https:\/\/www.pensador.com\/autor\/renee_venancio\/\"><strong><em>Ren\u00e9e Ven\u00e2ncio<\/em><\/strong><\/a><strong><em>)<\/em><\/strong><\/p>\n<p><strong><em>\u00a0<\/em><\/strong><\/p>\n<p><strong>By seb@r.<\/strong><\/p>\n<p>Neste m\u00eas de mar\u00e7o, ainda, tendo em vista o dia 8 de mar\u00e7o, denominado e comemorado como o DIA INTERNACIONAL DAS MULHERES, tamb\u00e9m, deve-se registrar que uma decis\u00e3o que ocorreu no dia 24, segunda-feira, na sess\u00e3o do LEGISLATIVO PROVINCIANO&#8230;<\/p>\n<p>Ou seja, o famoso 5 X 3, isso mesmo, foram CINVO VOTOS CONTR\u00c1RIOS contra TR\u00caS FAVOR\u00c1VEIS ao PROJETO da cria\u00e7\u00e3o do CONSELHO MUNICIPAL DOS DIREITOS DA MULHER, ainda, dos 5 VOTOS registrados, TR\u00caS FORAM DE VEREADORAS, isso mesmo, al\u00e9m dos outros dois votos que deixaram a desejar&#8230;<\/p>\n<p>Nestes OCASOS DE UM TALVEZ, os discursos (sic) CONTR\u00c1RIOS estiveram al\u00e9m do esperado quando se trata de refor\u00e7ar os VOTOS CONTR\u00c1RIOS, haja vista que ficar batendo em outras quest\u00f5es que s\u00e3o priorit\u00e1rias, entre as quais, a SA\u00daDE ou a EDUCA\u00c7\u00c3O, pode ser uma alternativa para isto e mais aquilo&#8230;<\/p>\n<p>Espero que o PODER EXECUTIVO possa retomar tal DISCUSS\u00c3O e se poss\u00edvel, com APROVA\u00c7\u00c3O, desta vez, com a FOR\u00c7A DAS ELEITORAS e APOIO dos ELEITORES, bem como, da MIDIA LOCAL para pressionar tais desencontros deste LEGISLATIVO PROVINCIANO&#8230;<\/p>\n<p>Pelo que est\u00e1 ocorrendo e tendo em pauta tal REJEI\u00c7\u00c3O deste PROJETO, pode-se considerar aqueles velhos ditos populares, a saber: SE VOC\u00ca PENSVA QUE TAVA RUIM, PODE PIORAR, ainda, EU ERA FELIZ E N\u00c3O SABIA, desta forma, TODO CUIDADO \u00c9 POUCO com este LEGISLATIVO PROVINCIANO&#8230;<\/p>\n<p>Com certeza foi um PRESENTE, por\u00e9m, como diz outro dito, DE GREGO para todas as MULHERES PROVINCIANAS, ainda, uma HOMENAGEM PELO DIA INTERNACIONAL DAS MULHRES com os votos CONTR\u00c1RIOS DAS LEGISLADORAS e APOIO dos outros dois VOTOS&#8230;<\/p>\n<p>Na realidade, s\u00e3o todos\/as FARINHAS DO MESMO SACO quando se trata de MENTES MED\u00cdOCRES em terras PROVINCIANAS, portanto, no dia 31 deste m\u00eas, os\/as PATRIOT\u00c1RIOS\/AS deste PA\u00cdS DO FAZ DE CONTA e APOIO RESTRITO dos\/as FARDADOS\/AS, devem de um jeito ou de outro, se manifestarem e com certeza, v\u00e3o ler e ouvir aquela frase de feito que est\u00e1 cada vez mais evidente, ou seja, PERDERAM MAN\u00c9S!<\/p>\n<p>Ah! Estava esquecendo aqui, tamb\u00e9m, com essa VOTA\u00c7\u00c3O CONTR\u00c1RIA no LEGISLATIVO PROVINCIANO, assim, ficamos na espera da espera (sic) do que vai acontecer daqui pra frente com a BAMAD que est\u00e1 SEM MAESTRO&#8230;<\/p>\n<p>N\u00e3o se pode deixar de lado que essa turma que est\u00e1 no comando em n\u00edvel de GEST\u00c3O P\u00daBLICA, pode avan\u00e7ar aqui e ali em nome da COMUNIDADE, todavia, fazem parte da turma que luta pra BOIADA PASSAR&#8230;<\/p>\n<p>QUEM SOBREVIVER VAI SABER&#8230;<\/p>\n<p>&nbsp;<\/p>\n<p>e-mail: <a href=\"mailto:barbosa.sebar@gmail.com\">barbosa.sebar@gmail.com<\/a><\/p>\n<p>&nbsp;<\/p>\n","protected":false},"excerpt":{"rendered":"<p>\u00a0\u201cA falta de consci\u00eancia pol\u00edtica, a impunidade gritante fomentada pelos nossos legisladores e por todas as esferas do poder p\u00fablico, aliados a ingenuidade de um povo fragilizado pela m\u00e1 educa\u00e7\u00e3o, transformam lobos carniceiros em guardi\u00f5es de ovelhas.\u201d (Ren\u00e9e Ven\u00e2ncio) \u00a0 By seb@r. Neste m\u00eas de mar\u00e7o, ainda, tendo em vista o dia 8 de mar\u00e7o, [&hellip;]<\/p>\n","protected":false},"author":13,"featured_media":51988,"comment_status":"closed","ping_status":"open","sticky":false,"template":"","format":"standard","meta":{"_acf_changed":false,"_exactmetrics_skip_tracking":false,"_exactmetrics_sitenote_active":false,"_exactmetrics_sitenote_note":"","_exactmetrics_sitenote_category":0,"footnotes":""},"categories":[59],"tags":[],"class_list":["post-99162","post","type-post","status-publish","format-standard","has-post-thumbnail","hentry","category-opiniao"],"acf":[],"yoast_head":"<!-- This site is optimized with the Yoast SEO plugin v27.2 - https:\/\/yoast.com\/product\/yoast-seo-wordpress\/ -->\n<title>Prov\u00edncia, Legislativo, BAMAD e Mulheres... - R\u00e1dio Life FM<\/title>\n<meta name=\"robots\" content=\"index, follow, max-snippet:-1, max-image-preview:large, max-video-preview:-1\" \/>\n<link rel=\"canonical\" href=\"https:\/\/radiolifefm.com.br\/noticias\/provincia-legislativo-bamad-e-mulheres\/\" \/>\n<meta property=\"og:locale\" content=\"pt_BR\" \/>\n<meta property=\"og:type\" content=\"article\" \/>\n<meta property=\"og:title\" content=\"Prov\u00edncia, Legislativo, BAMAD e Mulheres... - R\u00e1dio Life FM\" \/>\n<meta property=\"og:description\" content=\"\u00a0\u201cA falta de consci\u00eancia pol\u00edtica, a impunidade gritante fomentada pelos nossos legisladores e por todas as esferas do poder p\u00fablico, aliados a ingenuidade de um povo fragilizado pela m\u00e1 educa\u00e7\u00e3o, transformam lobos carniceiros em guardi\u00f5es de ovelhas.\u201d (Ren\u00e9e Ven\u00e2ncio) \u00a0 By seb@r. Neste m\u00eas de mar\u00e7o, ainda, tendo em vista o dia 8 de mar\u00e7o, [&hellip;]\" \/>\n<meta property=\"og:url\" content=\"https:\/\/radiolifefm.com.br\/noticias\/provincia-legislativo-bamad-e-mulheres\/\" \/>\n<meta property=\"og:site_name\" content=\"R\u00e1dio Life FM\" \/>\n<meta property=\"article:publisher\" content=\"https:\/\/www.facebook.com\/radiolifefm\/\" \/>\n<meta property=\"article:published_time\" content=\"2025-03-31T11:21:58+00:00\" \/>\n<meta property=\"article:modified_time\" content=\"2026-04-24T04:35:39+00:00\" \/>\n<meta property=\"og:image\" content=\"https:\/\/radiolifefm.com.br\/noticias\/wp-content\/uploads\/2022\/04\/WhatsApp-Image-2022-04-10-at-18.43.02.jpeg\" \/>\n\t<meta property=\"og:image:width\" content=\"972\" \/>\n\t<meta property=\"og:image:height\" content=\"1296\" \/>\n\t<meta property=\"og:image:type\" content=\"image\/jpeg\" \/>\n<meta name=\"author\" content=\"ritanery\" \/>\n<meta name=\"twitter:card\" content=\"summary_large_image\" \/>\n<meta name=\"twitter:label1\" content=\"Escrito por\" \/>\n\t<meta name=\"twitter:data1\" content=\"ritanery\" \/>\n\t<meta name=\"twitter:label2\" content=\"Est. tempo de leitura\" \/>\n\t<meta name=\"twitter:data2\" content=\"3 minutos\" \/>\n<script type=\"application\/ld+json\" class=\"yoast-schema-graph\">{\"@context\":\"https:\/\/schema.org\",\"@graph\":[{\"@type\":\"Article\",\"@id\":\"https:\/\/radiolifefm.com.br\/noticias\/provincia-legislativo-bamad-e-mulheres\/#article\",\"isPartOf\":{\"@id\":\"https:\/\/radiolifefm.com.br\/noticias\/provincia-legislativo-bamad-e-mulheres\/\"},\"author\":{\"name\":\"ritanery\",\"@id\":\"https:\/\/radiolifefm.com.br\/noticias\/#\/schema\/person\/6339b9fac59d12b071dec680d7375d87\"},\"headline\":\"Prov\u00edncia, Legislativo, BAMAD e Mulheres&#8230;\",\"datePublished\":\"2025-03-31T11:21:58+00:00\",\"dateModified\":\"2026-04-24T04:35:39+00:00\",\"mainEntityOfPage\":{\"@id\":\"https:\/\/radiolifefm.com.br\/noticias\/provincia-legislativo-bamad-e-mulheres\/\"},\"wordCount\":498,\"publisher\":{\"@id\":\"https:\/\/radiolifefm.com.br\/noticias\/#organization\"},\"image\":{\"@id\":\"https:\/\/radiolifefm.com.br\/noticias\/provincia-legislativo-bamad-e-mulheres\/#primaryimage\"},\"thumbnailUrl\":\"https:\/\/radiolifefm.com.br\/noticias\/wp-content\/uploads\/2022\/04\/WhatsApp-Image-2022-04-10-at-18.43.02.jpeg\",\"articleSection\":[\"Opini\u00e3o\"],\"inLanguage\":\"pt-BR\"},{\"@type\":\"WebPage\",\"@id\":\"https:\/\/radiolifefm.com.br\/noticias\/provincia-legislativo-bamad-e-mulheres\/\",\"url\":\"https:\/\/radiolifefm.com.br\/noticias\/provincia-legislativo-bamad-e-mulheres\/\",\"name\":\"Prov\u00edncia, Legislativo, BAMAD e Mulheres... - R\u00e1dio Life FM\",\"isPartOf\":{\"@id\":\"https:\/\/radiolifefm.com.br\/noticias\/#website\"},\"primaryImageOfPage\":{\"@id\":\"https:\/\/radiolifefm.com.br\/noticias\/provincia-legislativo-bamad-e-mulheres\/#primaryimage\"},\"image\":{\"@id\":\"https:\/\/radiolifefm.com.br\/noticias\/provincia-legislativo-bamad-e-mulheres\/#primaryimage\"},\"thumbnailUrl\":\"https:\/\/radiolifefm.com.br\/noticias\/wp-content\/uploads\/2022\/04\/WhatsApp-Image-2022-04-10-at-18.43.02.jpeg\",\"datePublished\":\"2025-03-31T11:21:58+00:00\",\"dateModified\":\"2026-04-24T04:35:39+00:00\",\"breadcrumb\":{\"@id\":\"https:\/\/radiolifefm.com.br\/noticias\/provincia-legislativo-bamad-e-mulheres\/#breadcrumb\"},\"inLanguage\":\"pt-BR\",\"potentialAction\":[{\"@type\":\"ReadAction\",\"target\":[\"https:\/\/radiolifefm.com.br\/noticias\/provincia-legislativo-bamad-e-mulheres\/\"]}]},{\"@type\":\"ImageObject\",\"inLanguage\":\"pt-BR\",\"@id\":\"https:\/\/radiolifefm.com.br\/noticias\/provincia-legislativo-bamad-e-mulheres\/#primaryimage\",\"url\":\"https:\/\/radiolifefm.com.br\/noticias\/wp-content\/uploads\/2022\/04\/WhatsApp-Image-2022-04-10-at-18.43.02.jpeg\",\"contentUrl\":\"https:\/\/radiolifefm.com.br\/noticias\/wp-content\/uploads\/2022\/04\/WhatsApp-Image-2022-04-10-at-18.43.02.jpeg\",\"width\":972,\"height\":1296,\"caption\":\"S\u00e9rgio Barbosa\"},{\"@type\":\"BreadcrumbList\",\"@id\":\"https:\/\/radiolifefm.com.br\/noticias\/provincia-legislativo-bamad-e-mulheres\/#breadcrumb\",\"itemListElement\":[{\"@type\":\"ListItem\",\"position\":1,\"name\":\"In\u00edcio\",\"item\":\"https:\/\/radiolifefm.com.br\/noticias\/\"},{\"@type\":\"ListItem\",\"position\":2,\"name\":\"Prov\u00edncia, Legislativo, BAMAD e Mulheres&#8230;\"}]},{\"@type\":\"WebSite\",\"@id\":\"https:\/\/radiolifefm.com.br\/noticias\/#website\",\"url\":\"https:\/\/radiolifefm.com.br\/noticias\/\",\"name\":\"R\u00e1dio Life FM\",\"description\":\"O Portal de Not\u00edcias de Adamantina\",\"publisher\":{\"@id\":\"https:\/\/radiolifefm.com.br\/noticias\/#organization\"},\"alternateName\":\"Life FM\",\"potentialAction\":[{\"@type\":\"SearchAction\",\"target\":{\"@type\":\"EntryPoint\",\"urlTemplate\":\"https:\/\/radiolifefm.com.br\/noticias\/?s={search_term_string}\"},\"query-input\":{\"@type\":\"PropertyValueSpecification\",\"valueRequired\":true,\"valueName\":\"search_term_string\"}}],\"inLanguage\":\"pt-BR\"},{\"@type\":\"Organization\",\"@id\":\"https:\/\/radiolifefm.com.br\/noticias\/#organization\",\"name\":\"R\u00e1dio Life FM\",\"alternateName\":\"Life FM\",\"url\":\"https:\/\/radiolifefm.com.br\/noticias\/\",\"logo\":{\"@type\":\"ImageObject\",\"inLanguage\":\"pt-BR\",\"@id\":\"https:\/\/radiolifefm.com.br\/noticias\/#\/schema\/logo\/image\/\",\"url\":\"https:\/\/static.radiolifefm.com.br\/noticias\/wp-content\/uploads\/2019\/10\/logo-lifefm.png\",\"contentUrl\":\"https:\/\/static.radiolifefm.com.br\/noticias\/wp-content\/uploads\/2019\/10\/logo-lifefm.png\",\"width\":196,\"height\":47,\"caption\":\"R\u00e1dio Life FM\"},\"image\":{\"@id\":\"https:\/\/radiolifefm.com.br\/noticias\/#\/schema\/logo\/image\/\"},\"sameAs\":[\"https:\/\/www.facebook.com\/radiolifefm\/\",\"https:\/\/www.instagram.com\/life1079fm\/\"]},{\"@type\":\"Person\",\"@id\":\"https:\/\/radiolifefm.com.br\/noticias\/#\/schema\/person\/6339b9fac59d12b071dec680d7375d87\",\"name\":\"ritanery\",\"image\":{\"@type\":\"ImageObject\",\"inLanguage\":\"pt-BR\",\"@id\":\"https:\/\/secure.gravatar.com\/avatar\/0e37bb19071f47c0b8a23f62a903df117c5a0e75f65a0c2901562f97cd41cf86?s=96&d=mm&r=g\",\"url\":\"https:\/\/secure.gravatar.com\/avatar\/0e37bb19071f47c0b8a23f62a903df117c5a0e75f65a0c2901562f97cd41cf86?s=96&d=mm&r=g\",\"contentUrl\":\"https:\/\/secure.gravatar.com\/avatar\/0e37bb19071f47c0b8a23f62a903df117c5a0e75f65a0c2901562f97cd41cf86?s=96&d=mm&r=g\",\"caption\":\"ritanery\"}}]}<\/script>\n<!-- \/ Yoast SEO plugin. -->","yoast_head_json":{"title":"Prov\u00edncia, Legislativo, BAMAD e Mulheres... - R\u00e1dio Life FM","robots":{"index":"index","follow":"follow","max-snippet":"max-snippet:-1","max-image-preview":"max-image-preview:large","max-video-preview":"max-video-preview:-1"},"canonical":"https:\/\/radiolifefm.com.br\/noticias\/provincia-legislativo-bamad-e-mulheres\/","og_locale":"pt_BR","og_type":"article","og_title":"Prov\u00edncia, Legislativo, BAMAD e Mulheres... - R\u00e1dio Life FM","og_description":"\u00a0\u201cA falta de consci\u00eancia pol\u00edtica, a impunidade gritante fomentada pelos nossos legisladores e por todas as esferas do poder p\u00fablico, aliados a ingenuidade de um povo fragilizado pela m\u00e1 educa\u00e7\u00e3o, transformam lobos carniceiros em guardi\u00f5es de ovelhas.\u201d (Ren\u00e9e Ven\u00e2ncio) \u00a0 By seb@r. Neste m\u00eas de mar\u00e7o, ainda, tendo em vista o dia 8 de mar\u00e7o, [&hellip;]","og_url":"https:\/\/radiolifefm.com.br\/noticias\/provincia-legislativo-bamad-e-mulheres\/","og_site_name":"R\u00e1dio Life FM","article_publisher":"https:\/\/www.facebook.com\/radiolifefm\/","article_published_time":"2025-03-31T11:21:58+00:00","article_modified_time":"2026-04-24T04:35:39+00:00","og_image":[{"width":972,"height":1296,"url":"https:\/\/radiolifefm.com.br\/noticias\/wp-content\/uploads\/2022\/04\/WhatsApp-Image-2022-04-10-at-18.43.02.jpeg","type":"image\/jpeg"}],"author":"ritanery","twitter_card":"summary_large_image","twitter_misc":{"Escrito por":"ritanery","Est. tempo de leitura":"3 minutos"},"schema":{"@context":"https:\/\/schema.org","@graph":[{"@type":"Article","@id":"https:\/\/radiolifefm.com.br\/noticias\/provincia-legislativo-bamad-e-mulheres\/#article","isPartOf":{"@id":"https:\/\/radiolifefm.com.br\/noticias\/provincia-legislativo-bamad-e-mulheres\/"},"author":{"name":"ritanery","@id":"https:\/\/radiolifefm.com.br\/noticias\/#\/schema\/person\/6339b9fac59d12b071dec680d7375d87"},"headline":"Prov\u00edncia, Legislativo, BAMAD e Mulheres&#8230;","datePublished":"2025-03-31T11:21:58+00:00","dateModified":"2026-04-24T04:35:39+00:00","mainEntityOfPage":{"@id":"https:\/\/radiolifefm.com.br\/noticias\/provincia-legislativo-bamad-e-mulheres\/"},"wordCount":498,"publisher":{"@id":"https:\/\/radiolifefm.com.br\/noticias\/#organization"},"image":{"@id":"https:\/\/radiolifefm.com.br\/noticias\/provincia-legislativo-bamad-e-mulheres\/#primaryimage"},"thumbnailUrl":"https:\/\/radiolifefm.com.br\/noticias\/wp-content\/uploads\/2022\/04\/WhatsApp-Image-2022-04-10-at-18.43.02.jpeg","articleSection":["Opini\u00e3o"],"inLanguage":"pt-BR"},{"@type":"WebPage","@id":"https:\/\/radiolifefm.com.br\/noticias\/provincia-legislativo-bamad-e-mulheres\/","url":"https:\/\/radiolifefm.com.br\/noticias\/provincia-legislativo-bamad-e-mulheres\/","name":"Prov\u00edncia, Legislativo, BAMAD e Mulheres... - R\u00e1dio Life FM","isPartOf":{"@id":"https:\/\/radiolifefm.com.br\/noticias\/#website"},"primaryImageOfPage":{"@id":"https:\/\/radiolifefm.com.br\/noticias\/provincia-legislativo-bamad-e-mulheres\/#primaryimage"},"image":{"@id":"https:\/\/radiolifefm.com.br\/noticias\/provincia-legislativo-bamad-e-mulheres\/#primaryimage"},"thumbnailUrl":"https:\/\/radiolifefm.com.br\/noticias\/wp-content\/uploads\/2022\/04\/WhatsApp-Image-2022-04-10-at-18.43.02.jpeg","datePublished":"2025-03-31T11:21:58+00:00","dateModified":"2026-04-24T04:35:39+00:00","breadcrumb":{"@id":"https:\/\/radiolifefm.com.br\/noticias\/provincia-legislativo-bamad-e-mulheres\/#breadcrumb"},"inLanguage":"pt-BR","potentialAction":[{"@type":"ReadAction","target":["https:\/\/radiolifefm.com.br\/noticias\/provincia-legislativo-bamad-e-mulheres\/"]}]},{"@type":"ImageObject","inLanguage":"pt-BR","@id":"https:\/\/radiolifefm.com.br\/noticias\/provincia-legislativo-bamad-e-mulheres\/#primaryimage","url":"https:\/\/radiolifefm.com.br\/noticias\/wp-content\/uploads\/2022\/04\/WhatsApp-Image-2022-04-10-at-18.43.02.jpeg","contentUrl":"https:\/\/radiolifefm.com.br\/noticias\/wp-content\/uploads\/2022\/04\/WhatsApp-Image-2022-04-10-at-18.43.02.jpeg","width":972,"height":1296,"caption":"S\u00e9rgio Barbosa"},{"@type":"BreadcrumbList","@id":"https:\/\/radiolifefm.com.br\/noticias\/provincia-legislativo-bamad-e-mulheres\/#breadcrumb","itemListElement":[{"@type":"ListItem","position":1,"name":"In\u00edcio","item":"https:\/\/radiolifefm.com.br\/noticias\/"},{"@type":"ListItem","position":2,"name":"Prov\u00edncia, Legislativo, BAMAD e Mulheres&#8230;"}]},{"@type":"WebSite","@id":"https:\/\/radiolifefm.com.br\/noticias\/#website","url":"https:\/\/radiolifefm.com.br\/noticias\/","name":"R\u00e1dio Life FM","description":"O Portal de Not\u00edcias de Adamantina","publisher":{"@id":"https:\/\/radiolifefm.com.br\/noticias\/#organization"},"alternateName":"Life FM","potentialAction":[{"@type":"SearchAction","target":{"@type":"EntryPoint","urlTemplate":"https:\/\/radiolifefm.com.br\/noticias\/?s={search_term_string}"},"query-input":{"@type":"PropertyValueSpecification","valueRequired":true,"valueName":"search_term_string"}}],"inLanguage":"pt-BR"},{"@type":"Organization","@id":"https:\/\/radiolifefm.com.br\/noticias\/#organization","name":"R\u00e1dio Life FM","alternateName":"Life FM","url":"https:\/\/radiolifefm.com.br\/noticias\/","logo":{"@type":"ImageObject","inLanguage":"pt-BR","@id":"https:\/\/radiolifefm.com.br\/noticias\/#\/schema\/logo\/image\/","url":"https:\/\/static.radiolifefm.com.br\/noticias\/wp-content\/uploads\/2019\/10\/logo-lifefm.png","contentUrl":"https:\/\/static.radiolifefm.com.br\/noticias\/wp-content\/uploads\/2019\/10\/logo-lifefm.png","width":196,"height":47,"caption":"R\u00e1dio Life FM"},"image":{"@id":"https:\/\/radiolifefm.com.br\/noticias\/#\/schema\/logo\/image\/"},"sameAs":["https:\/\/www.facebook.com\/radiolifefm\/","https:\/\/www.instagram.com\/life1079fm\/"]},{"@type":"Person","@id":"https:\/\/radiolifefm.com.br\/noticias\/#\/schema\/person\/6339b9fac59d12b071dec680d7375d87","name":"ritanery","image":{"@type":"ImageObject","inLanguage":"pt-BR","@id":"https:\/\/secure.gravatar.com\/avatar\/0e37bb19071f47c0b8a23f62a903df117c5a0e75f65a0c2901562f97cd41cf86?s=96&d=mm&r=g","url":"https:\/\/secure.gravatar.com\/avatar\/0e37bb19071f47c0b8a23f62a903df117c5a0e75f65a0c2901562f97cd41cf86?s=96&d=mm&r=g","contentUrl":"https:\/\/secure.gravatar.com\/avatar\/0e37bb19071f47c0b8a23f62a903df117c5a0e75f65a0c2901562f97cd41cf86?s=96&d=mm&r=g","caption":"ritanery"}}]}},"amp_enabled":true,"_links":{"self":[{"href":"https:\/\/radiolifefm.com.br\/noticias\/wp-json\/wp\/v2\/posts\/99162","targetHints":{"allow":["GET"]}}],"collection":[{"href":"https:\/\/radiolifefm.com.br\/noticias\/wp-json\/wp\/v2\/posts"}],"about":[{"href":"https:\/\/radiolifefm.com.br\/noticias\/wp-json\/wp\/v2\/types\/post"}],"author":[{"embeddable":true,"href":"https:\/\/radiolifefm.com.br\/noticias\/wp-json\/wp\/v2\/users\/13"}],"replies":[{"embeddable":true,"href":"https:\/\/radiolifefm.com.br\/noticias\/wp-json\/wp\/v2\/comments?post=99162"}],"version-history":[{"count":1,"href":"https:\/\/radiolifefm.com.br\/noticias\/wp-json\/wp\/v2\/posts\/99162\/revisions"}],"predecessor-version":[{"id":99163,"href":"https:\/\/radiolifefm.com.br\/noticias\/wp-json\/wp\/v2\/posts\/99162\/revisions\/99163"}],"wp:featuredmedia":[{"embeddable":true,"href":"https:\/\/radiolifefm.com.br\/noticias\/wp-json\/wp\/v2\/media\/51988"}],"wp:attachment":[{"href":"https:\/\/radiolifefm.com.br\/noticias\/wp-json\/wp\/v2\/media?parent=99162"}],"wp:term":[{"taxonomy":"category","embeddable":true,"href":"https:\/\/radiolifefm.com.br\/noticias\/wp-json\/wp\/v2\/categories?post=99162"},{"taxonomy":"post_tag","embeddable":true,"href":"https:\/\/radiolifefm.com.br\/noticias\/wp-json\/wp\/v2\/tags?post=99162"}],"curies":[{"name":"wp","href":"https:\/\/api.w.org\/{rel}","templated":true}]}}