{"id":99081,"date":"2025-03-28T08:18:19","date_gmt":"2025-03-28T11:18:19","guid":{"rendered":"https:\/\/radiolifefm.com.br\/noticias\/?p=99081"},"modified":"2026-04-11T18:37:00","modified_gmt":"2026-04-11T21:37:00","slug":"como-ser-sem-estar-naquele-outro-tempo-do-tempo","status":"publish","type":"post","link":"https:\/\/radiolifefm.com.br\/noticias\/como-ser-sem-estar-naquele-outro-tempo-do-tempo\/","title":{"rendered":"Como SER sem ESTAR naquele outro tempo do tempo&#8230;"},"content":{"rendered":"<div id=\"fb-root\"><\/div>\n<p><strong><em>\u00a0\u201cN\u00e3o deixe nem sequer uma \u00fanica alma lhe dizer que voc\u00ea n\u00e3o pode ser exatamente quem voc\u00ea \u00e9.\u201d (<\/em><\/strong><a href=\"https:\/\/www.pensador.com\/autor\/lady_gaga\/\"><strong><em>Lady Gaga<\/em><\/strong><\/a><strong><em>)<\/em><\/strong><\/p>\n<p>&nbsp;<\/p>\n<p><strong>Ao JOSU\u00c9 P., dedico! <\/strong><\/p>\n<p><strong>By seb@r. <\/strong><\/p>\n<p>Naquele outro tempo do tempo, pode-se registrar que tudo era apenas uma quest\u00e3o de ESTAR sem a necessidade de SER&#8230;<\/p>\n<p>Mesmo assim, os desencontros estavam em todos os cantos naquele tempo que era um outro tempo do tempo, por\u00e9m, como SER sem ESTAR naqueles momentos que se perderam nas lembran\u00e7as das ilus\u00f5es do tempo&#8230;<\/p>\n<p>Tamb\u00e9m, todos\/as eram da mesma idade de um tempo que se perdeu no passado, todavia, a exist\u00eancia do SER neste tempo do tempo pode trazer de volta a proposta do ESTAR para muitos olhares desencontrados&#8230;<\/p>\n<p>Os anos se foram como se fossem fogos de quermesse para aquelas pessoas que estiveram neste tempo para uma quest\u00e3o de SER sem pensar no ESTAR para isto ou aquilo, haja vista os interesses daquele tempo que se perdeu no tempo do tempo&#8230;<\/p>\n<p>O seria do SER sem a presen\u00e7a do ESTAR neste jogo mais do que interessante para todos\/as aqueles\/as pessoas que participaram daqueles momentos sublimes, por\u00e9m, cada qual seguiu os seus passos em busca do outro tempo que estava naquele mesmo tempo&#8230;<\/p>\n<p>Essa quest\u00e3o de ESTAR e n\u00e3o SER pode fazer parte daquele outro tempo que n\u00e3o estava mais de acordo com o tempo deste tempo, haja vista que tudo ficou no passado e deu no que deu para todos os lados de um mesmo lado&#8230;<\/p>\n<p>Pelo menos, ou seja, n\u00e3o se pode ter certeza de nada neste cen\u00e1rio mediados pelas incertezas de SER frente \u00e0s necessidades de ESTAR, ainda mais quando tudo se perdeu sem mais e com muito menos para o seu lado&#8230;<\/p>\n<p>Todavia, parece que existem personagens que ficaram neste meio do caminho para tentar uma aproxima\u00e7\u00e3o entre aquele momento quando tudo era apenas uma quest\u00e3o de SER, tendo em vista que nada estava de acordo com o ESTAR&#8230;<\/p>\n<p>Por\u00e9m, tudo ocorreu de um jeito que n\u00e3o se esperava para as pessoas em geral, entretanto, os fatos afirmaram que para ESTAR era mais do que necess\u00e1rio SER naquele cen\u00e1rio um tanto quanto esquisito e ponto quase final&#8230;<\/p>\n<p>N\u00e3o se pode reclamar de nada daqui pra frente, por isso e mais aquilo, ainda, considerando que se torna necess\u00e1rio ESTAR para que o desejo de SER possa ser preservado em conex\u00e3o com os ocasos de um talvez&#8230;<\/p>\n<p>Pelo menos tem o tempo que continua com seus desencontros patrocinados pelo outro tempo que busca ESTAR em sintonia quase que perfeita com o SER&#8230;<\/p>\n<p>Disto ou daquilo, desta forma o que passou ficou no passado e tudo indica que no futuro apenas o SER vai poder marcar presen\u00e7a frente ao cotidiano, assim, ESTAR pode fazer a diferen\u00e7a nesta parceria entre o tempo do tempo&#8230;<\/p>\n<p><strong>APENAS QUEM SABE O QUE \u00c9 ESTAR PODE SER E ASSIM POR DIANTE, AINDA MAIS NESTE TEMPO NOVO TEMPO DE UM NOVO TEMPO NOVO&#8230;<\/strong><\/p>\n<p><strong>\u00a0<\/strong><\/p>\n<p><strong>e-mail: <\/strong><a href=\"mailto:barbosa.sebar@gmail.com\"><strong>barbosa.sebar@gmail.com<\/strong><\/a><\/p>\n<p><strong>\u00a0<\/strong><\/p>\n","protected":false},"excerpt":{"rendered":"<p>\u00a0\u201cN\u00e3o deixe nem sequer uma \u00fanica alma lhe dizer que voc\u00ea n\u00e3o pode ser exatamente quem voc\u00ea \u00e9.\u201d (Lady Gaga) &nbsp; Ao JOSU\u00c9 P., dedico! By seb@r. Naquele outro tempo do tempo, pode-se registrar que tudo era apenas uma quest\u00e3o de ESTAR sem a necessidade de SER&#8230; Mesmo assim, os desencontros estavam em todos os [&hellip;]<\/p>\n","protected":false},"author":13,"featured_media":51988,"comment_status":"closed","ping_status":"open","sticky":false,"template":"","format":"standard","meta":{"_acf_changed":false,"_exactmetrics_skip_tracking":false,"_exactmetrics_sitenote_active":false,"_exactmetrics_sitenote_note":"","_exactmetrics_sitenote_category":0,"footnotes":""},"categories":[59],"tags":[],"class_list":["post-99081","post","type-post","status-publish","format-standard","has-post-thumbnail","hentry","category-opiniao"],"acf":[],"yoast_head":"<!-- This site is optimized with the Yoast SEO plugin v27.2 - https:\/\/yoast.com\/product\/yoast-seo-wordpress\/ -->\n<title>Como SER sem ESTAR naquele outro tempo do tempo... - R\u00e1dio Life FM<\/title>\n<meta name=\"robots\" content=\"index, follow, max-snippet:-1, max-image-preview:large, max-video-preview:-1\" \/>\n<link rel=\"canonical\" href=\"https:\/\/radiolifefm.com.br\/noticias\/como-ser-sem-estar-naquele-outro-tempo-do-tempo\/\" \/>\n<meta property=\"og:locale\" content=\"pt_BR\" \/>\n<meta property=\"og:type\" content=\"article\" \/>\n<meta property=\"og:title\" content=\"Como SER sem ESTAR naquele outro tempo do tempo... - R\u00e1dio Life FM\" \/>\n<meta property=\"og:description\" content=\"\u00a0\u201cN\u00e3o deixe nem sequer uma \u00fanica alma lhe dizer que voc\u00ea n\u00e3o pode ser exatamente quem voc\u00ea \u00e9.\u201d (Lady Gaga) &nbsp; Ao JOSU\u00c9 P., dedico! By seb@r. Naquele outro tempo do tempo, pode-se registrar que tudo era apenas uma quest\u00e3o de ESTAR sem a necessidade de SER&#8230; Mesmo assim, os desencontros estavam em todos os [&hellip;]\" \/>\n<meta property=\"og:url\" content=\"https:\/\/radiolifefm.com.br\/noticias\/como-ser-sem-estar-naquele-outro-tempo-do-tempo\/\" \/>\n<meta property=\"og:site_name\" content=\"R\u00e1dio Life FM\" \/>\n<meta property=\"article:publisher\" content=\"https:\/\/www.facebook.com\/radiolifefm\/\" \/>\n<meta property=\"article:published_time\" content=\"2025-03-28T11:18:19+00:00\" \/>\n<meta property=\"article:modified_time\" content=\"2026-04-11T21:37:00+00:00\" \/>\n<meta property=\"og:image\" content=\"https:\/\/radiolifefm.com.br\/noticias\/wp-content\/uploads\/2022\/04\/WhatsApp-Image-2022-04-10-at-18.43.02.jpeg\" \/>\n\t<meta property=\"og:image:width\" content=\"972\" \/>\n\t<meta property=\"og:image:height\" content=\"1296\" \/>\n\t<meta property=\"og:image:type\" content=\"image\/jpeg\" \/>\n<meta name=\"author\" content=\"ritanery\" \/>\n<meta name=\"twitter:card\" content=\"summary_large_image\" \/>\n<meta name=\"twitter:label1\" content=\"Escrito por\" \/>\n\t<meta name=\"twitter:data1\" content=\"ritanery\" \/>\n\t<meta name=\"twitter:label2\" content=\"Est. tempo de leitura\" \/>\n\t<meta name=\"twitter:data2\" content=\"3 minutos\" \/>\n<script type=\"application\/ld+json\" class=\"yoast-schema-graph\">{\"@context\":\"https:\/\/schema.org\",\"@graph\":[{\"@type\":\"Article\",\"@id\":\"https:\/\/radiolifefm.com.br\/noticias\/como-ser-sem-estar-naquele-outro-tempo-do-tempo\/#article\",\"isPartOf\":{\"@id\":\"https:\/\/radiolifefm.com.br\/noticias\/como-ser-sem-estar-naquele-outro-tempo-do-tempo\/\"},\"author\":{\"name\":\"ritanery\",\"@id\":\"https:\/\/radiolifefm.com.br\/noticias\/#\/schema\/person\/6339b9fac59d12b071dec680d7375d87\"},\"headline\":\"Como SER sem ESTAR naquele outro tempo do tempo&#8230;\",\"datePublished\":\"2025-03-28T11:18:19+00:00\",\"dateModified\":\"2026-04-11T21:37:00+00:00\",\"mainEntityOfPage\":{\"@id\":\"https:\/\/radiolifefm.com.br\/noticias\/como-ser-sem-estar-naquele-outro-tempo-do-tempo\/\"},\"wordCount\":528,\"publisher\":{\"@id\":\"https:\/\/radiolifefm.com.br\/noticias\/#organization\"},\"image\":{\"@id\":\"https:\/\/radiolifefm.com.br\/noticias\/como-ser-sem-estar-naquele-outro-tempo-do-tempo\/#primaryimage\"},\"thumbnailUrl\":\"https:\/\/radiolifefm.com.br\/noticias\/wp-content\/uploads\/2022\/04\/WhatsApp-Image-2022-04-10-at-18.43.02.jpeg\",\"articleSection\":[\"Opini\u00e3o\"],\"inLanguage\":\"pt-BR\"},{\"@type\":\"WebPage\",\"@id\":\"https:\/\/radiolifefm.com.br\/noticias\/como-ser-sem-estar-naquele-outro-tempo-do-tempo\/\",\"url\":\"https:\/\/radiolifefm.com.br\/noticias\/como-ser-sem-estar-naquele-outro-tempo-do-tempo\/\",\"name\":\"Como SER sem ESTAR naquele outro tempo do tempo... - R\u00e1dio Life FM\",\"isPartOf\":{\"@id\":\"https:\/\/radiolifefm.com.br\/noticias\/#website\"},\"primaryImageOfPage\":{\"@id\":\"https:\/\/radiolifefm.com.br\/noticias\/como-ser-sem-estar-naquele-outro-tempo-do-tempo\/#primaryimage\"},\"image\":{\"@id\":\"https:\/\/radiolifefm.com.br\/noticias\/como-ser-sem-estar-naquele-outro-tempo-do-tempo\/#primaryimage\"},\"thumbnailUrl\":\"https:\/\/radiolifefm.com.br\/noticias\/wp-content\/uploads\/2022\/04\/WhatsApp-Image-2022-04-10-at-18.43.02.jpeg\",\"datePublished\":\"2025-03-28T11:18:19+00:00\",\"dateModified\":\"2026-04-11T21:37:00+00:00\",\"breadcrumb\":{\"@id\":\"https:\/\/radiolifefm.com.br\/noticias\/como-ser-sem-estar-naquele-outro-tempo-do-tempo\/#breadcrumb\"},\"inLanguage\":\"pt-BR\",\"potentialAction\":[{\"@type\":\"ReadAction\",\"target\":[\"https:\/\/radiolifefm.com.br\/noticias\/como-ser-sem-estar-naquele-outro-tempo-do-tempo\/\"]}]},{\"@type\":\"ImageObject\",\"inLanguage\":\"pt-BR\",\"@id\":\"https:\/\/radiolifefm.com.br\/noticias\/como-ser-sem-estar-naquele-outro-tempo-do-tempo\/#primaryimage\",\"url\":\"https:\/\/radiolifefm.com.br\/noticias\/wp-content\/uploads\/2022\/04\/WhatsApp-Image-2022-04-10-at-18.43.02.jpeg\",\"contentUrl\":\"https:\/\/radiolifefm.com.br\/noticias\/wp-content\/uploads\/2022\/04\/WhatsApp-Image-2022-04-10-at-18.43.02.jpeg\",\"width\":972,\"height\":1296,\"caption\":\"S\u00e9rgio Barbosa\"},{\"@type\":\"BreadcrumbList\",\"@id\":\"https:\/\/radiolifefm.com.br\/noticias\/como-ser-sem-estar-naquele-outro-tempo-do-tempo\/#breadcrumb\",\"itemListElement\":[{\"@type\":\"ListItem\",\"position\":1,\"name\":\"In\u00edcio\",\"item\":\"https:\/\/radiolifefm.com.br\/noticias\/\"},{\"@type\":\"ListItem\",\"position\":2,\"name\":\"Como SER sem ESTAR naquele outro tempo do tempo&#8230;\"}]},{\"@type\":\"WebSite\",\"@id\":\"https:\/\/radiolifefm.com.br\/noticias\/#website\",\"url\":\"https:\/\/radiolifefm.com.br\/noticias\/\",\"name\":\"R\u00e1dio Life FM\",\"description\":\"O Portal de Not\u00edcias de Adamantina\",\"publisher\":{\"@id\":\"https:\/\/radiolifefm.com.br\/noticias\/#organization\"},\"alternateName\":\"Life FM\",\"potentialAction\":[{\"@type\":\"SearchAction\",\"target\":{\"@type\":\"EntryPoint\",\"urlTemplate\":\"https:\/\/radiolifefm.com.br\/noticias\/?s={search_term_string}\"},\"query-input\":{\"@type\":\"PropertyValueSpecification\",\"valueRequired\":true,\"valueName\":\"search_term_string\"}}],\"inLanguage\":\"pt-BR\"},{\"@type\":\"Organization\",\"@id\":\"https:\/\/radiolifefm.com.br\/noticias\/#organization\",\"name\":\"R\u00e1dio Life FM\",\"alternateName\":\"Life FM\",\"url\":\"https:\/\/radiolifefm.com.br\/noticias\/\",\"logo\":{\"@type\":\"ImageObject\",\"inLanguage\":\"pt-BR\",\"@id\":\"https:\/\/radiolifefm.com.br\/noticias\/#\/schema\/logo\/image\/\",\"url\":\"https:\/\/static.radiolifefm.com.br\/noticias\/wp-content\/uploads\/2019\/10\/logo-lifefm.png\",\"contentUrl\":\"https:\/\/static.radiolifefm.com.br\/noticias\/wp-content\/uploads\/2019\/10\/logo-lifefm.png\",\"width\":196,\"height\":47,\"caption\":\"R\u00e1dio Life FM\"},\"image\":{\"@id\":\"https:\/\/radiolifefm.com.br\/noticias\/#\/schema\/logo\/image\/\"},\"sameAs\":[\"https:\/\/www.facebook.com\/radiolifefm\/\",\"https:\/\/www.instagram.com\/life1079fm\/\"]},{\"@type\":\"Person\",\"@id\":\"https:\/\/radiolifefm.com.br\/noticias\/#\/schema\/person\/6339b9fac59d12b071dec680d7375d87\",\"name\":\"ritanery\",\"image\":{\"@type\":\"ImageObject\",\"inLanguage\":\"pt-BR\",\"@id\":\"https:\/\/secure.gravatar.com\/avatar\/0e37bb19071f47c0b8a23f62a903df117c5a0e75f65a0c2901562f97cd41cf86?s=96&d=mm&r=g\",\"url\":\"https:\/\/secure.gravatar.com\/avatar\/0e37bb19071f47c0b8a23f62a903df117c5a0e75f65a0c2901562f97cd41cf86?s=96&d=mm&r=g\",\"contentUrl\":\"https:\/\/secure.gravatar.com\/avatar\/0e37bb19071f47c0b8a23f62a903df117c5a0e75f65a0c2901562f97cd41cf86?s=96&d=mm&r=g\",\"caption\":\"ritanery\"}}]}<\/script>\n<!-- \/ Yoast SEO plugin. -->","yoast_head_json":{"title":"Como SER sem ESTAR naquele outro tempo do tempo... - R\u00e1dio Life FM","robots":{"index":"index","follow":"follow","max-snippet":"max-snippet:-1","max-image-preview":"max-image-preview:large","max-video-preview":"max-video-preview:-1"},"canonical":"https:\/\/radiolifefm.com.br\/noticias\/como-ser-sem-estar-naquele-outro-tempo-do-tempo\/","og_locale":"pt_BR","og_type":"article","og_title":"Como SER sem ESTAR naquele outro tempo do tempo... - R\u00e1dio Life FM","og_description":"\u00a0\u201cN\u00e3o deixe nem sequer uma \u00fanica alma lhe dizer que voc\u00ea n\u00e3o pode ser exatamente quem voc\u00ea \u00e9.\u201d (Lady Gaga) &nbsp; Ao JOSU\u00c9 P., dedico! By seb@r. Naquele outro tempo do tempo, pode-se registrar que tudo era apenas uma quest\u00e3o de ESTAR sem a necessidade de SER&#8230; Mesmo assim, os desencontros estavam em todos os [&hellip;]","og_url":"https:\/\/radiolifefm.com.br\/noticias\/como-ser-sem-estar-naquele-outro-tempo-do-tempo\/","og_site_name":"R\u00e1dio Life FM","article_publisher":"https:\/\/www.facebook.com\/radiolifefm\/","article_published_time":"2025-03-28T11:18:19+00:00","article_modified_time":"2026-04-11T21:37:00+00:00","og_image":[{"width":972,"height":1296,"url":"https:\/\/radiolifefm.com.br\/noticias\/wp-content\/uploads\/2022\/04\/WhatsApp-Image-2022-04-10-at-18.43.02.jpeg","type":"image\/jpeg"}],"author":"ritanery","twitter_card":"summary_large_image","twitter_misc":{"Escrito por":"ritanery","Est. tempo de leitura":"3 minutos"},"schema":{"@context":"https:\/\/schema.org","@graph":[{"@type":"Article","@id":"https:\/\/radiolifefm.com.br\/noticias\/como-ser-sem-estar-naquele-outro-tempo-do-tempo\/#article","isPartOf":{"@id":"https:\/\/radiolifefm.com.br\/noticias\/como-ser-sem-estar-naquele-outro-tempo-do-tempo\/"},"author":{"name":"ritanery","@id":"https:\/\/radiolifefm.com.br\/noticias\/#\/schema\/person\/6339b9fac59d12b071dec680d7375d87"},"headline":"Como SER sem ESTAR naquele outro tempo do tempo&#8230;","datePublished":"2025-03-28T11:18:19+00:00","dateModified":"2026-04-11T21:37:00+00:00","mainEntityOfPage":{"@id":"https:\/\/radiolifefm.com.br\/noticias\/como-ser-sem-estar-naquele-outro-tempo-do-tempo\/"},"wordCount":528,"publisher":{"@id":"https:\/\/radiolifefm.com.br\/noticias\/#organization"},"image":{"@id":"https:\/\/radiolifefm.com.br\/noticias\/como-ser-sem-estar-naquele-outro-tempo-do-tempo\/#primaryimage"},"thumbnailUrl":"https:\/\/radiolifefm.com.br\/noticias\/wp-content\/uploads\/2022\/04\/WhatsApp-Image-2022-04-10-at-18.43.02.jpeg","articleSection":["Opini\u00e3o"],"inLanguage":"pt-BR"},{"@type":"WebPage","@id":"https:\/\/radiolifefm.com.br\/noticias\/como-ser-sem-estar-naquele-outro-tempo-do-tempo\/","url":"https:\/\/radiolifefm.com.br\/noticias\/como-ser-sem-estar-naquele-outro-tempo-do-tempo\/","name":"Como SER sem ESTAR naquele outro tempo do tempo... - R\u00e1dio Life FM","isPartOf":{"@id":"https:\/\/radiolifefm.com.br\/noticias\/#website"},"primaryImageOfPage":{"@id":"https:\/\/radiolifefm.com.br\/noticias\/como-ser-sem-estar-naquele-outro-tempo-do-tempo\/#primaryimage"},"image":{"@id":"https:\/\/radiolifefm.com.br\/noticias\/como-ser-sem-estar-naquele-outro-tempo-do-tempo\/#primaryimage"},"thumbnailUrl":"https:\/\/radiolifefm.com.br\/noticias\/wp-content\/uploads\/2022\/04\/WhatsApp-Image-2022-04-10-at-18.43.02.jpeg","datePublished":"2025-03-28T11:18:19+00:00","dateModified":"2026-04-11T21:37:00+00:00","breadcrumb":{"@id":"https:\/\/radiolifefm.com.br\/noticias\/como-ser-sem-estar-naquele-outro-tempo-do-tempo\/#breadcrumb"},"inLanguage":"pt-BR","potentialAction":[{"@type":"ReadAction","target":["https:\/\/radiolifefm.com.br\/noticias\/como-ser-sem-estar-naquele-outro-tempo-do-tempo\/"]}]},{"@type":"ImageObject","inLanguage":"pt-BR","@id":"https:\/\/radiolifefm.com.br\/noticias\/como-ser-sem-estar-naquele-outro-tempo-do-tempo\/#primaryimage","url":"https:\/\/radiolifefm.com.br\/noticias\/wp-content\/uploads\/2022\/04\/WhatsApp-Image-2022-04-10-at-18.43.02.jpeg","contentUrl":"https:\/\/radiolifefm.com.br\/noticias\/wp-content\/uploads\/2022\/04\/WhatsApp-Image-2022-04-10-at-18.43.02.jpeg","width":972,"height":1296,"caption":"S\u00e9rgio Barbosa"},{"@type":"BreadcrumbList","@id":"https:\/\/radiolifefm.com.br\/noticias\/como-ser-sem-estar-naquele-outro-tempo-do-tempo\/#breadcrumb","itemListElement":[{"@type":"ListItem","position":1,"name":"In\u00edcio","item":"https:\/\/radiolifefm.com.br\/noticias\/"},{"@type":"ListItem","position":2,"name":"Como SER sem ESTAR naquele outro tempo do tempo&#8230;"}]},{"@type":"WebSite","@id":"https:\/\/radiolifefm.com.br\/noticias\/#website","url":"https:\/\/radiolifefm.com.br\/noticias\/","name":"R\u00e1dio Life FM","description":"O Portal de Not\u00edcias de Adamantina","publisher":{"@id":"https:\/\/radiolifefm.com.br\/noticias\/#organization"},"alternateName":"Life FM","potentialAction":[{"@type":"SearchAction","target":{"@type":"EntryPoint","urlTemplate":"https:\/\/radiolifefm.com.br\/noticias\/?s={search_term_string}"},"query-input":{"@type":"PropertyValueSpecification","valueRequired":true,"valueName":"search_term_string"}}],"inLanguage":"pt-BR"},{"@type":"Organization","@id":"https:\/\/radiolifefm.com.br\/noticias\/#organization","name":"R\u00e1dio Life FM","alternateName":"Life FM","url":"https:\/\/radiolifefm.com.br\/noticias\/","logo":{"@type":"ImageObject","inLanguage":"pt-BR","@id":"https:\/\/radiolifefm.com.br\/noticias\/#\/schema\/logo\/image\/","url":"https:\/\/static.radiolifefm.com.br\/noticias\/wp-content\/uploads\/2019\/10\/logo-lifefm.png","contentUrl":"https:\/\/static.radiolifefm.com.br\/noticias\/wp-content\/uploads\/2019\/10\/logo-lifefm.png","width":196,"height":47,"caption":"R\u00e1dio Life FM"},"image":{"@id":"https:\/\/radiolifefm.com.br\/noticias\/#\/schema\/logo\/image\/"},"sameAs":["https:\/\/www.facebook.com\/radiolifefm\/","https:\/\/www.instagram.com\/life1079fm\/"]},{"@type":"Person","@id":"https:\/\/radiolifefm.com.br\/noticias\/#\/schema\/person\/6339b9fac59d12b071dec680d7375d87","name":"ritanery","image":{"@type":"ImageObject","inLanguage":"pt-BR","@id":"https:\/\/secure.gravatar.com\/avatar\/0e37bb19071f47c0b8a23f62a903df117c5a0e75f65a0c2901562f97cd41cf86?s=96&d=mm&r=g","url":"https:\/\/secure.gravatar.com\/avatar\/0e37bb19071f47c0b8a23f62a903df117c5a0e75f65a0c2901562f97cd41cf86?s=96&d=mm&r=g","contentUrl":"https:\/\/secure.gravatar.com\/avatar\/0e37bb19071f47c0b8a23f62a903df117c5a0e75f65a0c2901562f97cd41cf86?s=96&d=mm&r=g","caption":"ritanery"}}]}},"amp_enabled":true,"_links":{"self":[{"href":"https:\/\/radiolifefm.com.br\/noticias\/wp-json\/wp\/v2\/posts\/99081","targetHints":{"allow":["GET"]}}],"collection":[{"href":"https:\/\/radiolifefm.com.br\/noticias\/wp-json\/wp\/v2\/posts"}],"about":[{"href":"https:\/\/radiolifefm.com.br\/noticias\/wp-json\/wp\/v2\/types\/post"}],"author":[{"embeddable":true,"href":"https:\/\/radiolifefm.com.br\/noticias\/wp-json\/wp\/v2\/users\/13"}],"replies":[{"embeddable":true,"href":"https:\/\/radiolifefm.com.br\/noticias\/wp-json\/wp\/v2\/comments?post=99081"}],"version-history":[{"count":1,"href":"https:\/\/radiolifefm.com.br\/noticias\/wp-json\/wp\/v2\/posts\/99081\/revisions"}],"predecessor-version":[{"id":99082,"href":"https:\/\/radiolifefm.com.br\/noticias\/wp-json\/wp\/v2\/posts\/99081\/revisions\/99082"}],"wp:featuredmedia":[{"embeddable":true,"href":"https:\/\/radiolifefm.com.br\/noticias\/wp-json\/wp\/v2\/media\/51988"}],"wp:attachment":[{"href":"https:\/\/radiolifefm.com.br\/noticias\/wp-json\/wp\/v2\/media?parent=99081"}],"wp:term":[{"taxonomy":"category","embeddable":true,"href":"https:\/\/radiolifefm.com.br\/noticias\/wp-json\/wp\/v2\/categories?post=99081"},{"taxonomy":"post_tag","embeddable":true,"href":"https:\/\/radiolifefm.com.br\/noticias\/wp-json\/wp\/v2\/tags?post=99081"}],"curies":[{"name":"wp","href":"https:\/\/api.w.org\/{rel}","templated":true}]}}