{"id":99014,"date":"2025-03-26T08:27:05","date_gmt":"2025-03-26T11:27:05","guid":{"rendered":"https:\/\/radiolifefm.com.br\/noticias\/?p=99014"},"modified":"2026-01-07T11:11:03","modified_gmt":"2026-01-07T14:11:03","slug":"um-pais-do-faz-de-conta-e-sem-memoria-historica","status":"publish","type":"post","link":"https:\/\/radiolifefm.com.br\/noticias\/um-pais-do-faz-de-conta-e-sem-memoria-historica\/","title":{"rendered":"Um pa\u00eds do faz de conta e sem mem\u00f3ria hist\u00f3rica&#8230;"},"content":{"rendered":"<div id=\"fb-root\"><\/div>\n<p><em>&#8220;O opressor n\u00e3o seria t\u00e3o forte, se n\u00e3o tivesse c\u00famplices entre os pr\u00f3prios oprimidos&#8221; (Simone de Beauvoir)<\/em><\/p>\n<p><strong>S\u00e9rgio Barbosa (*)<\/strong><\/p>\n<p>Nestes \u00faltimos dias, pode-se conferir por meio das in\u00fameras atividades desenvolvidas em \u00e1reas afins aos interesses comunit\u00e1rios, entre as quais a m\u00eddia televisiva que a &#8220;falta de mem\u00f3ria hist\u00f3rica&#8221; compromete o notici\u00e1rio em todos os hor\u00e1rios da denominada &#8220;telinha m\u00e1gica&#8221;&#8230;<\/p>\n<p>Por\u00e9m, tamb\u00e9m, deve-se levar em considera\u00e7\u00e3o os aspectos quanto a forma\u00e7\u00e3o educacional em vig\u00eancia no pa\u00eds, quando os governantes em n\u00edveis federal, estadual e municipal, buscam apenas exaltar o &#8220;senso comum&#8221; em oposi\u00e7\u00e3o ao &#8220;senso cr\u00edtico&#8221;&#8230;<\/p>\n<p>Nestes ocasos do poder, faz-se necess\u00e1rio estar em conex\u00e3o com os fatos denominados de hist\u00f3ricos, isso desde a descoberta ou invas\u00e3o, dependendo sempre do olhar de cada pesquisador ou curioso de plant\u00e3o sobre o Brasil em tempo de p\u00f3s-globaliza\u00e7\u00e3o midi\u00e1tica&#8230;<\/p>\n<p>Portanto, para que a reflex\u00e3o possa ocorrer na perspectiva da cr\u00edtica, torna-se fundamental pesquisar sobre os fatos nas \u00e1reas da hist\u00f3ria, da sociologia, da antropologia, da filosofia e outras&#8230;<\/p>\n<p>Neste contexto plural para o pa\u00eds, ou seja, anterior as elei\u00e7\u00f5es do pr\u00f3ximo ano, quando os\/as eleitores\/as dever\u00e3o marcar presen\u00e7a nas urnas por meio das escolhas dos postulantes aos diversos cargos nos legislativos e executivos em n\u00edvel municipal, registra-se uma das m\u00e1ximas do dito popular, a saber, &#8220;todo cuidado \u00e9 pouco&#8221;&#8230;<\/p>\n<p>Existem atualmente, dezenas de op\u00e7\u00f5es partid\u00e1rias para que o\/a eleitor\/a possa fazer as suas escolhas, sendo que na maioria das vezes, tal op\u00e7\u00e3o deixa a desejar, considerando as &#8220;trocas nada simb\u00f3licas&#8221; que o poder exerce sobre os mesmos&#8230;<\/p>\n<p>Mesmo assim, neste per\u00edodo que antecede as elei\u00e7\u00f5es, o olhar do\/a eleitor\/a deve ser de acordo com o contexto nacional em busca do cen\u00e1rio estadual, considerando as diversas an\u00e1lises sobre as propostas apresentadas pelos\/as diversos\/as candidatos;as as vagas disponibilizadas nos Legislativos e executivos municipais e ponto quase final&#8230;<\/p>\n<p>Desta forma, torna-se necess\u00e1rio pesquisar sobre a Hist\u00f3rica Pol\u00edtica do pa\u00eds, isso desde os prim\u00f3rdios do ano de 1.500, quando o explorador Pedro \u00c1lvares Cabral desembarcou e invadiu essas \u201cterras descobertas\u201d (sic) em nome da Coroa Portuguesa com a \u201ccruz\u201d da salva\u00e7\u00e3o crist\u00e3 e a espada da morte para efetivar a conquista&#8230;<\/p>\n<p>Assim, s\u00e3o mais de cinco s\u00e9culos de hist\u00f3ria para muitas est\u00f3rias, se bem que hoje, tanto faz uma como a outra, o que prevalece \u00e9 estar em conex\u00e3o com a reflex\u00e3o cr\u00edtica para que a mem\u00f3ria hist\u00f3rica continue como mediadora entre o passado e o presente, por\u00e9m, na perspectiva do futuro&#8230;<\/p>\n<p>QUEM SOBREVIVER VAI SABER&#8230;<\/p>\n<p><strong><em>_______________________________<\/em><\/strong><\/p>\n<p><strong><em>(*) jornalista profissional diplomado.<\/em><\/strong><\/p>\n<p><strong><em>e-mail: <\/em><\/strong><a href=\"mailto:barbosa.sebar@gmail.com\"><strong><em>barbosa.sebar@gmail.com<\/em><\/strong><\/a><\/p>\n","protected":false},"excerpt":{"rendered":"<p>&#8220;O opressor n\u00e3o seria t\u00e3o forte, se n\u00e3o tivesse c\u00famplices entre os pr\u00f3prios oprimidos&#8221; (Simone de Beauvoir) S\u00e9rgio Barbosa (*) Nestes \u00faltimos dias, pode-se conferir por meio das in\u00fameras atividades desenvolvidas em \u00e1reas afins aos interesses comunit\u00e1rios, entre as quais a m\u00eddia televisiva que a &#8220;falta de mem\u00f3ria hist\u00f3rica&#8221; compromete o notici\u00e1rio em todos os [&hellip;]<\/p>\n","protected":false},"author":13,"featured_media":51988,"comment_status":"closed","ping_status":"open","sticky":false,"template":"","format":"standard","meta":{"_acf_changed":false,"_exactmetrics_skip_tracking":false,"_exactmetrics_sitenote_active":false,"_exactmetrics_sitenote_note":"","_exactmetrics_sitenote_category":0,"footnotes":""},"categories":[59],"tags":[],"class_list":["post-99014","post","type-post","status-publish","format-standard","has-post-thumbnail","hentry","category-opiniao"],"acf":[],"yoast_head":"<!-- This site is optimized with the Yoast SEO plugin v27.2 - https:\/\/yoast.com\/product\/yoast-seo-wordpress\/ -->\n<title>Um pa\u00eds do faz de conta e sem mem\u00f3ria hist\u00f3rica... - R\u00e1dio Life FM<\/title>\n<meta name=\"robots\" content=\"index, follow, max-snippet:-1, max-image-preview:large, max-video-preview:-1\" \/>\n<link rel=\"canonical\" href=\"https:\/\/radiolifefm.com.br\/noticias\/um-pais-do-faz-de-conta-e-sem-memoria-historica\/\" \/>\n<meta property=\"og:locale\" content=\"pt_BR\" \/>\n<meta property=\"og:type\" content=\"article\" \/>\n<meta property=\"og:title\" content=\"Um pa\u00eds do faz de conta e sem mem\u00f3ria hist\u00f3rica... - R\u00e1dio Life FM\" \/>\n<meta property=\"og:description\" content=\"&#8220;O opressor n\u00e3o seria t\u00e3o forte, se n\u00e3o tivesse c\u00famplices entre os pr\u00f3prios oprimidos&#8221; (Simone de Beauvoir) S\u00e9rgio Barbosa (*) Nestes \u00faltimos dias, pode-se conferir por meio das in\u00fameras atividades desenvolvidas em \u00e1reas afins aos interesses comunit\u00e1rios, entre as quais a m\u00eddia televisiva que a &#8220;falta de mem\u00f3ria hist\u00f3rica&#8221; compromete o notici\u00e1rio em todos os [&hellip;]\" \/>\n<meta property=\"og:url\" content=\"https:\/\/radiolifefm.com.br\/noticias\/um-pais-do-faz-de-conta-e-sem-memoria-historica\/\" \/>\n<meta property=\"og:site_name\" content=\"R\u00e1dio Life FM\" \/>\n<meta property=\"article:publisher\" content=\"https:\/\/www.facebook.com\/radiolifefm\/\" \/>\n<meta property=\"article:published_time\" content=\"2025-03-26T11:27:05+00:00\" \/>\n<meta property=\"article:modified_time\" content=\"2026-01-07T14:11:03+00:00\" \/>\n<meta property=\"og:image\" content=\"https:\/\/radiolifefm.com.br\/noticias\/wp-content\/uploads\/2022\/04\/WhatsApp-Image-2022-04-10-at-18.43.02.jpeg\" \/>\n\t<meta property=\"og:image:width\" content=\"972\" \/>\n\t<meta property=\"og:image:height\" content=\"1296\" \/>\n\t<meta property=\"og:image:type\" content=\"image\/jpeg\" \/>\n<meta name=\"author\" content=\"ritanery\" \/>\n<meta name=\"twitter:card\" content=\"summary_large_image\" \/>\n<meta name=\"twitter:label1\" content=\"Escrito por\" \/>\n\t<meta name=\"twitter:data1\" content=\"ritanery\" \/>\n\t<meta name=\"twitter:label2\" content=\"Est. tempo de leitura\" \/>\n\t<meta name=\"twitter:data2\" content=\"3 minutos\" \/>\n<script type=\"application\/ld+json\" class=\"yoast-schema-graph\">{\"@context\":\"https:\/\/schema.org\",\"@graph\":[{\"@type\":\"Article\",\"@id\":\"https:\/\/radiolifefm.com.br\/noticias\/um-pais-do-faz-de-conta-e-sem-memoria-historica\/#article\",\"isPartOf\":{\"@id\":\"https:\/\/radiolifefm.com.br\/noticias\/um-pais-do-faz-de-conta-e-sem-memoria-historica\/\"},\"author\":{\"name\":\"ritanery\",\"@id\":\"https:\/\/radiolifefm.com.br\/noticias\/#\/schema\/person\/6339b9fac59d12b071dec680d7375d87\"},\"headline\":\"Um pa\u00eds do faz de conta e sem mem\u00f3ria hist\u00f3rica&#8230;\",\"datePublished\":\"2025-03-26T11:27:05+00:00\",\"dateModified\":\"2026-01-07T14:11:03+00:00\",\"mainEntityOfPage\":{\"@id\":\"https:\/\/radiolifefm.com.br\/noticias\/um-pais-do-faz-de-conta-e-sem-memoria-historica\/\"},\"wordCount\":500,\"publisher\":{\"@id\":\"https:\/\/radiolifefm.com.br\/noticias\/#organization\"},\"image\":{\"@id\":\"https:\/\/radiolifefm.com.br\/noticias\/um-pais-do-faz-de-conta-e-sem-memoria-historica\/#primaryimage\"},\"thumbnailUrl\":\"https:\/\/radiolifefm.com.br\/noticias\/wp-content\/uploads\/2022\/04\/WhatsApp-Image-2022-04-10-at-18.43.02.jpeg\",\"articleSection\":[\"Opini\u00e3o\"],\"inLanguage\":\"pt-BR\"},{\"@type\":\"WebPage\",\"@id\":\"https:\/\/radiolifefm.com.br\/noticias\/um-pais-do-faz-de-conta-e-sem-memoria-historica\/\",\"url\":\"https:\/\/radiolifefm.com.br\/noticias\/um-pais-do-faz-de-conta-e-sem-memoria-historica\/\",\"name\":\"Um pa\u00eds do faz de conta e sem mem\u00f3ria hist\u00f3rica... - R\u00e1dio Life FM\",\"isPartOf\":{\"@id\":\"https:\/\/radiolifefm.com.br\/noticias\/#website\"},\"primaryImageOfPage\":{\"@id\":\"https:\/\/radiolifefm.com.br\/noticias\/um-pais-do-faz-de-conta-e-sem-memoria-historica\/#primaryimage\"},\"image\":{\"@id\":\"https:\/\/radiolifefm.com.br\/noticias\/um-pais-do-faz-de-conta-e-sem-memoria-historica\/#primaryimage\"},\"thumbnailUrl\":\"https:\/\/radiolifefm.com.br\/noticias\/wp-content\/uploads\/2022\/04\/WhatsApp-Image-2022-04-10-at-18.43.02.jpeg\",\"datePublished\":\"2025-03-26T11:27:05+00:00\",\"dateModified\":\"2026-01-07T14:11:03+00:00\",\"breadcrumb\":{\"@id\":\"https:\/\/radiolifefm.com.br\/noticias\/um-pais-do-faz-de-conta-e-sem-memoria-historica\/#breadcrumb\"},\"inLanguage\":\"pt-BR\",\"potentialAction\":[{\"@type\":\"ReadAction\",\"target\":[\"https:\/\/radiolifefm.com.br\/noticias\/um-pais-do-faz-de-conta-e-sem-memoria-historica\/\"]}]},{\"@type\":\"ImageObject\",\"inLanguage\":\"pt-BR\",\"@id\":\"https:\/\/radiolifefm.com.br\/noticias\/um-pais-do-faz-de-conta-e-sem-memoria-historica\/#primaryimage\",\"url\":\"https:\/\/radiolifefm.com.br\/noticias\/wp-content\/uploads\/2022\/04\/WhatsApp-Image-2022-04-10-at-18.43.02.jpeg\",\"contentUrl\":\"https:\/\/radiolifefm.com.br\/noticias\/wp-content\/uploads\/2022\/04\/WhatsApp-Image-2022-04-10-at-18.43.02.jpeg\",\"width\":972,\"height\":1296,\"caption\":\"S\u00e9rgio Barbosa\"},{\"@type\":\"BreadcrumbList\",\"@id\":\"https:\/\/radiolifefm.com.br\/noticias\/um-pais-do-faz-de-conta-e-sem-memoria-historica\/#breadcrumb\",\"itemListElement\":[{\"@type\":\"ListItem\",\"position\":1,\"name\":\"In\u00edcio\",\"item\":\"https:\/\/radiolifefm.com.br\/noticias\/\"},{\"@type\":\"ListItem\",\"position\":2,\"name\":\"Um pa\u00eds do faz de conta e sem mem\u00f3ria hist\u00f3rica&#8230;\"}]},{\"@type\":\"WebSite\",\"@id\":\"https:\/\/radiolifefm.com.br\/noticias\/#website\",\"url\":\"https:\/\/radiolifefm.com.br\/noticias\/\",\"name\":\"R\u00e1dio Life FM\",\"description\":\"O Portal de Not\u00edcias de Adamantina\",\"publisher\":{\"@id\":\"https:\/\/radiolifefm.com.br\/noticias\/#organization\"},\"alternateName\":\"Life FM\",\"potentialAction\":[{\"@type\":\"SearchAction\",\"target\":{\"@type\":\"EntryPoint\",\"urlTemplate\":\"https:\/\/radiolifefm.com.br\/noticias\/?s={search_term_string}\"},\"query-input\":{\"@type\":\"PropertyValueSpecification\",\"valueRequired\":true,\"valueName\":\"search_term_string\"}}],\"inLanguage\":\"pt-BR\"},{\"@type\":\"Organization\",\"@id\":\"https:\/\/radiolifefm.com.br\/noticias\/#organization\",\"name\":\"R\u00e1dio Life FM\",\"alternateName\":\"Life FM\",\"url\":\"https:\/\/radiolifefm.com.br\/noticias\/\",\"logo\":{\"@type\":\"ImageObject\",\"inLanguage\":\"pt-BR\",\"@id\":\"https:\/\/radiolifefm.com.br\/noticias\/#\/schema\/logo\/image\/\",\"url\":\"https:\/\/static.radiolifefm.com.br\/noticias\/wp-content\/uploads\/2019\/10\/logo-lifefm.png\",\"contentUrl\":\"https:\/\/static.radiolifefm.com.br\/noticias\/wp-content\/uploads\/2019\/10\/logo-lifefm.png\",\"width\":196,\"height\":47,\"caption\":\"R\u00e1dio Life FM\"},\"image\":{\"@id\":\"https:\/\/radiolifefm.com.br\/noticias\/#\/schema\/logo\/image\/\"},\"sameAs\":[\"https:\/\/www.facebook.com\/radiolifefm\/\",\"https:\/\/www.instagram.com\/life1079fm\/\"]},{\"@type\":\"Person\",\"@id\":\"https:\/\/radiolifefm.com.br\/noticias\/#\/schema\/person\/6339b9fac59d12b071dec680d7375d87\",\"name\":\"ritanery\",\"image\":{\"@type\":\"ImageObject\",\"inLanguage\":\"pt-BR\",\"@id\":\"https:\/\/secure.gravatar.com\/avatar\/0e37bb19071f47c0b8a23f62a903df117c5a0e75f65a0c2901562f97cd41cf86?s=96&d=mm&r=g\",\"url\":\"https:\/\/secure.gravatar.com\/avatar\/0e37bb19071f47c0b8a23f62a903df117c5a0e75f65a0c2901562f97cd41cf86?s=96&d=mm&r=g\",\"contentUrl\":\"https:\/\/secure.gravatar.com\/avatar\/0e37bb19071f47c0b8a23f62a903df117c5a0e75f65a0c2901562f97cd41cf86?s=96&d=mm&r=g\",\"caption\":\"ritanery\"}}]}<\/script>\n<!-- \/ Yoast SEO plugin. -->","yoast_head_json":{"title":"Um pa\u00eds do faz de conta e sem mem\u00f3ria hist\u00f3rica... - R\u00e1dio Life FM","robots":{"index":"index","follow":"follow","max-snippet":"max-snippet:-1","max-image-preview":"max-image-preview:large","max-video-preview":"max-video-preview:-1"},"canonical":"https:\/\/radiolifefm.com.br\/noticias\/um-pais-do-faz-de-conta-e-sem-memoria-historica\/","og_locale":"pt_BR","og_type":"article","og_title":"Um pa\u00eds do faz de conta e sem mem\u00f3ria hist\u00f3rica... - R\u00e1dio Life FM","og_description":"&#8220;O opressor n\u00e3o seria t\u00e3o forte, se n\u00e3o tivesse c\u00famplices entre os pr\u00f3prios oprimidos&#8221; (Simone de Beauvoir) S\u00e9rgio Barbosa (*) Nestes \u00faltimos dias, pode-se conferir por meio das in\u00fameras atividades desenvolvidas em \u00e1reas afins aos interesses comunit\u00e1rios, entre as quais a m\u00eddia televisiva que a &#8220;falta de mem\u00f3ria hist\u00f3rica&#8221; compromete o notici\u00e1rio em todos os [&hellip;]","og_url":"https:\/\/radiolifefm.com.br\/noticias\/um-pais-do-faz-de-conta-e-sem-memoria-historica\/","og_site_name":"R\u00e1dio Life FM","article_publisher":"https:\/\/www.facebook.com\/radiolifefm\/","article_published_time":"2025-03-26T11:27:05+00:00","article_modified_time":"2026-01-07T14:11:03+00:00","og_image":[{"width":972,"height":1296,"url":"https:\/\/radiolifefm.com.br\/noticias\/wp-content\/uploads\/2022\/04\/WhatsApp-Image-2022-04-10-at-18.43.02.jpeg","type":"image\/jpeg"}],"author":"ritanery","twitter_card":"summary_large_image","twitter_misc":{"Escrito por":"ritanery","Est. tempo de leitura":"3 minutos"},"schema":{"@context":"https:\/\/schema.org","@graph":[{"@type":"Article","@id":"https:\/\/radiolifefm.com.br\/noticias\/um-pais-do-faz-de-conta-e-sem-memoria-historica\/#article","isPartOf":{"@id":"https:\/\/radiolifefm.com.br\/noticias\/um-pais-do-faz-de-conta-e-sem-memoria-historica\/"},"author":{"name":"ritanery","@id":"https:\/\/radiolifefm.com.br\/noticias\/#\/schema\/person\/6339b9fac59d12b071dec680d7375d87"},"headline":"Um pa\u00eds do faz de conta e sem mem\u00f3ria hist\u00f3rica&#8230;","datePublished":"2025-03-26T11:27:05+00:00","dateModified":"2026-01-07T14:11:03+00:00","mainEntityOfPage":{"@id":"https:\/\/radiolifefm.com.br\/noticias\/um-pais-do-faz-de-conta-e-sem-memoria-historica\/"},"wordCount":500,"publisher":{"@id":"https:\/\/radiolifefm.com.br\/noticias\/#organization"},"image":{"@id":"https:\/\/radiolifefm.com.br\/noticias\/um-pais-do-faz-de-conta-e-sem-memoria-historica\/#primaryimage"},"thumbnailUrl":"https:\/\/radiolifefm.com.br\/noticias\/wp-content\/uploads\/2022\/04\/WhatsApp-Image-2022-04-10-at-18.43.02.jpeg","articleSection":["Opini\u00e3o"],"inLanguage":"pt-BR"},{"@type":"WebPage","@id":"https:\/\/radiolifefm.com.br\/noticias\/um-pais-do-faz-de-conta-e-sem-memoria-historica\/","url":"https:\/\/radiolifefm.com.br\/noticias\/um-pais-do-faz-de-conta-e-sem-memoria-historica\/","name":"Um pa\u00eds do faz de conta e sem mem\u00f3ria hist\u00f3rica... - R\u00e1dio Life FM","isPartOf":{"@id":"https:\/\/radiolifefm.com.br\/noticias\/#website"},"primaryImageOfPage":{"@id":"https:\/\/radiolifefm.com.br\/noticias\/um-pais-do-faz-de-conta-e-sem-memoria-historica\/#primaryimage"},"image":{"@id":"https:\/\/radiolifefm.com.br\/noticias\/um-pais-do-faz-de-conta-e-sem-memoria-historica\/#primaryimage"},"thumbnailUrl":"https:\/\/radiolifefm.com.br\/noticias\/wp-content\/uploads\/2022\/04\/WhatsApp-Image-2022-04-10-at-18.43.02.jpeg","datePublished":"2025-03-26T11:27:05+00:00","dateModified":"2026-01-07T14:11:03+00:00","breadcrumb":{"@id":"https:\/\/radiolifefm.com.br\/noticias\/um-pais-do-faz-de-conta-e-sem-memoria-historica\/#breadcrumb"},"inLanguage":"pt-BR","potentialAction":[{"@type":"ReadAction","target":["https:\/\/radiolifefm.com.br\/noticias\/um-pais-do-faz-de-conta-e-sem-memoria-historica\/"]}]},{"@type":"ImageObject","inLanguage":"pt-BR","@id":"https:\/\/radiolifefm.com.br\/noticias\/um-pais-do-faz-de-conta-e-sem-memoria-historica\/#primaryimage","url":"https:\/\/radiolifefm.com.br\/noticias\/wp-content\/uploads\/2022\/04\/WhatsApp-Image-2022-04-10-at-18.43.02.jpeg","contentUrl":"https:\/\/radiolifefm.com.br\/noticias\/wp-content\/uploads\/2022\/04\/WhatsApp-Image-2022-04-10-at-18.43.02.jpeg","width":972,"height":1296,"caption":"S\u00e9rgio Barbosa"},{"@type":"BreadcrumbList","@id":"https:\/\/radiolifefm.com.br\/noticias\/um-pais-do-faz-de-conta-e-sem-memoria-historica\/#breadcrumb","itemListElement":[{"@type":"ListItem","position":1,"name":"In\u00edcio","item":"https:\/\/radiolifefm.com.br\/noticias\/"},{"@type":"ListItem","position":2,"name":"Um pa\u00eds do faz de conta e sem mem\u00f3ria hist\u00f3rica&#8230;"}]},{"@type":"WebSite","@id":"https:\/\/radiolifefm.com.br\/noticias\/#website","url":"https:\/\/radiolifefm.com.br\/noticias\/","name":"R\u00e1dio Life FM","description":"O Portal de Not\u00edcias de Adamantina","publisher":{"@id":"https:\/\/radiolifefm.com.br\/noticias\/#organization"},"alternateName":"Life FM","potentialAction":[{"@type":"SearchAction","target":{"@type":"EntryPoint","urlTemplate":"https:\/\/radiolifefm.com.br\/noticias\/?s={search_term_string}"},"query-input":{"@type":"PropertyValueSpecification","valueRequired":true,"valueName":"search_term_string"}}],"inLanguage":"pt-BR"},{"@type":"Organization","@id":"https:\/\/radiolifefm.com.br\/noticias\/#organization","name":"R\u00e1dio Life FM","alternateName":"Life FM","url":"https:\/\/radiolifefm.com.br\/noticias\/","logo":{"@type":"ImageObject","inLanguage":"pt-BR","@id":"https:\/\/radiolifefm.com.br\/noticias\/#\/schema\/logo\/image\/","url":"https:\/\/static.radiolifefm.com.br\/noticias\/wp-content\/uploads\/2019\/10\/logo-lifefm.png","contentUrl":"https:\/\/static.radiolifefm.com.br\/noticias\/wp-content\/uploads\/2019\/10\/logo-lifefm.png","width":196,"height":47,"caption":"R\u00e1dio Life FM"},"image":{"@id":"https:\/\/radiolifefm.com.br\/noticias\/#\/schema\/logo\/image\/"},"sameAs":["https:\/\/www.facebook.com\/radiolifefm\/","https:\/\/www.instagram.com\/life1079fm\/"]},{"@type":"Person","@id":"https:\/\/radiolifefm.com.br\/noticias\/#\/schema\/person\/6339b9fac59d12b071dec680d7375d87","name":"ritanery","image":{"@type":"ImageObject","inLanguage":"pt-BR","@id":"https:\/\/secure.gravatar.com\/avatar\/0e37bb19071f47c0b8a23f62a903df117c5a0e75f65a0c2901562f97cd41cf86?s=96&d=mm&r=g","url":"https:\/\/secure.gravatar.com\/avatar\/0e37bb19071f47c0b8a23f62a903df117c5a0e75f65a0c2901562f97cd41cf86?s=96&d=mm&r=g","contentUrl":"https:\/\/secure.gravatar.com\/avatar\/0e37bb19071f47c0b8a23f62a903df117c5a0e75f65a0c2901562f97cd41cf86?s=96&d=mm&r=g","caption":"ritanery"}}]}},"amp_enabled":true,"_links":{"self":[{"href":"https:\/\/radiolifefm.com.br\/noticias\/wp-json\/wp\/v2\/posts\/99014","targetHints":{"allow":["GET"]}}],"collection":[{"href":"https:\/\/radiolifefm.com.br\/noticias\/wp-json\/wp\/v2\/posts"}],"about":[{"href":"https:\/\/radiolifefm.com.br\/noticias\/wp-json\/wp\/v2\/types\/post"}],"author":[{"embeddable":true,"href":"https:\/\/radiolifefm.com.br\/noticias\/wp-json\/wp\/v2\/users\/13"}],"replies":[{"embeddable":true,"href":"https:\/\/radiolifefm.com.br\/noticias\/wp-json\/wp\/v2\/comments?post=99014"}],"version-history":[{"count":1,"href":"https:\/\/radiolifefm.com.br\/noticias\/wp-json\/wp\/v2\/posts\/99014\/revisions"}],"predecessor-version":[{"id":99015,"href":"https:\/\/radiolifefm.com.br\/noticias\/wp-json\/wp\/v2\/posts\/99014\/revisions\/99015"}],"wp:featuredmedia":[{"embeddable":true,"href":"https:\/\/radiolifefm.com.br\/noticias\/wp-json\/wp\/v2\/media\/51988"}],"wp:attachment":[{"href":"https:\/\/radiolifefm.com.br\/noticias\/wp-json\/wp\/v2\/media?parent=99014"}],"wp:term":[{"taxonomy":"category","embeddable":true,"href":"https:\/\/radiolifefm.com.br\/noticias\/wp-json\/wp\/v2\/categories?post=99014"},{"taxonomy":"post_tag","embeddable":true,"href":"https:\/\/radiolifefm.com.br\/noticias\/wp-json\/wp\/v2\/tags?post=99014"}],"curies":[{"name":"wp","href":"https:\/\/api.w.org\/{rel}","templated":true}]}}