{"id":98981,"date":"2025-03-24T08:30:31","date_gmt":"2025-03-24T11:30:31","guid":{"rendered":"https:\/\/radiolifefm.com.br\/noticias\/?p=98981"},"modified":"2026-04-09T06:19:21","modified_gmt":"2026-04-09T09:19:21","slug":"uma-banda-sem-maestro-nesta-provincia-do-faz-de-conta","status":"publish","type":"post","link":"https:\/\/radiolifefm.com.br\/noticias\/uma-banda-sem-maestro-nesta-provincia-do-faz-de-conta\/","title":{"rendered":"Uma BANDA sem MAESTRO nesta PROV\u00cdNCIA DO FAZ DE CONTA\u2026"},"content":{"rendered":"<div id=\"fb-root\"><\/div>\n<p><strong><em>\u201cO maestro afirma que a banda \u00e9 uma escola de m\u00fasica, dan\u00e7a, disciplina, cidadania e conviv\u00eancia em grupo, mas a forma\u00e7\u00e3o social \u00e9 o carro chefe do grupo. \u201cPessoas que passam por uma banda sempre tem uma mudan\u00e7a em sua vida, a cultura e a arte em geral transformam vidas\u201d, assegura.\u201d<\/em><\/strong><\/p>\n<p><strong><em>\u201cDe acordo com o maestro Valter Negrini, \u00e0 frente da BAMAD desde 2002, comemorar a data \u00e9 muito importante devido a contribui\u00e7\u00e3o social da banda na forma\u00e7\u00e3o musical e cultural das crian\u00e7as e adolescentes de Adamantina.\u201d<\/em><\/strong><\/p>\n<p><strong>By seb@r.<\/strong><\/p>\n<p>&nbsp;<\/p>\n<p>Talvez pelo DITO que tem a ver com o N\u00c3O DITO, ainda mais neste CEN\u00c1RIO PROVINCIANO, tendo em vista que tudo indica que a BOIADA EST\u00c1 PASSANDO sem mais e sem menos\u2026<\/p>\n<p>At\u00e9 onde estou tentando lembrar aqui do meu lado, a BAMAD, ou seja, BANDA MARCIAL DE ADAMANTINA, est\u00e1 na estrada faz anos e anos, ainda, com \u00d3TIMOS SERVI\u00c7OS MUSICAIS prestados em n\u00edvel REGIOCAL, ou seja, do REGIONAL PARA O LOCAL\u2026<\/p>\n<p>Isso sem escrever a participa\u00e7\u00e3o da BAMAD em atividades diversas na \u00e1rea CULTURAL desta PROV\u00cdNCIA DO FAZ DE CONTA, considerando que o envolvimento de CRIAN\u00c3S, ADOLESCENTES e JOVENS com a M\u00daSICA sempre fizeram parte do Projeto BAMAD\u2026<\/p>\n<p>Por\u00e9m, pelos DESENCONTROS patrocinados pela atual GEST\u00c3O P\u00daBLICA local, a BAMAD perdeu o seu MAESTRO, isso mesmo meu caro\/a LEITOR\/A PROVINCIANO\/A, desta forma, tudo indica que a BAMAD e suas atividades na \u00e1rea da cultura musical, deve ficar na BOCA DE ESPERA\u2026<\/p>\n<p>Como escrevi acima, pode ser a tal BOIADA PASSANDO deste lado da CULTURA, portanto, TODO CUIDADO \u00c9 POUCO daqui pra frente com as IDAS com poucas VINDAS desta atual GEST\u00c3O PROVINCIANA\u2026<\/p>\n<p>Os t\u00e3o esperados 100 DIAS est\u00e3o chegando, desta forma, ser\u00e1 necess\u00e1rio fazer aquele BALAN\u00c7O GERAL em todas as \u00e1reas dominadas pelo PODER P\u00daBLICO, tamb\u00e9m, cobrar pelas PROMESSAS DE CAMPANHA, entre as quais a tal AUDITORIA para saber disto e aquilo quanto ao trabalho (sic) desenvolvido nas GEST\u00d5ES PINOQUIANAS\u2026<\/p>\n<p>Mas, voltando a BAMAD, espera-se que a atual GEST\u00c3O se posicione neste momento, tendo em vista aquilo que n\u00e3o pode ser visto, ou seja, as eternas TROCAS NADA SIMB\u00d3LICAS deste CARGO\/FUN\u00c7\u00c3O, todavia, NADA COMO UM DIA DEPOIS DO OUTRO neste CEN\u00c1RIO PROVINCIANO\u2026<\/p>\n<p>Uma BANDA SEM MAESTRO nesta PROV\u00cdNCIA DO FAZ DE CONTA pode representar que este PROJETO MUSICAL com suas conquistas, ainda, sendo que a principal VIT\u00d3RIA est\u00e1 al\u00e9m da M\u00daSICA, ou seja, est\u00e1 na \u00c1REA SOCIAL em nome do compromisso com a COMUNIDADE PROVINCIANA\u2026<\/p>\n<p>AVE BAMAD! AVE MAESTRO!<\/p>\n<p>Refor\u00e7ando, PERDERAM MAN\u00c9S!<\/p>\n<p>Tamb\u00e9m, QUEM SOBREVIVER VAI SABER\u2026<\/p>\n<p>&nbsp;<\/p>\n<p><strong>e-mail:\u00a0<\/strong><a href=\"mailto:barbosa.sebar@gmail.com\"><strong>barbosa.sebar@gmail.com<\/strong><\/a><\/p>\n","protected":false},"excerpt":{"rendered":"<p>\u201cO maestro afirma que a banda \u00e9 uma escola de m\u00fasica, dan\u00e7a, disciplina, cidadania e conviv\u00eancia em grupo, mas a forma\u00e7\u00e3o social \u00e9 o carro chefe do grupo. \u201cPessoas que passam por uma banda sempre tem uma mudan\u00e7a em sua vida, a cultura e a arte em geral transformam vidas\u201d, assegura.\u201d \u201cDe acordo com o [&hellip;]<\/p>\n","protected":false},"author":13,"featured_media":51988,"comment_status":"closed","ping_status":"open","sticky":false,"template":"","format":"standard","meta":{"_acf_changed":false,"_exactmetrics_skip_tracking":false,"_exactmetrics_sitenote_active":false,"_exactmetrics_sitenote_note":"","_exactmetrics_sitenote_category":0,"footnotes":""},"categories":[59],"tags":[],"class_list":["post-98981","post","type-post","status-publish","format-standard","has-post-thumbnail","hentry","category-opiniao"],"acf":[],"yoast_head":"<!-- This site is optimized with the Yoast SEO plugin v27.2 - https:\/\/yoast.com\/product\/yoast-seo-wordpress\/ -->\n<title>Uma BANDA sem MAESTRO nesta PROV\u00cdNCIA DO FAZ DE CONTA\u2026 - R\u00e1dio Life FM<\/title>\n<meta name=\"robots\" content=\"index, follow, max-snippet:-1, max-image-preview:large, max-video-preview:-1\" \/>\n<link rel=\"canonical\" href=\"https:\/\/radiolifefm.com.br\/noticias\/uma-banda-sem-maestro-nesta-provincia-do-faz-de-conta\/\" \/>\n<meta property=\"og:locale\" content=\"pt_BR\" \/>\n<meta property=\"og:type\" content=\"article\" \/>\n<meta property=\"og:title\" content=\"Uma BANDA sem MAESTRO nesta PROV\u00cdNCIA DO FAZ DE CONTA\u2026 - R\u00e1dio Life FM\" \/>\n<meta property=\"og:description\" content=\"\u201cO maestro afirma que a banda \u00e9 uma escola de m\u00fasica, dan\u00e7a, disciplina, cidadania e conviv\u00eancia em grupo, mas a forma\u00e7\u00e3o social \u00e9 o carro chefe do grupo. \u201cPessoas que passam por uma banda sempre tem uma mudan\u00e7a em sua vida, a cultura e a arte em geral transformam vidas\u201d, assegura.\u201d \u201cDe acordo com o [&hellip;]\" \/>\n<meta property=\"og:url\" content=\"https:\/\/radiolifefm.com.br\/noticias\/uma-banda-sem-maestro-nesta-provincia-do-faz-de-conta\/\" \/>\n<meta property=\"og:site_name\" content=\"R\u00e1dio Life FM\" \/>\n<meta property=\"article:publisher\" content=\"https:\/\/www.facebook.com\/radiolifefm\/\" \/>\n<meta property=\"article:published_time\" content=\"2025-03-24T11:30:31+00:00\" \/>\n<meta property=\"article:modified_time\" content=\"2026-04-09T09:19:21+00:00\" \/>\n<meta property=\"og:image\" content=\"https:\/\/radiolifefm.com.br\/noticias\/wp-content\/uploads\/2022\/04\/WhatsApp-Image-2022-04-10-at-18.43.02.jpeg\" \/>\n\t<meta property=\"og:image:width\" content=\"972\" \/>\n\t<meta property=\"og:image:height\" content=\"1296\" \/>\n\t<meta property=\"og:image:type\" content=\"image\/jpeg\" \/>\n<meta name=\"author\" content=\"ritanery\" \/>\n<meta name=\"twitter:card\" content=\"summary_large_image\" \/>\n<meta name=\"twitter:label1\" content=\"Escrito por\" \/>\n\t<meta name=\"twitter:data1\" content=\"ritanery\" \/>\n\t<meta name=\"twitter:label2\" content=\"Est. tempo de leitura\" \/>\n\t<meta name=\"twitter:data2\" content=\"3 minutos\" \/>\n<script type=\"application\/ld+json\" class=\"yoast-schema-graph\">{\"@context\":\"https:\/\/schema.org\",\"@graph\":[{\"@type\":\"Article\",\"@id\":\"https:\/\/radiolifefm.com.br\/noticias\/uma-banda-sem-maestro-nesta-provincia-do-faz-de-conta\/#article\",\"isPartOf\":{\"@id\":\"https:\/\/radiolifefm.com.br\/noticias\/uma-banda-sem-maestro-nesta-provincia-do-faz-de-conta\/\"},\"author\":{\"name\":\"ritanery\",\"@id\":\"https:\/\/radiolifefm.com.br\/noticias\/#\/schema\/person\/6339b9fac59d12b071dec680d7375d87\"},\"headline\":\"Uma BANDA sem MAESTRO nesta PROV\u00cdNCIA DO FAZ DE CONTA\u2026\",\"datePublished\":\"2025-03-24T11:30:31+00:00\",\"dateModified\":\"2026-04-09T09:19:21+00:00\",\"mainEntityOfPage\":{\"@id\":\"https:\/\/radiolifefm.com.br\/noticias\/uma-banda-sem-maestro-nesta-provincia-do-faz-de-conta\/\"},\"wordCount\":471,\"publisher\":{\"@id\":\"https:\/\/radiolifefm.com.br\/noticias\/#organization\"},\"image\":{\"@id\":\"https:\/\/radiolifefm.com.br\/noticias\/uma-banda-sem-maestro-nesta-provincia-do-faz-de-conta\/#primaryimage\"},\"thumbnailUrl\":\"https:\/\/radiolifefm.com.br\/noticias\/wp-content\/uploads\/2022\/04\/WhatsApp-Image-2022-04-10-at-18.43.02.jpeg\",\"articleSection\":[\"Opini\u00e3o\"],\"inLanguage\":\"pt-BR\"},{\"@type\":\"WebPage\",\"@id\":\"https:\/\/radiolifefm.com.br\/noticias\/uma-banda-sem-maestro-nesta-provincia-do-faz-de-conta\/\",\"url\":\"https:\/\/radiolifefm.com.br\/noticias\/uma-banda-sem-maestro-nesta-provincia-do-faz-de-conta\/\",\"name\":\"Uma BANDA sem MAESTRO nesta PROV\u00cdNCIA DO FAZ DE CONTA\u2026 - R\u00e1dio Life FM\",\"isPartOf\":{\"@id\":\"https:\/\/radiolifefm.com.br\/noticias\/#website\"},\"primaryImageOfPage\":{\"@id\":\"https:\/\/radiolifefm.com.br\/noticias\/uma-banda-sem-maestro-nesta-provincia-do-faz-de-conta\/#primaryimage\"},\"image\":{\"@id\":\"https:\/\/radiolifefm.com.br\/noticias\/uma-banda-sem-maestro-nesta-provincia-do-faz-de-conta\/#primaryimage\"},\"thumbnailUrl\":\"https:\/\/radiolifefm.com.br\/noticias\/wp-content\/uploads\/2022\/04\/WhatsApp-Image-2022-04-10-at-18.43.02.jpeg\",\"datePublished\":\"2025-03-24T11:30:31+00:00\",\"dateModified\":\"2026-04-09T09:19:21+00:00\",\"breadcrumb\":{\"@id\":\"https:\/\/radiolifefm.com.br\/noticias\/uma-banda-sem-maestro-nesta-provincia-do-faz-de-conta\/#breadcrumb\"},\"inLanguage\":\"pt-BR\",\"potentialAction\":[{\"@type\":\"ReadAction\",\"target\":[\"https:\/\/radiolifefm.com.br\/noticias\/uma-banda-sem-maestro-nesta-provincia-do-faz-de-conta\/\"]}]},{\"@type\":\"ImageObject\",\"inLanguage\":\"pt-BR\",\"@id\":\"https:\/\/radiolifefm.com.br\/noticias\/uma-banda-sem-maestro-nesta-provincia-do-faz-de-conta\/#primaryimage\",\"url\":\"https:\/\/radiolifefm.com.br\/noticias\/wp-content\/uploads\/2022\/04\/WhatsApp-Image-2022-04-10-at-18.43.02.jpeg\",\"contentUrl\":\"https:\/\/radiolifefm.com.br\/noticias\/wp-content\/uploads\/2022\/04\/WhatsApp-Image-2022-04-10-at-18.43.02.jpeg\",\"width\":972,\"height\":1296,\"caption\":\"S\u00e9rgio Barbosa\"},{\"@type\":\"BreadcrumbList\",\"@id\":\"https:\/\/radiolifefm.com.br\/noticias\/uma-banda-sem-maestro-nesta-provincia-do-faz-de-conta\/#breadcrumb\",\"itemListElement\":[{\"@type\":\"ListItem\",\"position\":1,\"name\":\"In\u00edcio\",\"item\":\"https:\/\/radiolifefm.com.br\/noticias\/\"},{\"@type\":\"ListItem\",\"position\":2,\"name\":\"Uma BANDA sem MAESTRO nesta PROV\u00cdNCIA DO FAZ DE CONTA\u2026\"}]},{\"@type\":\"WebSite\",\"@id\":\"https:\/\/radiolifefm.com.br\/noticias\/#website\",\"url\":\"https:\/\/radiolifefm.com.br\/noticias\/\",\"name\":\"R\u00e1dio Life FM\",\"description\":\"O Portal de Not\u00edcias de Adamantina\",\"publisher\":{\"@id\":\"https:\/\/radiolifefm.com.br\/noticias\/#organization\"},\"alternateName\":\"Life FM\",\"potentialAction\":[{\"@type\":\"SearchAction\",\"target\":{\"@type\":\"EntryPoint\",\"urlTemplate\":\"https:\/\/radiolifefm.com.br\/noticias\/?s={search_term_string}\"},\"query-input\":{\"@type\":\"PropertyValueSpecification\",\"valueRequired\":true,\"valueName\":\"search_term_string\"}}],\"inLanguage\":\"pt-BR\"},{\"@type\":\"Organization\",\"@id\":\"https:\/\/radiolifefm.com.br\/noticias\/#organization\",\"name\":\"R\u00e1dio Life FM\",\"alternateName\":\"Life FM\",\"url\":\"https:\/\/radiolifefm.com.br\/noticias\/\",\"logo\":{\"@type\":\"ImageObject\",\"inLanguage\":\"pt-BR\",\"@id\":\"https:\/\/radiolifefm.com.br\/noticias\/#\/schema\/logo\/image\/\",\"url\":\"https:\/\/static.radiolifefm.com.br\/noticias\/wp-content\/uploads\/2019\/10\/logo-lifefm.png\",\"contentUrl\":\"https:\/\/static.radiolifefm.com.br\/noticias\/wp-content\/uploads\/2019\/10\/logo-lifefm.png\",\"width\":196,\"height\":47,\"caption\":\"R\u00e1dio Life FM\"},\"image\":{\"@id\":\"https:\/\/radiolifefm.com.br\/noticias\/#\/schema\/logo\/image\/\"},\"sameAs\":[\"https:\/\/www.facebook.com\/radiolifefm\/\",\"https:\/\/www.instagram.com\/life1079fm\/\"]},{\"@type\":\"Person\",\"@id\":\"https:\/\/radiolifefm.com.br\/noticias\/#\/schema\/person\/6339b9fac59d12b071dec680d7375d87\",\"name\":\"ritanery\",\"image\":{\"@type\":\"ImageObject\",\"inLanguage\":\"pt-BR\",\"@id\":\"https:\/\/secure.gravatar.com\/avatar\/0e37bb19071f47c0b8a23f62a903df117c5a0e75f65a0c2901562f97cd41cf86?s=96&d=mm&r=g\",\"url\":\"https:\/\/secure.gravatar.com\/avatar\/0e37bb19071f47c0b8a23f62a903df117c5a0e75f65a0c2901562f97cd41cf86?s=96&d=mm&r=g\",\"contentUrl\":\"https:\/\/secure.gravatar.com\/avatar\/0e37bb19071f47c0b8a23f62a903df117c5a0e75f65a0c2901562f97cd41cf86?s=96&d=mm&r=g\",\"caption\":\"ritanery\"}}]}<\/script>\n<!-- \/ Yoast SEO plugin. -->","yoast_head_json":{"title":"Uma BANDA sem MAESTRO nesta PROV\u00cdNCIA DO FAZ DE CONTA\u2026 - R\u00e1dio Life FM","robots":{"index":"index","follow":"follow","max-snippet":"max-snippet:-1","max-image-preview":"max-image-preview:large","max-video-preview":"max-video-preview:-1"},"canonical":"https:\/\/radiolifefm.com.br\/noticias\/uma-banda-sem-maestro-nesta-provincia-do-faz-de-conta\/","og_locale":"pt_BR","og_type":"article","og_title":"Uma BANDA sem MAESTRO nesta PROV\u00cdNCIA DO FAZ DE CONTA\u2026 - R\u00e1dio Life FM","og_description":"\u201cO maestro afirma que a banda \u00e9 uma escola de m\u00fasica, dan\u00e7a, disciplina, cidadania e conviv\u00eancia em grupo, mas a forma\u00e7\u00e3o social \u00e9 o carro chefe do grupo. \u201cPessoas que passam por uma banda sempre tem uma mudan\u00e7a em sua vida, a cultura e a arte em geral transformam vidas\u201d, assegura.\u201d \u201cDe acordo com o [&hellip;]","og_url":"https:\/\/radiolifefm.com.br\/noticias\/uma-banda-sem-maestro-nesta-provincia-do-faz-de-conta\/","og_site_name":"R\u00e1dio Life FM","article_publisher":"https:\/\/www.facebook.com\/radiolifefm\/","article_published_time":"2025-03-24T11:30:31+00:00","article_modified_time":"2026-04-09T09:19:21+00:00","og_image":[{"width":972,"height":1296,"url":"https:\/\/radiolifefm.com.br\/noticias\/wp-content\/uploads\/2022\/04\/WhatsApp-Image-2022-04-10-at-18.43.02.jpeg","type":"image\/jpeg"}],"author":"ritanery","twitter_card":"summary_large_image","twitter_misc":{"Escrito por":"ritanery","Est. tempo de leitura":"3 minutos"},"schema":{"@context":"https:\/\/schema.org","@graph":[{"@type":"Article","@id":"https:\/\/radiolifefm.com.br\/noticias\/uma-banda-sem-maestro-nesta-provincia-do-faz-de-conta\/#article","isPartOf":{"@id":"https:\/\/radiolifefm.com.br\/noticias\/uma-banda-sem-maestro-nesta-provincia-do-faz-de-conta\/"},"author":{"name":"ritanery","@id":"https:\/\/radiolifefm.com.br\/noticias\/#\/schema\/person\/6339b9fac59d12b071dec680d7375d87"},"headline":"Uma BANDA sem MAESTRO nesta PROV\u00cdNCIA DO FAZ DE CONTA\u2026","datePublished":"2025-03-24T11:30:31+00:00","dateModified":"2026-04-09T09:19:21+00:00","mainEntityOfPage":{"@id":"https:\/\/radiolifefm.com.br\/noticias\/uma-banda-sem-maestro-nesta-provincia-do-faz-de-conta\/"},"wordCount":471,"publisher":{"@id":"https:\/\/radiolifefm.com.br\/noticias\/#organization"},"image":{"@id":"https:\/\/radiolifefm.com.br\/noticias\/uma-banda-sem-maestro-nesta-provincia-do-faz-de-conta\/#primaryimage"},"thumbnailUrl":"https:\/\/radiolifefm.com.br\/noticias\/wp-content\/uploads\/2022\/04\/WhatsApp-Image-2022-04-10-at-18.43.02.jpeg","articleSection":["Opini\u00e3o"],"inLanguage":"pt-BR"},{"@type":"WebPage","@id":"https:\/\/radiolifefm.com.br\/noticias\/uma-banda-sem-maestro-nesta-provincia-do-faz-de-conta\/","url":"https:\/\/radiolifefm.com.br\/noticias\/uma-banda-sem-maestro-nesta-provincia-do-faz-de-conta\/","name":"Uma BANDA sem MAESTRO nesta PROV\u00cdNCIA DO FAZ DE CONTA\u2026 - R\u00e1dio Life FM","isPartOf":{"@id":"https:\/\/radiolifefm.com.br\/noticias\/#website"},"primaryImageOfPage":{"@id":"https:\/\/radiolifefm.com.br\/noticias\/uma-banda-sem-maestro-nesta-provincia-do-faz-de-conta\/#primaryimage"},"image":{"@id":"https:\/\/radiolifefm.com.br\/noticias\/uma-banda-sem-maestro-nesta-provincia-do-faz-de-conta\/#primaryimage"},"thumbnailUrl":"https:\/\/radiolifefm.com.br\/noticias\/wp-content\/uploads\/2022\/04\/WhatsApp-Image-2022-04-10-at-18.43.02.jpeg","datePublished":"2025-03-24T11:30:31+00:00","dateModified":"2026-04-09T09:19:21+00:00","breadcrumb":{"@id":"https:\/\/radiolifefm.com.br\/noticias\/uma-banda-sem-maestro-nesta-provincia-do-faz-de-conta\/#breadcrumb"},"inLanguage":"pt-BR","potentialAction":[{"@type":"ReadAction","target":["https:\/\/radiolifefm.com.br\/noticias\/uma-banda-sem-maestro-nesta-provincia-do-faz-de-conta\/"]}]},{"@type":"ImageObject","inLanguage":"pt-BR","@id":"https:\/\/radiolifefm.com.br\/noticias\/uma-banda-sem-maestro-nesta-provincia-do-faz-de-conta\/#primaryimage","url":"https:\/\/radiolifefm.com.br\/noticias\/wp-content\/uploads\/2022\/04\/WhatsApp-Image-2022-04-10-at-18.43.02.jpeg","contentUrl":"https:\/\/radiolifefm.com.br\/noticias\/wp-content\/uploads\/2022\/04\/WhatsApp-Image-2022-04-10-at-18.43.02.jpeg","width":972,"height":1296,"caption":"S\u00e9rgio Barbosa"},{"@type":"BreadcrumbList","@id":"https:\/\/radiolifefm.com.br\/noticias\/uma-banda-sem-maestro-nesta-provincia-do-faz-de-conta\/#breadcrumb","itemListElement":[{"@type":"ListItem","position":1,"name":"In\u00edcio","item":"https:\/\/radiolifefm.com.br\/noticias\/"},{"@type":"ListItem","position":2,"name":"Uma BANDA sem MAESTRO nesta PROV\u00cdNCIA DO FAZ DE CONTA\u2026"}]},{"@type":"WebSite","@id":"https:\/\/radiolifefm.com.br\/noticias\/#website","url":"https:\/\/radiolifefm.com.br\/noticias\/","name":"R\u00e1dio Life FM","description":"O Portal de Not\u00edcias de Adamantina","publisher":{"@id":"https:\/\/radiolifefm.com.br\/noticias\/#organization"},"alternateName":"Life FM","potentialAction":[{"@type":"SearchAction","target":{"@type":"EntryPoint","urlTemplate":"https:\/\/radiolifefm.com.br\/noticias\/?s={search_term_string}"},"query-input":{"@type":"PropertyValueSpecification","valueRequired":true,"valueName":"search_term_string"}}],"inLanguage":"pt-BR"},{"@type":"Organization","@id":"https:\/\/radiolifefm.com.br\/noticias\/#organization","name":"R\u00e1dio Life FM","alternateName":"Life FM","url":"https:\/\/radiolifefm.com.br\/noticias\/","logo":{"@type":"ImageObject","inLanguage":"pt-BR","@id":"https:\/\/radiolifefm.com.br\/noticias\/#\/schema\/logo\/image\/","url":"https:\/\/static.radiolifefm.com.br\/noticias\/wp-content\/uploads\/2019\/10\/logo-lifefm.png","contentUrl":"https:\/\/static.radiolifefm.com.br\/noticias\/wp-content\/uploads\/2019\/10\/logo-lifefm.png","width":196,"height":47,"caption":"R\u00e1dio Life FM"},"image":{"@id":"https:\/\/radiolifefm.com.br\/noticias\/#\/schema\/logo\/image\/"},"sameAs":["https:\/\/www.facebook.com\/radiolifefm\/","https:\/\/www.instagram.com\/life1079fm\/"]},{"@type":"Person","@id":"https:\/\/radiolifefm.com.br\/noticias\/#\/schema\/person\/6339b9fac59d12b071dec680d7375d87","name":"ritanery","image":{"@type":"ImageObject","inLanguage":"pt-BR","@id":"https:\/\/secure.gravatar.com\/avatar\/0e37bb19071f47c0b8a23f62a903df117c5a0e75f65a0c2901562f97cd41cf86?s=96&d=mm&r=g","url":"https:\/\/secure.gravatar.com\/avatar\/0e37bb19071f47c0b8a23f62a903df117c5a0e75f65a0c2901562f97cd41cf86?s=96&d=mm&r=g","contentUrl":"https:\/\/secure.gravatar.com\/avatar\/0e37bb19071f47c0b8a23f62a903df117c5a0e75f65a0c2901562f97cd41cf86?s=96&d=mm&r=g","caption":"ritanery"}}]}},"amp_enabled":true,"_links":{"self":[{"href":"https:\/\/radiolifefm.com.br\/noticias\/wp-json\/wp\/v2\/posts\/98981","targetHints":{"allow":["GET"]}}],"collection":[{"href":"https:\/\/radiolifefm.com.br\/noticias\/wp-json\/wp\/v2\/posts"}],"about":[{"href":"https:\/\/radiolifefm.com.br\/noticias\/wp-json\/wp\/v2\/types\/post"}],"author":[{"embeddable":true,"href":"https:\/\/radiolifefm.com.br\/noticias\/wp-json\/wp\/v2\/users\/13"}],"replies":[{"embeddable":true,"href":"https:\/\/radiolifefm.com.br\/noticias\/wp-json\/wp\/v2\/comments?post=98981"}],"version-history":[{"count":1,"href":"https:\/\/radiolifefm.com.br\/noticias\/wp-json\/wp\/v2\/posts\/98981\/revisions"}],"predecessor-version":[{"id":98982,"href":"https:\/\/radiolifefm.com.br\/noticias\/wp-json\/wp\/v2\/posts\/98981\/revisions\/98982"}],"wp:featuredmedia":[{"embeddable":true,"href":"https:\/\/radiolifefm.com.br\/noticias\/wp-json\/wp\/v2\/media\/51988"}],"wp:attachment":[{"href":"https:\/\/radiolifefm.com.br\/noticias\/wp-json\/wp\/v2\/media?parent=98981"}],"wp:term":[{"taxonomy":"category","embeddable":true,"href":"https:\/\/radiolifefm.com.br\/noticias\/wp-json\/wp\/v2\/categories?post=98981"},{"taxonomy":"post_tag","embeddable":true,"href":"https:\/\/radiolifefm.com.br\/noticias\/wp-json\/wp\/v2\/tags?post=98981"}],"curies":[{"name":"wp","href":"https:\/\/api.w.org\/{rel}","templated":true}]}}