{"id":98977,"date":"2025-03-24T08:29:28","date_gmt":"2025-03-24T11:29:28","guid":{"rendered":"https:\/\/radiolifefm.com.br\/noticias\/?p=98977"},"modified":"2026-04-22T13:19:05","modified_gmt":"2026-04-22T16:19:05","slug":"equipes-da-energisa-visitam-escolas-para-falar-sobre-riscos-de-acidentes-com-eletricidade","status":"publish","type":"post","link":"https:\/\/radiolifefm.com.br\/noticias\/equipes-da-energisa-visitam-escolas-para-falar-sobre-riscos-de-acidentes-com-eletricidade\/","title":{"rendered":"Equipes da Energisa visitam escolas para falar sobre riscos de acidentes com eletricidade"},"content":{"rendered":"<div id=\"fb-root\"><\/div>\n<div>Levar informa\u00e7\u00f5es e tirar d\u00favidas sobre os\u00a0riscos\u00a0el\u00e9tricos em uma linguagem f\u00e1cil e din\u00e2mica. Foi com esse prop\u00f3sito que, na manh\u00e3\u00a0desta sexta-feira (21), representantes da Energisa Sul-Sudeste promoveram um bate-papo com as crian\u00e7as da Escola Estadual Francisco Pessoa, no bairro Ana Jacinta, em Presidente Prudente.<\/div>\n<div><\/div>\n<div>A iniciativa faz parte das a\u00e7\u00f5es preventivas e\u00a0de\u00a0conscientiza\u00e7\u00e3o que a distribuidora\u00a0de\u00a0energia faz junto \u00e0 comunidade. Nas escolas, a intera\u00e7\u00e3o est\u00e1 focada principalmente na garotada, com temas como seguran\u00e7a nas brincadeiras\u00a0dentro e fora\u00a0de\u00a0casa, uso inadequado\u00a0de\u00a0eletr\u00f4nicos, perigos do cerol para as crian\u00e7as e para a rede el\u00e9trica, e at\u00e9 assuntos como\u00a0riscos\u00a0na constru\u00e7\u00e3o civil, com o intuito\u00a0de\u00a0que os pequenos compartilhem o aprendizado com os adultos em casa.<\/div>\n<div><\/div>\n<div>A t\u00e9cnica de Seguran\u00e7a do Trabalho da Energisa Sul-Sudeste, Cintia Sara Gomes de Moura, ressalta que a iniciativa tem car\u00e1ter preventivo, principalmente porque as crian\u00e7as nem sempre t\u00eam consci\u00eancia dos\u00a0riscos\u00a0da rede el\u00e9trica. \u201cEsse contato com os alunos na escola \u00e9 sempre muito positivo, pois al\u00e9m\u00a0de\u00a0receberem bem as orienta\u00e7\u00f5es, eles s\u00e3o agentes multiplicadores, levando informa\u00e7\u00f5es valiosas para a seguran\u00e7a\u00a0de\u00a0suas fam\u00edlias e da comunidade\u201d.<\/div>\n<div><\/div>\n<div><b>Principais\u00a0riscos\u00a0<\/b><\/div>\n<div>Na conversa, os alunos foram instigados a refletirem sobre os\u00a0riscos\u00a0de\u00a0colocar objetos na tomada, mexer em fios, cabos ou extens\u00f5es. Para a garotada que n\u00e3o fica longe dos eletr\u00f4nicos foi sobre o uso do celular e tablet enquanto os equipamentos est\u00e3o carregando.<\/div>\n<div><\/div>\n<div>\u201cQuando a brincadeira for ao ar livre, \u00e9 indispens\u00e1vel observar o cen\u00e1rio: pipa e rede el\u00e9trica n\u00e3o combinam. O correto \u00e9 soltar pipa longe da rede el\u00e9trica, em \u00e1reas abertas como campos\u00a0de\u00a0futebol e parques\u201d.<\/div>\n<div><\/div>\n<div>Tem ainda a crian\u00e7ada que gosta\u00a0de\u00a0subir em \u00e1rvores para se esconder ou colher frutos, sem notar a proximidade dos fios\u00a0de\u00a0energia ou cerca el\u00e9trica. \u201cEsses s\u00e3o alguns exemplos\u00a0de\u00a0situa\u00e7\u00f5es que colocam a vida da crian\u00e7a em risco. Ent\u00e3o, n\u00e3o basta proibir a brincadeira, \u00e9 importante explicar os\u00a0riscos\u00a0da eletricidade,\u00a0dentro e fora\u00a0de\u00a0casa, e propor brincadeiras ou formas\u00a0de\u00a0brincar que garantam a divers\u00e3o com seguran\u00e7a\u201d, acrescenta a profissional da Energisa.<\/div>\n<div><\/div>\n<div>\u00a0A crian\u00e7ada ainda foi para casa com uma miss\u00e3o: compartilhar com os adultos outras orienta\u00e7\u00f5es de seguran\u00e7a. \u201cManter a dist\u00e2ncia\u00a0da\u00a0rede el\u00e9trica durante os servi\u00e7os de constru\u00e7\u00e3o civil; n\u00e3o se aproximar de cabos partidos nas ruas ou cal\u00e7adas; chamar um profissional para revisar as instala\u00e7\u00f5es\u00a0da\u00a0resid\u00eancia. S\u00e3o situa\u00e7\u00f5es do cotidiano dos adultos que, sem n\u00e3o forem executadas com seguran\u00e7a, podem causar acidentes graves e at\u00e9 fatais\u201d, finaliza Cintia.<\/div>\n<div><\/div>\n<div>Em casos de acidentes envolvendo energia, a popula\u00e7\u00e3o deve acionar a\u00a0Energisa\u00a0pelos canais de atendimento: aplicativo\u00a0Energisa\u00a0On, Whatsapp Gisa (18)\u00a099120-3365\u00a0; ou Call Center 0800 70 10 326.<\/div>\n<div><\/div>\n<div><\/div>\n<div><\/div>\n<div>Assessoria de Imprensa<\/div>\n","protected":false},"excerpt":{"rendered":"<p>Levar informa\u00e7\u00f5es e tirar d\u00favidas sobre os\u00a0riscos\u00a0el\u00e9tricos em uma linguagem f\u00e1cil e din\u00e2mica. Foi com esse prop\u00f3sito que, na manh\u00e3\u00a0desta sexta-feira (21), representantes da Energisa Sul-Sudeste promoveram um bate-papo com as crian\u00e7as da Escola Estadual Francisco Pessoa, no bairro Ana Jacinta, em Presidente Prudente. A iniciativa faz parte das a\u00e7\u00f5es preventivas e\u00a0de\u00a0conscientiza\u00e7\u00e3o que a distribuidora\u00a0de\u00a0energia [&hellip;]<\/p>\n","protected":false},"author":13,"featured_media":98979,"comment_status":"closed","ping_status":"open","sticky":false,"template":"","format":"standard","meta":{"_acf_changed":false,"_exactmetrics_skip_tracking":false,"_exactmetrics_sitenote_active":false,"_exactmetrics_sitenote_note":"","_exactmetrics_sitenote_category":0,"footnotes":""},"categories":[1],"tags":[],"class_list":["post-98977","post","type-post","status-publish","format-standard","has-post-thumbnail","hentry","category-geral"],"acf":[],"yoast_head":"<!-- This site is optimized with the Yoast SEO plugin v27.2 - https:\/\/yoast.com\/product\/yoast-seo-wordpress\/ -->\n<title>Equipes da Energisa visitam escolas para falar sobre riscos de acidentes com eletricidade - R\u00e1dio Life FM<\/title>\n<meta name=\"robots\" content=\"index, follow, max-snippet:-1, max-image-preview:large, max-video-preview:-1\" \/>\n<link rel=\"canonical\" href=\"https:\/\/radiolifefm.com.br\/noticias\/equipes-da-energisa-visitam-escolas-para-falar-sobre-riscos-de-acidentes-com-eletricidade\/\" \/>\n<meta property=\"og:locale\" content=\"pt_BR\" \/>\n<meta property=\"og:type\" content=\"article\" \/>\n<meta property=\"og:title\" content=\"Equipes da Energisa visitam escolas para falar sobre riscos de acidentes com eletricidade - R\u00e1dio Life FM\" \/>\n<meta property=\"og:description\" content=\"Levar informa\u00e7\u00f5es e tirar d\u00favidas sobre os\u00a0riscos\u00a0el\u00e9tricos em uma linguagem f\u00e1cil e din\u00e2mica. Foi com esse prop\u00f3sito que, na manh\u00e3\u00a0desta sexta-feira (21), representantes da Energisa Sul-Sudeste promoveram um bate-papo com as crian\u00e7as da Escola Estadual Francisco Pessoa, no bairro Ana Jacinta, em Presidente Prudente. A iniciativa faz parte das a\u00e7\u00f5es preventivas e\u00a0de\u00a0conscientiza\u00e7\u00e3o que a distribuidora\u00a0de\u00a0energia [&hellip;]\" \/>\n<meta property=\"og:url\" content=\"https:\/\/radiolifefm.com.br\/noticias\/equipes-da-energisa-visitam-escolas-para-falar-sobre-riscos-de-acidentes-com-eletricidade\/\" \/>\n<meta property=\"og:site_name\" content=\"R\u00e1dio Life FM\" \/>\n<meta property=\"article:publisher\" content=\"https:\/\/www.facebook.com\/radiolifefm\/\" \/>\n<meta property=\"article:published_time\" content=\"2025-03-24T11:29:28+00:00\" \/>\n<meta property=\"article:modified_time\" content=\"2026-04-22T16:19:05+00:00\" \/>\n<meta property=\"og:image\" content=\"https:\/\/radiolifefm.com.br\/noticias\/wp-content\/uploads\/2025\/03\/Acao-na-escola-Francisco-Pessoa-6-1-scaled.jpeg\" \/>\n\t<meta property=\"og:image:width\" content=\"2560\" \/>\n\t<meta property=\"og:image:height\" content=\"2417\" \/>\n\t<meta property=\"og:image:type\" content=\"image\/jpeg\" \/>\n<meta name=\"author\" content=\"ritanery\" \/>\n<meta name=\"twitter:card\" content=\"summary_large_image\" \/>\n<meta name=\"twitter:label1\" content=\"Escrito por\" \/>\n\t<meta name=\"twitter:data1\" content=\"ritanery\" \/>\n\t<meta name=\"twitter:label2\" content=\"Est. tempo de leitura\" \/>\n\t<meta name=\"twitter:data2\" content=\"3 minutos\" \/>\n<script type=\"application\/ld+json\" class=\"yoast-schema-graph\">{\"@context\":\"https:\/\/schema.org\",\"@graph\":[{\"@type\":\"Article\",\"@id\":\"https:\/\/radiolifefm.com.br\/noticias\/equipes-da-energisa-visitam-escolas-para-falar-sobre-riscos-de-acidentes-com-eletricidade\/#article\",\"isPartOf\":{\"@id\":\"https:\/\/radiolifefm.com.br\/noticias\/equipes-da-energisa-visitam-escolas-para-falar-sobre-riscos-de-acidentes-com-eletricidade\/\"},\"author\":{\"name\":\"ritanery\",\"@id\":\"https:\/\/radiolifefm.com.br\/noticias\/#\/schema\/person\/6339b9fac59d12b071dec680d7375d87\"},\"headline\":\"Equipes da Energisa visitam escolas para falar sobre riscos de acidentes com eletricidade\",\"datePublished\":\"2025-03-24T11:29:28+00:00\",\"dateModified\":\"2026-04-22T16:19:05+00:00\",\"mainEntityOfPage\":{\"@id\":\"https:\/\/radiolifefm.com.br\/noticias\/equipes-da-energisa-visitam-escolas-para-falar-sobre-riscos-de-acidentes-com-eletricidade\/\"},\"wordCount\":519,\"publisher\":{\"@id\":\"https:\/\/radiolifefm.com.br\/noticias\/#organization\"},\"image\":{\"@id\":\"https:\/\/radiolifefm.com.br\/noticias\/equipes-da-energisa-visitam-escolas-para-falar-sobre-riscos-de-acidentes-com-eletricidade\/#primaryimage\"},\"thumbnailUrl\":\"https:\/\/radiolifefm.com.br\/noticias\/wp-content\/uploads\/2025\/03\/Acao-na-escola-Francisco-Pessoa-6-1-scaled.jpeg\",\"articleSection\":[\"Geral\"],\"inLanguage\":\"pt-BR\"},{\"@type\":\"WebPage\",\"@id\":\"https:\/\/radiolifefm.com.br\/noticias\/equipes-da-energisa-visitam-escolas-para-falar-sobre-riscos-de-acidentes-com-eletricidade\/\",\"url\":\"https:\/\/radiolifefm.com.br\/noticias\/equipes-da-energisa-visitam-escolas-para-falar-sobre-riscos-de-acidentes-com-eletricidade\/\",\"name\":\"Equipes da Energisa visitam escolas para falar sobre riscos de acidentes com eletricidade - R\u00e1dio Life FM\",\"isPartOf\":{\"@id\":\"https:\/\/radiolifefm.com.br\/noticias\/#website\"},\"primaryImageOfPage\":{\"@id\":\"https:\/\/radiolifefm.com.br\/noticias\/equipes-da-energisa-visitam-escolas-para-falar-sobre-riscos-de-acidentes-com-eletricidade\/#primaryimage\"},\"image\":{\"@id\":\"https:\/\/radiolifefm.com.br\/noticias\/equipes-da-energisa-visitam-escolas-para-falar-sobre-riscos-de-acidentes-com-eletricidade\/#primaryimage\"},\"thumbnailUrl\":\"https:\/\/radiolifefm.com.br\/noticias\/wp-content\/uploads\/2025\/03\/Acao-na-escola-Francisco-Pessoa-6-1-scaled.jpeg\",\"datePublished\":\"2025-03-24T11:29:28+00:00\",\"dateModified\":\"2026-04-22T16:19:05+00:00\",\"breadcrumb\":{\"@id\":\"https:\/\/radiolifefm.com.br\/noticias\/equipes-da-energisa-visitam-escolas-para-falar-sobre-riscos-de-acidentes-com-eletricidade\/#breadcrumb\"},\"inLanguage\":\"pt-BR\",\"potentialAction\":[{\"@type\":\"ReadAction\",\"target\":[\"https:\/\/radiolifefm.com.br\/noticias\/equipes-da-energisa-visitam-escolas-para-falar-sobre-riscos-de-acidentes-com-eletricidade\/\"]}]},{\"@type\":\"ImageObject\",\"inLanguage\":\"pt-BR\",\"@id\":\"https:\/\/radiolifefm.com.br\/noticias\/equipes-da-energisa-visitam-escolas-para-falar-sobre-riscos-de-acidentes-com-eletricidade\/#primaryimage\",\"url\":\"https:\/\/radiolifefm.com.br\/noticias\/wp-content\/uploads\/2025\/03\/Acao-na-escola-Francisco-Pessoa-6-1-scaled.jpeg\",\"contentUrl\":\"https:\/\/radiolifefm.com.br\/noticias\/wp-content\/uploads\/2025\/03\/Acao-na-escola-Francisco-Pessoa-6-1-scaled.jpeg\",\"width\":2560,\"height\":2417},{\"@type\":\"BreadcrumbList\",\"@id\":\"https:\/\/radiolifefm.com.br\/noticias\/equipes-da-energisa-visitam-escolas-para-falar-sobre-riscos-de-acidentes-com-eletricidade\/#breadcrumb\",\"itemListElement\":[{\"@type\":\"ListItem\",\"position\":1,\"name\":\"In\u00edcio\",\"item\":\"https:\/\/radiolifefm.com.br\/noticias\/\"},{\"@type\":\"ListItem\",\"position\":2,\"name\":\"Equipes da Energisa visitam escolas para falar sobre riscos de acidentes com eletricidade\"}]},{\"@type\":\"WebSite\",\"@id\":\"https:\/\/radiolifefm.com.br\/noticias\/#website\",\"url\":\"https:\/\/radiolifefm.com.br\/noticias\/\",\"name\":\"R\u00e1dio Life FM\",\"description\":\"O Portal de Not\u00edcias de Adamantina\",\"publisher\":{\"@id\":\"https:\/\/radiolifefm.com.br\/noticias\/#organization\"},\"alternateName\":\"Life FM\",\"potentialAction\":[{\"@type\":\"SearchAction\",\"target\":{\"@type\":\"EntryPoint\",\"urlTemplate\":\"https:\/\/radiolifefm.com.br\/noticias\/?s={search_term_string}\"},\"query-input\":{\"@type\":\"PropertyValueSpecification\",\"valueRequired\":true,\"valueName\":\"search_term_string\"}}],\"inLanguage\":\"pt-BR\"},{\"@type\":\"Organization\",\"@id\":\"https:\/\/radiolifefm.com.br\/noticias\/#organization\",\"name\":\"R\u00e1dio Life FM\",\"alternateName\":\"Life FM\",\"url\":\"https:\/\/radiolifefm.com.br\/noticias\/\",\"logo\":{\"@type\":\"ImageObject\",\"inLanguage\":\"pt-BR\",\"@id\":\"https:\/\/radiolifefm.com.br\/noticias\/#\/schema\/logo\/image\/\",\"url\":\"https:\/\/static.radiolifefm.com.br\/noticias\/wp-content\/uploads\/2019\/10\/logo-lifefm.png\",\"contentUrl\":\"https:\/\/static.radiolifefm.com.br\/noticias\/wp-content\/uploads\/2019\/10\/logo-lifefm.png\",\"width\":196,\"height\":47,\"caption\":\"R\u00e1dio Life FM\"},\"image\":{\"@id\":\"https:\/\/radiolifefm.com.br\/noticias\/#\/schema\/logo\/image\/\"},\"sameAs\":[\"https:\/\/www.facebook.com\/radiolifefm\/\",\"https:\/\/www.instagram.com\/life1079fm\/\"]},{\"@type\":\"Person\",\"@id\":\"https:\/\/radiolifefm.com.br\/noticias\/#\/schema\/person\/6339b9fac59d12b071dec680d7375d87\",\"name\":\"ritanery\",\"image\":{\"@type\":\"ImageObject\",\"inLanguage\":\"pt-BR\",\"@id\":\"https:\/\/secure.gravatar.com\/avatar\/0e37bb19071f47c0b8a23f62a903df117c5a0e75f65a0c2901562f97cd41cf86?s=96&d=mm&r=g\",\"url\":\"https:\/\/secure.gravatar.com\/avatar\/0e37bb19071f47c0b8a23f62a903df117c5a0e75f65a0c2901562f97cd41cf86?s=96&d=mm&r=g\",\"contentUrl\":\"https:\/\/secure.gravatar.com\/avatar\/0e37bb19071f47c0b8a23f62a903df117c5a0e75f65a0c2901562f97cd41cf86?s=96&d=mm&r=g\",\"caption\":\"ritanery\"}}]}<\/script>\n<!-- \/ Yoast SEO plugin. -->","yoast_head_json":{"title":"Equipes da Energisa visitam escolas para falar sobre riscos de acidentes com eletricidade - R\u00e1dio Life FM","robots":{"index":"index","follow":"follow","max-snippet":"max-snippet:-1","max-image-preview":"max-image-preview:large","max-video-preview":"max-video-preview:-1"},"canonical":"https:\/\/radiolifefm.com.br\/noticias\/equipes-da-energisa-visitam-escolas-para-falar-sobre-riscos-de-acidentes-com-eletricidade\/","og_locale":"pt_BR","og_type":"article","og_title":"Equipes da Energisa visitam escolas para falar sobre riscos de acidentes com eletricidade - R\u00e1dio Life FM","og_description":"Levar informa\u00e7\u00f5es e tirar d\u00favidas sobre os\u00a0riscos\u00a0el\u00e9tricos em uma linguagem f\u00e1cil e din\u00e2mica. Foi com esse prop\u00f3sito que, na manh\u00e3\u00a0desta sexta-feira (21), representantes da Energisa Sul-Sudeste promoveram um bate-papo com as crian\u00e7as da Escola Estadual Francisco Pessoa, no bairro Ana Jacinta, em Presidente Prudente. A iniciativa faz parte das a\u00e7\u00f5es preventivas e\u00a0de\u00a0conscientiza\u00e7\u00e3o que a distribuidora\u00a0de\u00a0energia [&hellip;]","og_url":"https:\/\/radiolifefm.com.br\/noticias\/equipes-da-energisa-visitam-escolas-para-falar-sobre-riscos-de-acidentes-com-eletricidade\/","og_site_name":"R\u00e1dio Life FM","article_publisher":"https:\/\/www.facebook.com\/radiolifefm\/","article_published_time":"2025-03-24T11:29:28+00:00","article_modified_time":"2026-04-22T16:19:05+00:00","og_image":[{"width":2560,"height":2417,"url":"https:\/\/radiolifefm.com.br\/noticias\/wp-content\/uploads\/2025\/03\/Acao-na-escola-Francisco-Pessoa-6-1-scaled.jpeg","type":"image\/jpeg"}],"author":"ritanery","twitter_card":"summary_large_image","twitter_misc":{"Escrito por":"ritanery","Est. tempo de leitura":"3 minutos"},"schema":{"@context":"https:\/\/schema.org","@graph":[{"@type":"Article","@id":"https:\/\/radiolifefm.com.br\/noticias\/equipes-da-energisa-visitam-escolas-para-falar-sobre-riscos-de-acidentes-com-eletricidade\/#article","isPartOf":{"@id":"https:\/\/radiolifefm.com.br\/noticias\/equipes-da-energisa-visitam-escolas-para-falar-sobre-riscos-de-acidentes-com-eletricidade\/"},"author":{"name":"ritanery","@id":"https:\/\/radiolifefm.com.br\/noticias\/#\/schema\/person\/6339b9fac59d12b071dec680d7375d87"},"headline":"Equipes da Energisa visitam escolas para falar sobre riscos de acidentes com eletricidade","datePublished":"2025-03-24T11:29:28+00:00","dateModified":"2026-04-22T16:19:05+00:00","mainEntityOfPage":{"@id":"https:\/\/radiolifefm.com.br\/noticias\/equipes-da-energisa-visitam-escolas-para-falar-sobre-riscos-de-acidentes-com-eletricidade\/"},"wordCount":519,"publisher":{"@id":"https:\/\/radiolifefm.com.br\/noticias\/#organization"},"image":{"@id":"https:\/\/radiolifefm.com.br\/noticias\/equipes-da-energisa-visitam-escolas-para-falar-sobre-riscos-de-acidentes-com-eletricidade\/#primaryimage"},"thumbnailUrl":"https:\/\/radiolifefm.com.br\/noticias\/wp-content\/uploads\/2025\/03\/Acao-na-escola-Francisco-Pessoa-6-1-scaled.jpeg","articleSection":["Geral"],"inLanguage":"pt-BR"},{"@type":"WebPage","@id":"https:\/\/radiolifefm.com.br\/noticias\/equipes-da-energisa-visitam-escolas-para-falar-sobre-riscos-de-acidentes-com-eletricidade\/","url":"https:\/\/radiolifefm.com.br\/noticias\/equipes-da-energisa-visitam-escolas-para-falar-sobre-riscos-de-acidentes-com-eletricidade\/","name":"Equipes da Energisa visitam escolas para falar sobre riscos de acidentes com eletricidade - R\u00e1dio Life FM","isPartOf":{"@id":"https:\/\/radiolifefm.com.br\/noticias\/#website"},"primaryImageOfPage":{"@id":"https:\/\/radiolifefm.com.br\/noticias\/equipes-da-energisa-visitam-escolas-para-falar-sobre-riscos-de-acidentes-com-eletricidade\/#primaryimage"},"image":{"@id":"https:\/\/radiolifefm.com.br\/noticias\/equipes-da-energisa-visitam-escolas-para-falar-sobre-riscos-de-acidentes-com-eletricidade\/#primaryimage"},"thumbnailUrl":"https:\/\/radiolifefm.com.br\/noticias\/wp-content\/uploads\/2025\/03\/Acao-na-escola-Francisco-Pessoa-6-1-scaled.jpeg","datePublished":"2025-03-24T11:29:28+00:00","dateModified":"2026-04-22T16:19:05+00:00","breadcrumb":{"@id":"https:\/\/radiolifefm.com.br\/noticias\/equipes-da-energisa-visitam-escolas-para-falar-sobre-riscos-de-acidentes-com-eletricidade\/#breadcrumb"},"inLanguage":"pt-BR","potentialAction":[{"@type":"ReadAction","target":["https:\/\/radiolifefm.com.br\/noticias\/equipes-da-energisa-visitam-escolas-para-falar-sobre-riscos-de-acidentes-com-eletricidade\/"]}]},{"@type":"ImageObject","inLanguage":"pt-BR","@id":"https:\/\/radiolifefm.com.br\/noticias\/equipes-da-energisa-visitam-escolas-para-falar-sobre-riscos-de-acidentes-com-eletricidade\/#primaryimage","url":"https:\/\/radiolifefm.com.br\/noticias\/wp-content\/uploads\/2025\/03\/Acao-na-escola-Francisco-Pessoa-6-1-scaled.jpeg","contentUrl":"https:\/\/radiolifefm.com.br\/noticias\/wp-content\/uploads\/2025\/03\/Acao-na-escola-Francisco-Pessoa-6-1-scaled.jpeg","width":2560,"height":2417},{"@type":"BreadcrumbList","@id":"https:\/\/radiolifefm.com.br\/noticias\/equipes-da-energisa-visitam-escolas-para-falar-sobre-riscos-de-acidentes-com-eletricidade\/#breadcrumb","itemListElement":[{"@type":"ListItem","position":1,"name":"In\u00edcio","item":"https:\/\/radiolifefm.com.br\/noticias\/"},{"@type":"ListItem","position":2,"name":"Equipes da Energisa visitam escolas para falar sobre riscos de acidentes com eletricidade"}]},{"@type":"WebSite","@id":"https:\/\/radiolifefm.com.br\/noticias\/#website","url":"https:\/\/radiolifefm.com.br\/noticias\/","name":"R\u00e1dio Life FM","description":"O Portal de Not\u00edcias de Adamantina","publisher":{"@id":"https:\/\/radiolifefm.com.br\/noticias\/#organization"},"alternateName":"Life FM","potentialAction":[{"@type":"SearchAction","target":{"@type":"EntryPoint","urlTemplate":"https:\/\/radiolifefm.com.br\/noticias\/?s={search_term_string}"},"query-input":{"@type":"PropertyValueSpecification","valueRequired":true,"valueName":"search_term_string"}}],"inLanguage":"pt-BR"},{"@type":"Organization","@id":"https:\/\/radiolifefm.com.br\/noticias\/#organization","name":"R\u00e1dio Life FM","alternateName":"Life FM","url":"https:\/\/radiolifefm.com.br\/noticias\/","logo":{"@type":"ImageObject","inLanguage":"pt-BR","@id":"https:\/\/radiolifefm.com.br\/noticias\/#\/schema\/logo\/image\/","url":"https:\/\/static.radiolifefm.com.br\/noticias\/wp-content\/uploads\/2019\/10\/logo-lifefm.png","contentUrl":"https:\/\/static.radiolifefm.com.br\/noticias\/wp-content\/uploads\/2019\/10\/logo-lifefm.png","width":196,"height":47,"caption":"R\u00e1dio Life FM"},"image":{"@id":"https:\/\/radiolifefm.com.br\/noticias\/#\/schema\/logo\/image\/"},"sameAs":["https:\/\/www.facebook.com\/radiolifefm\/","https:\/\/www.instagram.com\/life1079fm\/"]},{"@type":"Person","@id":"https:\/\/radiolifefm.com.br\/noticias\/#\/schema\/person\/6339b9fac59d12b071dec680d7375d87","name":"ritanery","image":{"@type":"ImageObject","inLanguage":"pt-BR","@id":"https:\/\/secure.gravatar.com\/avatar\/0e37bb19071f47c0b8a23f62a903df117c5a0e75f65a0c2901562f97cd41cf86?s=96&d=mm&r=g","url":"https:\/\/secure.gravatar.com\/avatar\/0e37bb19071f47c0b8a23f62a903df117c5a0e75f65a0c2901562f97cd41cf86?s=96&d=mm&r=g","contentUrl":"https:\/\/secure.gravatar.com\/avatar\/0e37bb19071f47c0b8a23f62a903df117c5a0e75f65a0c2901562f97cd41cf86?s=96&d=mm&r=g","caption":"ritanery"}}]}},"amp_enabled":true,"_links":{"self":[{"href":"https:\/\/radiolifefm.com.br\/noticias\/wp-json\/wp\/v2\/posts\/98977","targetHints":{"allow":["GET"]}}],"collection":[{"href":"https:\/\/radiolifefm.com.br\/noticias\/wp-json\/wp\/v2\/posts"}],"about":[{"href":"https:\/\/radiolifefm.com.br\/noticias\/wp-json\/wp\/v2\/types\/post"}],"author":[{"embeddable":true,"href":"https:\/\/radiolifefm.com.br\/noticias\/wp-json\/wp\/v2\/users\/13"}],"replies":[{"embeddable":true,"href":"https:\/\/radiolifefm.com.br\/noticias\/wp-json\/wp\/v2\/comments?post=98977"}],"version-history":[{"count":1,"href":"https:\/\/radiolifefm.com.br\/noticias\/wp-json\/wp\/v2\/posts\/98977\/revisions"}],"predecessor-version":[{"id":98980,"href":"https:\/\/radiolifefm.com.br\/noticias\/wp-json\/wp\/v2\/posts\/98977\/revisions\/98980"}],"wp:featuredmedia":[{"embeddable":true,"href":"https:\/\/radiolifefm.com.br\/noticias\/wp-json\/wp\/v2\/media\/98979"}],"wp:attachment":[{"href":"https:\/\/radiolifefm.com.br\/noticias\/wp-json\/wp\/v2\/media?parent=98977"}],"wp:term":[{"taxonomy":"category","embeddable":true,"href":"https:\/\/radiolifefm.com.br\/noticias\/wp-json\/wp\/v2\/categories?post=98977"},{"taxonomy":"post_tag","embeddable":true,"href":"https:\/\/radiolifefm.com.br\/noticias\/wp-json\/wp\/v2\/tags?post=98977"}],"curies":[{"name":"wp","href":"https:\/\/api.w.org\/{rel}","templated":true}]}}