{"id":98974,"date":"2025-03-24T08:24:18","date_gmt":"2025-03-24T11:24:18","guid":{"rendered":"https:\/\/radiolifefm.com.br\/noticias\/?p=98974"},"modified":"2026-04-25T07:51:40","modified_gmt":"2026-04-25T10:51:40","slug":"central-sicredi-pr-sp-rj-celebra-mais-de-40-anos-de-conquistas","status":"publish","type":"post","link":"https:\/\/radiolifefm.com.br\/noticias\/central-sicredi-pr-sp-rj-celebra-mais-de-40-anos-de-conquistas\/","title":{"rendered":"Central Sicredi PR\/SP\/RJ celebra mais de 40 anos de conquistas"},"content":{"rendered":"<div id=\"fb-root\"><\/div>\n<p>A trajet\u00f3ria do Sicredi, iniciada em 1902, no Rio Grande do Sul, ganhou for\u00e7a no Paran\u00e1 a partir de 1985, impulsionando o desenvolvimento do Estado. Em 29 de janeiro de 1985, tr\u00eas centrais de cooperativas de produ\u00e7\u00e3o e cooperativas singulares de cr\u00e9dito j\u00e1 existentes uniram-se para formar a Cooperativa Central de Cr\u00e9dito Rural do Paran\u00e1 &#8211; Cocecrer\/PR, atual Central Sicredi PR\/SP\/RJ.<u><\/u><u><\/u><\/p>\n<p>Sob a lideran\u00e7a de pioneiros que buscavam uma alternativa ao sistema financeiro tradicional para apoiar o agroneg\u00f3cio nos anos 80 e 90, o movimento &#8211; incentivado regionalmente pela Organiza\u00e7\u00e3o das Cooperativas do Paran\u00e1 (OCEPAR) &#8211; consolidou-se, quatro d\u00e9cadas depois, como um pilar essencial do desenvolvimento econ\u00f4mico e social do Estado.<u><\/u><u><\/u><\/p>\n<p>Uma trajet\u00f3ria que, a partir de 2011, ganhou novo impulso com a uni\u00e3o com a ent\u00e3o Central Sicredi SP, formando uma entidade \u00fanica \u2013 Central Sicredi PR\/SP \u2013 que refor\u00e7ou a expans\u00e3o do cooperativismo no estado de S\u00e3o Paulo e junto \u00e0 Organiza\u00e7\u00e3o das Cooperativas do Estado de S\u00e3o Paulo (OCESP). Em 2013, foi a vez do estado do Rio de Janeiro tamb\u00e9m contar com a presen\u00e7a do Sicredi. A cada ano, novos desafios e resultados colhidos a partir do refor\u00e7o da intera\u00e7\u00e3o com a Organiza\u00e7\u00e3o das Cooperativas Brasileiras (OCB) e o Banco Central do Brasil (BACEN), al\u00e9m de organismos internacionais, como Conselho Mundial das Cooperativas de Cr\u00e9dito (Woccu, em ingl\u00eas).<u><\/u><u><\/u><\/p>\n<p>Como parte das celebra\u00e7\u00f5es dos 40 anos, a Central Sicredi PR\/SP\/RJ promoveu um evento especial no dia 18 de mar\u00e7o no Teatro UP Experience, em Curitiba (PR). A pe\u00e7a teatral &#8220;De onde veio tudo isto?&#8221; homenageou a trajet\u00f3ria do cooperativismo de cr\u00e9dito na regi\u00e3o e as pessoas que ajudaram a construir essa hist\u00f3ria. O evento reuniu lideran\u00e7as cooperativistas, colaboradores e associados para um momento de reflex\u00e3o sobre os desafios superados e os que ainda est\u00e3o por vir.<u><\/u><u><\/u><\/p>\n<p>A pe\u00e7a teatral trouxe uma reflex\u00e3o sobre as for\u00e7as da institui\u00e7\u00e3o financeira cooperativa, a supera\u00e7\u00e3o dos desafios e, ainda, um final inspirador. A obra relembrou o que torna o Sicredi t\u00e3o especial \u00e9 a ess\u00eancia, os valores e a hist\u00f3ria da marca. \u201cS\u00e3o esses pilares que nos trouxeram at\u00e9 aqui e que continuar\u00e3o nos diferenciando. Por isso, \u00e9 preciso cultivar e fortalecer esses alicerces, ao mesmo tempo em que agregamos novas habilidades e conhecimentos\u201d, destaca o presidente da Central Sicredi PR\/SP\/RJ, Manfred Dasenbrock.<u><\/u><u><\/u><\/p>\n<p>Tamb\u00e9m foram entregues \u00e0s 31 cooperativas que comp\u00f5em a Central Sicredi PR\/SP\/RJ uma aquarela simb\u00f3lica, desenhada pelo arquiteto e artista pl\u00e1stico paranaense Tiago Salcedo. Cada uma das 31 pinturas retratou detalhes econ\u00f4micos e culturais das \u00e1reas de atua\u00e7\u00e3o das cooperativas Sicredi, refor\u00e7ando a capacidade de gera\u00e7\u00e3o de desenvolvimento regional da institui\u00e7\u00e3o financeira cooperativa.<u><\/u><u><\/u><\/p>\n<p><strong>Recorde no Paran\u00e1 e em S\u00e3o Paulo<\/strong><u><\/u><u><\/u><\/p>\n<p>Hoje, as 31 cooperativas que comp\u00f5e a Central Sicredi PR\/SP\/RJ contam com quase mil ag\u00eancias, sendo a maior rede de atendimento banc\u00e1rio do Paran\u00e1 e a institui\u00e7\u00e3o financeira que mais cresce em n\u00famero de inaugura\u00e7\u00f5es de ag\u00eancias em S\u00e3o Paulo. No total, 73 munic\u00edpios destes estados contam com Sicredi como \u00fanica institui\u00e7\u00e3o financeira com atendimento f\u00edsico na cidade, comprovando tamb\u00e9m o seu papel social de levar atendimento a comunidades menores e mais afastadas dos grandes centros.<u><\/u><u><\/u><\/p>\n<p>No Paran\u00e1, ber\u00e7o das primeiras cooperativas que deram origem \u00e0 Central Sicredi PR\/SP\/RJ, cerca de 12% da popula\u00e7\u00e3o \u00e9 associada ao Sicredi. Analisado pelo conceito de Popula\u00e7\u00e3o Economicamente Ativa (PEA), o n\u00famero sobe a 24% dos habitantes do Estado. S\u00e3o mais de 1,4 milh\u00e3o de associados no Paran\u00e1, com uma cobertura de ag\u00eancias f\u00edsicas do Sicredi em 85% dos mun\u00edcipios.<u><\/u><u><\/u><\/p>\n<p>Para Dasenbrock, o desenvolvimento da institui\u00e7\u00e3o \u00e9 como uma \u00e1rvore de ra\u00edzes profundas e tronco s\u00f3lido, capaz de resistir aos ventos mais fortes. &#8220;O Sicredi sempre cresceu nos momentos de maior dificuldade, porque nunca se afastou das pessoas e das comunidades onde atua. Refor\u00e7ar o relacionamento local e a transpar\u00eancia tem sido a chave do nosso sucesso. Dizem que andamos na contram\u00e3o do mercado por nossa postura de expans\u00e3o, abertura de ag\u00eancias e investimento em pessoas. N\u00f3s acreditamos que estamos indo na dire\u00e7\u00e3o do que esperam do Sicredi\u201d, ressalta.<u><\/u><u><\/u><\/p>\n<p><strong>\u201cIr mais longe para estar mais perto\u201d<\/strong><u><\/u><u><\/u><\/p>\n<p>Mais que oferecer servi\u00e7os financeiros, o Sicredi investe continuamente em educa\u00e7\u00e3o e forma\u00e7\u00e3o cidad\u00e3, contribuindo para o desenvolvimento social. Presente em mais de 1,8 mil escolas e 308 munic\u00edpios do Paran\u00e1, S\u00e3o Paulo e Rio de Janeiro, o Programa A Uni\u00e3o Faz a Vida, principal iniciativa social do Sicredi, refor\u00e7a os princ\u00edpios do cooperativismo na educa\u00e7\u00e3o de crian\u00e7as e adolescentes, formando cidad\u00e3os mais conscientes.\u00a0<u><\/u><u><\/u><\/p>\n<p>J\u00e1 o Coopera\u00e7\u00e3o na Ponta do L\u00e1pis impactou, apenas em 2024, mais de 1,7 milh\u00e3o de associados em educa\u00e7\u00e3o financeira &#8211; auxiliando no controle de gastos e recursos e contribuindo para um futuro mais seguro. S\u00e3o milhares as iniciativas de voluntariado nos tr\u00eas estados, al\u00e9m de projetos que promovem reflex\u00f5es sobre sustentabilidade.<u><\/u><u><\/u><\/p>\n<p>A postura de expans\u00e3o refor\u00e7a o impacto positivo gerado nas regi\u00f5es e cidades onde o Sicredi atua. Ao abrir uma nova ag\u00eancia, o c\u00edrculo virtuoso inicia: o dep\u00f3sito que vira cr\u00e9dito; o cr\u00e9dito que se transforma em novos projetos empresariais; novos empreendimentos que contratam novos colaboradores; novos colaboradores que injetam massa salarial nas cidades; cidades que recolhem mais tributos.<u><\/u><u><\/u><\/p>\n<p>Uma<a href=\"https:\/\/www.bcb.gov.br\/detalhenoticia\/425\/noticia\" target=\"_blank\" rel=\"noopener\" data-saferedirecturl=\"https:\/\/www.google.com\/url?q=https:\/\/www.bcb.gov.br\/detalhenoticia\/425\/noticia&amp;source=gmail&amp;ust=1742900720865000&amp;usg=AOvVaw2gnSUMd1PRmlbEDPflCm5E\">\u00a0pesquisa<\/a>\u00a0da Fipe, realizada em parceria com o<a href=\"https:\/\/www.sicredi.com.br\/site\/sobre-nos\/noticias\/cooperativismo\/\" target=\"_blank\" rel=\"noopener\" data-saferedirecturl=\"https:\/\/www.google.com\/url?q=https:\/\/www.sicredi.com.br\/site\/sobre-nos\/noticias\/cooperativismo\/&amp;source=gmail&amp;ust=1742900720865000&amp;usg=AOvVaw0klLUeGz57dOt9iMrhbm2q\">\u00a0Sicredi<\/a>, mostrou que a cada R$ 1,00 concedido em cr\u00e9dito, R$ 2,45 foram acrescidos ao PIB da economia. A pesquisa tamb\u00e9m chegou \u00e0 conclus\u00e3o que o cooperativismo incrementa o Produto Interno Bruto (PIB) per capita dos munic\u00edpios em 5,6%, cria 6,2% mais vagas de trabalho formal e aumenta o n\u00famero de estabelecimentos comerciais em 15,7%.<u><\/u><u><\/u><\/p>\n<p>Ao longo dessas quatro d\u00e9cadas, as cooperativas filiadas \u00e0 Central Sicredi PR\/SP\/RJ demonstram que o cooperativismo vai al\u00e9m de um modelo econ\u00f4mico: \u00e9 um compromisso com o desenvolvimento regional. &#8220;Celebramos n\u00e3o apenas uma hist\u00f3ria de crescimento, mas de valores compartilhados e de novas hist\u00f3rias de sucesso que construiremos juntos. Vamos seguir indo mais longe para estarmos mais perto&#8221;, conclui Manfred Dasenbrock.<\/p>\n<p>&nbsp;<\/p>\n<p>&nbsp;<\/p>\n<p>&nbsp;<\/p>\n<p>Fonte: Assessoria de Imprensa<\/p>\n","protected":false},"excerpt":{"rendered":"<p>A trajet\u00f3ria do Sicredi, iniciada em 1902, no Rio Grande do Sul, ganhou for\u00e7a no Paran\u00e1 a partir de 1985, impulsionando o desenvolvimento do Estado. Em 29 de janeiro de 1985, tr\u00eas centrais de cooperativas de produ\u00e7\u00e3o e cooperativas singulares de cr\u00e9dito j\u00e1 existentes uniram-se para formar a Cooperativa Central de Cr\u00e9dito Rural do Paran\u00e1 [&hellip;]<\/p>\n","protected":false},"author":13,"featured_media":98975,"comment_status":"closed","ping_status":"open","sticky":false,"template":"","format":"standard","meta":{"_acf_changed":false,"_exactmetrics_skip_tracking":false,"_exactmetrics_sitenote_active":false,"_exactmetrics_sitenote_note":"","_exactmetrics_sitenote_category":0,"footnotes":""},"categories":[1],"tags":[],"class_list":["post-98974","post","type-post","status-publish","format-standard","has-post-thumbnail","hentry","category-geral"],"acf":[],"yoast_head":"<!-- This site is optimized with the Yoast SEO plugin v27.2 - https:\/\/yoast.com\/product\/yoast-seo-wordpress\/ -->\n<title>Central Sicredi PR\/SP\/RJ celebra mais de 40 anos de conquistas - R\u00e1dio Life FM<\/title>\n<meta name=\"robots\" content=\"index, follow, max-snippet:-1, max-image-preview:large, max-video-preview:-1\" \/>\n<link rel=\"canonical\" href=\"https:\/\/radiolifefm.com.br\/noticias\/central-sicredi-pr-sp-rj-celebra-mais-de-40-anos-de-conquistas\/\" \/>\n<meta property=\"og:locale\" content=\"pt_BR\" \/>\n<meta property=\"og:type\" content=\"article\" \/>\n<meta property=\"og:title\" content=\"Central Sicredi PR\/SP\/RJ celebra mais de 40 anos de conquistas - R\u00e1dio Life FM\" \/>\n<meta property=\"og:description\" content=\"A trajet\u00f3ria do Sicredi, iniciada em 1902, no Rio Grande do Sul, ganhou for\u00e7a no Paran\u00e1 a partir de 1985, impulsionando o desenvolvimento do Estado. Em 29 de janeiro de 1985, tr\u00eas centrais de cooperativas de produ\u00e7\u00e3o e cooperativas singulares de cr\u00e9dito j\u00e1 existentes uniram-se para formar a Cooperativa Central de Cr\u00e9dito Rural do Paran\u00e1 [&hellip;]\" \/>\n<meta property=\"og:url\" content=\"https:\/\/radiolifefm.com.br\/noticias\/central-sicredi-pr-sp-rj-celebra-mais-de-40-anos-de-conquistas\/\" \/>\n<meta property=\"og:site_name\" content=\"R\u00e1dio Life FM\" \/>\n<meta property=\"article:publisher\" content=\"https:\/\/www.facebook.com\/radiolifefm\/\" \/>\n<meta property=\"article:published_time\" content=\"2025-03-24T11:24:18+00:00\" \/>\n<meta property=\"article:modified_time\" content=\"2026-04-25T10:51:40+00:00\" \/>\n<meta property=\"og:image\" content=\"https:\/\/radiolifefm.com.br\/noticias\/wp-content\/uploads\/2025\/03\/Presidencia-e-diretores-da-Sicredi-Centro-Oeste-Paulista.jpg\" \/>\n\t<meta property=\"og:image:width\" content=\"1280\" \/>\n\t<meta property=\"og:image:height\" content=\"960\" \/>\n\t<meta property=\"og:image:type\" content=\"image\/jpeg\" \/>\n<meta name=\"author\" content=\"ritanery\" \/>\n<meta name=\"twitter:card\" content=\"summary_large_image\" \/>\n<meta name=\"twitter:label1\" content=\"Escrito por\" \/>\n\t<meta name=\"twitter:data1\" content=\"ritanery\" \/>\n\t<meta name=\"twitter:label2\" content=\"Est. tempo de leitura\" \/>\n\t<meta name=\"twitter:data2\" content=\"6 minutos\" \/>\n<script type=\"application\/ld+json\" class=\"yoast-schema-graph\">{\"@context\":\"https:\/\/schema.org\",\"@graph\":[{\"@type\":\"Article\",\"@id\":\"https:\/\/radiolifefm.com.br\/noticias\/central-sicredi-pr-sp-rj-celebra-mais-de-40-anos-de-conquistas\/#article\",\"isPartOf\":{\"@id\":\"https:\/\/radiolifefm.com.br\/noticias\/central-sicredi-pr-sp-rj-celebra-mais-de-40-anos-de-conquistas\/\"},\"author\":{\"name\":\"ritanery\",\"@id\":\"https:\/\/radiolifefm.com.br\/noticias\/#\/schema\/person\/6339b9fac59d12b071dec680d7375d87\"},\"headline\":\"Central Sicredi PR\/SP\/RJ celebra mais de 40 anos de conquistas\",\"datePublished\":\"2025-03-24T11:24:18+00:00\",\"dateModified\":\"2026-04-25T10:51:40+00:00\",\"mainEntityOfPage\":{\"@id\":\"https:\/\/radiolifefm.com.br\/noticias\/central-sicredi-pr-sp-rj-celebra-mais-de-40-anos-de-conquistas\/\"},\"wordCount\":1096,\"publisher\":{\"@id\":\"https:\/\/radiolifefm.com.br\/noticias\/#organization\"},\"image\":{\"@id\":\"https:\/\/radiolifefm.com.br\/noticias\/central-sicredi-pr-sp-rj-celebra-mais-de-40-anos-de-conquistas\/#primaryimage\"},\"thumbnailUrl\":\"https:\/\/radiolifefm.com.br\/noticias\/wp-content\/uploads\/2025\/03\/Presidencia-e-diretores-da-Sicredi-Centro-Oeste-Paulista.jpg\",\"articleSection\":[\"Geral\"],\"inLanguage\":\"pt-BR\"},{\"@type\":\"WebPage\",\"@id\":\"https:\/\/radiolifefm.com.br\/noticias\/central-sicredi-pr-sp-rj-celebra-mais-de-40-anos-de-conquistas\/\",\"url\":\"https:\/\/radiolifefm.com.br\/noticias\/central-sicredi-pr-sp-rj-celebra-mais-de-40-anos-de-conquistas\/\",\"name\":\"Central Sicredi PR\/SP\/RJ celebra mais de 40 anos de conquistas - R\u00e1dio Life FM\",\"isPartOf\":{\"@id\":\"https:\/\/radiolifefm.com.br\/noticias\/#website\"},\"primaryImageOfPage\":{\"@id\":\"https:\/\/radiolifefm.com.br\/noticias\/central-sicredi-pr-sp-rj-celebra-mais-de-40-anos-de-conquistas\/#primaryimage\"},\"image\":{\"@id\":\"https:\/\/radiolifefm.com.br\/noticias\/central-sicredi-pr-sp-rj-celebra-mais-de-40-anos-de-conquistas\/#primaryimage\"},\"thumbnailUrl\":\"https:\/\/radiolifefm.com.br\/noticias\/wp-content\/uploads\/2025\/03\/Presidencia-e-diretores-da-Sicredi-Centro-Oeste-Paulista.jpg\",\"datePublished\":\"2025-03-24T11:24:18+00:00\",\"dateModified\":\"2026-04-25T10:51:40+00:00\",\"breadcrumb\":{\"@id\":\"https:\/\/radiolifefm.com.br\/noticias\/central-sicredi-pr-sp-rj-celebra-mais-de-40-anos-de-conquistas\/#breadcrumb\"},\"inLanguage\":\"pt-BR\",\"potentialAction\":[{\"@type\":\"ReadAction\",\"target\":[\"https:\/\/radiolifefm.com.br\/noticias\/central-sicredi-pr-sp-rj-celebra-mais-de-40-anos-de-conquistas\/\"]}]},{\"@type\":\"ImageObject\",\"inLanguage\":\"pt-BR\",\"@id\":\"https:\/\/radiolifefm.com.br\/noticias\/central-sicredi-pr-sp-rj-celebra-mais-de-40-anos-de-conquistas\/#primaryimage\",\"url\":\"https:\/\/radiolifefm.com.br\/noticias\/wp-content\/uploads\/2025\/03\/Presidencia-e-diretores-da-Sicredi-Centro-Oeste-Paulista.jpg\",\"contentUrl\":\"https:\/\/radiolifefm.com.br\/noticias\/wp-content\/uploads\/2025\/03\/Presidencia-e-diretores-da-Sicredi-Centro-Oeste-Paulista.jpg\",\"width\":1280,\"height\":960,\"caption\":\"Em 29 de janeiro de 1985, surgia a Cooperativa Central de Cr\u00e9dito do Paran\u00e1, embri\u00e3o da organiza\u00e7\u00e3o que hoje re\u00fane quase mil ag\u00eancias e 2,3 milh\u00f5es de associados em sua \u00e1rea de abrang\u00eancia\"},{\"@type\":\"BreadcrumbList\",\"@id\":\"https:\/\/radiolifefm.com.br\/noticias\/central-sicredi-pr-sp-rj-celebra-mais-de-40-anos-de-conquistas\/#breadcrumb\",\"itemListElement\":[{\"@type\":\"ListItem\",\"position\":1,\"name\":\"In\u00edcio\",\"item\":\"https:\/\/radiolifefm.com.br\/noticias\/\"},{\"@type\":\"ListItem\",\"position\":2,\"name\":\"Central Sicredi PR\/SP\/RJ celebra mais de 40 anos de conquistas\"}]},{\"@type\":\"WebSite\",\"@id\":\"https:\/\/radiolifefm.com.br\/noticias\/#website\",\"url\":\"https:\/\/radiolifefm.com.br\/noticias\/\",\"name\":\"R\u00e1dio Life FM\",\"description\":\"O Portal de Not\u00edcias de Adamantina\",\"publisher\":{\"@id\":\"https:\/\/radiolifefm.com.br\/noticias\/#organization\"},\"alternateName\":\"Life FM\",\"potentialAction\":[{\"@type\":\"SearchAction\",\"target\":{\"@type\":\"EntryPoint\",\"urlTemplate\":\"https:\/\/radiolifefm.com.br\/noticias\/?s={search_term_string}\"},\"query-input\":{\"@type\":\"PropertyValueSpecification\",\"valueRequired\":true,\"valueName\":\"search_term_string\"}}],\"inLanguage\":\"pt-BR\"},{\"@type\":\"Organization\",\"@id\":\"https:\/\/radiolifefm.com.br\/noticias\/#organization\",\"name\":\"R\u00e1dio Life FM\",\"alternateName\":\"Life FM\",\"url\":\"https:\/\/radiolifefm.com.br\/noticias\/\",\"logo\":{\"@type\":\"ImageObject\",\"inLanguage\":\"pt-BR\",\"@id\":\"https:\/\/radiolifefm.com.br\/noticias\/#\/schema\/logo\/image\/\",\"url\":\"https:\/\/static.radiolifefm.com.br\/noticias\/wp-content\/uploads\/2019\/10\/logo-lifefm.png\",\"contentUrl\":\"https:\/\/static.radiolifefm.com.br\/noticias\/wp-content\/uploads\/2019\/10\/logo-lifefm.png\",\"width\":196,\"height\":47,\"caption\":\"R\u00e1dio Life FM\"},\"image\":{\"@id\":\"https:\/\/radiolifefm.com.br\/noticias\/#\/schema\/logo\/image\/\"},\"sameAs\":[\"https:\/\/www.facebook.com\/radiolifefm\/\",\"https:\/\/www.instagram.com\/life1079fm\/\"]},{\"@type\":\"Person\",\"@id\":\"https:\/\/radiolifefm.com.br\/noticias\/#\/schema\/person\/6339b9fac59d12b071dec680d7375d87\",\"name\":\"ritanery\",\"image\":{\"@type\":\"ImageObject\",\"inLanguage\":\"pt-BR\",\"@id\":\"https:\/\/secure.gravatar.com\/avatar\/0e37bb19071f47c0b8a23f62a903df117c5a0e75f65a0c2901562f97cd41cf86?s=96&d=mm&r=g\",\"url\":\"https:\/\/secure.gravatar.com\/avatar\/0e37bb19071f47c0b8a23f62a903df117c5a0e75f65a0c2901562f97cd41cf86?s=96&d=mm&r=g\",\"contentUrl\":\"https:\/\/secure.gravatar.com\/avatar\/0e37bb19071f47c0b8a23f62a903df117c5a0e75f65a0c2901562f97cd41cf86?s=96&d=mm&r=g\",\"caption\":\"ritanery\"}}]}<\/script>\n<!-- \/ Yoast SEO plugin. -->","yoast_head_json":{"title":"Central Sicredi PR\/SP\/RJ celebra mais de 40 anos de conquistas - R\u00e1dio Life FM","robots":{"index":"index","follow":"follow","max-snippet":"max-snippet:-1","max-image-preview":"max-image-preview:large","max-video-preview":"max-video-preview:-1"},"canonical":"https:\/\/radiolifefm.com.br\/noticias\/central-sicredi-pr-sp-rj-celebra-mais-de-40-anos-de-conquistas\/","og_locale":"pt_BR","og_type":"article","og_title":"Central Sicredi PR\/SP\/RJ celebra mais de 40 anos de conquistas - R\u00e1dio Life FM","og_description":"A trajet\u00f3ria do Sicredi, iniciada em 1902, no Rio Grande do Sul, ganhou for\u00e7a no Paran\u00e1 a partir de 1985, impulsionando o desenvolvimento do Estado. Em 29 de janeiro de 1985, tr\u00eas centrais de cooperativas de produ\u00e7\u00e3o e cooperativas singulares de cr\u00e9dito j\u00e1 existentes uniram-se para formar a Cooperativa Central de Cr\u00e9dito Rural do Paran\u00e1 [&hellip;]","og_url":"https:\/\/radiolifefm.com.br\/noticias\/central-sicredi-pr-sp-rj-celebra-mais-de-40-anos-de-conquistas\/","og_site_name":"R\u00e1dio Life FM","article_publisher":"https:\/\/www.facebook.com\/radiolifefm\/","article_published_time":"2025-03-24T11:24:18+00:00","article_modified_time":"2026-04-25T10:51:40+00:00","og_image":[{"width":1280,"height":960,"url":"https:\/\/radiolifefm.com.br\/noticias\/wp-content\/uploads\/2025\/03\/Presidencia-e-diretores-da-Sicredi-Centro-Oeste-Paulista.jpg","type":"image\/jpeg"}],"author":"ritanery","twitter_card":"summary_large_image","twitter_misc":{"Escrito por":"ritanery","Est. tempo de leitura":"6 minutos"},"schema":{"@context":"https:\/\/schema.org","@graph":[{"@type":"Article","@id":"https:\/\/radiolifefm.com.br\/noticias\/central-sicredi-pr-sp-rj-celebra-mais-de-40-anos-de-conquistas\/#article","isPartOf":{"@id":"https:\/\/radiolifefm.com.br\/noticias\/central-sicredi-pr-sp-rj-celebra-mais-de-40-anos-de-conquistas\/"},"author":{"name":"ritanery","@id":"https:\/\/radiolifefm.com.br\/noticias\/#\/schema\/person\/6339b9fac59d12b071dec680d7375d87"},"headline":"Central Sicredi PR\/SP\/RJ celebra mais de 40 anos de conquistas","datePublished":"2025-03-24T11:24:18+00:00","dateModified":"2026-04-25T10:51:40+00:00","mainEntityOfPage":{"@id":"https:\/\/radiolifefm.com.br\/noticias\/central-sicredi-pr-sp-rj-celebra-mais-de-40-anos-de-conquistas\/"},"wordCount":1096,"publisher":{"@id":"https:\/\/radiolifefm.com.br\/noticias\/#organization"},"image":{"@id":"https:\/\/radiolifefm.com.br\/noticias\/central-sicredi-pr-sp-rj-celebra-mais-de-40-anos-de-conquistas\/#primaryimage"},"thumbnailUrl":"https:\/\/radiolifefm.com.br\/noticias\/wp-content\/uploads\/2025\/03\/Presidencia-e-diretores-da-Sicredi-Centro-Oeste-Paulista.jpg","articleSection":["Geral"],"inLanguage":"pt-BR"},{"@type":"WebPage","@id":"https:\/\/radiolifefm.com.br\/noticias\/central-sicredi-pr-sp-rj-celebra-mais-de-40-anos-de-conquistas\/","url":"https:\/\/radiolifefm.com.br\/noticias\/central-sicredi-pr-sp-rj-celebra-mais-de-40-anos-de-conquistas\/","name":"Central Sicredi PR\/SP\/RJ celebra mais de 40 anos de conquistas - R\u00e1dio Life FM","isPartOf":{"@id":"https:\/\/radiolifefm.com.br\/noticias\/#website"},"primaryImageOfPage":{"@id":"https:\/\/radiolifefm.com.br\/noticias\/central-sicredi-pr-sp-rj-celebra-mais-de-40-anos-de-conquistas\/#primaryimage"},"image":{"@id":"https:\/\/radiolifefm.com.br\/noticias\/central-sicredi-pr-sp-rj-celebra-mais-de-40-anos-de-conquistas\/#primaryimage"},"thumbnailUrl":"https:\/\/radiolifefm.com.br\/noticias\/wp-content\/uploads\/2025\/03\/Presidencia-e-diretores-da-Sicredi-Centro-Oeste-Paulista.jpg","datePublished":"2025-03-24T11:24:18+00:00","dateModified":"2026-04-25T10:51:40+00:00","breadcrumb":{"@id":"https:\/\/radiolifefm.com.br\/noticias\/central-sicredi-pr-sp-rj-celebra-mais-de-40-anos-de-conquistas\/#breadcrumb"},"inLanguage":"pt-BR","potentialAction":[{"@type":"ReadAction","target":["https:\/\/radiolifefm.com.br\/noticias\/central-sicredi-pr-sp-rj-celebra-mais-de-40-anos-de-conquistas\/"]}]},{"@type":"ImageObject","inLanguage":"pt-BR","@id":"https:\/\/radiolifefm.com.br\/noticias\/central-sicredi-pr-sp-rj-celebra-mais-de-40-anos-de-conquistas\/#primaryimage","url":"https:\/\/radiolifefm.com.br\/noticias\/wp-content\/uploads\/2025\/03\/Presidencia-e-diretores-da-Sicredi-Centro-Oeste-Paulista.jpg","contentUrl":"https:\/\/radiolifefm.com.br\/noticias\/wp-content\/uploads\/2025\/03\/Presidencia-e-diretores-da-Sicredi-Centro-Oeste-Paulista.jpg","width":1280,"height":960,"caption":"Em 29 de janeiro de 1985, surgia a Cooperativa Central de Cr\u00e9dito do Paran\u00e1, embri\u00e3o da organiza\u00e7\u00e3o que hoje re\u00fane quase mil ag\u00eancias e 2,3 milh\u00f5es de associados em sua \u00e1rea de abrang\u00eancia"},{"@type":"BreadcrumbList","@id":"https:\/\/radiolifefm.com.br\/noticias\/central-sicredi-pr-sp-rj-celebra-mais-de-40-anos-de-conquistas\/#breadcrumb","itemListElement":[{"@type":"ListItem","position":1,"name":"In\u00edcio","item":"https:\/\/radiolifefm.com.br\/noticias\/"},{"@type":"ListItem","position":2,"name":"Central Sicredi PR\/SP\/RJ celebra mais de 40 anos de conquistas"}]},{"@type":"WebSite","@id":"https:\/\/radiolifefm.com.br\/noticias\/#website","url":"https:\/\/radiolifefm.com.br\/noticias\/","name":"R\u00e1dio Life FM","description":"O Portal de Not\u00edcias de Adamantina","publisher":{"@id":"https:\/\/radiolifefm.com.br\/noticias\/#organization"},"alternateName":"Life FM","potentialAction":[{"@type":"SearchAction","target":{"@type":"EntryPoint","urlTemplate":"https:\/\/radiolifefm.com.br\/noticias\/?s={search_term_string}"},"query-input":{"@type":"PropertyValueSpecification","valueRequired":true,"valueName":"search_term_string"}}],"inLanguage":"pt-BR"},{"@type":"Organization","@id":"https:\/\/radiolifefm.com.br\/noticias\/#organization","name":"R\u00e1dio Life FM","alternateName":"Life FM","url":"https:\/\/radiolifefm.com.br\/noticias\/","logo":{"@type":"ImageObject","inLanguage":"pt-BR","@id":"https:\/\/radiolifefm.com.br\/noticias\/#\/schema\/logo\/image\/","url":"https:\/\/static.radiolifefm.com.br\/noticias\/wp-content\/uploads\/2019\/10\/logo-lifefm.png","contentUrl":"https:\/\/static.radiolifefm.com.br\/noticias\/wp-content\/uploads\/2019\/10\/logo-lifefm.png","width":196,"height":47,"caption":"R\u00e1dio Life FM"},"image":{"@id":"https:\/\/radiolifefm.com.br\/noticias\/#\/schema\/logo\/image\/"},"sameAs":["https:\/\/www.facebook.com\/radiolifefm\/","https:\/\/www.instagram.com\/life1079fm\/"]},{"@type":"Person","@id":"https:\/\/radiolifefm.com.br\/noticias\/#\/schema\/person\/6339b9fac59d12b071dec680d7375d87","name":"ritanery","image":{"@type":"ImageObject","inLanguage":"pt-BR","@id":"https:\/\/secure.gravatar.com\/avatar\/0e37bb19071f47c0b8a23f62a903df117c5a0e75f65a0c2901562f97cd41cf86?s=96&d=mm&r=g","url":"https:\/\/secure.gravatar.com\/avatar\/0e37bb19071f47c0b8a23f62a903df117c5a0e75f65a0c2901562f97cd41cf86?s=96&d=mm&r=g","contentUrl":"https:\/\/secure.gravatar.com\/avatar\/0e37bb19071f47c0b8a23f62a903df117c5a0e75f65a0c2901562f97cd41cf86?s=96&d=mm&r=g","caption":"ritanery"}}]}},"amp_enabled":true,"_links":{"self":[{"href":"https:\/\/radiolifefm.com.br\/noticias\/wp-json\/wp\/v2\/posts\/98974","targetHints":{"allow":["GET"]}}],"collection":[{"href":"https:\/\/radiolifefm.com.br\/noticias\/wp-json\/wp\/v2\/posts"}],"about":[{"href":"https:\/\/radiolifefm.com.br\/noticias\/wp-json\/wp\/v2\/types\/post"}],"author":[{"embeddable":true,"href":"https:\/\/radiolifefm.com.br\/noticias\/wp-json\/wp\/v2\/users\/13"}],"replies":[{"embeddable":true,"href":"https:\/\/radiolifefm.com.br\/noticias\/wp-json\/wp\/v2\/comments?post=98974"}],"version-history":[{"count":1,"href":"https:\/\/radiolifefm.com.br\/noticias\/wp-json\/wp\/v2\/posts\/98974\/revisions"}],"predecessor-version":[{"id":98976,"href":"https:\/\/radiolifefm.com.br\/noticias\/wp-json\/wp\/v2\/posts\/98974\/revisions\/98976"}],"wp:featuredmedia":[{"embeddable":true,"href":"https:\/\/radiolifefm.com.br\/noticias\/wp-json\/wp\/v2\/media\/98975"}],"wp:attachment":[{"href":"https:\/\/radiolifefm.com.br\/noticias\/wp-json\/wp\/v2\/media?parent=98974"}],"wp:term":[{"taxonomy":"category","embeddable":true,"href":"https:\/\/radiolifefm.com.br\/noticias\/wp-json\/wp\/v2\/categories?post=98974"},{"taxonomy":"post_tag","embeddable":true,"href":"https:\/\/radiolifefm.com.br\/noticias\/wp-json\/wp\/v2\/tags?post=98974"}],"curies":[{"name":"wp","href":"https:\/\/api.w.org\/{rel}","templated":true}]}}