{"id":98942,"date":"2025-03-21T08:42:21","date_gmt":"2025-03-21T11:42:21","guid":{"rendered":"https:\/\/radiolifefm.com.br\/noticias\/?p=98942"},"modified":"2026-04-08T12:45:56","modified_gmt":"2026-04-08T15:45:56","slug":"a-ideologia-da-morte-e-ponto-quase-final-3","status":"publish","type":"post","link":"https:\/\/radiolifefm.com.br\/noticias\/a-ideologia-da-morte-e-ponto-quase-final-3\/","title":{"rendered":"A Ideologia da Morte e ponto quase final&#8230;"},"content":{"rendered":"<div id=\"fb-root\"><\/div>\n<p><em>\u201cVoc\u00ea tem total liberdade de ser conservador, mas n\u00e3o a de impor essa ideologia na vida alheia.\u201d (<\/em><a href=\"https:\/\/www.pensador.com\/autor\/roger_vieira\/\"><em>Roger Vieira<\/em><\/a><em>)<\/em><\/p>\n<p><strong><em>S\u00e9rgio Barbosa (*) <\/em><\/strong><\/p>\n<p>Faz alguns anos que tais fatos est\u00e3o ocorrendo em todos os cantos do PLANETA TERRA, portanto, cada qual sabe por onde correr em meio aos desencontros deste NOVO TEMPO NOVO&#8230;<\/p>\n<p>Tais ocorr\u00eancias est\u00e3o de um jeito ou de outro, interligadas no mesmo processo que est\u00e1 de acordo com o previsto pelos denominados\/as Pensadores\/as do outro tempo deste mesmo tempo&#8230;<\/p>\n<p>Ainda, na d\u00e9cada de 80, quando cursava TEOLOGIA na Faculdade de Teologia da Igreja Metodista em Rudge Ramos, SBCampo, desenvolvi um trabalho sobre AS ARMAS IDEOL\u00d3GICAS DA MORTE, t\u00edtulo de um livro, por\u00e9m, n\u00e3o recordo o nome do autor da publica\u00e7\u00e3o&#8230;<\/p>\n<p>Portanto, da d\u00e9cada de 80 para os dias de hoje, ou seja, s\u00e3o mais de trinta anos para muitas possibilidades sobre tudo e todos, isso sem levar em conta outras leituras em diversas \u00e1reas, assim, cada qual deve saber por onde sair neste cen\u00e1rio que est\u00e1 al\u00e9m da p\u00f3s-globaliza\u00e7\u00e3o&#8230;<\/p>\n<p>Tamb\u00e9m, se faz necess\u00e1rio estar em conex\u00e3o com todas as informa\u00e7\u00f5es poss\u00edveis sobre tais fatos, entretanto, em tempo de FAKE NEWS, \u201ctodo cuidado \u00e9 pouco\u201d, mesmo pra quem desenvolve atividades relacionadas com o JORNALISMO e ponto quase final&#8230;<\/p>\n<p>N\u00e3o se podem ficar distante destes FATOS que s\u00e3o dominados pelo PODER EM BUSCA DO PODER e nada mais, tamb\u00e9m, o Mercado acaba de um jeito ou de outro impondo suas regras frente aos interesses da sociedade&#8230;<\/p>\n<p>Todas as buscas s\u00e3o importantes para uma aproxima\u00e7\u00e3o com a pseudoverdade do momento, haja vista que a MENTIRA pode ser a tal VERDADE e vice-versa, como sempre, depende sempre da interpreta\u00e7\u00e3o deste ou do outro lado&#8230;<\/p>\n<p>S\u00d3 SEI QUE NADA SEI afirmou o pensador do outro tempo, todavia, sempre se pode correr atr\u00e1s do conhecimento para estar em conex\u00e3o com as suas verdades para muitas mentiras e no meio desta busca, pode ser que ocorra um PONTO E V\u00cdRGULA&#8230;<\/p>\n<p>Neste momento em que o PA\u00cdS DO FAZ DE CONTA continua patinando nas suas pseudoverdades para muitos desencontros em todas as \u00e1reas, espera-se que o inusitado possa fazer a diferen\u00e7a neste cen\u00e1rio um tanto descolorido pelos falsos PROFETAS com suas profecias inexistentes&#8230;<\/p>\n<p>As CARTAS est\u00e3o na mesa para serem manipuladas pelos DONOS DO PODER, tal qual afirmou um outro Pensador deste tempo do tempo, assim, dizem CAMINHA A HUMANIDADE para muitas retic\u00eancias&#8230;<\/p>\n<p>QUEM SOBREVIVER VAI SABER&#8230;<\/p>\n<p><strong><em>_______________________________<\/em><\/strong><\/p>\n<p><strong><em>(*) jornalista diplomado.<\/em><\/strong><\/p>\n<p><strong><em>E-MAIL: <\/em><\/strong><a href=\"mailto:barbosa.sebar@gmail.com\"><strong><em>barbosa.sebar@gmail.com<\/em><\/strong><\/a><\/p>\n<p><strong><em>\u00a0<\/em><\/strong><\/p>\n","protected":false},"excerpt":{"rendered":"<p>\u201cVoc\u00ea tem total liberdade de ser conservador, mas n\u00e3o a de impor essa ideologia na vida alheia.\u201d (Roger Vieira) S\u00e9rgio Barbosa (*) Faz alguns anos que tais fatos est\u00e3o ocorrendo em todos os cantos do PLANETA TERRA, portanto, cada qual sabe por onde correr em meio aos desencontros deste NOVO TEMPO NOVO&#8230; Tais ocorr\u00eancias est\u00e3o [&hellip;]<\/p>\n","protected":false},"author":13,"featured_media":51988,"comment_status":"closed","ping_status":"open","sticky":false,"template":"","format":"standard","meta":{"_acf_changed":false,"_exactmetrics_skip_tracking":false,"_exactmetrics_sitenote_active":false,"_exactmetrics_sitenote_note":"","_exactmetrics_sitenote_category":0,"footnotes":""},"categories":[59],"tags":[],"class_list":["post-98942","post","type-post","status-publish","format-standard","has-post-thumbnail","hentry","category-opiniao"],"acf":[],"yoast_head":"<!-- This site is optimized with the Yoast SEO plugin v27.2 - https:\/\/yoast.com\/product\/yoast-seo-wordpress\/ -->\n<title>A Ideologia da Morte e ponto quase final... - R\u00e1dio Life FM<\/title>\n<meta name=\"robots\" content=\"index, follow, max-snippet:-1, max-image-preview:large, max-video-preview:-1\" \/>\n<link rel=\"canonical\" href=\"https:\/\/radiolifefm.com.br\/noticias\/a-ideologia-da-morte-e-ponto-quase-final-3\/\" \/>\n<meta property=\"og:locale\" content=\"pt_BR\" \/>\n<meta property=\"og:type\" content=\"article\" \/>\n<meta property=\"og:title\" content=\"A Ideologia da Morte e ponto quase final... - R\u00e1dio Life FM\" \/>\n<meta property=\"og:description\" content=\"\u201cVoc\u00ea tem total liberdade de ser conservador, mas n\u00e3o a de impor essa ideologia na vida alheia.\u201d (Roger Vieira) S\u00e9rgio Barbosa (*) Faz alguns anos que tais fatos est\u00e3o ocorrendo em todos os cantos do PLANETA TERRA, portanto, cada qual sabe por onde correr em meio aos desencontros deste NOVO TEMPO NOVO&#8230; Tais ocorr\u00eancias est\u00e3o [&hellip;]\" \/>\n<meta property=\"og:url\" content=\"https:\/\/radiolifefm.com.br\/noticias\/a-ideologia-da-morte-e-ponto-quase-final-3\/\" \/>\n<meta property=\"og:site_name\" content=\"R\u00e1dio Life FM\" \/>\n<meta property=\"article:publisher\" content=\"https:\/\/www.facebook.com\/radiolifefm\/\" \/>\n<meta property=\"article:published_time\" content=\"2025-03-21T11:42:21+00:00\" \/>\n<meta property=\"article:modified_time\" content=\"2026-04-08T15:45:56+00:00\" \/>\n<meta property=\"og:image\" content=\"https:\/\/radiolifefm.com.br\/noticias\/wp-content\/uploads\/2022\/04\/WhatsApp-Image-2022-04-10-at-18.43.02.jpeg\" \/>\n\t<meta property=\"og:image:width\" content=\"972\" \/>\n\t<meta property=\"og:image:height\" content=\"1296\" \/>\n\t<meta property=\"og:image:type\" content=\"image\/jpeg\" \/>\n<meta name=\"author\" content=\"ritanery\" \/>\n<meta name=\"twitter:card\" content=\"summary_large_image\" \/>\n<meta name=\"twitter:label1\" content=\"Escrito por\" \/>\n\t<meta name=\"twitter:data1\" content=\"ritanery\" \/>\n\t<meta name=\"twitter:label2\" content=\"Est. tempo de leitura\" \/>\n\t<meta name=\"twitter:data2\" content=\"3 minutos\" \/>\n<script type=\"application\/ld+json\" class=\"yoast-schema-graph\">{\"@context\":\"https:\/\/schema.org\",\"@graph\":[{\"@type\":\"Article\",\"@id\":\"https:\/\/radiolifefm.com.br\/noticias\/a-ideologia-da-morte-e-ponto-quase-final-3\/#article\",\"isPartOf\":{\"@id\":\"https:\/\/radiolifefm.com.br\/noticias\/a-ideologia-da-morte-e-ponto-quase-final-3\/\"},\"author\":{\"name\":\"ritanery\",\"@id\":\"https:\/\/radiolifefm.com.br\/noticias\/#\/schema\/person\/6339b9fac59d12b071dec680d7375d87\"},\"headline\":\"A Ideologia da Morte e ponto quase final&#8230;\",\"datePublished\":\"2025-03-21T11:42:21+00:00\",\"dateModified\":\"2026-04-08T15:45:56+00:00\",\"mainEntityOfPage\":{\"@id\":\"https:\/\/radiolifefm.com.br\/noticias\/a-ideologia-da-morte-e-ponto-quase-final-3\/\"},\"wordCount\":450,\"publisher\":{\"@id\":\"https:\/\/radiolifefm.com.br\/noticias\/#organization\"},\"image\":{\"@id\":\"https:\/\/radiolifefm.com.br\/noticias\/a-ideologia-da-morte-e-ponto-quase-final-3\/#primaryimage\"},\"thumbnailUrl\":\"https:\/\/radiolifefm.com.br\/noticias\/wp-content\/uploads\/2022\/04\/WhatsApp-Image-2022-04-10-at-18.43.02.jpeg\",\"articleSection\":[\"Opini\u00e3o\"],\"inLanguage\":\"pt-BR\"},{\"@type\":\"WebPage\",\"@id\":\"https:\/\/radiolifefm.com.br\/noticias\/a-ideologia-da-morte-e-ponto-quase-final-3\/\",\"url\":\"https:\/\/radiolifefm.com.br\/noticias\/a-ideologia-da-morte-e-ponto-quase-final-3\/\",\"name\":\"A Ideologia da Morte e ponto quase final... - R\u00e1dio Life FM\",\"isPartOf\":{\"@id\":\"https:\/\/radiolifefm.com.br\/noticias\/#website\"},\"primaryImageOfPage\":{\"@id\":\"https:\/\/radiolifefm.com.br\/noticias\/a-ideologia-da-morte-e-ponto-quase-final-3\/#primaryimage\"},\"image\":{\"@id\":\"https:\/\/radiolifefm.com.br\/noticias\/a-ideologia-da-morte-e-ponto-quase-final-3\/#primaryimage\"},\"thumbnailUrl\":\"https:\/\/radiolifefm.com.br\/noticias\/wp-content\/uploads\/2022\/04\/WhatsApp-Image-2022-04-10-at-18.43.02.jpeg\",\"datePublished\":\"2025-03-21T11:42:21+00:00\",\"dateModified\":\"2026-04-08T15:45:56+00:00\",\"breadcrumb\":{\"@id\":\"https:\/\/radiolifefm.com.br\/noticias\/a-ideologia-da-morte-e-ponto-quase-final-3\/#breadcrumb\"},\"inLanguage\":\"pt-BR\",\"potentialAction\":[{\"@type\":\"ReadAction\",\"target\":[\"https:\/\/radiolifefm.com.br\/noticias\/a-ideologia-da-morte-e-ponto-quase-final-3\/\"]}]},{\"@type\":\"ImageObject\",\"inLanguage\":\"pt-BR\",\"@id\":\"https:\/\/radiolifefm.com.br\/noticias\/a-ideologia-da-morte-e-ponto-quase-final-3\/#primaryimage\",\"url\":\"https:\/\/radiolifefm.com.br\/noticias\/wp-content\/uploads\/2022\/04\/WhatsApp-Image-2022-04-10-at-18.43.02.jpeg\",\"contentUrl\":\"https:\/\/radiolifefm.com.br\/noticias\/wp-content\/uploads\/2022\/04\/WhatsApp-Image-2022-04-10-at-18.43.02.jpeg\",\"width\":972,\"height\":1296,\"caption\":\"S\u00e9rgio Barbosa\"},{\"@type\":\"BreadcrumbList\",\"@id\":\"https:\/\/radiolifefm.com.br\/noticias\/a-ideologia-da-morte-e-ponto-quase-final-3\/#breadcrumb\",\"itemListElement\":[{\"@type\":\"ListItem\",\"position\":1,\"name\":\"In\u00edcio\",\"item\":\"https:\/\/radiolifefm.com.br\/noticias\/\"},{\"@type\":\"ListItem\",\"position\":2,\"name\":\"A Ideologia da Morte e ponto quase final&#8230;\"}]},{\"@type\":\"WebSite\",\"@id\":\"https:\/\/radiolifefm.com.br\/noticias\/#website\",\"url\":\"https:\/\/radiolifefm.com.br\/noticias\/\",\"name\":\"R\u00e1dio Life FM\",\"description\":\"O Portal de Not\u00edcias de Adamantina\",\"publisher\":{\"@id\":\"https:\/\/radiolifefm.com.br\/noticias\/#organization\"},\"alternateName\":\"Life FM\",\"potentialAction\":[{\"@type\":\"SearchAction\",\"target\":{\"@type\":\"EntryPoint\",\"urlTemplate\":\"https:\/\/radiolifefm.com.br\/noticias\/?s={search_term_string}\"},\"query-input\":{\"@type\":\"PropertyValueSpecification\",\"valueRequired\":true,\"valueName\":\"search_term_string\"}}],\"inLanguage\":\"pt-BR\"},{\"@type\":\"Organization\",\"@id\":\"https:\/\/radiolifefm.com.br\/noticias\/#organization\",\"name\":\"R\u00e1dio Life FM\",\"alternateName\":\"Life FM\",\"url\":\"https:\/\/radiolifefm.com.br\/noticias\/\",\"logo\":{\"@type\":\"ImageObject\",\"inLanguage\":\"pt-BR\",\"@id\":\"https:\/\/radiolifefm.com.br\/noticias\/#\/schema\/logo\/image\/\",\"url\":\"https:\/\/static.radiolifefm.com.br\/noticias\/wp-content\/uploads\/2019\/10\/logo-lifefm.png\",\"contentUrl\":\"https:\/\/static.radiolifefm.com.br\/noticias\/wp-content\/uploads\/2019\/10\/logo-lifefm.png\",\"width\":196,\"height\":47,\"caption\":\"R\u00e1dio Life FM\"},\"image\":{\"@id\":\"https:\/\/radiolifefm.com.br\/noticias\/#\/schema\/logo\/image\/\"},\"sameAs\":[\"https:\/\/www.facebook.com\/radiolifefm\/\",\"https:\/\/www.instagram.com\/life1079fm\/\"]},{\"@type\":\"Person\",\"@id\":\"https:\/\/radiolifefm.com.br\/noticias\/#\/schema\/person\/6339b9fac59d12b071dec680d7375d87\",\"name\":\"ritanery\",\"image\":{\"@type\":\"ImageObject\",\"inLanguage\":\"pt-BR\",\"@id\":\"https:\/\/secure.gravatar.com\/avatar\/0e37bb19071f47c0b8a23f62a903df117c5a0e75f65a0c2901562f97cd41cf86?s=96&d=mm&r=g\",\"url\":\"https:\/\/secure.gravatar.com\/avatar\/0e37bb19071f47c0b8a23f62a903df117c5a0e75f65a0c2901562f97cd41cf86?s=96&d=mm&r=g\",\"contentUrl\":\"https:\/\/secure.gravatar.com\/avatar\/0e37bb19071f47c0b8a23f62a903df117c5a0e75f65a0c2901562f97cd41cf86?s=96&d=mm&r=g\",\"caption\":\"ritanery\"}}]}<\/script>\n<!-- \/ Yoast SEO plugin. -->","yoast_head_json":{"title":"A Ideologia da Morte e ponto quase final... - R\u00e1dio Life FM","robots":{"index":"index","follow":"follow","max-snippet":"max-snippet:-1","max-image-preview":"max-image-preview:large","max-video-preview":"max-video-preview:-1"},"canonical":"https:\/\/radiolifefm.com.br\/noticias\/a-ideologia-da-morte-e-ponto-quase-final-3\/","og_locale":"pt_BR","og_type":"article","og_title":"A Ideologia da Morte e ponto quase final... - R\u00e1dio Life FM","og_description":"\u201cVoc\u00ea tem total liberdade de ser conservador, mas n\u00e3o a de impor essa ideologia na vida alheia.\u201d (Roger Vieira) S\u00e9rgio Barbosa (*) Faz alguns anos que tais fatos est\u00e3o ocorrendo em todos os cantos do PLANETA TERRA, portanto, cada qual sabe por onde correr em meio aos desencontros deste NOVO TEMPO NOVO&#8230; Tais ocorr\u00eancias est\u00e3o [&hellip;]","og_url":"https:\/\/radiolifefm.com.br\/noticias\/a-ideologia-da-morte-e-ponto-quase-final-3\/","og_site_name":"R\u00e1dio Life FM","article_publisher":"https:\/\/www.facebook.com\/radiolifefm\/","article_published_time":"2025-03-21T11:42:21+00:00","article_modified_time":"2026-04-08T15:45:56+00:00","og_image":[{"width":972,"height":1296,"url":"https:\/\/radiolifefm.com.br\/noticias\/wp-content\/uploads\/2022\/04\/WhatsApp-Image-2022-04-10-at-18.43.02.jpeg","type":"image\/jpeg"}],"author":"ritanery","twitter_card":"summary_large_image","twitter_misc":{"Escrito por":"ritanery","Est. tempo de leitura":"3 minutos"},"schema":{"@context":"https:\/\/schema.org","@graph":[{"@type":"Article","@id":"https:\/\/radiolifefm.com.br\/noticias\/a-ideologia-da-morte-e-ponto-quase-final-3\/#article","isPartOf":{"@id":"https:\/\/radiolifefm.com.br\/noticias\/a-ideologia-da-morte-e-ponto-quase-final-3\/"},"author":{"name":"ritanery","@id":"https:\/\/radiolifefm.com.br\/noticias\/#\/schema\/person\/6339b9fac59d12b071dec680d7375d87"},"headline":"A Ideologia da Morte e ponto quase final&#8230;","datePublished":"2025-03-21T11:42:21+00:00","dateModified":"2026-04-08T15:45:56+00:00","mainEntityOfPage":{"@id":"https:\/\/radiolifefm.com.br\/noticias\/a-ideologia-da-morte-e-ponto-quase-final-3\/"},"wordCount":450,"publisher":{"@id":"https:\/\/radiolifefm.com.br\/noticias\/#organization"},"image":{"@id":"https:\/\/radiolifefm.com.br\/noticias\/a-ideologia-da-morte-e-ponto-quase-final-3\/#primaryimage"},"thumbnailUrl":"https:\/\/radiolifefm.com.br\/noticias\/wp-content\/uploads\/2022\/04\/WhatsApp-Image-2022-04-10-at-18.43.02.jpeg","articleSection":["Opini\u00e3o"],"inLanguage":"pt-BR"},{"@type":"WebPage","@id":"https:\/\/radiolifefm.com.br\/noticias\/a-ideologia-da-morte-e-ponto-quase-final-3\/","url":"https:\/\/radiolifefm.com.br\/noticias\/a-ideologia-da-morte-e-ponto-quase-final-3\/","name":"A Ideologia da Morte e ponto quase final... - R\u00e1dio Life FM","isPartOf":{"@id":"https:\/\/radiolifefm.com.br\/noticias\/#website"},"primaryImageOfPage":{"@id":"https:\/\/radiolifefm.com.br\/noticias\/a-ideologia-da-morte-e-ponto-quase-final-3\/#primaryimage"},"image":{"@id":"https:\/\/radiolifefm.com.br\/noticias\/a-ideologia-da-morte-e-ponto-quase-final-3\/#primaryimage"},"thumbnailUrl":"https:\/\/radiolifefm.com.br\/noticias\/wp-content\/uploads\/2022\/04\/WhatsApp-Image-2022-04-10-at-18.43.02.jpeg","datePublished":"2025-03-21T11:42:21+00:00","dateModified":"2026-04-08T15:45:56+00:00","breadcrumb":{"@id":"https:\/\/radiolifefm.com.br\/noticias\/a-ideologia-da-morte-e-ponto-quase-final-3\/#breadcrumb"},"inLanguage":"pt-BR","potentialAction":[{"@type":"ReadAction","target":["https:\/\/radiolifefm.com.br\/noticias\/a-ideologia-da-morte-e-ponto-quase-final-3\/"]}]},{"@type":"ImageObject","inLanguage":"pt-BR","@id":"https:\/\/radiolifefm.com.br\/noticias\/a-ideologia-da-morte-e-ponto-quase-final-3\/#primaryimage","url":"https:\/\/radiolifefm.com.br\/noticias\/wp-content\/uploads\/2022\/04\/WhatsApp-Image-2022-04-10-at-18.43.02.jpeg","contentUrl":"https:\/\/radiolifefm.com.br\/noticias\/wp-content\/uploads\/2022\/04\/WhatsApp-Image-2022-04-10-at-18.43.02.jpeg","width":972,"height":1296,"caption":"S\u00e9rgio Barbosa"},{"@type":"BreadcrumbList","@id":"https:\/\/radiolifefm.com.br\/noticias\/a-ideologia-da-morte-e-ponto-quase-final-3\/#breadcrumb","itemListElement":[{"@type":"ListItem","position":1,"name":"In\u00edcio","item":"https:\/\/radiolifefm.com.br\/noticias\/"},{"@type":"ListItem","position":2,"name":"A Ideologia da Morte e ponto quase final&#8230;"}]},{"@type":"WebSite","@id":"https:\/\/radiolifefm.com.br\/noticias\/#website","url":"https:\/\/radiolifefm.com.br\/noticias\/","name":"R\u00e1dio Life FM","description":"O Portal de Not\u00edcias de Adamantina","publisher":{"@id":"https:\/\/radiolifefm.com.br\/noticias\/#organization"},"alternateName":"Life FM","potentialAction":[{"@type":"SearchAction","target":{"@type":"EntryPoint","urlTemplate":"https:\/\/radiolifefm.com.br\/noticias\/?s={search_term_string}"},"query-input":{"@type":"PropertyValueSpecification","valueRequired":true,"valueName":"search_term_string"}}],"inLanguage":"pt-BR"},{"@type":"Organization","@id":"https:\/\/radiolifefm.com.br\/noticias\/#organization","name":"R\u00e1dio Life FM","alternateName":"Life FM","url":"https:\/\/radiolifefm.com.br\/noticias\/","logo":{"@type":"ImageObject","inLanguage":"pt-BR","@id":"https:\/\/radiolifefm.com.br\/noticias\/#\/schema\/logo\/image\/","url":"https:\/\/static.radiolifefm.com.br\/noticias\/wp-content\/uploads\/2019\/10\/logo-lifefm.png","contentUrl":"https:\/\/static.radiolifefm.com.br\/noticias\/wp-content\/uploads\/2019\/10\/logo-lifefm.png","width":196,"height":47,"caption":"R\u00e1dio Life FM"},"image":{"@id":"https:\/\/radiolifefm.com.br\/noticias\/#\/schema\/logo\/image\/"},"sameAs":["https:\/\/www.facebook.com\/radiolifefm\/","https:\/\/www.instagram.com\/life1079fm\/"]},{"@type":"Person","@id":"https:\/\/radiolifefm.com.br\/noticias\/#\/schema\/person\/6339b9fac59d12b071dec680d7375d87","name":"ritanery","image":{"@type":"ImageObject","inLanguage":"pt-BR","@id":"https:\/\/secure.gravatar.com\/avatar\/0e37bb19071f47c0b8a23f62a903df117c5a0e75f65a0c2901562f97cd41cf86?s=96&d=mm&r=g","url":"https:\/\/secure.gravatar.com\/avatar\/0e37bb19071f47c0b8a23f62a903df117c5a0e75f65a0c2901562f97cd41cf86?s=96&d=mm&r=g","contentUrl":"https:\/\/secure.gravatar.com\/avatar\/0e37bb19071f47c0b8a23f62a903df117c5a0e75f65a0c2901562f97cd41cf86?s=96&d=mm&r=g","caption":"ritanery"}}]}},"amp_enabled":true,"_links":{"self":[{"href":"https:\/\/radiolifefm.com.br\/noticias\/wp-json\/wp\/v2\/posts\/98942","targetHints":{"allow":["GET"]}}],"collection":[{"href":"https:\/\/radiolifefm.com.br\/noticias\/wp-json\/wp\/v2\/posts"}],"about":[{"href":"https:\/\/radiolifefm.com.br\/noticias\/wp-json\/wp\/v2\/types\/post"}],"author":[{"embeddable":true,"href":"https:\/\/radiolifefm.com.br\/noticias\/wp-json\/wp\/v2\/users\/13"}],"replies":[{"embeddable":true,"href":"https:\/\/radiolifefm.com.br\/noticias\/wp-json\/wp\/v2\/comments?post=98942"}],"version-history":[{"count":1,"href":"https:\/\/radiolifefm.com.br\/noticias\/wp-json\/wp\/v2\/posts\/98942\/revisions"}],"predecessor-version":[{"id":98943,"href":"https:\/\/radiolifefm.com.br\/noticias\/wp-json\/wp\/v2\/posts\/98942\/revisions\/98943"}],"wp:featuredmedia":[{"embeddable":true,"href":"https:\/\/radiolifefm.com.br\/noticias\/wp-json\/wp\/v2\/media\/51988"}],"wp:attachment":[{"href":"https:\/\/radiolifefm.com.br\/noticias\/wp-json\/wp\/v2\/media?parent=98942"}],"wp:term":[{"taxonomy":"category","embeddable":true,"href":"https:\/\/radiolifefm.com.br\/noticias\/wp-json\/wp\/v2\/categories?post=98942"},{"taxonomy":"post_tag","embeddable":true,"href":"https:\/\/radiolifefm.com.br\/noticias\/wp-json\/wp\/v2\/tags?post=98942"}],"curies":[{"name":"wp","href":"https:\/\/api.w.org\/{rel}","templated":true}]}}