{"id":98827,"date":"2025-03-18T14:54:14","date_gmt":"2025-03-18T17:54:14","guid":{"rendered":"https:\/\/radiolifefm.com.br\/noticias\/?p=98827"},"modified":"2026-04-27T14:15:24","modified_gmt":"2026-04-27T17:15:24","slug":"fiat-alpavel-de-adamantina-esta-sob-nova-gerencia","status":"publish","type":"post","link":"https:\/\/radiolifefm.com.br\/noticias\/fiat-alpavel-de-adamantina-esta-sob-nova-gerencia\/","title":{"rendered":"FIAT Alpavel de Adamantina est\u00e1 sob nova ger\u00eancia"},"content":{"rendered":"<div id=\"fb-root\"><\/div>\n<p data-start=\"119\" data-end=\"381\">A FIAT Alpavel est\u00e1 sob a nova ger\u00eancia de Rodrigo Gimenez, que assumiu o grupo de Adamantina em fevereiro. Durante entrevista no <strong data-start=\"249\" data-end=\"271\">Jornal do Meio-Dia<\/strong>, na tarde de segunda-feira (17) de mar\u00e7o, Rodrigo compartilhou sua trajet\u00f3ria e os desafios j\u00e1 enfrentados.<\/p>\n<div class='flex flex-wrap items-center -mx-1'>\r\n<a class='thumbnail gallery p-1 w-1\/2 md:w-1\/4' href='https:\/\/radiolifefm.com.br\/noticias\/wp-content\/uploads\/2025\/03\/Marca-dagua-Jornal-do-Meio-Dia-66.jpg'><img class='border border-white' src='https:\/\/radiolifefm.com.br\/noticias\/wp-content\/uploads\/2025\/03\/Marca-dagua-Jornal-do-Meio-Dia-66-200x200.jpg' alt='Marca D'agua Jornal Do Meio Dia (66)' \/><\/a><a class='thumbnail gallery p-1 w-1\/2 md:w-1\/4' href='https:\/\/radiolifefm.com.br\/noticias\/wp-content\/uploads\/2025\/03\/Marca-dagua-Jornal-do-Meio-Dia-68.jpg'><img class='border border-white' src='https:\/\/radiolifefm.com.br\/noticias\/wp-content\/uploads\/2025\/03\/Marca-dagua-Jornal-do-Meio-Dia-68-200x200.jpg' alt='Marca D'agua Jornal Do Meio Dia (68)' \/><\/a><a class='thumbnail gallery p-1 w-1\/2 md:w-1\/4' href='https:\/\/radiolifefm.com.br\/noticias\/wp-content\/uploads\/2025\/03\/Marca-dagua-Jornal-do-Meio-Dia-65.jpg'><img class='border border-white' src='https:\/\/radiolifefm.com.br\/noticias\/wp-content\/uploads\/2025\/03\/Marca-dagua-Jornal-do-Meio-Dia-65-200x200.jpg' alt='Marca D'agua Jornal Do Meio Dia (65)' \/><\/a><\/div>\n<p data-start=\"383\" data-end=\"783\">Gimenez atua na \u00e1rea de venda de ve\u00edculos desde 2014 e, em 2015, entrou para a FIAT como vendedor de seminovos. Agora, \u00e0 frente da equipe, sua meta como novo gerente do grupo n\u00e3o se resume apenas \u00e0 produ\u00e7\u00e3o, mas tamb\u00e9m a contribuir com o crescimento da cidade. Ele destacou que seu prop\u00f3sito \u00e9 unir for\u00e7as, fortalecer o trabalho em equipe e oferecer as melhores condi\u00e7\u00f5es e satisfa\u00e7\u00e3o aos clientes.<\/p>\n<div class='flex flex-wrap items-center -mx-1'>\r\n<a class='thumbnail gallery p-1 w-1\/2 md:w-1\/4' href='https:\/\/radiolifefm.com.br\/noticias\/wp-content\/uploads\/2025\/03\/Marca-dagua-Jornal-do-Meio-Dia-64.jpg'><img class='border border-white' src='https:\/\/radiolifefm.com.br\/noticias\/wp-content\/uploads\/2025\/03\/Marca-dagua-Jornal-do-Meio-Dia-64-200x200.jpg' alt='Marca D'agua Jornal Do Meio Dia (64)' \/><\/a><a class='thumbnail gallery p-1 w-1\/2 md:w-1\/4' href='https:\/\/radiolifefm.com.br\/noticias\/wp-content\/uploads\/2025\/03\/Marca-dagua-Jornal-do-Meio-Dia-67.jpg'><img class='border border-white' src='https:\/\/radiolifefm.com.br\/noticias\/wp-content\/uploads\/2025\/03\/Marca-dagua-Jornal-do-Meio-Dia-67-200x200.jpg' alt='Marca D'agua Jornal Do Meio Dia (67)' \/><\/a><a class='thumbnail gallery p-1 w-1\/2 md:w-1\/4' href='https:\/\/radiolifefm.com.br\/noticias\/wp-content\/uploads\/2025\/03\/Marca-dagua-Jornal-do-Meio-Dia-69.jpg'><img class='border border-white' src='https:\/\/radiolifefm.com.br\/noticias\/wp-content\/uploads\/2025\/03\/Marca-dagua-Jornal-do-Meio-Dia-69-200x200.jpg' alt='Marca D'agua Jornal Do Meio Dia (69)' \/><\/a><\/div>\n<h3 data-start=\"785\" data-end=\"810\">T\u00f3picos destacados:<\/h3>\n<p data-start=\"811\" data-end=\"898\">\u2714 <strong data-start=\"813\" data-end=\"837\">Desafios enfrentados<\/strong><br data-start=\"837\" data-end=\"840\" \/>\u2714 <strong data-start=\"842\" data-end=\"866\">Diferenciais da FIAT<\/strong><br data-start=\"866\" data-end=\"869\" \/>\u2714 <strong data-start=\"871\" data-end=\"896\">Vantagens imperd\u00edveis<\/strong><\/p>\n<div class='flex flex-wrap items-center -mx-1'>\r\n<a class='thumbnail gallery p-1 w-1\/2 md:w-1\/4' href='https:\/\/radiolifefm.com.br\/noticias\/wp-content\/uploads\/2025\/03\/Marca-dagua-Jornal-do-Meio-Dia-70.jpg'><img class='border border-white' src='https:\/\/radiolifefm.com.br\/noticias\/wp-content\/uploads\/2025\/03\/Marca-dagua-Jornal-do-Meio-Dia-70-200x200.jpg' alt='Marca D'agua Jornal Do Meio Dia (70)' \/><\/a><a class='thumbnail gallery p-1 w-1\/2 md:w-1\/4' href='https:\/\/radiolifefm.com.br\/noticias\/wp-content\/uploads\/2025\/03\/Marca-dagua-Jornal-do-Meio-Dia-71.jpg'><img class='border border-white' src='https:\/\/radiolifefm.com.br\/noticias\/wp-content\/uploads\/2025\/03\/Marca-dagua-Jornal-do-Meio-Dia-71-200x200.jpg' alt='Marca D'agua Jornal Do Meio Dia (71)' \/><\/a><a class='thumbnail gallery p-1 w-1\/2 md:w-1\/4' href='https:\/\/radiolifefm.com.br\/noticias\/wp-content\/uploads\/2025\/03\/Marca-dagua-Jornal-do-Meio-Dia-72.jpg'><img class='border border-white' src='https:\/\/radiolifefm.com.br\/noticias\/wp-content\/uploads\/2025\/03\/Marca-dagua-Jornal-do-Meio-Dia-72-200x200.jpg' alt='Marca D'agua Jornal Do Meio Dia (72)' \/><\/a><\/div>\n<p data-start=\"900\" data-end=\"957\">[Acesse o link abaixo e confira a entrevista completa.<\/p>\n<p><a href=\"https:\/\/www.youtube.com\/watch?v=fDrtpa8ts_0&amp;t=3s\">https:\/\/www.youtube.com\/watch?v=fDrtpa8ts_0&amp;t=3s<\/a><\/p>\n","protected":false},"excerpt":{"rendered":"<p>A FIAT Alpavel est\u00e1 sob a nova ger\u00eancia de Rodrigo Gimenez, que assumiu o grupo de Adamantina em fevereiro. Durante entrevista no Jornal do Meio-Dia, na tarde de segunda-feira (17) de mar\u00e7o, Rodrigo compartilhou sua trajet\u00f3ria e os desafios j\u00e1 enfrentados. Gimenez atua na \u00e1rea de venda de ve\u00edculos desde 2014 e, em 2015, entrou [&hellip;]<\/p>\n","protected":false},"author":8,"featured_media":98828,"comment_status":"closed","ping_status":"open","sticky":false,"template":"","format":"standard","meta":{"_acf_changed":false,"_exactmetrics_skip_tracking":false,"_exactmetrics_sitenote_active":false,"_exactmetrics_sitenote_note":"","_exactmetrics_sitenote_category":0,"footnotes":""},"categories":[2],"tags":[],"class_list":["post-98827","post","type-post","status-publish","format-standard","has-post-thumbnail","hentry","category-jornal-do-meio-dia"],"acf":[],"yoast_head":"<!-- This site is optimized with the Yoast SEO plugin v27.2 - https:\/\/yoast.com\/product\/yoast-seo-wordpress\/ -->\n<title>FIAT Alpavel de Adamantina est\u00e1 sob nova ger\u00eancia - R\u00e1dio Life FM<\/title>\n<meta name=\"robots\" content=\"index, follow, max-snippet:-1, max-image-preview:large, max-video-preview:-1\" \/>\n<link rel=\"canonical\" href=\"https:\/\/radiolifefm.com.br\/noticias\/fiat-alpavel-de-adamantina-esta-sob-nova-gerencia\/\" \/>\n<meta property=\"og:locale\" content=\"pt_BR\" \/>\n<meta property=\"og:type\" content=\"article\" \/>\n<meta property=\"og:title\" content=\"FIAT Alpavel de Adamantina est\u00e1 sob nova ger\u00eancia - R\u00e1dio Life FM\" \/>\n<meta property=\"og:description\" content=\"A FIAT Alpavel est\u00e1 sob a nova ger\u00eancia de Rodrigo Gimenez, que assumiu o grupo de Adamantina em fevereiro. Durante entrevista no Jornal do Meio-Dia, na tarde de segunda-feira (17) de mar\u00e7o, Rodrigo compartilhou sua trajet\u00f3ria e os desafios j\u00e1 enfrentados. Gimenez atua na \u00e1rea de venda de ve\u00edculos desde 2014 e, em 2015, entrou [&hellip;]\" \/>\n<meta property=\"og:url\" content=\"https:\/\/radiolifefm.com.br\/noticias\/fiat-alpavel-de-adamantina-esta-sob-nova-gerencia\/\" \/>\n<meta property=\"og:site_name\" content=\"R\u00e1dio Life FM\" \/>\n<meta property=\"article:publisher\" content=\"https:\/\/www.facebook.com\/radiolifefm\/\" \/>\n<meta property=\"article:published_time\" content=\"2025-03-18T17:54:14+00:00\" \/>\n<meta property=\"article:modified_time\" content=\"2026-04-27T17:15:24+00:00\" \/>\n<meta property=\"og:image\" content=\"https:\/\/radiolifefm.com.br\/noticias\/wp-content\/uploads\/2025\/03\/Marca-dagua-Jornal-do-Meio-Dia-63-e1742320501271.jpg\" \/>\n\t<meta property=\"og:image:width\" content=\"1080\" \/>\n\t<meta property=\"og:image:height\" content=\"688\" \/>\n\t<meta property=\"og:image:type\" content=\"image\/jpeg\" \/>\n<meta name=\"author\" content=\"joaograndao\" \/>\n<meta name=\"twitter:card\" content=\"summary_large_image\" \/>\n<meta name=\"twitter:label1\" content=\"Escrito por\" \/>\n\t<meta name=\"twitter:data1\" content=\"joaograndao\" \/>\n\t<meta name=\"twitter:label2\" content=\"Est. tempo de leitura\" \/>\n\t<meta name=\"twitter:data2\" content=\"1 minuto\" \/>\n<script type=\"application\/ld+json\" class=\"yoast-schema-graph\">{\"@context\":\"https:\/\/schema.org\",\"@graph\":[{\"@type\":\"Article\",\"@id\":\"https:\/\/radiolifefm.com.br\/noticias\/fiat-alpavel-de-adamantina-esta-sob-nova-gerencia\/#article\",\"isPartOf\":{\"@id\":\"https:\/\/radiolifefm.com.br\/noticias\/fiat-alpavel-de-adamantina-esta-sob-nova-gerencia\/\"},\"author\":{\"name\":\"joaograndao\",\"@id\":\"https:\/\/radiolifefm.com.br\/noticias\/#\/schema\/person\/6876e1240feffe6e1b63fd5cb85abf28\"},\"headline\":\"FIAT Alpavel de Adamantina est\u00e1 sob nova ger\u00eancia\",\"datePublished\":\"2025-03-18T17:54:14+00:00\",\"dateModified\":\"2026-04-27T17:15:24+00:00\",\"mainEntityOfPage\":{\"@id\":\"https:\/\/radiolifefm.com.br\/noticias\/fiat-alpavel-de-adamantina-esta-sob-nova-gerencia\/\"},\"wordCount\":162,\"publisher\":{\"@id\":\"https:\/\/radiolifefm.com.br\/noticias\/#organization\"},\"image\":{\"@id\":\"https:\/\/radiolifefm.com.br\/noticias\/fiat-alpavel-de-adamantina-esta-sob-nova-gerencia\/#primaryimage\"},\"thumbnailUrl\":\"https:\/\/radiolifefm.com.br\/noticias\/wp-content\/uploads\/2025\/03\/Marca-dagua-Jornal-do-Meio-Dia-63-e1742320501271.jpg\",\"articleSection\":[\"Jornal das 12h\"],\"inLanguage\":\"pt-BR\"},{\"@type\":\"WebPage\",\"@id\":\"https:\/\/radiolifefm.com.br\/noticias\/fiat-alpavel-de-adamantina-esta-sob-nova-gerencia\/\",\"url\":\"https:\/\/radiolifefm.com.br\/noticias\/fiat-alpavel-de-adamantina-esta-sob-nova-gerencia\/\",\"name\":\"FIAT Alpavel de Adamantina est\u00e1 sob nova ger\u00eancia - R\u00e1dio Life FM\",\"isPartOf\":{\"@id\":\"https:\/\/radiolifefm.com.br\/noticias\/#website\"},\"primaryImageOfPage\":{\"@id\":\"https:\/\/radiolifefm.com.br\/noticias\/fiat-alpavel-de-adamantina-esta-sob-nova-gerencia\/#primaryimage\"},\"image\":{\"@id\":\"https:\/\/radiolifefm.com.br\/noticias\/fiat-alpavel-de-adamantina-esta-sob-nova-gerencia\/#primaryimage\"},\"thumbnailUrl\":\"https:\/\/radiolifefm.com.br\/noticias\/wp-content\/uploads\/2025\/03\/Marca-dagua-Jornal-do-Meio-Dia-63-e1742320501271.jpg\",\"datePublished\":\"2025-03-18T17:54:14+00:00\",\"dateModified\":\"2026-04-27T17:15:24+00:00\",\"breadcrumb\":{\"@id\":\"https:\/\/radiolifefm.com.br\/noticias\/fiat-alpavel-de-adamantina-esta-sob-nova-gerencia\/#breadcrumb\"},\"inLanguage\":\"pt-BR\",\"potentialAction\":[{\"@type\":\"ReadAction\",\"target\":[\"https:\/\/radiolifefm.com.br\/noticias\/fiat-alpavel-de-adamantina-esta-sob-nova-gerencia\/\"]}]},{\"@type\":\"ImageObject\",\"inLanguage\":\"pt-BR\",\"@id\":\"https:\/\/radiolifefm.com.br\/noticias\/fiat-alpavel-de-adamantina-esta-sob-nova-gerencia\/#primaryimage\",\"url\":\"https:\/\/radiolifefm.com.br\/noticias\/wp-content\/uploads\/2025\/03\/Marca-dagua-Jornal-do-Meio-Dia-63-e1742320501271.jpg\",\"contentUrl\":\"https:\/\/radiolifefm.com.br\/noticias\/wp-content\/uploads\/2025\/03\/Marca-dagua-Jornal-do-Meio-Dia-63-e1742320501271.jpg\",\"width\":1080,\"height\":688},{\"@type\":\"BreadcrumbList\",\"@id\":\"https:\/\/radiolifefm.com.br\/noticias\/fiat-alpavel-de-adamantina-esta-sob-nova-gerencia\/#breadcrumb\",\"itemListElement\":[{\"@type\":\"ListItem\",\"position\":1,\"name\":\"In\u00edcio\",\"item\":\"https:\/\/radiolifefm.com.br\/noticias\/\"},{\"@type\":\"ListItem\",\"position\":2,\"name\":\"FIAT Alpavel de Adamantina est\u00e1 sob nova ger\u00eancia\"}]},{\"@type\":\"WebSite\",\"@id\":\"https:\/\/radiolifefm.com.br\/noticias\/#website\",\"url\":\"https:\/\/radiolifefm.com.br\/noticias\/\",\"name\":\"R\u00e1dio Life FM\",\"description\":\"O Portal de Not\u00edcias de Adamantina\",\"publisher\":{\"@id\":\"https:\/\/radiolifefm.com.br\/noticias\/#organization\"},\"alternateName\":\"Life FM\",\"potentialAction\":[{\"@type\":\"SearchAction\",\"target\":{\"@type\":\"EntryPoint\",\"urlTemplate\":\"https:\/\/radiolifefm.com.br\/noticias\/?s={search_term_string}\"},\"query-input\":{\"@type\":\"PropertyValueSpecification\",\"valueRequired\":true,\"valueName\":\"search_term_string\"}}],\"inLanguage\":\"pt-BR\"},{\"@type\":\"Organization\",\"@id\":\"https:\/\/radiolifefm.com.br\/noticias\/#organization\",\"name\":\"R\u00e1dio Life FM\",\"alternateName\":\"Life FM\",\"url\":\"https:\/\/radiolifefm.com.br\/noticias\/\",\"logo\":{\"@type\":\"ImageObject\",\"inLanguage\":\"pt-BR\",\"@id\":\"https:\/\/radiolifefm.com.br\/noticias\/#\/schema\/logo\/image\/\",\"url\":\"https:\/\/static.radiolifefm.com.br\/noticias\/wp-content\/uploads\/2019\/10\/logo-lifefm.png\",\"contentUrl\":\"https:\/\/static.radiolifefm.com.br\/noticias\/wp-content\/uploads\/2019\/10\/logo-lifefm.png\",\"width\":196,\"height\":47,\"caption\":\"R\u00e1dio Life FM\"},\"image\":{\"@id\":\"https:\/\/radiolifefm.com.br\/noticias\/#\/schema\/logo\/image\/\"},\"sameAs\":[\"https:\/\/www.facebook.com\/radiolifefm\/\",\"https:\/\/www.instagram.com\/life1079fm\/\"]},{\"@type\":\"Person\",\"@id\":\"https:\/\/radiolifefm.com.br\/noticias\/#\/schema\/person\/6876e1240feffe6e1b63fd5cb85abf28\",\"name\":\"joaograndao\",\"image\":{\"@type\":\"ImageObject\",\"inLanguage\":\"pt-BR\",\"@id\":\"https:\/\/secure.gravatar.com\/avatar\/d5b1a3cf357ed9c50404e256a1294083aa8ab5d2a994001567302786016cb32c?s=96&d=mm&r=g\",\"url\":\"https:\/\/secure.gravatar.com\/avatar\/d5b1a3cf357ed9c50404e256a1294083aa8ab5d2a994001567302786016cb32c?s=96&d=mm&r=g\",\"contentUrl\":\"https:\/\/secure.gravatar.com\/avatar\/d5b1a3cf357ed9c50404e256a1294083aa8ab5d2a994001567302786016cb32c?s=96&d=mm&r=g\",\"caption\":\"joaograndao\"}}]}<\/script>\n<!-- \/ Yoast SEO plugin. -->","yoast_head_json":{"title":"FIAT Alpavel de Adamantina est\u00e1 sob nova ger\u00eancia - R\u00e1dio Life FM","robots":{"index":"index","follow":"follow","max-snippet":"max-snippet:-1","max-image-preview":"max-image-preview:large","max-video-preview":"max-video-preview:-1"},"canonical":"https:\/\/radiolifefm.com.br\/noticias\/fiat-alpavel-de-adamantina-esta-sob-nova-gerencia\/","og_locale":"pt_BR","og_type":"article","og_title":"FIAT Alpavel de Adamantina est\u00e1 sob nova ger\u00eancia - R\u00e1dio Life FM","og_description":"A FIAT Alpavel est\u00e1 sob a nova ger\u00eancia de Rodrigo Gimenez, que assumiu o grupo de Adamantina em fevereiro. Durante entrevista no Jornal do Meio-Dia, na tarde de segunda-feira (17) de mar\u00e7o, Rodrigo compartilhou sua trajet\u00f3ria e os desafios j\u00e1 enfrentados. Gimenez atua na \u00e1rea de venda de ve\u00edculos desde 2014 e, em 2015, entrou [&hellip;]","og_url":"https:\/\/radiolifefm.com.br\/noticias\/fiat-alpavel-de-adamantina-esta-sob-nova-gerencia\/","og_site_name":"R\u00e1dio Life FM","article_publisher":"https:\/\/www.facebook.com\/radiolifefm\/","article_published_time":"2025-03-18T17:54:14+00:00","article_modified_time":"2026-04-27T17:15:24+00:00","og_image":[{"width":1080,"height":688,"url":"https:\/\/radiolifefm.com.br\/noticias\/wp-content\/uploads\/2025\/03\/Marca-dagua-Jornal-do-Meio-Dia-63-e1742320501271.jpg","type":"image\/jpeg"}],"author":"joaograndao","twitter_card":"summary_large_image","twitter_misc":{"Escrito por":"joaograndao","Est. tempo de leitura":"1 minuto"},"schema":{"@context":"https:\/\/schema.org","@graph":[{"@type":"Article","@id":"https:\/\/radiolifefm.com.br\/noticias\/fiat-alpavel-de-adamantina-esta-sob-nova-gerencia\/#article","isPartOf":{"@id":"https:\/\/radiolifefm.com.br\/noticias\/fiat-alpavel-de-adamantina-esta-sob-nova-gerencia\/"},"author":{"name":"joaograndao","@id":"https:\/\/radiolifefm.com.br\/noticias\/#\/schema\/person\/6876e1240feffe6e1b63fd5cb85abf28"},"headline":"FIAT Alpavel de Adamantina est\u00e1 sob nova ger\u00eancia","datePublished":"2025-03-18T17:54:14+00:00","dateModified":"2026-04-27T17:15:24+00:00","mainEntityOfPage":{"@id":"https:\/\/radiolifefm.com.br\/noticias\/fiat-alpavel-de-adamantina-esta-sob-nova-gerencia\/"},"wordCount":162,"publisher":{"@id":"https:\/\/radiolifefm.com.br\/noticias\/#organization"},"image":{"@id":"https:\/\/radiolifefm.com.br\/noticias\/fiat-alpavel-de-adamantina-esta-sob-nova-gerencia\/#primaryimage"},"thumbnailUrl":"https:\/\/radiolifefm.com.br\/noticias\/wp-content\/uploads\/2025\/03\/Marca-dagua-Jornal-do-Meio-Dia-63-e1742320501271.jpg","articleSection":["Jornal das 12h"],"inLanguage":"pt-BR"},{"@type":"WebPage","@id":"https:\/\/radiolifefm.com.br\/noticias\/fiat-alpavel-de-adamantina-esta-sob-nova-gerencia\/","url":"https:\/\/radiolifefm.com.br\/noticias\/fiat-alpavel-de-adamantina-esta-sob-nova-gerencia\/","name":"FIAT Alpavel de Adamantina est\u00e1 sob nova ger\u00eancia - R\u00e1dio Life FM","isPartOf":{"@id":"https:\/\/radiolifefm.com.br\/noticias\/#website"},"primaryImageOfPage":{"@id":"https:\/\/radiolifefm.com.br\/noticias\/fiat-alpavel-de-adamantina-esta-sob-nova-gerencia\/#primaryimage"},"image":{"@id":"https:\/\/radiolifefm.com.br\/noticias\/fiat-alpavel-de-adamantina-esta-sob-nova-gerencia\/#primaryimage"},"thumbnailUrl":"https:\/\/radiolifefm.com.br\/noticias\/wp-content\/uploads\/2025\/03\/Marca-dagua-Jornal-do-Meio-Dia-63-e1742320501271.jpg","datePublished":"2025-03-18T17:54:14+00:00","dateModified":"2026-04-27T17:15:24+00:00","breadcrumb":{"@id":"https:\/\/radiolifefm.com.br\/noticias\/fiat-alpavel-de-adamantina-esta-sob-nova-gerencia\/#breadcrumb"},"inLanguage":"pt-BR","potentialAction":[{"@type":"ReadAction","target":["https:\/\/radiolifefm.com.br\/noticias\/fiat-alpavel-de-adamantina-esta-sob-nova-gerencia\/"]}]},{"@type":"ImageObject","inLanguage":"pt-BR","@id":"https:\/\/radiolifefm.com.br\/noticias\/fiat-alpavel-de-adamantina-esta-sob-nova-gerencia\/#primaryimage","url":"https:\/\/radiolifefm.com.br\/noticias\/wp-content\/uploads\/2025\/03\/Marca-dagua-Jornal-do-Meio-Dia-63-e1742320501271.jpg","contentUrl":"https:\/\/radiolifefm.com.br\/noticias\/wp-content\/uploads\/2025\/03\/Marca-dagua-Jornal-do-Meio-Dia-63-e1742320501271.jpg","width":1080,"height":688},{"@type":"BreadcrumbList","@id":"https:\/\/radiolifefm.com.br\/noticias\/fiat-alpavel-de-adamantina-esta-sob-nova-gerencia\/#breadcrumb","itemListElement":[{"@type":"ListItem","position":1,"name":"In\u00edcio","item":"https:\/\/radiolifefm.com.br\/noticias\/"},{"@type":"ListItem","position":2,"name":"FIAT Alpavel de Adamantina est\u00e1 sob nova ger\u00eancia"}]},{"@type":"WebSite","@id":"https:\/\/radiolifefm.com.br\/noticias\/#website","url":"https:\/\/radiolifefm.com.br\/noticias\/","name":"R\u00e1dio Life FM","description":"O Portal de Not\u00edcias de Adamantina","publisher":{"@id":"https:\/\/radiolifefm.com.br\/noticias\/#organization"},"alternateName":"Life FM","potentialAction":[{"@type":"SearchAction","target":{"@type":"EntryPoint","urlTemplate":"https:\/\/radiolifefm.com.br\/noticias\/?s={search_term_string}"},"query-input":{"@type":"PropertyValueSpecification","valueRequired":true,"valueName":"search_term_string"}}],"inLanguage":"pt-BR"},{"@type":"Organization","@id":"https:\/\/radiolifefm.com.br\/noticias\/#organization","name":"R\u00e1dio Life FM","alternateName":"Life FM","url":"https:\/\/radiolifefm.com.br\/noticias\/","logo":{"@type":"ImageObject","inLanguage":"pt-BR","@id":"https:\/\/radiolifefm.com.br\/noticias\/#\/schema\/logo\/image\/","url":"https:\/\/static.radiolifefm.com.br\/noticias\/wp-content\/uploads\/2019\/10\/logo-lifefm.png","contentUrl":"https:\/\/static.radiolifefm.com.br\/noticias\/wp-content\/uploads\/2019\/10\/logo-lifefm.png","width":196,"height":47,"caption":"R\u00e1dio Life FM"},"image":{"@id":"https:\/\/radiolifefm.com.br\/noticias\/#\/schema\/logo\/image\/"},"sameAs":["https:\/\/www.facebook.com\/radiolifefm\/","https:\/\/www.instagram.com\/life1079fm\/"]},{"@type":"Person","@id":"https:\/\/radiolifefm.com.br\/noticias\/#\/schema\/person\/6876e1240feffe6e1b63fd5cb85abf28","name":"joaograndao","image":{"@type":"ImageObject","inLanguage":"pt-BR","@id":"https:\/\/secure.gravatar.com\/avatar\/d5b1a3cf357ed9c50404e256a1294083aa8ab5d2a994001567302786016cb32c?s=96&d=mm&r=g","url":"https:\/\/secure.gravatar.com\/avatar\/d5b1a3cf357ed9c50404e256a1294083aa8ab5d2a994001567302786016cb32c?s=96&d=mm&r=g","contentUrl":"https:\/\/secure.gravatar.com\/avatar\/d5b1a3cf357ed9c50404e256a1294083aa8ab5d2a994001567302786016cb32c?s=96&d=mm&r=g","caption":"joaograndao"}}]}},"amp_enabled":true,"_links":{"self":[{"href":"https:\/\/radiolifefm.com.br\/noticias\/wp-json\/wp\/v2\/posts\/98827","targetHints":{"allow":["GET"]}}],"collection":[{"href":"https:\/\/radiolifefm.com.br\/noticias\/wp-json\/wp\/v2\/posts"}],"about":[{"href":"https:\/\/radiolifefm.com.br\/noticias\/wp-json\/wp\/v2\/types\/post"}],"author":[{"embeddable":true,"href":"https:\/\/radiolifefm.com.br\/noticias\/wp-json\/wp\/v2\/users\/8"}],"replies":[{"embeddable":true,"href":"https:\/\/radiolifefm.com.br\/noticias\/wp-json\/wp\/v2\/comments?post=98827"}],"version-history":[{"count":2,"href":"https:\/\/radiolifefm.com.br\/noticias\/wp-json\/wp\/v2\/posts\/98827\/revisions"}],"predecessor-version":[{"id":98850,"href":"https:\/\/radiolifefm.com.br\/noticias\/wp-json\/wp\/v2\/posts\/98827\/revisions\/98850"}],"wp:featuredmedia":[{"embeddable":true,"href":"https:\/\/radiolifefm.com.br\/noticias\/wp-json\/wp\/v2\/media\/98828"}],"wp:attachment":[{"href":"https:\/\/radiolifefm.com.br\/noticias\/wp-json\/wp\/v2\/media?parent=98827"}],"wp:term":[{"taxonomy":"category","embeddable":true,"href":"https:\/\/radiolifefm.com.br\/noticias\/wp-json\/wp\/v2\/categories?post=98827"},{"taxonomy":"post_tag","embeddable":true,"href":"https:\/\/radiolifefm.com.br\/noticias\/wp-json\/wp\/v2\/tags?post=98827"}],"curies":[{"name":"wp","href":"https:\/\/api.w.org\/{rel}","templated":true}]}}