{"id":98742,"date":"2025-03-17T13:31:27","date_gmt":"2025-03-17T16:31:27","guid":{"rendered":"https:\/\/radiolifefm.com.br\/noticias\/?p=98742"},"modified":"2026-04-06T17:58:43","modified_gmt":"2026-04-06T20:58:43","slug":"atletas-de-adamantina-se-destacam-em-avaliacao-do-santos-fc","status":"publish","type":"post","link":"https:\/\/radiolifefm.com.br\/noticias\/atletas-de-adamantina-se-destacam-em-avaliacao-do-santos-fc\/","title":{"rendered":"Atletas de Adamantina se destacam em avalia\u00e7\u00e3o do Santos FC"},"content":{"rendered":"<div id=\"fb-root\"><\/div>\n<div class='flex flex-wrap items-center -mx-1'>\r\n<a class='thumbnail gallery p-1 w-1\/2 md:w-1\/4' href='https:\/\/radiolifefm.com.br\/noticias\/wp-content\/uploads\/2025\/03\/WhatsApp-Image-2025-03-17-at-11.51.10.jpeg'><img class='border border-white' src='https:\/\/radiolifefm.com.br\/noticias\/wp-content\/uploads\/2025\/03\/WhatsApp-Image-2025-03-17-at-11.51.10-200x200.jpeg' alt='WhatsApp Image 2025 03 17 At 11.51.10' \/><\/a><a class='thumbnail gallery p-1 w-1\/2 md:w-1\/4' href='https:\/\/radiolifefm.com.br\/noticias\/wp-content\/uploads\/2025\/03\/WhatsApp-Image-2025-03-17-at-11.51.09.jpeg'><img class='border border-white' src='https:\/\/radiolifefm.com.br\/noticias\/wp-content\/uploads\/2025\/03\/WhatsApp-Image-2025-03-17-at-11.51.09-200x200.jpeg' alt='WhatsApp Image 2025 03 17 At 11.51.09' \/><\/a><\/div>\n<p>Na segunda-feira (17\/03), a R\u00e1dio Life FM recebeu Luiz Alexandre Hagui, Secret\u00e1rio de Esporte de Adamantina, e Balu, observador t\u00e9cnico do Santos FC, para falar sobre a avalia\u00e7\u00e3o realizada no domingo (16\/03). O evento contou com 308 crian\u00e7as e adolescentes, que participaram de 14 jogos sob a observa\u00e7\u00e3o criteriosa de Balu.<\/p>\n<div class='flex flex-wrap items-center -mx-1'>\r\n<a class='thumbnail gallery p-1 w-1\/2 md:w-1\/4' href='https:\/\/radiolifefm.com.br\/noticias\/wp-content\/uploads\/2025\/03\/WhatsApp-Image-2025-03-17-at-11.50.42.jpeg'><img class='border border-white' src='https:\/\/radiolifefm.com.br\/noticias\/wp-content\/uploads\/2025\/03\/WhatsApp-Image-2025-03-17-at-11.50.42-200x200.jpeg' alt='WhatsApp Image 2025 03 17 At 11.50.42' \/><\/a><a class='thumbnail gallery p-1 w-1\/2 md:w-1\/4' href='https:\/\/radiolifefm.com.br\/noticias\/wp-content\/uploads\/2025\/03\/WhatsApp-Image-2025-03-17-at-11.51.09-1.jpeg'><img class='border border-white' src='https:\/\/radiolifefm.com.br\/noticias\/wp-content\/uploads\/2025\/03\/WhatsApp-Image-2025-03-17-at-11.51.09-1-200x200.jpeg' alt='WhatsApp Image 2025 03 17 At 11.51.09 (1)' \/><\/a><\/div>\n<p>Entre os seis jovens talentos selecionados, dois se destacam em especial por representarem a cidade de Adamantina:<\/p>\n<ul data-spread=\"false\">\n<li>Luiz Miguel Ferreira, de 9 anos.<\/li>\n<li>Miguel Marine Freire Fernandes, de 11 anos.<\/li>\n<\/ul>\n<p>Os demais jovens escolhidos, representando outras cidades da regi\u00e3o, foram:<\/p>\n<ul data-spread=\"false\">\n<li>Noah Augusto Nascimento (Ara\u00e7atuba) &#8211; 9 anos (2016)<\/li>\n<li>Bernardo Henrique dos Santos Fran\u00e7a (Pacaembu) &#8211; 11 anos (2014)<\/li>\n<li>Michel Oliveira Pires (Bastos) &#8211; 15 anos (2010)<\/li>\n<li>Arthur Cesar Pimenta (Presidente Prudente) &#8211; 9 anos (2016)<div class='flex flex-wrap items-center -mx-1'>\r\n<a class='thumbnail gallery p-1 w-1\/2 md:w-1\/4' href='https:\/\/radiolifefm.com.br\/noticias\/wp-content\/uploads\/2025\/03\/WhatsApp-Image-2025-03-17-at-11.50.15-e1742229216361.jpeg'><img class='border border-white' src='https:\/\/radiolifefm.com.br\/noticias\/wp-content\/uploads\/2025\/03\/WhatsApp-Image-2025-03-17-at-11.50.15-e1742229216361-200x200.jpeg' alt='WhatsApp Image 2025 03 17 At 11.50.15' \/><\/a><a class='thumbnail gallery p-1 w-1\/2 md:w-1\/4' href='https:\/\/radiolifefm.com.br\/noticias\/wp-content\/uploads\/2025\/03\/WhatsApp-Image-2025-03-17-at-11.51.52.jpeg'><img class='border border-white' src='https:\/\/radiolifefm.com.br\/noticias\/wp-content\/uploads\/2025\/03\/WhatsApp-Image-2025-03-17-at-11.51.52-200x200.jpeg' alt='WhatsApp Image 2025 03 17 At 11.51.52' \/><\/a><a class='thumbnail gallery p-1 w-1\/2 md:w-1\/4' href='https:\/\/radiolifefm.com.br\/noticias\/wp-content\/uploads\/2025\/03\/WhatsApp-Image-2025-03-17-at-11.50.13.jpeg'><img class='border border-white' src='https:\/\/radiolifefm.com.br\/noticias\/wp-content\/uploads\/2025\/03\/WhatsApp-Image-2025-03-17-at-11.50.13-200x200.jpeg' alt='WhatsApp Image 2025 03 17 At 11.50.13' \/><\/a><a class='thumbnail gallery p-1 w-1\/2 md:w-1\/4' href='https:\/\/radiolifefm.com.br\/noticias\/wp-content\/uploads\/2025\/03\/WhatsApp-Image-2025-03-17-at-11.50.11.jpeg'><img class='border border-white' src='https:\/\/radiolifefm.com.br\/noticias\/wp-content\/uploads\/2025\/03\/WhatsApp-Image-2025-03-17-at-11.50.11-200x200.jpeg' alt='WhatsApp Image 2025 03 17 At 11.50.11' \/><\/a><a class='thumbnail gallery p-1 w-1\/2 md:w-1\/4' href='https:\/\/radiolifefm.com.br\/noticias\/wp-content\/uploads\/2025\/03\/WhatsApp-Image-2025-03-17-at-11.50.09.jpeg'><img class='border border-white' src='https:\/\/radiolifefm.com.br\/noticias\/wp-content\/uploads\/2025\/03\/WhatsApp-Image-2025-03-17-at-11.50.09-200x200.jpeg' alt='WhatsApp Image 2025 03 17 At 11.50.09' \/><\/a><a class='thumbnail gallery p-1 w-1\/2 md:w-1\/4' href='https:\/\/radiolifefm.com.br\/noticias\/wp-content\/uploads\/2025\/03\/WhatsApp-Image-2025-03-17-at-11.50.07.jpeg'><img class='border border-white' src='https:\/\/radiolifefm.com.br\/noticias\/wp-content\/uploads\/2025\/03\/WhatsApp-Image-2025-03-17-at-11.50.07-200x200.jpeg' alt='WhatsApp Image 2025 03 17 At 11.50.07' \/><\/a><a class='thumbnail gallery p-1 w-1\/2 md:w-1\/4' href='https:\/\/radiolifefm.com.br\/noticias\/wp-content\/uploads\/2025\/03\/WhatsApp-Image-2025-03-17-at-11.21.38.jpeg'><img class='border border-white' src='https:\/\/radiolifefm.com.br\/noticias\/wp-content\/uploads\/2025\/03\/WhatsApp-Image-2025-03-17-at-11.21.38-200x200.jpeg' alt='WhatsApp Image 2025 03 17 At 11.21.38' \/><\/a><\/div><\/li>\n<\/ul>\n<p>O an\u00fancio oficial dos seis nomes pr\u00e9-selecionados foi feito em primeira m\u00e3o durante uma entrevista exclusiva concedida \u00e0 jornalista L\u00facia Prado na R\u00e1dio Life FM. Durante a manh\u00e3 de segunda-feira, Luiz Miguel Ferreira e Miguel Marine Freire Fernandes estiveram na emissora acompanhados de seus pais, onde foram fotografados, dividiram suas expectativas e emocionaram a audi\u00eancia com relatos sobre essa grande oportunidade.<\/p>\n<div class='flex flex-wrap items-center -mx-1'>\r\n<a class='thumbnail gallery p-1 w-1\/2 md:w-1\/4' href='https:\/\/radiolifefm.com.br\/noticias\/wp-content\/uploads\/2025\/03\/WhatsApp-Image-2025-03-17-at-11.50.42-1.jpeg'><img class='border border-white' src='https:\/\/radiolifefm.com.br\/noticias\/wp-content\/uploads\/2025\/03\/WhatsApp-Image-2025-03-17-at-11.50.42-1-200x200.jpeg' alt='WhatsApp Image 2025 03 17 At 11.50.42 (1)' \/><\/a><a class='thumbnail gallery p-1 w-1\/2 md:w-1\/4' href='https:\/\/radiolifefm.com.br\/noticias\/wp-content\/uploads\/2025\/03\/WhatsApp-Image-2025-03-17-at-11.51.48-1.jpeg'><img class='border border-white' src='https:\/\/radiolifefm.com.br\/noticias\/wp-content\/uploads\/2025\/03\/WhatsApp-Image-2025-03-17-at-11.51.48-1-200x200.jpeg' alt='WhatsApp Image 2025 03 17 At 11.51.48 (1)' \/><\/a><\/div>\n<p>O sucesso do evento foi fruto de uma organiza\u00e7\u00e3o impec\u00e1vel liderada pela Secretaria de Esporte de Adamantina, que demonstrou um compromisso exemplar ao promover a avalia\u00e7\u00e3o em parceria com o Santos FC. Desde a coordena\u00e7\u00e3o log\u00edstica at\u00e9 o acolhimento dos participantes e observadores, o evento destacou-se como um marco na busca por novos talentos no interior do estado.<\/p>\n<p>Esse momento \u00e9 carregado de significado, n\u00e3o apenas para os jovens selecionados, mas tamb\u00e9m para suas fam\u00edlias, que veem seus sonhos se aproximando de uma realidade concreta. A pr\u00f3xima etapa ser\u00e1 a ida dos atletas ao CT Rei Pel\u00e9, em Santos, onde seguir\u00e3o para novas avalia\u00e7\u00f5es e ter\u00e3o a chance de se integrar \u00e0s categorias de base de um dos clubes mais tradicionais e renomados do Brasil.<\/p>\n<div class='flex flex-wrap items-center -mx-1'>\r\n<a class='thumbnail gallery p-1 w-1\/2 md:w-1\/4' href='https:\/\/radiolifefm.com.br\/noticias\/wp-content\/uploads\/2025\/03\/WhatsApp-Image-2025-03-17-at-11.51.46.jpeg'><img class='border border-white' src='https:\/\/radiolifefm.com.br\/noticias\/wp-content\/uploads\/2025\/03\/WhatsApp-Image-2025-03-17-at-11.51.46-200x200.jpeg' alt='WhatsApp Image 2025 03 17 At 11.51.46' \/><\/a><a class='thumbnail gallery p-1 w-1\/2 md:w-1\/4' href='https:\/\/radiolifefm.com.br\/noticias\/wp-content\/uploads\/2025\/03\/WhatsApp-Image-2025-03-17-at-11.51.48.jpeg'><img class='border border-white' src='https:\/\/radiolifefm.com.br\/noticias\/wp-content\/uploads\/2025\/03\/WhatsApp-Image-2025-03-17-at-11.51.48-200x200.jpeg' alt='WhatsApp Image 2025 03 17 At 11.51.48' \/><\/a><a class='thumbnail gallery p-1 w-1\/2 md:w-1\/4' href='https:\/\/radiolifefm.com.br\/noticias\/wp-content\/uploads\/2025\/03\/WhatsApp-Image-2025-03-17-at-11.51.42-e1742228569421.jpeg'><img class='border border-white' src='https:\/\/radiolifefm.com.br\/noticias\/wp-content\/uploads\/2025\/03\/WhatsApp-Image-2025-03-17-at-11.51.42-e1742228569421-200x200.jpeg' alt='WhatsApp Image 2025 03 17 At 11.51.42' \/><\/a><\/div>\n<p>&nbsp;<\/p>\n<p>Com dedica\u00e7\u00e3o e apoio, este \u00e9 apenas o in\u00edcio de uma jornada que promete transformar o futuro desses jovens e de suas fam\u00edlias.<\/p>\n","protected":false},"excerpt":{"rendered":"<p>Na segunda-feira (17\/03), a R\u00e1dio Life FM recebeu Luiz Alexandre Hagui, Secret\u00e1rio de Esporte de Adamantina, e Balu, observador t\u00e9cnico do Santos FC, para falar sobre a avalia\u00e7\u00e3o realizada no domingo (16\/03). O evento contou com 308 crian\u00e7as e adolescentes, que participaram de 14 jogos sob a observa\u00e7\u00e3o criteriosa de Balu. Entre os seis jovens [&hellip;]<\/p>\n","protected":false},"author":8,"featured_media":98752,"comment_status":"closed","ping_status":"open","sticky":false,"template":"","format":"standard","meta":{"_acf_changed":false,"_exactmetrics_skip_tracking":false,"_exactmetrics_sitenote_active":false,"_exactmetrics_sitenote_note":"","_exactmetrics_sitenote_category":0,"footnotes":""},"categories":[1],"tags":[],"class_list":["post-98742","post","type-post","status-publish","format-standard","has-post-thumbnail","hentry","category-geral"],"acf":[],"yoast_head":"<!-- This site is optimized with the Yoast SEO plugin v27.2 - https:\/\/yoast.com\/product\/yoast-seo-wordpress\/ -->\n<title>Atletas de Adamantina se destacam em avalia\u00e7\u00e3o do Santos FC - R\u00e1dio Life FM<\/title>\n<meta name=\"robots\" content=\"index, follow, max-snippet:-1, max-image-preview:large, max-video-preview:-1\" \/>\n<link rel=\"canonical\" href=\"https:\/\/radiolifefm.com.br\/noticias\/atletas-de-adamantina-se-destacam-em-avaliacao-do-santos-fc\/\" \/>\n<meta property=\"og:locale\" content=\"pt_BR\" \/>\n<meta property=\"og:type\" content=\"article\" \/>\n<meta property=\"og:title\" content=\"Atletas de Adamantina se destacam em avalia\u00e7\u00e3o do Santos FC - R\u00e1dio Life FM\" \/>\n<meta property=\"og:description\" content=\"Na segunda-feira (17\/03), a R\u00e1dio Life FM recebeu Luiz Alexandre Hagui, Secret\u00e1rio de Esporte de Adamantina, e Balu, observador t\u00e9cnico do Santos FC, para falar sobre a avalia\u00e7\u00e3o realizada no domingo (16\/03). O evento contou com 308 crian\u00e7as e adolescentes, que participaram de 14 jogos sob a observa\u00e7\u00e3o criteriosa de Balu. Entre os seis jovens [&hellip;]\" \/>\n<meta property=\"og:url\" content=\"https:\/\/radiolifefm.com.br\/noticias\/atletas-de-adamantina-se-destacam-em-avaliacao-do-santos-fc\/\" \/>\n<meta property=\"og:site_name\" content=\"R\u00e1dio Life FM\" \/>\n<meta property=\"article:publisher\" content=\"https:\/\/www.facebook.com\/radiolifefm\/\" \/>\n<meta property=\"article:published_time\" content=\"2025-03-17T16:31:27+00:00\" \/>\n<meta property=\"article:modified_time\" content=\"2026-04-06T20:58:43+00:00\" \/>\n<meta property=\"og:image\" content=\"https:\/\/radiolifefm.com.br\/noticias\/wp-content\/uploads\/2025\/03\/WhatsApp-Image-2025-03-17-at-11.50.11.jpeg\" \/>\n\t<meta property=\"og:image:width\" content=\"1600\" \/>\n\t<meta property=\"og:image:height\" content=\"1200\" \/>\n\t<meta property=\"og:image:type\" content=\"image\/jpeg\" \/>\n<meta name=\"author\" content=\"joaograndao\" \/>\n<meta name=\"twitter:card\" content=\"summary_large_image\" \/>\n<meta name=\"twitter:label1\" content=\"Escrito por\" \/>\n\t<meta name=\"twitter:data1\" content=\"joaograndao\" \/>\n\t<meta name=\"twitter:label2\" content=\"Est. tempo de leitura\" \/>\n\t<meta name=\"twitter:data2\" content=\"3 minutos\" \/>\n<script type=\"application\/ld+json\" class=\"yoast-schema-graph\">{\"@context\":\"https:\/\/schema.org\",\"@graph\":[{\"@type\":\"Article\",\"@id\":\"https:\/\/radiolifefm.com.br\/noticias\/atletas-de-adamantina-se-destacam-em-avaliacao-do-santos-fc\/#article\",\"isPartOf\":{\"@id\":\"https:\/\/radiolifefm.com.br\/noticias\/atletas-de-adamantina-se-destacam-em-avaliacao-do-santos-fc\/\"},\"author\":{\"name\":\"joaograndao\",\"@id\":\"https:\/\/radiolifefm.com.br\/noticias\/#\/schema\/person\/6876e1240feffe6e1b63fd5cb85abf28\"},\"headline\":\"Atletas de Adamantina se destacam em avalia\u00e7\u00e3o do Santos FC\",\"datePublished\":\"2025-03-17T16:31:27+00:00\",\"dateModified\":\"2026-04-06T20:58:43+00:00\",\"mainEntityOfPage\":{\"@id\":\"https:\/\/radiolifefm.com.br\/noticias\/atletas-de-adamantina-se-destacam-em-avaliacao-do-santos-fc\/\"},\"wordCount\":371,\"publisher\":{\"@id\":\"https:\/\/radiolifefm.com.br\/noticias\/#organization\"},\"image\":{\"@id\":\"https:\/\/radiolifefm.com.br\/noticias\/atletas-de-adamantina-se-destacam-em-avaliacao-do-santos-fc\/#primaryimage\"},\"thumbnailUrl\":\"https:\/\/radiolifefm.com.br\/noticias\/wp-content\/uploads\/2025\/03\/WhatsApp-Image-2025-03-17-at-11.50.11.jpeg\",\"articleSection\":[\"Geral\"],\"inLanguage\":\"pt-BR\"},{\"@type\":\"WebPage\",\"@id\":\"https:\/\/radiolifefm.com.br\/noticias\/atletas-de-adamantina-se-destacam-em-avaliacao-do-santos-fc\/\",\"url\":\"https:\/\/radiolifefm.com.br\/noticias\/atletas-de-adamantina-se-destacam-em-avaliacao-do-santos-fc\/\",\"name\":\"Atletas de Adamantina se destacam em avalia\u00e7\u00e3o do Santos FC - R\u00e1dio Life FM\",\"isPartOf\":{\"@id\":\"https:\/\/radiolifefm.com.br\/noticias\/#website\"},\"primaryImageOfPage\":{\"@id\":\"https:\/\/radiolifefm.com.br\/noticias\/atletas-de-adamantina-se-destacam-em-avaliacao-do-santos-fc\/#primaryimage\"},\"image\":{\"@id\":\"https:\/\/radiolifefm.com.br\/noticias\/atletas-de-adamantina-se-destacam-em-avaliacao-do-santos-fc\/#primaryimage\"},\"thumbnailUrl\":\"https:\/\/radiolifefm.com.br\/noticias\/wp-content\/uploads\/2025\/03\/WhatsApp-Image-2025-03-17-at-11.50.11.jpeg\",\"datePublished\":\"2025-03-17T16:31:27+00:00\",\"dateModified\":\"2026-04-06T20:58:43+00:00\",\"breadcrumb\":{\"@id\":\"https:\/\/radiolifefm.com.br\/noticias\/atletas-de-adamantina-se-destacam-em-avaliacao-do-santos-fc\/#breadcrumb\"},\"inLanguage\":\"pt-BR\",\"potentialAction\":[{\"@type\":\"ReadAction\",\"target\":[\"https:\/\/radiolifefm.com.br\/noticias\/atletas-de-adamantina-se-destacam-em-avaliacao-do-santos-fc\/\"]}]},{\"@type\":\"ImageObject\",\"inLanguage\":\"pt-BR\",\"@id\":\"https:\/\/radiolifefm.com.br\/noticias\/atletas-de-adamantina-se-destacam-em-avaliacao-do-santos-fc\/#primaryimage\",\"url\":\"https:\/\/radiolifefm.com.br\/noticias\/wp-content\/uploads\/2025\/03\/WhatsApp-Image-2025-03-17-at-11.50.11.jpeg\",\"contentUrl\":\"https:\/\/radiolifefm.com.br\/noticias\/wp-content\/uploads\/2025\/03\/WhatsApp-Image-2025-03-17-at-11.50.11.jpeg\",\"width\":1600,\"height\":1200},{\"@type\":\"BreadcrumbList\",\"@id\":\"https:\/\/radiolifefm.com.br\/noticias\/atletas-de-adamantina-se-destacam-em-avaliacao-do-santos-fc\/#breadcrumb\",\"itemListElement\":[{\"@type\":\"ListItem\",\"position\":1,\"name\":\"In\u00edcio\",\"item\":\"https:\/\/radiolifefm.com.br\/noticias\/\"},{\"@type\":\"ListItem\",\"position\":2,\"name\":\"Atletas de Adamantina se destacam em avalia\u00e7\u00e3o do Santos FC\"}]},{\"@type\":\"WebSite\",\"@id\":\"https:\/\/radiolifefm.com.br\/noticias\/#website\",\"url\":\"https:\/\/radiolifefm.com.br\/noticias\/\",\"name\":\"R\u00e1dio Life FM\",\"description\":\"O Portal de Not\u00edcias de Adamantina\",\"publisher\":{\"@id\":\"https:\/\/radiolifefm.com.br\/noticias\/#organization\"},\"alternateName\":\"Life FM\",\"potentialAction\":[{\"@type\":\"SearchAction\",\"target\":{\"@type\":\"EntryPoint\",\"urlTemplate\":\"https:\/\/radiolifefm.com.br\/noticias\/?s={search_term_string}\"},\"query-input\":{\"@type\":\"PropertyValueSpecification\",\"valueRequired\":true,\"valueName\":\"search_term_string\"}}],\"inLanguage\":\"pt-BR\"},{\"@type\":\"Organization\",\"@id\":\"https:\/\/radiolifefm.com.br\/noticias\/#organization\",\"name\":\"R\u00e1dio Life FM\",\"alternateName\":\"Life FM\",\"url\":\"https:\/\/radiolifefm.com.br\/noticias\/\",\"logo\":{\"@type\":\"ImageObject\",\"inLanguage\":\"pt-BR\",\"@id\":\"https:\/\/radiolifefm.com.br\/noticias\/#\/schema\/logo\/image\/\",\"url\":\"https:\/\/static.radiolifefm.com.br\/noticias\/wp-content\/uploads\/2019\/10\/logo-lifefm.png\",\"contentUrl\":\"https:\/\/static.radiolifefm.com.br\/noticias\/wp-content\/uploads\/2019\/10\/logo-lifefm.png\",\"width\":196,\"height\":47,\"caption\":\"R\u00e1dio Life FM\"},\"image\":{\"@id\":\"https:\/\/radiolifefm.com.br\/noticias\/#\/schema\/logo\/image\/\"},\"sameAs\":[\"https:\/\/www.facebook.com\/radiolifefm\/\",\"https:\/\/www.instagram.com\/life1079fm\/\"]},{\"@type\":\"Person\",\"@id\":\"https:\/\/radiolifefm.com.br\/noticias\/#\/schema\/person\/6876e1240feffe6e1b63fd5cb85abf28\",\"name\":\"joaograndao\",\"image\":{\"@type\":\"ImageObject\",\"inLanguage\":\"pt-BR\",\"@id\":\"https:\/\/secure.gravatar.com\/avatar\/d5b1a3cf357ed9c50404e256a1294083aa8ab5d2a994001567302786016cb32c?s=96&d=mm&r=g\",\"url\":\"https:\/\/secure.gravatar.com\/avatar\/d5b1a3cf357ed9c50404e256a1294083aa8ab5d2a994001567302786016cb32c?s=96&d=mm&r=g\",\"contentUrl\":\"https:\/\/secure.gravatar.com\/avatar\/d5b1a3cf357ed9c50404e256a1294083aa8ab5d2a994001567302786016cb32c?s=96&d=mm&r=g\",\"caption\":\"joaograndao\"}}]}<\/script>\n<!-- \/ Yoast SEO plugin. -->","yoast_head_json":{"title":"Atletas de Adamantina se destacam em avalia\u00e7\u00e3o do Santos FC - R\u00e1dio Life FM","robots":{"index":"index","follow":"follow","max-snippet":"max-snippet:-1","max-image-preview":"max-image-preview:large","max-video-preview":"max-video-preview:-1"},"canonical":"https:\/\/radiolifefm.com.br\/noticias\/atletas-de-adamantina-se-destacam-em-avaliacao-do-santos-fc\/","og_locale":"pt_BR","og_type":"article","og_title":"Atletas de Adamantina se destacam em avalia\u00e7\u00e3o do Santos FC - R\u00e1dio Life FM","og_description":"Na segunda-feira (17\/03), a R\u00e1dio Life FM recebeu Luiz Alexandre Hagui, Secret\u00e1rio de Esporte de Adamantina, e Balu, observador t\u00e9cnico do Santos FC, para falar sobre a avalia\u00e7\u00e3o realizada no domingo (16\/03). O evento contou com 308 crian\u00e7as e adolescentes, que participaram de 14 jogos sob a observa\u00e7\u00e3o criteriosa de Balu. Entre os seis jovens [&hellip;]","og_url":"https:\/\/radiolifefm.com.br\/noticias\/atletas-de-adamantina-se-destacam-em-avaliacao-do-santos-fc\/","og_site_name":"R\u00e1dio Life FM","article_publisher":"https:\/\/www.facebook.com\/radiolifefm\/","article_published_time":"2025-03-17T16:31:27+00:00","article_modified_time":"2026-04-06T20:58:43+00:00","og_image":[{"width":1600,"height":1200,"url":"https:\/\/radiolifefm.com.br\/noticias\/wp-content\/uploads\/2025\/03\/WhatsApp-Image-2025-03-17-at-11.50.11.jpeg","type":"image\/jpeg"}],"author":"joaograndao","twitter_card":"summary_large_image","twitter_misc":{"Escrito por":"joaograndao","Est. tempo de leitura":"3 minutos"},"schema":{"@context":"https:\/\/schema.org","@graph":[{"@type":"Article","@id":"https:\/\/radiolifefm.com.br\/noticias\/atletas-de-adamantina-se-destacam-em-avaliacao-do-santos-fc\/#article","isPartOf":{"@id":"https:\/\/radiolifefm.com.br\/noticias\/atletas-de-adamantina-se-destacam-em-avaliacao-do-santos-fc\/"},"author":{"name":"joaograndao","@id":"https:\/\/radiolifefm.com.br\/noticias\/#\/schema\/person\/6876e1240feffe6e1b63fd5cb85abf28"},"headline":"Atletas de Adamantina se destacam em avalia\u00e7\u00e3o do Santos FC","datePublished":"2025-03-17T16:31:27+00:00","dateModified":"2026-04-06T20:58:43+00:00","mainEntityOfPage":{"@id":"https:\/\/radiolifefm.com.br\/noticias\/atletas-de-adamantina-se-destacam-em-avaliacao-do-santos-fc\/"},"wordCount":371,"publisher":{"@id":"https:\/\/radiolifefm.com.br\/noticias\/#organization"},"image":{"@id":"https:\/\/radiolifefm.com.br\/noticias\/atletas-de-adamantina-se-destacam-em-avaliacao-do-santos-fc\/#primaryimage"},"thumbnailUrl":"https:\/\/radiolifefm.com.br\/noticias\/wp-content\/uploads\/2025\/03\/WhatsApp-Image-2025-03-17-at-11.50.11.jpeg","articleSection":["Geral"],"inLanguage":"pt-BR"},{"@type":"WebPage","@id":"https:\/\/radiolifefm.com.br\/noticias\/atletas-de-adamantina-se-destacam-em-avaliacao-do-santos-fc\/","url":"https:\/\/radiolifefm.com.br\/noticias\/atletas-de-adamantina-se-destacam-em-avaliacao-do-santos-fc\/","name":"Atletas de Adamantina se destacam em avalia\u00e7\u00e3o do Santos FC - R\u00e1dio Life FM","isPartOf":{"@id":"https:\/\/radiolifefm.com.br\/noticias\/#website"},"primaryImageOfPage":{"@id":"https:\/\/radiolifefm.com.br\/noticias\/atletas-de-adamantina-se-destacam-em-avaliacao-do-santos-fc\/#primaryimage"},"image":{"@id":"https:\/\/radiolifefm.com.br\/noticias\/atletas-de-adamantina-se-destacam-em-avaliacao-do-santos-fc\/#primaryimage"},"thumbnailUrl":"https:\/\/radiolifefm.com.br\/noticias\/wp-content\/uploads\/2025\/03\/WhatsApp-Image-2025-03-17-at-11.50.11.jpeg","datePublished":"2025-03-17T16:31:27+00:00","dateModified":"2026-04-06T20:58:43+00:00","breadcrumb":{"@id":"https:\/\/radiolifefm.com.br\/noticias\/atletas-de-adamantina-se-destacam-em-avaliacao-do-santos-fc\/#breadcrumb"},"inLanguage":"pt-BR","potentialAction":[{"@type":"ReadAction","target":["https:\/\/radiolifefm.com.br\/noticias\/atletas-de-adamantina-se-destacam-em-avaliacao-do-santos-fc\/"]}]},{"@type":"ImageObject","inLanguage":"pt-BR","@id":"https:\/\/radiolifefm.com.br\/noticias\/atletas-de-adamantina-se-destacam-em-avaliacao-do-santos-fc\/#primaryimage","url":"https:\/\/radiolifefm.com.br\/noticias\/wp-content\/uploads\/2025\/03\/WhatsApp-Image-2025-03-17-at-11.50.11.jpeg","contentUrl":"https:\/\/radiolifefm.com.br\/noticias\/wp-content\/uploads\/2025\/03\/WhatsApp-Image-2025-03-17-at-11.50.11.jpeg","width":1600,"height":1200},{"@type":"BreadcrumbList","@id":"https:\/\/radiolifefm.com.br\/noticias\/atletas-de-adamantina-se-destacam-em-avaliacao-do-santos-fc\/#breadcrumb","itemListElement":[{"@type":"ListItem","position":1,"name":"In\u00edcio","item":"https:\/\/radiolifefm.com.br\/noticias\/"},{"@type":"ListItem","position":2,"name":"Atletas de Adamantina se destacam em avalia\u00e7\u00e3o do Santos FC"}]},{"@type":"WebSite","@id":"https:\/\/radiolifefm.com.br\/noticias\/#website","url":"https:\/\/radiolifefm.com.br\/noticias\/","name":"R\u00e1dio Life FM","description":"O Portal de Not\u00edcias de Adamantina","publisher":{"@id":"https:\/\/radiolifefm.com.br\/noticias\/#organization"},"alternateName":"Life FM","potentialAction":[{"@type":"SearchAction","target":{"@type":"EntryPoint","urlTemplate":"https:\/\/radiolifefm.com.br\/noticias\/?s={search_term_string}"},"query-input":{"@type":"PropertyValueSpecification","valueRequired":true,"valueName":"search_term_string"}}],"inLanguage":"pt-BR"},{"@type":"Organization","@id":"https:\/\/radiolifefm.com.br\/noticias\/#organization","name":"R\u00e1dio Life FM","alternateName":"Life FM","url":"https:\/\/radiolifefm.com.br\/noticias\/","logo":{"@type":"ImageObject","inLanguage":"pt-BR","@id":"https:\/\/radiolifefm.com.br\/noticias\/#\/schema\/logo\/image\/","url":"https:\/\/static.radiolifefm.com.br\/noticias\/wp-content\/uploads\/2019\/10\/logo-lifefm.png","contentUrl":"https:\/\/static.radiolifefm.com.br\/noticias\/wp-content\/uploads\/2019\/10\/logo-lifefm.png","width":196,"height":47,"caption":"R\u00e1dio Life FM"},"image":{"@id":"https:\/\/radiolifefm.com.br\/noticias\/#\/schema\/logo\/image\/"},"sameAs":["https:\/\/www.facebook.com\/radiolifefm\/","https:\/\/www.instagram.com\/life1079fm\/"]},{"@type":"Person","@id":"https:\/\/radiolifefm.com.br\/noticias\/#\/schema\/person\/6876e1240feffe6e1b63fd5cb85abf28","name":"joaograndao","image":{"@type":"ImageObject","inLanguage":"pt-BR","@id":"https:\/\/secure.gravatar.com\/avatar\/d5b1a3cf357ed9c50404e256a1294083aa8ab5d2a994001567302786016cb32c?s=96&d=mm&r=g","url":"https:\/\/secure.gravatar.com\/avatar\/d5b1a3cf357ed9c50404e256a1294083aa8ab5d2a994001567302786016cb32c?s=96&d=mm&r=g","contentUrl":"https:\/\/secure.gravatar.com\/avatar\/d5b1a3cf357ed9c50404e256a1294083aa8ab5d2a994001567302786016cb32c?s=96&d=mm&r=g","caption":"joaograndao"}}]}},"amp_enabled":true,"_links":{"self":[{"href":"https:\/\/radiolifefm.com.br\/noticias\/wp-json\/wp\/v2\/posts\/98742","targetHints":{"allow":["GET"]}}],"collection":[{"href":"https:\/\/radiolifefm.com.br\/noticias\/wp-json\/wp\/v2\/posts"}],"about":[{"href":"https:\/\/radiolifefm.com.br\/noticias\/wp-json\/wp\/v2\/types\/post"}],"author":[{"embeddable":true,"href":"https:\/\/radiolifefm.com.br\/noticias\/wp-json\/wp\/v2\/users\/8"}],"replies":[{"embeddable":true,"href":"https:\/\/radiolifefm.com.br\/noticias\/wp-json\/wp\/v2\/comments?post=98742"}],"version-history":[{"count":2,"href":"https:\/\/radiolifefm.com.br\/noticias\/wp-json\/wp\/v2\/posts\/98742\/revisions"}],"predecessor-version":[{"id":98762,"href":"https:\/\/radiolifefm.com.br\/noticias\/wp-json\/wp\/v2\/posts\/98742\/revisions\/98762"}],"wp:featuredmedia":[{"embeddable":true,"href":"https:\/\/radiolifefm.com.br\/noticias\/wp-json\/wp\/v2\/media\/98752"}],"wp:attachment":[{"href":"https:\/\/radiolifefm.com.br\/noticias\/wp-json\/wp\/v2\/media?parent=98742"}],"wp:term":[{"taxonomy":"category","embeddable":true,"href":"https:\/\/radiolifefm.com.br\/noticias\/wp-json\/wp\/v2\/categories?post=98742"},{"taxonomy":"post_tag","embeddable":true,"href":"https:\/\/radiolifefm.com.br\/noticias\/wp-json\/wp\/v2\/tags?post=98742"}],"curies":[{"name":"wp","href":"https:\/\/api.w.org\/{rel}","templated":true}]}}