{"id":98733,"date":"2025-03-17T08:25:03","date_gmt":"2025-03-17T11:25:03","guid":{"rendered":"https:\/\/radiolifefm.com.br\/noticias\/?p=98733"},"modified":"2026-04-18T12:15:27","modified_gmt":"2026-04-18T15:15:27","slug":"provincia-administracao-publica-e-pos-globalizacao-organizacional","status":"publish","type":"post","link":"https:\/\/radiolifefm.com.br\/noticias\/provincia-administracao-publica-e-pos-globalizacao-organizacional\/","title":{"rendered":"Prov\u00edncia, Administra\u00e7\u00e3o P\u00fablica e P\u00f3s-Globaliza\u00e7\u00e3o Organizacional&#8230;"},"content":{"rendered":"<div id=\"fb-root\"><\/div>\n<p><em>\u00a0<\/em><\/p>\n<p><em>\u201cN\u00e3o \u00e9 poss\u00edvel viver feliz sem ser s\u00e1bio, honesto e justo, nem ser s\u00e1bio, honesto e justo sem ser feliz. Quem esteja privado de uma dessas coisas, como, por exemplo, da sabedoria, n\u00e3o pode viver feliz, ainda que seja honesto e justo\u201d.<\/em><\/p>\n<p><em>(Epicuro- M\u00e1ximas Fundamentais V)<\/em><\/p>\n<p><em>\u00a0<\/em><\/p>\n<p><strong><em>By seb@r.<\/em><\/strong><\/p>\n<p>&nbsp;<\/p>\n<p>&nbsp;<\/p>\n<p>N\u00e3o se pode deixar de lado nestes tempos obscuros da economia como um todo, a preocupa\u00e7\u00e3o de sempre, ou seja, quando aborda-se um tema mais do que pol\u00eamico nos dias de hoje- a discuss\u00e3o sobre tem\u00e1ticas relacionadas com a administra\u00e7\u00e3o p\u00fablica nas esferas dos poderes municipal, estadual e federal&#8230;<\/p>\n<p>A preocupa\u00e7\u00e3o existe em todas as \u00e1reas denominadas \u201cp\u00fablicas\u201d, tendo em vista que tal palavra significa &#8220;tornar p\u00fablica alguma coisa&#8221;, ao mesmo tempo, \u00e9 preciso saber levar adiante as discuss\u00f5es sobre o tema proposto, assim sendo, faz-se necess\u00e1rio estar em sintonia com as mudan\u00e7as que est\u00e3o ocorrendo em termos de propostas concretas para a \u00e1rea em debate&#8230;<\/p>\n<p>A Regi\u00e3o da \u201cNova\u201d Alta Paulista ocupa um lugar de destaque no cen\u00e1rio estadual atualmente, desta forma, urge estar sintonizado com o novo tempo por meio da p\u00f3s-globaliza\u00e7\u00e3o organizacional em n\u00edvel GLOCAL, ou seja, do GLOBAL para o LOCAL&#8230;<\/p>\n<p>Neste contexto GLOCAL, portanto, a Regi\u00e3o denominada de \u201cNova\u201d Alta Paulista pode dar a contribui\u00e7\u00e3o da melhor forma poss\u00edvel, ainda, oferecendo para as regi\u00f5es administrativas, bem como, munic\u00edpios do estado de S\u00e3o Paulo, novas propostas de administra\u00e7\u00e3o municipal, tendo em vista, as necessidades do contexto p\u00fablico, tamb\u00e9m, em n\u00edvel federal..<\/p>\n<p>O desenvolvimento regional \u00e9 um tema que merece respeito e considera\u00e7\u00e3o por parte daqueles que acreditam no potencial da regi\u00e3o, assim, as propostas devem assimilar da melhor forma poss\u00edvel, caracter\u00edsticas local e regional, fortalecendo o pensamento coletivo da comunidade por meio de a\u00e7\u00f5es concretas, qualificadas e seletivas&#8230;<\/p>\n<p>QUEM SOBREVIVER VAI SABER&#8230;<\/p>\n<p><strong><em>______________________________________<\/em><\/strong><\/p>\n<p><strong><em>e-mail: barbosa.sebar@gmail.com<\/em><\/strong><\/p>\n","protected":false},"excerpt":{"rendered":"<p>\u00a0 \u201cN\u00e3o \u00e9 poss\u00edvel viver feliz sem ser s\u00e1bio, honesto e justo, nem ser s\u00e1bio, honesto e justo sem ser feliz. Quem esteja privado de uma dessas coisas, como, por exemplo, da sabedoria, n\u00e3o pode viver feliz, ainda que seja honesto e justo\u201d. (Epicuro- M\u00e1ximas Fundamentais V) \u00a0 By seb@r. &nbsp; &nbsp; N\u00e3o se pode [&hellip;]<\/p>\n","protected":false},"author":13,"featured_media":51988,"comment_status":"closed","ping_status":"open","sticky":false,"template":"","format":"standard","meta":{"_acf_changed":false,"_exactmetrics_skip_tracking":false,"_exactmetrics_sitenote_active":false,"_exactmetrics_sitenote_note":"","_exactmetrics_sitenote_category":0,"footnotes":""},"categories":[59],"tags":[],"class_list":["post-98733","post","type-post","status-publish","format-standard","has-post-thumbnail","hentry","category-opiniao"],"acf":[],"yoast_head":"<!-- This site is optimized with the Yoast SEO plugin v27.2 - https:\/\/yoast.com\/product\/yoast-seo-wordpress\/ -->\n<title>Prov\u00edncia, Administra\u00e7\u00e3o P\u00fablica e P\u00f3s-Globaliza\u00e7\u00e3o Organizacional... - R\u00e1dio Life FM<\/title>\n<meta name=\"robots\" content=\"index, follow, max-snippet:-1, max-image-preview:large, max-video-preview:-1\" \/>\n<link rel=\"canonical\" href=\"https:\/\/radiolifefm.com.br\/noticias\/provincia-administracao-publica-e-pos-globalizacao-organizacional\/\" \/>\n<meta property=\"og:locale\" content=\"pt_BR\" \/>\n<meta property=\"og:type\" content=\"article\" \/>\n<meta property=\"og:title\" content=\"Prov\u00edncia, Administra\u00e7\u00e3o P\u00fablica e P\u00f3s-Globaliza\u00e7\u00e3o Organizacional... - R\u00e1dio Life FM\" \/>\n<meta property=\"og:description\" content=\"\u00a0 \u201cN\u00e3o \u00e9 poss\u00edvel viver feliz sem ser s\u00e1bio, honesto e justo, nem ser s\u00e1bio, honesto e justo sem ser feliz. Quem esteja privado de uma dessas coisas, como, por exemplo, da sabedoria, n\u00e3o pode viver feliz, ainda que seja honesto e justo\u201d. (Epicuro- M\u00e1ximas Fundamentais V) \u00a0 By seb@r. &nbsp; &nbsp; N\u00e3o se pode [&hellip;]\" \/>\n<meta property=\"og:url\" content=\"https:\/\/radiolifefm.com.br\/noticias\/provincia-administracao-publica-e-pos-globalizacao-organizacional\/\" \/>\n<meta property=\"og:site_name\" content=\"R\u00e1dio Life FM\" \/>\n<meta property=\"article:publisher\" content=\"https:\/\/www.facebook.com\/radiolifefm\/\" \/>\n<meta property=\"article:published_time\" content=\"2025-03-17T11:25:03+00:00\" \/>\n<meta property=\"article:modified_time\" content=\"2026-04-18T15:15:27+00:00\" \/>\n<meta property=\"og:image\" content=\"https:\/\/radiolifefm.com.br\/noticias\/wp-content\/uploads\/2022\/04\/WhatsApp-Image-2022-04-10-at-18.43.02.jpeg\" \/>\n\t<meta property=\"og:image:width\" content=\"972\" \/>\n\t<meta property=\"og:image:height\" content=\"1296\" \/>\n\t<meta property=\"og:image:type\" content=\"image\/jpeg\" \/>\n<meta name=\"author\" content=\"ritanery\" \/>\n<meta name=\"twitter:card\" content=\"summary_large_image\" \/>\n<meta name=\"twitter:label1\" content=\"Escrito por\" \/>\n\t<meta name=\"twitter:data1\" content=\"ritanery\" \/>\n\t<meta name=\"twitter:label2\" content=\"Est. tempo de leitura\" \/>\n\t<meta name=\"twitter:data2\" content=\"2 minutos\" \/>\n<script type=\"application\/ld+json\" class=\"yoast-schema-graph\">{\"@context\":\"https:\/\/schema.org\",\"@graph\":[{\"@type\":\"Article\",\"@id\":\"https:\/\/radiolifefm.com.br\/noticias\/provincia-administracao-publica-e-pos-globalizacao-organizacional\/#article\",\"isPartOf\":{\"@id\":\"https:\/\/radiolifefm.com.br\/noticias\/provincia-administracao-publica-e-pos-globalizacao-organizacional\/\"},\"author\":{\"name\":\"ritanery\",\"@id\":\"https:\/\/radiolifefm.com.br\/noticias\/#\/schema\/person\/6339b9fac59d12b071dec680d7375d87\"},\"headline\":\"Prov\u00edncia, Administra\u00e7\u00e3o P\u00fablica e P\u00f3s-Globaliza\u00e7\u00e3o Organizacional&#8230;\",\"datePublished\":\"2025-03-17T11:25:03+00:00\",\"dateModified\":\"2026-04-18T15:15:27+00:00\",\"mainEntityOfPage\":{\"@id\":\"https:\/\/radiolifefm.com.br\/noticias\/provincia-administracao-publica-e-pos-globalizacao-organizacional\/\"},\"wordCount\":350,\"publisher\":{\"@id\":\"https:\/\/radiolifefm.com.br\/noticias\/#organization\"},\"image\":{\"@id\":\"https:\/\/radiolifefm.com.br\/noticias\/provincia-administracao-publica-e-pos-globalizacao-organizacional\/#primaryimage\"},\"thumbnailUrl\":\"https:\/\/radiolifefm.com.br\/noticias\/wp-content\/uploads\/2022\/04\/WhatsApp-Image-2022-04-10-at-18.43.02.jpeg\",\"articleSection\":[\"Opini\u00e3o\"],\"inLanguage\":\"pt-BR\"},{\"@type\":\"WebPage\",\"@id\":\"https:\/\/radiolifefm.com.br\/noticias\/provincia-administracao-publica-e-pos-globalizacao-organizacional\/\",\"url\":\"https:\/\/radiolifefm.com.br\/noticias\/provincia-administracao-publica-e-pos-globalizacao-organizacional\/\",\"name\":\"Prov\u00edncia, Administra\u00e7\u00e3o P\u00fablica e P\u00f3s-Globaliza\u00e7\u00e3o Organizacional... - R\u00e1dio Life FM\",\"isPartOf\":{\"@id\":\"https:\/\/radiolifefm.com.br\/noticias\/#website\"},\"primaryImageOfPage\":{\"@id\":\"https:\/\/radiolifefm.com.br\/noticias\/provincia-administracao-publica-e-pos-globalizacao-organizacional\/#primaryimage\"},\"image\":{\"@id\":\"https:\/\/radiolifefm.com.br\/noticias\/provincia-administracao-publica-e-pos-globalizacao-organizacional\/#primaryimage\"},\"thumbnailUrl\":\"https:\/\/radiolifefm.com.br\/noticias\/wp-content\/uploads\/2022\/04\/WhatsApp-Image-2022-04-10-at-18.43.02.jpeg\",\"datePublished\":\"2025-03-17T11:25:03+00:00\",\"dateModified\":\"2026-04-18T15:15:27+00:00\",\"breadcrumb\":{\"@id\":\"https:\/\/radiolifefm.com.br\/noticias\/provincia-administracao-publica-e-pos-globalizacao-organizacional\/#breadcrumb\"},\"inLanguage\":\"pt-BR\",\"potentialAction\":[{\"@type\":\"ReadAction\",\"target\":[\"https:\/\/radiolifefm.com.br\/noticias\/provincia-administracao-publica-e-pos-globalizacao-organizacional\/\"]}]},{\"@type\":\"ImageObject\",\"inLanguage\":\"pt-BR\",\"@id\":\"https:\/\/radiolifefm.com.br\/noticias\/provincia-administracao-publica-e-pos-globalizacao-organizacional\/#primaryimage\",\"url\":\"https:\/\/radiolifefm.com.br\/noticias\/wp-content\/uploads\/2022\/04\/WhatsApp-Image-2022-04-10-at-18.43.02.jpeg\",\"contentUrl\":\"https:\/\/radiolifefm.com.br\/noticias\/wp-content\/uploads\/2022\/04\/WhatsApp-Image-2022-04-10-at-18.43.02.jpeg\",\"width\":972,\"height\":1296,\"caption\":\"S\u00e9rgio Barbosa\"},{\"@type\":\"BreadcrumbList\",\"@id\":\"https:\/\/radiolifefm.com.br\/noticias\/provincia-administracao-publica-e-pos-globalizacao-organizacional\/#breadcrumb\",\"itemListElement\":[{\"@type\":\"ListItem\",\"position\":1,\"name\":\"In\u00edcio\",\"item\":\"https:\/\/radiolifefm.com.br\/noticias\/\"},{\"@type\":\"ListItem\",\"position\":2,\"name\":\"Prov\u00edncia, Administra\u00e7\u00e3o P\u00fablica e P\u00f3s-Globaliza\u00e7\u00e3o Organizacional&#8230;\"}]},{\"@type\":\"WebSite\",\"@id\":\"https:\/\/radiolifefm.com.br\/noticias\/#website\",\"url\":\"https:\/\/radiolifefm.com.br\/noticias\/\",\"name\":\"R\u00e1dio Life FM\",\"description\":\"O Portal de Not\u00edcias de Adamantina\",\"publisher\":{\"@id\":\"https:\/\/radiolifefm.com.br\/noticias\/#organization\"},\"alternateName\":\"Life FM\",\"potentialAction\":[{\"@type\":\"SearchAction\",\"target\":{\"@type\":\"EntryPoint\",\"urlTemplate\":\"https:\/\/radiolifefm.com.br\/noticias\/?s={search_term_string}\"},\"query-input\":{\"@type\":\"PropertyValueSpecification\",\"valueRequired\":true,\"valueName\":\"search_term_string\"}}],\"inLanguage\":\"pt-BR\"},{\"@type\":\"Organization\",\"@id\":\"https:\/\/radiolifefm.com.br\/noticias\/#organization\",\"name\":\"R\u00e1dio Life FM\",\"alternateName\":\"Life FM\",\"url\":\"https:\/\/radiolifefm.com.br\/noticias\/\",\"logo\":{\"@type\":\"ImageObject\",\"inLanguage\":\"pt-BR\",\"@id\":\"https:\/\/radiolifefm.com.br\/noticias\/#\/schema\/logo\/image\/\",\"url\":\"https:\/\/static.radiolifefm.com.br\/noticias\/wp-content\/uploads\/2019\/10\/logo-lifefm.png\",\"contentUrl\":\"https:\/\/static.radiolifefm.com.br\/noticias\/wp-content\/uploads\/2019\/10\/logo-lifefm.png\",\"width\":196,\"height\":47,\"caption\":\"R\u00e1dio Life FM\"},\"image\":{\"@id\":\"https:\/\/radiolifefm.com.br\/noticias\/#\/schema\/logo\/image\/\"},\"sameAs\":[\"https:\/\/www.facebook.com\/radiolifefm\/\",\"https:\/\/www.instagram.com\/life1079fm\/\"]},{\"@type\":\"Person\",\"@id\":\"https:\/\/radiolifefm.com.br\/noticias\/#\/schema\/person\/6339b9fac59d12b071dec680d7375d87\",\"name\":\"ritanery\",\"image\":{\"@type\":\"ImageObject\",\"inLanguage\":\"pt-BR\",\"@id\":\"https:\/\/secure.gravatar.com\/avatar\/0e37bb19071f47c0b8a23f62a903df117c5a0e75f65a0c2901562f97cd41cf86?s=96&d=mm&r=g\",\"url\":\"https:\/\/secure.gravatar.com\/avatar\/0e37bb19071f47c0b8a23f62a903df117c5a0e75f65a0c2901562f97cd41cf86?s=96&d=mm&r=g\",\"contentUrl\":\"https:\/\/secure.gravatar.com\/avatar\/0e37bb19071f47c0b8a23f62a903df117c5a0e75f65a0c2901562f97cd41cf86?s=96&d=mm&r=g\",\"caption\":\"ritanery\"}}]}<\/script>\n<!-- \/ Yoast SEO plugin. -->","yoast_head_json":{"title":"Prov\u00edncia, Administra\u00e7\u00e3o P\u00fablica e P\u00f3s-Globaliza\u00e7\u00e3o Organizacional... - R\u00e1dio Life FM","robots":{"index":"index","follow":"follow","max-snippet":"max-snippet:-1","max-image-preview":"max-image-preview:large","max-video-preview":"max-video-preview:-1"},"canonical":"https:\/\/radiolifefm.com.br\/noticias\/provincia-administracao-publica-e-pos-globalizacao-organizacional\/","og_locale":"pt_BR","og_type":"article","og_title":"Prov\u00edncia, Administra\u00e7\u00e3o P\u00fablica e P\u00f3s-Globaliza\u00e7\u00e3o Organizacional... - R\u00e1dio Life FM","og_description":"\u00a0 \u201cN\u00e3o \u00e9 poss\u00edvel viver feliz sem ser s\u00e1bio, honesto e justo, nem ser s\u00e1bio, honesto e justo sem ser feliz. Quem esteja privado de uma dessas coisas, como, por exemplo, da sabedoria, n\u00e3o pode viver feliz, ainda que seja honesto e justo\u201d. (Epicuro- M\u00e1ximas Fundamentais V) \u00a0 By seb@r. &nbsp; &nbsp; N\u00e3o se pode [&hellip;]","og_url":"https:\/\/radiolifefm.com.br\/noticias\/provincia-administracao-publica-e-pos-globalizacao-organizacional\/","og_site_name":"R\u00e1dio Life FM","article_publisher":"https:\/\/www.facebook.com\/radiolifefm\/","article_published_time":"2025-03-17T11:25:03+00:00","article_modified_time":"2026-04-18T15:15:27+00:00","og_image":[{"width":972,"height":1296,"url":"https:\/\/radiolifefm.com.br\/noticias\/wp-content\/uploads\/2022\/04\/WhatsApp-Image-2022-04-10-at-18.43.02.jpeg","type":"image\/jpeg"}],"author":"ritanery","twitter_card":"summary_large_image","twitter_misc":{"Escrito por":"ritanery","Est. tempo de leitura":"2 minutos"},"schema":{"@context":"https:\/\/schema.org","@graph":[{"@type":"Article","@id":"https:\/\/radiolifefm.com.br\/noticias\/provincia-administracao-publica-e-pos-globalizacao-organizacional\/#article","isPartOf":{"@id":"https:\/\/radiolifefm.com.br\/noticias\/provincia-administracao-publica-e-pos-globalizacao-organizacional\/"},"author":{"name":"ritanery","@id":"https:\/\/radiolifefm.com.br\/noticias\/#\/schema\/person\/6339b9fac59d12b071dec680d7375d87"},"headline":"Prov\u00edncia, Administra\u00e7\u00e3o P\u00fablica e P\u00f3s-Globaliza\u00e7\u00e3o Organizacional&#8230;","datePublished":"2025-03-17T11:25:03+00:00","dateModified":"2026-04-18T15:15:27+00:00","mainEntityOfPage":{"@id":"https:\/\/radiolifefm.com.br\/noticias\/provincia-administracao-publica-e-pos-globalizacao-organizacional\/"},"wordCount":350,"publisher":{"@id":"https:\/\/radiolifefm.com.br\/noticias\/#organization"},"image":{"@id":"https:\/\/radiolifefm.com.br\/noticias\/provincia-administracao-publica-e-pos-globalizacao-organizacional\/#primaryimage"},"thumbnailUrl":"https:\/\/radiolifefm.com.br\/noticias\/wp-content\/uploads\/2022\/04\/WhatsApp-Image-2022-04-10-at-18.43.02.jpeg","articleSection":["Opini\u00e3o"],"inLanguage":"pt-BR"},{"@type":"WebPage","@id":"https:\/\/radiolifefm.com.br\/noticias\/provincia-administracao-publica-e-pos-globalizacao-organizacional\/","url":"https:\/\/radiolifefm.com.br\/noticias\/provincia-administracao-publica-e-pos-globalizacao-organizacional\/","name":"Prov\u00edncia, Administra\u00e7\u00e3o P\u00fablica e P\u00f3s-Globaliza\u00e7\u00e3o Organizacional... - R\u00e1dio Life FM","isPartOf":{"@id":"https:\/\/radiolifefm.com.br\/noticias\/#website"},"primaryImageOfPage":{"@id":"https:\/\/radiolifefm.com.br\/noticias\/provincia-administracao-publica-e-pos-globalizacao-organizacional\/#primaryimage"},"image":{"@id":"https:\/\/radiolifefm.com.br\/noticias\/provincia-administracao-publica-e-pos-globalizacao-organizacional\/#primaryimage"},"thumbnailUrl":"https:\/\/radiolifefm.com.br\/noticias\/wp-content\/uploads\/2022\/04\/WhatsApp-Image-2022-04-10-at-18.43.02.jpeg","datePublished":"2025-03-17T11:25:03+00:00","dateModified":"2026-04-18T15:15:27+00:00","breadcrumb":{"@id":"https:\/\/radiolifefm.com.br\/noticias\/provincia-administracao-publica-e-pos-globalizacao-organizacional\/#breadcrumb"},"inLanguage":"pt-BR","potentialAction":[{"@type":"ReadAction","target":["https:\/\/radiolifefm.com.br\/noticias\/provincia-administracao-publica-e-pos-globalizacao-organizacional\/"]}]},{"@type":"ImageObject","inLanguage":"pt-BR","@id":"https:\/\/radiolifefm.com.br\/noticias\/provincia-administracao-publica-e-pos-globalizacao-organizacional\/#primaryimage","url":"https:\/\/radiolifefm.com.br\/noticias\/wp-content\/uploads\/2022\/04\/WhatsApp-Image-2022-04-10-at-18.43.02.jpeg","contentUrl":"https:\/\/radiolifefm.com.br\/noticias\/wp-content\/uploads\/2022\/04\/WhatsApp-Image-2022-04-10-at-18.43.02.jpeg","width":972,"height":1296,"caption":"S\u00e9rgio Barbosa"},{"@type":"BreadcrumbList","@id":"https:\/\/radiolifefm.com.br\/noticias\/provincia-administracao-publica-e-pos-globalizacao-organizacional\/#breadcrumb","itemListElement":[{"@type":"ListItem","position":1,"name":"In\u00edcio","item":"https:\/\/radiolifefm.com.br\/noticias\/"},{"@type":"ListItem","position":2,"name":"Prov\u00edncia, Administra\u00e7\u00e3o P\u00fablica e P\u00f3s-Globaliza\u00e7\u00e3o Organizacional&#8230;"}]},{"@type":"WebSite","@id":"https:\/\/radiolifefm.com.br\/noticias\/#website","url":"https:\/\/radiolifefm.com.br\/noticias\/","name":"R\u00e1dio Life FM","description":"O Portal de Not\u00edcias de Adamantina","publisher":{"@id":"https:\/\/radiolifefm.com.br\/noticias\/#organization"},"alternateName":"Life FM","potentialAction":[{"@type":"SearchAction","target":{"@type":"EntryPoint","urlTemplate":"https:\/\/radiolifefm.com.br\/noticias\/?s={search_term_string}"},"query-input":{"@type":"PropertyValueSpecification","valueRequired":true,"valueName":"search_term_string"}}],"inLanguage":"pt-BR"},{"@type":"Organization","@id":"https:\/\/radiolifefm.com.br\/noticias\/#organization","name":"R\u00e1dio Life FM","alternateName":"Life FM","url":"https:\/\/radiolifefm.com.br\/noticias\/","logo":{"@type":"ImageObject","inLanguage":"pt-BR","@id":"https:\/\/radiolifefm.com.br\/noticias\/#\/schema\/logo\/image\/","url":"https:\/\/static.radiolifefm.com.br\/noticias\/wp-content\/uploads\/2019\/10\/logo-lifefm.png","contentUrl":"https:\/\/static.radiolifefm.com.br\/noticias\/wp-content\/uploads\/2019\/10\/logo-lifefm.png","width":196,"height":47,"caption":"R\u00e1dio Life FM"},"image":{"@id":"https:\/\/radiolifefm.com.br\/noticias\/#\/schema\/logo\/image\/"},"sameAs":["https:\/\/www.facebook.com\/radiolifefm\/","https:\/\/www.instagram.com\/life1079fm\/"]},{"@type":"Person","@id":"https:\/\/radiolifefm.com.br\/noticias\/#\/schema\/person\/6339b9fac59d12b071dec680d7375d87","name":"ritanery","image":{"@type":"ImageObject","inLanguage":"pt-BR","@id":"https:\/\/secure.gravatar.com\/avatar\/0e37bb19071f47c0b8a23f62a903df117c5a0e75f65a0c2901562f97cd41cf86?s=96&d=mm&r=g","url":"https:\/\/secure.gravatar.com\/avatar\/0e37bb19071f47c0b8a23f62a903df117c5a0e75f65a0c2901562f97cd41cf86?s=96&d=mm&r=g","contentUrl":"https:\/\/secure.gravatar.com\/avatar\/0e37bb19071f47c0b8a23f62a903df117c5a0e75f65a0c2901562f97cd41cf86?s=96&d=mm&r=g","caption":"ritanery"}}]}},"amp_enabled":true,"_links":{"self":[{"href":"https:\/\/radiolifefm.com.br\/noticias\/wp-json\/wp\/v2\/posts\/98733","targetHints":{"allow":["GET"]}}],"collection":[{"href":"https:\/\/radiolifefm.com.br\/noticias\/wp-json\/wp\/v2\/posts"}],"about":[{"href":"https:\/\/radiolifefm.com.br\/noticias\/wp-json\/wp\/v2\/types\/post"}],"author":[{"embeddable":true,"href":"https:\/\/radiolifefm.com.br\/noticias\/wp-json\/wp\/v2\/users\/13"}],"replies":[{"embeddable":true,"href":"https:\/\/radiolifefm.com.br\/noticias\/wp-json\/wp\/v2\/comments?post=98733"}],"version-history":[{"count":1,"href":"https:\/\/radiolifefm.com.br\/noticias\/wp-json\/wp\/v2\/posts\/98733\/revisions"}],"predecessor-version":[{"id":98734,"href":"https:\/\/radiolifefm.com.br\/noticias\/wp-json\/wp\/v2\/posts\/98733\/revisions\/98734"}],"wp:featuredmedia":[{"embeddable":true,"href":"https:\/\/radiolifefm.com.br\/noticias\/wp-json\/wp\/v2\/media\/51988"}],"wp:attachment":[{"href":"https:\/\/radiolifefm.com.br\/noticias\/wp-json\/wp\/v2\/media?parent=98733"}],"wp:term":[{"taxonomy":"category","embeddable":true,"href":"https:\/\/radiolifefm.com.br\/noticias\/wp-json\/wp\/v2\/categories?post=98733"},{"taxonomy":"post_tag","embeddable":true,"href":"https:\/\/radiolifefm.com.br\/noticias\/wp-json\/wp\/v2\/tags?post=98733"}],"curies":[{"name":"wp","href":"https:\/\/api.w.org\/{rel}","templated":true}]}}