{"id":98675,"date":"2025-03-14T12:07:54","date_gmt":"2025-03-14T15:07:54","guid":{"rendered":"https:\/\/radiolifefm.com.br\/noticias\/?p=98675"},"modified":"2026-04-15T19:47:57","modified_gmt":"2026-04-15T22:47:57","slug":"com-resultados-positivos-primeira-fase-da-copa-fai-2025-e-concluida-em-adamantina","status":"publish","type":"post","link":"https:\/\/radiolifefm.com.br\/noticias\/com-resultados-positivos-primeira-fase-da-copa-fai-2025-e-concluida-em-adamantina\/","title":{"rendered":"Com resultados positivos, primeira fase da Copa FAI 2025 \u00e9 conclu\u00edda em Adamantina"},"content":{"rendered":"<div id=\"fb-root\"><\/div>\n<p data-start=\"0\" data-end=\"88\">\n<p data-start=\"90\" data-end=\"274\">Na noite da \u00faltima quarta-feira, <strong data-start=\"123\" data-end=\"138\">12 de mar\u00e7o<\/strong>, foram realizados os jogos finais da <strong data-start=\"176\" data-end=\"215\">primeira fase da Copa FAI de Futsal<\/strong> no <strong data-start=\"219\" data-end=\"256\">Gin\u00e1sio de Esportes Paulo Camargo<\/strong>, em Adamantina.<\/p>\n<div class='flex flex-wrap items-center -mx-1'>\r\n<a class='thumbnail gallery p-1 w-1\/2 md:w-1\/4' href='https:\/\/radiolifefm.com.br\/noticias\/wp-content\/uploads\/2025\/03\/Marca-dagua-Jornal-do-Meio-Dia-2025-03-14T114348.024.jpg'><img class='border border-white' src='https:\/\/radiolifefm.com.br\/noticias\/wp-content\/uploads\/2025\/03\/Marca-dagua-Jornal-do-Meio-Dia-2025-03-14T114348.024-200x200.jpg' alt='Marca D'agua Jornal Do Meio Dia   2025 03 14T114348.024' \/><\/a><a class='thumbnail gallery p-1 w-1\/2 md:w-1\/4' href='https:\/\/radiolifefm.com.br\/noticias\/wp-content\/uploads\/2025\/03\/Marca-dagua-Jornal-do-Meio-Dia-2025-03-14T114359.044.jpg'><img class='border border-white' src='https:\/\/radiolifefm.com.br\/noticias\/wp-content\/uploads\/2025\/03\/Marca-dagua-Jornal-do-Meio-Dia-2025-03-14T114359.044-200x200.jpg' alt='Marca D'agua Jornal Do Meio Dia   2025 03 14T114359.044' \/><\/a><\/div>\n<p data-start=\"276\" data-end=\"586\">Para destacar os principais momentos, uma <strong data-start=\"318\" data-end=\"339\">resenha esportiva<\/strong> foi apresentada no <strong data-start=\"359\" data-end=\"381\">Jornal do Meio-Dia<\/strong> na tarde de quinta-feira, <strong data-start=\"408\" data-end=\"423\">13 de mar\u00e7o<\/strong>. Durante o programa, o narrador esportivo <strong data-start=\"466\" data-end=\"485\">Felipe Crepaldi<\/strong> e o rep\u00f3rter <strong data-start=\"499\" data-end=\"516\">Bruno Brand\u00e3o<\/strong> analisaram os resultados e anunciaram os times campe\u00f5es desta fase.<\/p>\n<div class='flex flex-wrap items-center -mx-1'>\r\n<a class='thumbnail gallery p-1 w-1\/2 md:w-1\/4' href='https:\/\/radiolifefm.com.br\/noticias\/wp-content\/uploads\/2025\/03\/Marca-dagua-Jornal-do-Meio-Dia-2025-03-14T114407.575.jpg'><img class='border border-white' src='https:\/\/radiolifefm.com.br\/noticias\/wp-content\/uploads\/2025\/03\/Marca-dagua-Jornal-do-Meio-Dia-2025-03-14T114407.575-200x200.jpg' alt='Marca D'agua Jornal Do Meio Dia   2025 03 14T114407.575' \/><\/a><a class='thumbnail gallery p-1 w-1\/2 md:w-1\/4' href='https:\/\/radiolifefm.com.br\/noticias\/wp-content\/uploads\/2025\/03\/Marca-dagua-Jornal-do-Meio-Dia-2025-03-14T114432.698.jpg'><img class='border border-white' src='https:\/\/radiolifefm.com.br\/noticias\/wp-content\/uploads\/2025\/03\/Marca-dagua-Jornal-do-Meio-Dia-2025-03-14T114432.698-200x200.jpg' alt='Marca D'agua Jornal Do Meio Dia   2025 03 14T114432.698' \/><\/a><\/div>\n<p data-start=\"588\" data-end=\"739\">A <strong data-start=\"590\" data-end=\"620\">segunda fase da competi\u00e7\u00e3o<\/strong> come\u00e7a na sexta-feira, <strong data-start=\"644\" data-end=\"659\">14 de mar\u00e7o<\/strong>, com jogos no <strong data-start=\"674\" data-end=\"697\">Gin\u00e1sio de Esportes<\/strong> e <strong data-start=\"700\" data-end=\"736\">transmiss\u00e3o ao vivo pela Life FM<\/strong>.<\/p>\n<div class='flex flex-wrap items-center -mx-1'>\r\n<a class='thumbnail gallery p-1 w-1\/2 md:w-1\/4' href='https:\/\/radiolifefm.com.br\/noticias\/wp-content\/uploads\/2025\/03\/Marca-dagua-Jornal-do-Meio-Dia-2025-03-14T114423.266.jpg'><img class='border border-white' src='https:\/\/radiolifefm.com.br\/noticias\/wp-content\/uploads\/2025\/03\/Marca-dagua-Jornal-do-Meio-Dia-2025-03-14T114423.266-200x200.jpg' alt='Marca D'agua Jornal Do Meio Dia   2025 03 14T114423.266' \/><\/a><a class='thumbnail gallery p-1 w-1\/2 md:w-1\/4' href='https:\/\/radiolifefm.com.br\/noticias\/wp-content\/uploads\/2025\/03\/Marca-dagua-Jornal-do-Meio-Dia-2025-03-14T114458.672.jpg'><img class='border border-white' src='https:\/\/radiolifefm.com.br\/noticias\/wp-content\/uploads\/2025\/03\/Marca-dagua-Jornal-do-Meio-Dia-2025-03-14T114458.672-200x200.jpg' alt='Marca D'agua Jornal Do Meio Dia   2025 03 14T114458.672' \/><\/a><\/div>\n<p data-start=\"741\" data-end=\"846\">\ud83d\udd39 <strong data-start=\"744\" data-end=\"768\">T\u00f3picos em destaque:<\/strong><br data-start=\"768\" data-end=\"771\" \/>\u2705 Times campe\u00f5es e resultados<br data-start=\"800\" data-end=\"803\" \/>\u2705 Hor\u00e1rios e confrontos da pr\u00f3xima rodada<\/p>\n<div class='flex flex-wrap items-center -mx-1'>\r\n<a class='thumbnail gallery p-1 w-1\/2 md:w-1\/4' href='https:\/\/radiolifefm.com.br\/noticias\/wp-content\/uploads\/2025\/03\/Marca-dagua-Jornal-do-Meio-Dia-2025-03-14T114552.663.jpg'><img class='border border-white' src='https:\/\/radiolifefm.com.br\/noticias\/wp-content\/uploads\/2025\/03\/Marca-dagua-Jornal-do-Meio-Dia-2025-03-14T114552.663-200x200.jpg' alt='Marca D'agua Jornal Do Meio Dia   2025 03 14T114552.663' \/><\/a><a class='thumbnail gallery p-1 w-1\/2 md:w-1\/4' href='https:\/\/radiolifefm.com.br\/noticias\/wp-content\/uploads\/2025\/03\/Marca-dagua-Jornal-do-Meio-Dia-2025-03-14T114448.740.jpg'><img class='border border-white' src='https:\/\/radiolifefm.com.br\/noticias\/wp-content\/uploads\/2025\/03\/Marca-dagua-Jornal-do-Meio-Dia-2025-03-14T114448.740-200x200.jpg' alt='Marca D'agua Jornal Do Meio Dia   2025 03 14T114448.740' \/><\/a><a class='thumbnail gallery p-1 w-1\/2 md:w-1\/4' href='https:\/\/radiolifefm.com.br\/noticias\/wp-content\/uploads\/2025\/03\/Marca-dagua-Jornal-do-Meio-Dia-2025-03-14T114632.441.jpg'><img class='border border-white' src='https:\/\/radiolifefm.com.br\/noticias\/wp-content\/uploads\/2025\/03\/Marca-dagua-Jornal-do-Meio-Dia-2025-03-14T114632.441-200x200.jpg' alt='Marca D'agua Jornal Do Meio Dia   2025 03 14T114632.441' \/><\/a><a class='thumbnail gallery p-1 w-1\/2 md:w-1\/4' href='https:\/\/radiolifefm.com.br\/noticias\/wp-content\/uploads\/2025\/03\/Marca-dagua-Jornal-do-Meio-Dia-2025-03-14T114639.853.jpg'><img class='border border-white' src='https:\/\/radiolifefm.com.br\/noticias\/wp-content\/uploads\/2025\/03\/Marca-dagua-Jornal-do-Meio-Dia-2025-03-14T114639.853-200x200.jpg' alt='Marca D'agua Jornal Do Meio Dia   2025 03 14T114639.853' \/><\/a><a class='thumbnail gallery p-1 w-1\/2 md:w-1\/4' href='https:\/\/radiolifefm.com.br\/noticias\/wp-content\/uploads\/2025\/03\/Marca-dagua-Jornal-do-Meio-Dia-2025-03-14T114656.754.jpg'><img class='border border-white' src='https:\/\/radiolifefm.com.br\/noticias\/wp-content\/uploads\/2025\/03\/Marca-dagua-Jornal-do-Meio-Dia-2025-03-14T114656.754-200x200.jpg' alt='Marca D'agua Jornal Do Meio Dia   2025 03 14T114656.754' \/><\/a><\/div>\n<p data-start=\"848\" data-end=\"924\" data-is-last-node=\"\" data-is-only-node=\"\">\ud83d\udcf2 <strong data-start=\"851\" data-end=\"924\" data-is-last-node=\"\">Confira todos os resultados da primeira fase acessando o link abaixo:<\/p>\n<p><a href=\"https:\/\/www.youtube.com\/watch?v=Kr58iQFvJVo\">https:\/\/www.youtube.com\/watch?v=Kr58iQFvJVo<\/a><br \/>\n<\/strong><\/p>\n","protected":false},"excerpt":{"rendered":"<p>Na noite da \u00faltima quarta-feira, 12 de mar\u00e7o, foram realizados os jogos finais da primeira fase da Copa FAI de Futsal no Gin\u00e1sio de Esportes Paulo Camargo, em Adamantina. Para destacar os principais momentos, uma resenha esportiva foi apresentada no Jornal do Meio-Dia na tarde de quinta-feira, 13 de mar\u00e7o. Durante o programa, o narrador [&hellip;]<\/p>\n","protected":false},"author":8,"featured_media":98689,"comment_status":"closed","ping_status":"open","sticky":false,"template":"","format":"standard","meta":{"_acf_changed":false,"_exactmetrics_skip_tracking":false,"_exactmetrics_sitenote_active":false,"_exactmetrics_sitenote_note":"","_exactmetrics_sitenote_category":0,"footnotes":""},"categories":[2],"tags":[],"class_list":["post-98675","post","type-post","status-publish","format-standard","has-post-thumbnail","hentry","category-jornal-do-meio-dia"],"acf":[],"yoast_head":"<!-- This site is optimized with the Yoast SEO plugin v27.2 - https:\/\/yoast.com\/product\/yoast-seo-wordpress\/ -->\n<title>Com resultados positivos, primeira fase da Copa FAI 2025 \u00e9 conclu\u00edda em Adamantina - R\u00e1dio Life FM<\/title>\n<meta name=\"robots\" content=\"index, follow, max-snippet:-1, max-image-preview:large, max-video-preview:-1\" \/>\n<link rel=\"canonical\" href=\"https:\/\/radiolifefm.com.br\/noticias\/com-resultados-positivos-primeira-fase-da-copa-fai-2025-e-concluida-em-adamantina\/\" \/>\n<meta property=\"og:locale\" content=\"pt_BR\" \/>\n<meta property=\"og:type\" content=\"article\" \/>\n<meta property=\"og:title\" content=\"Com resultados positivos, primeira fase da Copa FAI 2025 \u00e9 conclu\u00edda em Adamantina - R\u00e1dio Life FM\" \/>\n<meta property=\"og:description\" content=\"Na noite da \u00faltima quarta-feira, 12 de mar\u00e7o, foram realizados os jogos finais da primeira fase da Copa FAI de Futsal no Gin\u00e1sio de Esportes Paulo Camargo, em Adamantina. Para destacar os principais momentos, uma resenha esportiva foi apresentada no Jornal do Meio-Dia na tarde de quinta-feira, 13 de mar\u00e7o. Durante o programa, o narrador [&hellip;]\" \/>\n<meta property=\"og:url\" content=\"https:\/\/radiolifefm.com.br\/noticias\/com-resultados-positivos-primeira-fase-da-copa-fai-2025-e-concluida-em-adamantina\/\" \/>\n<meta property=\"og:site_name\" content=\"R\u00e1dio Life FM\" \/>\n<meta property=\"article:publisher\" content=\"https:\/\/www.facebook.com\/radiolifefm\/\" \/>\n<meta property=\"article:published_time\" content=\"2025-03-14T15:07:54+00:00\" \/>\n<meta property=\"article:modified_time\" content=\"2026-04-15T22:47:57+00:00\" \/>\n<meta property=\"og:image\" content=\"https:\/\/radiolifefm.com.br\/noticias\/wp-content\/uploads\/2025\/03\/Marca-dagua-Jornal-do-Meio-Dia-2025-03-14T120451.874.jpg\" \/>\n\t<meta property=\"og:image:width\" content=\"1080\" \/>\n\t<meta property=\"og:image:height\" content=\"1080\" \/>\n\t<meta property=\"og:image:type\" content=\"image\/jpeg\" \/>\n<meta name=\"author\" content=\"joaograndao\" \/>\n<meta name=\"twitter:card\" content=\"summary_large_image\" \/>\n<meta name=\"twitter:label1\" content=\"Escrito por\" \/>\n\t<meta name=\"twitter:data1\" content=\"joaograndao\" \/>\n\t<meta name=\"twitter:label2\" content=\"Est. tempo de leitura\" \/>\n\t<meta name=\"twitter:data2\" content=\"1 minuto\" \/>\n<script type=\"application\/ld+json\" class=\"yoast-schema-graph\">{\"@context\":\"https:\/\/schema.org\",\"@graph\":[{\"@type\":\"Article\",\"@id\":\"https:\/\/radiolifefm.com.br\/noticias\/com-resultados-positivos-primeira-fase-da-copa-fai-2025-e-concluida-em-adamantina\/#article\",\"isPartOf\":{\"@id\":\"https:\/\/radiolifefm.com.br\/noticias\/com-resultados-positivos-primeira-fase-da-copa-fai-2025-e-concluida-em-adamantina\/\"},\"author\":{\"name\":\"joaograndao\",\"@id\":\"https:\/\/radiolifefm.com.br\/noticias\/#\/schema\/person\/6876e1240feffe6e1b63fd5cb85abf28\"},\"headline\":\"Com resultados positivos, primeira fase da Copa FAI 2025 \u00e9 conclu\u00edda em Adamantina\",\"datePublished\":\"2025-03-14T15:07:54+00:00\",\"dateModified\":\"2026-04-15T22:47:57+00:00\",\"mainEntityOfPage\":{\"@id\":\"https:\/\/radiolifefm.com.br\/noticias\/com-resultados-positivos-primeira-fase-da-copa-fai-2025-e-concluida-em-adamantina\/\"},\"wordCount\":162,\"publisher\":{\"@id\":\"https:\/\/radiolifefm.com.br\/noticias\/#organization\"},\"image\":{\"@id\":\"https:\/\/radiolifefm.com.br\/noticias\/com-resultados-positivos-primeira-fase-da-copa-fai-2025-e-concluida-em-adamantina\/#primaryimage\"},\"thumbnailUrl\":\"https:\/\/radiolifefm.com.br\/noticias\/wp-content\/uploads\/2025\/03\/Marca-dagua-Jornal-do-Meio-Dia-2025-03-14T120451.874.jpg\",\"articleSection\":[\"Jornal das 12h\"],\"inLanguage\":\"pt-BR\"},{\"@type\":\"WebPage\",\"@id\":\"https:\/\/radiolifefm.com.br\/noticias\/com-resultados-positivos-primeira-fase-da-copa-fai-2025-e-concluida-em-adamantina\/\",\"url\":\"https:\/\/radiolifefm.com.br\/noticias\/com-resultados-positivos-primeira-fase-da-copa-fai-2025-e-concluida-em-adamantina\/\",\"name\":\"Com resultados positivos, primeira fase da Copa FAI 2025 \u00e9 conclu\u00edda em Adamantina - R\u00e1dio Life FM\",\"isPartOf\":{\"@id\":\"https:\/\/radiolifefm.com.br\/noticias\/#website\"},\"primaryImageOfPage\":{\"@id\":\"https:\/\/radiolifefm.com.br\/noticias\/com-resultados-positivos-primeira-fase-da-copa-fai-2025-e-concluida-em-adamantina\/#primaryimage\"},\"image\":{\"@id\":\"https:\/\/radiolifefm.com.br\/noticias\/com-resultados-positivos-primeira-fase-da-copa-fai-2025-e-concluida-em-adamantina\/#primaryimage\"},\"thumbnailUrl\":\"https:\/\/radiolifefm.com.br\/noticias\/wp-content\/uploads\/2025\/03\/Marca-dagua-Jornal-do-Meio-Dia-2025-03-14T120451.874.jpg\",\"datePublished\":\"2025-03-14T15:07:54+00:00\",\"dateModified\":\"2026-04-15T22:47:57+00:00\",\"breadcrumb\":{\"@id\":\"https:\/\/radiolifefm.com.br\/noticias\/com-resultados-positivos-primeira-fase-da-copa-fai-2025-e-concluida-em-adamantina\/#breadcrumb\"},\"inLanguage\":\"pt-BR\",\"potentialAction\":[{\"@type\":\"ReadAction\",\"target\":[\"https:\/\/radiolifefm.com.br\/noticias\/com-resultados-positivos-primeira-fase-da-copa-fai-2025-e-concluida-em-adamantina\/\"]}]},{\"@type\":\"ImageObject\",\"inLanguage\":\"pt-BR\",\"@id\":\"https:\/\/radiolifefm.com.br\/noticias\/com-resultados-positivos-primeira-fase-da-copa-fai-2025-e-concluida-em-adamantina\/#primaryimage\",\"url\":\"https:\/\/radiolifefm.com.br\/noticias\/wp-content\/uploads\/2025\/03\/Marca-dagua-Jornal-do-Meio-Dia-2025-03-14T120451.874.jpg\",\"contentUrl\":\"https:\/\/radiolifefm.com.br\/noticias\/wp-content\/uploads\/2025\/03\/Marca-dagua-Jornal-do-Meio-Dia-2025-03-14T120451.874.jpg\",\"width\":1080,\"height\":1080},{\"@type\":\"BreadcrumbList\",\"@id\":\"https:\/\/radiolifefm.com.br\/noticias\/com-resultados-positivos-primeira-fase-da-copa-fai-2025-e-concluida-em-adamantina\/#breadcrumb\",\"itemListElement\":[{\"@type\":\"ListItem\",\"position\":1,\"name\":\"In\u00edcio\",\"item\":\"https:\/\/radiolifefm.com.br\/noticias\/\"},{\"@type\":\"ListItem\",\"position\":2,\"name\":\"Com resultados positivos, primeira fase da Copa FAI 2025 \u00e9 conclu\u00edda em Adamantina\"}]},{\"@type\":\"WebSite\",\"@id\":\"https:\/\/radiolifefm.com.br\/noticias\/#website\",\"url\":\"https:\/\/radiolifefm.com.br\/noticias\/\",\"name\":\"R\u00e1dio Life FM\",\"description\":\"O Portal de Not\u00edcias de Adamantina\",\"publisher\":{\"@id\":\"https:\/\/radiolifefm.com.br\/noticias\/#organization\"},\"alternateName\":\"Life FM\",\"potentialAction\":[{\"@type\":\"SearchAction\",\"target\":{\"@type\":\"EntryPoint\",\"urlTemplate\":\"https:\/\/radiolifefm.com.br\/noticias\/?s={search_term_string}\"},\"query-input\":{\"@type\":\"PropertyValueSpecification\",\"valueRequired\":true,\"valueName\":\"search_term_string\"}}],\"inLanguage\":\"pt-BR\"},{\"@type\":\"Organization\",\"@id\":\"https:\/\/radiolifefm.com.br\/noticias\/#organization\",\"name\":\"R\u00e1dio Life FM\",\"alternateName\":\"Life FM\",\"url\":\"https:\/\/radiolifefm.com.br\/noticias\/\",\"logo\":{\"@type\":\"ImageObject\",\"inLanguage\":\"pt-BR\",\"@id\":\"https:\/\/radiolifefm.com.br\/noticias\/#\/schema\/logo\/image\/\",\"url\":\"https:\/\/static.radiolifefm.com.br\/noticias\/wp-content\/uploads\/2019\/10\/logo-lifefm.png\",\"contentUrl\":\"https:\/\/static.radiolifefm.com.br\/noticias\/wp-content\/uploads\/2019\/10\/logo-lifefm.png\",\"width\":196,\"height\":47,\"caption\":\"R\u00e1dio Life FM\"},\"image\":{\"@id\":\"https:\/\/radiolifefm.com.br\/noticias\/#\/schema\/logo\/image\/\"},\"sameAs\":[\"https:\/\/www.facebook.com\/radiolifefm\/\",\"https:\/\/www.instagram.com\/life1079fm\/\"]},{\"@type\":\"Person\",\"@id\":\"https:\/\/radiolifefm.com.br\/noticias\/#\/schema\/person\/6876e1240feffe6e1b63fd5cb85abf28\",\"name\":\"joaograndao\",\"image\":{\"@type\":\"ImageObject\",\"inLanguage\":\"pt-BR\",\"@id\":\"https:\/\/secure.gravatar.com\/avatar\/d5b1a3cf357ed9c50404e256a1294083aa8ab5d2a994001567302786016cb32c?s=96&d=mm&r=g\",\"url\":\"https:\/\/secure.gravatar.com\/avatar\/d5b1a3cf357ed9c50404e256a1294083aa8ab5d2a994001567302786016cb32c?s=96&d=mm&r=g\",\"contentUrl\":\"https:\/\/secure.gravatar.com\/avatar\/d5b1a3cf357ed9c50404e256a1294083aa8ab5d2a994001567302786016cb32c?s=96&d=mm&r=g\",\"caption\":\"joaograndao\"}}]}<\/script>\n<!-- \/ Yoast SEO plugin. -->","yoast_head_json":{"title":"Com resultados positivos, primeira fase da Copa FAI 2025 \u00e9 conclu\u00edda em Adamantina - R\u00e1dio Life FM","robots":{"index":"index","follow":"follow","max-snippet":"max-snippet:-1","max-image-preview":"max-image-preview:large","max-video-preview":"max-video-preview:-1"},"canonical":"https:\/\/radiolifefm.com.br\/noticias\/com-resultados-positivos-primeira-fase-da-copa-fai-2025-e-concluida-em-adamantina\/","og_locale":"pt_BR","og_type":"article","og_title":"Com resultados positivos, primeira fase da Copa FAI 2025 \u00e9 conclu\u00edda em Adamantina - R\u00e1dio Life FM","og_description":"Na noite da \u00faltima quarta-feira, 12 de mar\u00e7o, foram realizados os jogos finais da primeira fase da Copa FAI de Futsal no Gin\u00e1sio de Esportes Paulo Camargo, em Adamantina. Para destacar os principais momentos, uma resenha esportiva foi apresentada no Jornal do Meio-Dia na tarde de quinta-feira, 13 de mar\u00e7o. Durante o programa, o narrador [&hellip;]","og_url":"https:\/\/radiolifefm.com.br\/noticias\/com-resultados-positivos-primeira-fase-da-copa-fai-2025-e-concluida-em-adamantina\/","og_site_name":"R\u00e1dio Life FM","article_publisher":"https:\/\/www.facebook.com\/radiolifefm\/","article_published_time":"2025-03-14T15:07:54+00:00","article_modified_time":"2026-04-15T22:47:57+00:00","og_image":[{"width":1080,"height":1080,"url":"https:\/\/radiolifefm.com.br\/noticias\/wp-content\/uploads\/2025\/03\/Marca-dagua-Jornal-do-Meio-Dia-2025-03-14T120451.874.jpg","type":"image\/jpeg"}],"author":"joaograndao","twitter_card":"summary_large_image","twitter_misc":{"Escrito por":"joaograndao","Est. tempo de leitura":"1 minuto"},"schema":{"@context":"https:\/\/schema.org","@graph":[{"@type":"Article","@id":"https:\/\/radiolifefm.com.br\/noticias\/com-resultados-positivos-primeira-fase-da-copa-fai-2025-e-concluida-em-adamantina\/#article","isPartOf":{"@id":"https:\/\/radiolifefm.com.br\/noticias\/com-resultados-positivos-primeira-fase-da-copa-fai-2025-e-concluida-em-adamantina\/"},"author":{"name":"joaograndao","@id":"https:\/\/radiolifefm.com.br\/noticias\/#\/schema\/person\/6876e1240feffe6e1b63fd5cb85abf28"},"headline":"Com resultados positivos, primeira fase da Copa FAI 2025 \u00e9 conclu\u00edda em Adamantina","datePublished":"2025-03-14T15:07:54+00:00","dateModified":"2026-04-15T22:47:57+00:00","mainEntityOfPage":{"@id":"https:\/\/radiolifefm.com.br\/noticias\/com-resultados-positivos-primeira-fase-da-copa-fai-2025-e-concluida-em-adamantina\/"},"wordCount":162,"publisher":{"@id":"https:\/\/radiolifefm.com.br\/noticias\/#organization"},"image":{"@id":"https:\/\/radiolifefm.com.br\/noticias\/com-resultados-positivos-primeira-fase-da-copa-fai-2025-e-concluida-em-adamantina\/#primaryimage"},"thumbnailUrl":"https:\/\/radiolifefm.com.br\/noticias\/wp-content\/uploads\/2025\/03\/Marca-dagua-Jornal-do-Meio-Dia-2025-03-14T120451.874.jpg","articleSection":["Jornal das 12h"],"inLanguage":"pt-BR"},{"@type":"WebPage","@id":"https:\/\/radiolifefm.com.br\/noticias\/com-resultados-positivos-primeira-fase-da-copa-fai-2025-e-concluida-em-adamantina\/","url":"https:\/\/radiolifefm.com.br\/noticias\/com-resultados-positivos-primeira-fase-da-copa-fai-2025-e-concluida-em-adamantina\/","name":"Com resultados positivos, primeira fase da Copa FAI 2025 \u00e9 conclu\u00edda em Adamantina - R\u00e1dio Life FM","isPartOf":{"@id":"https:\/\/radiolifefm.com.br\/noticias\/#website"},"primaryImageOfPage":{"@id":"https:\/\/radiolifefm.com.br\/noticias\/com-resultados-positivos-primeira-fase-da-copa-fai-2025-e-concluida-em-adamantina\/#primaryimage"},"image":{"@id":"https:\/\/radiolifefm.com.br\/noticias\/com-resultados-positivos-primeira-fase-da-copa-fai-2025-e-concluida-em-adamantina\/#primaryimage"},"thumbnailUrl":"https:\/\/radiolifefm.com.br\/noticias\/wp-content\/uploads\/2025\/03\/Marca-dagua-Jornal-do-Meio-Dia-2025-03-14T120451.874.jpg","datePublished":"2025-03-14T15:07:54+00:00","dateModified":"2026-04-15T22:47:57+00:00","breadcrumb":{"@id":"https:\/\/radiolifefm.com.br\/noticias\/com-resultados-positivos-primeira-fase-da-copa-fai-2025-e-concluida-em-adamantina\/#breadcrumb"},"inLanguage":"pt-BR","potentialAction":[{"@type":"ReadAction","target":["https:\/\/radiolifefm.com.br\/noticias\/com-resultados-positivos-primeira-fase-da-copa-fai-2025-e-concluida-em-adamantina\/"]}]},{"@type":"ImageObject","inLanguage":"pt-BR","@id":"https:\/\/radiolifefm.com.br\/noticias\/com-resultados-positivos-primeira-fase-da-copa-fai-2025-e-concluida-em-adamantina\/#primaryimage","url":"https:\/\/radiolifefm.com.br\/noticias\/wp-content\/uploads\/2025\/03\/Marca-dagua-Jornal-do-Meio-Dia-2025-03-14T120451.874.jpg","contentUrl":"https:\/\/radiolifefm.com.br\/noticias\/wp-content\/uploads\/2025\/03\/Marca-dagua-Jornal-do-Meio-Dia-2025-03-14T120451.874.jpg","width":1080,"height":1080},{"@type":"BreadcrumbList","@id":"https:\/\/radiolifefm.com.br\/noticias\/com-resultados-positivos-primeira-fase-da-copa-fai-2025-e-concluida-em-adamantina\/#breadcrumb","itemListElement":[{"@type":"ListItem","position":1,"name":"In\u00edcio","item":"https:\/\/radiolifefm.com.br\/noticias\/"},{"@type":"ListItem","position":2,"name":"Com resultados positivos, primeira fase da Copa FAI 2025 \u00e9 conclu\u00edda em Adamantina"}]},{"@type":"WebSite","@id":"https:\/\/radiolifefm.com.br\/noticias\/#website","url":"https:\/\/radiolifefm.com.br\/noticias\/","name":"R\u00e1dio Life FM","description":"O Portal de Not\u00edcias de Adamantina","publisher":{"@id":"https:\/\/radiolifefm.com.br\/noticias\/#organization"},"alternateName":"Life FM","potentialAction":[{"@type":"SearchAction","target":{"@type":"EntryPoint","urlTemplate":"https:\/\/radiolifefm.com.br\/noticias\/?s={search_term_string}"},"query-input":{"@type":"PropertyValueSpecification","valueRequired":true,"valueName":"search_term_string"}}],"inLanguage":"pt-BR"},{"@type":"Organization","@id":"https:\/\/radiolifefm.com.br\/noticias\/#organization","name":"R\u00e1dio Life FM","alternateName":"Life FM","url":"https:\/\/radiolifefm.com.br\/noticias\/","logo":{"@type":"ImageObject","inLanguage":"pt-BR","@id":"https:\/\/radiolifefm.com.br\/noticias\/#\/schema\/logo\/image\/","url":"https:\/\/static.radiolifefm.com.br\/noticias\/wp-content\/uploads\/2019\/10\/logo-lifefm.png","contentUrl":"https:\/\/static.radiolifefm.com.br\/noticias\/wp-content\/uploads\/2019\/10\/logo-lifefm.png","width":196,"height":47,"caption":"R\u00e1dio Life FM"},"image":{"@id":"https:\/\/radiolifefm.com.br\/noticias\/#\/schema\/logo\/image\/"},"sameAs":["https:\/\/www.facebook.com\/radiolifefm\/","https:\/\/www.instagram.com\/life1079fm\/"]},{"@type":"Person","@id":"https:\/\/radiolifefm.com.br\/noticias\/#\/schema\/person\/6876e1240feffe6e1b63fd5cb85abf28","name":"joaograndao","image":{"@type":"ImageObject","inLanguage":"pt-BR","@id":"https:\/\/secure.gravatar.com\/avatar\/d5b1a3cf357ed9c50404e256a1294083aa8ab5d2a994001567302786016cb32c?s=96&d=mm&r=g","url":"https:\/\/secure.gravatar.com\/avatar\/d5b1a3cf357ed9c50404e256a1294083aa8ab5d2a994001567302786016cb32c?s=96&d=mm&r=g","contentUrl":"https:\/\/secure.gravatar.com\/avatar\/d5b1a3cf357ed9c50404e256a1294083aa8ab5d2a994001567302786016cb32c?s=96&d=mm&r=g","caption":"joaograndao"}}]}},"amp_enabled":true,"_links":{"self":[{"href":"https:\/\/radiolifefm.com.br\/noticias\/wp-json\/wp\/v2\/posts\/98675","targetHints":{"allow":["GET"]}}],"collection":[{"href":"https:\/\/radiolifefm.com.br\/noticias\/wp-json\/wp\/v2\/posts"}],"about":[{"href":"https:\/\/radiolifefm.com.br\/noticias\/wp-json\/wp\/v2\/types\/post"}],"author":[{"embeddable":true,"href":"https:\/\/radiolifefm.com.br\/noticias\/wp-json\/wp\/v2\/users\/8"}],"replies":[{"embeddable":true,"href":"https:\/\/radiolifefm.com.br\/noticias\/wp-json\/wp\/v2\/comments?post=98675"}],"version-history":[{"count":3,"href":"https:\/\/radiolifefm.com.br\/noticias\/wp-json\/wp\/v2\/posts\/98675\/revisions"}],"predecessor-version":[{"id":98691,"href":"https:\/\/radiolifefm.com.br\/noticias\/wp-json\/wp\/v2\/posts\/98675\/revisions\/98691"}],"wp:featuredmedia":[{"embeddable":true,"href":"https:\/\/radiolifefm.com.br\/noticias\/wp-json\/wp\/v2\/media\/98689"}],"wp:attachment":[{"href":"https:\/\/radiolifefm.com.br\/noticias\/wp-json\/wp\/v2\/media?parent=98675"}],"wp:term":[{"taxonomy":"category","embeddable":true,"href":"https:\/\/radiolifefm.com.br\/noticias\/wp-json\/wp\/v2\/categories?post=98675"},{"taxonomy":"post_tag","embeddable":true,"href":"https:\/\/radiolifefm.com.br\/noticias\/wp-json\/wp\/v2\/tags?post=98675"}],"curies":[{"name":"wp","href":"https:\/\/api.w.org\/{rel}","templated":true}]}}