{"id":98666,"date":"2025-03-14T10:04:35","date_gmt":"2025-03-14T13:04:35","guid":{"rendered":"https:\/\/radiolifefm.com.br\/noticias\/?p=98666"},"modified":"2026-01-08T06:42:46","modified_gmt":"2026-01-08T09:42:46","slug":"fai-unesco-metodista-referencia-academica-entre-os-anos-de-1-999-e-2-006","status":"publish","type":"post","link":"https:\/\/radiolifefm.com.br\/noticias\/fai-unesco-metodista-referencia-academica-entre-os-anos-de-1-999-e-2-006\/","title":{"rendered":"FAI\/UNESCO\/METODISTA: REFER\u00caNCIA ACAD\u00caMICA ENTRE OS ANOS DE 1.999 E 2.006!"},"content":{"rendered":"<div id=\"fb-root\"><\/div>\n<p><em>&#8220;A gesta\u00e7\u00e3o da C\u00e1tedra UNESCO\/UMESP de Comunica\u00e7\u00e3o para o Desenvolvimento Regional come\u00e7ou em outubro de 1994. O professor Jos\u00e9 Marques de Melo foi consultado sobre a possibilidade da Universidade Metodista sediar uma das C\u00e1tedras de Comunica\u00e7\u00e3o previstas para a Am\u00e9rica Latina. E em abril de 1995, representantes da UNESCO visitaram a Universidade, verificando a infraestrutura e a qualidade do ensino oferecido. O\u00a0Semin\u00e1rio Internacional sobre Comunica\u00e7\u00e3o e Identidades Culturais na Am\u00e9rica Latina,\u00a0que ocorreu em junho daquele ano, constituiu oportunidade adequada para discutir e negociar os rumos da futura C\u00e1tedra. E logo em 1996 foi realizada a sess\u00e3o de instala\u00e7\u00e3o da C\u00e1tedra UNESCO na Universidade Metodista de S\u00e3o Paulo.&#8221;\u00a0 (Arthur Marchetto)<\/em><\/p>\n<p><strong><em>Aos professores Gilson, Marques de Mello e Isaac (in memoriam), dedico!<\/em><\/strong><\/p>\n<p><strong><em>S\u00e9rgio Barbosa (*)<\/em><\/strong><\/p>\n<p>N\u00e3o se pode deixar o passado de lado em meio aos desencontros do presente, haja vista que o futuro pode fazer a diferen\u00e7a neste contexto entre o passado e o presente, ainda mais em terras provincianas&#8230;<\/p>\n<p>Por isso e mais aquilo, muitos fatos que ocorreram faz algum tempo pode servir como exemplo para o momento, ainda, em todas as \u00e1reas e muitas respostas podem servir para uma mesma pergunta&#8230;<\/p>\n<p>Nas muitas recorda\u00e7\u00f5es deste articulista, est\u00e3o as diversas atividades promovidas e executadas pela FAI entre os anos de 1999 e 2.006, destaque para a parceria com a C\u00e1tedra UNESCO\/METODISTA de Comunica\u00e7\u00e3o para o Desenvolvimento Regional e apoio institucional da UMESP-Universidade Metodista de S\u00e3o Paulo&#8230;<\/p>\n<p>Pode-se afirmar que foram mais ou menos 8 anos de uma conviv\u00eancia acad\u00eamica na \u00e1rea da pesquisa, tendo em vista quatro\u00a0 destes eventos resultaram em publica\u00e7\u00f5es (livros), a saber: COMSA\u00daDE 1999, COMSA\u00daDE 2000, M\u00cdDIA EM DEBATE e CELACOM&#8230;<\/p>\n<p>Lament\u00e1vel que tais atividades tenham se perdido no tempo do tempo da institui\u00e7\u00e3o das &#8220;paredes alvas&#8221;, pois, desenvolver atividades na \u00e1rea da pesquisa \u00e9 fundamental para a consolida\u00e7\u00e3o do projeto universit\u00e1rio nas \u00e1reas do ensino e da extens\u00e3o comunit\u00e1ria&#8230;<\/p>\n<p>Tamb\u00e9m, a credibilidade acad\u00eamica se faz com parcerias de ponta em todas as \u00e1reas e ficar no lugar comum de sempre n\u00e3o traz resultados efetivos quanto \u00e0s pesquisas e assim por diante&#8230;<\/p>\n<p>Mas, como escrevi no in\u00edcio deste artigo, s\u00e3o fatos do passado que ainda ecoam na cabe\u00e7a de muitos docentes que participaram destes projetos, bem como, ex-alunos\/as que est\u00e3o no mercado como profissionais nas diversas \u00e1reas ou como pesquisadores\/as, considerando que tais eventos buscavam a media\u00e7\u00e3o entre mercado e academia ou vice-versa&#8230;<\/p>\n<p>Neste per\u00edodo, deve-se registrar e destacar o apoio em todos os eventos do Diretor Geral, Professor Doutor GILSON JO\u00c3O PARISOTO, tamb\u00e9m, do Professor Doutor RUBENS GALDINO DA SILVA, sendo que ambos sempre se colocavam a frente destas parcerias institucionais com a C\u00e1tedra UNESCO\/METODISTA&#8230;<\/p>\n<p>N\u00e3o se pode esquecer neste texto, do apoio incondicional do Professor Doutor JOS\u00c9 MARQUES DE MELLO, Diretor-Titular da C\u00e1tedra e do Professor Doutor ISAAC EPSTEIN, Diretor Cient\u00edfico nesta \u00e9poca impar para as rela\u00e7\u00f5es com a FAI&#8230;<\/p>\n<p>Portanto, como sempre escrevo aqui e ali, &#8220;A C\u00e9sar o que \u00e9 de C\u00e9sar&#8221;, tais registros podem ter desaparecido dos anais das \u201cparedes alvas&#8221;, entretanto, existem muitas testemunhas oculares que participaram ativamente destes eventos que marcaram presen\u00e7a na institui\u00e7\u00e3o, colocado \u00e0 mesma como refer\u00eancia na promo\u00e7\u00e3o e execu\u00e7\u00e3o de eventos acad\u00eamicos com aval amplo, geral e irrestrito da C\u00e1tedra UNESCO\/METODISTA de Comunica\u00e7\u00e3o para o Desenvolvimento Regional em terras provincianas&#8230;<\/p>\n<p>Finalizando, no ano de 2.006, quando a C\u00e1tedra comemorou 10 anos de atividades, a FAI foi agraciada com duas homenagens por meio de Diplomas de &#8220;HONRA AO M\u00c9RITO&#8221;, a saber: Prof. Gilson e outros tr\u00eas Diplomas de &#8220;HONRA AO M\u00c9RITO&#8221;, ainda, como HOMENAGEM EMBLEM\u00c1TICA para este articulista, sendo que os Diplomas foram outorgados pelos relevantes servi\u00e7os prestados junto a C\u00e1tedra UNESCO\/METODISTA entre os anos de 1.999 e 2.006&#8230;<\/p>\n<p><strong><em>_________________________________<\/em><\/strong><\/p>\n<p><strong><em>(*) Jornalista diplomado e Pesquisador-colaborador da C\u00e1tedra UNESCO\/METODISTA de Comunica\u00e7\u00e3o para o Desenvolvimento Regional.<\/em><\/strong><\/p>\n<p><strong><em>\u00a0<\/em><\/strong><\/p>\n<p><strong><em>E-MAIL: barbosa.sebar!gmail.com<\/em><\/strong><\/p>\n","protected":false},"excerpt":{"rendered":"<p>&#8220;A gesta\u00e7\u00e3o da C\u00e1tedra UNESCO\/UMESP de Comunica\u00e7\u00e3o para o Desenvolvimento Regional come\u00e7ou em outubro de 1994. O professor Jos\u00e9 Marques de Melo foi consultado sobre a possibilidade da Universidade Metodista sediar uma das C\u00e1tedras de Comunica\u00e7\u00e3o previstas para a Am\u00e9rica Latina. E em abril de 1995, representantes da UNESCO visitaram a Universidade, verificando a infraestrutura [&hellip;]<\/p>\n","protected":false},"author":13,"featured_media":51988,"comment_status":"closed","ping_status":"open","sticky":false,"template":"","format":"standard","meta":{"_acf_changed":false,"_exactmetrics_skip_tracking":false,"_exactmetrics_sitenote_active":false,"_exactmetrics_sitenote_note":"","_exactmetrics_sitenote_category":0,"footnotes":""},"categories":[59],"tags":[],"class_list":["post-98666","post","type-post","status-publish","format-standard","has-post-thumbnail","hentry","category-opiniao"],"acf":[],"yoast_head":"<!-- This site is optimized with the Yoast SEO plugin v27.2 - https:\/\/yoast.com\/product\/yoast-seo-wordpress\/ -->\n<title>FAI\/UNESCO\/METODISTA: REFER\u00caNCIA ACAD\u00caMICA ENTRE OS ANOS DE 1.999 E 2.006! - R\u00e1dio Life FM<\/title>\n<meta name=\"robots\" content=\"index, follow, max-snippet:-1, max-image-preview:large, max-video-preview:-1\" \/>\n<link rel=\"canonical\" href=\"https:\/\/radiolifefm.com.br\/noticias\/fai-unesco-metodista-referencia-academica-entre-os-anos-de-1-999-e-2-006\/\" \/>\n<meta property=\"og:locale\" content=\"pt_BR\" \/>\n<meta property=\"og:type\" content=\"article\" \/>\n<meta property=\"og:title\" content=\"FAI\/UNESCO\/METODISTA: REFER\u00caNCIA ACAD\u00caMICA ENTRE OS ANOS DE 1.999 E 2.006! - R\u00e1dio Life FM\" \/>\n<meta property=\"og:description\" content=\"&#8220;A gesta\u00e7\u00e3o da C\u00e1tedra UNESCO\/UMESP de Comunica\u00e7\u00e3o para o Desenvolvimento Regional come\u00e7ou em outubro de 1994. O professor Jos\u00e9 Marques de Melo foi consultado sobre a possibilidade da Universidade Metodista sediar uma das C\u00e1tedras de Comunica\u00e7\u00e3o previstas para a Am\u00e9rica Latina. E em abril de 1995, representantes da UNESCO visitaram a Universidade, verificando a infraestrutura [&hellip;]\" \/>\n<meta property=\"og:url\" content=\"https:\/\/radiolifefm.com.br\/noticias\/fai-unesco-metodista-referencia-academica-entre-os-anos-de-1-999-e-2-006\/\" \/>\n<meta property=\"og:site_name\" content=\"R\u00e1dio Life FM\" \/>\n<meta property=\"article:publisher\" content=\"https:\/\/www.facebook.com\/radiolifefm\/\" \/>\n<meta property=\"article:published_time\" content=\"2025-03-14T13:04:35+00:00\" \/>\n<meta property=\"article:modified_time\" content=\"2026-01-08T09:42:46+00:00\" \/>\n<meta property=\"og:image\" content=\"https:\/\/radiolifefm.com.br\/noticias\/wp-content\/uploads\/2022\/04\/WhatsApp-Image-2022-04-10-at-18.43.02.jpeg\" \/>\n\t<meta property=\"og:image:width\" content=\"972\" \/>\n\t<meta property=\"og:image:height\" content=\"1296\" \/>\n\t<meta property=\"og:image:type\" content=\"image\/jpeg\" \/>\n<meta name=\"author\" content=\"ritanery\" \/>\n<meta name=\"twitter:card\" content=\"summary_large_image\" \/>\n<meta name=\"twitter:label1\" content=\"Escrito por\" \/>\n\t<meta name=\"twitter:data1\" content=\"ritanery\" \/>\n\t<meta name=\"twitter:label2\" content=\"Est. tempo de leitura\" \/>\n\t<meta name=\"twitter:data2\" content=\"4 minutos\" \/>\n<script type=\"application\/ld+json\" class=\"yoast-schema-graph\">{\"@context\":\"https:\/\/schema.org\",\"@graph\":[{\"@type\":\"Article\",\"@id\":\"https:\/\/radiolifefm.com.br\/noticias\/fai-unesco-metodista-referencia-academica-entre-os-anos-de-1-999-e-2-006\/#article\",\"isPartOf\":{\"@id\":\"https:\/\/radiolifefm.com.br\/noticias\/fai-unesco-metodista-referencia-academica-entre-os-anos-de-1-999-e-2-006\/\"},\"author\":{\"name\":\"ritanery\",\"@id\":\"https:\/\/radiolifefm.com.br\/noticias\/#\/schema\/person\/6339b9fac59d12b071dec680d7375d87\"},\"headline\":\"FAI\/UNESCO\/METODISTA: REFER\u00caNCIA ACAD\u00caMICA ENTRE OS ANOS DE 1.999 E 2.006!\",\"datePublished\":\"2025-03-14T13:04:35+00:00\",\"dateModified\":\"2026-01-08T09:42:46+00:00\",\"mainEntityOfPage\":{\"@id\":\"https:\/\/radiolifefm.com.br\/noticias\/fai-unesco-metodista-referencia-academica-entre-os-anos-de-1-999-e-2-006\/\"},\"wordCount\":706,\"publisher\":{\"@id\":\"https:\/\/radiolifefm.com.br\/noticias\/#organization\"},\"image\":{\"@id\":\"https:\/\/radiolifefm.com.br\/noticias\/fai-unesco-metodista-referencia-academica-entre-os-anos-de-1-999-e-2-006\/#primaryimage\"},\"thumbnailUrl\":\"https:\/\/radiolifefm.com.br\/noticias\/wp-content\/uploads\/2022\/04\/WhatsApp-Image-2022-04-10-at-18.43.02.jpeg\",\"articleSection\":[\"Opini\u00e3o\"],\"inLanguage\":\"pt-BR\"},{\"@type\":\"WebPage\",\"@id\":\"https:\/\/radiolifefm.com.br\/noticias\/fai-unesco-metodista-referencia-academica-entre-os-anos-de-1-999-e-2-006\/\",\"url\":\"https:\/\/radiolifefm.com.br\/noticias\/fai-unesco-metodista-referencia-academica-entre-os-anos-de-1-999-e-2-006\/\",\"name\":\"FAI\/UNESCO\/METODISTA: REFER\u00caNCIA ACAD\u00caMICA ENTRE OS ANOS DE 1.999 E 2.006! - R\u00e1dio Life FM\",\"isPartOf\":{\"@id\":\"https:\/\/radiolifefm.com.br\/noticias\/#website\"},\"primaryImageOfPage\":{\"@id\":\"https:\/\/radiolifefm.com.br\/noticias\/fai-unesco-metodista-referencia-academica-entre-os-anos-de-1-999-e-2-006\/#primaryimage\"},\"image\":{\"@id\":\"https:\/\/radiolifefm.com.br\/noticias\/fai-unesco-metodista-referencia-academica-entre-os-anos-de-1-999-e-2-006\/#primaryimage\"},\"thumbnailUrl\":\"https:\/\/radiolifefm.com.br\/noticias\/wp-content\/uploads\/2022\/04\/WhatsApp-Image-2022-04-10-at-18.43.02.jpeg\",\"datePublished\":\"2025-03-14T13:04:35+00:00\",\"dateModified\":\"2026-01-08T09:42:46+00:00\",\"breadcrumb\":{\"@id\":\"https:\/\/radiolifefm.com.br\/noticias\/fai-unesco-metodista-referencia-academica-entre-os-anos-de-1-999-e-2-006\/#breadcrumb\"},\"inLanguage\":\"pt-BR\",\"potentialAction\":[{\"@type\":\"ReadAction\",\"target\":[\"https:\/\/radiolifefm.com.br\/noticias\/fai-unesco-metodista-referencia-academica-entre-os-anos-de-1-999-e-2-006\/\"]}]},{\"@type\":\"ImageObject\",\"inLanguage\":\"pt-BR\",\"@id\":\"https:\/\/radiolifefm.com.br\/noticias\/fai-unesco-metodista-referencia-academica-entre-os-anos-de-1-999-e-2-006\/#primaryimage\",\"url\":\"https:\/\/radiolifefm.com.br\/noticias\/wp-content\/uploads\/2022\/04\/WhatsApp-Image-2022-04-10-at-18.43.02.jpeg\",\"contentUrl\":\"https:\/\/radiolifefm.com.br\/noticias\/wp-content\/uploads\/2022\/04\/WhatsApp-Image-2022-04-10-at-18.43.02.jpeg\",\"width\":972,\"height\":1296,\"caption\":\"S\u00e9rgio Barbosa\"},{\"@type\":\"BreadcrumbList\",\"@id\":\"https:\/\/radiolifefm.com.br\/noticias\/fai-unesco-metodista-referencia-academica-entre-os-anos-de-1-999-e-2-006\/#breadcrumb\",\"itemListElement\":[{\"@type\":\"ListItem\",\"position\":1,\"name\":\"In\u00edcio\",\"item\":\"https:\/\/radiolifefm.com.br\/noticias\/\"},{\"@type\":\"ListItem\",\"position\":2,\"name\":\"FAI\/UNESCO\/METODISTA: REFER\u00caNCIA ACAD\u00caMICA ENTRE OS ANOS DE 1.999 E 2.006!\"}]},{\"@type\":\"WebSite\",\"@id\":\"https:\/\/radiolifefm.com.br\/noticias\/#website\",\"url\":\"https:\/\/radiolifefm.com.br\/noticias\/\",\"name\":\"R\u00e1dio Life FM\",\"description\":\"O Portal de Not\u00edcias de Adamantina\",\"publisher\":{\"@id\":\"https:\/\/radiolifefm.com.br\/noticias\/#organization\"},\"alternateName\":\"Life FM\",\"potentialAction\":[{\"@type\":\"SearchAction\",\"target\":{\"@type\":\"EntryPoint\",\"urlTemplate\":\"https:\/\/radiolifefm.com.br\/noticias\/?s={search_term_string}\"},\"query-input\":{\"@type\":\"PropertyValueSpecification\",\"valueRequired\":true,\"valueName\":\"search_term_string\"}}],\"inLanguage\":\"pt-BR\"},{\"@type\":\"Organization\",\"@id\":\"https:\/\/radiolifefm.com.br\/noticias\/#organization\",\"name\":\"R\u00e1dio Life FM\",\"alternateName\":\"Life FM\",\"url\":\"https:\/\/radiolifefm.com.br\/noticias\/\",\"logo\":{\"@type\":\"ImageObject\",\"inLanguage\":\"pt-BR\",\"@id\":\"https:\/\/radiolifefm.com.br\/noticias\/#\/schema\/logo\/image\/\",\"url\":\"https:\/\/static.radiolifefm.com.br\/noticias\/wp-content\/uploads\/2019\/10\/logo-lifefm.png\",\"contentUrl\":\"https:\/\/static.radiolifefm.com.br\/noticias\/wp-content\/uploads\/2019\/10\/logo-lifefm.png\",\"width\":196,\"height\":47,\"caption\":\"R\u00e1dio Life FM\"},\"image\":{\"@id\":\"https:\/\/radiolifefm.com.br\/noticias\/#\/schema\/logo\/image\/\"},\"sameAs\":[\"https:\/\/www.facebook.com\/radiolifefm\/\",\"https:\/\/www.instagram.com\/life1079fm\/\"]},{\"@type\":\"Person\",\"@id\":\"https:\/\/radiolifefm.com.br\/noticias\/#\/schema\/person\/6339b9fac59d12b071dec680d7375d87\",\"name\":\"ritanery\",\"image\":{\"@type\":\"ImageObject\",\"inLanguage\":\"pt-BR\",\"@id\":\"https:\/\/secure.gravatar.com\/avatar\/0e37bb19071f47c0b8a23f62a903df117c5a0e75f65a0c2901562f97cd41cf86?s=96&d=mm&r=g\",\"url\":\"https:\/\/secure.gravatar.com\/avatar\/0e37bb19071f47c0b8a23f62a903df117c5a0e75f65a0c2901562f97cd41cf86?s=96&d=mm&r=g\",\"contentUrl\":\"https:\/\/secure.gravatar.com\/avatar\/0e37bb19071f47c0b8a23f62a903df117c5a0e75f65a0c2901562f97cd41cf86?s=96&d=mm&r=g\",\"caption\":\"ritanery\"}}]}<\/script>\n<!-- \/ Yoast SEO plugin. -->","yoast_head_json":{"title":"FAI\/UNESCO\/METODISTA: REFER\u00caNCIA ACAD\u00caMICA ENTRE OS ANOS DE 1.999 E 2.006! - R\u00e1dio Life FM","robots":{"index":"index","follow":"follow","max-snippet":"max-snippet:-1","max-image-preview":"max-image-preview:large","max-video-preview":"max-video-preview:-1"},"canonical":"https:\/\/radiolifefm.com.br\/noticias\/fai-unesco-metodista-referencia-academica-entre-os-anos-de-1-999-e-2-006\/","og_locale":"pt_BR","og_type":"article","og_title":"FAI\/UNESCO\/METODISTA: REFER\u00caNCIA ACAD\u00caMICA ENTRE OS ANOS DE 1.999 E 2.006! - R\u00e1dio Life FM","og_description":"&#8220;A gesta\u00e7\u00e3o da C\u00e1tedra UNESCO\/UMESP de Comunica\u00e7\u00e3o para o Desenvolvimento Regional come\u00e7ou em outubro de 1994. O professor Jos\u00e9 Marques de Melo foi consultado sobre a possibilidade da Universidade Metodista sediar uma das C\u00e1tedras de Comunica\u00e7\u00e3o previstas para a Am\u00e9rica Latina. E em abril de 1995, representantes da UNESCO visitaram a Universidade, verificando a infraestrutura [&hellip;]","og_url":"https:\/\/radiolifefm.com.br\/noticias\/fai-unesco-metodista-referencia-academica-entre-os-anos-de-1-999-e-2-006\/","og_site_name":"R\u00e1dio Life FM","article_publisher":"https:\/\/www.facebook.com\/radiolifefm\/","article_published_time":"2025-03-14T13:04:35+00:00","article_modified_time":"2026-01-08T09:42:46+00:00","og_image":[{"width":972,"height":1296,"url":"https:\/\/radiolifefm.com.br\/noticias\/wp-content\/uploads\/2022\/04\/WhatsApp-Image-2022-04-10-at-18.43.02.jpeg","type":"image\/jpeg"}],"author":"ritanery","twitter_card":"summary_large_image","twitter_misc":{"Escrito por":"ritanery","Est. tempo de leitura":"4 minutos"},"schema":{"@context":"https:\/\/schema.org","@graph":[{"@type":"Article","@id":"https:\/\/radiolifefm.com.br\/noticias\/fai-unesco-metodista-referencia-academica-entre-os-anos-de-1-999-e-2-006\/#article","isPartOf":{"@id":"https:\/\/radiolifefm.com.br\/noticias\/fai-unesco-metodista-referencia-academica-entre-os-anos-de-1-999-e-2-006\/"},"author":{"name":"ritanery","@id":"https:\/\/radiolifefm.com.br\/noticias\/#\/schema\/person\/6339b9fac59d12b071dec680d7375d87"},"headline":"FAI\/UNESCO\/METODISTA: REFER\u00caNCIA ACAD\u00caMICA ENTRE OS ANOS DE 1.999 E 2.006!","datePublished":"2025-03-14T13:04:35+00:00","dateModified":"2026-01-08T09:42:46+00:00","mainEntityOfPage":{"@id":"https:\/\/radiolifefm.com.br\/noticias\/fai-unesco-metodista-referencia-academica-entre-os-anos-de-1-999-e-2-006\/"},"wordCount":706,"publisher":{"@id":"https:\/\/radiolifefm.com.br\/noticias\/#organization"},"image":{"@id":"https:\/\/radiolifefm.com.br\/noticias\/fai-unesco-metodista-referencia-academica-entre-os-anos-de-1-999-e-2-006\/#primaryimage"},"thumbnailUrl":"https:\/\/radiolifefm.com.br\/noticias\/wp-content\/uploads\/2022\/04\/WhatsApp-Image-2022-04-10-at-18.43.02.jpeg","articleSection":["Opini\u00e3o"],"inLanguage":"pt-BR"},{"@type":"WebPage","@id":"https:\/\/radiolifefm.com.br\/noticias\/fai-unesco-metodista-referencia-academica-entre-os-anos-de-1-999-e-2-006\/","url":"https:\/\/radiolifefm.com.br\/noticias\/fai-unesco-metodista-referencia-academica-entre-os-anos-de-1-999-e-2-006\/","name":"FAI\/UNESCO\/METODISTA: REFER\u00caNCIA ACAD\u00caMICA ENTRE OS ANOS DE 1.999 E 2.006! - R\u00e1dio Life FM","isPartOf":{"@id":"https:\/\/radiolifefm.com.br\/noticias\/#website"},"primaryImageOfPage":{"@id":"https:\/\/radiolifefm.com.br\/noticias\/fai-unesco-metodista-referencia-academica-entre-os-anos-de-1-999-e-2-006\/#primaryimage"},"image":{"@id":"https:\/\/radiolifefm.com.br\/noticias\/fai-unesco-metodista-referencia-academica-entre-os-anos-de-1-999-e-2-006\/#primaryimage"},"thumbnailUrl":"https:\/\/radiolifefm.com.br\/noticias\/wp-content\/uploads\/2022\/04\/WhatsApp-Image-2022-04-10-at-18.43.02.jpeg","datePublished":"2025-03-14T13:04:35+00:00","dateModified":"2026-01-08T09:42:46+00:00","breadcrumb":{"@id":"https:\/\/radiolifefm.com.br\/noticias\/fai-unesco-metodista-referencia-academica-entre-os-anos-de-1-999-e-2-006\/#breadcrumb"},"inLanguage":"pt-BR","potentialAction":[{"@type":"ReadAction","target":["https:\/\/radiolifefm.com.br\/noticias\/fai-unesco-metodista-referencia-academica-entre-os-anos-de-1-999-e-2-006\/"]}]},{"@type":"ImageObject","inLanguage":"pt-BR","@id":"https:\/\/radiolifefm.com.br\/noticias\/fai-unesco-metodista-referencia-academica-entre-os-anos-de-1-999-e-2-006\/#primaryimage","url":"https:\/\/radiolifefm.com.br\/noticias\/wp-content\/uploads\/2022\/04\/WhatsApp-Image-2022-04-10-at-18.43.02.jpeg","contentUrl":"https:\/\/radiolifefm.com.br\/noticias\/wp-content\/uploads\/2022\/04\/WhatsApp-Image-2022-04-10-at-18.43.02.jpeg","width":972,"height":1296,"caption":"S\u00e9rgio Barbosa"},{"@type":"BreadcrumbList","@id":"https:\/\/radiolifefm.com.br\/noticias\/fai-unesco-metodista-referencia-academica-entre-os-anos-de-1-999-e-2-006\/#breadcrumb","itemListElement":[{"@type":"ListItem","position":1,"name":"In\u00edcio","item":"https:\/\/radiolifefm.com.br\/noticias\/"},{"@type":"ListItem","position":2,"name":"FAI\/UNESCO\/METODISTA: REFER\u00caNCIA ACAD\u00caMICA ENTRE OS ANOS DE 1.999 E 2.006!"}]},{"@type":"WebSite","@id":"https:\/\/radiolifefm.com.br\/noticias\/#website","url":"https:\/\/radiolifefm.com.br\/noticias\/","name":"R\u00e1dio Life FM","description":"O Portal de Not\u00edcias de Adamantina","publisher":{"@id":"https:\/\/radiolifefm.com.br\/noticias\/#organization"},"alternateName":"Life FM","potentialAction":[{"@type":"SearchAction","target":{"@type":"EntryPoint","urlTemplate":"https:\/\/radiolifefm.com.br\/noticias\/?s={search_term_string}"},"query-input":{"@type":"PropertyValueSpecification","valueRequired":true,"valueName":"search_term_string"}}],"inLanguage":"pt-BR"},{"@type":"Organization","@id":"https:\/\/radiolifefm.com.br\/noticias\/#organization","name":"R\u00e1dio Life FM","alternateName":"Life FM","url":"https:\/\/radiolifefm.com.br\/noticias\/","logo":{"@type":"ImageObject","inLanguage":"pt-BR","@id":"https:\/\/radiolifefm.com.br\/noticias\/#\/schema\/logo\/image\/","url":"https:\/\/static.radiolifefm.com.br\/noticias\/wp-content\/uploads\/2019\/10\/logo-lifefm.png","contentUrl":"https:\/\/static.radiolifefm.com.br\/noticias\/wp-content\/uploads\/2019\/10\/logo-lifefm.png","width":196,"height":47,"caption":"R\u00e1dio Life FM"},"image":{"@id":"https:\/\/radiolifefm.com.br\/noticias\/#\/schema\/logo\/image\/"},"sameAs":["https:\/\/www.facebook.com\/radiolifefm\/","https:\/\/www.instagram.com\/life1079fm\/"]},{"@type":"Person","@id":"https:\/\/radiolifefm.com.br\/noticias\/#\/schema\/person\/6339b9fac59d12b071dec680d7375d87","name":"ritanery","image":{"@type":"ImageObject","inLanguage":"pt-BR","@id":"https:\/\/secure.gravatar.com\/avatar\/0e37bb19071f47c0b8a23f62a903df117c5a0e75f65a0c2901562f97cd41cf86?s=96&d=mm&r=g","url":"https:\/\/secure.gravatar.com\/avatar\/0e37bb19071f47c0b8a23f62a903df117c5a0e75f65a0c2901562f97cd41cf86?s=96&d=mm&r=g","contentUrl":"https:\/\/secure.gravatar.com\/avatar\/0e37bb19071f47c0b8a23f62a903df117c5a0e75f65a0c2901562f97cd41cf86?s=96&d=mm&r=g","caption":"ritanery"}}]}},"amp_enabled":true,"_links":{"self":[{"href":"https:\/\/radiolifefm.com.br\/noticias\/wp-json\/wp\/v2\/posts\/98666","targetHints":{"allow":["GET"]}}],"collection":[{"href":"https:\/\/radiolifefm.com.br\/noticias\/wp-json\/wp\/v2\/posts"}],"about":[{"href":"https:\/\/radiolifefm.com.br\/noticias\/wp-json\/wp\/v2\/types\/post"}],"author":[{"embeddable":true,"href":"https:\/\/radiolifefm.com.br\/noticias\/wp-json\/wp\/v2\/users\/13"}],"replies":[{"embeddable":true,"href":"https:\/\/radiolifefm.com.br\/noticias\/wp-json\/wp\/v2\/comments?post=98666"}],"version-history":[{"count":1,"href":"https:\/\/radiolifefm.com.br\/noticias\/wp-json\/wp\/v2\/posts\/98666\/revisions"}],"predecessor-version":[{"id":98667,"href":"https:\/\/radiolifefm.com.br\/noticias\/wp-json\/wp\/v2\/posts\/98666\/revisions\/98667"}],"wp:featuredmedia":[{"embeddable":true,"href":"https:\/\/radiolifefm.com.br\/noticias\/wp-json\/wp\/v2\/media\/51988"}],"wp:attachment":[{"href":"https:\/\/radiolifefm.com.br\/noticias\/wp-json\/wp\/v2\/media?parent=98666"}],"wp:term":[{"taxonomy":"category","embeddable":true,"href":"https:\/\/radiolifefm.com.br\/noticias\/wp-json\/wp\/v2\/categories?post=98666"},{"taxonomy":"post_tag","embeddable":true,"href":"https:\/\/radiolifefm.com.br\/noticias\/wp-json\/wp\/v2\/tags?post=98666"}],"curies":[{"name":"wp","href":"https:\/\/api.w.org\/{rel}","templated":true}]}}