{"id":98294,"date":"2025-03-03T11:00:30","date_gmt":"2025-03-03T14:00:30","guid":{"rendered":"https:\/\/radiolifefm.com.br\/noticias\/?p=98294"},"modified":"2026-01-11T08:13:35","modified_gmt":"2026-01-11T11:13:35","slug":"uma-provincia-na-boca-de-espera","status":"publish","type":"post","link":"https:\/\/radiolifefm.com.br\/noticias\/uma-provincia-na-boca-de-espera\/","title":{"rendered":"Uma Prov\u00edncia na Boca de espera\u2026"},"content":{"rendered":"<div id=\"fb-root\"><\/div>\n<p><strong>\u201cMinha boca espera pela sua<br \/>\nMinha boca espera por outras bocas<br \/>\nInsaci\u00e1vel desejo que nos guia<br \/>\nAt\u00e9 o final de nossos dias\u201d.<\/strong><\/p>\n<p><strong>(<a href=\"https:\/\/www.pensador.com\/autor\/mayza_graziella\/\" target=\"_blank\" rel=\"nofollow noopener\">Mayza Graziella<\/a>)<\/strong><\/p>\n<p><strong>\u00a0<\/strong><\/p>\n<p><strong>By seb@r.<\/strong><\/p>\n<p>&nbsp;<\/p>\n<p>Ent\u00e3o, do jeito que as coisas est\u00e3o indo e vindo neste CEN\u00c1RIO PROVINCIANO, ainda, nas atividades que envolvem o PODER P\u00daBLICO, pode-se registrar que at\u00e9 o momento, apenas isto e aquilo, ainda, sem mais e sem menos\u2026<\/p>\n<p>Por\u00e9m, a CONTAGEM REGRESSIVA est\u00e1 em andamento quanto a Presta\u00e7\u00e3o de contas nos ditos pelo n\u00e3o dito dos 100 DIAS DE GOVERNO, todavia, espera-se de um jeito ou de outro que n\u00e3o seja de um DESGOVERNO\u2026<\/p>\n<p>Pode ser que tudo fique do jeito que est\u00e1, haja vista que uma COISA \u00e9 estar em CAMPANHA ELEITORAL, outra coisa (sic) e estar como GESTOR MUNICIPAL\u2026<\/p>\n<p>Mesmo assim, tudo pode acontecer neste contexto SINGULAR com propostas mediadas pelo PLURAL, isso \u00e9, quando se trata de posicionar as TEORIAS em PRAXIS\u2026<\/p>\n<p>Neste momento, pode se considerar que s\u00e3o apenas DOIS MESES de GEST\u00c3O, assim, faz-se necess\u00e1rio dar TEMPO para este TEMPO NOVO (sic) TEMPO\u2026<\/p>\n<p>Tamb\u00e9m, existem muitos DESENCONTROS que est\u00e3o ocorrendo quanto a forma\u00e7\u00e3o da EQUIPE DE APOIO, ou seja, este\/a SECRET\u00c1RIO\/A n\u00e3o est\u00e1 de acordo com o esperado, entretanto, como diz o dito popular, MUITA \u00c1GUA, AINDA, VAI PASSAR DEBAIXO DESTA PONTE\u2026<\/p>\n<p>E tem mais, na CAMPANHA ELEITORAL, pelo menos at\u00e9 onde estou lembrando aqui, tamb\u00e9m, depois de ELEITO, que seria executado uma AUDITORIA, ainda, de acordo com o PADR\u00c3O \u201cNOVO\u201d DE QUALIDADE\u2026<\/p>\n<p>Desta forma, a COMUNIDADE PROVINCIANA deve ficar em ESTADO DE ALERTA, pois, existem diversas frases que dizem muito com poucas palavras, a saber: EU ERA FELIZ E N\u00c3O SABIA\u2026<\/p>\n<p>N\u00e3o se pode esquecer dos DESENCONTROS patrocinados pela GEST\u00c3O PINOQUIANA dos \u00faltimos anos, por\u00e9m, cada GESTOR com suas prioridades em nome da EQUIPE, al\u00e9m do mais em meio ao tudo de menos, a MAIORIA DOS\/AS PROVINCIANOS\/AS aprovou o nome do atual GESTOR MUNICIPAL para os pr\u00f3ximos QUATRO, ainda, LONGOS ANOS\u2026<\/p>\n<p>Pra refor\u00e7ar e n\u00e3o esquecerem, PERDERAM MAN\u00c9S!<\/p>\n<p>QUEM SOBREVIVER VAI SABER\u2026<\/p>\n<p>&nbsp;<\/p>\n<p>&nbsp;<\/p>\n<p><strong>e-mail:\u00a0<\/strong><a href=\"mailto:barbosa.sebar@gmail.com\"><strong>barbosa.sebar@gmail.com<\/strong><\/a><\/p>\n","protected":false},"excerpt":{"rendered":"<p>\u201cMinha boca espera pela sua Minha boca espera por outras bocas Insaci\u00e1vel desejo que nos guia At\u00e9 o final de nossos dias\u201d. (Mayza Graziella) \u00a0 By seb@r. &nbsp; Ent\u00e3o, do jeito que as coisas est\u00e3o indo e vindo neste CEN\u00c1RIO PROVINCIANO, ainda, nas atividades que envolvem o PODER P\u00daBLICO, pode-se registrar que at\u00e9 o momento, [&hellip;]<\/p>\n","protected":false},"author":13,"featured_media":51988,"comment_status":"closed","ping_status":"open","sticky":false,"template":"","format":"standard","meta":{"_acf_changed":false,"_exactmetrics_skip_tracking":false,"_exactmetrics_sitenote_active":false,"_exactmetrics_sitenote_note":"","_exactmetrics_sitenote_category":0,"footnotes":""},"categories":[59],"tags":[],"class_list":["post-98294","post","type-post","status-publish","format-standard","has-post-thumbnail","hentry","category-opiniao"],"acf":[],"yoast_head":"<!-- This site is optimized with the Yoast SEO plugin v27.2 - https:\/\/yoast.com\/product\/yoast-seo-wordpress\/ -->\n<title>Uma Prov\u00edncia na Boca de espera\u2026 - R\u00e1dio Life FM<\/title>\n<meta name=\"robots\" content=\"index, follow, max-snippet:-1, max-image-preview:large, max-video-preview:-1\" \/>\n<link rel=\"canonical\" href=\"https:\/\/radiolifefm.com.br\/noticias\/uma-provincia-na-boca-de-espera\/\" \/>\n<meta property=\"og:locale\" content=\"pt_BR\" \/>\n<meta property=\"og:type\" content=\"article\" \/>\n<meta property=\"og:title\" content=\"Uma Prov\u00edncia na Boca de espera\u2026 - R\u00e1dio Life FM\" \/>\n<meta property=\"og:description\" content=\"\u201cMinha boca espera pela sua Minha boca espera por outras bocas Insaci\u00e1vel desejo que nos guia At\u00e9 o final de nossos dias\u201d. (Mayza Graziella) \u00a0 By seb@r. &nbsp; Ent\u00e3o, do jeito que as coisas est\u00e3o indo e vindo neste CEN\u00c1RIO PROVINCIANO, ainda, nas atividades que envolvem o PODER P\u00daBLICO, pode-se registrar que at\u00e9 o momento, [&hellip;]\" \/>\n<meta property=\"og:url\" content=\"https:\/\/radiolifefm.com.br\/noticias\/uma-provincia-na-boca-de-espera\/\" \/>\n<meta property=\"og:site_name\" content=\"R\u00e1dio Life FM\" \/>\n<meta property=\"article:publisher\" content=\"https:\/\/www.facebook.com\/radiolifefm\/\" \/>\n<meta property=\"article:published_time\" content=\"2025-03-03T14:00:30+00:00\" \/>\n<meta property=\"article:modified_time\" content=\"2026-01-11T11:13:35+00:00\" \/>\n<meta property=\"og:image\" content=\"https:\/\/radiolifefm.com.br\/noticias\/wp-content\/uploads\/2022\/04\/WhatsApp-Image-2022-04-10-at-18.43.02.jpeg\" \/>\n\t<meta property=\"og:image:width\" content=\"972\" \/>\n\t<meta property=\"og:image:height\" content=\"1296\" \/>\n\t<meta property=\"og:image:type\" content=\"image\/jpeg\" \/>\n<meta name=\"author\" content=\"ritanery\" \/>\n<meta name=\"twitter:card\" content=\"summary_large_image\" \/>\n<meta name=\"twitter:label1\" content=\"Escrito por\" \/>\n\t<meta name=\"twitter:data1\" content=\"ritanery\" \/>\n\t<meta name=\"twitter:label2\" content=\"Est. tempo de leitura\" \/>\n\t<meta name=\"twitter:data2\" content=\"3 minutos\" \/>\n<script type=\"application\/ld+json\" class=\"yoast-schema-graph\">{\"@context\":\"https:\/\/schema.org\",\"@graph\":[{\"@type\":\"Article\",\"@id\":\"https:\/\/radiolifefm.com.br\/noticias\/uma-provincia-na-boca-de-espera\/#article\",\"isPartOf\":{\"@id\":\"https:\/\/radiolifefm.com.br\/noticias\/uma-provincia-na-boca-de-espera\/\"},\"author\":{\"name\":\"ritanery\",\"@id\":\"https:\/\/radiolifefm.com.br\/noticias\/#\/schema\/person\/6339b9fac59d12b071dec680d7375d87\"},\"headline\":\"Uma Prov\u00edncia na Boca de espera\u2026\",\"datePublished\":\"2025-03-03T14:00:30+00:00\",\"dateModified\":\"2026-01-11T11:13:35+00:00\",\"mainEntityOfPage\":{\"@id\":\"https:\/\/radiolifefm.com.br\/noticias\/uma-provincia-na-boca-de-espera\/\"},\"wordCount\":378,\"publisher\":{\"@id\":\"https:\/\/radiolifefm.com.br\/noticias\/#organization\"},\"image\":{\"@id\":\"https:\/\/radiolifefm.com.br\/noticias\/uma-provincia-na-boca-de-espera\/#primaryimage\"},\"thumbnailUrl\":\"https:\/\/radiolifefm.com.br\/noticias\/wp-content\/uploads\/2022\/04\/WhatsApp-Image-2022-04-10-at-18.43.02.jpeg\",\"articleSection\":[\"Opini\u00e3o\"],\"inLanguage\":\"pt-BR\"},{\"@type\":\"WebPage\",\"@id\":\"https:\/\/radiolifefm.com.br\/noticias\/uma-provincia-na-boca-de-espera\/\",\"url\":\"https:\/\/radiolifefm.com.br\/noticias\/uma-provincia-na-boca-de-espera\/\",\"name\":\"Uma Prov\u00edncia na Boca de espera\u2026 - R\u00e1dio Life FM\",\"isPartOf\":{\"@id\":\"https:\/\/radiolifefm.com.br\/noticias\/#website\"},\"primaryImageOfPage\":{\"@id\":\"https:\/\/radiolifefm.com.br\/noticias\/uma-provincia-na-boca-de-espera\/#primaryimage\"},\"image\":{\"@id\":\"https:\/\/radiolifefm.com.br\/noticias\/uma-provincia-na-boca-de-espera\/#primaryimage\"},\"thumbnailUrl\":\"https:\/\/radiolifefm.com.br\/noticias\/wp-content\/uploads\/2022\/04\/WhatsApp-Image-2022-04-10-at-18.43.02.jpeg\",\"datePublished\":\"2025-03-03T14:00:30+00:00\",\"dateModified\":\"2026-01-11T11:13:35+00:00\",\"breadcrumb\":{\"@id\":\"https:\/\/radiolifefm.com.br\/noticias\/uma-provincia-na-boca-de-espera\/#breadcrumb\"},\"inLanguage\":\"pt-BR\",\"potentialAction\":[{\"@type\":\"ReadAction\",\"target\":[\"https:\/\/radiolifefm.com.br\/noticias\/uma-provincia-na-boca-de-espera\/\"]}]},{\"@type\":\"ImageObject\",\"inLanguage\":\"pt-BR\",\"@id\":\"https:\/\/radiolifefm.com.br\/noticias\/uma-provincia-na-boca-de-espera\/#primaryimage\",\"url\":\"https:\/\/radiolifefm.com.br\/noticias\/wp-content\/uploads\/2022\/04\/WhatsApp-Image-2022-04-10-at-18.43.02.jpeg\",\"contentUrl\":\"https:\/\/radiolifefm.com.br\/noticias\/wp-content\/uploads\/2022\/04\/WhatsApp-Image-2022-04-10-at-18.43.02.jpeg\",\"width\":972,\"height\":1296,\"caption\":\"S\u00e9rgio Barbosa\"},{\"@type\":\"BreadcrumbList\",\"@id\":\"https:\/\/radiolifefm.com.br\/noticias\/uma-provincia-na-boca-de-espera\/#breadcrumb\",\"itemListElement\":[{\"@type\":\"ListItem\",\"position\":1,\"name\":\"In\u00edcio\",\"item\":\"https:\/\/radiolifefm.com.br\/noticias\/\"},{\"@type\":\"ListItem\",\"position\":2,\"name\":\"Uma Prov\u00edncia na Boca de espera\u2026\"}]},{\"@type\":\"WebSite\",\"@id\":\"https:\/\/radiolifefm.com.br\/noticias\/#website\",\"url\":\"https:\/\/radiolifefm.com.br\/noticias\/\",\"name\":\"R\u00e1dio Life FM\",\"description\":\"O Portal de Not\u00edcias de Adamantina\",\"publisher\":{\"@id\":\"https:\/\/radiolifefm.com.br\/noticias\/#organization\"},\"alternateName\":\"Life FM\",\"potentialAction\":[{\"@type\":\"SearchAction\",\"target\":{\"@type\":\"EntryPoint\",\"urlTemplate\":\"https:\/\/radiolifefm.com.br\/noticias\/?s={search_term_string}\"},\"query-input\":{\"@type\":\"PropertyValueSpecification\",\"valueRequired\":true,\"valueName\":\"search_term_string\"}}],\"inLanguage\":\"pt-BR\"},{\"@type\":\"Organization\",\"@id\":\"https:\/\/radiolifefm.com.br\/noticias\/#organization\",\"name\":\"R\u00e1dio Life FM\",\"alternateName\":\"Life FM\",\"url\":\"https:\/\/radiolifefm.com.br\/noticias\/\",\"logo\":{\"@type\":\"ImageObject\",\"inLanguage\":\"pt-BR\",\"@id\":\"https:\/\/radiolifefm.com.br\/noticias\/#\/schema\/logo\/image\/\",\"url\":\"https:\/\/static.radiolifefm.com.br\/noticias\/wp-content\/uploads\/2019\/10\/logo-lifefm.png\",\"contentUrl\":\"https:\/\/static.radiolifefm.com.br\/noticias\/wp-content\/uploads\/2019\/10\/logo-lifefm.png\",\"width\":196,\"height\":47,\"caption\":\"R\u00e1dio Life FM\"},\"image\":{\"@id\":\"https:\/\/radiolifefm.com.br\/noticias\/#\/schema\/logo\/image\/\"},\"sameAs\":[\"https:\/\/www.facebook.com\/radiolifefm\/\",\"https:\/\/www.instagram.com\/life1079fm\/\"]},{\"@type\":\"Person\",\"@id\":\"https:\/\/radiolifefm.com.br\/noticias\/#\/schema\/person\/6339b9fac59d12b071dec680d7375d87\",\"name\":\"ritanery\",\"image\":{\"@type\":\"ImageObject\",\"inLanguage\":\"pt-BR\",\"@id\":\"https:\/\/secure.gravatar.com\/avatar\/0e37bb19071f47c0b8a23f62a903df117c5a0e75f65a0c2901562f97cd41cf86?s=96&d=mm&r=g\",\"url\":\"https:\/\/secure.gravatar.com\/avatar\/0e37bb19071f47c0b8a23f62a903df117c5a0e75f65a0c2901562f97cd41cf86?s=96&d=mm&r=g\",\"contentUrl\":\"https:\/\/secure.gravatar.com\/avatar\/0e37bb19071f47c0b8a23f62a903df117c5a0e75f65a0c2901562f97cd41cf86?s=96&d=mm&r=g\",\"caption\":\"ritanery\"}}]}<\/script>\n<!-- \/ Yoast SEO plugin. -->","yoast_head_json":{"title":"Uma Prov\u00edncia na Boca de espera\u2026 - R\u00e1dio Life FM","robots":{"index":"index","follow":"follow","max-snippet":"max-snippet:-1","max-image-preview":"max-image-preview:large","max-video-preview":"max-video-preview:-1"},"canonical":"https:\/\/radiolifefm.com.br\/noticias\/uma-provincia-na-boca-de-espera\/","og_locale":"pt_BR","og_type":"article","og_title":"Uma Prov\u00edncia na Boca de espera\u2026 - R\u00e1dio Life FM","og_description":"\u201cMinha boca espera pela sua Minha boca espera por outras bocas Insaci\u00e1vel desejo que nos guia At\u00e9 o final de nossos dias\u201d. (Mayza Graziella) \u00a0 By seb@r. &nbsp; Ent\u00e3o, do jeito que as coisas est\u00e3o indo e vindo neste CEN\u00c1RIO PROVINCIANO, ainda, nas atividades que envolvem o PODER P\u00daBLICO, pode-se registrar que at\u00e9 o momento, [&hellip;]","og_url":"https:\/\/radiolifefm.com.br\/noticias\/uma-provincia-na-boca-de-espera\/","og_site_name":"R\u00e1dio Life FM","article_publisher":"https:\/\/www.facebook.com\/radiolifefm\/","article_published_time":"2025-03-03T14:00:30+00:00","article_modified_time":"2026-01-11T11:13:35+00:00","og_image":[{"width":972,"height":1296,"url":"https:\/\/radiolifefm.com.br\/noticias\/wp-content\/uploads\/2022\/04\/WhatsApp-Image-2022-04-10-at-18.43.02.jpeg","type":"image\/jpeg"}],"author":"ritanery","twitter_card":"summary_large_image","twitter_misc":{"Escrito por":"ritanery","Est. tempo de leitura":"3 minutos"},"schema":{"@context":"https:\/\/schema.org","@graph":[{"@type":"Article","@id":"https:\/\/radiolifefm.com.br\/noticias\/uma-provincia-na-boca-de-espera\/#article","isPartOf":{"@id":"https:\/\/radiolifefm.com.br\/noticias\/uma-provincia-na-boca-de-espera\/"},"author":{"name":"ritanery","@id":"https:\/\/radiolifefm.com.br\/noticias\/#\/schema\/person\/6339b9fac59d12b071dec680d7375d87"},"headline":"Uma Prov\u00edncia na Boca de espera\u2026","datePublished":"2025-03-03T14:00:30+00:00","dateModified":"2026-01-11T11:13:35+00:00","mainEntityOfPage":{"@id":"https:\/\/radiolifefm.com.br\/noticias\/uma-provincia-na-boca-de-espera\/"},"wordCount":378,"publisher":{"@id":"https:\/\/radiolifefm.com.br\/noticias\/#organization"},"image":{"@id":"https:\/\/radiolifefm.com.br\/noticias\/uma-provincia-na-boca-de-espera\/#primaryimage"},"thumbnailUrl":"https:\/\/radiolifefm.com.br\/noticias\/wp-content\/uploads\/2022\/04\/WhatsApp-Image-2022-04-10-at-18.43.02.jpeg","articleSection":["Opini\u00e3o"],"inLanguage":"pt-BR"},{"@type":"WebPage","@id":"https:\/\/radiolifefm.com.br\/noticias\/uma-provincia-na-boca-de-espera\/","url":"https:\/\/radiolifefm.com.br\/noticias\/uma-provincia-na-boca-de-espera\/","name":"Uma Prov\u00edncia na Boca de espera\u2026 - R\u00e1dio Life FM","isPartOf":{"@id":"https:\/\/radiolifefm.com.br\/noticias\/#website"},"primaryImageOfPage":{"@id":"https:\/\/radiolifefm.com.br\/noticias\/uma-provincia-na-boca-de-espera\/#primaryimage"},"image":{"@id":"https:\/\/radiolifefm.com.br\/noticias\/uma-provincia-na-boca-de-espera\/#primaryimage"},"thumbnailUrl":"https:\/\/radiolifefm.com.br\/noticias\/wp-content\/uploads\/2022\/04\/WhatsApp-Image-2022-04-10-at-18.43.02.jpeg","datePublished":"2025-03-03T14:00:30+00:00","dateModified":"2026-01-11T11:13:35+00:00","breadcrumb":{"@id":"https:\/\/radiolifefm.com.br\/noticias\/uma-provincia-na-boca-de-espera\/#breadcrumb"},"inLanguage":"pt-BR","potentialAction":[{"@type":"ReadAction","target":["https:\/\/radiolifefm.com.br\/noticias\/uma-provincia-na-boca-de-espera\/"]}]},{"@type":"ImageObject","inLanguage":"pt-BR","@id":"https:\/\/radiolifefm.com.br\/noticias\/uma-provincia-na-boca-de-espera\/#primaryimage","url":"https:\/\/radiolifefm.com.br\/noticias\/wp-content\/uploads\/2022\/04\/WhatsApp-Image-2022-04-10-at-18.43.02.jpeg","contentUrl":"https:\/\/radiolifefm.com.br\/noticias\/wp-content\/uploads\/2022\/04\/WhatsApp-Image-2022-04-10-at-18.43.02.jpeg","width":972,"height":1296,"caption":"S\u00e9rgio Barbosa"},{"@type":"BreadcrumbList","@id":"https:\/\/radiolifefm.com.br\/noticias\/uma-provincia-na-boca-de-espera\/#breadcrumb","itemListElement":[{"@type":"ListItem","position":1,"name":"In\u00edcio","item":"https:\/\/radiolifefm.com.br\/noticias\/"},{"@type":"ListItem","position":2,"name":"Uma Prov\u00edncia na Boca de espera\u2026"}]},{"@type":"WebSite","@id":"https:\/\/radiolifefm.com.br\/noticias\/#website","url":"https:\/\/radiolifefm.com.br\/noticias\/","name":"R\u00e1dio Life FM","description":"O Portal de Not\u00edcias de Adamantina","publisher":{"@id":"https:\/\/radiolifefm.com.br\/noticias\/#organization"},"alternateName":"Life FM","potentialAction":[{"@type":"SearchAction","target":{"@type":"EntryPoint","urlTemplate":"https:\/\/radiolifefm.com.br\/noticias\/?s={search_term_string}"},"query-input":{"@type":"PropertyValueSpecification","valueRequired":true,"valueName":"search_term_string"}}],"inLanguage":"pt-BR"},{"@type":"Organization","@id":"https:\/\/radiolifefm.com.br\/noticias\/#organization","name":"R\u00e1dio Life FM","alternateName":"Life FM","url":"https:\/\/radiolifefm.com.br\/noticias\/","logo":{"@type":"ImageObject","inLanguage":"pt-BR","@id":"https:\/\/radiolifefm.com.br\/noticias\/#\/schema\/logo\/image\/","url":"https:\/\/static.radiolifefm.com.br\/noticias\/wp-content\/uploads\/2019\/10\/logo-lifefm.png","contentUrl":"https:\/\/static.radiolifefm.com.br\/noticias\/wp-content\/uploads\/2019\/10\/logo-lifefm.png","width":196,"height":47,"caption":"R\u00e1dio Life FM"},"image":{"@id":"https:\/\/radiolifefm.com.br\/noticias\/#\/schema\/logo\/image\/"},"sameAs":["https:\/\/www.facebook.com\/radiolifefm\/","https:\/\/www.instagram.com\/life1079fm\/"]},{"@type":"Person","@id":"https:\/\/radiolifefm.com.br\/noticias\/#\/schema\/person\/6339b9fac59d12b071dec680d7375d87","name":"ritanery","image":{"@type":"ImageObject","inLanguage":"pt-BR","@id":"https:\/\/secure.gravatar.com\/avatar\/0e37bb19071f47c0b8a23f62a903df117c5a0e75f65a0c2901562f97cd41cf86?s=96&d=mm&r=g","url":"https:\/\/secure.gravatar.com\/avatar\/0e37bb19071f47c0b8a23f62a903df117c5a0e75f65a0c2901562f97cd41cf86?s=96&d=mm&r=g","contentUrl":"https:\/\/secure.gravatar.com\/avatar\/0e37bb19071f47c0b8a23f62a903df117c5a0e75f65a0c2901562f97cd41cf86?s=96&d=mm&r=g","caption":"ritanery"}}]}},"amp_enabled":true,"_links":{"self":[{"href":"https:\/\/radiolifefm.com.br\/noticias\/wp-json\/wp\/v2\/posts\/98294","targetHints":{"allow":["GET"]}}],"collection":[{"href":"https:\/\/radiolifefm.com.br\/noticias\/wp-json\/wp\/v2\/posts"}],"about":[{"href":"https:\/\/radiolifefm.com.br\/noticias\/wp-json\/wp\/v2\/types\/post"}],"author":[{"embeddable":true,"href":"https:\/\/radiolifefm.com.br\/noticias\/wp-json\/wp\/v2\/users\/13"}],"replies":[{"embeddable":true,"href":"https:\/\/radiolifefm.com.br\/noticias\/wp-json\/wp\/v2\/comments?post=98294"}],"version-history":[{"count":1,"href":"https:\/\/radiolifefm.com.br\/noticias\/wp-json\/wp\/v2\/posts\/98294\/revisions"}],"predecessor-version":[{"id":98295,"href":"https:\/\/radiolifefm.com.br\/noticias\/wp-json\/wp\/v2\/posts\/98294\/revisions\/98295"}],"wp:featuredmedia":[{"embeddable":true,"href":"https:\/\/radiolifefm.com.br\/noticias\/wp-json\/wp\/v2\/media\/51988"}],"wp:attachment":[{"href":"https:\/\/radiolifefm.com.br\/noticias\/wp-json\/wp\/v2\/media?parent=98294"}],"wp:term":[{"taxonomy":"category","embeddable":true,"href":"https:\/\/radiolifefm.com.br\/noticias\/wp-json\/wp\/v2\/categories?post=98294"},{"taxonomy":"post_tag","embeddable":true,"href":"https:\/\/radiolifefm.com.br\/noticias\/wp-json\/wp\/v2\/tags?post=98294"}],"curies":[{"name":"wp","href":"https:\/\/api.w.org\/{rel}","templated":true}]}}