{"id":98265,"date":"2025-03-01T19:11:36","date_gmt":"2025-03-01T22:11:36","guid":{"rendered":"https:\/\/radiolifefm.com.br\/noticias\/?p=98265"},"modified":"2026-04-09T01:21:52","modified_gmt":"2026-04-09T04:21:52","slug":"conta-de-energia-eletrica-permanecera-sem-cobranca-extra-em-marco","status":"publish","type":"post","link":"https:\/\/radiolifefm.com.br\/noticias\/conta-de-energia-eletrica-permanecera-sem-cobranca-extra-em-marco\/","title":{"rendered":"Conta de energia el\u00e9trica permanecer\u00e1 sem cobran\u00e7a extra em mar\u00e7o"},"content":{"rendered":"<div id=\"fb-root\"><\/div>\n<p><strong>A Ag\u00eancia Nacional de Energia El\u00e9trica (Aneel) decidiu manter a bandeira tarif\u00e1ria verde em mar\u00e7o, o que significa que n\u00e3o haver\u00e1 cobran\u00e7a adicional nas contas de energia.\u00a0<\/strong>Segundo a ag\u00eancia, a medida reflete as condi\u00e7\u00f5es favor\u00e1veis de gera\u00e7\u00e3o de energia no pa\u00eds.<img decoding=\"async\" src=\"https:\/\/agenciabrasil.ebc.com.br\/ebc.png?id=1632311&amp;o=node\" \/><img decoding=\"async\" src=\"https:\/\/agenciabrasil.ebc.com.br\/ebc.gif?id=1632311&amp;o=node\" \/><\/p>\n<p>A\u00a0<a href=\"http:\/\/agenciabrasil.ebc.com.br\/economia\/noticia\/2025-01\/consumidor-continuara-sem-cobranca-extra-na-conta-de-luz-em-fevereiro\">bandeira tarif\u00e1ria permanece verde<\/a>\u00a0desde dezembro de 2024.<\/p>\n<blockquote><p>\u201cCom o per\u00edodo chuvoso, os n\u00edveis dos reservat\u00f3rios melhoraram, assim como as condi\u00e7\u00f5es de gera\u00e7\u00e3o das usinas hidrel\u00e9tricas. Dessa forma, o acionamento de usinas termel\u00e9tricas, que possuem energia mais cara, torna-se menos necess\u00e1rio\u201d, explica a Aneel.<\/p><\/blockquote>\n<h2>Bandeiras tarif\u00e1rias<\/h2>\n<p><strong>Criado em 2015 pela Aneel, o sistema de bandeiras tarif\u00e1rias reflete os custos vari\u00e1veis da gera\u00e7\u00e3o de energia el\u00e9trica.<\/strong>\u00a0Divididas em n\u00edveis, as bandeiras indicam quanto est\u00e1 custando para o Sistema Interligado Nacional gerar a energia usada nas casas, em estabelecimentos comerciais e nas ind\u00fastrias.<\/p>\n<p>Quando a conta de luz \u00e9 calculada pela bandeira verde, n\u00e3o h\u00e1 nenhum acr\u00e9scimo. Quando s\u00e3o aplicadas as bandeiras vermelha ou amarela, a conta sofre acr\u00e9scimos a cada 100 quilowatts-hora (kWh) consumidos.<\/p>\n<p>Fonte: Agencia Brasil<\/p>\n","protected":false},"excerpt":{"rendered":"<p>A Ag\u00eancia Nacional de Energia El\u00e9trica (Aneel) decidiu manter a bandeira tarif\u00e1ria verde em mar\u00e7o, o que significa que n\u00e3o haver\u00e1 cobran\u00e7a adicional nas contas de energia.\u00a0Segundo a ag\u00eancia, a medida reflete as condi\u00e7\u00f5es favor\u00e1veis de gera\u00e7\u00e3o de energia no pa\u00eds. A\u00a0bandeira tarif\u00e1ria permanece verde\u00a0desde dezembro de 2024. \u201cCom o per\u00edodo chuvoso, os n\u00edveis dos [&hellip;]<\/p>\n","protected":false},"author":13,"featured_media":98266,"comment_status":"closed","ping_status":"open","sticky":false,"template":"","format":"standard","meta":{"_acf_changed":false,"_exactmetrics_skip_tracking":false,"_exactmetrics_sitenote_active":false,"_exactmetrics_sitenote_note":"","_exactmetrics_sitenote_category":0,"footnotes":""},"categories":[1],"tags":[],"class_list":["post-98265","post","type-post","status-publish","format-standard","has-post-thumbnail","hentry","category-geral"],"acf":[],"yoast_head":"<!-- This site is optimized with the Yoast SEO plugin v27.2 - https:\/\/yoast.com\/product\/yoast-seo-wordpress\/ -->\n<title>Conta de energia el\u00e9trica permanecer\u00e1 sem cobran\u00e7a extra em mar\u00e7o - R\u00e1dio Life FM<\/title>\n<meta name=\"robots\" content=\"index, follow, max-snippet:-1, max-image-preview:large, max-video-preview:-1\" \/>\n<link rel=\"canonical\" href=\"https:\/\/radiolifefm.com.br\/noticias\/conta-de-energia-eletrica-permanecera-sem-cobranca-extra-em-marco\/\" \/>\n<meta property=\"og:locale\" content=\"pt_BR\" \/>\n<meta property=\"og:type\" content=\"article\" \/>\n<meta property=\"og:title\" content=\"Conta de energia el\u00e9trica permanecer\u00e1 sem cobran\u00e7a extra em mar\u00e7o - R\u00e1dio Life FM\" \/>\n<meta property=\"og:description\" content=\"A Ag\u00eancia Nacional de Energia El\u00e9trica (Aneel) decidiu manter a bandeira tarif\u00e1ria verde em mar\u00e7o, o que significa que n\u00e3o haver\u00e1 cobran\u00e7a adicional nas contas de energia.\u00a0Segundo a ag\u00eancia, a medida reflete as condi\u00e7\u00f5es favor\u00e1veis de gera\u00e7\u00e3o de energia no pa\u00eds. A\u00a0bandeira tarif\u00e1ria permanece verde\u00a0desde dezembro de 2024. \u201cCom o per\u00edodo chuvoso, os n\u00edveis dos [&hellip;]\" \/>\n<meta property=\"og:url\" content=\"https:\/\/radiolifefm.com.br\/noticias\/conta-de-energia-eletrica-permanecera-sem-cobranca-extra-em-marco\/\" \/>\n<meta property=\"og:site_name\" content=\"R\u00e1dio Life FM\" \/>\n<meta property=\"article:publisher\" content=\"https:\/\/www.facebook.com\/radiolifefm\/\" \/>\n<meta property=\"article:published_time\" content=\"2025-03-01T22:11:36+00:00\" \/>\n<meta property=\"article:modified_time\" content=\"2026-04-09T04:21:52+00:00\" \/>\n<meta property=\"og:image\" content=\"https:\/\/radiolifefm.com.br\/noticias\/wp-content\/uploads\/2025\/03\/1.jpg\" \/>\n\t<meta property=\"og:image:width\" content=\"1170\" \/>\n\t<meta property=\"og:image:height\" content=\"700\" \/>\n\t<meta property=\"og:image:type\" content=\"image\/jpeg\" \/>\n<meta name=\"author\" content=\"ritanery\" \/>\n<meta name=\"twitter:card\" content=\"summary_large_image\" \/>\n<meta name=\"twitter:label1\" content=\"Escrito por\" \/>\n\t<meta name=\"twitter:data1\" content=\"ritanery\" \/>\n\t<meta name=\"twitter:label2\" content=\"Est. tempo de leitura\" \/>\n\t<meta name=\"twitter:data2\" content=\"2 minutos\" \/>\n<script type=\"application\/ld+json\" class=\"yoast-schema-graph\">{\"@context\":\"https:\/\/schema.org\",\"@graph\":[{\"@type\":\"Article\",\"@id\":\"https:\/\/radiolifefm.com.br\/noticias\/conta-de-energia-eletrica-permanecera-sem-cobranca-extra-em-marco\/#article\",\"isPartOf\":{\"@id\":\"https:\/\/radiolifefm.com.br\/noticias\/conta-de-energia-eletrica-permanecera-sem-cobranca-extra-em-marco\/\"},\"author\":{\"name\":\"ritanery\",\"@id\":\"https:\/\/radiolifefm.com.br\/noticias\/#\/schema\/person\/6339b9fac59d12b071dec680d7375d87\"},\"headline\":\"Conta de energia el\u00e9trica permanecer\u00e1 sem cobran\u00e7a extra em mar\u00e7o\",\"datePublished\":\"2025-03-01T22:11:36+00:00\",\"dateModified\":\"2026-04-09T04:21:52+00:00\",\"mainEntityOfPage\":{\"@id\":\"https:\/\/radiolifefm.com.br\/noticias\/conta-de-energia-eletrica-permanecera-sem-cobranca-extra-em-marco\/\"},\"wordCount\":209,\"publisher\":{\"@id\":\"https:\/\/radiolifefm.com.br\/noticias\/#organization\"},\"image\":{\"@id\":\"https:\/\/radiolifefm.com.br\/noticias\/conta-de-energia-eletrica-permanecera-sem-cobranca-extra-em-marco\/#primaryimage\"},\"thumbnailUrl\":\"https:\/\/radiolifefm.com.br\/noticias\/wp-content\/uploads\/2025\/03\/1.jpg\",\"articleSection\":[\"Geral\"],\"inLanguage\":\"pt-BR\"},{\"@type\":\"WebPage\",\"@id\":\"https:\/\/radiolifefm.com.br\/noticias\/conta-de-energia-eletrica-permanecera-sem-cobranca-extra-em-marco\/\",\"url\":\"https:\/\/radiolifefm.com.br\/noticias\/conta-de-energia-eletrica-permanecera-sem-cobranca-extra-em-marco\/\",\"name\":\"Conta de energia el\u00e9trica permanecer\u00e1 sem cobran\u00e7a extra em mar\u00e7o - R\u00e1dio Life FM\",\"isPartOf\":{\"@id\":\"https:\/\/radiolifefm.com.br\/noticias\/#website\"},\"primaryImageOfPage\":{\"@id\":\"https:\/\/radiolifefm.com.br\/noticias\/conta-de-energia-eletrica-permanecera-sem-cobranca-extra-em-marco\/#primaryimage\"},\"image\":{\"@id\":\"https:\/\/radiolifefm.com.br\/noticias\/conta-de-energia-eletrica-permanecera-sem-cobranca-extra-em-marco\/#primaryimage\"},\"thumbnailUrl\":\"https:\/\/radiolifefm.com.br\/noticias\/wp-content\/uploads\/2025\/03\/1.jpg\",\"datePublished\":\"2025-03-01T22:11:36+00:00\",\"dateModified\":\"2026-04-09T04:21:52+00:00\",\"breadcrumb\":{\"@id\":\"https:\/\/radiolifefm.com.br\/noticias\/conta-de-energia-eletrica-permanecera-sem-cobranca-extra-em-marco\/#breadcrumb\"},\"inLanguage\":\"pt-BR\",\"potentialAction\":[{\"@type\":\"ReadAction\",\"target\":[\"https:\/\/radiolifefm.com.br\/noticias\/conta-de-energia-eletrica-permanecera-sem-cobranca-extra-em-marco\/\"]}]},{\"@type\":\"ImageObject\",\"inLanguage\":\"pt-BR\",\"@id\":\"https:\/\/radiolifefm.com.br\/noticias\/conta-de-energia-eletrica-permanecera-sem-cobranca-extra-em-marco\/#primaryimage\",\"url\":\"https:\/\/radiolifefm.com.br\/noticias\/wp-content\/uploads\/2025\/03\/1.jpg\",\"contentUrl\":\"https:\/\/radiolifefm.com.br\/noticias\/wp-content\/uploads\/2025\/03\/1.jpg\",\"width\":1170,\"height\":700,\"caption\":\"Medida reflete condi\u00e7\u00f5es favor\u00e1veis de gera\u00e7\u00e3o de usinas hidrel\u00e9tricas\"},{\"@type\":\"BreadcrumbList\",\"@id\":\"https:\/\/radiolifefm.com.br\/noticias\/conta-de-energia-eletrica-permanecera-sem-cobranca-extra-em-marco\/#breadcrumb\",\"itemListElement\":[{\"@type\":\"ListItem\",\"position\":1,\"name\":\"In\u00edcio\",\"item\":\"https:\/\/radiolifefm.com.br\/noticias\/\"},{\"@type\":\"ListItem\",\"position\":2,\"name\":\"Conta de energia el\u00e9trica permanecer\u00e1 sem cobran\u00e7a extra em mar\u00e7o\"}]},{\"@type\":\"WebSite\",\"@id\":\"https:\/\/radiolifefm.com.br\/noticias\/#website\",\"url\":\"https:\/\/radiolifefm.com.br\/noticias\/\",\"name\":\"R\u00e1dio Life FM\",\"description\":\"O Portal de Not\u00edcias de Adamantina\",\"publisher\":{\"@id\":\"https:\/\/radiolifefm.com.br\/noticias\/#organization\"},\"alternateName\":\"Life FM\",\"potentialAction\":[{\"@type\":\"SearchAction\",\"target\":{\"@type\":\"EntryPoint\",\"urlTemplate\":\"https:\/\/radiolifefm.com.br\/noticias\/?s={search_term_string}\"},\"query-input\":{\"@type\":\"PropertyValueSpecification\",\"valueRequired\":true,\"valueName\":\"search_term_string\"}}],\"inLanguage\":\"pt-BR\"},{\"@type\":\"Organization\",\"@id\":\"https:\/\/radiolifefm.com.br\/noticias\/#organization\",\"name\":\"R\u00e1dio Life FM\",\"alternateName\":\"Life FM\",\"url\":\"https:\/\/radiolifefm.com.br\/noticias\/\",\"logo\":{\"@type\":\"ImageObject\",\"inLanguage\":\"pt-BR\",\"@id\":\"https:\/\/radiolifefm.com.br\/noticias\/#\/schema\/logo\/image\/\",\"url\":\"https:\/\/static.radiolifefm.com.br\/noticias\/wp-content\/uploads\/2019\/10\/logo-lifefm.png\",\"contentUrl\":\"https:\/\/static.radiolifefm.com.br\/noticias\/wp-content\/uploads\/2019\/10\/logo-lifefm.png\",\"width\":196,\"height\":47,\"caption\":\"R\u00e1dio Life FM\"},\"image\":{\"@id\":\"https:\/\/radiolifefm.com.br\/noticias\/#\/schema\/logo\/image\/\"},\"sameAs\":[\"https:\/\/www.facebook.com\/radiolifefm\/\",\"https:\/\/www.instagram.com\/life1079fm\/\"]},{\"@type\":\"Person\",\"@id\":\"https:\/\/radiolifefm.com.br\/noticias\/#\/schema\/person\/6339b9fac59d12b071dec680d7375d87\",\"name\":\"ritanery\",\"image\":{\"@type\":\"ImageObject\",\"inLanguage\":\"pt-BR\",\"@id\":\"https:\/\/secure.gravatar.com\/avatar\/0e37bb19071f47c0b8a23f62a903df117c5a0e75f65a0c2901562f97cd41cf86?s=96&d=mm&r=g\",\"url\":\"https:\/\/secure.gravatar.com\/avatar\/0e37bb19071f47c0b8a23f62a903df117c5a0e75f65a0c2901562f97cd41cf86?s=96&d=mm&r=g\",\"contentUrl\":\"https:\/\/secure.gravatar.com\/avatar\/0e37bb19071f47c0b8a23f62a903df117c5a0e75f65a0c2901562f97cd41cf86?s=96&d=mm&r=g\",\"caption\":\"ritanery\"}}]}<\/script>\n<!-- \/ Yoast SEO plugin. -->","yoast_head_json":{"title":"Conta de energia el\u00e9trica permanecer\u00e1 sem cobran\u00e7a extra em mar\u00e7o - R\u00e1dio Life FM","robots":{"index":"index","follow":"follow","max-snippet":"max-snippet:-1","max-image-preview":"max-image-preview:large","max-video-preview":"max-video-preview:-1"},"canonical":"https:\/\/radiolifefm.com.br\/noticias\/conta-de-energia-eletrica-permanecera-sem-cobranca-extra-em-marco\/","og_locale":"pt_BR","og_type":"article","og_title":"Conta de energia el\u00e9trica permanecer\u00e1 sem cobran\u00e7a extra em mar\u00e7o - R\u00e1dio Life FM","og_description":"A Ag\u00eancia Nacional de Energia El\u00e9trica (Aneel) decidiu manter a bandeira tarif\u00e1ria verde em mar\u00e7o, o que significa que n\u00e3o haver\u00e1 cobran\u00e7a adicional nas contas de energia.\u00a0Segundo a ag\u00eancia, a medida reflete as condi\u00e7\u00f5es favor\u00e1veis de gera\u00e7\u00e3o de energia no pa\u00eds. A\u00a0bandeira tarif\u00e1ria permanece verde\u00a0desde dezembro de 2024. \u201cCom o per\u00edodo chuvoso, os n\u00edveis dos [&hellip;]","og_url":"https:\/\/radiolifefm.com.br\/noticias\/conta-de-energia-eletrica-permanecera-sem-cobranca-extra-em-marco\/","og_site_name":"R\u00e1dio Life FM","article_publisher":"https:\/\/www.facebook.com\/radiolifefm\/","article_published_time":"2025-03-01T22:11:36+00:00","article_modified_time":"2026-04-09T04:21:52+00:00","og_image":[{"width":1170,"height":700,"url":"https:\/\/radiolifefm.com.br\/noticias\/wp-content\/uploads\/2025\/03\/1.jpg","type":"image\/jpeg"}],"author":"ritanery","twitter_card":"summary_large_image","twitter_misc":{"Escrito por":"ritanery","Est. tempo de leitura":"2 minutos"},"schema":{"@context":"https:\/\/schema.org","@graph":[{"@type":"Article","@id":"https:\/\/radiolifefm.com.br\/noticias\/conta-de-energia-eletrica-permanecera-sem-cobranca-extra-em-marco\/#article","isPartOf":{"@id":"https:\/\/radiolifefm.com.br\/noticias\/conta-de-energia-eletrica-permanecera-sem-cobranca-extra-em-marco\/"},"author":{"name":"ritanery","@id":"https:\/\/radiolifefm.com.br\/noticias\/#\/schema\/person\/6339b9fac59d12b071dec680d7375d87"},"headline":"Conta de energia el\u00e9trica permanecer\u00e1 sem cobran\u00e7a extra em mar\u00e7o","datePublished":"2025-03-01T22:11:36+00:00","dateModified":"2026-04-09T04:21:52+00:00","mainEntityOfPage":{"@id":"https:\/\/radiolifefm.com.br\/noticias\/conta-de-energia-eletrica-permanecera-sem-cobranca-extra-em-marco\/"},"wordCount":209,"publisher":{"@id":"https:\/\/radiolifefm.com.br\/noticias\/#organization"},"image":{"@id":"https:\/\/radiolifefm.com.br\/noticias\/conta-de-energia-eletrica-permanecera-sem-cobranca-extra-em-marco\/#primaryimage"},"thumbnailUrl":"https:\/\/radiolifefm.com.br\/noticias\/wp-content\/uploads\/2025\/03\/1.jpg","articleSection":["Geral"],"inLanguage":"pt-BR"},{"@type":"WebPage","@id":"https:\/\/radiolifefm.com.br\/noticias\/conta-de-energia-eletrica-permanecera-sem-cobranca-extra-em-marco\/","url":"https:\/\/radiolifefm.com.br\/noticias\/conta-de-energia-eletrica-permanecera-sem-cobranca-extra-em-marco\/","name":"Conta de energia el\u00e9trica permanecer\u00e1 sem cobran\u00e7a extra em mar\u00e7o - R\u00e1dio Life FM","isPartOf":{"@id":"https:\/\/radiolifefm.com.br\/noticias\/#website"},"primaryImageOfPage":{"@id":"https:\/\/radiolifefm.com.br\/noticias\/conta-de-energia-eletrica-permanecera-sem-cobranca-extra-em-marco\/#primaryimage"},"image":{"@id":"https:\/\/radiolifefm.com.br\/noticias\/conta-de-energia-eletrica-permanecera-sem-cobranca-extra-em-marco\/#primaryimage"},"thumbnailUrl":"https:\/\/radiolifefm.com.br\/noticias\/wp-content\/uploads\/2025\/03\/1.jpg","datePublished":"2025-03-01T22:11:36+00:00","dateModified":"2026-04-09T04:21:52+00:00","breadcrumb":{"@id":"https:\/\/radiolifefm.com.br\/noticias\/conta-de-energia-eletrica-permanecera-sem-cobranca-extra-em-marco\/#breadcrumb"},"inLanguage":"pt-BR","potentialAction":[{"@type":"ReadAction","target":["https:\/\/radiolifefm.com.br\/noticias\/conta-de-energia-eletrica-permanecera-sem-cobranca-extra-em-marco\/"]}]},{"@type":"ImageObject","inLanguage":"pt-BR","@id":"https:\/\/radiolifefm.com.br\/noticias\/conta-de-energia-eletrica-permanecera-sem-cobranca-extra-em-marco\/#primaryimage","url":"https:\/\/radiolifefm.com.br\/noticias\/wp-content\/uploads\/2025\/03\/1.jpg","contentUrl":"https:\/\/radiolifefm.com.br\/noticias\/wp-content\/uploads\/2025\/03\/1.jpg","width":1170,"height":700,"caption":"Medida reflete condi\u00e7\u00f5es favor\u00e1veis de gera\u00e7\u00e3o de usinas hidrel\u00e9tricas"},{"@type":"BreadcrumbList","@id":"https:\/\/radiolifefm.com.br\/noticias\/conta-de-energia-eletrica-permanecera-sem-cobranca-extra-em-marco\/#breadcrumb","itemListElement":[{"@type":"ListItem","position":1,"name":"In\u00edcio","item":"https:\/\/radiolifefm.com.br\/noticias\/"},{"@type":"ListItem","position":2,"name":"Conta de energia el\u00e9trica permanecer\u00e1 sem cobran\u00e7a extra em mar\u00e7o"}]},{"@type":"WebSite","@id":"https:\/\/radiolifefm.com.br\/noticias\/#website","url":"https:\/\/radiolifefm.com.br\/noticias\/","name":"R\u00e1dio Life FM","description":"O Portal de Not\u00edcias de Adamantina","publisher":{"@id":"https:\/\/radiolifefm.com.br\/noticias\/#organization"},"alternateName":"Life FM","potentialAction":[{"@type":"SearchAction","target":{"@type":"EntryPoint","urlTemplate":"https:\/\/radiolifefm.com.br\/noticias\/?s={search_term_string}"},"query-input":{"@type":"PropertyValueSpecification","valueRequired":true,"valueName":"search_term_string"}}],"inLanguage":"pt-BR"},{"@type":"Organization","@id":"https:\/\/radiolifefm.com.br\/noticias\/#organization","name":"R\u00e1dio Life FM","alternateName":"Life FM","url":"https:\/\/radiolifefm.com.br\/noticias\/","logo":{"@type":"ImageObject","inLanguage":"pt-BR","@id":"https:\/\/radiolifefm.com.br\/noticias\/#\/schema\/logo\/image\/","url":"https:\/\/static.radiolifefm.com.br\/noticias\/wp-content\/uploads\/2019\/10\/logo-lifefm.png","contentUrl":"https:\/\/static.radiolifefm.com.br\/noticias\/wp-content\/uploads\/2019\/10\/logo-lifefm.png","width":196,"height":47,"caption":"R\u00e1dio Life FM"},"image":{"@id":"https:\/\/radiolifefm.com.br\/noticias\/#\/schema\/logo\/image\/"},"sameAs":["https:\/\/www.facebook.com\/radiolifefm\/","https:\/\/www.instagram.com\/life1079fm\/"]},{"@type":"Person","@id":"https:\/\/radiolifefm.com.br\/noticias\/#\/schema\/person\/6339b9fac59d12b071dec680d7375d87","name":"ritanery","image":{"@type":"ImageObject","inLanguage":"pt-BR","@id":"https:\/\/secure.gravatar.com\/avatar\/0e37bb19071f47c0b8a23f62a903df117c5a0e75f65a0c2901562f97cd41cf86?s=96&d=mm&r=g","url":"https:\/\/secure.gravatar.com\/avatar\/0e37bb19071f47c0b8a23f62a903df117c5a0e75f65a0c2901562f97cd41cf86?s=96&d=mm&r=g","contentUrl":"https:\/\/secure.gravatar.com\/avatar\/0e37bb19071f47c0b8a23f62a903df117c5a0e75f65a0c2901562f97cd41cf86?s=96&d=mm&r=g","caption":"ritanery"}}]}},"amp_enabled":true,"_links":{"self":[{"href":"https:\/\/radiolifefm.com.br\/noticias\/wp-json\/wp\/v2\/posts\/98265","targetHints":{"allow":["GET"]}}],"collection":[{"href":"https:\/\/radiolifefm.com.br\/noticias\/wp-json\/wp\/v2\/posts"}],"about":[{"href":"https:\/\/radiolifefm.com.br\/noticias\/wp-json\/wp\/v2\/types\/post"}],"author":[{"embeddable":true,"href":"https:\/\/radiolifefm.com.br\/noticias\/wp-json\/wp\/v2\/users\/13"}],"replies":[{"embeddable":true,"href":"https:\/\/radiolifefm.com.br\/noticias\/wp-json\/wp\/v2\/comments?post=98265"}],"version-history":[{"count":1,"href":"https:\/\/radiolifefm.com.br\/noticias\/wp-json\/wp\/v2\/posts\/98265\/revisions"}],"predecessor-version":[{"id":98267,"href":"https:\/\/radiolifefm.com.br\/noticias\/wp-json\/wp\/v2\/posts\/98265\/revisions\/98267"}],"wp:featuredmedia":[{"embeddable":true,"href":"https:\/\/radiolifefm.com.br\/noticias\/wp-json\/wp\/v2\/media\/98266"}],"wp:attachment":[{"href":"https:\/\/radiolifefm.com.br\/noticias\/wp-json\/wp\/v2\/media?parent=98265"}],"wp:term":[{"taxonomy":"category","embeddable":true,"href":"https:\/\/radiolifefm.com.br\/noticias\/wp-json\/wp\/v2\/categories?post=98265"},{"taxonomy":"post_tag","embeddable":true,"href":"https:\/\/radiolifefm.com.br\/noticias\/wp-json\/wp\/v2\/tags?post=98265"}],"curies":[{"name":"wp","href":"https:\/\/api.w.org\/{rel}","templated":true}]}}