{"id":9822,"date":"2019-01-17T15:24:23","date_gmt":"2019-01-17T17:24:23","guid":{"rendered":"https:\/\/radiolifefm.com.br\/noticias\/?p=9822"},"modified":"2026-04-15T00:17:35","modified_gmt":"2026-04-15T03:17:35","slug":"presidente-prudente-sedia-ii-forum-de-cidades-digitais-do-oeste-paulista","status":"publish","type":"post","link":"https:\/\/radiolifefm.com.br\/noticias\/presidente-prudente-sedia-ii-forum-de-cidades-digitais-do-oeste-paulista\/","title":{"rendered":"Presidente Prudente sedia II F\u00f3rum de Cidades Digitais do Oeste Paulista"},"content":{"rendered":"<div id=\"fb-root\"><\/div>\n<p style=\"font-weight: 400\">Visando fomentar o surgimento de cidades inteligentes na regi\u00e3o, Presidente Prudente sedia no dia 28 de fevereiro o II F\u00f3rum de Cidades Digitais do Oeste Paulista, encontro direcionado para prefeitos, gestores p\u00fablicos e vereadores, promovido pela Rede Cidade Digital (RCD) em parceria com a Prefeitura de Presidente Prudente.<\/p>\n<p style=\"font-weight: 400\">As inscri\u00e7\u00f5es para o f\u00f3rum, que ser\u00e1 realizado na Inova Prudente, est\u00e3o abertas e podem ser feitas pelo\u00a0<a href=\"http:\/\/forum.redecidadedigital.com.br\/\" data-saferedirecturl=\"https:\/\/www.google.com\/url?q=http:\/\/forum.redecidadedigital.com.br&amp;source=gmail&amp;ust=1547827655916000&amp;usg=AFQjCNGU5vEM1f0QQ48zMuwDRo6iXJ3gMw\">http:\/\/forum.redecidadedigital.com.br<\/a>. De acordo com o diretor da RCD, Jos\u00e9 Marinho, o evento tem o objetivo de promover a intera\u00e7\u00e3o entre os gestores p\u00fablicos, levando informa\u00e7\u00f5es que facilitem a ado\u00e7\u00e3o de iniciativas que impactem positivamente no processo de desenvolvimento dos munic\u00edpios. \u201cPresidente Prudente \u00e9 modelo de inova\u00e7\u00e3o no Estado e como refer\u00eancia entende a import\u00e2ncia de moderniza\u00e7\u00e3o dos demais munic\u00edpios do Oeste Paulista. O que a Rede Cidade Digital busca \u00e9 aproximar prefeitos, gestores p\u00fablicos e vereadores de munic\u00edpios menores para esse ambiente de inova\u00e7\u00e3o imprescind\u00edvel nos dias atuais. A expectativa \u00e9 grande, pois os munic\u00edpios da regi\u00e3o t\u00eam demonstrado muito interesse em compartilhar experi\u00eancias e investir em tecnologia para melhorar a vida dos cidad\u00e3os\u201d, frisa o diretor da RCD.<\/p>\n<p style=\"font-weight: 400\">O secret\u00e1rio de Tecnologia da Informa\u00e7\u00e3o de Presidente Prudente, Rog\u00e9rio Marcus Alessi, tamb\u00e9m destaca o momento oportuno para as Prefeituras da regi\u00e3o avan\u00e7arem no uso estrat\u00e9gico da tecnologia no poder p\u00fablico. \u201c\u00c9 uma oportunidade para os gestores, principalmente da \u00e1rea de TI, conhecerem novas ferramentas. Entendemos tamb\u00e9m que isso \u00e9 uma forma de promover o desenvolvimento regional, na medida que essas Prefeituras podem receber ajuda porque os problemas que as Prefeituras t\u00eam s\u00e3o comuns nas diversas \u00e1reas\u201d, observa Alessi.<\/p>\n<p style=\"font-weight: 400\">A primeira edi\u00e7\u00e3o, realizada no in\u00edcio do ano passado, em Assis, reuniu representantes de 30 munic\u00edpios. \u201cA ideia \u00e9 sempre trazer pol\u00edticas p\u00fablicas, modelos em andamento nos munic\u00edpios e solu\u00e7\u00f5es de mercado\u201d, completa o diretor da RCD sobre a programa\u00e7\u00e3o do evento. O II F\u00f3rum de Cidades Digitais do Oeste Paulista tem o patroc\u00ednio da 1DOC, GOVBR e Inovadora Sistemas, al\u00e9m do apoio da Associa\u00e7\u00e3o Brasileira de Empresas de Solu\u00e7\u00f5es de Telecomunica\u00e7\u00f5es e Inform\u00e1tica (ABEPREST).<\/p>\n<p style=\"font-weight: 400\"><strong>Servi\u00e7o<\/strong><\/p>\n<p style=\"font-weight: 400\"><strong>II F\u00f3rum de Cidades Digitais do Oeste Paulista<\/strong><\/p>\n<p style=\"font-weight: 400\">28 de Fevereiro, em Presidente Prudente<\/p>\n<p style=\"font-weight: 400\">Local: Inova Prudente &#8211; Rod. Comendador Alberto Bonfiglioli, n\u00b0 2700<\/p>\n<p style=\"font-weight: 400\">In\u00edcio: 8h<\/p>\n<p style=\"font-weight: 400\">Inscri\u00e7\u00f5es gratuitas para servidores p\u00fablicos<\/p>\n<p style=\"font-weight: 400\"><a href=\"http:\/\/forum.redecidadedigital.com.br\/\" data-saferedirecturl=\"https:\/\/www.google.com\/url?q=http:\/\/forum.redecidadedigital.com.br&amp;source=gmail&amp;ust=1547827655916000&amp;usg=AFQjCNGU5vEM1f0QQ48zMuwDRo6iXJ3gMw\">http:\/\/forum.redecidadedigital.com.br<\/a><\/p>\n<p style=\"font-weight: 400\">Informa\u00e7\u00e3o pelo (41)3015-6812 ou pelo\u00a0<a href=\"mailto:forum@redecidadedigital.com.br\">forum@redecidadedigital.com.br<\/a><\/p>\n","protected":false},"excerpt":{"rendered":"<p>Visando fomentar o surgimento de cidades inteligentes na regi\u00e3o, Presidente Prudente sedia no dia 28 de fevereiro o II F\u00f3rum de Cidades Digitais do Oeste Paulista, encontro direcionado para prefeitos, gestores p\u00fablicos e vereadores, promovido pela Rede Cidade Digital (RCD) em parceria com a Prefeitura de Presidente Prudente. As inscri\u00e7\u00f5es para o f\u00f3rum, que ser\u00e1 [&hellip;]<\/p>\n","protected":false},"author":8,"featured_media":9824,"comment_status":"closed","ping_status":"open","sticky":false,"template":"","format":"standard","meta":{"_acf_changed":false,"_exactmetrics_skip_tracking":false,"_exactmetrics_sitenote_active":false,"_exactmetrics_sitenote_note":"","_exactmetrics_sitenote_category":0,"footnotes":""},"categories":[24],"tags":[],"class_list":["post-9822","post","type-post","status-publish","format-standard","has-post-thumbnail","hentry","category-regiao"],"acf":[],"yoast_head":"<!-- This site is optimized with the Yoast SEO plugin v27.2 - https:\/\/yoast.com\/product\/yoast-seo-wordpress\/ -->\n<title>Presidente Prudente sedia II F\u00f3rum de Cidades Digitais do Oeste Paulista - R\u00e1dio Life FM<\/title>\n<meta name=\"robots\" content=\"index, follow, max-snippet:-1, max-image-preview:large, max-video-preview:-1\" \/>\n<link rel=\"canonical\" href=\"https:\/\/radiolifefm.com.br\/noticias\/presidente-prudente-sedia-ii-forum-de-cidades-digitais-do-oeste-paulista\/\" \/>\n<meta property=\"og:locale\" content=\"pt_BR\" \/>\n<meta property=\"og:type\" content=\"article\" \/>\n<meta property=\"og:title\" content=\"Presidente Prudente sedia II F\u00f3rum de Cidades Digitais do Oeste Paulista - R\u00e1dio Life FM\" \/>\n<meta property=\"og:description\" content=\"Visando fomentar o surgimento de cidades inteligentes na regi\u00e3o, Presidente Prudente sedia no dia 28 de fevereiro o II F\u00f3rum de Cidades Digitais do Oeste Paulista, encontro direcionado para prefeitos, gestores p\u00fablicos e vereadores, promovido pela Rede Cidade Digital (RCD) em parceria com a Prefeitura de Presidente Prudente. As inscri\u00e7\u00f5es para o f\u00f3rum, que ser\u00e1 [&hellip;]\" \/>\n<meta property=\"og:url\" content=\"https:\/\/radiolifefm.com.br\/noticias\/presidente-prudente-sedia-ii-forum-de-cidades-digitais-do-oeste-paulista\/\" \/>\n<meta property=\"og:site_name\" content=\"R\u00e1dio Life FM\" \/>\n<meta property=\"article:publisher\" content=\"https:\/\/www.facebook.com\/radiolifefm\/\" \/>\n<meta property=\"article:published_time\" content=\"2019-01-17T17:24:23+00:00\" \/>\n<meta property=\"article:modified_time\" content=\"2026-04-15T03:17:35+00:00\" \/>\n<meta property=\"og:image\" content=\"https:\/\/radiolifefm.com.br\/noticias\/wp-content\/uploads\/2019\/01\/Cidades-Digitais-Prudente-Inscri\u00e7\u00f5es-Abertas.png\" \/>\n\t<meta property=\"og:image:width\" content=\"800\" \/>\n\t<meta property=\"og:image:height\" content=\"932\" \/>\n\t<meta property=\"og:image:type\" content=\"image\/png\" \/>\n<meta name=\"author\" content=\"joaograndao\" \/>\n<meta name=\"twitter:card\" content=\"summary_large_image\" \/>\n<meta name=\"twitter:label1\" content=\"Escrito por\" \/>\n\t<meta name=\"twitter:data1\" content=\"joaograndao\" \/>\n\t<meta name=\"twitter:label2\" content=\"Est. tempo de leitura\" \/>\n\t<meta name=\"twitter:data2\" content=\"2 minutos\" \/>\n<script type=\"application\/ld+json\" class=\"yoast-schema-graph\">{\"@context\":\"https:\/\/schema.org\",\"@graph\":[{\"@type\":\"Article\",\"@id\":\"https:\/\/radiolifefm.com.br\/noticias\/presidente-prudente-sedia-ii-forum-de-cidades-digitais-do-oeste-paulista\/#article\",\"isPartOf\":{\"@id\":\"https:\/\/radiolifefm.com.br\/noticias\/presidente-prudente-sedia-ii-forum-de-cidades-digitais-do-oeste-paulista\/\"},\"author\":{\"name\":\"joaograndao\",\"@id\":\"https:\/\/radiolifefm.com.br\/noticias\/#\/schema\/person\/6876e1240feffe6e1b63fd5cb85abf28\"},\"headline\":\"Presidente Prudente sedia II F\u00f3rum de Cidades Digitais do Oeste Paulista\",\"datePublished\":\"2019-01-17T17:24:23+00:00\",\"dateModified\":\"2026-04-15T03:17:35+00:00\",\"mainEntityOfPage\":{\"@id\":\"https:\/\/radiolifefm.com.br\/noticias\/presidente-prudente-sedia-ii-forum-de-cidades-digitais-do-oeste-paulista\/\"},\"wordCount\":448,\"publisher\":{\"@id\":\"https:\/\/radiolifefm.com.br\/noticias\/#organization\"},\"image\":{\"@id\":\"https:\/\/radiolifefm.com.br\/noticias\/presidente-prudente-sedia-ii-forum-de-cidades-digitais-do-oeste-paulista\/#primaryimage\"},\"thumbnailUrl\":\"https:\/\/radiolifefm.com.br\/noticias\/wp-content\/uploads\/2019\/01\/Cidades-Digitais-Prudente-Inscri\u00e7\u00f5es-Abertas.png\",\"articleSection\":[\"Regi\u00e3o\"],\"inLanguage\":\"pt-BR\"},{\"@type\":\"WebPage\",\"@id\":\"https:\/\/radiolifefm.com.br\/noticias\/presidente-prudente-sedia-ii-forum-de-cidades-digitais-do-oeste-paulista\/\",\"url\":\"https:\/\/radiolifefm.com.br\/noticias\/presidente-prudente-sedia-ii-forum-de-cidades-digitais-do-oeste-paulista\/\",\"name\":\"Presidente Prudente sedia II F\u00f3rum de Cidades Digitais do Oeste Paulista - R\u00e1dio Life FM\",\"isPartOf\":{\"@id\":\"https:\/\/radiolifefm.com.br\/noticias\/#website\"},\"primaryImageOfPage\":{\"@id\":\"https:\/\/radiolifefm.com.br\/noticias\/presidente-prudente-sedia-ii-forum-de-cidades-digitais-do-oeste-paulista\/#primaryimage\"},\"image\":{\"@id\":\"https:\/\/radiolifefm.com.br\/noticias\/presidente-prudente-sedia-ii-forum-de-cidades-digitais-do-oeste-paulista\/#primaryimage\"},\"thumbnailUrl\":\"https:\/\/radiolifefm.com.br\/noticias\/wp-content\/uploads\/2019\/01\/Cidades-Digitais-Prudente-Inscri\u00e7\u00f5es-Abertas.png\",\"datePublished\":\"2019-01-17T17:24:23+00:00\",\"dateModified\":\"2026-04-15T03:17:35+00:00\",\"breadcrumb\":{\"@id\":\"https:\/\/radiolifefm.com.br\/noticias\/presidente-prudente-sedia-ii-forum-de-cidades-digitais-do-oeste-paulista\/#breadcrumb\"},\"inLanguage\":\"pt-BR\",\"potentialAction\":[{\"@type\":\"ReadAction\",\"target\":[\"https:\/\/radiolifefm.com.br\/noticias\/presidente-prudente-sedia-ii-forum-de-cidades-digitais-do-oeste-paulista\/\"]}]},{\"@type\":\"ImageObject\",\"inLanguage\":\"pt-BR\",\"@id\":\"https:\/\/radiolifefm.com.br\/noticias\/presidente-prudente-sedia-ii-forum-de-cidades-digitais-do-oeste-paulista\/#primaryimage\",\"url\":\"https:\/\/radiolifefm.com.br\/noticias\/wp-content\/uploads\/2019\/01\/Cidades-Digitais-Prudente-Inscri\u00e7\u00f5es-Abertas.png\",\"contentUrl\":\"https:\/\/radiolifefm.com.br\/noticias\/wp-content\/uploads\/2019\/01\/Cidades-Digitais-Prudente-Inscri\u00e7\u00f5es-Abertas.png\",\"width\":800,\"height\":932,\"caption\":\"Evento neste m\u00eas, na Funda\u00e7\u00e3o Inova Prudente, traz solu\u00e7\u00f5es para os munic\u00edpios\"},{\"@type\":\"BreadcrumbList\",\"@id\":\"https:\/\/radiolifefm.com.br\/noticias\/presidente-prudente-sedia-ii-forum-de-cidades-digitais-do-oeste-paulista\/#breadcrumb\",\"itemListElement\":[{\"@type\":\"ListItem\",\"position\":1,\"name\":\"In\u00edcio\",\"item\":\"https:\/\/radiolifefm.com.br\/noticias\/\"},{\"@type\":\"ListItem\",\"position\":2,\"name\":\"Presidente Prudente sedia II F\u00f3rum de Cidades Digitais do Oeste Paulista\"}]},{\"@type\":\"WebSite\",\"@id\":\"https:\/\/radiolifefm.com.br\/noticias\/#website\",\"url\":\"https:\/\/radiolifefm.com.br\/noticias\/\",\"name\":\"R\u00e1dio Life FM\",\"description\":\"O Portal de Not\u00edcias de Adamantina\",\"publisher\":{\"@id\":\"https:\/\/radiolifefm.com.br\/noticias\/#organization\"},\"alternateName\":\"Life FM\",\"potentialAction\":[{\"@type\":\"SearchAction\",\"target\":{\"@type\":\"EntryPoint\",\"urlTemplate\":\"https:\/\/radiolifefm.com.br\/noticias\/?s={search_term_string}\"},\"query-input\":{\"@type\":\"PropertyValueSpecification\",\"valueRequired\":true,\"valueName\":\"search_term_string\"}}],\"inLanguage\":\"pt-BR\"},{\"@type\":\"Organization\",\"@id\":\"https:\/\/radiolifefm.com.br\/noticias\/#organization\",\"name\":\"R\u00e1dio Life FM\",\"alternateName\":\"Life FM\",\"url\":\"https:\/\/radiolifefm.com.br\/noticias\/\",\"logo\":{\"@type\":\"ImageObject\",\"inLanguage\":\"pt-BR\",\"@id\":\"https:\/\/radiolifefm.com.br\/noticias\/#\/schema\/logo\/image\/\",\"url\":\"https:\/\/static.radiolifefm.com.br\/noticias\/wp-content\/uploads\/2019\/10\/logo-lifefm.png\",\"contentUrl\":\"https:\/\/static.radiolifefm.com.br\/noticias\/wp-content\/uploads\/2019\/10\/logo-lifefm.png\",\"width\":196,\"height\":47,\"caption\":\"R\u00e1dio Life FM\"},\"image\":{\"@id\":\"https:\/\/radiolifefm.com.br\/noticias\/#\/schema\/logo\/image\/\"},\"sameAs\":[\"https:\/\/www.facebook.com\/radiolifefm\/\",\"https:\/\/www.instagram.com\/life1079fm\/\"]},{\"@type\":\"Person\",\"@id\":\"https:\/\/radiolifefm.com.br\/noticias\/#\/schema\/person\/6876e1240feffe6e1b63fd5cb85abf28\",\"name\":\"joaograndao\",\"image\":{\"@type\":\"ImageObject\",\"inLanguage\":\"pt-BR\",\"@id\":\"https:\/\/secure.gravatar.com\/avatar\/d5b1a3cf357ed9c50404e256a1294083aa8ab5d2a994001567302786016cb32c?s=96&d=mm&r=g\",\"url\":\"https:\/\/secure.gravatar.com\/avatar\/d5b1a3cf357ed9c50404e256a1294083aa8ab5d2a994001567302786016cb32c?s=96&d=mm&r=g\",\"contentUrl\":\"https:\/\/secure.gravatar.com\/avatar\/d5b1a3cf357ed9c50404e256a1294083aa8ab5d2a994001567302786016cb32c?s=96&d=mm&r=g\",\"caption\":\"joaograndao\"}}]}<\/script>\n<!-- \/ Yoast SEO plugin. -->","yoast_head_json":{"title":"Presidente Prudente sedia II F\u00f3rum de Cidades Digitais do Oeste Paulista - R\u00e1dio Life FM","robots":{"index":"index","follow":"follow","max-snippet":"max-snippet:-1","max-image-preview":"max-image-preview:large","max-video-preview":"max-video-preview:-1"},"canonical":"https:\/\/radiolifefm.com.br\/noticias\/presidente-prudente-sedia-ii-forum-de-cidades-digitais-do-oeste-paulista\/","og_locale":"pt_BR","og_type":"article","og_title":"Presidente Prudente sedia II F\u00f3rum de Cidades Digitais do Oeste Paulista - R\u00e1dio Life FM","og_description":"Visando fomentar o surgimento de cidades inteligentes na regi\u00e3o, Presidente Prudente sedia no dia 28 de fevereiro o II F\u00f3rum de Cidades Digitais do Oeste Paulista, encontro direcionado para prefeitos, gestores p\u00fablicos e vereadores, promovido pela Rede Cidade Digital (RCD) em parceria com a Prefeitura de Presidente Prudente. As inscri\u00e7\u00f5es para o f\u00f3rum, que ser\u00e1 [&hellip;]","og_url":"https:\/\/radiolifefm.com.br\/noticias\/presidente-prudente-sedia-ii-forum-de-cidades-digitais-do-oeste-paulista\/","og_site_name":"R\u00e1dio Life FM","article_publisher":"https:\/\/www.facebook.com\/radiolifefm\/","article_published_time":"2019-01-17T17:24:23+00:00","article_modified_time":"2026-04-15T03:17:35+00:00","og_image":[{"width":800,"height":932,"url":"https:\/\/radiolifefm.com.br\/noticias\/wp-content\/uploads\/2019\/01\/Cidades-Digitais-Prudente-Inscri\u00e7\u00f5es-Abertas.png","type":"image\/png"}],"author":"joaograndao","twitter_card":"summary_large_image","twitter_misc":{"Escrito por":"joaograndao","Est. tempo de leitura":"2 minutos"},"schema":{"@context":"https:\/\/schema.org","@graph":[{"@type":"Article","@id":"https:\/\/radiolifefm.com.br\/noticias\/presidente-prudente-sedia-ii-forum-de-cidades-digitais-do-oeste-paulista\/#article","isPartOf":{"@id":"https:\/\/radiolifefm.com.br\/noticias\/presidente-prudente-sedia-ii-forum-de-cidades-digitais-do-oeste-paulista\/"},"author":{"name":"joaograndao","@id":"https:\/\/radiolifefm.com.br\/noticias\/#\/schema\/person\/6876e1240feffe6e1b63fd5cb85abf28"},"headline":"Presidente Prudente sedia II F\u00f3rum de Cidades Digitais do Oeste Paulista","datePublished":"2019-01-17T17:24:23+00:00","dateModified":"2026-04-15T03:17:35+00:00","mainEntityOfPage":{"@id":"https:\/\/radiolifefm.com.br\/noticias\/presidente-prudente-sedia-ii-forum-de-cidades-digitais-do-oeste-paulista\/"},"wordCount":448,"publisher":{"@id":"https:\/\/radiolifefm.com.br\/noticias\/#organization"},"image":{"@id":"https:\/\/radiolifefm.com.br\/noticias\/presidente-prudente-sedia-ii-forum-de-cidades-digitais-do-oeste-paulista\/#primaryimage"},"thumbnailUrl":"https:\/\/radiolifefm.com.br\/noticias\/wp-content\/uploads\/2019\/01\/Cidades-Digitais-Prudente-Inscri\u00e7\u00f5es-Abertas.png","articleSection":["Regi\u00e3o"],"inLanguage":"pt-BR"},{"@type":"WebPage","@id":"https:\/\/radiolifefm.com.br\/noticias\/presidente-prudente-sedia-ii-forum-de-cidades-digitais-do-oeste-paulista\/","url":"https:\/\/radiolifefm.com.br\/noticias\/presidente-prudente-sedia-ii-forum-de-cidades-digitais-do-oeste-paulista\/","name":"Presidente Prudente sedia II F\u00f3rum de Cidades Digitais do Oeste Paulista - R\u00e1dio Life FM","isPartOf":{"@id":"https:\/\/radiolifefm.com.br\/noticias\/#website"},"primaryImageOfPage":{"@id":"https:\/\/radiolifefm.com.br\/noticias\/presidente-prudente-sedia-ii-forum-de-cidades-digitais-do-oeste-paulista\/#primaryimage"},"image":{"@id":"https:\/\/radiolifefm.com.br\/noticias\/presidente-prudente-sedia-ii-forum-de-cidades-digitais-do-oeste-paulista\/#primaryimage"},"thumbnailUrl":"https:\/\/radiolifefm.com.br\/noticias\/wp-content\/uploads\/2019\/01\/Cidades-Digitais-Prudente-Inscri\u00e7\u00f5es-Abertas.png","datePublished":"2019-01-17T17:24:23+00:00","dateModified":"2026-04-15T03:17:35+00:00","breadcrumb":{"@id":"https:\/\/radiolifefm.com.br\/noticias\/presidente-prudente-sedia-ii-forum-de-cidades-digitais-do-oeste-paulista\/#breadcrumb"},"inLanguage":"pt-BR","potentialAction":[{"@type":"ReadAction","target":["https:\/\/radiolifefm.com.br\/noticias\/presidente-prudente-sedia-ii-forum-de-cidades-digitais-do-oeste-paulista\/"]}]},{"@type":"ImageObject","inLanguage":"pt-BR","@id":"https:\/\/radiolifefm.com.br\/noticias\/presidente-prudente-sedia-ii-forum-de-cidades-digitais-do-oeste-paulista\/#primaryimage","url":"https:\/\/radiolifefm.com.br\/noticias\/wp-content\/uploads\/2019\/01\/Cidades-Digitais-Prudente-Inscri\u00e7\u00f5es-Abertas.png","contentUrl":"https:\/\/radiolifefm.com.br\/noticias\/wp-content\/uploads\/2019\/01\/Cidades-Digitais-Prudente-Inscri\u00e7\u00f5es-Abertas.png","width":800,"height":932,"caption":"Evento neste m\u00eas, na Funda\u00e7\u00e3o Inova Prudente, traz solu\u00e7\u00f5es para os munic\u00edpios"},{"@type":"BreadcrumbList","@id":"https:\/\/radiolifefm.com.br\/noticias\/presidente-prudente-sedia-ii-forum-de-cidades-digitais-do-oeste-paulista\/#breadcrumb","itemListElement":[{"@type":"ListItem","position":1,"name":"In\u00edcio","item":"https:\/\/radiolifefm.com.br\/noticias\/"},{"@type":"ListItem","position":2,"name":"Presidente Prudente sedia II F\u00f3rum de Cidades Digitais do Oeste Paulista"}]},{"@type":"WebSite","@id":"https:\/\/radiolifefm.com.br\/noticias\/#website","url":"https:\/\/radiolifefm.com.br\/noticias\/","name":"R\u00e1dio Life FM","description":"O Portal de Not\u00edcias de Adamantina","publisher":{"@id":"https:\/\/radiolifefm.com.br\/noticias\/#organization"},"alternateName":"Life FM","potentialAction":[{"@type":"SearchAction","target":{"@type":"EntryPoint","urlTemplate":"https:\/\/radiolifefm.com.br\/noticias\/?s={search_term_string}"},"query-input":{"@type":"PropertyValueSpecification","valueRequired":true,"valueName":"search_term_string"}}],"inLanguage":"pt-BR"},{"@type":"Organization","@id":"https:\/\/radiolifefm.com.br\/noticias\/#organization","name":"R\u00e1dio Life FM","alternateName":"Life FM","url":"https:\/\/radiolifefm.com.br\/noticias\/","logo":{"@type":"ImageObject","inLanguage":"pt-BR","@id":"https:\/\/radiolifefm.com.br\/noticias\/#\/schema\/logo\/image\/","url":"https:\/\/static.radiolifefm.com.br\/noticias\/wp-content\/uploads\/2019\/10\/logo-lifefm.png","contentUrl":"https:\/\/static.radiolifefm.com.br\/noticias\/wp-content\/uploads\/2019\/10\/logo-lifefm.png","width":196,"height":47,"caption":"R\u00e1dio Life FM"},"image":{"@id":"https:\/\/radiolifefm.com.br\/noticias\/#\/schema\/logo\/image\/"},"sameAs":["https:\/\/www.facebook.com\/radiolifefm\/","https:\/\/www.instagram.com\/life1079fm\/"]},{"@type":"Person","@id":"https:\/\/radiolifefm.com.br\/noticias\/#\/schema\/person\/6876e1240feffe6e1b63fd5cb85abf28","name":"joaograndao","image":{"@type":"ImageObject","inLanguage":"pt-BR","@id":"https:\/\/secure.gravatar.com\/avatar\/d5b1a3cf357ed9c50404e256a1294083aa8ab5d2a994001567302786016cb32c?s=96&d=mm&r=g","url":"https:\/\/secure.gravatar.com\/avatar\/d5b1a3cf357ed9c50404e256a1294083aa8ab5d2a994001567302786016cb32c?s=96&d=mm&r=g","contentUrl":"https:\/\/secure.gravatar.com\/avatar\/d5b1a3cf357ed9c50404e256a1294083aa8ab5d2a994001567302786016cb32c?s=96&d=mm&r=g","caption":"joaograndao"}}]}},"amp_enabled":true,"_links":{"self":[{"href":"https:\/\/radiolifefm.com.br\/noticias\/wp-json\/wp\/v2\/posts\/9822","targetHints":{"allow":["GET"]}}],"collection":[{"href":"https:\/\/radiolifefm.com.br\/noticias\/wp-json\/wp\/v2\/posts"}],"about":[{"href":"https:\/\/radiolifefm.com.br\/noticias\/wp-json\/wp\/v2\/types\/post"}],"author":[{"embeddable":true,"href":"https:\/\/radiolifefm.com.br\/noticias\/wp-json\/wp\/v2\/users\/8"}],"replies":[{"embeddable":true,"href":"https:\/\/radiolifefm.com.br\/noticias\/wp-json\/wp\/v2\/comments?post=9822"}],"version-history":[{"count":4,"href":"https:\/\/radiolifefm.com.br\/noticias\/wp-json\/wp\/v2\/posts\/9822\/revisions"}],"predecessor-version":[{"id":16785,"href":"https:\/\/radiolifefm.com.br\/noticias\/wp-json\/wp\/v2\/posts\/9822\/revisions\/16785"}],"wp:featuredmedia":[{"embeddable":true,"href":"https:\/\/radiolifefm.com.br\/noticias\/wp-json\/wp\/v2\/media\/9824"}],"wp:attachment":[{"href":"https:\/\/radiolifefm.com.br\/noticias\/wp-json\/wp\/v2\/media?parent=9822"}],"wp:term":[{"taxonomy":"category","embeddable":true,"href":"https:\/\/radiolifefm.com.br\/noticias\/wp-json\/wp\/v2\/categories?post=9822"},{"taxonomy":"post_tag","embeddable":true,"href":"https:\/\/radiolifefm.com.br\/noticias\/wp-json\/wp\/v2\/tags?post=9822"}],"curies":[{"name":"wp","href":"https:\/\/api.w.org\/{rel}","templated":true}]}}