{"id":98140,"date":"2025-02-26T09:01:53","date_gmt":"2025-02-26T12:01:53","guid":{"rendered":"https:\/\/radiolifefm.com.br\/noticias\/?p=98140"},"modified":"2026-04-20T14:10:58","modified_gmt":"2026-04-20T17:10:58","slug":"a-historia-como-pauta-da-midia-2","status":"publish","type":"post","link":"https:\/\/radiolifefm.com.br\/noticias\/a-historia-como-pauta-da-midia-2\/","title":{"rendered":"A HIST\u00d3RIA COMO PAUTA DA M\u00cdDIA&#8230;"},"content":{"rendered":"<div id=\"fb-root\"><\/div>\n<p>\u201cDe tr\u00eas sinais de \u00e1gua nascer\u00e1. O Homem ter\u00e1 no terceiro dia seu grande dia. Poder tanto no mar como em terra. Desgra\u00e7a causar\u00e1 a todo o Oriente\u201d. (Nostradamus)<\/p>\n<p>&nbsp;<\/p>\n<p><em>S\u00e9rgio Barbosa (*)<\/em><\/p>\n<p>&nbsp;<\/p>\n<p>A sociedade brasileira viveu momentos dram\u00e1ticos a partir da segunda metade da d\u00e9cada de 60, quando aconteceu o golpe de estado no pa\u00eds, alias, uma pr\u00e1tica comum naqueles anos de chumbo na Am\u00e9rica Latina&#8230;<\/p>\n<p>Sob a prote\u00e7\u00e3o da \u00e1guia, s\u00edmbolo m\u00e1ximo do \u201cTio Sam\u201d, quando a chamada principal das campanhas em curso pelos donos do poder em n\u00edvel mundial, divulgava uma tal \u201cAlian\u00e7a Para o Progresso\u201d, os pa\u00edses eram convocados para uma cruzada em benef\u00edcio da moral e dos bons costumes na Am\u00e9rica&#8230;<\/p>\n<p>\u00c9 interessante perceber que, ainda hoje, os norte-americanos sonham com uma \u201cAm\u00e9rica\u201d para os americanos, isso \u00e9, sob a prote\u00e7\u00e3o infal\u00edvel e pseudodemocr\u00e1tica do supremo protetor, os Estados Unidos da Am\u00e9rica&#8230;<\/p>\n<p>O Brasil at\u00e9 que tentou no passado, com os &#8220;Estados Unidos do Brasil&#8221;, pelo jeito as coisas n\u00e3o aconteceram como o esperado pelos pol\u00edticos da \u00e9poca, se bem que, n\u00e3o se pode fazer compara\u00e7\u00f5es neste caso&#8230;<\/p>\n<p>A famosa Doutrina Monroe (ex-presidente norte-americano) afirmava o seguinte: \u201cAm\u00e9rica para os Americanos\u201d, nesta \u00f3tica pode-se fazer diversas interpreta\u00e7\u00f5es sobre a frase e o contexto em que mesma foi divulgada pelos meios de comunica\u00e7\u00e3o de massa da \u00e9poca, neste caso, a m\u00eddia impressa&#8230;<\/p>\n<p>O \u201cGrande Irm\u00e3o\u201d do Norte est\u00e1 sempre buscando novas alternativas para os irm\u00e3ozinhos \u201cdo SUL\u201d, ainda hoje, quando alguns pa\u00edses, entre os quais, o Brasil, demonstra por si mesmo, suas posi\u00e7\u00f5es frente aos acontecimentos em n\u00edvel mundial, percebe-se nos bastidores da pol\u00edtica brasileira uma influ\u00eancia sutil dos norte-americanos&#8230;<\/p>\n<p>Tamb\u00e9m, os mesmos estiveram presentes na maioria dos golpes de estado que aconteceram na Am\u00e9rica Latina a partir do final da II Guerra Mundial, quando ficou claros (sic) os objetivos dos Estados Unido da Am\u00e9rica em projetos afins aos seus interesses: pol\u00edticos, econ\u00f4micos, sociais e educacionais&#8230;<\/p>\n<p>Hoje, mais uma vez, o mundo acompanha pela m\u00eddia internacional, os acontecimentos no Oriente M\u00e9dio, conflitos entre palestinos e judeus, uma \u201cbriga\u201d de s\u00e9culos na Hist\u00f3ria da Civiliza\u00e7\u00e3o, bem como, conflito entre russos, separatistas e ucranianos pelo controle deste ou daquele territ\u00f3rio&#8230;<\/p>\n<p>Neste cen\u00e1rio, quando todos podem acompanhar de perto por meio da \u201ctelinha m\u00e1gica\u201d as aberra\u00e7\u00f5es de um conflito sem fim, em terras distantes, por\u00e9m, nesta regi\u00e3o, de certa forma, esquecida pela civiliza\u00e7\u00e3o ocidental, encontram-se as maiores jazidas petrol\u00edferas do planeta&#8230;<\/p>\n<p>Tais informa\u00e7\u00f5es servem para relembrar aos curiosos de plant\u00e3o, os desdobramentos que o conflito pode gerar em fun\u00e7\u00e3o desta ou daquela tomada de posi\u00e7\u00e3o dos demais pa\u00edses frente ao conflito em tempo de p\u00f3s-globaliza\u00e7\u00e3o midi\u00e1tica&#8230;<\/p>\n<p>O Brasil, como sempre, busca tomar algumas posi\u00e7\u00f5es, por\u00e9m, nem sempre as coisas ocorrem conforme o esperado nestas quest\u00f5es internacionais, mesmo assim, faz-se necess\u00e1rio assumir alguma posi\u00e7\u00e3o para uma reflex\u00e3o al\u00e9m da geopol\u00edtica em n\u00edvel mundial&#8230;<\/p>\n<p><strong><em>____________________________<\/em><\/strong><\/p>\n<p><strong><em>(*) jornalista\u00a0 diplomado.<\/em><\/strong><\/p>\n<p><strong><em>e-mail: <\/em><\/strong><a href=\"mailto:barbosa.sebar@gmail.com\"><strong><em>barbosa.sebar@gmail.com<\/em><\/strong><\/a><\/p>\n","protected":false},"excerpt":{"rendered":"<p>\u201cDe tr\u00eas sinais de \u00e1gua nascer\u00e1. O Homem ter\u00e1 no terceiro dia seu grande dia. Poder tanto no mar como em terra. Desgra\u00e7a causar\u00e1 a todo o Oriente\u201d. (Nostradamus) &nbsp; S\u00e9rgio Barbosa (*) &nbsp; A sociedade brasileira viveu momentos dram\u00e1ticos a partir da segunda metade da d\u00e9cada de 60, quando aconteceu o golpe de estado [&hellip;]<\/p>\n","protected":false},"author":13,"featured_media":51988,"comment_status":"closed","ping_status":"open","sticky":false,"template":"","format":"standard","meta":{"_acf_changed":false,"_exactmetrics_skip_tracking":false,"_exactmetrics_sitenote_active":false,"_exactmetrics_sitenote_note":"","_exactmetrics_sitenote_category":0,"footnotes":""},"categories":[59],"tags":[],"class_list":["post-98140","post","type-post","status-publish","format-standard","has-post-thumbnail","hentry","category-opiniao"],"acf":[],"yoast_head":"<!-- This site is optimized with the Yoast SEO plugin v27.2 - https:\/\/yoast.com\/product\/yoast-seo-wordpress\/ -->\n<title>A HIST\u00d3RIA COMO PAUTA DA M\u00cdDIA... - R\u00e1dio Life FM<\/title>\n<meta name=\"robots\" content=\"index, follow, max-snippet:-1, max-image-preview:large, max-video-preview:-1\" \/>\n<link rel=\"canonical\" href=\"https:\/\/radiolifefm.com.br\/noticias\/a-historia-como-pauta-da-midia-2\/\" \/>\n<meta property=\"og:locale\" content=\"pt_BR\" \/>\n<meta property=\"og:type\" content=\"article\" \/>\n<meta property=\"og:title\" content=\"A HIST\u00d3RIA COMO PAUTA DA M\u00cdDIA... - R\u00e1dio Life FM\" \/>\n<meta property=\"og:description\" content=\"\u201cDe tr\u00eas sinais de \u00e1gua nascer\u00e1. O Homem ter\u00e1 no terceiro dia seu grande dia. Poder tanto no mar como em terra. Desgra\u00e7a causar\u00e1 a todo o Oriente\u201d. (Nostradamus) &nbsp; S\u00e9rgio Barbosa (*) &nbsp; A sociedade brasileira viveu momentos dram\u00e1ticos a partir da segunda metade da d\u00e9cada de 60, quando aconteceu o golpe de estado [&hellip;]\" \/>\n<meta property=\"og:url\" content=\"https:\/\/radiolifefm.com.br\/noticias\/a-historia-como-pauta-da-midia-2\/\" \/>\n<meta property=\"og:site_name\" content=\"R\u00e1dio Life FM\" \/>\n<meta property=\"article:publisher\" content=\"https:\/\/www.facebook.com\/radiolifefm\/\" \/>\n<meta property=\"article:published_time\" content=\"2025-02-26T12:01:53+00:00\" \/>\n<meta property=\"article:modified_time\" content=\"2026-04-20T17:10:58+00:00\" \/>\n<meta property=\"og:image\" content=\"https:\/\/radiolifefm.com.br\/noticias\/wp-content\/uploads\/2022\/04\/WhatsApp-Image-2022-04-10-at-18.43.02.jpeg\" \/>\n\t<meta property=\"og:image:width\" content=\"972\" \/>\n\t<meta property=\"og:image:height\" content=\"1296\" \/>\n\t<meta property=\"og:image:type\" content=\"image\/jpeg\" \/>\n<meta name=\"author\" content=\"ritanery\" \/>\n<meta name=\"twitter:card\" content=\"summary_large_image\" \/>\n<meta name=\"twitter:label1\" content=\"Escrito por\" \/>\n\t<meta name=\"twitter:data1\" content=\"ritanery\" \/>\n\t<meta name=\"twitter:label2\" content=\"Est. tempo de leitura\" \/>\n\t<meta name=\"twitter:data2\" content=\"3 minutos\" \/>\n<script type=\"application\/ld+json\" class=\"yoast-schema-graph\">{\"@context\":\"https:\/\/schema.org\",\"@graph\":[{\"@type\":\"Article\",\"@id\":\"https:\/\/radiolifefm.com.br\/noticias\/a-historia-como-pauta-da-midia-2\/#article\",\"isPartOf\":{\"@id\":\"https:\/\/radiolifefm.com.br\/noticias\/a-historia-como-pauta-da-midia-2\/\"},\"author\":{\"name\":\"ritanery\",\"@id\":\"https:\/\/radiolifefm.com.br\/noticias\/#\/schema\/person\/6339b9fac59d12b071dec680d7375d87\"},\"headline\":\"A HIST\u00d3RIA COMO PAUTA DA M\u00cdDIA&#8230;\",\"datePublished\":\"2025-02-26T12:01:53+00:00\",\"dateModified\":\"2026-04-20T17:10:58+00:00\",\"mainEntityOfPage\":{\"@id\":\"https:\/\/radiolifefm.com.br\/noticias\/a-historia-como-pauta-da-midia-2\/\"},\"wordCount\":556,\"publisher\":{\"@id\":\"https:\/\/radiolifefm.com.br\/noticias\/#organization\"},\"image\":{\"@id\":\"https:\/\/radiolifefm.com.br\/noticias\/a-historia-como-pauta-da-midia-2\/#primaryimage\"},\"thumbnailUrl\":\"https:\/\/radiolifefm.com.br\/noticias\/wp-content\/uploads\/2022\/04\/WhatsApp-Image-2022-04-10-at-18.43.02.jpeg\",\"articleSection\":[\"Opini\u00e3o\"],\"inLanguage\":\"pt-BR\"},{\"@type\":\"WebPage\",\"@id\":\"https:\/\/radiolifefm.com.br\/noticias\/a-historia-como-pauta-da-midia-2\/\",\"url\":\"https:\/\/radiolifefm.com.br\/noticias\/a-historia-como-pauta-da-midia-2\/\",\"name\":\"A HIST\u00d3RIA COMO PAUTA DA M\u00cdDIA... - R\u00e1dio Life FM\",\"isPartOf\":{\"@id\":\"https:\/\/radiolifefm.com.br\/noticias\/#website\"},\"primaryImageOfPage\":{\"@id\":\"https:\/\/radiolifefm.com.br\/noticias\/a-historia-como-pauta-da-midia-2\/#primaryimage\"},\"image\":{\"@id\":\"https:\/\/radiolifefm.com.br\/noticias\/a-historia-como-pauta-da-midia-2\/#primaryimage\"},\"thumbnailUrl\":\"https:\/\/radiolifefm.com.br\/noticias\/wp-content\/uploads\/2022\/04\/WhatsApp-Image-2022-04-10-at-18.43.02.jpeg\",\"datePublished\":\"2025-02-26T12:01:53+00:00\",\"dateModified\":\"2026-04-20T17:10:58+00:00\",\"breadcrumb\":{\"@id\":\"https:\/\/radiolifefm.com.br\/noticias\/a-historia-como-pauta-da-midia-2\/#breadcrumb\"},\"inLanguage\":\"pt-BR\",\"potentialAction\":[{\"@type\":\"ReadAction\",\"target\":[\"https:\/\/radiolifefm.com.br\/noticias\/a-historia-como-pauta-da-midia-2\/\"]}]},{\"@type\":\"ImageObject\",\"inLanguage\":\"pt-BR\",\"@id\":\"https:\/\/radiolifefm.com.br\/noticias\/a-historia-como-pauta-da-midia-2\/#primaryimage\",\"url\":\"https:\/\/radiolifefm.com.br\/noticias\/wp-content\/uploads\/2022\/04\/WhatsApp-Image-2022-04-10-at-18.43.02.jpeg\",\"contentUrl\":\"https:\/\/radiolifefm.com.br\/noticias\/wp-content\/uploads\/2022\/04\/WhatsApp-Image-2022-04-10-at-18.43.02.jpeg\",\"width\":972,\"height\":1296,\"caption\":\"S\u00e9rgio Barbosa\"},{\"@type\":\"BreadcrumbList\",\"@id\":\"https:\/\/radiolifefm.com.br\/noticias\/a-historia-como-pauta-da-midia-2\/#breadcrumb\",\"itemListElement\":[{\"@type\":\"ListItem\",\"position\":1,\"name\":\"In\u00edcio\",\"item\":\"https:\/\/radiolifefm.com.br\/noticias\/\"},{\"@type\":\"ListItem\",\"position\":2,\"name\":\"A HIST\u00d3RIA COMO PAUTA DA M\u00cdDIA&#8230;\"}]},{\"@type\":\"WebSite\",\"@id\":\"https:\/\/radiolifefm.com.br\/noticias\/#website\",\"url\":\"https:\/\/radiolifefm.com.br\/noticias\/\",\"name\":\"R\u00e1dio Life FM\",\"description\":\"O Portal de Not\u00edcias de Adamantina\",\"publisher\":{\"@id\":\"https:\/\/radiolifefm.com.br\/noticias\/#organization\"},\"alternateName\":\"Life FM\",\"potentialAction\":[{\"@type\":\"SearchAction\",\"target\":{\"@type\":\"EntryPoint\",\"urlTemplate\":\"https:\/\/radiolifefm.com.br\/noticias\/?s={search_term_string}\"},\"query-input\":{\"@type\":\"PropertyValueSpecification\",\"valueRequired\":true,\"valueName\":\"search_term_string\"}}],\"inLanguage\":\"pt-BR\"},{\"@type\":\"Organization\",\"@id\":\"https:\/\/radiolifefm.com.br\/noticias\/#organization\",\"name\":\"R\u00e1dio Life FM\",\"alternateName\":\"Life FM\",\"url\":\"https:\/\/radiolifefm.com.br\/noticias\/\",\"logo\":{\"@type\":\"ImageObject\",\"inLanguage\":\"pt-BR\",\"@id\":\"https:\/\/radiolifefm.com.br\/noticias\/#\/schema\/logo\/image\/\",\"url\":\"https:\/\/static.radiolifefm.com.br\/noticias\/wp-content\/uploads\/2019\/10\/logo-lifefm.png\",\"contentUrl\":\"https:\/\/static.radiolifefm.com.br\/noticias\/wp-content\/uploads\/2019\/10\/logo-lifefm.png\",\"width\":196,\"height\":47,\"caption\":\"R\u00e1dio Life FM\"},\"image\":{\"@id\":\"https:\/\/radiolifefm.com.br\/noticias\/#\/schema\/logo\/image\/\"},\"sameAs\":[\"https:\/\/www.facebook.com\/radiolifefm\/\",\"https:\/\/www.instagram.com\/life1079fm\/\"]},{\"@type\":\"Person\",\"@id\":\"https:\/\/radiolifefm.com.br\/noticias\/#\/schema\/person\/6339b9fac59d12b071dec680d7375d87\",\"name\":\"ritanery\",\"image\":{\"@type\":\"ImageObject\",\"inLanguage\":\"pt-BR\",\"@id\":\"https:\/\/secure.gravatar.com\/avatar\/0e37bb19071f47c0b8a23f62a903df117c5a0e75f65a0c2901562f97cd41cf86?s=96&d=mm&r=g\",\"url\":\"https:\/\/secure.gravatar.com\/avatar\/0e37bb19071f47c0b8a23f62a903df117c5a0e75f65a0c2901562f97cd41cf86?s=96&d=mm&r=g\",\"contentUrl\":\"https:\/\/secure.gravatar.com\/avatar\/0e37bb19071f47c0b8a23f62a903df117c5a0e75f65a0c2901562f97cd41cf86?s=96&d=mm&r=g\",\"caption\":\"ritanery\"}}]}<\/script>\n<!-- \/ Yoast SEO plugin. -->","yoast_head_json":{"title":"A HIST\u00d3RIA COMO PAUTA DA M\u00cdDIA... - R\u00e1dio Life FM","robots":{"index":"index","follow":"follow","max-snippet":"max-snippet:-1","max-image-preview":"max-image-preview:large","max-video-preview":"max-video-preview:-1"},"canonical":"https:\/\/radiolifefm.com.br\/noticias\/a-historia-como-pauta-da-midia-2\/","og_locale":"pt_BR","og_type":"article","og_title":"A HIST\u00d3RIA COMO PAUTA DA M\u00cdDIA... - R\u00e1dio Life FM","og_description":"\u201cDe tr\u00eas sinais de \u00e1gua nascer\u00e1. O Homem ter\u00e1 no terceiro dia seu grande dia. Poder tanto no mar como em terra. Desgra\u00e7a causar\u00e1 a todo o Oriente\u201d. (Nostradamus) &nbsp; S\u00e9rgio Barbosa (*) &nbsp; A sociedade brasileira viveu momentos dram\u00e1ticos a partir da segunda metade da d\u00e9cada de 60, quando aconteceu o golpe de estado [&hellip;]","og_url":"https:\/\/radiolifefm.com.br\/noticias\/a-historia-como-pauta-da-midia-2\/","og_site_name":"R\u00e1dio Life FM","article_publisher":"https:\/\/www.facebook.com\/radiolifefm\/","article_published_time":"2025-02-26T12:01:53+00:00","article_modified_time":"2026-04-20T17:10:58+00:00","og_image":[{"width":972,"height":1296,"url":"https:\/\/radiolifefm.com.br\/noticias\/wp-content\/uploads\/2022\/04\/WhatsApp-Image-2022-04-10-at-18.43.02.jpeg","type":"image\/jpeg"}],"author":"ritanery","twitter_card":"summary_large_image","twitter_misc":{"Escrito por":"ritanery","Est. tempo de leitura":"3 minutos"},"schema":{"@context":"https:\/\/schema.org","@graph":[{"@type":"Article","@id":"https:\/\/radiolifefm.com.br\/noticias\/a-historia-como-pauta-da-midia-2\/#article","isPartOf":{"@id":"https:\/\/radiolifefm.com.br\/noticias\/a-historia-como-pauta-da-midia-2\/"},"author":{"name":"ritanery","@id":"https:\/\/radiolifefm.com.br\/noticias\/#\/schema\/person\/6339b9fac59d12b071dec680d7375d87"},"headline":"A HIST\u00d3RIA COMO PAUTA DA M\u00cdDIA&#8230;","datePublished":"2025-02-26T12:01:53+00:00","dateModified":"2026-04-20T17:10:58+00:00","mainEntityOfPage":{"@id":"https:\/\/radiolifefm.com.br\/noticias\/a-historia-como-pauta-da-midia-2\/"},"wordCount":556,"publisher":{"@id":"https:\/\/radiolifefm.com.br\/noticias\/#organization"},"image":{"@id":"https:\/\/radiolifefm.com.br\/noticias\/a-historia-como-pauta-da-midia-2\/#primaryimage"},"thumbnailUrl":"https:\/\/radiolifefm.com.br\/noticias\/wp-content\/uploads\/2022\/04\/WhatsApp-Image-2022-04-10-at-18.43.02.jpeg","articleSection":["Opini\u00e3o"],"inLanguage":"pt-BR"},{"@type":"WebPage","@id":"https:\/\/radiolifefm.com.br\/noticias\/a-historia-como-pauta-da-midia-2\/","url":"https:\/\/radiolifefm.com.br\/noticias\/a-historia-como-pauta-da-midia-2\/","name":"A HIST\u00d3RIA COMO PAUTA DA M\u00cdDIA... - R\u00e1dio Life FM","isPartOf":{"@id":"https:\/\/radiolifefm.com.br\/noticias\/#website"},"primaryImageOfPage":{"@id":"https:\/\/radiolifefm.com.br\/noticias\/a-historia-como-pauta-da-midia-2\/#primaryimage"},"image":{"@id":"https:\/\/radiolifefm.com.br\/noticias\/a-historia-como-pauta-da-midia-2\/#primaryimage"},"thumbnailUrl":"https:\/\/radiolifefm.com.br\/noticias\/wp-content\/uploads\/2022\/04\/WhatsApp-Image-2022-04-10-at-18.43.02.jpeg","datePublished":"2025-02-26T12:01:53+00:00","dateModified":"2026-04-20T17:10:58+00:00","breadcrumb":{"@id":"https:\/\/radiolifefm.com.br\/noticias\/a-historia-como-pauta-da-midia-2\/#breadcrumb"},"inLanguage":"pt-BR","potentialAction":[{"@type":"ReadAction","target":["https:\/\/radiolifefm.com.br\/noticias\/a-historia-como-pauta-da-midia-2\/"]}]},{"@type":"ImageObject","inLanguage":"pt-BR","@id":"https:\/\/radiolifefm.com.br\/noticias\/a-historia-como-pauta-da-midia-2\/#primaryimage","url":"https:\/\/radiolifefm.com.br\/noticias\/wp-content\/uploads\/2022\/04\/WhatsApp-Image-2022-04-10-at-18.43.02.jpeg","contentUrl":"https:\/\/radiolifefm.com.br\/noticias\/wp-content\/uploads\/2022\/04\/WhatsApp-Image-2022-04-10-at-18.43.02.jpeg","width":972,"height":1296,"caption":"S\u00e9rgio Barbosa"},{"@type":"BreadcrumbList","@id":"https:\/\/radiolifefm.com.br\/noticias\/a-historia-como-pauta-da-midia-2\/#breadcrumb","itemListElement":[{"@type":"ListItem","position":1,"name":"In\u00edcio","item":"https:\/\/radiolifefm.com.br\/noticias\/"},{"@type":"ListItem","position":2,"name":"A HIST\u00d3RIA COMO PAUTA DA M\u00cdDIA&#8230;"}]},{"@type":"WebSite","@id":"https:\/\/radiolifefm.com.br\/noticias\/#website","url":"https:\/\/radiolifefm.com.br\/noticias\/","name":"R\u00e1dio Life FM","description":"O Portal de Not\u00edcias de Adamantina","publisher":{"@id":"https:\/\/radiolifefm.com.br\/noticias\/#organization"},"alternateName":"Life FM","potentialAction":[{"@type":"SearchAction","target":{"@type":"EntryPoint","urlTemplate":"https:\/\/radiolifefm.com.br\/noticias\/?s={search_term_string}"},"query-input":{"@type":"PropertyValueSpecification","valueRequired":true,"valueName":"search_term_string"}}],"inLanguage":"pt-BR"},{"@type":"Organization","@id":"https:\/\/radiolifefm.com.br\/noticias\/#organization","name":"R\u00e1dio Life FM","alternateName":"Life FM","url":"https:\/\/radiolifefm.com.br\/noticias\/","logo":{"@type":"ImageObject","inLanguage":"pt-BR","@id":"https:\/\/radiolifefm.com.br\/noticias\/#\/schema\/logo\/image\/","url":"https:\/\/static.radiolifefm.com.br\/noticias\/wp-content\/uploads\/2019\/10\/logo-lifefm.png","contentUrl":"https:\/\/static.radiolifefm.com.br\/noticias\/wp-content\/uploads\/2019\/10\/logo-lifefm.png","width":196,"height":47,"caption":"R\u00e1dio Life FM"},"image":{"@id":"https:\/\/radiolifefm.com.br\/noticias\/#\/schema\/logo\/image\/"},"sameAs":["https:\/\/www.facebook.com\/radiolifefm\/","https:\/\/www.instagram.com\/life1079fm\/"]},{"@type":"Person","@id":"https:\/\/radiolifefm.com.br\/noticias\/#\/schema\/person\/6339b9fac59d12b071dec680d7375d87","name":"ritanery","image":{"@type":"ImageObject","inLanguage":"pt-BR","@id":"https:\/\/secure.gravatar.com\/avatar\/0e37bb19071f47c0b8a23f62a903df117c5a0e75f65a0c2901562f97cd41cf86?s=96&d=mm&r=g","url":"https:\/\/secure.gravatar.com\/avatar\/0e37bb19071f47c0b8a23f62a903df117c5a0e75f65a0c2901562f97cd41cf86?s=96&d=mm&r=g","contentUrl":"https:\/\/secure.gravatar.com\/avatar\/0e37bb19071f47c0b8a23f62a903df117c5a0e75f65a0c2901562f97cd41cf86?s=96&d=mm&r=g","caption":"ritanery"}}]}},"amp_enabled":true,"_links":{"self":[{"href":"https:\/\/radiolifefm.com.br\/noticias\/wp-json\/wp\/v2\/posts\/98140","targetHints":{"allow":["GET"]}}],"collection":[{"href":"https:\/\/radiolifefm.com.br\/noticias\/wp-json\/wp\/v2\/posts"}],"about":[{"href":"https:\/\/radiolifefm.com.br\/noticias\/wp-json\/wp\/v2\/types\/post"}],"author":[{"embeddable":true,"href":"https:\/\/radiolifefm.com.br\/noticias\/wp-json\/wp\/v2\/users\/13"}],"replies":[{"embeddable":true,"href":"https:\/\/radiolifefm.com.br\/noticias\/wp-json\/wp\/v2\/comments?post=98140"}],"version-history":[{"count":1,"href":"https:\/\/radiolifefm.com.br\/noticias\/wp-json\/wp\/v2\/posts\/98140\/revisions"}],"predecessor-version":[{"id":98141,"href":"https:\/\/radiolifefm.com.br\/noticias\/wp-json\/wp\/v2\/posts\/98140\/revisions\/98141"}],"wp:featuredmedia":[{"embeddable":true,"href":"https:\/\/radiolifefm.com.br\/noticias\/wp-json\/wp\/v2\/media\/51988"}],"wp:attachment":[{"href":"https:\/\/radiolifefm.com.br\/noticias\/wp-json\/wp\/v2\/media?parent=98140"}],"wp:term":[{"taxonomy":"category","embeddable":true,"href":"https:\/\/radiolifefm.com.br\/noticias\/wp-json\/wp\/v2\/categories?post=98140"},{"taxonomy":"post_tag","embeddable":true,"href":"https:\/\/radiolifefm.com.br\/noticias\/wp-json\/wp\/v2\/tags?post=98140"}],"curies":[{"name":"wp","href":"https:\/\/api.w.org\/{rel}","templated":true}]}}