{"id":98099,"date":"2025-02-25T08:34:34","date_gmt":"2025-02-25T11:34:34","guid":{"rendered":"https:\/\/radiolifefm.com.br\/noticias\/?p=98099"},"modified":"2026-04-23T02:04:36","modified_gmt":"2026-04-23T05:04:36","slug":"sol-de-outros-dias","status":"publish","type":"post","link":"https:\/\/radiolifefm.com.br\/noticias\/sol-de-outros-dias\/","title":{"rendered":"Sol de outros dias"},"content":{"rendered":"<div id=\"fb-root\"><\/div>\n<p>N\u00e3o v\u00eas ent\u00e3o que trago uma tristeza que \u00e9 tua e que nasceu dos olhares que n\u00e3o trocamos?<br \/>\nTu deixaste o fim de tarde nu, sem p\u00e1ssaros voando em qualquer dire\u00e7\u00e3o. N\u00e3o tem sido f\u00e1cil mover-me, estou devastada e sem saber para que lado \u00e9 a minha nova casa.<br \/>\nTalvez tu n\u00e3o saibas, mas ainda acordo sem ar no meio da noite. Pela manh\u00e3, em gestos mec\u00e2nicos, estendo minha roupa no varal. H\u00e1 um sol de outros dias quarando a minha vida. Clareio aos poucos, mas meus olhos ainda est\u00e3o ausentes. O vento hoje demorou o dia todo e veio encharcado de chuva. Corri ent\u00e3o. Deixei que minha alma pulasse sobre as po\u00e7as de \u00e1gua. Como crian\u00e7a ri do arco-\u00edris encantado. Dei-me conta que n\u00e3o existem potes de mel. H\u00e1 um gosto agridoce de uma saudade que se afasta. Entrego minha prece \u00e0 menina que carrego em mim. Sinto um calor desmaiado. J\u00e1 consigo me imaginar largando a tua m\u00e3o. Ainda assim, se um dia puderes, deixa em meu quintal, uma vez mais, a flor laranja que se abria ao entardecer.<\/p>\n<p>Norma Santi<br \/>\nEscritora<br \/>\nnormaped1@gmail.com<br \/>\nWhatsapp: 48 999844096<\/p>\n","protected":false},"excerpt":{"rendered":"<p>N\u00e3o v\u00eas ent\u00e3o que trago uma tristeza que \u00e9 tua e que nasceu dos olhares que n\u00e3o trocamos? Tu deixaste o fim de tarde nu, sem p\u00e1ssaros voando em qualquer dire\u00e7\u00e3o. N\u00e3o tem sido f\u00e1cil mover-me, estou devastada e sem saber para que lado \u00e9 a minha nova casa. Talvez tu n\u00e3o saibas, mas ainda [&hellip;]<\/p>\n","protected":false},"author":13,"featured_media":97764,"comment_status":"closed","ping_status":"open","sticky":false,"template":"","format":"standard","meta":{"_acf_changed":false,"_exactmetrics_skip_tracking":false,"_exactmetrics_sitenote_active":false,"_exactmetrics_sitenote_note":"","_exactmetrics_sitenote_category":0,"footnotes":""},"categories":[59],"tags":[],"class_list":["post-98099","post","type-post","status-publish","format-standard","has-post-thumbnail","hentry","category-opiniao"],"acf":[],"yoast_head":"<!-- This site is optimized with the Yoast SEO plugin v27.2 - https:\/\/yoast.com\/product\/yoast-seo-wordpress\/ -->\n<title>Sol de outros dias - R\u00e1dio Life FM<\/title>\n<meta name=\"robots\" content=\"index, follow, max-snippet:-1, max-image-preview:large, max-video-preview:-1\" \/>\n<link rel=\"canonical\" href=\"https:\/\/radiolifefm.com.br\/noticias\/sol-de-outros-dias\/\" \/>\n<meta property=\"og:locale\" content=\"pt_BR\" \/>\n<meta property=\"og:type\" content=\"article\" \/>\n<meta property=\"og:title\" content=\"Sol de outros dias - R\u00e1dio Life FM\" \/>\n<meta property=\"og:description\" content=\"N\u00e3o v\u00eas ent\u00e3o que trago uma tristeza que \u00e9 tua e que nasceu dos olhares que n\u00e3o trocamos? Tu deixaste o fim de tarde nu, sem p\u00e1ssaros voando em qualquer dire\u00e7\u00e3o. N\u00e3o tem sido f\u00e1cil mover-me, estou devastada e sem saber para que lado \u00e9 a minha nova casa. Talvez tu n\u00e3o saibas, mas ainda [&hellip;]\" \/>\n<meta property=\"og:url\" content=\"https:\/\/radiolifefm.com.br\/noticias\/sol-de-outros-dias\/\" \/>\n<meta property=\"og:site_name\" content=\"R\u00e1dio Life FM\" \/>\n<meta property=\"article:publisher\" content=\"https:\/\/www.facebook.com\/radiolifefm\/\" \/>\n<meta property=\"article:published_time\" content=\"2025-02-25T11:34:34+00:00\" \/>\n<meta property=\"article:modified_time\" content=\"2026-04-23T05:04:36+00:00\" \/>\n<meta property=\"og:image\" content=\"https:\/\/radiolifefm.com.br\/noticias\/wp-content\/uploads\/2025\/02\/WhatsApp-Image-2025-02-17-at-07.17.04.jpeg\" \/>\n\t<meta property=\"og:image:width\" content=\"1408\" \/>\n\t<meta property=\"og:image:height\" content=\"1599\" \/>\n\t<meta property=\"og:image:type\" content=\"image\/jpeg\" \/>\n<meta name=\"author\" content=\"ritanery\" \/>\n<meta name=\"twitter:card\" content=\"summary_large_image\" \/>\n<meta name=\"twitter:label1\" content=\"Escrito por\" \/>\n\t<meta name=\"twitter:data1\" content=\"ritanery\" \/>\n\t<meta name=\"twitter:label2\" content=\"Est. tempo de leitura\" \/>\n\t<meta name=\"twitter:data2\" content=\"2 minutos\" \/>\n<script type=\"application\/ld+json\" class=\"yoast-schema-graph\">{\"@context\":\"https:\/\/schema.org\",\"@graph\":[{\"@type\":\"Article\",\"@id\":\"https:\/\/radiolifefm.com.br\/noticias\/sol-de-outros-dias\/#article\",\"isPartOf\":{\"@id\":\"https:\/\/radiolifefm.com.br\/noticias\/sol-de-outros-dias\/\"},\"author\":{\"name\":\"ritanery\",\"@id\":\"https:\/\/radiolifefm.com.br\/noticias\/#\/schema\/person\/6339b9fac59d12b071dec680d7375d87\"},\"headline\":\"Sol de outros dias\",\"datePublished\":\"2025-02-25T11:34:34+00:00\",\"dateModified\":\"2026-04-23T05:04:36+00:00\",\"mainEntityOfPage\":{\"@id\":\"https:\/\/radiolifefm.com.br\/noticias\/sol-de-outros-dias\/\"},\"wordCount\":206,\"publisher\":{\"@id\":\"https:\/\/radiolifefm.com.br\/noticias\/#organization\"},\"image\":{\"@id\":\"https:\/\/radiolifefm.com.br\/noticias\/sol-de-outros-dias\/#primaryimage\"},\"thumbnailUrl\":\"https:\/\/radiolifefm.com.br\/noticias\/wp-content\/uploads\/2025\/02\/WhatsApp-Image-2025-02-17-at-07.17.04.jpeg\",\"articleSection\":[\"Opini\u00e3o\"],\"inLanguage\":\"pt-BR\"},{\"@type\":\"WebPage\",\"@id\":\"https:\/\/radiolifefm.com.br\/noticias\/sol-de-outros-dias\/\",\"url\":\"https:\/\/radiolifefm.com.br\/noticias\/sol-de-outros-dias\/\",\"name\":\"Sol de outros dias - R\u00e1dio Life FM\",\"isPartOf\":{\"@id\":\"https:\/\/radiolifefm.com.br\/noticias\/#website\"},\"primaryImageOfPage\":{\"@id\":\"https:\/\/radiolifefm.com.br\/noticias\/sol-de-outros-dias\/#primaryimage\"},\"image\":{\"@id\":\"https:\/\/radiolifefm.com.br\/noticias\/sol-de-outros-dias\/#primaryimage\"},\"thumbnailUrl\":\"https:\/\/radiolifefm.com.br\/noticias\/wp-content\/uploads\/2025\/02\/WhatsApp-Image-2025-02-17-at-07.17.04.jpeg\",\"datePublished\":\"2025-02-25T11:34:34+00:00\",\"dateModified\":\"2026-04-23T05:04:36+00:00\",\"breadcrumb\":{\"@id\":\"https:\/\/radiolifefm.com.br\/noticias\/sol-de-outros-dias\/#breadcrumb\"},\"inLanguage\":\"pt-BR\",\"potentialAction\":[{\"@type\":\"ReadAction\",\"target\":[\"https:\/\/radiolifefm.com.br\/noticias\/sol-de-outros-dias\/\"]}]},{\"@type\":\"ImageObject\",\"inLanguage\":\"pt-BR\",\"@id\":\"https:\/\/radiolifefm.com.br\/noticias\/sol-de-outros-dias\/#primaryimage\",\"url\":\"https:\/\/radiolifefm.com.br\/noticias\/wp-content\/uploads\/2025\/02\/WhatsApp-Image-2025-02-17-at-07.17.04.jpeg\",\"contentUrl\":\"https:\/\/radiolifefm.com.br\/noticias\/wp-content\/uploads\/2025\/02\/WhatsApp-Image-2025-02-17-at-07.17.04.jpeg\",\"width\":1408,\"height\":1599,\"caption\":\"Norma Santi - Escritora\"},{\"@type\":\"BreadcrumbList\",\"@id\":\"https:\/\/radiolifefm.com.br\/noticias\/sol-de-outros-dias\/#breadcrumb\",\"itemListElement\":[{\"@type\":\"ListItem\",\"position\":1,\"name\":\"In\u00edcio\",\"item\":\"https:\/\/radiolifefm.com.br\/noticias\/\"},{\"@type\":\"ListItem\",\"position\":2,\"name\":\"Sol de outros dias\"}]},{\"@type\":\"WebSite\",\"@id\":\"https:\/\/radiolifefm.com.br\/noticias\/#website\",\"url\":\"https:\/\/radiolifefm.com.br\/noticias\/\",\"name\":\"R\u00e1dio Life FM\",\"description\":\"O Portal de Not\u00edcias de Adamantina\",\"publisher\":{\"@id\":\"https:\/\/radiolifefm.com.br\/noticias\/#organization\"},\"alternateName\":\"Life FM\",\"potentialAction\":[{\"@type\":\"SearchAction\",\"target\":{\"@type\":\"EntryPoint\",\"urlTemplate\":\"https:\/\/radiolifefm.com.br\/noticias\/?s={search_term_string}\"},\"query-input\":{\"@type\":\"PropertyValueSpecification\",\"valueRequired\":true,\"valueName\":\"search_term_string\"}}],\"inLanguage\":\"pt-BR\"},{\"@type\":\"Organization\",\"@id\":\"https:\/\/radiolifefm.com.br\/noticias\/#organization\",\"name\":\"R\u00e1dio Life FM\",\"alternateName\":\"Life FM\",\"url\":\"https:\/\/radiolifefm.com.br\/noticias\/\",\"logo\":{\"@type\":\"ImageObject\",\"inLanguage\":\"pt-BR\",\"@id\":\"https:\/\/radiolifefm.com.br\/noticias\/#\/schema\/logo\/image\/\",\"url\":\"https:\/\/static.radiolifefm.com.br\/noticias\/wp-content\/uploads\/2019\/10\/logo-lifefm.png\",\"contentUrl\":\"https:\/\/static.radiolifefm.com.br\/noticias\/wp-content\/uploads\/2019\/10\/logo-lifefm.png\",\"width\":196,\"height\":47,\"caption\":\"R\u00e1dio Life FM\"},\"image\":{\"@id\":\"https:\/\/radiolifefm.com.br\/noticias\/#\/schema\/logo\/image\/\"},\"sameAs\":[\"https:\/\/www.facebook.com\/radiolifefm\/\",\"https:\/\/www.instagram.com\/life1079fm\/\"]},{\"@type\":\"Person\",\"@id\":\"https:\/\/radiolifefm.com.br\/noticias\/#\/schema\/person\/6339b9fac59d12b071dec680d7375d87\",\"name\":\"ritanery\",\"image\":{\"@type\":\"ImageObject\",\"inLanguage\":\"pt-BR\",\"@id\":\"https:\/\/secure.gravatar.com\/avatar\/0e37bb19071f47c0b8a23f62a903df117c5a0e75f65a0c2901562f97cd41cf86?s=96&d=mm&r=g\",\"url\":\"https:\/\/secure.gravatar.com\/avatar\/0e37bb19071f47c0b8a23f62a903df117c5a0e75f65a0c2901562f97cd41cf86?s=96&d=mm&r=g\",\"contentUrl\":\"https:\/\/secure.gravatar.com\/avatar\/0e37bb19071f47c0b8a23f62a903df117c5a0e75f65a0c2901562f97cd41cf86?s=96&d=mm&r=g\",\"caption\":\"ritanery\"}}]}<\/script>\n<!-- \/ Yoast SEO plugin. -->","yoast_head_json":{"title":"Sol de outros dias - R\u00e1dio Life FM","robots":{"index":"index","follow":"follow","max-snippet":"max-snippet:-1","max-image-preview":"max-image-preview:large","max-video-preview":"max-video-preview:-1"},"canonical":"https:\/\/radiolifefm.com.br\/noticias\/sol-de-outros-dias\/","og_locale":"pt_BR","og_type":"article","og_title":"Sol de outros dias - R\u00e1dio Life FM","og_description":"N\u00e3o v\u00eas ent\u00e3o que trago uma tristeza que \u00e9 tua e que nasceu dos olhares que n\u00e3o trocamos? Tu deixaste o fim de tarde nu, sem p\u00e1ssaros voando em qualquer dire\u00e7\u00e3o. N\u00e3o tem sido f\u00e1cil mover-me, estou devastada e sem saber para que lado \u00e9 a minha nova casa. Talvez tu n\u00e3o saibas, mas ainda [&hellip;]","og_url":"https:\/\/radiolifefm.com.br\/noticias\/sol-de-outros-dias\/","og_site_name":"R\u00e1dio Life FM","article_publisher":"https:\/\/www.facebook.com\/radiolifefm\/","article_published_time":"2025-02-25T11:34:34+00:00","article_modified_time":"2026-04-23T05:04:36+00:00","og_image":[{"width":1408,"height":1599,"url":"https:\/\/radiolifefm.com.br\/noticias\/wp-content\/uploads\/2025\/02\/WhatsApp-Image-2025-02-17-at-07.17.04.jpeg","type":"image\/jpeg"}],"author":"ritanery","twitter_card":"summary_large_image","twitter_misc":{"Escrito por":"ritanery","Est. tempo de leitura":"2 minutos"},"schema":{"@context":"https:\/\/schema.org","@graph":[{"@type":"Article","@id":"https:\/\/radiolifefm.com.br\/noticias\/sol-de-outros-dias\/#article","isPartOf":{"@id":"https:\/\/radiolifefm.com.br\/noticias\/sol-de-outros-dias\/"},"author":{"name":"ritanery","@id":"https:\/\/radiolifefm.com.br\/noticias\/#\/schema\/person\/6339b9fac59d12b071dec680d7375d87"},"headline":"Sol de outros dias","datePublished":"2025-02-25T11:34:34+00:00","dateModified":"2026-04-23T05:04:36+00:00","mainEntityOfPage":{"@id":"https:\/\/radiolifefm.com.br\/noticias\/sol-de-outros-dias\/"},"wordCount":206,"publisher":{"@id":"https:\/\/radiolifefm.com.br\/noticias\/#organization"},"image":{"@id":"https:\/\/radiolifefm.com.br\/noticias\/sol-de-outros-dias\/#primaryimage"},"thumbnailUrl":"https:\/\/radiolifefm.com.br\/noticias\/wp-content\/uploads\/2025\/02\/WhatsApp-Image-2025-02-17-at-07.17.04.jpeg","articleSection":["Opini\u00e3o"],"inLanguage":"pt-BR"},{"@type":"WebPage","@id":"https:\/\/radiolifefm.com.br\/noticias\/sol-de-outros-dias\/","url":"https:\/\/radiolifefm.com.br\/noticias\/sol-de-outros-dias\/","name":"Sol de outros dias - R\u00e1dio Life FM","isPartOf":{"@id":"https:\/\/radiolifefm.com.br\/noticias\/#website"},"primaryImageOfPage":{"@id":"https:\/\/radiolifefm.com.br\/noticias\/sol-de-outros-dias\/#primaryimage"},"image":{"@id":"https:\/\/radiolifefm.com.br\/noticias\/sol-de-outros-dias\/#primaryimage"},"thumbnailUrl":"https:\/\/radiolifefm.com.br\/noticias\/wp-content\/uploads\/2025\/02\/WhatsApp-Image-2025-02-17-at-07.17.04.jpeg","datePublished":"2025-02-25T11:34:34+00:00","dateModified":"2026-04-23T05:04:36+00:00","breadcrumb":{"@id":"https:\/\/radiolifefm.com.br\/noticias\/sol-de-outros-dias\/#breadcrumb"},"inLanguage":"pt-BR","potentialAction":[{"@type":"ReadAction","target":["https:\/\/radiolifefm.com.br\/noticias\/sol-de-outros-dias\/"]}]},{"@type":"ImageObject","inLanguage":"pt-BR","@id":"https:\/\/radiolifefm.com.br\/noticias\/sol-de-outros-dias\/#primaryimage","url":"https:\/\/radiolifefm.com.br\/noticias\/wp-content\/uploads\/2025\/02\/WhatsApp-Image-2025-02-17-at-07.17.04.jpeg","contentUrl":"https:\/\/radiolifefm.com.br\/noticias\/wp-content\/uploads\/2025\/02\/WhatsApp-Image-2025-02-17-at-07.17.04.jpeg","width":1408,"height":1599,"caption":"Norma Santi - Escritora"},{"@type":"BreadcrumbList","@id":"https:\/\/radiolifefm.com.br\/noticias\/sol-de-outros-dias\/#breadcrumb","itemListElement":[{"@type":"ListItem","position":1,"name":"In\u00edcio","item":"https:\/\/radiolifefm.com.br\/noticias\/"},{"@type":"ListItem","position":2,"name":"Sol de outros dias"}]},{"@type":"WebSite","@id":"https:\/\/radiolifefm.com.br\/noticias\/#website","url":"https:\/\/radiolifefm.com.br\/noticias\/","name":"R\u00e1dio Life FM","description":"O Portal de Not\u00edcias de Adamantina","publisher":{"@id":"https:\/\/radiolifefm.com.br\/noticias\/#organization"},"alternateName":"Life FM","potentialAction":[{"@type":"SearchAction","target":{"@type":"EntryPoint","urlTemplate":"https:\/\/radiolifefm.com.br\/noticias\/?s={search_term_string}"},"query-input":{"@type":"PropertyValueSpecification","valueRequired":true,"valueName":"search_term_string"}}],"inLanguage":"pt-BR"},{"@type":"Organization","@id":"https:\/\/radiolifefm.com.br\/noticias\/#organization","name":"R\u00e1dio Life FM","alternateName":"Life FM","url":"https:\/\/radiolifefm.com.br\/noticias\/","logo":{"@type":"ImageObject","inLanguage":"pt-BR","@id":"https:\/\/radiolifefm.com.br\/noticias\/#\/schema\/logo\/image\/","url":"https:\/\/static.radiolifefm.com.br\/noticias\/wp-content\/uploads\/2019\/10\/logo-lifefm.png","contentUrl":"https:\/\/static.radiolifefm.com.br\/noticias\/wp-content\/uploads\/2019\/10\/logo-lifefm.png","width":196,"height":47,"caption":"R\u00e1dio Life FM"},"image":{"@id":"https:\/\/radiolifefm.com.br\/noticias\/#\/schema\/logo\/image\/"},"sameAs":["https:\/\/www.facebook.com\/radiolifefm\/","https:\/\/www.instagram.com\/life1079fm\/"]},{"@type":"Person","@id":"https:\/\/radiolifefm.com.br\/noticias\/#\/schema\/person\/6339b9fac59d12b071dec680d7375d87","name":"ritanery","image":{"@type":"ImageObject","inLanguage":"pt-BR","@id":"https:\/\/secure.gravatar.com\/avatar\/0e37bb19071f47c0b8a23f62a903df117c5a0e75f65a0c2901562f97cd41cf86?s=96&d=mm&r=g","url":"https:\/\/secure.gravatar.com\/avatar\/0e37bb19071f47c0b8a23f62a903df117c5a0e75f65a0c2901562f97cd41cf86?s=96&d=mm&r=g","contentUrl":"https:\/\/secure.gravatar.com\/avatar\/0e37bb19071f47c0b8a23f62a903df117c5a0e75f65a0c2901562f97cd41cf86?s=96&d=mm&r=g","caption":"ritanery"}}]}},"amp_enabled":true,"_links":{"self":[{"href":"https:\/\/radiolifefm.com.br\/noticias\/wp-json\/wp\/v2\/posts\/98099","targetHints":{"allow":["GET"]}}],"collection":[{"href":"https:\/\/radiolifefm.com.br\/noticias\/wp-json\/wp\/v2\/posts"}],"about":[{"href":"https:\/\/radiolifefm.com.br\/noticias\/wp-json\/wp\/v2\/types\/post"}],"author":[{"embeddable":true,"href":"https:\/\/radiolifefm.com.br\/noticias\/wp-json\/wp\/v2\/users\/13"}],"replies":[{"embeddable":true,"href":"https:\/\/radiolifefm.com.br\/noticias\/wp-json\/wp\/v2\/comments?post=98099"}],"version-history":[{"count":1,"href":"https:\/\/radiolifefm.com.br\/noticias\/wp-json\/wp\/v2\/posts\/98099\/revisions"}],"predecessor-version":[{"id":98100,"href":"https:\/\/radiolifefm.com.br\/noticias\/wp-json\/wp\/v2\/posts\/98099\/revisions\/98100"}],"wp:featuredmedia":[{"embeddable":true,"href":"https:\/\/radiolifefm.com.br\/noticias\/wp-json\/wp\/v2\/media\/97764"}],"wp:attachment":[{"href":"https:\/\/radiolifefm.com.br\/noticias\/wp-json\/wp\/v2\/media?parent=98099"}],"wp:term":[{"taxonomy":"category","embeddable":true,"href":"https:\/\/radiolifefm.com.br\/noticias\/wp-json\/wp\/v2\/categories?post=98099"},{"taxonomy":"post_tag","embeddable":true,"href":"https:\/\/radiolifefm.com.br\/noticias\/wp-json\/wp\/v2\/tags?post=98099"}],"curies":[{"name":"wp","href":"https:\/\/api.w.org\/{rel}","templated":true}]}}