{"id":98003,"date":"2025-02-24T08:58:41","date_gmt":"2025-02-24T11:58:41","guid":{"rendered":"https:\/\/radiolifefm.com.br\/noticias\/?p=98003"},"modified":"2026-04-02T10:23:46","modified_gmt":"2026-04-02T13:23:46","slug":"provincia-e-poder-publico-o-impossivel-de-acordo-com-o-possivel","status":"publish","type":"post","link":"https:\/\/radiolifefm.com.br\/noticias\/provincia-e-poder-publico-o-impossivel-de-acordo-com-o-possivel\/","title":{"rendered":"Prov\u00edncia e Poder P\u00fablico: O imposs\u00edvel de acordo com o poss\u00edvel&#8230;"},"content":{"rendered":"<div id=\"fb-root\"><\/div>\n<p>\u201cA fal\u00eancia continua na administra\u00e7\u00e3o da coisa p\u00fablica contamina a rela\u00e7\u00e3o vindoura e o p\u00f3s jogo de poder e interesses de desenvolvimento entre o estado democr\u00e1tico verdadeiro e os interesses especulativos dos poderosos grupos financeiros em qualquer lugar do planeta.\u201d (<a href=\"https:\/\/www.pensador.com\/autor\/ricardo_v_barradas\/\">Ricardo V. Barradas<\/a>)<\/p>\n<p><strong>\u00a0<\/strong><\/p>\n<p><strong>By seb@r.<\/strong><\/p>\n<p>&nbsp;<\/p>\n<p>Neste in\u00edcio, ainda, de mais uma ANO NOVO ANO, considerando que estamos no m\u00eas de FEVEREIRO, ainda, o tal do CARNAVAL vai ocorrer no m\u00eas de MAR\u00c7O, pode ser que N\u00c3O, ainda, pode ser que SIM e a mesmice continua na mesma de sempre&#8230;<\/p>\n<p>Pelas IDA com poucas VINDAS nos lados do PODER P\u00daBLICO desta PROV\u00cdNCIA DO FAZ DE CONTA, pode-se afirmar neste momento que n\u00e3o existe NADA DE NOVO (sic), portanto, a melhor escolha deve ser ficar na BOCA DE ESPERA&#8230;<\/p>\n<p>Por isso e talvez aquilo, as tais MENTES MED\u00cdOCRES continuam circulando deste lado e do outro lado, por\u00e9m, agora com a DEN\u00daNCIA do GENOCIDA e sua QUADRILHA denominada de ORCRIM, ou seja, ORGANIZA\u00c7\u00c3O CRIMINOSA, pode ser que a tal JUSTI\u00c7A, isso mesmo, aquela que dizem que \u00e9 CEGA, SURDA E MUDA, possa fazer a diferen\u00e7a&#8230;<\/p>\n<p>Mesmo assim, muitos DESENCONTROS continuam ocorrendo nesta PROV\u00cdNCIA DO FAZ DE CONTA, assim, faz-se necess\u00e1rio estar em ESTADO DE ALERTA com rela\u00e7\u00e3o as propostas do EXECUTIVO e equipe, bem como, do LEGISLATIVO PROVINCIANO&#8230;<\/p>\n<p>Mas, os tais 100 DIAS est\u00e3o se aproximando com rapidez para todos\/as, desta forma, TODO CUIDADO \u00c9 POUCO daqui pra frente com o EXECUTIVO PROVINCIANO e EQUIPE, todavia, n\u00e3o tem como BAIXAR A GUARDA (sic) neste CEN\u00c1RIO atual&#8230;<\/p>\n<p>As tais PROMESSAS DE CAMPANHA, se concretizadas, talvez possa fazer a diferen\u00e7a neste MANDATO NOVO, haja vista que tudo pode acontecer, ou seja, o IMPOSS\u00cdVEL DE ACORDO COM O POSS\u00cdVEL&#8230;<\/p>\n<p>Nada pode ficar para depois, mesmo assim, quando se trata de GEST\u00c3O P\u00daBLICA, sempre existe o tal do JEITINHO para isto e mais aquilo, assim, NADA COMO UM DIA DE DEPOIS DO OUTRO em terras PROVINCIANAS&#8230;<\/p>\n<p>Ah! N\u00e3o se pode deixar de lado as PAREDES ALVAS neste CEN\u00c1RIO PROVINCIANO, considerando que este ano acontece a DAN\u00c7A DAS CADEIRAS naqueles lados, por\u00e9m, SE VOC\u00ca PENSA QUE T\u00c1 RUIM, PODE PIORAR&#8230;<\/p>\n<p>Pra n\u00e3o esquecerem, PERDERAM MAN\u00c9S!<\/p>\n<p>Ainda, QUEM SOBREVIVER VAI SABER&#8230;<\/p>\n<p>&nbsp;<\/p>\n<p>&nbsp;<\/p>\n<p><strong>e-mail: <\/strong><a href=\"mailto:barbosa.sebar@gmail.com\"><strong>barbosa.sebar@gmail.com<\/strong><\/a><\/p>\n<p>&nbsp;<\/p>\n","protected":false},"excerpt":{"rendered":"<p>\u201cA fal\u00eancia continua na administra\u00e7\u00e3o da coisa p\u00fablica contamina a rela\u00e7\u00e3o vindoura e o p\u00f3s jogo de poder e interesses de desenvolvimento entre o estado democr\u00e1tico verdadeiro e os interesses especulativos dos poderosos grupos financeiros em qualquer lugar do planeta.\u201d (Ricardo V. Barradas) \u00a0 By seb@r. &nbsp; Neste in\u00edcio, ainda, de mais uma ANO NOVO [&hellip;]<\/p>\n","protected":false},"author":13,"featured_media":51988,"comment_status":"closed","ping_status":"open","sticky":false,"template":"","format":"standard","meta":{"_acf_changed":false,"_exactmetrics_skip_tracking":false,"_exactmetrics_sitenote_active":false,"_exactmetrics_sitenote_note":"","_exactmetrics_sitenote_category":0,"footnotes":""},"categories":[59],"tags":[],"class_list":["post-98003","post","type-post","status-publish","format-standard","has-post-thumbnail","hentry","category-opiniao"],"acf":[],"yoast_head":"<!-- This site is optimized with the Yoast SEO plugin v27.2 - https:\/\/yoast.com\/product\/yoast-seo-wordpress\/ -->\n<title>Prov\u00edncia e Poder P\u00fablico: O imposs\u00edvel de acordo com o poss\u00edvel... - R\u00e1dio Life FM<\/title>\n<meta name=\"robots\" content=\"index, follow, max-snippet:-1, max-image-preview:large, max-video-preview:-1\" \/>\n<link rel=\"canonical\" href=\"https:\/\/radiolifefm.com.br\/noticias\/provincia-e-poder-publico-o-impossivel-de-acordo-com-o-possivel\/\" \/>\n<meta property=\"og:locale\" content=\"pt_BR\" \/>\n<meta property=\"og:type\" content=\"article\" \/>\n<meta property=\"og:title\" content=\"Prov\u00edncia e Poder P\u00fablico: O imposs\u00edvel de acordo com o poss\u00edvel... - R\u00e1dio Life FM\" \/>\n<meta property=\"og:description\" content=\"\u201cA fal\u00eancia continua na administra\u00e7\u00e3o da coisa p\u00fablica contamina a rela\u00e7\u00e3o vindoura e o p\u00f3s jogo de poder e interesses de desenvolvimento entre o estado democr\u00e1tico verdadeiro e os interesses especulativos dos poderosos grupos financeiros em qualquer lugar do planeta.\u201d (Ricardo V. Barradas) \u00a0 By seb@r. &nbsp; Neste in\u00edcio, ainda, de mais uma ANO NOVO [&hellip;]\" \/>\n<meta property=\"og:url\" content=\"https:\/\/radiolifefm.com.br\/noticias\/provincia-e-poder-publico-o-impossivel-de-acordo-com-o-possivel\/\" \/>\n<meta property=\"og:site_name\" content=\"R\u00e1dio Life FM\" \/>\n<meta property=\"article:publisher\" content=\"https:\/\/www.facebook.com\/radiolifefm\/\" \/>\n<meta property=\"article:published_time\" content=\"2025-02-24T11:58:41+00:00\" \/>\n<meta property=\"article:modified_time\" content=\"2026-04-02T13:23:46+00:00\" \/>\n<meta property=\"og:image\" content=\"https:\/\/radiolifefm.com.br\/noticias\/wp-content\/uploads\/2022\/04\/WhatsApp-Image-2022-04-10-at-18.43.02.jpeg\" \/>\n\t<meta property=\"og:image:width\" content=\"972\" \/>\n\t<meta property=\"og:image:height\" content=\"1296\" \/>\n\t<meta property=\"og:image:type\" content=\"image\/jpeg\" \/>\n<meta name=\"author\" content=\"ritanery\" \/>\n<meta name=\"twitter:card\" content=\"summary_large_image\" \/>\n<meta name=\"twitter:label1\" content=\"Escrito por\" \/>\n\t<meta name=\"twitter:data1\" content=\"ritanery\" \/>\n\t<meta name=\"twitter:label2\" content=\"Est. tempo de leitura\" \/>\n\t<meta name=\"twitter:data2\" content=\"3 minutos\" \/>\n<script type=\"application\/ld+json\" class=\"yoast-schema-graph\">{\"@context\":\"https:\/\/schema.org\",\"@graph\":[{\"@type\":\"Article\",\"@id\":\"https:\/\/radiolifefm.com.br\/noticias\/provincia-e-poder-publico-o-impossivel-de-acordo-com-o-possivel\/#article\",\"isPartOf\":{\"@id\":\"https:\/\/radiolifefm.com.br\/noticias\/provincia-e-poder-publico-o-impossivel-de-acordo-com-o-possivel\/\"},\"author\":{\"name\":\"ritanery\",\"@id\":\"https:\/\/radiolifefm.com.br\/noticias\/#\/schema\/person\/6339b9fac59d12b071dec680d7375d87\"},\"headline\":\"Prov\u00edncia e Poder P\u00fablico: O imposs\u00edvel de acordo com o poss\u00edvel&#8230;\",\"datePublished\":\"2025-02-24T11:58:41+00:00\",\"dateModified\":\"2026-04-02T13:23:46+00:00\",\"mainEntityOfPage\":{\"@id\":\"https:\/\/radiolifefm.com.br\/noticias\/provincia-e-poder-publico-o-impossivel-de-acordo-com-o-possivel\/\"},\"wordCount\":422,\"publisher\":{\"@id\":\"https:\/\/radiolifefm.com.br\/noticias\/#organization\"},\"image\":{\"@id\":\"https:\/\/radiolifefm.com.br\/noticias\/provincia-e-poder-publico-o-impossivel-de-acordo-com-o-possivel\/#primaryimage\"},\"thumbnailUrl\":\"https:\/\/radiolifefm.com.br\/noticias\/wp-content\/uploads\/2022\/04\/WhatsApp-Image-2022-04-10-at-18.43.02.jpeg\",\"articleSection\":[\"Opini\u00e3o\"],\"inLanguage\":\"pt-BR\"},{\"@type\":\"WebPage\",\"@id\":\"https:\/\/radiolifefm.com.br\/noticias\/provincia-e-poder-publico-o-impossivel-de-acordo-com-o-possivel\/\",\"url\":\"https:\/\/radiolifefm.com.br\/noticias\/provincia-e-poder-publico-o-impossivel-de-acordo-com-o-possivel\/\",\"name\":\"Prov\u00edncia e Poder P\u00fablico: O imposs\u00edvel de acordo com o poss\u00edvel... - R\u00e1dio Life FM\",\"isPartOf\":{\"@id\":\"https:\/\/radiolifefm.com.br\/noticias\/#website\"},\"primaryImageOfPage\":{\"@id\":\"https:\/\/radiolifefm.com.br\/noticias\/provincia-e-poder-publico-o-impossivel-de-acordo-com-o-possivel\/#primaryimage\"},\"image\":{\"@id\":\"https:\/\/radiolifefm.com.br\/noticias\/provincia-e-poder-publico-o-impossivel-de-acordo-com-o-possivel\/#primaryimage\"},\"thumbnailUrl\":\"https:\/\/radiolifefm.com.br\/noticias\/wp-content\/uploads\/2022\/04\/WhatsApp-Image-2022-04-10-at-18.43.02.jpeg\",\"datePublished\":\"2025-02-24T11:58:41+00:00\",\"dateModified\":\"2026-04-02T13:23:46+00:00\",\"breadcrumb\":{\"@id\":\"https:\/\/radiolifefm.com.br\/noticias\/provincia-e-poder-publico-o-impossivel-de-acordo-com-o-possivel\/#breadcrumb\"},\"inLanguage\":\"pt-BR\",\"potentialAction\":[{\"@type\":\"ReadAction\",\"target\":[\"https:\/\/radiolifefm.com.br\/noticias\/provincia-e-poder-publico-o-impossivel-de-acordo-com-o-possivel\/\"]}]},{\"@type\":\"ImageObject\",\"inLanguage\":\"pt-BR\",\"@id\":\"https:\/\/radiolifefm.com.br\/noticias\/provincia-e-poder-publico-o-impossivel-de-acordo-com-o-possivel\/#primaryimage\",\"url\":\"https:\/\/radiolifefm.com.br\/noticias\/wp-content\/uploads\/2022\/04\/WhatsApp-Image-2022-04-10-at-18.43.02.jpeg\",\"contentUrl\":\"https:\/\/radiolifefm.com.br\/noticias\/wp-content\/uploads\/2022\/04\/WhatsApp-Image-2022-04-10-at-18.43.02.jpeg\",\"width\":972,\"height\":1296,\"caption\":\"S\u00e9rgio Barbosa\"},{\"@type\":\"BreadcrumbList\",\"@id\":\"https:\/\/radiolifefm.com.br\/noticias\/provincia-e-poder-publico-o-impossivel-de-acordo-com-o-possivel\/#breadcrumb\",\"itemListElement\":[{\"@type\":\"ListItem\",\"position\":1,\"name\":\"In\u00edcio\",\"item\":\"https:\/\/radiolifefm.com.br\/noticias\/\"},{\"@type\":\"ListItem\",\"position\":2,\"name\":\"Prov\u00edncia e Poder P\u00fablico: O imposs\u00edvel de acordo com o poss\u00edvel&#8230;\"}]},{\"@type\":\"WebSite\",\"@id\":\"https:\/\/radiolifefm.com.br\/noticias\/#website\",\"url\":\"https:\/\/radiolifefm.com.br\/noticias\/\",\"name\":\"R\u00e1dio Life FM\",\"description\":\"O Portal de Not\u00edcias de Adamantina\",\"publisher\":{\"@id\":\"https:\/\/radiolifefm.com.br\/noticias\/#organization\"},\"alternateName\":\"Life FM\",\"potentialAction\":[{\"@type\":\"SearchAction\",\"target\":{\"@type\":\"EntryPoint\",\"urlTemplate\":\"https:\/\/radiolifefm.com.br\/noticias\/?s={search_term_string}\"},\"query-input\":{\"@type\":\"PropertyValueSpecification\",\"valueRequired\":true,\"valueName\":\"search_term_string\"}}],\"inLanguage\":\"pt-BR\"},{\"@type\":\"Organization\",\"@id\":\"https:\/\/radiolifefm.com.br\/noticias\/#organization\",\"name\":\"R\u00e1dio Life FM\",\"alternateName\":\"Life FM\",\"url\":\"https:\/\/radiolifefm.com.br\/noticias\/\",\"logo\":{\"@type\":\"ImageObject\",\"inLanguage\":\"pt-BR\",\"@id\":\"https:\/\/radiolifefm.com.br\/noticias\/#\/schema\/logo\/image\/\",\"url\":\"https:\/\/static.radiolifefm.com.br\/noticias\/wp-content\/uploads\/2019\/10\/logo-lifefm.png\",\"contentUrl\":\"https:\/\/static.radiolifefm.com.br\/noticias\/wp-content\/uploads\/2019\/10\/logo-lifefm.png\",\"width\":196,\"height\":47,\"caption\":\"R\u00e1dio Life FM\"},\"image\":{\"@id\":\"https:\/\/radiolifefm.com.br\/noticias\/#\/schema\/logo\/image\/\"},\"sameAs\":[\"https:\/\/www.facebook.com\/radiolifefm\/\",\"https:\/\/www.instagram.com\/life1079fm\/\"]},{\"@type\":\"Person\",\"@id\":\"https:\/\/radiolifefm.com.br\/noticias\/#\/schema\/person\/6339b9fac59d12b071dec680d7375d87\",\"name\":\"ritanery\",\"image\":{\"@type\":\"ImageObject\",\"inLanguage\":\"pt-BR\",\"@id\":\"https:\/\/secure.gravatar.com\/avatar\/0e37bb19071f47c0b8a23f62a903df117c5a0e75f65a0c2901562f97cd41cf86?s=96&d=mm&r=g\",\"url\":\"https:\/\/secure.gravatar.com\/avatar\/0e37bb19071f47c0b8a23f62a903df117c5a0e75f65a0c2901562f97cd41cf86?s=96&d=mm&r=g\",\"contentUrl\":\"https:\/\/secure.gravatar.com\/avatar\/0e37bb19071f47c0b8a23f62a903df117c5a0e75f65a0c2901562f97cd41cf86?s=96&d=mm&r=g\",\"caption\":\"ritanery\"}}]}<\/script>\n<!-- \/ Yoast SEO plugin. -->","yoast_head_json":{"title":"Prov\u00edncia e Poder P\u00fablico: O imposs\u00edvel de acordo com o poss\u00edvel... - R\u00e1dio Life FM","robots":{"index":"index","follow":"follow","max-snippet":"max-snippet:-1","max-image-preview":"max-image-preview:large","max-video-preview":"max-video-preview:-1"},"canonical":"https:\/\/radiolifefm.com.br\/noticias\/provincia-e-poder-publico-o-impossivel-de-acordo-com-o-possivel\/","og_locale":"pt_BR","og_type":"article","og_title":"Prov\u00edncia e Poder P\u00fablico: O imposs\u00edvel de acordo com o poss\u00edvel... - R\u00e1dio Life FM","og_description":"\u201cA fal\u00eancia continua na administra\u00e7\u00e3o da coisa p\u00fablica contamina a rela\u00e7\u00e3o vindoura e o p\u00f3s jogo de poder e interesses de desenvolvimento entre o estado democr\u00e1tico verdadeiro e os interesses especulativos dos poderosos grupos financeiros em qualquer lugar do planeta.\u201d (Ricardo V. Barradas) \u00a0 By seb@r. &nbsp; Neste in\u00edcio, ainda, de mais uma ANO NOVO [&hellip;]","og_url":"https:\/\/radiolifefm.com.br\/noticias\/provincia-e-poder-publico-o-impossivel-de-acordo-com-o-possivel\/","og_site_name":"R\u00e1dio Life FM","article_publisher":"https:\/\/www.facebook.com\/radiolifefm\/","article_published_time":"2025-02-24T11:58:41+00:00","article_modified_time":"2026-04-02T13:23:46+00:00","og_image":[{"width":972,"height":1296,"url":"https:\/\/radiolifefm.com.br\/noticias\/wp-content\/uploads\/2022\/04\/WhatsApp-Image-2022-04-10-at-18.43.02.jpeg","type":"image\/jpeg"}],"author":"ritanery","twitter_card":"summary_large_image","twitter_misc":{"Escrito por":"ritanery","Est. tempo de leitura":"3 minutos"},"schema":{"@context":"https:\/\/schema.org","@graph":[{"@type":"Article","@id":"https:\/\/radiolifefm.com.br\/noticias\/provincia-e-poder-publico-o-impossivel-de-acordo-com-o-possivel\/#article","isPartOf":{"@id":"https:\/\/radiolifefm.com.br\/noticias\/provincia-e-poder-publico-o-impossivel-de-acordo-com-o-possivel\/"},"author":{"name":"ritanery","@id":"https:\/\/radiolifefm.com.br\/noticias\/#\/schema\/person\/6339b9fac59d12b071dec680d7375d87"},"headline":"Prov\u00edncia e Poder P\u00fablico: O imposs\u00edvel de acordo com o poss\u00edvel&#8230;","datePublished":"2025-02-24T11:58:41+00:00","dateModified":"2026-04-02T13:23:46+00:00","mainEntityOfPage":{"@id":"https:\/\/radiolifefm.com.br\/noticias\/provincia-e-poder-publico-o-impossivel-de-acordo-com-o-possivel\/"},"wordCount":422,"publisher":{"@id":"https:\/\/radiolifefm.com.br\/noticias\/#organization"},"image":{"@id":"https:\/\/radiolifefm.com.br\/noticias\/provincia-e-poder-publico-o-impossivel-de-acordo-com-o-possivel\/#primaryimage"},"thumbnailUrl":"https:\/\/radiolifefm.com.br\/noticias\/wp-content\/uploads\/2022\/04\/WhatsApp-Image-2022-04-10-at-18.43.02.jpeg","articleSection":["Opini\u00e3o"],"inLanguage":"pt-BR"},{"@type":"WebPage","@id":"https:\/\/radiolifefm.com.br\/noticias\/provincia-e-poder-publico-o-impossivel-de-acordo-com-o-possivel\/","url":"https:\/\/radiolifefm.com.br\/noticias\/provincia-e-poder-publico-o-impossivel-de-acordo-com-o-possivel\/","name":"Prov\u00edncia e Poder P\u00fablico: O imposs\u00edvel de acordo com o poss\u00edvel... - R\u00e1dio Life FM","isPartOf":{"@id":"https:\/\/radiolifefm.com.br\/noticias\/#website"},"primaryImageOfPage":{"@id":"https:\/\/radiolifefm.com.br\/noticias\/provincia-e-poder-publico-o-impossivel-de-acordo-com-o-possivel\/#primaryimage"},"image":{"@id":"https:\/\/radiolifefm.com.br\/noticias\/provincia-e-poder-publico-o-impossivel-de-acordo-com-o-possivel\/#primaryimage"},"thumbnailUrl":"https:\/\/radiolifefm.com.br\/noticias\/wp-content\/uploads\/2022\/04\/WhatsApp-Image-2022-04-10-at-18.43.02.jpeg","datePublished":"2025-02-24T11:58:41+00:00","dateModified":"2026-04-02T13:23:46+00:00","breadcrumb":{"@id":"https:\/\/radiolifefm.com.br\/noticias\/provincia-e-poder-publico-o-impossivel-de-acordo-com-o-possivel\/#breadcrumb"},"inLanguage":"pt-BR","potentialAction":[{"@type":"ReadAction","target":["https:\/\/radiolifefm.com.br\/noticias\/provincia-e-poder-publico-o-impossivel-de-acordo-com-o-possivel\/"]}]},{"@type":"ImageObject","inLanguage":"pt-BR","@id":"https:\/\/radiolifefm.com.br\/noticias\/provincia-e-poder-publico-o-impossivel-de-acordo-com-o-possivel\/#primaryimage","url":"https:\/\/radiolifefm.com.br\/noticias\/wp-content\/uploads\/2022\/04\/WhatsApp-Image-2022-04-10-at-18.43.02.jpeg","contentUrl":"https:\/\/radiolifefm.com.br\/noticias\/wp-content\/uploads\/2022\/04\/WhatsApp-Image-2022-04-10-at-18.43.02.jpeg","width":972,"height":1296,"caption":"S\u00e9rgio Barbosa"},{"@type":"BreadcrumbList","@id":"https:\/\/radiolifefm.com.br\/noticias\/provincia-e-poder-publico-o-impossivel-de-acordo-com-o-possivel\/#breadcrumb","itemListElement":[{"@type":"ListItem","position":1,"name":"In\u00edcio","item":"https:\/\/radiolifefm.com.br\/noticias\/"},{"@type":"ListItem","position":2,"name":"Prov\u00edncia e Poder P\u00fablico: O imposs\u00edvel de acordo com o poss\u00edvel&#8230;"}]},{"@type":"WebSite","@id":"https:\/\/radiolifefm.com.br\/noticias\/#website","url":"https:\/\/radiolifefm.com.br\/noticias\/","name":"R\u00e1dio Life FM","description":"O Portal de Not\u00edcias de Adamantina","publisher":{"@id":"https:\/\/radiolifefm.com.br\/noticias\/#organization"},"alternateName":"Life FM","potentialAction":[{"@type":"SearchAction","target":{"@type":"EntryPoint","urlTemplate":"https:\/\/radiolifefm.com.br\/noticias\/?s={search_term_string}"},"query-input":{"@type":"PropertyValueSpecification","valueRequired":true,"valueName":"search_term_string"}}],"inLanguage":"pt-BR"},{"@type":"Organization","@id":"https:\/\/radiolifefm.com.br\/noticias\/#organization","name":"R\u00e1dio Life FM","alternateName":"Life FM","url":"https:\/\/radiolifefm.com.br\/noticias\/","logo":{"@type":"ImageObject","inLanguage":"pt-BR","@id":"https:\/\/radiolifefm.com.br\/noticias\/#\/schema\/logo\/image\/","url":"https:\/\/static.radiolifefm.com.br\/noticias\/wp-content\/uploads\/2019\/10\/logo-lifefm.png","contentUrl":"https:\/\/static.radiolifefm.com.br\/noticias\/wp-content\/uploads\/2019\/10\/logo-lifefm.png","width":196,"height":47,"caption":"R\u00e1dio Life FM"},"image":{"@id":"https:\/\/radiolifefm.com.br\/noticias\/#\/schema\/logo\/image\/"},"sameAs":["https:\/\/www.facebook.com\/radiolifefm\/","https:\/\/www.instagram.com\/life1079fm\/"]},{"@type":"Person","@id":"https:\/\/radiolifefm.com.br\/noticias\/#\/schema\/person\/6339b9fac59d12b071dec680d7375d87","name":"ritanery","image":{"@type":"ImageObject","inLanguage":"pt-BR","@id":"https:\/\/secure.gravatar.com\/avatar\/0e37bb19071f47c0b8a23f62a903df117c5a0e75f65a0c2901562f97cd41cf86?s=96&d=mm&r=g","url":"https:\/\/secure.gravatar.com\/avatar\/0e37bb19071f47c0b8a23f62a903df117c5a0e75f65a0c2901562f97cd41cf86?s=96&d=mm&r=g","contentUrl":"https:\/\/secure.gravatar.com\/avatar\/0e37bb19071f47c0b8a23f62a903df117c5a0e75f65a0c2901562f97cd41cf86?s=96&d=mm&r=g","caption":"ritanery"}}]}},"amp_enabled":true,"_links":{"self":[{"href":"https:\/\/radiolifefm.com.br\/noticias\/wp-json\/wp\/v2\/posts\/98003","targetHints":{"allow":["GET"]}}],"collection":[{"href":"https:\/\/radiolifefm.com.br\/noticias\/wp-json\/wp\/v2\/posts"}],"about":[{"href":"https:\/\/radiolifefm.com.br\/noticias\/wp-json\/wp\/v2\/types\/post"}],"author":[{"embeddable":true,"href":"https:\/\/radiolifefm.com.br\/noticias\/wp-json\/wp\/v2\/users\/13"}],"replies":[{"embeddable":true,"href":"https:\/\/radiolifefm.com.br\/noticias\/wp-json\/wp\/v2\/comments?post=98003"}],"version-history":[{"count":1,"href":"https:\/\/radiolifefm.com.br\/noticias\/wp-json\/wp\/v2\/posts\/98003\/revisions"}],"predecessor-version":[{"id":98004,"href":"https:\/\/radiolifefm.com.br\/noticias\/wp-json\/wp\/v2\/posts\/98003\/revisions\/98004"}],"wp:featuredmedia":[{"embeddable":true,"href":"https:\/\/radiolifefm.com.br\/noticias\/wp-json\/wp\/v2\/media\/51988"}],"wp:attachment":[{"href":"https:\/\/radiolifefm.com.br\/noticias\/wp-json\/wp\/v2\/media?parent=98003"}],"wp:term":[{"taxonomy":"category","embeddable":true,"href":"https:\/\/radiolifefm.com.br\/noticias\/wp-json\/wp\/v2\/categories?post=98003"},{"taxonomy":"post_tag","embeddable":true,"href":"https:\/\/radiolifefm.com.br\/noticias\/wp-json\/wp\/v2\/tags?post=98003"}],"curies":[{"name":"wp","href":"https:\/\/api.w.org\/{rel}","templated":true}]}}