{"id":97848,"date":"2025-02-21T08:10:16","date_gmt":"2025-02-21T11:10:16","guid":{"rendered":"https:\/\/radiolifefm.com.br\/noticias\/?p=97848"},"modified":"2026-04-23T17:46:41","modified_gmt":"2026-04-23T20:46:41","slug":"do-rego-gilde-zola-camus-e-kundera-in-engenho-vaticano-teresa-estrangeiro-e-leveza","status":"publish","type":"post","link":"https:\/\/radiolifefm.com.br\/noticias\/do-rego-gilde-zola-camus-e-kundera-in-engenho-vaticano-teresa-estrangeiro-e-leveza\/","title":{"rendered":"DO REGO, GILDE, ZOLA, CAMUS e KUNDERA in Engenho, Vaticano, Teresa, Estrangeiro e Leveza&#8230;"},"content":{"rendered":"<div id=\"fb-root\"><\/div>\n<p><strong><em>\u00a0\u201cA Academia Brasileira de Letras se comp\u00f5e de 39 membros e um morto rotativo\u201d. (Mill\u00f4r Fernandes)<\/em><\/strong><\/p>\n<p><strong><em><br \/>\n\u201cEm literatura, o melhor meio de ficar c\u00e9lebre \u00e9 morrer\u201d. (Victor Hugo)<\/em><\/strong><\/p>\n<p><strong><em><br \/>\n\u201cA diferen\u00e7a entre fic\u00e7\u00e3o e realidade? A fic\u00e7\u00e3o tem que ter senso\u201d.<br \/>\n(Tom Clancy)<\/em><\/strong><\/p>\n<p>&nbsp;<\/p>\n<p><strong>By seb@r.<\/strong><\/p>\n<p>&nbsp;<\/p>\n<p>Neste CEN\u00c1RIO denominado UNIVERSAL da LITERATURA, deve-se considerar que existem muitos DESENCONTROS com todos os lados em n\u00edvel de AUTORES\/AS&#8230;<\/p>\n<p>Por\u00e9m, como sempre, apenas quem esteve nestas P\u00c1GINAS pode de um jeito ou de outro, escrever isto e mais aquilo, mesmo por meio de PALAVRAS DISPERSAS sobre LIVROS e AUTORES\/AS&#8230;<\/p>\n<p>Por isso, talvez seja mais do que necess\u00e1rio estar naquele ENGENHO como MENINO naquele outro TEMPO do TEMPO, por\u00e9m, apenas quem esteve neste CEN\u00c1RIO RURAL pode saber das suas IDAS e VINDAS&#8230;<\/p>\n<p>O interessante \u00e9 que JOS\u00c9 LINS esteve mais do que presente como aquele MENINO com suas ARTIMANHAS INFANTIS, assim, todas as PERALTICES deste TEMPO se justificam de um jeito ou de outro&#8230;<\/p>\n<p>Entretanto, sempre \u00e9 poss\u00edvel entrar em algum SUBTERR\u00c2NEO, ainda mais se for no VATICANO para saber aquele ALGO MAIS, todavia, nestes MEANDROS RELIGIOSOS, bem como, quando aparece outros GRUPOS para dar APOIO, ou melhor, tentam ESCONDER de todos os jeitos os tais SEGREDOS que envolvem o SAGRADO frente a realidade do PROFANO&#8230;<\/p>\n<p>Por isso, talvez, aquilo que est\u00e1 debaixo dos panos, possa mostrar EMILE tentou de todos os jeitos, ainda, apresentar a RAQUIN para muitas aproxima\u00e7\u00f5es com suas ANDAN\u00c7AS em busca de SI MESMA&#8230;<\/p>\n<p>Os MIST\u00c9RIOS que envolvem o lado AFETIVO das pessoas, acabam se transformando em uma outra BUSCA pela FELICIDADE que n\u00e3o existe e ponto quase final&#8230;<\/p>\n<p>Neste contexto PLURAL, por\u00e9m, com objetivo focado no SINGULAR, eis que aparece o ALBERT com suas apresenta\u00e7\u00f5es sobre PERSONAGENS silenciosas&#8230;<\/p>\n<p>Todas as CONTRADI\u00c7\u00d5ES acabam levando quase sempre para o mesmo LUGAR, todavia, aquele ESTRANGEIRO n\u00e3o conseguiu superar suas diferen\u00e7as e ficou na espera do seu tempo&#8230;<\/p>\n<p>A tal LEVEZA DO SER pode ser a diferen\u00e7a entre tudo e nada ao mesmo TEMPO, mesmo assim, como sempre, o PASSADO continua marcando o PRESENTE, haja vista que o FUTURO depende das ESCOLHAS das pessoas&#8230;<\/p>\n<p>Mesmo assim, MILAN buscou apresentar um CEN\u00c1RIO que estava entre o ABSURDO que envolve a HUMANIDADE em n\u00edvel pessoal, por\u00e9m, sempre pode existir aquela INSUSTENT\u00c1VEL LEVEZA DO SER&#8230;<\/p>\n<p>NADA PODE SER MAIS INTERESSANTE DO QUE ENTRAR NESTE UNIVERSO LITER\u00c1RIO, TENDO EM VISTA QUE VOC\u00ca PODE SE PERDER EM SI MESMO\/A&#8230;<\/p>\n<div class='flex flex-wrap items-center -mx-1'>\r\n<a class='thumbnail gallery p-1 w-1\/2 md:w-1\/4' href='https:\/\/radiolifefm.com.br\/noticias\/wp-content\/uploads\/2025\/02\/WhatsApp-Image-2025-02-20-at-19.58.50-1.jpeg'><img class='border border-white' src='https:\/\/radiolifefm.com.br\/noticias\/wp-content\/uploads\/2025\/02\/WhatsApp-Image-2025-02-20-at-19.58.50-1-200x200.jpeg' alt='WhatsApp Image 2025 02 20 At 19.58.50 (1)' \/><\/a><a class='thumbnail gallery p-1 w-1\/2 md:w-1\/4' href='https:\/\/radiolifefm.com.br\/noticias\/wp-content\/uploads\/2025\/02\/WhatsApp-Image-2025-02-20-at-19.58.50-2.jpeg'><img class='border border-white' src='https:\/\/radiolifefm.com.br\/noticias\/wp-content\/uploads\/2025\/02\/WhatsApp-Image-2025-02-20-at-19.58.50-2-200x200.jpeg' alt='WhatsApp Image 2025 02 20 At 19.58.50 (2)' \/><\/a><a class='thumbnail gallery p-1 w-1\/2 md:w-1\/4' href='https:\/\/radiolifefm.com.br\/noticias\/wp-content\/uploads\/2025\/02\/WhatsApp-Image-2025-02-20-at-19.58.50.jpeg'><img class='border border-white' src='https:\/\/radiolifefm.com.br\/noticias\/wp-content\/uploads\/2025\/02\/WhatsApp-Image-2025-02-20-at-19.58.50-200x200.jpeg' alt='WhatsApp Image 2025 02 20 At 19.58.50' \/><\/a><a class='thumbnail gallery p-1 w-1\/2 md:w-1\/4' href='https:\/\/radiolifefm.com.br\/noticias\/wp-content\/uploads\/2025\/02\/WhatsApp-Image-2025-02-20-at-19.58.51-1.jpeg'><img class='border border-white' src='https:\/\/radiolifefm.com.br\/noticias\/wp-content\/uploads\/2025\/02\/WhatsApp-Image-2025-02-20-at-19.58.51-1-200x200.jpeg' alt='WhatsApp Image 2025 02 20 At 19.58.51 (1)' \/><\/a><a class='thumbnail gallery p-1 w-1\/2 md:w-1\/4' href='https:\/\/radiolifefm.com.br\/noticias\/wp-content\/uploads\/2025\/02\/WhatsApp-Image-2025-02-20-at-19.58.51.jpeg'><img class='border border-white' src='https:\/\/radiolifefm.com.br\/noticias\/wp-content\/uploads\/2025\/02\/WhatsApp-Image-2025-02-20-at-19.58.51-200x200.jpeg' alt='WhatsApp Image 2025 02 20 At 19.58.51' \/><\/a><\/div>\n<p>&nbsp;<\/p>\n<p><strong>e-mail: <\/strong><a href=\"mailto:barbosa.sebar@gmail.com\"><strong>barbosa.sebar@gmail.com<\/strong><\/a><\/p>\n","protected":false},"excerpt":{"rendered":"<p>\u00a0\u201cA Academia Brasileira de Letras se comp\u00f5e de 39 membros e um morto rotativo\u201d. (Mill\u00f4r Fernandes) \u201cEm literatura, o melhor meio de ficar c\u00e9lebre \u00e9 morrer\u201d. (Victor Hugo) \u201cA diferen\u00e7a entre fic\u00e7\u00e3o e realidade? A fic\u00e7\u00e3o tem que ter senso\u201d. (Tom Clancy) &nbsp; By seb@r. &nbsp; Neste CEN\u00c1RIO denominado UNIVERSAL da LITERATURA, deve-se considerar que [&hellip;]<\/p>\n","protected":false},"author":13,"featured_media":97849,"comment_status":"closed","ping_status":"open","sticky":false,"template":"","format":"standard","meta":{"_acf_changed":false,"_exactmetrics_skip_tracking":false,"_exactmetrics_sitenote_active":false,"_exactmetrics_sitenote_note":"","_exactmetrics_sitenote_category":0,"footnotes":""},"categories":[59],"tags":[],"class_list":["post-97848","post","type-post","status-publish","format-standard","has-post-thumbnail","hentry","category-opiniao"],"acf":[],"yoast_head":"<!-- This site is optimized with the Yoast SEO plugin v27.2 - https:\/\/yoast.com\/product\/yoast-seo-wordpress\/ -->\n<title>DO REGO, GILDE, ZOLA, CAMUS e KUNDERA in Engenho, Vaticano, Teresa, Estrangeiro e Leveza... - R\u00e1dio Life FM<\/title>\n<meta name=\"robots\" content=\"index, follow, max-snippet:-1, max-image-preview:large, max-video-preview:-1\" \/>\n<link rel=\"canonical\" href=\"https:\/\/radiolifefm.com.br\/noticias\/do-rego-gilde-zola-camus-e-kundera-in-engenho-vaticano-teresa-estrangeiro-e-leveza\/\" \/>\n<meta property=\"og:locale\" content=\"pt_BR\" \/>\n<meta property=\"og:type\" content=\"article\" \/>\n<meta property=\"og:title\" content=\"DO REGO, GILDE, ZOLA, CAMUS e KUNDERA in Engenho, Vaticano, Teresa, Estrangeiro e Leveza... - R\u00e1dio Life FM\" \/>\n<meta property=\"og:description\" content=\"\u00a0\u201cA Academia Brasileira de Letras se comp\u00f5e de 39 membros e um morto rotativo\u201d. (Mill\u00f4r Fernandes) \u201cEm literatura, o melhor meio de ficar c\u00e9lebre \u00e9 morrer\u201d. (Victor Hugo) \u201cA diferen\u00e7a entre fic\u00e7\u00e3o e realidade? A fic\u00e7\u00e3o tem que ter senso\u201d. (Tom Clancy) &nbsp; By seb@r. &nbsp; Neste CEN\u00c1RIO denominado UNIVERSAL da LITERATURA, deve-se considerar que [&hellip;]\" \/>\n<meta property=\"og:url\" content=\"https:\/\/radiolifefm.com.br\/noticias\/do-rego-gilde-zola-camus-e-kundera-in-engenho-vaticano-teresa-estrangeiro-e-leveza\/\" \/>\n<meta property=\"og:site_name\" content=\"R\u00e1dio Life FM\" \/>\n<meta property=\"article:publisher\" content=\"https:\/\/www.facebook.com\/radiolifefm\/\" \/>\n<meta property=\"article:published_time\" content=\"2025-02-21T11:10:16+00:00\" \/>\n<meta property=\"article:modified_time\" content=\"2026-04-23T20:46:41+00:00\" \/>\n<meta property=\"og:image\" content=\"https:\/\/radiolifefm.com.br\/noticias\/wp-content\/uploads\/2025\/02\/WhatsApp-Image-2025-02-20-at-19.57.53.jpeg\" \/>\n\t<meta property=\"og:image:width\" content=\"1600\" \/>\n\t<meta property=\"og:image:height\" content=\"1200\" \/>\n\t<meta property=\"og:image:type\" content=\"image\/jpeg\" \/>\n<meta name=\"author\" content=\"ritanery\" \/>\n<meta name=\"twitter:card\" content=\"summary_large_image\" \/>\n<meta name=\"twitter:label1\" content=\"Escrito por\" \/>\n\t<meta name=\"twitter:data1\" content=\"ritanery\" \/>\n\t<meta name=\"twitter:label2\" content=\"Est. tempo de leitura\" \/>\n\t<meta name=\"twitter:data2\" content=\"3 minutos\" \/>\n<script type=\"application\/ld+json\" class=\"yoast-schema-graph\">{\"@context\":\"https:\/\/schema.org\",\"@graph\":[{\"@type\":\"Article\",\"@id\":\"https:\/\/radiolifefm.com.br\/noticias\/do-rego-gilde-zola-camus-e-kundera-in-engenho-vaticano-teresa-estrangeiro-e-leveza\/#article\",\"isPartOf\":{\"@id\":\"https:\/\/radiolifefm.com.br\/noticias\/do-rego-gilde-zola-camus-e-kundera-in-engenho-vaticano-teresa-estrangeiro-e-leveza\/\"},\"author\":{\"name\":\"ritanery\",\"@id\":\"https:\/\/radiolifefm.com.br\/noticias\/#\/schema\/person\/6339b9fac59d12b071dec680d7375d87\"},\"headline\":\"DO REGO, GILDE, ZOLA, CAMUS e KUNDERA in Engenho, Vaticano, Teresa, Estrangeiro e Leveza&#8230;\",\"datePublished\":\"2025-02-21T11:10:16+00:00\",\"dateModified\":\"2026-04-23T20:46:41+00:00\",\"mainEntityOfPage\":{\"@id\":\"https:\/\/radiolifefm.com.br\/noticias\/do-rego-gilde-zola-camus-e-kundera-in-engenho-vaticano-teresa-estrangeiro-e-leveza\/\"},\"wordCount\":453,\"publisher\":{\"@id\":\"https:\/\/radiolifefm.com.br\/noticias\/#organization\"},\"image\":{\"@id\":\"https:\/\/radiolifefm.com.br\/noticias\/do-rego-gilde-zola-camus-e-kundera-in-engenho-vaticano-teresa-estrangeiro-e-leveza\/#primaryimage\"},\"thumbnailUrl\":\"https:\/\/radiolifefm.com.br\/noticias\/wp-content\/uploads\/2025\/02\/WhatsApp-Image-2025-02-20-at-19.57.53.jpeg\",\"articleSection\":[\"Opini\u00e3o\"],\"inLanguage\":\"pt-BR\"},{\"@type\":\"WebPage\",\"@id\":\"https:\/\/radiolifefm.com.br\/noticias\/do-rego-gilde-zola-camus-e-kundera-in-engenho-vaticano-teresa-estrangeiro-e-leveza\/\",\"url\":\"https:\/\/radiolifefm.com.br\/noticias\/do-rego-gilde-zola-camus-e-kundera-in-engenho-vaticano-teresa-estrangeiro-e-leveza\/\",\"name\":\"DO REGO, GILDE, ZOLA, CAMUS e KUNDERA in Engenho, Vaticano, Teresa, Estrangeiro e Leveza... - R\u00e1dio Life FM\",\"isPartOf\":{\"@id\":\"https:\/\/radiolifefm.com.br\/noticias\/#website\"},\"primaryImageOfPage\":{\"@id\":\"https:\/\/radiolifefm.com.br\/noticias\/do-rego-gilde-zola-camus-e-kundera-in-engenho-vaticano-teresa-estrangeiro-e-leveza\/#primaryimage\"},\"image\":{\"@id\":\"https:\/\/radiolifefm.com.br\/noticias\/do-rego-gilde-zola-camus-e-kundera-in-engenho-vaticano-teresa-estrangeiro-e-leveza\/#primaryimage\"},\"thumbnailUrl\":\"https:\/\/radiolifefm.com.br\/noticias\/wp-content\/uploads\/2025\/02\/WhatsApp-Image-2025-02-20-at-19.57.53.jpeg\",\"datePublished\":\"2025-02-21T11:10:16+00:00\",\"dateModified\":\"2026-04-23T20:46:41+00:00\",\"breadcrumb\":{\"@id\":\"https:\/\/radiolifefm.com.br\/noticias\/do-rego-gilde-zola-camus-e-kundera-in-engenho-vaticano-teresa-estrangeiro-e-leveza\/#breadcrumb\"},\"inLanguage\":\"pt-BR\",\"potentialAction\":[{\"@type\":\"ReadAction\",\"target\":[\"https:\/\/radiolifefm.com.br\/noticias\/do-rego-gilde-zola-camus-e-kundera-in-engenho-vaticano-teresa-estrangeiro-e-leveza\/\"]}]},{\"@type\":\"ImageObject\",\"inLanguage\":\"pt-BR\",\"@id\":\"https:\/\/radiolifefm.com.br\/noticias\/do-rego-gilde-zola-camus-e-kundera-in-engenho-vaticano-teresa-estrangeiro-e-leveza\/#primaryimage\",\"url\":\"https:\/\/radiolifefm.com.br\/noticias\/wp-content\/uploads\/2025\/02\/WhatsApp-Image-2025-02-20-at-19.57.53.jpeg\",\"contentUrl\":\"https:\/\/radiolifefm.com.br\/noticias\/wp-content\/uploads\/2025\/02\/WhatsApp-Image-2025-02-20-at-19.57.53.jpeg\",\"width\":1600,\"height\":1200},{\"@type\":\"BreadcrumbList\",\"@id\":\"https:\/\/radiolifefm.com.br\/noticias\/do-rego-gilde-zola-camus-e-kundera-in-engenho-vaticano-teresa-estrangeiro-e-leveza\/#breadcrumb\",\"itemListElement\":[{\"@type\":\"ListItem\",\"position\":1,\"name\":\"In\u00edcio\",\"item\":\"https:\/\/radiolifefm.com.br\/noticias\/\"},{\"@type\":\"ListItem\",\"position\":2,\"name\":\"DO REGO, GILDE, ZOLA, CAMUS e KUNDERA in Engenho, Vaticano, Teresa, Estrangeiro e Leveza&#8230;\"}]},{\"@type\":\"WebSite\",\"@id\":\"https:\/\/radiolifefm.com.br\/noticias\/#website\",\"url\":\"https:\/\/radiolifefm.com.br\/noticias\/\",\"name\":\"R\u00e1dio Life FM\",\"description\":\"O Portal de Not\u00edcias de Adamantina\",\"publisher\":{\"@id\":\"https:\/\/radiolifefm.com.br\/noticias\/#organization\"},\"alternateName\":\"Life FM\",\"potentialAction\":[{\"@type\":\"SearchAction\",\"target\":{\"@type\":\"EntryPoint\",\"urlTemplate\":\"https:\/\/radiolifefm.com.br\/noticias\/?s={search_term_string}\"},\"query-input\":{\"@type\":\"PropertyValueSpecification\",\"valueRequired\":true,\"valueName\":\"search_term_string\"}}],\"inLanguage\":\"pt-BR\"},{\"@type\":\"Organization\",\"@id\":\"https:\/\/radiolifefm.com.br\/noticias\/#organization\",\"name\":\"R\u00e1dio Life FM\",\"alternateName\":\"Life FM\",\"url\":\"https:\/\/radiolifefm.com.br\/noticias\/\",\"logo\":{\"@type\":\"ImageObject\",\"inLanguage\":\"pt-BR\",\"@id\":\"https:\/\/radiolifefm.com.br\/noticias\/#\/schema\/logo\/image\/\",\"url\":\"https:\/\/static.radiolifefm.com.br\/noticias\/wp-content\/uploads\/2019\/10\/logo-lifefm.png\",\"contentUrl\":\"https:\/\/static.radiolifefm.com.br\/noticias\/wp-content\/uploads\/2019\/10\/logo-lifefm.png\",\"width\":196,\"height\":47,\"caption\":\"R\u00e1dio Life FM\"},\"image\":{\"@id\":\"https:\/\/radiolifefm.com.br\/noticias\/#\/schema\/logo\/image\/\"},\"sameAs\":[\"https:\/\/www.facebook.com\/radiolifefm\/\",\"https:\/\/www.instagram.com\/life1079fm\/\"]},{\"@type\":\"Person\",\"@id\":\"https:\/\/radiolifefm.com.br\/noticias\/#\/schema\/person\/6339b9fac59d12b071dec680d7375d87\",\"name\":\"ritanery\",\"image\":{\"@type\":\"ImageObject\",\"inLanguage\":\"pt-BR\",\"@id\":\"https:\/\/secure.gravatar.com\/avatar\/0e37bb19071f47c0b8a23f62a903df117c5a0e75f65a0c2901562f97cd41cf86?s=96&d=mm&r=g\",\"url\":\"https:\/\/secure.gravatar.com\/avatar\/0e37bb19071f47c0b8a23f62a903df117c5a0e75f65a0c2901562f97cd41cf86?s=96&d=mm&r=g\",\"contentUrl\":\"https:\/\/secure.gravatar.com\/avatar\/0e37bb19071f47c0b8a23f62a903df117c5a0e75f65a0c2901562f97cd41cf86?s=96&d=mm&r=g\",\"caption\":\"ritanery\"}}]}<\/script>\n<!-- \/ Yoast SEO plugin. -->","yoast_head_json":{"title":"DO REGO, GILDE, ZOLA, CAMUS e KUNDERA in Engenho, Vaticano, Teresa, Estrangeiro e Leveza... - R\u00e1dio Life FM","robots":{"index":"index","follow":"follow","max-snippet":"max-snippet:-1","max-image-preview":"max-image-preview:large","max-video-preview":"max-video-preview:-1"},"canonical":"https:\/\/radiolifefm.com.br\/noticias\/do-rego-gilde-zola-camus-e-kundera-in-engenho-vaticano-teresa-estrangeiro-e-leveza\/","og_locale":"pt_BR","og_type":"article","og_title":"DO REGO, GILDE, ZOLA, CAMUS e KUNDERA in Engenho, Vaticano, Teresa, Estrangeiro e Leveza... - R\u00e1dio Life FM","og_description":"\u00a0\u201cA Academia Brasileira de Letras se comp\u00f5e de 39 membros e um morto rotativo\u201d. (Mill\u00f4r Fernandes) \u201cEm literatura, o melhor meio de ficar c\u00e9lebre \u00e9 morrer\u201d. (Victor Hugo) \u201cA diferen\u00e7a entre fic\u00e7\u00e3o e realidade? A fic\u00e7\u00e3o tem que ter senso\u201d. (Tom Clancy) &nbsp; By seb@r. &nbsp; Neste CEN\u00c1RIO denominado UNIVERSAL da LITERATURA, deve-se considerar que [&hellip;]","og_url":"https:\/\/radiolifefm.com.br\/noticias\/do-rego-gilde-zola-camus-e-kundera-in-engenho-vaticano-teresa-estrangeiro-e-leveza\/","og_site_name":"R\u00e1dio Life FM","article_publisher":"https:\/\/www.facebook.com\/radiolifefm\/","article_published_time":"2025-02-21T11:10:16+00:00","article_modified_time":"2026-04-23T20:46:41+00:00","og_image":[{"width":1600,"height":1200,"url":"https:\/\/radiolifefm.com.br\/noticias\/wp-content\/uploads\/2025\/02\/WhatsApp-Image-2025-02-20-at-19.57.53.jpeg","type":"image\/jpeg"}],"author":"ritanery","twitter_card":"summary_large_image","twitter_misc":{"Escrito por":"ritanery","Est. tempo de leitura":"3 minutos"},"schema":{"@context":"https:\/\/schema.org","@graph":[{"@type":"Article","@id":"https:\/\/radiolifefm.com.br\/noticias\/do-rego-gilde-zola-camus-e-kundera-in-engenho-vaticano-teresa-estrangeiro-e-leveza\/#article","isPartOf":{"@id":"https:\/\/radiolifefm.com.br\/noticias\/do-rego-gilde-zola-camus-e-kundera-in-engenho-vaticano-teresa-estrangeiro-e-leveza\/"},"author":{"name":"ritanery","@id":"https:\/\/radiolifefm.com.br\/noticias\/#\/schema\/person\/6339b9fac59d12b071dec680d7375d87"},"headline":"DO REGO, GILDE, ZOLA, CAMUS e KUNDERA in Engenho, Vaticano, Teresa, Estrangeiro e Leveza&#8230;","datePublished":"2025-02-21T11:10:16+00:00","dateModified":"2026-04-23T20:46:41+00:00","mainEntityOfPage":{"@id":"https:\/\/radiolifefm.com.br\/noticias\/do-rego-gilde-zola-camus-e-kundera-in-engenho-vaticano-teresa-estrangeiro-e-leveza\/"},"wordCount":453,"publisher":{"@id":"https:\/\/radiolifefm.com.br\/noticias\/#organization"},"image":{"@id":"https:\/\/radiolifefm.com.br\/noticias\/do-rego-gilde-zola-camus-e-kundera-in-engenho-vaticano-teresa-estrangeiro-e-leveza\/#primaryimage"},"thumbnailUrl":"https:\/\/radiolifefm.com.br\/noticias\/wp-content\/uploads\/2025\/02\/WhatsApp-Image-2025-02-20-at-19.57.53.jpeg","articleSection":["Opini\u00e3o"],"inLanguage":"pt-BR"},{"@type":"WebPage","@id":"https:\/\/radiolifefm.com.br\/noticias\/do-rego-gilde-zola-camus-e-kundera-in-engenho-vaticano-teresa-estrangeiro-e-leveza\/","url":"https:\/\/radiolifefm.com.br\/noticias\/do-rego-gilde-zola-camus-e-kundera-in-engenho-vaticano-teresa-estrangeiro-e-leveza\/","name":"DO REGO, GILDE, ZOLA, CAMUS e KUNDERA in Engenho, Vaticano, Teresa, Estrangeiro e Leveza... - R\u00e1dio Life FM","isPartOf":{"@id":"https:\/\/radiolifefm.com.br\/noticias\/#website"},"primaryImageOfPage":{"@id":"https:\/\/radiolifefm.com.br\/noticias\/do-rego-gilde-zola-camus-e-kundera-in-engenho-vaticano-teresa-estrangeiro-e-leveza\/#primaryimage"},"image":{"@id":"https:\/\/radiolifefm.com.br\/noticias\/do-rego-gilde-zola-camus-e-kundera-in-engenho-vaticano-teresa-estrangeiro-e-leveza\/#primaryimage"},"thumbnailUrl":"https:\/\/radiolifefm.com.br\/noticias\/wp-content\/uploads\/2025\/02\/WhatsApp-Image-2025-02-20-at-19.57.53.jpeg","datePublished":"2025-02-21T11:10:16+00:00","dateModified":"2026-04-23T20:46:41+00:00","breadcrumb":{"@id":"https:\/\/radiolifefm.com.br\/noticias\/do-rego-gilde-zola-camus-e-kundera-in-engenho-vaticano-teresa-estrangeiro-e-leveza\/#breadcrumb"},"inLanguage":"pt-BR","potentialAction":[{"@type":"ReadAction","target":["https:\/\/radiolifefm.com.br\/noticias\/do-rego-gilde-zola-camus-e-kundera-in-engenho-vaticano-teresa-estrangeiro-e-leveza\/"]}]},{"@type":"ImageObject","inLanguage":"pt-BR","@id":"https:\/\/radiolifefm.com.br\/noticias\/do-rego-gilde-zola-camus-e-kundera-in-engenho-vaticano-teresa-estrangeiro-e-leveza\/#primaryimage","url":"https:\/\/radiolifefm.com.br\/noticias\/wp-content\/uploads\/2025\/02\/WhatsApp-Image-2025-02-20-at-19.57.53.jpeg","contentUrl":"https:\/\/radiolifefm.com.br\/noticias\/wp-content\/uploads\/2025\/02\/WhatsApp-Image-2025-02-20-at-19.57.53.jpeg","width":1600,"height":1200},{"@type":"BreadcrumbList","@id":"https:\/\/radiolifefm.com.br\/noticias\/do-rego-gilde-zola-camus-e-kundera-in-engenho-vaticano-teresa-estrangeiro-e-leveza\/#breadcrumb","itemListElement":[{"@type":"ListItem","position":1,"name":"In\u00edcio","item":"https:\/\/radiolifefm.com.br\/noticias\/"},{"@type":"ListItem","position":2,"name":"DO REGO, GILDE, ZOLA, CAMUS e KUNDERA in Engenho, Vaticano, Teresa, Estrangeiro e Leveza&#8230;"}]},{"@type":"WebSite","@id":"https:\/\/radiolifefm.com.br\/noticias\/#website","url":"https:\/\/radiolifefm.com.br\/noticias\/","name":"R\u00e1dio Life FM","description":"O Portal de Not\u00edcias de Adamantina","publisher":{"@id":"https:\/\/radiolifefm.com.br\/noticias\/#organization"},"alternateName":"Life FM","potentialAction":[{"@type":"SearchAction","target":{"@type":"EntryPoint","urlTemplate":"https:\/\/radiolifefm.com.br\/noticias\/?s={search_term_string}"},"query-input":{"@type":"PropertyValueSpecification","valueRequired":true,"valueName":"search_term_string"}}],"inLanguage":"pt-BR"},{"@type":"Organization","@id":"https:\/\/radiolifefm.com.br\/noticias\/#organization","name":"R\u00e1dio Life FM","alternateName":"Life FM","url":"https:\/\/radiolifefm.com.br\/noticias\/","logo":{"@type":"ImageObject","inLanguage":"pt-BR","@id":"https:\/\/radiolifefm.com.br\/noticias\/#\/schema\/logo\/image\/","url":"https:\/\/static.radiolifefm.com.br\/noticias\/wp-content\/uploads\/2019\/10\/logo-lifefm.png","contentUrl":"https:\/\/static.radiolifefm.com.br\/noticias\/wp-content\/uploads\/2019\/10\/logo-lifefm.png","width":196,"height":47,"caption":"R\u00e1dio Life FM"},"image":{"@id":"https:\/\/radiolifefm.com.br\/noticias\/#\/schema\/logo\/image\/"},"sameAs":["https:\/\/www.facebook.com\/radiolifefm\/","https:\/\/www.instagram.com\/life1079fm\/"]},{"@type":"Person","@id":"https:\/\/radiolifefm.com.br\/noticias\/#\/schema\/person\/6339b9fac59d12b071dec680d7375d87","name":"ritanery","image":{"@type":"ImageObject","inLanguage":"pt-BR","@id":"https:\/\/secure.gravatar.com\/avatar\/0e37bb19071f47c0b8a23f62a903df117c5a0e75f65a0c2901562f97cd41cf86?s=96&d=mm&r=g","url":"https:\/\/secure.gravatar.com\/avatar\/0e37bb19071f47c0b8a23f62a903df117c5a0e75f65a0c2901562f97cd41cf86?s=96&d=mm&r=g","contentUrl":"https:\/\/secure.gravatar.com\/avatar\/0e37bb19071f47c0b8a23f62a903df117c5a0e75f65a0c2901562f97cd41cf86?s=96&d=mm&r=g","caption":"ritanery"}}]}},"amp_enabled":true,"_links":{"self":[{"href":"https:\/\/radiolifefm.com.br\/noticias\/wp-json\/wp\/v2\/posts\/97848","targetHints":{"allow":["GET"]}}],"collection":[{"href":"https:\/\/radiolifefm.com.br\/noticias\/wp-json\/wp\/v2\/posts"}],"about":[{"href":"https:\/\/radiolifefm.com.br\/noticias\/wp-json\/wp\/v2\/types\/post"}],"author":[{"embeddable":true,"href":"https:\/\/radiolifefm.com.br\/noticias\/wp-json\/wp\/v2\/users\/13"}],"replies":[{"embeddable":true,"href":"https:\/\/radiolifefm.com.br\/noticias\/wp-json\/wp\/v2\/comments?post=97848"}],"version-history":[{"count":1,"href":"https:\/\/radiolifefm.com.br\/noticias\/wp-json\/wp\/v2\/posts\/97848\/revisions"}],"predecessor-version":[{"id":97855,"href":"https:\/\/radiolifefm.com.br\/noticias\/wp-json\/wp\/v2\/posts\/97848\/revisions\/97855"}],"wp:featuredmedia":[{"embeddable":true,"href":"https:\/\/radiolifefm.com.br\/noticias\/wp-json\/wp\/v2\/media\/97849"}],"wp:attachment":[{"href":"https:\/\/radiolifefm.com.br\/noticias\/wp-json\/wp\/v2\/media?parent=97848"}],"wp:term":[{"taxonomy":"category","embeddable":true,"href":"https:\/\/radiolifefm.com.br\/noticias\/wp-json\/wp\/v2\/categories?post=97848"},{"taxonomy":"post_tag","embeddable":true,"href":"https:\/\/radiolifefm.com.br\/noticias\/wp-json\/wp\/v2\/tags?post=97848"}],"curies":[{"name":"wp","href":"https:\/\/api.w.org\/{rel}","templated":true}]}}