{"id":97763,"date":"2025-02-17T09:04:01","date_gmt":"2025-02-17T12:04:01","guid":{"rendered":"https:\/\/radiolifefm.com.br\/noticias\/?p=97763"},"modified":"2026-01-28T14:56:06","modified_gmt":"2026-01-28T17:56:06","slug":"a-morte-da-vida-apos-a-morte","status":"publish","type":"post","link":"https:\/\/radiolifefm.com.br\/noticias\/a-morte-da-vida-apos-a-morte\/","title":{"rendered":"A morte da vida ap\u00f3s a morte"},"content":{"rendered":"<div id=\"fb-root\"><\/div>\n<p>H\u00e1 dias que serpenteia em minha volta,<\/p>\n<p>Posso prev\u00ea-la no olhar desviado de meus filhos,<\/p>\n<p>Na dor das telas de Frida,<\/p>\n<p>Na can\u00e7\u00e3o desesperada de Neruda.<\/p>\n<p>&nbsp;<\/p>\n<p>\u00c9 rasteira,<\/p>\n<p>Subterr\u00e2nea,<\/p>\n<p>Uma chaga,<\/p>\n<p>Uma ferida.<\/p>\n<p>&nbsp;<\/p>\n<p>Enrosca-se.<\/p>\n<p>Lambe cada parte do meu corpo<\/p>\n<p>Num transe,<\/p>\n<p>Uma febre convulsiva.<\/p>\n<p>&nbsp;<\/p>\n<p>Debatemo-nos.<\/p>\n<p>Estreme\u00e7o em seus olhos de Medusa<\/p>\n<p>E pere\u00e7o em seu riso de Monalisa.<\/p>\n<p>&nbsp;<\/p>\n<p>Contorcida, chego ao antes do in\u00edcio,<\/p>\n<p>Ao nada,<\/p>\n<p>Aos mandamentos<\/p>\n<p>Que Ela sussurrou em meu ouvido.<\/p>\n<p>&nbsp;<\/p>\n<p>De hoje e para todo sempre,<\/p>\n<p>N\u00e3o brincar\u00e1s no para\u00edso,<\/p>\n<p>N\u00e3o arder\u00e1s no fogo do inferno,<\/p>\n<p>N\u00e3o aguardar\u00e1s no limbo,<\/p>\n<p>N\u00e3o purificar\u00e1s no purgat\u00f3rio,<\/p>\n<p>N\u00e3o te justificar\u00e1s em ju\u00edzo.<\/p>\n<p>N\u00e3o reencarnar\u00e1s em outro corpo,<\/p>\n<p>N\u00e3o dan\u00e7ar\u00e1s na Roda da Samsara,<\/p>\n<p>N\u00e3o ter\u00e1s qualquer ess\u00eancia,<\/p>\n<p>N\u00e3o ter\u00e1s que pagar carmas,<\/p>\n<p>Da vida n\u00e3o levar\u00e1s amarras.<\/p>\n<p>&nbsp;<\/p>\n<p>&nbsp;<\/p>\n<p>Norma Santi &#8211; Escritora<\/p>\n","protected":false},"excerpt":{"rendered":"<p>H\u00e1 dias que serpenteia em minha volta, Posso prev\u00ea-la no olhar desviado de meus filhos, Na dor das telas de Frida, Na can\u00e7\u00e3o desesperada de Neruda. &nbsp; \u00c9 rasteira, Subterr\u00e2nea, Uma chaga, Uma ferida. &nbsp; Enrosca-se. Lambe cada parte do meu corpo Num transe, Uma febre convulsiva. &nbsp; Debatemo-nos. Estreme\u00e7o em seus olhos de Medusa [&hellip;]<\/p>\n","protected":false},"author":13,"featured_media":97764,"comment_status":"closed","ping_status":"open","sticky":false,"template":"","format":"standard","meta":{"_acf_changed":false,"_exactmetrics_skip_tracking":false,"_exactmetrics_sitenote_active":false,"_exactmetrics_sitenote_note":"","_exactmetrics_sitenote_category":0,"footnotes":""},"categories":[59],"tags":[],"class_list":["post-97763","post","type-post","status-publish","format-standard","has-post-thumbnail","hentry","category-opiniao"],"acf":[],"yoast_head":"<!-- This site is optimized with the Yoast SEO plugin v27.2 - https:\/\/yoast.com\/product\/yoast-seo-wordpress\/ -->\n<title>A morte da vida ap\u00f3s a morte - R\u00e1dio Life FM<\/title>\n<meta name=\"robots\" content=\"index, follow, max-snippet:-1, max-image-preview:large, max-video-preview:-1\" \/>\n<link rel=\"canonical\" href=\"https:\/\/radiolifefm.com.br\/noticias\/a-morte-da-vida-apos-a-morte\/\" \/>\n<meta property=\"og:locale\" content=\"pt_BR\" \/>\n<meta property=\"og:type\" content=\"article\" \/>\n<meta property=\"og:title\" content=\"A morte da vida ap\u00f3s a morte - R\u00e1dio Life FM\" \/>\n<meta property=\"og:description\" content=\"H\u00e1 dias que serpenteia em minha volta, Posso prev\u00ea-la no olhar desviado de meus filhos, Na dor das telas de Frida, Na can\u00e7\u00e3o desesperada de Neruda. &nbsp; \u00c9 rasteira, Subterr\u00e2nea, Uma chaga, Uma ferida. &nbsp; Enrosca-se. Lambe cada parte do meu corpo Num transe, Uma febre convulsiva. &nbsp; Debatemo-nos. Estreme\u00e7o em seus olhos de Medusa [&hellip;]\" \/>\n<meta property=\"og:url\" content=\"https:\/\/radiolifefm.com.br\/noticias\/a-morte-da-vida-apos-a-morte\/\" \/>\n<meta property=\"og:site_name\" content=\"R\u00e1dio Life FM\" \/>\n<meta property=\"article:publisher\" content=\"https:\/\/www.facebook.com\/radiolifefm\/\" \/>\n<meta property=\"article:published_time\" content=\"2025-02-17T12:04:01+00:00\" \/>\n<meta property=\"article:modified_time\" content=\"2026-01-28T17:56:06+00:00\" \/>\n<meta property=\"og:image\" content=\"https:\/\/radiolifefm.com.br\/noticias\/wp-content\/uploads\/2025\/02\/WhatsApp-Image-2025-02-17-at-07.17.04.jpeg\" \/>\n\t<meta property=\"og:image:width\" content=\"1408\" \/>\n\t<meta property=\"og:image:height\" content=\"1599\" \/>\n\t<meta property=\"og:image:type\" content=\"image\/jpeg\" \/>\n<meta name=\"author\" content=\"ritanery\" \/>\n<meta name=\"twitter:card\" content=\"summary_large_image\" \/>\n<meta name=\"twitter:label1\" content=\"Escrito por\" \/>\n\t<meta name=\"twitter:data1\" content=\"ritanery\" \/>\n\t<meta name=\"twitter:label2\" content=\"Est. tempo de leitura\" \/>\n\t<meta name=\"twitter:data2\" content=\"1 minuto\" \/>\n<script type=\"application\/ld+json\" class=\"yoast-schema-graph\">{\"@context\":\"https:\/\/schema.org\",\"@graph\":[{\"@type\":\"Article\",\"@id\":\"https:\/\/radiolifefm.com.br\/noticias\/a-morte-da-vida-apos-a-morte\/#article\",\"isPartOf\":{\"@id\":\"https:\/\/radiolifefm.com.br\/noticias\/a-morte-da-vida-apos-a-morte\/\"},\"author\":{\"name\":\"ritanery\",\"@id\":\"https:\/\/radiolifefm.com.br\/noticias\/#\/schema\/person\/6339b9fac59d12b071dec680d7375d87\"},\"headline\":\"A morte da vida ap\u00f3s a morte\",\"datePublished\":\"2025-02-17T12:04:01+00:00\",\"dateModified\":\"2026-01-28T17:56:06+00:00\",\"mainEntityOfPage\":{\"@id\":\"https:\/\/radiolifefm.com.br\/noticias\/a-morte-da-vida-apos-a-morte\/\"},\"wordCount\":178,\"publisher\":{\"@id\":\"https:\/\/radiolifefm.com.br\/noticias\/#organization\"},\"image\":{\"@id\":\"https:\/\/radiolifefm.com.br\/noticias\/a-morte-da-vida-apos-a-morte\/#primaryimage\"},\"thumbnailUrl\":\"https:\/\/radiolifefm.com.br\/noticias\/wp-content\/uploads\/2025\/02\/WhatsApp-Image-2025-02-17-at-07.17.04.jpeg\",\"articleSection\":[\"Opini\u00e3o\"],\"inLanguage\":\"pt-BR\"},{\"@type\":\"WebPage\",\"@id\":\"https:\/\/radiolifefm.com.br\/noticias\/a-morte-da-vida-apos-a-morte\/\",\"url\":\"https:\/\/radiolifefm.com.br\/noticias\/a-morte-da-vida-apos-a-morte\/\",\"name\":\"A morte da vida ap\u00f3s a morte - R\u00e1dio Life FM\",\"isPartOf\":{\"@id\":\"https:\/\/radiolifefm.com.br\/noticias\/#website\"},\"primaryImageOfPage\":{\"@id\":\"https:\/\/radiolifefm.com.br\/noticias\/a-morte-da-vida-apos-a-morte\/#primaryimage\"},\"image\":{\"@id\":\"https:\/\/radiolifefm.com.br\/noticias\/a-morte-da-vida-apos-a-morte\/#primaryimage\"},\"thumbnailUrl\":\"https:\/\/radiolifefm.com.br\/noticias\/wp-content\/uploads\/2025\/02\/WhatsApp-Image-2025-02-17-at-07.17.04.jpeg\",\"datePublished\":\"2025-02-17T12:04:01+00:00\",\"dateModified\":\"2026-01-28T17:56:06+00:00\",\"breadcrumb\":{\"@id\":\"https:\/\/radiolifefm.com.br\/noticias\/a-morte-da-vida-apos-a-morte\/#breadcrumb\"},\"inLanguage\":\"pt-BR\",\"potentialAction\":[{\"@type\":\"ReadAction\",\"target\":[\"https:\/\/radiolifefm.com.br\/noticias\/a-morte-da-vida-apos-a-morte\/\"]}]},{\"@type\":\"ImageObject\",\"inLanguage\":\"pt-BR\",\"@id\":\"https:\/\/radiolifefm.com.br\/noticias\/a-morte-da-vida-apos-a-morte\/#primaryimage\",\"url\":\"https:\/\/radiolifefm.com.br\/noticias\/wp-content\/uploads\/2025\/02\/WhatsApp-Image-2025-02-17-at-07.17.04.jpeg\",\"contentUrl\":\"https:\/\/radiolifefm.com.br\/noticias\/wp-content\/uploads\/2025\/02\/WhatsApp-Image-2025-02-17-at-07.17.04.jpeg\",\"width\":1408,\"height\":1599,\"caption\":\"Norma Santi - Escritora\"},{\"@type\":\"BreadcrumbList\",\"@id\":\"https:\/\/radiolifefm.com.br\/noticias\/a-morte-da-vida-apos-a-morte\/#breadcrumb\",\"itemListElement\":[{\"@type\":\"ListItem\",\"position\":1,\"name\":\"In\u00edcio\",\"item\":\"https:\/\/radiolifefm.com.br\/noticias\/\"},{\"@type\":\"ListItem\",\"position\":2,\"name\":\"A morte da vida ap\u00f3s a morte\"}]},{\"@type\":\"WebSite\",\"@id\":\"https:\/\/radiolifefm.com.br\/noticias\/#website\",\"url\":\"https:\/\/radiolifefm.com.br\/noticias\/\",\"name\":\"R\u00e1dio Life FM\",\"description\":\"O Portal de Not\u00edcias de Adamantina\",\"publisher\":{\"@id\":\"https:\/\/radiolifefm.com.br\/noticias\/#organization\"},\"alternateName\":\"Life FM\",\"potentialAction\":[{\"@type\":\"SearchAction\",\"target\":{\"@type\":\"EntryPoint\",\"urlTemplate\":\"https:\/\/radiolifefm.com.br\/noticias\/?s={search_term_string}\"},\"query-input\":{\"@type\":\"PropertyValueSpecification\",\"valueRequired\":true,\"valueName\":\"search_term_string\"}}],\"inLanguage\":\"pt-BR\"},{\"@type\":\"Organization\",\"@id\":\"https:\/\/radiolifefm.com.br\/noticias\/#organization\",\"name\":\"R\u00e1dio Life FM\",\"alternateName\":\"Life FM\",\"url\":\"https:\/\/radiolifefm.com.br\/noticias\/\",\"logo\":{\"@type\":\"ImageObject\",\"inLanguage\":\"pt-BR\",\"@id\":\"https:\/\/radiolifefm.com.br\/noticias\/#\/schema\/logo\/image\/\",\"url\":\"https:\/\/static.radiolifefm.com.br\/noticias\/wp-content\/uploads\/2019\/10\/logo-lifefm.png\",\"contentUrl\":\"https:\/\/static.radiolifefm.com.br\/noticias\/wp-content\/uploads\/2019\/10\/logo-lifefm.png\",\"width\":196,\"height\":47,\"caption\":\"R\u00e1dio Life FM\"},\"image\":{\"@id\":\"https:\/\/radiolifefm.com.br\/noticias\/#\/schema\/logo\/image\/\"},\"sameAs\":[\"https:\/\/www.facebook.com\/radiolifefm\/\",\"https:\/\/www.instagram.com\/life1079fm\/\"]},{\"@type\":\"Person\",\"@id\":\"https:\/\/radiolifefm.com.br\/noticias\/#\/schema\/person\/6339b9fac59d12b071dec680d7375d87\",\"name\":\"ritanery\",\"image\":{\"@type\":\"ImageObject\",\"inLanguage\":\"pt-BR\",\"@id\":\"https:\/\/secure.gravatar.com\/avatar\/0e37bb19071f47c0b8a23f62a903df117c5a0e75f65a0c2901562f97cd41cf86?s=96&d=mm&r=g\",\"url\":\"https:\/\/secure.gravatar.com\/avatar\/0e37bb19071f47c0b8a23f62a903df117c5a0e75f65a0c2901562f97cd41cf86?s=96&d=mm&r=g\",\"contentUrl\":\"https:\/\/secure.gravatar.com\/avatar\/0e37bb19071f47c0b8a23f62a903df117c5a0e75f65a0c2901562f97cd41cf86?s=96&d=mm&r=g\",\"caption\":\"ritanery\"}}]}<\/script>\n<!-- \/ Yoast SEO plugin. -->","yoast_head_json":{"title":"A morte da vida ap\u00f3s a morte - R\u00e1dio Life FM","robots":{"index":"index","follow":"follow","max-snippet":"max-snippet:-1","max-image-preview":"max-image-preview:large","max-video-preview":"max-video-preview:-1"},"canonical":"https:\/\/radiolifefm.com.br\/noticias\/a-morte-da-vida-apos-a-morte\/","og_locale":"pt_BR","og_type":"article","og_title":"A morte da vida ap\u00f3s a morte - R\u00e1dio Life FM","og_description":"H\u00e1 dias que serpenteia em minha volta, Posso prev\u00ea-la no olhar desviado de meus filhos, Na dor das telas de Frida, Na can\u00e7\u00e3o desesperada de Neruda. &nbsp; \u00c9 rasteira, Subterr\u00e2nea, Uma chaga, Uma ferida. &nbsp; Enrosca-se. Lambe cada parte do meu corpo Num transe, Uma febre convulsiva. &nbsp; Debatemo-nos. Estreme\u00e7o em seus olhos de Medusa [&hellip;]","og_url":"https:\/\/radiolifefm.com.br\/noticias\/a-morte-da-vida-apos-a-morte\/","og_site_name":"R\u00e1dio Life FM","article_publisher":"https:\/\/www.facebook.com\/radiolifefm\/","article_published_time":"2025-02-17T12:04:01+00:00","article_modified_time":"2026-01-28T17:56:06+00:00","og_image":[{"width":1408,"height":1599,"url":"https:\/\/radiolifefm.com.br\/noticias\/wp-content\/uploads\/2025\/02\/WhatsApp-Image-2025-02-17-at-07.17.04.jpeg","type":"image\/jpeg"}],"author":"ritanery","twitter_card":"summary_large_image","twitter_misc":{"Escrito por":"ritanery","Est. tempo de leitura":"1 minuto"},"schema":{"@context":"https:\/\/schema.org","@graph":[{"@type":"Article","@id":"https:\/\/radiolifefm.com.br\/noticias\/a-morte-da-vida-apos-a-morte\/#article","isPartOf":{"@id":"https:\/\/radiolifefm.com.br\/noticias\/a-morte-da-vida-apos-a-morte\/"},"author":{"name":"ritanery","@id":"https:\/\/radiolifefm.com.br\/noticias\/#\/schema\/person\/6339b9fac59d12b071dec680d7375d87"},"headline":"A morte da vida ap\u00f3s a morte","datePublished":"2025-02-17T12:04:01+00:00","dateModified":"2026-01-28T17:56:06+00:00","mainEntityOfPage":{"@id":"https:\/\/radiolifefm.com.br\/noticias\/a-morte-da-vida-apos-a-morte\/"},"wordCount":178,"publisher":{"@id":"https:\/\/radiolifefm.com.br\/noticias\/#organization"},"image":{"@id":"https:\/\/radiolifefm.com.br\/noticias\/a-morte-da-vida-apos-a-morte\/#primaryimage"},"thumbnailUrl":"https:\/\/radiolifefm.com.br\/noticias\/wp-content\/uploads\/2025\/02\/WhatsApp-Image-2025-02-17-at-07.17.04.jpeg","articleSection":["Opini\u00e3o"],"inLanguage":"pt-BR"},{"@type":"WebPage","@id":"https:\/\/radiolifefm.com.br\/noticias\/a-morte-da-vida-apos-a-morte\/","url":"https:\/\/radiolifefm.com.br\/noticias\/a-morte-da-vida-apos-a-morte\/","name":"A morte da vida ap\u00f3s a morte - R\u00e1dio Life FM","isPartOf":{"@id":"https:\/\/radiolifefm.com.br\/noticias\/#website"},"primaryImageOfPage":{"@id":"https:\/\/radiolifefm.com.br\/noticias\/a-morte-da-vida-apos-a-morte\/#primaryimage"},"image":{"@id":"https:\/\/radiolifefm.com.br\/noticias\/a-morte-da-vida-apos-a-morte\/#primaryimage"},"thumbnailUrl":"https:\/\/radiolifefm.com.br\/noticias\/wp-content\/uploads\/2025\/02\/WhatsApp-Image-2025-02-17-at-07.17.04.jpeg","datePublished":"2025-02-17T12:04:01+00:00","dateModified":"2026-01-28T17:56:06+00:00","breadcrumb":{"@id":"https:\/\/radiolifefm.com.br\/noticias\/a-morte-da-vida-apos-a-morte\/#breadcrumb"},"inLanguage":"pt-BR","potentialAction":[{"@type":"ReadAction","target":["https:\/\/radiolifefm.com.br\/noticias\/a-morte-da-vida-apos-a-morte\/"]}]},{"@type":"ImageObject","inLanguage":"pt-BR","@id":"https:\/\/radiolifefm.com.br\/noticias\/a-morte-da-vida-apos-a-morte\/#primaryimage","url":"https:\/\/radiolifefm.com.br\/noticias\/wp-content\/uploads\/2025\/02\/WhatsApp-Image-2025-02-17-at-07.17.04.jpeg","contentUrl":"https:\/\/radiolifefm.com.br\/noticias\/wp-content\/uploads\/2025\/02\/WhatsApp-Image-2025-02-17-at-07.17.04.jpeg","width":1408,"height":1599,"caption":"Norma Santi - Escritora"},{"@type":"BreadcrumbList","@id":"https:\/\/radiolifefm.com.br\/noticias\/a-morte-da-vida-apos-a-morte\/#breadcrumb","itemListElement":[{"@type":"ListItem","position":1,"name":"In\u00edcio","item":"https:\/\/radiolifefm.com.br\/noticias\/"},{"@type":"ListItem","position":2,"name":"A morte da vida ap\u00f3s a morte"}]},{"@type":"WebSite","@id":"https:\/\/radiolifefm.com.br\/noticias\/#website","url":"https:\/\/radiolifefm.com.br\/noticias\/","name":"R\u00e1dio Life FM","description":"O Portal de Not\u00edcias de Adamantina","publisher":{"@id":"https:\/\/radiolifefm.com.br\/noticias\/#organization"},"alternateName":"Life FM","potentialAction":[{"@type":"SearchAction","target":{"@type":"EntryPoint","urlTemplate":"https:\/\/radiolifefm.com.br\/noticias\/?s={search_term_string}"},"query-input":{"@type":"PropertyValueSpecification","valueRequired":true,"valueName":"search_term_string"}}],"inLanguage":"pt-BR"},{"@type":"Organization","@id":"https:\/\/radiolifefm.com.br\/noticias\/#organization","name":"R\u00e1dio Life FM","alternateName":"Life FM","url":"https:\/\/radiolifefm.com.br\/noticias\/","logo":{"@type":"ImageObject","inLanguage":"pt-BR","@id":"https:\/\/radiolifefm.com.br\/noticias\/#\/schema\/logo\/image\/","url":"https:\/\/static.radiolifefm.com.br\/noticias\/wp-content\/uploads\/2019\/10\/logo-lifefm.png","contentUrl":"https:\/\/static.radiolifefm.com.br\/noticias\/wp-content\/uploads\/2019\/10\/logo-lifefm.png","width":196,"height":47,"caption":"R\u00e1dio Life FM"},"image":{"@id":"https:\/\/radiolifefm.com.br\/noticias\/#\/schema\/logo\/image\/"},"sameAs":["https:\/\/www.facebook.com\/radiolifefm\/","https:\/\/www.instagram.com\/life1079fm\/"]},{"@type":"Person","@id":"https:\/\/radiolifefm.com.br\/noticias\/#\/schema\/person\/6339b9fac59d12b071dec680d7375d87","name":"ritanery","image":{"@type":"ImageObject","inLanguage":"pt-BR","@id":"https:\/\/secure.gravatar.com\/avatar\/0e37bb19071f47c0b8a23f62a903df117c5a0e75f65a0c2901562f97cd41cf86?s=96&d=mm&r=g","url":"https:\/\/secure.gravatar.com\/avatar\/0e37bb19071f47c0b8a23f62a903df117c5a0e75f65a0c2901562f97cd41cf86?s=96&d=mm&r=g","contentUrl":"https:\/\/secure.gravatar.com\/avatar\/0e37bb19071f47c0b8a23f62a903df117c5a0e75f65a0c2901562f97cd41cf86?s=96&d=mm&r=g","caption":"ritanery"}}]}},"amp_enabled":true,"_links":{"self":[{"href":"https:\/\/radiolifefm.com.br\/noticias\/wp-json\/wp\/v2\/posts\/97763","targetHints":{"allow":["GET"]}}],"collection":[{"href":"https:\/\/radiolifefm.com.br\/noticias\/wp-json\/wp\/v2\/posts"}],"about":[{"href":"https:\/\/radiolifefm.com.br\/noticias\/wp-json\/wp\/v2\/types\/post"}],"author":[{"embeddable":true,"href":"https:\/\/radiolifefm.com.br\/noticias\/wp-json\/wp\/v2\/users\/13"}],"replies":[{"embeddable":true,"href":"https:\/\/radiolifefm.com.br\/noticias\/wp-json\/wp\/v2\/comments?post=97763"}],"version-history":[{"count":1,"href":"https:\/\/radiolifefm.com.br\/noticias\/wp-json\/wp\/v2\/posts\/97763\/revisions"}],"predecessor-version":[{"id":97765,"href":"https:\/\/radiolifefm.com.br\/noticias\/wp-json\/wp\/v2\/posts\/97763\/revisions\/97765"}],"wp:featuredmedia":[{"embeddable":true,"href":"https:\/\/radiolifefm.com.br\/noticias\/wp-json\/wp\/v2\/media\/97764"}],"wp:attachment":[{"href":"https:\/\/radiolifefm.com.br\/noticias\/wp-json\/wp\/v2\/media?parent=97763"}],"wp:term":[{"taxonomy":"category","embeddable":true,"href":"https:\/\/radiolifefm.com.br\/noticias\/wp-json\/wp\/v2\/categories?post=97763"},{"taxonomy":"post_tag","embeddable":true,"href":"https:\/\/radiolifefm.com.br\/noticias\/wp-json\/wp\/v2\/tags?post=97763"}],"curies":[{"name":"wp","href":"https:\/\/api.w.org\/{rel}","templated":true}]}}