{"id":97669,"date":"2025-02-14T08:51:25","date_gmt":"2025-02-14T11:51:25","guid":{"rendered":"https:\/\/radiolifefm.com.br\/noticias\/?p=97669"},"modified":"2026-03-28T07:13:15","modified_gmt":"2026-03-28T10:13:15","slug":"marilyn-uma-paixao-do-outro-tempo","status":"publish","type":"post","link":"https:\/\/radiolifefm.com.br\/noticias\/marilyn-uma-paixao-do-outro-tempo\/","title":{"rendered":"\u201cMarilyn\u201d: Uma paix\u00e3o do outro tempo&#8230;"},"content":{"rendered":"<div id=\"fb-root\"><\/div>\n<p><em>\u201cSomos todos \u00e1gua, de diferentes rios, por isso, \u00e9 t\u00e3o f\u00e1cil se encontrar&#8230;\u201d (John Ono Lennon)<\/em><\/p>\n<p><strong>S\u00e9rgio Barbosa (*)<\/strong><\/p>\n<p><strong><em>Ao Professor Lucilo (in memoriam), dedico!<\/em><\/strong><\/p>\n<p>Nestes desencontros entre o passado e o presente, pode-se afirmar que o futuro est\u00e1 mais incerto do que nunca com rela\u00e7\u00e3o \u00e0s pessoas e suas paix\u00f5es frente ao inusitado&#8230;<\/p>\n<p>Por\u00e9m, ainda, existem muitas op\u00e7\u00f5es para que as pessoas possam de um jeito ou de outro, tentarem um desencontro por meio do encontro ou vice-versa, como sempre, depende da escolha deste ou daquele lado em quest\u00e3o&#8230;<\/p>\n<p>No livro, \u201cMarilyn\u201d, editado pela Record, 2.013, do escritor e jornalista Norman Mailer, pode-se descobrir um outro lado desta artista que foi considerada um dos maiores s\u00edmbolos da sensualidade na denominada s\u00e9tima arte, o cinema&#8230;<\/p>\n<p>Portanto, redescobrir \u201cMarilyn Monroe\u201d nas p\u00e1ginas deste livro, proporciona ao leitor ou leitora muitas divaga\u00e7\u00f5es sobre a personagem em pauta, tendo em vista que a m\u00eddia em n\u00edvel internacional, ainda, mesmo depois de d\u00e9cadas da sua morte, continua retratando a \u201cdiva Marilyn\u201d como uma figura superficial e ing\u00eanua&#8230;<\/p>\n<p>O que se pode perceber, ou melhor, refletir sobre o texto do livro, tamb\u00e9m, considerando que o autor, Mailer, foi laureado por duas vezes (1.968 e 1.979) com um dos maiores Pr\u00eamios Liter\u00e1rios, o \u201cPulitzer\u201d, mais do que respeitado e credenciado, inclusive na \u00e1rea do Jornalismo, desta forma, o reconhecimento destas p\u00e1ginas deve ser levado em considera\u00e7\u00e3o pelos leitores e leitoras&#8230;<\/p>\n<p>A poesia est\u00e1 presente neste retrato escrito de \u201cMarilyn\u201d, mesmo sendo em preto e branco, torna-se necess\u00e1rio que o colorido da imagem da \u201cDeusa\u201d esteja acima dos pr\u00e9-conceitos estipulados pela m\u00eddia viciada nos esc\u00e2ndalos da vida pessoal e atividades profissionais de \u201cMarilyn\u201d&#8230;<\/p>\n<p>Entretanto, entre os aspectos patrocinados pelo surreal do cen\u00e1rio cinematogr\u00e1fico da artista, permanece como marca mais do que registrada a presen\u00e7a marcante de \u201cMarilyn Monroe\u201d neste universo mediado pela fantasia e realidade do cinema&#8230;<\/p>\n<p>Ave \u201cMarilyn Monroe\u201d!<\/p>\n<p><strong>(*) Jornalista diplomado \/ MTb No. 16.772\/SP.<\/strong><\/p>\n<p><strong>e-mail: barbosa.sebar@gmail.com<\/strong><\/p>\n<p>&nbsp;<\/p>\n","protected":false},"excerpt":{"rendered":"<p>\u201cSomos todos \u00e1gua, de diferentes rios, por isso, \u00e9 t\u00e3o f\u00e1cil se encontrar&#8230;\u201d (John Ono Lennon) S\u00e9rgio Barbosa (*) Ao Professor Lucilo (in memoriam), dedico! Nestes desencontros entre o passado e o presente, pode-se afirmar que o futuro est\u00e1 mais incerto do que nunca com rela\u00e7\u00e3o \u00e0s pessoas e suas paix\u00f5es frente ao inusitado&#8230; Por\u00e9m, [&hellip;]<\/p>\n","protected":false},"author":13,"featured_media":51988,"comment_status":"closed","ping_status":"open","sticky":false,"template":"","format":"standard","meta":{"_acf_changed":false,"_exactmetrics_skip_tracking":false,"_exactmetrics_sitenote_active":false,"_exactmetrics_sitenote_note":"","_exactmetrics_sitenote_category":0,"footnotes":""},"categories":[59],"tags":[],"class_list":["post-97669","post","type-post","status-publish","format-standard","has-post-thumbnail","hentry","category-opiniao"],"acf":[],"yoast_head":"<!-- This site is optimized with the Yoast SEO plugin v27.2 - https:\/\/yoast.com\/product\/yoast-seo-wordpress\/ -->\n<title>\u201cMarilyn\u201d: Uma paix\u00e3o do outro tempo... - R\u00e1dio Life FM<\/title>\n<meta name=\"robots\" content=\"index, follow, max-snippet:-1, max-image-preview:large, max-video-preview:-1\" \/>\n<link rel=\"canonical\" href=\"https:\/\/radiolifefm.com.br\/noticias\/marilyn-uma-paixao-do-outro-tempo\/\" \/>\n<meta property=\"og:locale\" content=\"pt_BR\" \/>\n<meta property=\"og:type\" content=\"article\" \/>\n<meta property=\"og:title\" content=\"\u201cMarilyn\u201d: Uma paix\u00e3o do outro tempo... - R\u00e1dio Life FM\" \/>\n<meta property=\"og:description\" content=\"\u201cSomos todos \u00e1gua, de diferentes rios, por isso, \u00e9 t\u00e3o f\u00e1cil se encontrar&#8230;\u201d (John Ono Lennon) S\u00e9rgio Barbosa (*) Ao Professor Lucilo (in memoriam), dedico! Nestes desencontros entre o passado e o presente, pode-se afirmar que o futuro est\u00e1 mais incerto do que nunca com rela\u00e7\u00e3o \u00e0s pessoas e suas paix\u00f5es frente ao inusitado&#8230; Por\u00e9m, [&hellip;]\" \/>\n<meta property=\"og:url\" content=\"https:\/\/radiolifefm.com.br\/noticias\/marilyn-uma-paixao-do-outro-tempo\/\" \/>\n<meta property=\"og:site_name\" content=\"R\u00e1dio Life FM\" \/>\n<meta property=\"article:publisher\" content=\"https:\/\/www.facebook.com\/radiolifefm\/\" \/>\n<meta property=\"article:published_time\" content=\"2025-02-14T11:51:25+00:00\" \/>\n<meta property=\"article:modified_time\" content=\"2026-03-28T10:13:15+00:00\" \/>\n<meta property=\"og:image\" content=\"https:\/\/radiolifefm.com.br\/noticias\/wp-content\/uploads\/2022\/04\/WhatsApp-Image-2022-04-10-at-18.43.02.jpeg\" \/>\n\t<meta property=\"og:image:width\" content=\"972\" \/>\n\t<meta property=\"og:image:height\" content=\"1296\" \/>\n\t<meta property=\"og:image:type\" content=\"image\/jpeg\" \/>\n<meta name=\"author\" content=\"ritanery\" \/>\n<meta name=\"twitter:card\" content=\"summary_large_image\" \/>\n<meta name=\"twitter:label1\" content=\"Escrito por\" \/>\n\t<meta name=\"twitter:data1\" content=\"ritanery\" \/>\n\t<meta name=\"twitter:label2\" content=\"Est. tempo de leitura\" \/>\n\t<meta name=\"twitter:data2\" content=\"2 minutos\" \/>\n<script type=\"application\/ld+json\" class=\"yoast-schema-graph\">{\"@context\":\"https:\/\/schema.org\",\"@graph\":[{\"@type\":\"Article\",\"@id\":\"https:\/\/radiolifefm.com.br\/noticias\/marilyn-uma-paixao-do-outro-tempo\/#article\",\"isPartOf\":{\"@id\":\"https:\/\/radiolifefm.com.br\/noticias\/marilyn-uma-paixao-do-outro-tempo\/\"},\"author\":{\"name\":\"ritanery\",\"@id\":\"https:\/\/radiolifefm.com.br\/noticias\/#\/schema\/person\/6339b9fac59d12b071dec680d7375d87\"},\"headline\":\"\u201cMarilyn\u201d: Uma paix\u00e3o do outro tempo&#8230;\",\"datePublished\":\"2025-02-14T11:51:25+00:00\",\"dateModified\":\"2026-03-28T10:13:15+00:00\",\"mainEntityOfPage\":{\"@id\":\"https:\/\/radiolifefm.com.br\/noticias\/marilyn-uma-paixao-do-outro-tempo\/\"},\"wordCount\":354,\"publisher\":{\"@id\":\"https:\/\/radiolifefm.com.br\/noticias\/#organization\"},\"image\":{\"@id\":\"https:\/\/radiolifefm.com.br\/noticias\/marilyn-uma-paixao-do-outro-tempo\/#primaryimage\"},\"thumbnailUrl\":\"https:\/\/radiolifefm.com.br\/noticias\/wp-content\/uploads\/2022\/04\/WhatsApp-Image-2022-04-10-at-18.43.02.jpeg\",\"articleSection\":[\"Opini\u00e3o\"],\"inLanguage\":\"pt-BR\"},{\"@type\":\"WebPage\",\"@id\":\"https:\/\/radiolifefm.com.br\/noticias\/marilyn-uma-paixao-do-outro-tempo\/\",\"url\":\"https:\/\/radiolifefm.com.br\/noticias\/marilyn-uma-paixao-do-outro-tempo\/\",\"name\":\"\u201cMarilyn\u201d: Uma paix\u00e3o do outro tempo... - R\u00e1dio Life FM\",\"isPartOf\":{\"@id\":\"https:\/\/radiolifefm.com.br\/noticias\/#website\"},\"primaryImageOfPage\":{\"@id\":\"https:\/\/radiolifefm.com.br\/noticias\/marilyn-uma-paixao-do-outro-tempo\/#primaryimage\"},\"image\":{\"@id\":\"https:\/\/radiolifefm.com.br\/noticias\/marilyn-uma-paixao-do-outro-tempo\/#primaryimage\"},\"thumbnailUrl\":\"https:\/\/radiolifefm.com.br\/noticias\/wp-content\/uploads\/2022\/04\/WhatsApp-Image-2022-04-10-at-18.43.02.jpeg\",\"datePublished\":\"2025-02-14T11:51:25+00:00\",\"dateModified\":\"2026-03-28T10:13:15+00:00\",\"breadcrumb\":{\"@id\":\"https:\/\/radiolifefm.com.br\/noticias\/marilyn-uma-paixao-do-outro-tempo\/#breadcrumb\"},\"inLanguage\":\"pt-BR\",\"potentialAction\":[{\"@type\":\"ReadAction\",\"target\":[\"https:\/\/radiolifefm.com.br\/noticias\/marilyn-uma-paixao-do-outro-tempo\/\"]}]},{\"@type\":\"ImageObject\",\"inLanguage\":\"pt-BR\",\"@id\":\"https:\/\/radiolifefm.com.br\/noticias\/marilyn-uma-paixao-do-outro-tempo\/#primaryimage\",\"url\":\"https:\/\/radiolifefm.com.br\/noticias\/wp-content\/uploads\/2022\/04\/WhatsApp-Image-2022-04-10-at-18.43.02.jpeg\",\"contentUrl\":\"https:\/\/radiolifefm.com.br\/noticias\/wp-content\/uploads\/2022\/04\/WhatsApp-Image-2022-04-10-at-18.43.02.jpeg\",\"width\":972,\"height\":1296,\"caption\":\"S\u00e9rgio Barbosa\"},{\"@type\":\"BreadcrumbList\",\"@id\":\"https:\/\/radiolifefm.com.br\/noticias\/marilyn-uma-paixao-do-outro-tempo\/#breadcrumb\",\"itemListElement\":[{\"@type\":\"ListItem\",\"position\":1,\"name\":\"In\u00edcio\",\"item\":\"https:\/\/radiolifefm.com.br\/noticias\/\"},{\"@type\":\"ListItem\",\"position\":2,\"name\":\"\u201cMarilyn\u201d: Uma paix\u00e3o do outro tempo&#8230;\"}]},{\"@type\":\"WebSite\",\"@id\":\"https:\/\/radiolifefm.com.br\/noticias\/#website\",\"url\":\"https:\/\/radiolifefm.com.br\/noticias\/\",\"name\":\"R\u00e1dio Life FM\",\"description\":\"O Portal de Not\u00edcias de Adamantina\",\"publisher\":{\"@id\":\"https:\/\/radiolifefm.com.br\/noticias\/#organization\"},\"alternateName\":\"Life FM\",\"potentialAction\":[{\"@type\":\"SearchAction\",\"target\":{\"@type\":\"EntryPoint\",\"urlTemplate\":\"https:\/\/radiolifefm.com.br\/noticias\/?s={search_term_string}\"},\"query-input\":{\"@type\":\"PropertyValueSpecification\",\"valueRequired\":true,\"valueName\":\"search_term_string\"}}],\"inLanguage\":\"pt-BR\"},{\"@type\":\"Organization\",\"@id\":\"https:\/\/radiolifefm.com.br\/noticias\/#organization\",\"name\":\"R\u00e1dio Life FM\",\"alternateName\":\"Life FM\",\"url\":\"https:\/\/radiolifefm.com.br\/noticias\/\",\"logo\":{\"@type\":\"ImageObject\",\"inLanguage\":\"pt-BR\",\"@id\":\"https:\/\/radiolifefm.com.br\/noticias\/#\/schema\/logo\/image\/\",\"url\":\"https:\/\/static.radiolifefm.com.br\/noticias\/wp-content\/uploads\/2019\/10\/logo-lifefm.png\",\"contentUrl\":\"https:\/\/static.radiolifefm.com.br\/noticias\/wp-content\/uploads\/2019\/10\/logo-lifefm.png\",\"width\":196,\"height\":47,\"caption\":\"R\u00e1dio Life FM\"},\"image\":{\"@id\":\"https:\/\/radiolifefm.com.br\/noticias\/#\/schema\/logo\/image\/\"},\"sameAs\":[\"https:\/\/www.facebook.com\/radiolifefm\/\",\"https:\/\/www.instagram.com\/life1079fm\/\"]},{\"@type\":\"Person\",\"@id\":\"https:\/\/radiolifefm.com.br\/noticias\/#\/schema\/person\/6339b9fac59d12b071dec680d7375d87\",\"name\":\"ritanery\",\"image\":{\"@type\":\"ImageObject\",\"inLanguage\":\"pt-BR\",\"@id\":\"https:\/\/secure.gravatar.com\/avatar\/0e37bb19071f47c0b8a23f62a903df117c5a0e75f65a0c2901562f97cd41cf86?s=96&d=mm&r=g\",\"url\":\"https:\/\/secure.gravatar.com\/avatar\/0e37bb19071f47c0b8a23f62a903df117c5a0e75f65a0c2901562f97cd41cf86?s=96&d=mm&r=g\",\"contentUrl\":\"https:\/\/secure.gravatar.com\/avatar\/0e37bb19071f47c0b8a23f62a903df117c5a0e75f65a0c2901562f97cd41cf86?s=96&d=mm&r=g\",\"caption\":\"ritanery\"}}]}<\/script>\n<!-- \/ Yoast SEO plugin. -->","yoast_head_json":{"title":"\u201cMarilyn\u201d: Uma paix\u00e3o do outro tempo... - R\u00e1dio Life FM","robots":{"index":"index","follow":"follow","max-snippet":"max-snippet:-1","max-image-preview":"max-image-preview:large","max-video-preview":"max-video-preview:-1"},"canonical":"https:\/\/radiolifefm.com.br\/noticias\/marilyn-uma-paixao-do-outro-tempo\/","og_locale":"pt_BR","og_type":"article","og_title":"\u201cMarilyn\u201d: Uma paix\u00e3o do outro tempo... - R\u00e1dio Life FM","og_description":"\u201cSomos todos \u00e1gua, de diferentes rios, por isso, \u00e9 t\u00e3o f\u00e1cil se encontrar&#8230;\u201d (John Ono Lennon) S\u00e9rgio Barbosa (*) Ao Professor Lucilo (in memoriam), dedico! Nestes desencontros entre o passado e o presente, pode-se afirmar que o futuro est\u00e1 mais incerto do que nunca com rela\u00e7\u00e3o \u00e0s pessoas e suas paix\u00f5es frente ao inusitado&#8230; Por\u00e9m, [&hellip;]","og_url":"https:\/\/radiolifefm.com.br\/noticias\/marilyn-uma-paixao-do-outro-tempo\/","og_site_name":"R\u00e1dio Life FM","article_publisher":"https:\/\/www.facebook.com\/radiolifefm\/","article_published_time":"2025-02-14T11:51:25+00:00","article_modified_time":"2026-03-28T10:13:15+00:00","og_image":[{"width":972,"height":1296,"url":"https:\/\/radiolifefm.com.br\/noticias\/wp-content\/uploads\/2022\/04\/WhatsApp-Image-2022-04-10-at-18.43.02.jpeg","type":"image\/jpeg"}],"author":"ritanery","twitter_card":"summary_large_image","twitter_misc":{"Escrito por":"ritanery","Est. tempo de leitura":"2 minutos"},"schema":{"@context":"https:\/\/schema.org","@graph":[{"@type":"Article","@id":"https:\/\/radiolifefm.com.br\/noticias\/marilyn-uma-paixao-do-outro-tempo\/#article","isPartOf":{"@id":"https:\/\/radiolifefm.com.br\/noticias\/marilyn-uma-paixao-do-outro-tempo\/"},"author":{"name":"ritanery","@id":"https:\/\/radiolifefm.com.br\/noticias\/#\/schema\/person\/6339b9fac59d12b071dec680d7375d87"},"headline":"\u201cMarilyn\u201d: Uma paix\u00e3o do outro tempo&#8230;","datePublished":"2025-02-14T11:51:25+00:00","dateModified":"2026-03-28T10:13:15+00:00","mainEntityOfPage":{"@id":"https:\/\/radiolifefm.com.br\/noticias\/marilyn-uma-paixao-do-outro-tempo\/"},"wordCount":354,"publisher":{"@id":"https:\/\/radiolifefm.com.br\/noticias\/#organization"},"image":{"@id":"https:\/\/radiolifefm.com.br\/noticias\/marilyn-uma-paixao-do-outro-tempo\/#primaryimage"},"thumbnailUrl":"https:\/\/radiolifefm.com.br\/noticias\/wp-content\/uploads\/2022\/04\/WhatsApp-Image-2022-04-10-at-18.43.02.jpeg","articleSection":["Opini\u00e3o"],"inLanguage":"pt-BR"},{"@type":"WebPage","@id":"https:\/\/radiolifefm.com.br\/noticias\/marilyn-uma-paixao-do-outro-tempo\/","url":"https:\/\/radiolifefm.com.br\/noticias\/marilyn-uma-paixao-do-outro-tempo\/","name":"\u201cMarilyn\u201d: Uma paix\u00e3o do outro tempo... - R\u00e1dio Life FM","isPartOf":{"@id":"https:\/\/radiolifefm.com.br\/noticias\/#website"},"primaryImageOfPage":{"@id":"https:\/\/radiolifefm.com.br\/noticias\/marilyn-uma-paixao-do-outro-tempo\/#primaryimage"},"image":{"@id":"https:\/\/radiolifefm.com.br\/noticias\/marilyn-uma-paixao-do-outro-tempo\/#primaryimage"},"thumbnailUrl":"https:\/\/radiolifefm.com.br\/noticias\/wp-content\/uploads\/2022\/04\/WhatsApp-Image-2022-04-10-at-18.43.02.jpeg","datePublished":"2025-02-14T11:51:25+00:00","dateModified":"2026-03-28T10:13:15+00:00","breadcrumb":{"@id":"https:\/\/radiolifefm.com.br\/noticias\/marilyn-uma-paixao-do-outro-tempo\/#breadcrumb"},"inLanguage":"pt-BR","potentialAction":[{"@type":"ReadAction","target":["https:\/\/radiolifefm.com.br\/noticias\/marilyn-uma-paixao-do-outro-tempo\/"]}]},{"@type":"ImageObject","inLanguage":"pt-BR","@id":"https:\/\/radiolifefm.com.br\/noticias\/marilyn-uma-paixao-do-outro-tempo\/#primaryimage","url":"https:\/\/radiolifefm.com.br\/noticias\/wp-content\/uploads\/2022\/04\/WhatsApp-Image-2022-04-10-at-18.43.02.jpeg","contentUrl":"https:\/\/radiolifefm.com.br\/noticias\/wp-content\/uploads\/2022\/04\/WhatsApp-Image-2022-04-10-at-18.43.02.jpeg","width":972,"height":1296,"caption":"S\u00e9rgio Barbosa"},{"@type":"BreadcrumbList","@id":"https:\/\/radiolifefm.com.br\/noticias\/marilyn-uma-paixao-do-outro-tempo\/#breadcrumb","itemListElement":[{"@type":"ListItem","position":1,"name":"In\u00edcio","item":"https:\/\/radiolifefm.com.br\/noticias\/"},{"@type":"ListItem","position":2,"name":"\u201cMarilyn\u201d: Uma paix\u00e3o do outro tempo&#8230;"}]},{"@type":"WebSite","@id":"https:\/\/radiolifefm.com.br\/noticias\/#website","url":"https:\/\/radiolifefm.com.br\/noticias\/","name":"R\u00e1dio Life FM","description":"O Portal de Not\u00edcias de Adamantina","publisher":{"@id":"https:\/\/radiolifefm.com.br\/noticias\/#organization"},"alternateName":"Life FM","potentialAction":[{"@type":"SearchAction","target":{"@type":"EntryPoint","urlTemplate":"https:\/\/radiolifefm.com.br\/noticias\/?s={search_term_string}"},"query-input":{"@type":"PropertyValueSpecification","valueRequired":true,"valueName":"search_term_string"}}],"inLanguage":"pt-BR"},{"@type":"Organization","@id":"https:\/\/radiolifefm.com.br\/noticias\/#organization","name":"R\u00e1dio Life FM","alternateName":"Life FM","url":"https:\/\/radiolifefm.com.br\/noticias\/","logo":{"@type":"ImageObject","inLanguage":"pt-BR","@id":"https:\/\/radiolifefm.com.br\/noticias\/#\/schema\/logo\/image\/","url":"https:\/\/static.radiolifefm.com.br\/noticias\/wp-content\/uploads\/2019\/10\/logo-lifefm.png","contentUrl":"https:\/\/static.radiolifefm.com.br\/noticias\/wp-content\/uploads\/2019\/10\/logo-lifefm.png","width":196,"height":47,"caption":"R\u00e1dio Life FM"},"image":{"@id":"https:\/\/radiolifefm.com.br\/noticias\/#\/schema\/logo\/image\/"},"sameAs":["https:\/\/www.facebook.com\/radiolifefm\/","https:\/\/www.instagram.com\/life1079fm\/"]},{"@type":"Person","@id":"https:\/\/radiolifefm.com.br\/noticias\/#\/schema\/person\/6339b9fac59d12b071dec680d7375d87","name":"ritanery","image":{"@type":"ImageObject","inLanguage":"pt-BR","@id":"https:\/\/secure.gravatar.com\/avatar\/0e37bb19071f47c0b8a23f62a903df117c5a0e75f65a0c2901562f97cd41cf86?s=96&d=mm&r=g","url":"https:\/\/secure.gravatar.com\/avatar\/0e37bb19071f47c0b8a23f62a903df117c5a0e75f65a0c2901562f97cd41cf86?s=96&d=mm&r=g","contentUrl":"https:\/\/secure.gravatar.com\/avatar\/0e37bb19071f47c0b8a23f62a903df117c5a0e75f65a0c2901562f97cd41cf86?s=96&d=mm&r=g","caption":"ritanery"}}]}},"amp_enabled":true,"_links":{"self":[{"href":"https:\/\/radiolifefm.com.br\/noticias\/wp-json\/wp\/v2\/posts\/97669","targetHints":{"allow":["GET"]}}],"collection":[{"href":"https:\/\/radiolifefm.com.br\/noticias\/wp-json\/wp\/v2\/posts"}],"about":[{"href":"https:\/\/radiolifefm.com.br\/noticias\/wp-json\/wp\/v2\/types\/post"}],"author":[{"embeddable":true,"href":"https:\/\/radiolifefm.com.br\/noticias\/wp-json\/wp\/v2\/users\/13"}],"replies":[{"embeddable":true,"href":"https:\/\/radiolifefm.com.br\/noticias\/wp-json\/wp\/v2\/comments?post=97669"}],"version-history":[{"count":1,"href":"https:\/\/radiolifefm.com.br\/noticias\/wp-json\/wp\/v2\/posts\/97669\/revisions"}],"predecessor-version":[{"id":97670,"href":"https:\/\/radiolifefm.com.br\/noticias\/wp-json\/wp\/v2\/posts\/97669\/revisions\/97670"}],"wp:featuredmedia":[{"embeddable":true,"href":"https:\/\/radiolifefm.com.br\/noticias\/wp-json\/wp\/v2\/media\/51988"}],"wp:attachment":[{"href":"https:\/\/radiolifefm.com.br\/noticias\/wp-json\/wp\/v2\/media?parent=97669"}],"wp:term":[{"taxonomy":"category","embeddable":true,"href":"https:\/\/radiolifefm.com.br\/noticias\/wp-json\/wp\/v2\/categories?post=97669"},{"taxonomy":"post_tag","embeddable":true,"href":"https:\/\/radiolifefm.com.br\/noticias\/wp-json\/wp\/v2\/tags?post=97669"}],"curies":[{"name":"wp","href":"https:\/\/api.w.org\/{rel}","templated":true}]}}