{"id":97644,"date":"2025-02-12T17:20:52","date_gmt":"2025-02-12T20:20:52","guid":{"rendered":"https:\/\/radiolifefm.com.br\/noticias\/?p=97644"},"modified":"2026-04-16T07:42:33","modified_gmt":"2026-04-16T10:42:33","slug":"e-hoje-as-semifinais-do-campeonato-municipal-de-ferias-de-futsal","status":"publish","type":"post","link":"https:\/\/radiolifefm.com.br\/noticias\/e-hoje-as-semifinais-do-campeonato-municipal-de-ferias-de-futsal\/","title":{"rendered":"\u00c9 hoje as semifinais do Campeonato Municipal de F\u00e9rias de Futsal de Luc\u00e9lia"},"content":{"rendered":"<div id=\"fb-root\"><\/div>\n<p>Depois de v\u00e1rias partidas, com grandes emo\u00e7\u00f5es nas \u00faltimas semanas, quatro equipes entrar\u00e3o em quadra na busca de duas vagas para as finais do Campeonato Municipal de F\u00e9rias de Futsal de Luc\u00e9lia.<\/p>\n<p>Os confrontos das semifinais da competi\u00e7\u00e3o luceliense est\u00e1 marcado para acontecer na noite desta quarta-feira (12), no Gin\u00e1sio de Esportes Eng. Agr\u00f4nomo Daniel Luiz Dias.<\/p>\n<p>No primeiro confronto marcado para iniciar \u00e0s 20h15 o Morro\/ Marcin Funilaria enfrenta o Black Sharks\/ Foto Bandeirantes<\/p>\n<p>J\u00e1 no segundo jogo, Uni\u00e3o Norte Sul \/ Cesta B\u00e1sica Moreira e Morro\/ Siri Burg\/ Pizzaria It\u00e1lia disputam a outra vaga para a decis\u00e3o.<\/p>\n<p>O Campeonato Municipal de F\u00e9rias de Futsal de Luc\u00e9lia tem atra\u00eddo grande p\u00fablico no Gin\u00e1sio de Esportes e nesta quarta-feira, sem d\u00favida \u00e9 dia de casa cheia para conferir dois jogos que promete disputa intensa e muita emo\u00e7\u00e3o.<\/p>\n<p>A organiza\u00e7\u00e3o do Campeonato Municipal de F\u00e9rias de Futsal de Luc\u00e9lia \u00e9 da Prefeitura de Luc\u00e9lia atrav\u00e9s da SECEL (Secret\u00e1ria de Educa\u00e7\u00e3o Cultura Esportes e Lazer de Luc\u00e9lia).<\/p>\n<p>A SECEL e a Prefeitura convidam a popula\u00e7\u00e3o para conferir os jogos das semifinais e conhecer as duas equipes finalistas do Campeonato Municipal de F\u00e9rias de Futsal de Luc\u00e9lia 2025.<\/p>\n<div class='flex flex-wrap items-center -mx-1'>\r\n<a class='thumbnail gallery p-1 w-1\/2 md:w-1\/4' href='https:\/\/radiolifefm.com.br\/noticias\/wp-content\/uploads\/2025\/02\/2.jpeg'><img class='border border-white' src='https:\/\/radiolifefm.com.br\/noticias\/wp-content\/uploads\/2025\/02\/2-200x200.jpeg' alt='2' \/><\/a><a class='thumbnail gallery p-1 w-1\/2 md:w-1\/4' href='https:\/\/radiolifefm.com.br\/noticias\/wp-content\/uploads\/2025\/02\/3.jpeg'><img class='border border-white' src='https:\/\/radiolifefm.com.br\/noticias\/wp-content\/uploads\/2025\/02\/3-200x200.jpeg' alt='3' \/><\/a><a class='thumbnail gallery p-1 w-1\/2 md:w-1\/4' href='https:\/\/radiolifefm.com.br\/noticias\/wp-content\/uploads\/2025\/02\/4.jpeg'><img class='border border-white' src='https:\/\/radiolifefm.com.br\/noticias\/wp-content\/uploads\/2025\/02\/4-200x200.jpeg' alt='4' \/><\/a><\/div>\n<p>Fonte: Jair Kb\u00e7a<\/p>\n","protected":false},"excerpt":{"rendered":"<p>Depois de v\u00e1rias partidas, com grandes emo\u00e7\u00f5es nas \u00faltimas semanas, quatro equipes entrar\u00e3o em quadra na busca de duas vagas para as finais do Campeonato Municipal de F\u00e9rias de Futsal de Luc\u00e9lia. Os confrontos das semifinais da competi\u00e7\u00e3o luceliense est\u00e1 marcado para acontecer na noite desta quarta-feira (12), no Gin\u00e1sio de Esportes Eng. Agr\u00f4nomo Daniel [&hellip;]<\/p>\n","protected":false},"author":13,"featured_media":97645,"comment_status":"closed","ping_status":"open","sticky":false,"template":"","format":"standard","meta":{"_acf_changed":false,"_exactmetrics_skip_tracking":false,"_exactmetrics_sitenote_active":false,"_exactmetrics_sitenote_note":"","_exactmetrics_sitenote_category":0,"footnotes":""},"categories":[56,24],"tags":[],"class_list":["post-97644","post","type-post","status-publish","format-standard","has-post-thumbnail","hentry","category-esporte","category-regiao"],"acf":[],"yoast_head":"<!-- This site is optimized with the Yoast SEO plugin v27.2 - https:\/\/yoast.com\/product\/yoast-seo-wordpress\/ -->\n<title>\u00c9 hoje as semifinais do Campeonato Municipal de F\u00e9rias de Futsal de Luc\u00e9lia - R\u00e1dio Life FM<\/title>\n<meta name=\"robots\" content=\"index, follow, max-snippet:-1, max-image-preview:large, max-video-preview:-1\" \/>\n<link rel=\"canonical\" href=\"https:\/\/radiolifefm.com.br\/noticias\/e-hoje-as-semifinais-do-campeonato-municipal-de-ferias-de-futsal\/\" \/>\n<meta property=\"og:locale\" content=\"pt_BR\" \/>\n<meta property=\"og:type\" content=\"article\" \/>\n<meta property=\"og:title\" content=\"\u00c9 hoje as semifinais do Campeonato Municipal de F\u00e9rias de Futsal de Luc\u00e9lia - R\u00e1dio Life FM\" \/>\n<meta property=\"og:description\" content=\"Depois de v\u00e1rias partidas, com grandes emo\u00e7\u00f5es nas \u00faltimas semanas, quatro equipes entrar\u00e3o em quadra na busca de duas vagas para as finais do Campeonato Municipal de F\u00e9rias de Futsal de Luc\u00e9lia. Os confrontos das semifinais da competi\u00e7\u00e3o luceliense est\u00e1 marcado para acontecer na noite desta quarta-feira (12), no Gin\u00e1sio de Esportes Eng. Agr\u00f4nomo Daniel [&hellip;]\" \/>\n<meta property=\"og:url\" content=\"https:\/\/radiolifefm.com.br\/noticias\/e-hoje-as-semifinais-do-campeonato-municipal-de-ferias-de-futsal\/\" \/>\n<meta property=\"og:site_name\" content=\"R\u00e1dio Life FM\" \/>\n<meta property=\"article:publisher\" content=\"https:\/\/www.facebook.com\/radiolifefm\/\" \/>\n<meta property=\"article:published_time\" content=\"2025-02-12T20:20:52+00:00\" \/>\n<meta property=\"article:modified_time\" content=\"2026-04-16T10:42:33+00:00\" \/>\n<meta property=\"og:image\" content=\"https:\/\/radiolifefm.com.br\/noticias\/wp-content\/uploads\/2025\/02\/WhatsApp-Image-2025-02-12-at-17.18.25.jpeg\" \/>\n\t<meta property=\"og:image:width\" content=\"1293\" \/>\n\t<meta property=\"og:image:height\" content=\"826\" \/>\n\t<meta property=\"og:image:type\" content=\"image\/jpeg\" \/>\n<meta name=\"author\" content=\"ritanery\" \/>\n<meta name=\"twitter:card\" content=\"summary_large_image\" \/>\n<meta name=\"twitter:label1\" content=\"Escrito por\" \/>\n\t<meta name=\"twitter:data1\" content=\"ritanery\" \/>\n\t<meta name=\"twitter:label2\" content=\"Est. tempo de leitura\" \/>\n\t<meta name=\"twitter:data2\" content=\"2 minutos\" \/>\n<script type=\"application\/ld+json\" class=\"yoast-schema-graph\">{\"@context\":\"https:\/\/schema.org\",\"@graph\":[{\"@type\":\"Article\",\"@id\":\"https:\/\/radiolifefm.com.br\/noticias\/e-hoje-as-semifinais-do-campeonato-municipal-de-ferias-de-futsal\/#article\",\"isPartOf\":{\"@id\":\"https:\/\/radiolifefm.com.br\/noticias\/e-hoje-as-semifinais-do-campeonato-municipal-de-ferias-de-futsal\/\"},\"author\":{\"name\":\"ritanery\",\"@id\":\"https:\/\/radiolifefm.com.br\/noticias\/#\/schema\/person\/6339b9fac59d12b071dec680d7375d87\"},\"headline\":\"\u00c9 hoje as semifinais do Campeonato Municipal de F\u00e9rias de Futsal de Luc\u00e9lia\",\"datePublished\":\"2025-02-12T20:20:52+00:00\",\"dateModified\":\"2026-04-16T10:42:33+00:00\",\"mainEntityOfPage\":{\"@id\":\"https:\/\/radiolifefm.com.br\/noticias\/e-hoje-as-semifinais-do-campeonato-municipal-de-ferias-de-futsal\/\"},\"wordCount\":242,\"publisher\":{\"@id\":\"https:\/\/radiolifefm.com.br\/noticias\/#organization\"},\"image\":{\"@id\":\"https:\/\/radiolifefm.com.br\/noticias\/e-hoje-as-semifinais-do-campeonato-municipal-de-ferias-de-futsal\/#primaryimage\"},\"thumbnailUrl\":\"https:\/\/radiolifefm.com.br\/noticias\/wp-content\/uploads\/2025\/02\/WhatsApp-Image-2025-02-12-at-17.18.25.jpeg\",\"articleSection\":[\"Esporte\",\"Regi\u00e3o\"],\"inLanguage\":\"pt-BR\"},{\"@type\":\"WebPage\",\"@id\":\"https:\/\/radiolifefm.com.br\/noticias\/e-hoje-as-semifinais-do-campeonato-municipal-de-ferias-de-futsal\/\",\"url\":\"https:\/\/radiolifefm.com.br\/noticias\/e-hoje-as-semifinais-do-campeonato-municipal-de-ferias-de-futsal\/\",\"name\":\"\u00c9 hoje as semifinais do Campeonato Municipal de F\u00e9rias de Futsal de Luc\u00e9lia - R\u00e1dio Life FM\",\"isPartOf\":{\"@id\":\"https:\/\/radiolifefm.com.br\/noticias\/#website\"},\"primaryImageOfPage\":{\"@id\":\"https:\/\/radiolifefm.com.br\/noticias\/e-hoje-as-semifinais-do-campeonato-municipal-de-ferias-de-futsal\/#primaryimage\"},\"image\":{\"@id\":\"https:\/\/radiolifefm.com.br\/noticias\/e-hoje-as-semifinais-do-campeonato-municipal-de-ferias-de-futsal\/#primaryimage\"},\"thumbnailUrl\":\"https:\/\/radiolifefm.com.br\/noticias\/wp-content\/uploads\/2025\/02\/WhatsApp-Image-2025-02-12-at-17.18.25.jpeg\",\"datePublished\":\"2025-02-12T20:20:52+00:00\",\"dateModified\":\"2026-04-16T10:42:33+00:00\",\"breadcrumb\":{\"@id\":\"https:\/\/radiolifefm.com.br\/noticias\/e-hoje-as-semifinais-do-campeonato-municipal-de-ferias-de-futsal\/#breadcrumb\"},\"inLanguage\":\"pt-BR\",\"potentialAction\":[{\"@type\":\"ReadAction\",\"target\":[\"https:\/\/radiolifefm.com.br\/noticias\/e-hoje-as-semifinais-do-campeonato-municipal-de-ferias-de-futsal\/\"]}]},{\"@type\":\"ImageObject\",\"inLanguage\":\"pt-BR\",\"@id\":\"https:\/\/radiolifefm.com.br\/noticias\/e-hoje-as-semifinais-do-campeonato-municipal-de-ferias-de-futsal\/#primaryimage\",\"url\":\"https:\/\/radiolifefm.com.br\/noticias\/wp-content\/uploads\/2025\/02\/WhatsApp-Image-2025-02-12-at-17.18.25.jpeg\",\"contentUrl\":\"https:\/\/radiolifefm.com.br\/noticias\/wp-content\/uploads\/2025\/02\/WhatsApp-Image-2025-02-12-at-17.18.25.jpeg\",\"width\":1293,\"height\":826,\"caption\":\"Foto: Rita Nery\"},{\"@type\":\"BreadcrumbList\",\"@id\":\"https:\/\/radiolifefm.com.br\/noticias\/e-hoje-as-semifinais-do-campeonato-municipal-de-ferias-de-futsal\/#breadcrumb\",\"itemListElement\":[{\"@type\":\"ListItem\",\"position\":1,\"name\":\"In\u00edcio\",\"item\":\"https:\/\/radiolifefm.com.br\/noticias\/\"},{\"@type\":\"ListItem\",\"position\":2,\"name\":\"\u00c9 hoje as semifinais do Campeonato Municipal de F\u00e9rias de Futsal de Luc\u00e9lia\"}]},{\"@type\":\"WebSite\",\"@id\":\"https:\/\/radiolifefm.com.br\/noticias\/#website\",\"url\":\"https:\/\/radiolifefm.com.br\/noticias\/\",\"name\":\"R\u00e1dio Life FM\",\"description\":\"O Portal de Not\u00edcias de Adamantina\",\"publisher\":{\"@id\":\"https:\/\/radiolifefm.com.br\/noticias\/#organization\"},\"alternateName\":\"Life FM\",\"potentialAction\":[{\"@type\":\"SearchAction\",\"target\":{\"@type\":\"EntryPoint\",\"urlTemplate\":\"https:\/\/radiolifefm.com.br\/noticias\/?s={search_term_string}\"},\"query-input\":{\"@type\":\"PropertyValueSpecification\",\"valueRequired\":true,\"valueName\":\"search_term_string\"}}],\"inLanguage\":\"pt-BR\"},{\"@type\":\"Organization\",\"@id\":\"https:\/\/radiolifefm.com.br\/noticias\/#organization\",\"name\":\"R\u00e1dio Life FM\",\"alternateName\":\"Life FM\",\"url\":\"https:\/\/radiolifefm.com.br\/noticias\/\",\"logo\":{\"@type\":\"ImageObject\",\"inLanguage\":\"pt-BR\",\"@id\":\"https:\/\/radiolifefm.com.br\/noticias\/#\/schema\/logo\/image\/\",\"url\":\"https:\/\/static.radiolifefm.com.br\/noticias\/wp-content\/uploads\/2019\/10\/logo-lifefm.png\",\"contentUrl\":\"https:\/\/static.radiolifefm.com.br\/noticias\/wp-content\/uploads\/2019\/10\/logo-lifefm.png\",\"width\":196,\"height\":47,\"caption\":\"R\u00e1dio Life FM\"},\"image\":{\"@id\":\"https:\/\/radiolifefm.com.br\/noticias\/#\/schema\/logo\/image\/\"},\"sameAs\":[\"https:\/\/www.facebook.com\/radiolifefm\/\",\"https:\/\/www.instagram.com\/life1079fm\/\"]},{\"@type\":\"Person\",\"@id\":\"https:\/\/radiolifefm.com.br\/noticias\/#\/schema\/person\/6339b9fac59d12b071dec680d7375d87\",\"name\":\"ritanery\",\"image\":{\"@type\":\"ImageObject\",\"inLanguage\":\"pt-BR\",\"@id\":\"https:\/\/secure.gravatar.com\/avatar\/0e37bb19071f47c0b8a23f62a903df117c5a0e75f65a0c2901562f97cd41cf86?s=96&d=mm&r=g\",\"url\":\"https:\/\/secure.gravatar.com\/avatar\/0e37bb19071f47c0b8a23f62a903df117c5a0e75f65a0c2901562f97cd41cf86?s=96&d=mm&r=g\",\"contentUrl\":\"https:\/\/secure.gravatar.com\/avatar\/0e37bb19071f47c0b8a23f62a903df117c5a0e75f65a0c2901562f97cd41cf86?s=96&d=mm&r=g\",\"caption\":\"ritanery\"}}]}<\/script>\n<!-- \/ Yoast SEO plugin. -->","yoast_head_json":{"title":"\u00c9 hoje as semifinais do Campeonato Municipal de F\u00e9rias de Futsal de Luc\u00e9lia - R\u00e1dio Life FM","robots":{"index":"index","follow":"follow","max-snippet":"max-snippet:-1","max-image-preview":"max-image-preview:large","max-video-preview":"max-video-preview:-1"},"canonical":"https:\/\/radiolifefm.com.br\/noticias\/e-hoje-as-semifinais-do-campeonato-municipal-de-ferias-de-futsal\/","og_locale":"pt_BR","og_type":"article","og_title":"\u00c9 hoje as semifinais do Campeonato Municipal de F\u00e9rias de Futsal de Luc\u00e9lia - R\u00e1dio Life FM","og_description":"Depois de v\u00e1rias partidas, com grandes emo\u00e7\u00f5es nas \u00faltimas semanas, quatro equipes entrar\u00e3o em quadra na busca de duas vagas para as finais do Campeonato Municipal de F\u00e9rias de Futsal de Luc\u00e9lia. Os confrontos das semifinais da competi\u00e7\u00e3o luceliense est\u00e1 marcado para acontecer na noite desta quarta-feira (12), no Gin\u00e1sio de Esportes Eng. Agr\u00f4nomo Daniel [&hellip;]","og_url":"https:\/\/radiolifefm.com.br\/noticias\/e-hoje-as-semifinais-do-campeonato-municipal-de-ferias-de-futsal\/","og_site_name":"R\u00e1dio Life FM","article_publisher":"https:\/\/www.facebook.com\/radiolifefm\/","article_published_time":"2025-02-12T20:20:52+00:00","article_modified_time":"2026-04-16T10:42:33+00:00","og_image":[{"width":1293,"height":826,"url":"https:\/\/radiolifefm.com.br\/noticias\/wp-content\/uploads\/2025\/02\/WhatsApp-Image-2025-02-12-at-17.18.25.jpeg","type":"image\/jpeg"}],"author":"ritanery","twitter_card":"summary_large_image","twitter_misc":{"Escrito por":"ritanery","Est. tempo de leitura":"2 minutos"},"schema":{"@context":"https:\/\/schema.org","@graph":[{"@type":"Article","@id":"https:\/\/radiolifefm.com.br\/noticias\/e-hoje-as-semifinais-do-campeonato-municipal-de-ferias-de-futsal\/#article","isPartOf":{"@id":"https:\/\/radiolifefm.com.br\/noticias\/e-hoje-as-semifinais-do-campeonato-municipal-de-ferias-de-futsal\/"},"author":{"name":"ritanery","@id":"https:\/\/radiolifefm.com.br\/noticias\/#\/schema\/person\/6339b9fac59d12b071dec680d7375d87"},"headline":"\u00c9 hoje as semifinais do Campeonato Municipal de F\u00e9rias de Futsal de Luc\u00e9lia","datePublished":"2025-02-12T20:20:52+00:00","dateModified":"2026-04-16T10:42:33+00:00","mainEntityOfPage":{"@id":"https:\/\/radiolifefm.com.br\/noticias\/e-hoje-as-semifinais-do-campeonato-municipal-de-ferias-de-futsal\/"},"wordCount":242,"publisher":{"@id":"https:\/\/radiolifefm.com.br\/noticias\/#organization"},"image":{"@id":"https:\/\/radiolifefm.com.br\/noticias\/e-hoje-as-semifinais-do-campeonato-municipal-de-ferias-de-futsal\/#primaryimage"},"thumbnailUrl":"https:\/\/radiolifefm.com.br\/noticias\/wp-content\/uploads\/2025\/02\/WhatsApp-Image-2025-02-12-at-17.18.25.jpeg","articleSection":["Esporte","Regi\u00e3o"],"inLanguage":"pt-BR"},{"@type":"WebPage","@id":"https:\/\/radiolifefm.com.br\/noticias\/e-hoje-as-semifinais-do-campeonato-municipal-de-ferias-de-futsal\/","url":"https:\/\/radiolifefm.com.br\/noticias\/e-hoje-as-semifinais-do-campeonato-municipal-de-ferias-de-futsal\/","name":"\u00c9 hoje as semifinais do Campeonato Municipal de F\u00e9rias de Futsal de Luc\u00e9lia - R\u00e1dio Life FM","isPartOf":{"@id":"https:\/\/radiolifefm.com.br\/noticias\/#website"},"primaryImageOfPage":{"@id":"https:\/\/radiolifefm.com.br\/noticias\/e-hoje-as-semifinais-do-campeonato-municipal-de-ferias-de-futsal\/#primaryimage"},"image":{"@id":"https:\/\/radiolifefm.com.br\/noticias\/e-hoje-as-semifinais-do-campeonato-municipal-de-ferias-de-futsal\/#primaryimage"},"thumbnailUrl":"https:\/\/radiolifefm.com.br\/noticias\/wp-content\/uploads\/2025\/02\/WhatsApp-Image-2025-02-12-at-17.18.25.jpeg","datePublished":"2025-02-12T20:20:52+00:00","dateModified":"2026-04-16T10:42:33+00:00","breadcrumb":{"@id":"https:\/\/radiolifefm.com.br\/noticias\/e-hoje-as-semifinais-do-campeonato-municipal-de-ferias-de-futsal\/#breadcrumb"},"inLanguage":"pt-BR","potentialAction":[{"@type":"ReadAction","target":["https:\/\/radiolifefm.com.br\/noticias\/e-hoje-as-semifinais-do-campeonato-municipal-de-ferias-de-futsal\/"]}]},{"@type":"ImageObject","inLanguage":"pt-BR","@id":"https:\/\/radiolifefm.com.br\/noticias\/e-hoje-as-semifinais-do-campeonato-municipal-de-ferias-de-futsal\/#primaryimage","url":"https:\/\/radiolifefm.com.br\/noticias\/wp-content\/uploads\/2025\/02\/WhatsApp-Image-2025-02-12-at-17.18.25.jpeg","contentUrl":"https:\/\/radiolifefm.com.br\/noticias\/wp-content\/uploads\/2025\/02\/WhatsApp-Image-2025-02-12-at-17.18.25.jpeg","width":1293,"height":826,"caption":"Foto: Rita Nery"},{"@type":"BreadcrumbList","@id":"https:\/\/radiolifefm.com.br\/noticias\/e-hoje-as-semifinais-do-campeonato-municipal-de-ferias-de-futsal\/#breadcrumb","itemListElement":[{"@type":"ListItem","position":1,"name":"In\u00edcio","item":"https:\/\/radiolifefm.com.br\/noticias\/"},{"@type":"ListItem","position":2,"name":"\u00c9 hoje as semifinais do Campeonato Municipal de F\u00e9rias de Futsal de Luc\u00e9lia"}]},{"@type":"WebSite","@id":"https:\/\/radiolifefm.com.br\/noticias\/#website","url":"https:\/\/radiolifefm.com.br\/noticias\/","name":"R\u00e1dio Life FM","description":"O Portal de Not\u00edcias de Adamantina","publisher":{"@id":"https:\/\/radiolifefm.com.br\/noticias\/#organization"},"alternateName":"Life FM","potentialAction":[{"@type":"SearchAction","target":{"@type":"EntryPoint","urlTemplate":"https:\/\/radiolifefm.com.br\/noticias\/?s={search_term_string}"},"query-input":{"@type":"PropertyValueSpecification","valueRequired":true,"valueName":"search_term_string"}}],"inLanguage":"pt-BR"},{"@type":"Organization","@id":"https:\/\/radiolifefm.com.br\/noticias\/#organization","name":"R\u00e1dio Life FM","alternateName":"Life FM","url":"https:\/\/radiolifefm.com.br\/noticias\/","logo":{"@type":"ImageObject","inLanguage":"pt-BR","@id":"https:\/\/radiolifefm.com.br\/noticias\/#\/schema\/logo\/image\/","url":"https:\/\/static.radiolifefm.com.br\/noticias\/wp-content\/uploads\/2019\/10\/logo-lifefm.png","contentUrl":"https:\/\/static.radiolifefm.com.br\/noticias\/wp-content\/uploads\/2019\/10\/logo-lifefm.png","width":196,"height":47,"caption":"R\u00e1dio Life FM"},"image":{"@id":"https:\/\/radiolifefm.com.br\/noticias\/#\/schema\/logo\/image\/"},"sameAs":["https:\/\/www.facebook.com\/radiolifefm\/","https:\/\/www.instagram.com\/life1079fm\/"]},{"@type":"Person","@id":"https:\/\/radiolifefm.com.br\/noticias\/#\/schema\/person\/6339b9fac59d12b071dec680d7375d87","name":"ritanery","image":{"@type":"ImageObject","inLanguage":"pt-BR","@id":"https:\/\/secure.gravatar.com\/avatar\/0e37bb19071f47c0b8a23f62a903df117c5a0e75f65a0c2901562f97cd41cf86?s=96&d=mm&r=g","url":"https:\/\/secure.gravatar.com\/avatar\/0e37bb19071f47c0b8a23f62a903df117c5a0e75f65a0c2901562f97cd41cf86?s=96&d=mm&r=g","contentUrl":"https:\/\/secure.gravatar.com\/avatar\/0e37bb19071f47c0b8a23f62a903df117c5a0e75f65a0c2901562f97cd41cf86?s=96&d=mm&r=g","caption":"ritanery"}}]}},"amp_enabled":true,"_links":{"self":[{"href":"https:\/\/radiolifefm.com.br\/noticias\/wp-json\/wp\/v2\/posts\/97644","targetHints":{"allow":["GET"]}}],"collection":[{"href":"https:\/\/radiolifefm.com.br\/noticias\/wp-json\/wp\/v2\/posts"}],"about":[{"href":"https:\/\/radiolifefm.com.br\/noticias\/wp-json\/wp\/v2\/types\/post"}],"author":[{"embeddable":true,"href":"https:\/\/radiolifefm.com.br\/noticias\/wp-json\/wp\/v2\/users\/13"}],"replies":[{"embeddable":true,"href":"https:\/\/radiolifefm.com.br\/noticias\/wp-json\/wp\/v2\/comments?post=97644"}],"version-history":[{"count":4,"href":"https:\/\/radiolifefm.com.br\/noticias\/wp-json\/wp\/v2\/posts\/97644\/revisions"}],"predecessor-version":[{"id":97652,"href":"https:\/\/radiolifefm.com.br\/noticias\/wp-json\/wp\/v2\/posts\/97644\/revisions\/97652"}],"wp:featuredmedia":[{"embeddable":true,"href":"https:\/\/radiolifefm.com.br\/noticias\/wp-json\/wp\/v2\/media\/97645"}],"wp:attachment":[{"href":"https:\/\/radiolifefm.com.br\/noticias\/wp-json\/wp\/v2\/media?parent=97644"}],"wp:term":[{"taxonomy":"category","embeddable":true,"href":"https:\/\/radiolifefm.com.br\/noticias\/wp-json\/wp\/v2\/categories?post=97644"},{"taxonomy":"post_tag","embeddable":true,"href":"https:\/\/radiolifefm.com.br\/noticias\/wp-json\/wp\/v2\/tags?post=97644"}],"curies":[{"name":"wp","href":"https:\/\/api.w.org\/{rel}","templated":true}]}}