{"id":97637,"date":"2025-02-12T08:14:45","date_gmt":"2025-02-12T11:14:45","guid":{"rendered":"https:\/\/radiolifefm.com.br\/noticias\/?p=97637"},"modified":"2026-01-26T21:28:07","modified_gmt":"2026-01-27T00:28:07","slug":"na-eterna-busca-pelas-ideias-2","status":"publish","type":"post","link":"https:\/\/radiolifefm.com.br\/noticias\/na-eterna-busca-pelas-ideias-2\/","title":{"rendered":"Na eterna busca pelas IDEIAS&#8230;"},"content":{"rendered":"<div id=\"fb-root\"><\/div>\n<p>&nbsp;<\/p>\n<p><strong><em>\u00a0\u201cTodo o conhecimento humano come\u00e7ou com intui\u00e7\u00f5es, passou da\u00ed aos conceitos e terminou com ideias.\u201d (<\/em><\/strong><a href=\"https:\/\/www.pensador.com\/autor\/immanuel_kant\/\"><strong><em>Immanuel Kant<\/em><\/strong><\/a><strong><em>)<\/em><\/strong><\/p>\n<p>&nbsp;<\/p>\n<p><strong>By seb@r. <\/strong><\/p>\n<p>Naquele outro tempo tudo era apenas uma quest\u00e3o em meio as outros desencontros com as IDEIAS e assim por diante&#8230;<\/p>\n<p>Mesmo assim, pode-se registrar que tais IDEIAS sempre estavam mais ou de menos de acordo com a procura de sempre pelo outro lado que estava naquele abismo secular&#8230;<\/p>\n<p>Todas as op\u00e7\u00f5es estavam em cima da mesma mesa, portanto, nada era do jeito que se esperava para quem estava sempre buscando novas IDEIAS para muitos olhares al\u00e9m do infinito&#8230;<\/p>\n<p>Deste jeito de ser sem querer estar, talvez aquela d\u00favida sobre aquele temas com suas tem\u00e1ticas tenham proporcionado outras IDEIAS sobre o que poderia se explicado sem mais e com muito menos&#8230;<\/p>\n<p>O que se perdeu est\u00e1 registrado de acordo com o senso comum daquele outro tempo, portanto, as IDEIAS sempre marcaram o compasso de um desafio constante pela teoria do al\u00e9m mar&#8230;<\/p>\n<p>De tudo o que ocorreu neste cen\u00e1rio um tanto quanto complicado pelas media\u00e7\u00f5es das IDEIAS em conex\u00e3o com as eternas descobertas de si mesmo e ponto quase final&#8230;<\/p>\n<p>As quest\u00f5es eram quase sempre as mesmas frente \u00e0s propostas daquelas IDEIAS que acabaram se perdendo neste tempo do tempo, todavia, apenas quem esteve naquele lugar pode saber disto ou daquilo&#8230;<\/p>\n<p>O universo continua conspirando contra tudo e todos por meio das IDEIAS de sempre, haja vista os interesses que est\u00e3o neste jogo mais do que viciado para um mundo sem esperan\u00e7a&#8230;<\/p>\n<p>As IDEIAS continuam patrocinando suas convic\u00e7\u00f5es que foram sempre as mesmas neste horizonte silencioso, assim, torna-se necess\u00e1rio continuar a busca naquele outro tempo que se perdeu no tempo&#8230;<\/p>\n<p>A denominada import\u00e2ncia das tais coisas est\u00e1 afim aos interesses das IDEIAS que apenas voc\u00ea pode determinar no singular, por\u00e9m, n\u00e3o se pode esquecer-se da pluralidade da exist\u00eancia humana&#8230;<\/p>\n<p>A utopia sobre o futuro est\u00e1 em cima da mesma mesa que proporcionou as IDEIAS, desta forma, nada pode ser descartado nestas d\u00favidas quanto aos novos paradigmas sobre o tempo do tempo&#8230;<\/p>\n<p>O que pode existir nunca esteve neste meio que n\u00e3o teve in\u00edcio pelas IDEIAS sem aquele fim pr\u00e9-determinado pela senso comum de um tempo que se perdeu no outro tempo sem o tempo&#8230;<\/p>\n<p>S\u00d3 QUEM TEVE TAIS IDEIAS PODE SABER DISTO E MAIS AQUILO&#8230;<\/p>\n<p>&nbsp;<\/p>\n<p>&nbsp;<\/p>\n<p><strong>e-mail: <\/strong><a href=\"mailto:barbosa.sebar@gmail.com\"><strong>barbosa.sebar@gmail.com<\/strong><\/a><\/p>\n<p>&nbsp;<\/p>\n<p>&nbsp;<\/p>\n","protected":false},"excerpt":{"rendered":"<p>&nbsp; \u00a0\u201cTodo o conhecimento humano come\u00e7ou com intui\u00e7\u00f5es, passou da\u00ed aos conceitos e terminou com ideias.\u201d (Immanuel Kant) &nbsp; By seb@r. Naquele outro tempo tudo era apenas uma quest\u00e3o em meio as outros desencontros com as IDEIAS e assim por diante&#8230; Mesmo assim, pode-se registrar que tais IDEIAS sempre estavam mais ou de menos de [&hellip;]<\/p>\n","protected":false},"author":13,"featured_media":51988,"comment_status":"closed","ping_status":"open","sticky":false,"template":"","format":"standard","meta":{"_acf_changed":false,"_exactmetrics_skip_tracking":false,"_exactmetrics_sitenote_active":false,"_exactmetrics_sitenote_note":"","_exactmetrics_sitenote_category":0,"footnotes":""},"categories":[59],"tags":[],"class_list":["post-97637","post","type-post","status-publish","format-standard","has-post-thumbnail","hentry","category-opiniao"],"acf":[],"yoast_head":"<!-- This site is optimized with the Yoast SEO plugin v27.2 - https:\/\/yoast.com\/product\/yoast-seo-wordpress\/ -->\n<title>Na eterna busca pelas IDEIAS... - R\u00e1dio Life FM<\/title>\n<meta name=\"robots\" content=\"index, follow, max-snippet:-1, max-image-preview:large, max-video-preview:-1\" \/>\n<link rel=\"canonical\" href=\"https:\/\/radiolifefm.com.br\/noticias\/na-eterna-busca-pelas-ideias-2\/\" \/>\n<meta property=\"og:locale\" content=\"pt_BR\" \/>\n<meta property=\"og:type\" content=\"article\" \/>\n<meta property=\"og:title\" content=\"Na eterna busca pelas IDEIAS... - R\u00e1dio Life FM\" \/>\n<meta property=\"og:description\" content=\"&nbsp; \u00a0\u201cTodo o conhecimento humano come\u00e7ou com intui\u00e7\u00f5es, passou da\u00ed aos conceitos e terminou com ideias.\u201d (Immanuel Kant) &nbsp; By seb@r. Naquele outro tempo tudo era apenas uma quest\u00e3o em meio as outros desencontros com as IDEIAS e assim por diante&#8230; Mesmo assim, pode-se registrar que tais IDEIAS sempre estavam mais ou de menos de [&hellip;]\" \/>\n<meta property=\"og:url\" content=\"https:\/\/radiolifefm.com.br\/noticias\/na-eterna-busca-pelas-ideias-2\/\" \/>\n<meta property=\"og:site_name\" content=\"R\u00e1dio Life FM\" \/>\n<meta property=\"article:publisher\" content=\"https:\/\/www.facebook.com\/radiolifefm\/\" \/>\n<meta property=\"article:published_time\" content=\"2025-02-12T11:14:45+00:00\" \/>\n<meta property=\"article:modified_time\" content=\"2026-01-27T00:28:07+00:00\" \/>\n<meta property=\"og:image\" content=\"https:\/\/radiolifefm.com.br\/noticias\/wp-content\/uploads\/2022\/04\/WhatsApp-Image-2022-04-10-at-18.43.02.jpeg\" \/>\n\t<meta property=\"og:image:width\" content=\"972\" \/>\n\t<meta property=\"og:image:height\" content=\"1296\" \/>\n\t<meta property=\"og:image:type\" content=\"image\/jpeg\" \/>\n<meta name=\"author\" content=\"ritanery\" \/>\n<meta name=\"twitter:card\" content=\"summary_large_image\" \/>\n<meta name=\"twitter:label1\" content=\"Escrito por\" \/>\n\t<meta name=\"twitter:data1\" content=\"ritanery\" \/>\n\t<meta name=\"twitter:label2\" content=\"Est. tempo de leitura\" \/>\n\t<meta name=\"twitter:data2\" content=\"3 minutos\" \/>\n<script type=\"application\/ld+json\" class=\"yoast-schema-graph\">{\"@context\":\"https:\/\/schema.org\",\"@graph\":[{\"@type\":\"Article\",\"@id\":\"https:\/\/radiolifefm.com.br\/noticias\/na-eterna-busca-pelas-ideias-2\/#article\",\"isPartOf\":{\"@id\":\"https:\/\/radiolifefm.com.br\/noticias\/na-eterna-busca-pelas-ideias-2\/\"},\"author\":{\"name\":\"ritanery\",\"@id\":\"https:\/\/radiolifefm.com.br\/noticias\/#\/schema\/person\/6339b9fac59d12b071dec680d7375d87\"},\"headline\":\"Na eterna busca pelas IDEIAS&#8230;\",\"datePublished\":\"2025-02-12T11:14:45+00:00\",\"dateModified\":\"2026-01-27T00:28:07+00:00\",\"mainEntityOfPage\":{\"@id\":\"https:\/\/radiolifefm.com.br\/noticias\/na-eterna-busca-pelas-ideias-2\/\"},\"wordCount\":424,\"publisher\":{\"@id\":\"https:\/\/radiolifefm.com.br\/noticias\/#organization\"},\"image\":{\"@id\":\"https:\/\/radiolifefm.com.br\/noticias\/na-eterna-busca-pelas-ideias-2\/#primaryimage\"},\"thumbnailUrl\":\"https:\/\/radiolifefm.com.br\/noticias\/wp-content\/uploads\/2022\/04\/WhatsApp-Image-2022-04-10-at-18.43.02.jpeg\",\"articleSection\":[\"Opini\u00e3o\"],\"inLanguage\":\"pt-BR\"},{\"@type\":\"WebPage\",\"@id\":\"https:\/\/radiolifefm.com.br\/noticias\/na-eterna-busca-pelas-ideias-2\/\",\"url\":\"https:\/\/radiolifefm.com.br\/noticias\/na-eterna-busca-pelas-ideias-2\/\",\"name\":\"Na eterna busca pelas IDEIAS... - R\u00e1dio Life FM\",\"isPartOf\":{\"@id\":\"https:\/\/radiolifefm.com.br\/noticias\/#website\"},\"primaryImageOfPage\":{\"@id\":\"https:\/\/radiolifefm.com.br\/noticias\/na-eterna-busca-pelas-ideias-2\/#primaryimage\"},\"image\":{\"@id\":\"https:\/\/radiolifefm.com.br\/noticias\/na-eterna-busca-pelas-ideias-2\/#primaryimage\"},\"thumbnailUrl\":\"https:\/\/radiolifefm.com.br\/noticias\/wp-content\/uploads\/2022\/04\/WhatsApp-Image-2022-04-10-at-18.43.02.jpeg\",\"datePublished\":\"2025-02-12T11:14:45+00:00\",\"dateModified\":\"2026-01-27T00:28:07+00:00\",\"breadcrumb\":{\"@id\":\"https:\/\/radiolifefm.com.br\/noticias\/na-eterna-busca-pelas-ideias-2\/#breadcrumb\"},\"inLanguage\":\"pt-BR\",\"potentialAction\":[{\"@type\":\"ReadAction\",\"target\":[\"https:\/\/radiolifefm.com.br\/noticias\/na-eterna-busca-pelas-ideias-2\/\"]}]},{\"@type\":\"ImageObject\",\"inLanguage\":\"pt-BR\",\"@id\":\"https:\/\/radiolifefm.com.br\/noticias\/na-eterna-busca-pelas-ideias-2\/#primaryimage\",\"url\":\"https:\/\/radiolifefm.com.br\/noticias\/wp-content\/uploads\/2022\/04\/WhatsApp-Image-2022-04-10-at-18.43.02.jpeg\",\"contentUrl\":\"https:\/\/radiolifefm.com.br\/noticias\/wp-content\/uploads\/2022\/04\/WhatsApp-Image-2022-04-10-at-18.43.02.jpeg\",\"width\":972,\"height\":1296,\"caption\":\"S\u00e9rgio Barbosa\"},{\"@type\":\"BreadcrumbList\",\"@id\":\"https:\/\/radiolifefm.com.br\/noticias\/na-eterna-busca-pelas-ideias-2\/#breadcrumb\",\"itemListElement\":[{\"@type\":\"ListItem\",\"position\":1,\"name\":\"In\u00edcio\",\"item\":\"https:\/\/radiolifefm.com.br\/noticias\/\"},{\"@type\":\"ListItem\",\"position\":2,\"name\":\"Na eterna busca pelas IDEIAS&#8230;\"}]},{\"@type\":\"WebSite\",\"@id\":\"https:\/\/radiolifefm.com.br\/noticias\/#website\",\"url\":\"https:\/\/radiolifefm.com.br\/noticias\/\",\"name\":\"R\u00e1dio Life FM\",\"description\":\"O Portal de Not\u00edcias de Adamantina\",\"publisher\":{\"@id\":\"https:\/\/radiolifefm.com.br\/noticias\/#organization\"},\"alternateName\":\"Life FM\",\"potentialAction\":[{\"@type\":\"SearchAction\",\"target\":{\"@type\":\"EntryPoint\",\"urlTemplate\":\"https:\/\/radiolifefm.com.br\/noticias\/?s={search_term_string}\"},\"query-input\":{\"@type\":\"PropertyValueSpecification\",\"valueRequired\":true,\"valueName\":\"search_term_string\"}}],\"inLanguage\":\"pt-BR\"},{\"@type\":\"Organization\",\"@id\":\"https:\/\/radiolifefm.com.br\/noticias\/#organization\",\"name\":\"R\u00e1dio Life FM\",\"alternateName\":\"Life FM\",\"url\":\"https:\/\/radiolifefm.com.br\/noticias\/\",\"logo\":{\"@type\":\"ImageObject\",\"inLanguage\":\"pt-BR\",\"@id\":\"https:\/\/radiolifefm.com.br\/noticias\/#\/schema\/logo\/image\/\",\"url\":\"https:\/\/static.radiolifefm.com.br\/noticias\/wp-content\/uploads\/2019\/10\/logo-lifefm.png\",\"contentUrl\":\"https:\/\/static.radiolifefm.com.br\/noticias\/wp-content\/uploads\/2019\/10\/logo-lifefm.png\",\"width\":196,\"height\":47,\"caption\":\"R\u00e1dio Life FM\"},\"image\":{\"@id\":\"https:\/\/radiolifefm.com.br\/noticias\/#\/schema\/logo\/image\/\"},\"sameAs\":[\"https:\/\/www.facebook.com\/radiolifefm\/\",\"https:\/\/www.instagram.com\/life1079fm\/\"]},{\"@type\":\"Person\",\"@id\":\"https:\/\/radiolifefm.com.br\/noticias\/#\/schema\/person\/6339b9fac59d12b071dec680d7375d87\",\"name\":\"ritanery\",\"image\":{\"@type\":\"ImageObject\",\"inLanguage\":\"pt-BR\",\"@id\":\"https:\/\/secure.gravatar.com\/avatar\/0e37bb19071f47c0b8a23f62a903df117c5a0e75f65a0c2901562f97cd41cf86?s=96&d=mm&r=g\",\"url\":\"https:\/\/secure.gravatar.com\/avatar\/0e37bb19071f47c0b8a23f62a903df117c5a0e75f65a0c2901562f97cd41cf86?s=96&d=mm&r=g\",\"contentUrl\":\"https:\/\/secure.gravatar.com\/avatar\/0e37bb19071f47c0b8a23f62a903df117c5a0e75f65a0c2901562f97cd41cf86?s=96&d=mm&r=g\",\"caption\":\"ritanery\"}}]}<\/script>\n<!-- \/ Yoast SEO plugin. -->","yoast_head_json":{"title":"Na eterna busca pelas IDEIAS... - R\u00e1dio Life FM","robots":{"index":"index","follow":"follow","max-snippet":"max-snippet:-1","max-image-preview":"max-image-preview:large","max-video-preview":"max-video-preview:-1"},"canonical":"https:\/\/radiolifefm.com.br\/noticias\/na-eterna-busca-pelas-ideias-2\/","og_locale":"pt_BR","og_type":"article","og_title":"Na eterna busca pelas IDEIAS... - R\u00e1dio Life FM","og_description":"&nbsp; \u00a0\u201cTodo o conhecimento humano come\u00e7ou com intui\u00e7\u00f5es, passou da\u00ed aos conceitos e terminou com ideias.\u201d (Immanuel Kant) &nbsp; By seb@r. Naquele outro tempo tudo era apenas uma quest\u00e3o em meio as outros desencontros com as IDEIAS e assim por diante&#8230; Mesmo assim, pode-se registrar que tais IDEIAS sempre estavam mais ou de menos de [&hellip;]","og_url":"https:\/\/radiolifefm.com.br\/noticias\/na-eterna-busca-pelas-ideias-2\/","og_site_name":"R\u00e1dio Life FM","article_publisher":"https:\/\/www.facebook.com\/radiolifefm\/","article_published_time":"2025-02-12T11:14:45+00:00","article_modified_time":"2026-01-27T00:28:07+00:00","og_image":[{"width":972,"height":1296,"url":"https:\/\/radiolifefm.com.br\/noticias\/wp-content\/uploads\/2022\/04\/WhatsApp-Image-2022-04-10-at-18.43.02.jpeg","type":"image\/jpeg"}],"author":"ritanery","twitter_card":"summary_large_image","twitter_misc":{"Escrito por":"ritanery","Est. tempo de leitura":"3 minutos"},"schema":{"@context":"https:\/\/schema.org","@graph":[{"@type":"Article","@id":"https:\/\/radiolifefm.com.br\/noticias\/na-eterna-busca-pelas-ideias-2\/#article","isPartOf":{"@id":"https:\/\/radiolifefm.com.br\/noticias\/na-eterna-busca-pelas-ideias-2\/"},"author":{"name":"ritanery","@id":"https:\/\/radiolifefm.com.br\/noticias\/#\/schema\/person\/6339b9fac59d12b071dec680d7375d87"},"headline":"Na eterna busca pelas IDEIAS&#8230;","datePublished":"2025-02-12T11:14:45+00:00","dateModified":"2026-01-27T00:28:07+00:00","mainEntityOfPage":{"@id":"https:\/\/radiolifefm.com.br\/noticias\/na-eterna-busca-pelas-ideias-2\/"},"wordCount":424,"publisher":{"@id":"https:\/\/radiolifefm.com.br\/noticias\/#organization"},"image":{"@id":"https:\/\/radiolifefm.com.br\/noticias\/na-eterna-busca-pelas-ideias-2\/#primaryimage"},"thumbnailUrl":"https:\/\/radiolifefm.com.br\/noticias\/wp-content\/uploads\/2022\/04\/WhatsApp-Image-2022-04-10-at-18.43.02.jpeg","articleSection":["Opini\u00e3o"],"inLanguage":"pt-BR"},{"@type":"WebPage","@id":"https:\/\/radiolifefm.com.br\/noticias\/na-eterna-busca-pelas-ideias-2\/","url":"https:\/\/radiolifefm.com.br\/noticias\/na-eterna-busca-pelas-ideias-2\/","name":"Na eterna busca pelas IDEIAS... - R\u00e1dio Life FM","isPartOf":{"@id":"https:\/\/radiolifefm.com.br\/noticias\/#website"},"primaryImageOfPage":{"@id":"https:\/\/radiolifefm.com.br\/noticias\/na-eterna-busca-pelas-ideias-2\/#primaryimage"},"image":{"@id":"https:\/\/radiolifefm.com.br\/noticias\/na-eterna-busca-pelas-ideias-2\/#primaryimage"},"thumbnailUrl":"https:\/\/radiolifefm.com.br\/noticias\/wp-content\/uploads\/2022\/04\/WhatsApp-Image-2022-04-10-at-18.43.02.jpeg","datePublished":"2025-02-12T11:14:45+00:00","dateModified":"2026-01-27T00:28:07+00:00","breadcrumb":{"@id":"https:\/\/radiolifefm.com.br\/noticias\/na-eterna-busca-pelas-ideias-2\/#breadcrumb"},"inLanguage":"pt-BR","potentialAction":[{"@type":"ReadAction","target":["https:\/\/radiolifefm.com.br\/noticias\/na-eterna-busca-pelas-ideias-2\/"]}]},{"@type":"ImageObject","inLanguage":"pt-BR","@id":"https:\/\/radiolifefm.com.br\/noticias\/na-eterna-busca-pelas-ideias-2\/#primaryimage","url":"https:\/\/radiolifefm.com.br\/noticias\/wp-content\/uploads\/2022\/04\/WhatsApp-Image-2022-04-10-at-18.43.02.jpeg","contentUrl":"https:\/\/radiolifefm.com.br\/noticias\/wp-content\/uploads\/2022\/04\/WhatsApp-Image-2022-04-10-at-18.43.02.jpeg","width":972,"height":1296,"caption":"S\u00e9rgio Barbosa"},{"@type":"BreadcrumbList","@id":"https:\/\/radiolifefm.com.br\/noticias\/na-eterna-busca-pelas-ideias-2\/#breadcrumb","itemListElement":[{"@type":"ListItem","position":1,"name":"In\u00edcio","item":"https:\/\/radiolifefm.com.br\/noticias\/"},{"@type":"ListItem","position":2,"name":"Na eterna busca pelas IDEIAS&#8230;"}]},{"@type":"WebSite","@id":"https:\/\/radiolifefm.com.br\/noticias\/#website","url":"https:\/\/radiolifefm.com.br\/noticias\/","name":"R\u00e1dio Life FM","description":"O Portal de Not\u00edcias de Adamantina","publisher":{"@id":"https:\/\/radiolifefm.com.br\/noticias\/#organization"},"alternateName":"Life FM","potentialAction":[{"@type":"SearchAction","target":{"@type":"EntryPoint","urlTemplate":"https:\/\/radiolifefm.com.br\/noticias\/?s={search_term_string}"},"query-input":{"@type":"PropertyValueSpecification","valueRequired":true,"valueName":"search_term_string"}}],"inLanguage":"pt-BR"},{"@type":"Organization","@id":"https:\/\/radiolifefm.com.br\/noticias\/#organization","name":"R\u00e1dio Life FM","alternateName":"Life FM","url":"https:\/\/radiolifefm.com.br\/noticias\/","logo":{"@type":"ImageObject","inLanguage":"pt-BR","@id":"https:\/\/radiolifefm.com.br\/noticias\/#\/schema\/logo\/image\/","url":"https:\/\/static.radiolifefm.com.br\/noticias\/wp-content\/uploads\/2019\/10\/logo-lifefm.png","contentUrl":"https:\/\/static.radiolifefm.com.br\/noticias\/wp-content\/uploads\/2019\/10\/logo-lifefm.png","width":196,"height":47,"caption":"R\u00e1dio Life FM"},"image":{"@id":"https:\/\/radiolifefm.com.br\/noticias\/#\/schema\/logo\/image\/"},"sameAs":["https:\/\/www.facebook.com\/radiolifefm\/","https:\/\/www.instagram.com\/life1079fm\/"]},{"@type":"Person","@id":"https:\/\/radiolifefm.com.br\/noticias\/#\/schema\/person\/6339b9fac59d12b071dec680d7375d87","name":"ritanery","image":{"@type":"ImageObject","inLanguage":"pt-BR","@id":"https:\/\/secure.gravatar.com\/avatar\/0e37bb19071f47c0b8a23f62a903df117c5a0e75f65a0c2901562f97cd41cf86?s=96&d=mm&r=g","url":"https:\/\/secure.gravatar.com\/avatar\/0e37bb19071f47c0b8a23f62a903df117c5a0e75f65a0c2901562f97cd41cf86?s=96&d=mm&r=g","contentUrl":"https:\/\/secure.gravatar.com\/avatar\/0e37bb19071f47c0b8a23f62a903df117c5a0e75f65a0c2901562f97cd41cf86?s=96&d=mm&r=g","caption":"ritanery"}}]}},"amp_enabled":true,"_links":{"self":[{"href":"https:\/\/radiolifefm.com.br\/noticias\/wp-json\/wp\/v2\/posts\/97637","targetHints":{"allow":["GET"]}}],"collection":[{"href":"https:\/\/radiolifefm.com.br\/noticias\/wp-json\/wp\/v2\/posts"}],"about":[{"href":"https:\/\/radiolifefm.com.br\/noticias\/wp-json\/wp\/v2\/types\/post"}],"author":[{"embeddable":true,"href":"https:\/\/radiolifefm.com.br\/noticias\/wp-json\/wp\/v2\/users\/13"}],"replies":[{"embeddable":true,"href":"https:\/\/radiolifefm.com.br\/noticias\/wp-json\/wp\/v2\/comments?post=97637"}],"version-history":[{"count":1,"href":"https:\/\/radiolifefm.com.br\/noticias\/wp-json\/wp\/v2\/posts\/97637\/revisions"}],"predecessor-version":[{"id":97638,"href":"https:\/\/radiolifefm.com.br\/noticias\/wp-json\/wp\/v2\/posts\/97637\/revisions\/97638"}],"wp:featuredmedia":[{"embeddable":true,"href":"https:\/\/radiolifefm.com.br\/noticias\/wp-json\/wp\/v2\/media\/51988"}],"wp:attachment":[{"href":"https:\/\/radiolifefm.com.br\/noticias\/wp-json\/wp\/v2\/media?parent=97637"}],"wp:term":[{"taxonomy":"category","embeddable":true,"href":"https:\/\/radiolifefm.com.br\/noticias\/wp-json\/wp\/v2\/categories?post=97637"},{"taxonomy":"post_tag","embeddable":true,"href":"https:\/\/radiolifefm.com.br\/noticias\/wp-json\/wp\/v2\/tags?post=97637"}],"curies":[{"name":"wp","href":"https:\/\/api.w.org\/{rel}","templated":true}]}}