{"id":97558,"date":"2025-02-10T07:59:42","date_gmt":"2025-02-10T10:59:42","guid":{"rendered":"https:\/\/radiolifefm.com.br\/noticias\/?p=97558"},"modified":"2026-04-06T10:55:44","modified_gmt":"2026-04-06T13:55:44","slug":"ainda-na-boca-de-espera-da-atual-gestao-municipal-nesta-provincia-do-faz-de-conta","status":"publish","type":"post","link":"https:\/\/radiolifefm.com.br\/noticias\/ainda-na-boca-de-espera-da-atual-gestao-municipal-nesta-provincia-do-faz-de-conta\/","title":{"rendered":"Ainda, na BOCA DE ESPERA da atual GEST\u00c3O MUNICIPAL nesta PROV\u00cdNCIA DO FAZ DE CONTA&#8230;"},"content":{"rendered":"<div id=\"fb-root\"><\/div>\n<p><em>\u00a0\u201cA fal\u00eancia continua na administra\u00e7\u00e3o da coisa p\u00fablica contamina a rela\u00e7\u00e3o vindoura e o p\u00f3s jogo de poder e interesses de desenvolvimento entre o estado democr\u00e1tico verdadeiro e os interesses especulativos dos poderosos grupos financeiros em qualquer lugar do planeta.\u201d (<\/em><a href=\"https:\/\/www.pensador.com\/autor\/ricardo_v_barradas\/\"><em>Ricardo V. Barradas<\/em><\/a><em>)<\/em><\/p>\n<p><em>\u00a0<\/em><\/p>\n<p><strong>By seb@r.<\/strong><\/p>\n<p>&nbsp;<\/p>\n<p>Ent\u00e3o, pode ser pra MAIS, tamb\u00e9m, pode ser pra MENOS, ainda, MUITO PELO CONTR\u00c1RIO e assim, dizem, caminha todos\/as para este ou aquele lado em terras PROVINCIANAS&#8230;<\/p>\n<p>Por\u00e9m, como disse para muitos interlocutores\/as desta COLUNA SEMANAL, ainda, estou na BOCA DE ESPERA pelos tais 100 DIAS do NOVO GOVERNO provinciano, portanto, faz-se necess\u00e1rio dar aquela famosa COLHER DE CH\u00c1 para muitos desencontros com isto e aquilo&#8230;<\/p>\n<p>Por\u00e9m, n\u00e3o se pode deixar de lado que essa TURMA est\u00e1 atrelada aos NEGACIONISTAS e TERRAPLANISTAS, portanto, n\u00e3o se pode BAIXAR A GUARDA (sic), ainda mais quando os\/as mesmos\/as fazem parte da DIREITA VOLVER com suas MENTES MED\u00cdOCRES&#8230;<\/p>\n<p>Mesmo assim, torna-se necess\u00e1rio, pelo menos neste momento atual, continuar em estado de ALERTA, entretanto, sempre com aquele OLHAR mais pra ESQUERDA, se poss\u00edvel, buscando SER e n\u00e3o apenas ESTAR como a maioria dos\/as PROVINCIANOS\/AS&#8230;<\/p>\n<p>Os primeiros SINAIS demonstram que deve valer aquele DITO mais do que POPULAR, ou seja, SE VOC\u00ca PENSAVA QUE TAVA RUIM, PODE PIORAR&#8230;<\/p>\n<p>Mas, como escrevi acima, melhor dar mais um TEMPO neste TEMPO para o atual GESTOR P\u00daBLICO e sua TURMA de APOIO nas \u00e1reas afins aos interesses desta PROV\u00cdNCIA DO FAZ DE CONTA&#8230;<\/p>\n<p>Neste CEN\u00c1RIO um tanto quanto dominado pelo SENSO COMUM, tendo em vista que s\u00e3o todos\/as partid\u00e1rios da TRIADE, a saber: DEUS, P\u00c1TRIA E FAM\u00cdLIA; tudo pode SER sem ESTAR ou vice-versa, por\u00e9m, cada qual com suas ESCOLHAS&#8230;<\/p>\n<p>Mesmo com tais DESENCONTROS em nome das suas IDEOLOGIAS que s\u00e3o mais question\u00e1veis do que nunca, isso \u00e9, tendo em VISTA as limita\u00e7\u00f5es impostas pelo MERCADO quanto aos PROFISSIONAIS escolhidos para este ou aquele CARGO\/FUN\u00c7\u00c3O em nome do NOVO que se parece com o VELHO&#8230;<\/p>\n<p>Desta forma, como PROVINCIANO por ado\u00e7\u00e3o, prefiro dar um VOTO mais ou menos de APOIO, todavia, N\u00c3O DE CONFIAN\u00c7A, considerando que s\u00e3o todos\/as mediados\/as pelas denominadas MENTES MED\u00cdOCRES&#8230;<\/p>\n<p>Neste momento, estou apenas como um simples OBSERVADOR das a\u00e7\u00f5es em nome do PODER P\u00daBLICO, haja vista que a CR\u00cdTICA deve ser permanente pra cima de tudo e de todos\/as&#8230;<\/p>\n<p>Pra n\u00e3o esquecerem, PERDERAM MAN\u00c9S!<\/p>\n<p>QUEM SOBREVIVER VAI SABER&#8230;<\/p>\n<p>&nbsp;<\/p>\n<p>&nbsp;<\/p>\n<p><strong>e-mail: barbosa.sebar@gmail.com <\/strong><\/p>\n<p>&nbsp;<\/p>\n","protected":false},"excerpt":{"rendered":"<p>\u00a0\u201cA fal\u00eancia continua na administra\u00e7\u00e3o da coisa p\u00fablica contamina a rela\u00e7\u00e3o vindoura e o p\u00f3s jogo de poder e interesses de desenvolvimento entre o estado democr\u00e1tico verdadeiro e os interesses especulativos dos poderosos grupos financeiros em qualquer lugar do planeta.\u201d (Ricardo V. Barradas) \u00a0 By seb@r. &nbsp; Ent\u00e3o, pode ser pra MAIS, tamb\u00e9m, pode ser [&hellip;]<\/p>\n","protected":false},"author":13,"featured_media":51988,"comment_status":"closed","ping_status":"open","sticky":false,"template":"","format":"standard","meta":{"_acf_changed":false,"_exactmetrics_skip_tracking":false,"_exactmetrics_sitenote_active":false,"_exactmetrics_sitenote_note":"","_exactmetrics_sitenote_category":0,"footnotes":""},"categories":[59],"tags":[],"class_list":["post-97558","post","type-post","status-publish","format-standard","has-post-thumbnail","hentry","category-opiniao"],"acf":[],"yoast_head":"<!-- This site is optimized with the Yoast SEO plugin v27.2 - https:\/\/yoast.com\/product\/yoast-seo-wordpress\/ -->\n<title>Ainda, na BOCA DE ESPERA da atual GEST\u00c3O MUNICIPAL nesta PROV\u00cdNCIA DO FAZ DE CONTA... - R\u00e1dio Life FM<\/title>\n<meta name=\"robots\" content=\"index, follow, max-snippet:-1, max-image-preview:large, max-video-preview:-1\" \/>\n<link rel=\"canonical\" href=\"https:\/\/radiolifefm.com.br\/noticias\/ainda-na-boca-de-espera-da-atual-gestao-municipal-nesta-provincia-do-faz-de-conta\/\" \/>\n<meta property=\"og:locale\" content=\"pt_BR\" \/>\n<meta property=\"og:type\" content=\"article\" \/>\n<meta property=\"og:title\" content=\"Ainda, na BOCA DE ESPERA da atual GEST\u00c3O MUNICIPAL nesta PROV\u00cdNCIA DO FAZ DE CONTA... - R\u00e1dio Life FM\" \/>\n<meta property=\"og:description\" content=\"\u00a0\u201cA fal\u00eancia continua na administra\u00e7\u00e3o da coisa p\u00fablica contamina a rela\u00e7\u00e3o vindoura e o p\u00f3s jogo de poder e interesses de desenvolvimento entre o estado democr\u00e1tico verdadeiro e os interesses especulativos dos poderosos grupos financeiros em qualquer lugar do planeta.\u201d (Ricardo V. Barradas) \u00a0 By seb@r. &nbsp; Ent\u00e3o, pode ser pra MAIS, tamb\u00e9m, pode ser [&hellip;]\" \/>\n<meta property=\"og:url\" content=\"https:\/\/radiolifefm.com.br\/noticias\/ainda-na-boca-de-espera-da-atual-gestao-municipal-nesta-provincia-do-faz-de-conta\/\" \/>\n<meta property=\"og:site_name\" content=\"R\u00e1dio Life FM\" \/>\n<meta property=\"article:publisher\" content=\"https:\/\/www.facebook.com\/radiolifefm\/\" \/>\n<meta property=\"article:published_time\" content=\"2025-02-10T10:59:42+00:00\" \/>\n<meta property=\"article:modified_time\" content=\"2026-04-06T13:55:44+00:00\" \/>\n<meta property=\"og:image\" content=\"https:\/\/radiolifefm.com.br\/noticias\/wp-content\/uploads\/2022\/04\/WhatsApp-Image-2022-04-10-at-18.43.02.jpeg\" \/>\n\t<meta property=\"og:image:width\" content=\"972\" \/>\n\t<meta property=\"og:image:height\" content=\"1296\" \/>\n\t<meta property=\"og:image:type\" content=\"image\/jpeg\" \/>\n<meta name=\"author\" content=\"ritanery\" \/>\n<meta name=\"twitter:card\" content=\"summary_large_image\" \/>\n<meta name=\"twitter:label1\" content=\"Escrito por\" \/>\n\t<meta name=\"twitter:data1\" content=\"ritanery\" \/>\n\t<meta name=\"twitter:label2\" content=\"Est. tempo de leitura\" \/>\n\t<meta name=\"twitter:data2\" content=\"3 minutos\" \/>\n<script type=\"application\/ld+json\" class=\"yoast-schema-graph\">{\"@context\":\"https:\/\/schema.org\",\"@graph\":[{\"@type\":\"Article\",\"@id\":\"https:\/\/radiolifefm.com.br\/noticias\/ainda-na-boca-de-espera-da-atual-gestao-municipal-nesta-provincia-do-faz-de-conta\/#article\",\"isPartOf\":{\"@id\":\"https:\/\/radiolifefm.com.br\/noticias\/ainda-na-boca-de-espera-da-atual-gestao-municipal-nesta-provincia-do-faz-de-conta\/\"},\"author\":{\"name\":\"ritanery\",\"@id\":\"https:\/\/radiolifefm.com.br\/noticias\/#\/schema\/person\/6339b9fac59d12b071dec680d7375d87\"},\"headline\":\"Ainda, na BOCA DE ESPERA da atual GEST\u00c3O MUNICIPAL nesta PROV\u00cdNCIA DO FAZ DE CONTA&#8230;\",\"datePublished\":\"2025-02-10T10:59:42+00:00\",\"dateModified\":\"2026-04-06T13:55:44+00:00\",\"mainEntityOfPage\":{\"@id\":\"https:\/\/radiolifefm.com.br\/noticias\/ainda-na-boca-de-espera-da-atual-gestao-municipal-nesta-provincia-do-faz-de-conta\/\"},\"wordCount\":464,\"publisher\":{\"@id\":\"https:\/\/radiolifefm.com.br\/noticias\/#organization\"},\"image\":{\"@id\":\"https:\/\/radiolifefm.com.br\/noticias\/ainda-na-boca-de-espera-da-atual-gestao-municipal-nesta-provincia-do-faz-de-conta\/#primaryimage\"},\"thumbnailUrl\":\"https:\/\/radiolifefm.com.br\/noticias\/wp-content\/uploads\/2022\/04\/WhatsApp-Image-2022-04-10-at-18.43.02.jpeg\",\"articleSection\":[\"Opini\u00e3o\"],\"inLanguage\":\"pt-BR\"},{\"@type\":\"WebPage\",\"@id\":\"https:\/\/radiolifefm.com.br\/noticias\/ainda-na-boca-de-espera-da-atual-gestao-municipal-nesta-provincia-do-faz-de-conta\/\",\"url\":\"https:\/\/radiolifefm.com.br\/noticias\/ainda-na-boca-de-espera-da-atual-gestao-municipal-nesta-provincia-do-faz-de-conta\/\",\"name\":\"Ainda, na BOCA DE ESPERA da atual GEST\u00c3O MUNICIPAL nesta PROV\u00cdNCIA DO FAZ DE CONTA... - R\u00e1dio Life FM\",\"isPartOf\":{\"@id\":\"https:\/\/radiolifefm.com.br\/noticias\/#website\"},\"primaryImageOfPage\":{\"@id\":\"https:\/\/radiolifefm.com.br\/noticias\/ainda-na-boca-de-espera-da-atual-gestao-municipal-nesta-provincia-do-faz-de-conta\/#primaryimage\"},\"image\":{\"@id\":\"https:\/\/radiolifefm.com.br\/noticias\/ainda-na-boca-de-espera-da-atual-gestao-municipal-nesta-provincia-do-faz-de-conta\/#primaryimage\"},\"thumbnailUrl\":\"https:\/\/radiolifefm.com.br\/noticias\/wp-content\/uploads\/2022\/04\/WhatsApp-Image-2022-04-10-at-18.43.02.jpeg\",\"datePublished\":\"2025-02-10T10:59:42+00:00\",\"dateModified\":\"2026-04-06T13:55:44+00:00\",\"breadcrumb\":{\"@id\":\"https:\/\/radiolifefm.com.br\/noticias\/ainda-na-boca-de-espera-da-atual-gestao-municipal-nesta-provincia-do-faz-de-conta\/#breadcrumb\"},\"inLanguage\":\"pt-BR\",\"potentialAction\":[{\"@type\":\"ReadAction\",\"target\":[\"https:\/\/radiolifefm.com.br\/noticias\/ainda-na-boca-de-espera-da-atual-gestao-municipal-nesta-provincia-do-faz-de-conta\/\"]}]},{\"@type\":\"ImageObject\",\"inLanguage\":\"pt-BR\",\"@id\":\"https:\/\/radiolifefm.com.br\/noticias\/ainda-na-boca-de-espera-da-atual-gestao-municipal-nesta-provincia-do-faz-de-conta\/#primaryimage\",\"url\":\"https:\/\/radiolifefm.com.br\/noticias\/wp-content\/uploads\/2022\/04\/WhatsApp-Image-2022-04-10-at-18.43.02.jpeg\",\"contentUrl\":\"https:\/\/radiolifefm.com.br\/noticias\/wp-content\/uploads\/2022\/04\/WhatsApp-Image-2022-04-10-at-18.43.02.jpeg\",\"width\":972,\"height\":1296,\"caption\":\"S\u00e9rgio Barbosa\"},{\"@type\":\"BreadcrumbList\",\"@id\":\"https:\/\/radiolifefm.com.br\/noticias\/ainda-na-boca-de-espera-da-atual-gestao-municipal-nesta-provincia-do-faz-de-conta\/#breadcrumb\",\"itemListElement\":[{\"@type\":\"ListItem\",\"position\":1,\"name\":\"In\u00edcio\",\"item\":\"https:\/\/radiolifefm.com.br\/noticias\/\"},{\"@type\":\"ListItem\",\"position\":2,\"name\":\"Ainda, na BOCA DE ESPERA da atual GEST\u00c3O MUNICIPAL nesta PROV\u00cdNCIA DO FAZ DE CONTA&#8230;\"}]},{\"@type\":\"WebSite\",\"@id\":\"https:\/\/radiolifefm.com.br\/noticias\/#website\",\"url\":\"https:\/\/radiolifefm.com.br\/noticias\/\",\"name\":\"R\u00e1dio Life FM\",\"description\":\"O Portal de Not\u00edcias de Adamantina\",\"publisher\":{\"@id\":\"https:\/\/radiolifefm.com.br\/noticias\/#organization\"},\"alternateName\":\"Life FM\",\"potentialAction\":[{\"@type\":\"SearchAction\",\"target\":{\"@type\":\"EntryPoint\",\"urlTemplate\":\"https:\/\/radiolifefm.com.br\/noticias\/?s={search_term_string}\"},\"query-input\":{\"@type\":\"PropertyValueSpecification\",\"valueRequired\":true,\"valueName\":\"search_term_string\"}}],\"inLanguage\":\"pt-BR\"},{\"@type\":\"Organization\",\"@id\":\"https:\/\/radiolifefm.com.br\/noticias\/#organization\",\"name\":\"R\u00e1dio Life FM\",\"alternateName\":\"Life FM\",\"url\":\"https:\/\/radiolifefm.com.br\/noticias\/\",\"logo\":{\"@type\":\"ImageObject\",\"inLanguage\":\"pt-BR\",\"@id\":\"https:\/\/radiolifefm.com.br\/noticias\/#\/schema\/logo\/image\/\",\"url\":\"https:\/\/static.radiolifefm.com.br\/noticias\/wp-content\/uploads\/2019\/10\/logo-lifefm.png\",\"contentUrl\":\"https:\/\/static.radiolifefm.com.br\/noticias\/wp-content\/uploads\/2019\/10\/logo-lifefm.png\",\"width\":196,\"height\":47,\"caption\":\"R\u00e1dio Life FM\"},\"image\":{\"@id\":\"https:\/\/radiolifefm.com.br\/noticias\/#\/schema\/logo\/image\/\"},\"sameAs\":[\"https:\/\/www.facebook.com\/radiolifefm\/\",\"https:\/\/www.instagram.com\/life1079fm\/\"]},{\"@type\":\"Person\",\"@id\":\"https:\/\/radiolifefm.com.br\/noticias\/#\/schema\/person\/6339b9fac59d12b071dec680d7375d87\",\"name\":\"ritanery\",\"image\":{\"@type\":\"ImageObject\",\"inLanguage\":\"pt-BR\",\"@id\":\"https:\/\/secure.gravatar.com\/avatar\/0e37bb19071f47c0b8a23f62a903df117c5a0e75f65a0c2901562f97cd41cf86?s=96&d=mm&r=g\",\"url\":\"https:\/\/secure.gravatar.com\/avatar\/0e37bb19071f47c0b8a23f62a903df117c5a0e75f65a0c2901562f97cd41cf86?s=96&d=mm&r=g\",\"contentUrl\":\"https:\/\/secure.gravatar.com\/avatar\/0e37bb19071f47c0b8a23f62a903df117c5a0e75f65a0c2901562f97cd41cf86?s=96&d=mm&r=g\",\"caption\":\"ritanery\"}}]}<\/script>\n<!-- \/ Yoast SEO plugin. -->","yoast_head_json":{"title":"Ainda, na BOCA DE ESPERA da atual GEST\u00c3O MUNICIPAL nesta PROV\u00cdNCIA DO FAZ DE CONTA... - R\u00e1dio Life FM","robots":{"index":"index","follow":"follow","max-snippet":"max-snippet:-1","max-image-preview":"max-image-preview:large","max-video-preview":"max-video-preview:-1"},"canonical":"https:\/\/radiolifefm.com.br\/noticias\/ainda-na-boca-de-espera-da-atual-gestao-municipal-nesta-provincia-do-faz-de-conta\/","og_locale":"pt_BR","og_type":"article","og_title":"Ainda, na BOCA DE ESPERA da atual GEST\u00c3O MUNICIPAL nesta PROV\u00cdNCIA DO FAZ DE CONTA... - R\u00e1dio Life FM","og_description":"\u00a0\u201cA fal\u00eancia continua na administra\u00e7\u00e3o da coisa p\u00fablica contamina a rela\u00e7\u00e3o vindoura e o p\u00f3s jogo de poder e interesses de desenvolvimento entre o estado democr\u00e1tico verdadeiro e os interesses especulativos dos poderosos grupos financeiros em qualquer lugar do planeta.\u201d (Ricardo V. Barradas) \u00a0 By seb@r. &nbsp; Ent\u00e3o, pode ser pra MAIS, tamb\u00e9m, pode ser [&hellip;]","og_url":"https:\/\/radiolifefm.com.br\/noticias\/ainda-na-boca-de-espera-da-atual-gestao-municipal-nesta-provincia-do-faz-de-conta\/","og_site_name":"R\u00e1dio Life FM","article_publisher":"https:\/\/www.facebook.com\/radiolifefm\/","article_published_time":"2025-02-10T10:59:42+00:00","article_modified_time":"2026-04-06T13:55:44+00:00","og_image":[{"width":972,"height":1296,"url":"https:\/\/radiolifefm.com.br\/noticias\/wp-content\/uploads\/2022\/04\/WhatsApp-Image-2022-04-10-at-18.43.02.jpeg","type":"image\/jpeg"}],"author":"ritanery","twitter_card":"summary_large_image","twitter_misc":{"Escrito por":"ritanery","Est. tempo de leitura":"3 minutos"},"schema":{"@context":"https:\/\/schema.org","@graph":[{"@type":"Article","@id":"https:\/\/radiolifefm.com.br\/noticias\/ainda-na-boca-de-espera-da-atual-gestao-municipal-nesta-provincia-do-faz-de-conta\/#article","isPartOf":{"@id":"https:\/\/radiolifefm.com.br\/noticias\/ainda-na-boca-de-espera-da-atual-gestao-municipal-nesta-provincia-do-faz-de-conta\/"},"author":{"name":"ritanery","@id":"https:\/\/radiolifefm.com.br\/noticias\/#\/schema\/person\/6339b9fac59d12b071dec680d7375d87"},"headline":"Ainda, na BOCA DE ESPERA da atual GEST\u00c3O MUNICIPAL nesta PROV\u00cdNCIA DO FAZ DE CONTA&#8230;","datePublished":"2025-02-10T10:59:42+00:00","dateModified":"2026-04-06T13:55:44+00:00","mainEntityOfPage":{"@id":"https:\/\/radiolifefm.com.br\/noticias\/ainda-na-boca-de-espera-da-atual-gestao-municipal-nesta-provincia-do-faz-de-conta\/"},"wordCount":464,"publisher":{"@id":"https:\/\/radiolifefm.com.br\/noticias\/#organization"},"image":{"@id":"https:\/\/radiolifefm.com.br\/noticias\/ainda-na-boca-de-espera-da-atual-gestao-municipal-nesta-provincia-do-faz-de-conta\/#primaryimage"},"thumbnailUrl":"https:\/\/radiolifefm.com.br\/noticias\/wp-content\/uploads\/2022\/04\/WhatsApp-Image-2022-04-10-at-18.43.02.jpeg","articleSection":["Opini\u00e3o"],"inLanguage":"pt-BR"},{"@type":"WebPage","@id":"https:\/\/radiolifefm.com.br\/noticias\/ainda-na-boca-de-espera-da-atual-gestao-municipal-nesta-provincia-do-faz-de-conta\/","url":"https:\/\/radiolifefm.com.br\/noticias\/ainda-na-boca-de-espera-da-atual-gestao-municipal-nesta-provincia-do-faz-de-conta\/","name":"Ainda, na BOCA DE ESPERA da atual GEST\u00c3O MUNICIPAL nesta PROV\u00cdNCIA DO FAZ DE CONTA... - R\u00e1dio Life FM","isPartOf":{"@id":"https:\/\/radiolifefm.com.br\/noticias\/#website"},"primaryImageOfPage":{"@id":"https:\/\/radiolifefm.com.br\/noticias\/ainda-na-boca-de-espera-da-atual-gestao-municipal-nesta-provincia-do-faz-de-conta\/#primaryimage"},"image":{"@id":"https:\/\/radiolifefm.com.br\/noticias\/ainda-na-boca-de-espera-da-atual-gestao-municipal-nesta-provincia-do-faz-de-conta\/#primaryimage"},"thumbnailUrl":"https:\/\/radiolifefm.com.br\/noticias\/wp-content\/uploads\/2022\/04\/WhatsApp-Image-2022-04-10-at-18.43.02.jpeg","datePublished":"2025-02-10T10:59:42+00:00","dateModified":"2026-04-06T13:55:44+00:00","breadcrumb":{"@id":"https:\/\/radiolifefm.com.br\/noticias\/ainda-na-boca-de-espera-da-atual-gestao-municipal-nesta-provincia-do-faz-de-conta\/#breadcrumb"},"inLanguage":"pt-BR","potentialAction":[{"@type":"ReadAction","target":["https:\/\/radiolifefm.com.br\/noticias\/ainda-na-boca-de-espera-da-atual-gestao-municipal-nesta-provincia-do-faz-de-conta\/"]}]},{"@type":"ImageObject","inLanguage":"pt-BR","@id":"https:\/\/radiolifefm.com.br\/noticias\/ainda-na-boca-de-espera-da-atual-gestao-municipal-nesta-provincia-do-faz-de-conta\/#primaryimage","url":"https:\/\/radiolifefm.com.br\/noticias\/wp-content\/uploads\/2022\/04\/WhatsApp-Image-2022-04-10-at-18.43.02.jpeg","contentUrl":"https:\/\/radiolifefm.com.br\/noticias\/wp-content\/uploads\/2022\/04\/WhatsApp-Image-2022-04-10-at-18.43.02.jpeg","width":972,"height":1296,"caption":"S\u00e9rgio Barbosa"},{"@type":"BreadcrumbList","@id":"https:\/\/radiolifefm.com.br\/noticias\/ainda-na-boca-de-espera-da-atual-gestao-municipal-nesta-provincia-do-faz-de-conta\/#breadcrumb","itemListElement":[{"@type":"ListItem","position":1,"name":"In\u00edcio","item":"https:\/\/radiolifefm.com.br\/noticias\/"},{"@type":"ListItem","position":2,"name":"Ainda, na BOCA DE ESPERA da atual GEST\u00c3O MUNICIPAL nesta PROV\u00cdNCIA DO FAZ DE CONTA&#8230;"}]},{"@type":"WebSite","@id":"https:\/\/radiolifefm.com.br\/noticias\/#website","url":"https:\/\/radiolifefm.com.br\/noticias\/","name":"R\u00e1dio Life FM","description":"O Portal de Not\u00edcias de Adamantina","publisher":{"@id":"https:\/\/radiolifefm.com.br\/noticias\/#organization"},"alternateName":"Life FM","potentialAction":[{"@type":"SearchAction","target":{"@type":"EntryPoint","urlTemplate":"https:\/\/radiolifefm.com.br\/noticias\/?s={search_term_string}"},"query-input":{"@type":"PropertyValueSpecification","valueRequired":true,"valueName":"search_term_string"}}],"inLanguage":"pt-BR"},{"@type":"Organization","@id":"https:\/\/radiolifefm.com.br\/noticias\/#organization","name":"R\u00e1dio Life FM","alternateName":"Life FM","url":"https:\/\/radiolifefm.com.br\/noticias\/","logo":{"@type":"ImageObject","inLanguage":"pt-BR","@id":"https:\/\/radiolifefm.com.br\/noticias\/#\/schema\/logo\/image\/","url":"https:\/\/static.radiolifefm.com.br\/noticias\/wp-content\/uploads\/2019\/10\/logo-lifefm.png","contentUrl":"https:\/\/static.radiolifefm.com.br\/noticias\/wp-content\/uploads\/2019\/10\/logo-lifefm.png","width":196,"height":47,"caption":"R\u00e1dio Life FM"},"image":{"@id":"https:\/\/radiolifefm.com.br\/noticias\/#\/schema\/logo\/image\/"},"sameAs":["https:\/\/www.facebook.com\/radiolifefm\/","https:\/\/www.instagram.com\/life1079fm\/"]},{"@type":"Person","@id":"https:\/\/radiolifefm.com.br\/noticias\/#\/schema\/person\/6339b9fac59d12b071dec680d7375d87","name":"ritanery","image":{"@type":"ImageObject","inLanguage":"pt-BR","@id":"https:\/\/secure.gravatar.com\/avatar\/0e37bb19071f47c0b8a23f62a903df117c5a0e75f65a0c2901562f97cd41cf86?s=96&d=mm&r=g","url":"https:\/\/secure.gravatar.com\/avatar\/0e37bb19071f47c0b8a23f62a903df117c5a0e75f65a0c2901562f97cd41cf86?s=96&d=mm&r=g","contentUrl":"https:\/\/secure.gravatar.com\/avatar\/0e37bb19071f47c0b8a23f62a903df117c5a0e75f65a0c2901562f97cd41cf86?s=96&d=mm&r=g","caption":"ritanery"}}]}},"amp_enabled":true,"_links":{"self":[{"href":"https:\/\/radiolifefm.com.br\/noticias\/wp-json\/wp\/v2\/posts\/97558","targetHints":{"allow":["GET"]}}],"collection":[{"href":"https:\/\/radiolifefm.com.br\/noticias\/wp-json\/wp\/v2\/posts"}],"about":[{"href":"https:\/\/radiolifefm.com.br\/noticias\/wp-json\/wp\/v2\/types\/post"}],"author":[{"embeddable":true,"href":"https:\/\/radiolifefm.com.br\/noticias\/wp-json\/wp\/v2\/users\/13"}],"replies":[{"embeddable":true,"href":"https:\/\/radiolifefm.com.br\/noticias\/wp-json\/wp\/v2\/comments?post=97558"}],"version-history":[{"count":1,"href":"https:\/\/radiolifefm.com.br\/noticias\/wp-json\/wp\/v2\/posts\/97558\/revisions"}],"predecessor-version":[{"id":97559,"href":"https:\/\/radiolifefm.com.br\/noticias\/wp-json\/wp\/v2\/posts\/97558\/revisions\/97559"}],"wp:featuredmedia":[{"embeddable":true,"href":"https:\/\/radiolifefm.com.br\/noticias\/wp-json\/wp\/v2\/media\/51988"}],"wp:attachment":[{"href":"https:\/\/radiolifefm.com.br\/noticias\/wp-json\/wp\/v2\/media?parent=97558"}],"wp:term":[{"taxonomy":"category","embeddable":true,"href":"https:\/\/radiolifefm.com.br\/noticias\/wp-json\/wp\/v2\/categories?post=97558"},{"taxonomy":"post_tag","embeddable":true,"href":"https:\/\/radiolifefm.com.br\/noticias\/wp-json\/wp\/v2\/tags?post=97558"}],"curies":[{"name":"wp","href":"https:\/\/api.w.org\/{rel}","templated":true}]}}