{"id":97345,"date":"2025-02-04T12:58:06","date_gmt":"2025-02-04T15:58:06","guid":{"rendered":"https:\/\/radiolifefm.com.br\/noticias\/?p=97345"},"modified":"2026-04-13T17:33:53","modified_gmt":"2026-04-13T20:33:53","slug":"fai-concede-isencao-de-pagamento-de-taxa-de-inscricao-de-concurso-para-pessoa-com-deficiencia","status":"publish","type":"post","link":"https:\/\/radiolifefm.com.br\/noticias\/fai-concede-isencao-de-pagamento-de-taxa-de-inscricao-de-concurso-para-pessoa-com-deficiencia\/","title":{"rendered":"FAI concede isen\u00e7\u00e3o de pagamento de taxa de  inscri\u00e7\u00e3o de concurso para Pessoa com Defici\u00eancia"},"content":{"rendered":"<div id=\"fb-root\"><\/div>\n<p>O Centro Universit\u00e1rio de Adamantina (FAI) publicou nesta segunda-feira, 3, a retifica\u00e7\u00e3o do Edital de Concurso P\u00fablico n\u00ba 001\/2025 na qual apresenta a isen\u00e7\u00e3o do pagamento de taxa de inscri\u00e7\u00e3o a pessoas portadoras de defici\u00eancia ou mobilidade reduzida (PcD). Os pedidos de isen\u00e7\u00e3o, entretanto, ser\u00e3o recebidos somente at\u00e9 esta quinta-feira, dia 6.<\/p>\n<p>&nbsp;<\/p>\n<p>Para isso, segundo o edital, o candidato PcD dever\u00e1 preencher total e corretamente a ficha de inscri\u00e7\u00e3o, dispon\u00edvel no\u00a0<em>site<\/em>\u00a0<a href=\"http:\/\/www.conscamweb.com.br\/\" data-saferedirecturl=\"https:\/\/www.google.com\/url?q=http:\/\/www.conscamweb.com.br&amp;source=gmail&amp;ust=1738770788103000&amp;usg=AOvVaw0VuZ0T7GRWeesPvWJRyV5d\">www.conscamweb.com.br<\/a>, preencher o requerimento de isen\u00e7\u00e3o previsto no Anexo VI do edital, inserir no envelope a documenta\u00e7\u00e3o ali descrita e protocolar presencialmente o envelope lacrado at\u00e9 as 17 horas do dia 6 de fevereiro no Setor de Protocolo da FAI, localizado no C\u00e2mpus I (rua Nove de Julho, 730).<\/p>\n<p>&nbsp;<\/p>\n<p>Ainda segundo o edital, juntamente com o requerimento de isen\u00e7\u00e3o, o candidato dever\u00e1 apresentar a c\u00f3pia do boleto banc\u00e1rio n\u00e3o pago e uma c\u00f3pia do documento oficial com foto que conste o n\u00famero do RG e CPF. No caso de pessoas portadoras de defici\u00eancia ou mobilidade reduzida \u00e9 necess\u00e1ria, tamb\u00e9m, a apresenta\u00e7\u00e3o de atestado m\u00e9dico que comprove tal situa\u00e7\u00e3o.<\/p>\n<p>&nbsp;<\/p>\n<p>O resultado da an\u00e1lise da documenta\u00e7\u00e3o para solicita\u00e7\u00e3o de isen\u00e7\u00e3o do pagamento da taxa de inscri\u00e7\u00e3o ser\u00e1 divulgado a partir das 17 horas do dia 11 de fevereiro no site da empresa Conscam, respons\u00e1vel pela organiza\u00e7\u00e3o e aplica\u00e7\u00e3o do concurso.<\/p>\n<p>&nbsp;<\/p>\n<p>O concurso, com provas a serem aplicadas no dia 6 de abril, tem vagas para escritur\u00e1rio (prova no per\u00edodo da manh\u00e3) e para almoxarife (prova \u00e0 tarde). As fun\u00e7\u00f5es s\u00e3o para trabalho em carga hor\u00e1ria de 44 horas semanais e sal\u00e1rio de R$ 2.323,12.<\/p>\n<p>&nbsp;<\/p>\n<p>As inscri\u00e7\u00f5es ser\u00e3o recebidas exclusivamente pela\u00a0<em>internet<\/em>, no\u00a0<em>site<\/em>\u00a0<a href=\"http:\/\/www.conscamweb.com.br\/\" data-saferedirecturl=\"https:\/\/www.google.com\/url?q=http:\/\/www.conscamweb.com.br&amp;source=gmail&amp;ust=1738770788103000&amp;usg=AOvVaw0VuZ0T7GRWeesPvWJRyV5d\">www.conscamweb.com.br<\/a>, at\u00e9 as 16 horas do dia 5 de mar\u00e7o. A taxa de inscri\u00e7\u00e3o para candidatos de ampla concorr\u00eancia \u00e9 de R$ 43.<\/p>\n<p>&nbsp;<\/p>\n<p>&nbsp;<\/p>\n<p><em>Por Daniel Torres<\/em><\/p>\n<p><em>Colaborou: Maria Fernanda Santini Frasson<\/em><\/p>\n","protected":false},"excerpt":{"rendered":"<p>O Centro Universit\u00e1rio de Adamantina (FAI) publicou nesta segunda-feira, 3, a retifica\u00e7\u00e3o do Edital de Concurso P\u00fablico n\u00ba 001\/2025 na qual apresenta a isen\u00e7\u00e3o do pagamento de taxa de inscri\u00e7\u00e3o a pessoas portadoras de defici\u00eancia ou mobilidade reduzida (PcD). Os pedidos de isen\u00e7\u00e3o, entretanto, ser\u00e3o recebidos somente at\u00e9 esta quinta-feira, dia 6. &nbsp; Para isso, [&hellip;]<\/p>\n","protected":false},"author":13,"featured_media":97346,"comment_status":"closed","ping_status":"open","sticky":false,"template":"","format":"standard","meta":{"_acf_changed":false,"_exactmetrics_skip_tracking":false,"_exactmetrics_sitenote_active":false,"_exactmetrics_sitenote_note":"","_exactmetrics_sitenote_category":0,"footnotes":""},"categories":[21,42],"tags":[],"class_list":["post-97345","post","type-post","status-publish","format-standard","has-post-thumbnail","hentry","category-adamantina","category-educacao"],"acf":[],"yoast_head":"<!-- This site is optimized with the Yoast SEO plugin v27.2 - https:\/\/yoast.com\/product\/yoast-seo-wordpress\/ -->\n<title>FAI concede isen\u00e7\u00e3o de pagamento de taxa de inscri\u00e7\u00e3o de concurso para Pessoa com Defici\u00eancia - R\u00e1dio Life FM<\/title>\n<meta name=\"robots\" content=\"index, follow, max-snippet:-1, max-image-preview:large, max-video-preview:-1\" \/>\n<link rel=\"canonical\" href=\"https:\/\/radiolifefm.com.br\/noticias\/fai-concede-isencao-de-pagamento-de-taxa-de-inscricao-de-concurso-para-pessoa-com-deficiencia\/\" \/>\n<meta property=\"og:locale\" content=\"pt_BR\" \/>\n<meta property=\"og:type\" content=\"article\" \/>\n<meta property=\"og:title\" content=\"FAI concede isen\u00e7\u00e3o de pagamento de taxa de inscri\u00e7\u00e3o de concurso para Pessoa com Defici\u00eancia - R\u00e1dio Life FM\" \/>\n<meta property=\"og:description\" content=\"O Centro Universit\u00e1rio de Adamantina (FAI) publicou nesta segunda-feira, 3, a retifica\u00e7\u00e3o do Edital de Concurso P\u00fablico n\u00ba 001\/2025 na qual apresenta a isen\u00e7\u00e3o do pagamento de taxa de inscri\u00e7\u00e3o a pessoas portadoras de defici\u00eancia ou mobilidade reduzida (PcD). Os pedidos de isen\u00e7\u00e3o, entretanto, ser\u00e3o recebidos somente at\u00e9 esta quinta-feira, dia 6. &nbsp; Para isso, [&hellip;]\" \/>\n<meta property=\"og:url\" content=\"https:\/\/radiolifefm.com.br\/noticias\/fai-concede-isencao-de-pagamento-de-taxa-de-inscricao-de-concurso-para-pessoa-com-deficiencia\/\" \/>\n<meta property=\"og:site_name\" content=\"R\u00e1dio Life FM\" \/>\n<meta property=\"article:publisher\" content=\"https:\/\/www.facebook.com\/radiolifefm\/\" \/>\n<meta property=\"article:published_time\" content=\"2025-02-04T15:58:06+00:00\" \/>\n<meta property=\"article:modified_time\" content=\"2026-04-13T20:33:53+00:00\" \/>\n<meta property=\"og:image\" content=\"https:\/\/radiolifefm.com.br\/noticias\/wp-content\/uploads\/2025\/02\/retificacao-edital_isencao-de-taxa_pcd.jpg\" \/>\n\t<meta property=\"og:image:width\" content=\"800\" \/>\n\t<meta property=\"og:image:height\" content=\"550\" \/>\n\t<meta property=\"og:image:type\" content=\"image\/jpeg\" \/>\n<meta name=\"author\" content=\"ritanery\" \/>\n<meta name=\"twitter:card\" content=\"summary_large_image\" \/>\n<meta name=\"twitter:label1\" content=\"Escrito por\" \/>\n\t<meta name=\"twitter:data1\" content=\"ritanery\" \/>\n\t<meta name=\"twitter:label2\" content=\"Est. tempo de leitura\" \/>\n\t<meta name=\"twitter:data2\" content=\"2 minutos\" \/>\n<script type=\"application\/ld+json\" class=\"yoast-schema-graph\">{\"@context\":\"https:\/\/schema.org\",\"@graph\":[{\"@type\":\"Article\",\"@id\":\"https:\/\/radiolifefm.com.br\/noticias\/fai-concede-isencao-de-pagamento-de-taxa-de-inscricao-de-concurso-para-pessoa-com-deficiencia\/#article\",\"isPartOf\":{\"@id\":\"https:\/\/radiolifefm.com.br\/noticias\/fai-concede-isencao-de-pagamento-de-taxa-de-inscricao-de-concurso-para-pessoa-com-deficiencia\/\"},\"author\":{\"name\":\"ritanery\",\"@id\":\"https:\/\/radiolifefm.com.br\/noticias\/#\/schema\/person\/6339b9fac59d12b071dec680d7375d87\"},\"headline\":\"FAI concede isen\u00e7\u00e3o de pagamento de taxa de inscri\u00e7\u00e3o de concurso para Pessoa com Defici\u00eancia\",\"datePublished\":\"2025-02-04T15:58:06+00:00\",\"dateModified\":\"2026-04-13T20:33:53+00:00\",\"mainEntityOfPage\":{\"@id\":\"https:\/\/radiolifefm.com.br\/noticias\/fai-concede-isencao-de-pagamento-de-taxa-de-inscricao-de-concurso-para-pessoa-com-deficiencia\/\"},\"wordCount\":362,\"publisher\":{\"@id\":\"https:\/\/radiolifefm.com.br\/noticias\/#organization\"},\"image\":{\"@id\":\"https:\/\/radiolifefm.com.br\/noticias\/fai-concede-isencao-de-pagamento-de-taxa-de-inscricao-de-concurso-para-pessoa-com-deficiencia\/#primaryimage\"},\"thumbnailUrl\":\"https:\/\/radiolifefm.com.br\/noticias\/wp-content\/uploads\/2025\/02\/retificacao-edital_isencao-de-taxa_pcd.jpg\",\"articleSection\":[\"Adamantina\",\"Educa\u00e7\u00e3o\"],\"inLanguage\":\"pt-BR\"},{\"@type\":\"WebPage\",\"@id\":\"https:\/\/radiolifefm.com.br\/noticias\/fai-concede-isencao-de-pagamento-de-taxa-de-inscricao-de-concurso-para-pessoa-com-deficiencia\/\",\"url\":\"https:\/\/radiolifefm.com.br\/noticias\/fai-concede-isencao-de-pagamento-de-taxa-de-inscricao-de-concurso-para-pessoa-com-deficiencia\/\",\"name\":\"FAI concede isen\u00e7\u00e3o de pagamento de taxa de inscri\u00e7\u00e3o de concurso para Pessoa com Defici\u00eancia - R\u00e1dio Life FM\",\"isPartOf\":{\"@id\":\"https:\/\/radiolifefm.com.br\/noticias\/#website\"},\"primaryImageOfPage\":{\"@id\":\"https:\/\/radiolifefm.com.br\/noticias\/fai-concede-isencao-de-pagamento-de-taxa-de-inscricao-de-concurso-para-pessoa-com-deficiencia\/#primaryimage\"},\"image\":{\"@id\":\"https:\/\/radiolifefm.com.br\/noticias\/fai-concede-isencao-de-pagamento-de-taxa-de-inscricao-de-concurso-para-pessoa-com-deficiencia\/#primaryimage\"},\"thumbnailUrl\":\"https:\/\/radiolifefm.com.br\/noticias\/wp-content\/uploads\/2025\/02\/retificacao-edital_isencao-de-taxa_pcd.jpg\",\"datePublished\":\"2025-02-04T15:58:06+00:00\",\"dateModified\":\"2026-04-13T20:33:53+00:00\",\"breadcrumb\":{\"@id\":\"https:\/\/radiolifefm.com.br\/noticias\/fai-concede-isencao-de-pagamento-de-taxa-de-inscricao-de-concurso-para-pessoa-com-deficiencia\/#breadcrumb\"},\"inLanguage\":\"pt-BR\",\"potentialAction\":[{\"@type\":\"ReadAction\",\"target\":[\"https:\/\/radiolifefm.com.br\/noticias\/fai-concede-isencao-de-pagamento-de-taxa-de-inscricao-de-concurso-para-pessoa-com-deficiencia\/\"]}]},{\"@type\":\"ImageObject\",\"inLanguage\":\"pt-BR\",\"@id\":\"https:\/\/radiolifefm.com.br\/noticias\/fai-concede-isencao-de-pagamento-de-taxa-de-inscricao-de-concurso-para-pessoa-com-deficiencia\/#primaryimage\",\"url\":\"https:\/\/radiolifefm.com.br\/noticias\/wp-content\/uploads\/2025\/02\/retificacao-edital_isencao-de-taxa_pcd.jpg\",\"contentUrl\":\"https:\/\/radiolifefm.com.br\/noticias\/wp-content\/uploads\/2025\/02\/retificacao-edital_isencao-de-taxa_pcd.jpg\",\"width\":800,\"height\":550,\"caption\":\"Os pedidos de isen\u00e7\u00e3o, entretanto, ser\u00e3o recebidos somente at\u00e9 esta quinta-feira, dia 6\"},{\"@type\":\"BreadcrumbList\",\"@id\":\"https:\/\/radiolifefm.com.br\/noticias\/fai-concede-isencao-de-pagamento-de-taxa-de-inscricao-de-concurso-para-pessoa-com-deficiencia\/#breadcrumb\",\"itemListElement\":[{\"@type\":\"ListItem\",\"position\":1,\"name\":\"In\u00edcio\",\"item\":\"https:\/\/radiolifefm.com.br\/noticias\/\"},{\"@type\":\"ListItem\",\"position\":2,\"name\":\"FAI concede isen\u00e7\u00e3o de pagamento de taxa de inscri\u00e7\u00e3o de concurso para Pessoa com Defici\u00eancia\"}]},{\"@type\":\"WebSite\",\"@id\":\"https:\/\/radiolifefm.com.br\/noticias\/#website\",\"url\":\"https:\/\/radiolifefm.com.br\/noticias\/\",\"name\":\"R\u00e1dio Life FM\",\"description\":\"O Portal de Not\u00edcias de Adamantina\",\"publisher\":{\"@id\":\"https:\/\/radiolifefm.com.br\/noticias\/#organization\"},\"alternateName\":\"Life FM\",\"potentialAction\":[{\"@type\":\"SearchAction\",\"target\":{\"@type\":\"EntryPoint\",\"urlTemplate\":\"https:\/\/radiolifefm.com.br\/noticias\/?s={search_term_string}\"},\"query-input\":{\"@type\":\"PropertyValueSpecification\",\"valueRequired\":true,\"valueName\":\"search_term_string\"}}],\"inLanguage\":\"pt-BR\"},{\"@type\":\"Organization\",\"@id\":\"https:\/\/radiolifefm.com.br\/noticias\/#organization\",\"name\":\"R\u00e1dio Life FM\",\"alternateName\":\"Life FM\",\"url\":\"https:\/\/radiolifefm.com.br\/noticias\/\",\"logo\":{\"@type\":\"ImageObject\",\"inLanguage\":\"pt-BR\",\"@id\":\"https:\/\/radiolifefm.com.br\/noticias\/#\/schema\/logo\/image\/\",\"url\":\"https:\/\/static.radiolifefm.com.br\/noticias\/wp-content\/uploads\/2019\/10\/logo-lifefm.png\",\"contentUrl\":\"https:\/\/static.radiolifefm.com.br\/noticias\/wp-content\/uploads\/2019\/10\/logo-lifefm.png\",\"width\":196,\"height\":47,\"caption\":\"R\u00e1dio Life FM\"},\"image\":{\"@id\":\"https:\/\/radiolifefm.com.br\/noticias\/#\/schema\/logo\/image\/\"},\"sameAs\":[\"https:\/\/www.facebook.com\/radiolifefm\/\",\"https:\/\/www.instagram.com\/life1079fm\/\"]},{\"@type\":\"Person\",\"@id\":\"https:\/\/radiolifefm.com.br\/noticias\/#\/schema\/person\/6339b9fac59d12b071dec680d7375d87\",\"name\":\"ritanery\",\"image\":{\"@type\":\"ImageObject\",\"inLanguage\":\"pt-BR\",\"@id\":\"https:\/\/secure.gravatar.com\/avatar\/0e37bb19071f47c0b8a23f62a903df117c5a0e75f65a0c2901562f97cd41cf86?s=96&d=mm&r=g\",\"url\":\"https:\/\/secure.gravatar.com\/avatar\/0e37bb19071f47c0b8a23f62a903df117c5a0e75f65a0c2901562f97cd41cf86?s=96&d=mm&r=g\",\"contentUrl\":\"https:\/\/secure.gravatar.com\/avatar\/0e37bb19071f47c0b8a23f62a903df117c5a0e75f65a0c2901562f97cd41cf86?s=96&d=mm&r=g\",\"caption\":\"ritanery\"}}]}<\/script>\n<!-- \/ Yoast SEO plugin. -->","yoast_head_json":{"title":"FAI concede isen\u00e7\u00e3o de pagamento de taxa de inscri\u00e7\u00e3o de concurso para Pessoa com Defici\u00eancia - R\u00e1dio Life FM","robots":{"index":"index","follow":"follow","max-snippet":"max-snippet:-1","max-image-preview":"max-image-preview:large","max-video-preview":"max-video-preview:-1"},"canonical":"https:\/\/radiolifefm.com.br\/noticias\/fai-concede-isencao-de-pagamento-de-taxa-de-inscricao-de-concurso-para-pessoa-com-deficiencia\/","og_locale":"pt_BR","og_type":"article","og_title":"FAI concede isen\u00e7\u00e3o de pagamento de taxa de inscri\u00e7\u00e3o de concurso para Pessoa com Defici\u00eancia - R\u00e1dio Life FM","og_description":"O Centro Universit\u00e1rio de Adamantina (FAI) publicou nesta segunda-feira, 3, a retifica\u00e7\u00e3o do Edital de Concurso P\u00fablico n\u00ba 001\/2025 na qual apresenta a isen\u00e7\u00e3o do pagamento de taxa de inscri\u00e7\u00e3o a pessoas portadoras de defici\u00eancia ou mobilidade reduzida (PcD). Os pedidos de isen\u00e7\u00e3o, entretanto, ser\u00e3o recebidos somente at\u00e9 esta quinta-feira, dia 6. &nbsp; Para isso, [&hellip;]","og_url":"https:\/\/radiolifefm.com.br\/noticias\/fai-concede-isencao-de-pagamento-de-taxa-de-inscricao-de-concurso-para-pessoa-com-deficiencia\/","og_site_name":"R\u00e1dio Life FM","article_publisher":"https:\/\/www.facebook.com\/radiolifefm\/","article_published_time":"2025-02-04T15:58:06+00:00","article_modified_time":"2026-04-13T20:33:53+00:00","og_image":[{"width":800,"height":550,"url":"https:\/\/radiolifefm.com.br\/noticias\/wp-content\/uploads\/2025\/02\/retificacao-edital_isencao-de-taxa_pcd.jpg","type":"image\/jpeg"}],"author":"ritanery","twitter_card":"summary_large_image","twitter_misc":{"Escrito por":"ritanery","Est. tempo de leitura":"2 minutos"},"schema":{"@context":"https:\/\/schema.org","@graph":[{"@type":"Article","@id":"https:\/\/radiolifefm.com.br\/noticias\/fai-concede-isencao-de-pagamento-de-taxa-de-inscricao-de-concurso-para-pessoa-com-deficiencia\/#article","isPartOf":{"@id":"https:\/\/radiolifefm.com.br\/noticias\/fai-concede-isencao-de-pagamento-de-taxa-de-inscricao-de-concurso-para-pessoa-com-deficiencia\/"},"author":{"name":"ritanery","@id":"https:\/\/radiolifefm.com.br\/noticias\/#\/schema\/person\/6339b9fac59d12b071dec680d7375d87"},"headline":"FAI concede isen\u00e7\u00e3o de pagamento de taxa de inscri\u00e7\u00e3o de concurso para Pessoa com Defici\u00eancia","datePublished":"2025-02-04T15:58:06+00:00","dateModified":"2026-04-13T20:33:53+00:00","mainEntityOfPage":{"@id":"https:\/\/radiolifefm.com.br\/noticias\/fai-concede-isencao-de-pagamento-de-taxa-de-inscricao-de-concurso-para-pessoa-com-deficiencia\/"},"wordCount":362,"publisher":{"@id":"https:\/\/radiolifefm.com.br\/noticias\/#organization"},"image":{"@id":"https:\/\/radiolifefm.com.br\/noticias\/fai-concede-isencao-de-pagamento-de-taxa-de-inscricao-de-concurso-para-pessoa-com-deficiencia\/#primaryimage"},"thumbnailUrl":"https:\/\/radiolifefm.com.br\/noticias\/wp-content\/uploads\/2025\/02\/retificacao-edital_isencao-de-taxa_pcd.jpg","articleSection":["Adamantina","Educa\u00e7\u00e3o"],"inLanguage":"pt-BR"},{"@type":"WebPage","@id":"https:\/\/radiolifefm.com.br\/noticias\/fai-concede-isencao-de-pagamento-de-taxa-de-inscricao-de-concurso-para-pessoa-com-deficiencia\/","url":"https:\/\/radiolifefm.com.br\/noticias\/fai-concede-isencao-de-pagamento-de-taxa-de-inscricao-de-concurso-para-pessoa-com-deficiencia\/","name":"FAI concede isen\u00e7\u00e3o de pagamento de taxa de inscri\u00e7\u00e3o de concurso para Pessoa com Defici\u00eancia - R\u00e1dio Life FM","isPartOf":{"@id":"https:\/\/radiolifefm.com.br\/noticias\/#website"},"primaryImageOfPage":{"@id":"https:\/\/radiolifefm.com.br\/noticias\/fai-concede-isencao-de-pagamento-de-taxa-de-inscricao-de-concurso-para-pessoa-com-deficiencia\/#primaryimage"},"image":{"@id":"https:\/\/radiolifefm.com.br\/noticias\/fai-concede-isencao-de-pagamento-de-taxa-de-inscricao-de-concurso-para-pessoa-com-deficiencia\/#primaryimage"},"thumbnailUrl":"https:\/\/radiolifefm.com.br\/noticias\/wp-content\/uploads\/2025\/02\/retificacao-edital_isencao-de-taxa_pcd.jpg","datePublished":"2025-02-04T15:58:06+00:00","dateModified":"2026-04-13T20:33:53+00:00","breadcrumb":{"@id":"https:\/\/radiolifefm.com.br\/noticias\/fai-concede-isencao-de-pagamento-de-taxa-de-inscricao-de-concurso-para-pessoa-com-deficiencia\/#breadcrumb"},"inLanguage":"pt-BR","potentialAction":[{"@type":"ReadAction","target":["https:\/\/radiolifefm.com.br\/noticias\/fai-concede-isencao-de-pagamento-de-taxa-de-inscricao-de-concurso-para-pessoa-com-deficiencia\/"]}]},{"@type":"ImageObject","inLanguage":"pt-BR","@id":"https:\/\/radiolifefm.com.br\/noticias\/fai-concede-isencao-de-pagamento-de-taxa-de-inscricao-de-concurso-para-pessoa-com-deficiencia\/#primaryimage","url":"https:\/\/radiolifefm.com.br\/noticias\/wp-content\/uploads\/2025\/02\/retificacao-edital_isencao-de-taxa_pcd.jpg","contentUrl":"https:\/\/radiolifefm.com.br\/noticias\/wp-content\/uploads\/2025\/02\/retificacao-edital_isencao-de-taxa_pcd.jpg","width":800,"height":550,"caption":"Os pedidos de isen\u00e7\u00e3o, entretanto, ser\u00e3o recebidos somente at\u00e9 esta quinta-feira, dia 6"},{"@type":"BreadcrumbList","@id":"https:\/\/radiolifefm.com.br\/noticias\/fai-concede-isencao-de-pagamento-de-taxa-de-inscricao-de-concurso-para-pessoa-com-deficiencia\/#breadcrumb","itemListElement":[{"@type":"ListItem","position":1,"name":"In\u00edcio","item":"https:\/\/radiolifefm.com.br\/noticias\/"},{"@type":"ListItem","position":2,"name":"FAI concede isen\u00e7\u00e3o de pagamento de taxa de inscri\u00e7\u00e3o de concurso para Pessoa com Defici\u00eancia"}]},{"@type":"WebSite","@id":"https:\/\/radiolifefm.com.br\/noticias\/#website","url":"https:\/\/radiolifefm.com.br\/noticias\/","name":"R\u00e1dio Life FM","description":"O Portal de Not\u00edcias de Adamantina","publisher":{"@id":"https:\/\/radiolifefm.com.br\/noticias\/#organization"},"alternateName":"Life FM","potentialAction":[{"@type":"SearchAction","target":{"@type":"EntryPoint","urlTemplate":"https:\/\/radiolifefm.com.br\/noticias\/?s={search_term_string}"},"query-input":{"@type":"PropertyValueSpecification","valueRequired":true,"valueName":"search_term_string"}}],"inLanguage":"pt-BR"},{"@type":"Organization","@id":"https:\/\/radiolifefm.com.br\/noticias\/#organization","name":"R\u00e1dio Life FM","alternateName":"Life FM","url":"https:\/\/radiolifefm.com.br\/noticias\/","logo":{"@type":"ImageObject","inLanguage":"pt-BR","@id":"https:\/\/radiolifefm.com.br\/noticias\/#\/schema\/logo\/image\/","url":"https:\/\/static.radiolifefm.com.br\/noticias\/wp-content\/uploads\/2019\/10\/logo-lifefm.png","contentUrl":"https:\/\/static.radiolifefm.com.br\/noticias\/wp-content\/uploads\/2019\/10\/logo-lifefm.png","width":196,"height":47,"caption":"R\u00e1dio Life FM"},"image":{"@id":"https:\/\/radiolifefm.com.br\/noticias\/#\/schema\/logo\/image\/"},"sameAs":["https:\/\/www.facebook.com\/radiolifefm\/","https:\/\/www.instagram.com\/life1079fm\/"]},{"@type":"Person","@id":"https:\/\/radiolifefm.com.br\/noticias\/#\/schema\/person\/6339b9fac59d12b071dec680d7375d87","name":"ritanery","image":{"@type":"ImageObject","inLanguage":"pt-BR","@id":"https:\/\/secure.gravatar.com\/avatar\/0e37bb19071f47c0b8a23f62a903df117c5a0e75f65a0c2901562f97cd41cf86?s=96&d=mm&r=g","url":"https:\/\/secure.gravatar.com\/avatar\/0e37bb19071f47c0b8a23f62a903df117c5a0e75f65a0c2901562f97cd41cf86?s=96&d=mm&r=g","contentUrl":"https:\/\/secure.gravatar.com\/avatar\/0e37bb19071f47c0b8a23f62a903df117c5a0e75f65a0c2901562f97cd41cf86?s=96&d=mm&r=g","caption":"ritanery"}}]}},"amp_enabled":true,"_links":{"self":[{"href":"https:\/\/radiolifefm.com.br\/noticias\/wp-json\/wp\/v2\/posts\/97345","targetHints":{"allow":["GET"]}}],"collection":[{"href":"https:\/\/radiolifefm.com.br\/noticias\/wp-json\/wp\/v2\/posts"}],"about":[{"href":"https:\/\/radiolifefm.com.br\/noticias\/wp-json\/wp\/v2\/types\/post"}],"author":[{"embeddable":true,"href":"https:\/\/radiolifefm.com.br\/noticias\/wp-json\/wp\/v2\/users\/13"}],"replies":[{"embeddable":true,"href":"https:\/\/radiolifefm.com.br\/noticias\/wp-json\/wp\/v2\/comments?post=97345"}],"version-history":[{"count":1,"href":"https:\/\/radiolifefm.com.br\/noticias\/wp-json\/wp\/v2\/posts\/97345\/revisions"}],"predecessor-version":[{"id":97347,"href":"https:\/\/radiolifefm.com.br\/noticias\/wp-json\/wp\/v2\/posts\/97345\/revisions\/97347"}],"wp:featuredmedia":[{"embeddable":true,"href":"https:\/\/radiolifefm.com.br\/noticias\/wp-json\/wp\/v2\/media\/97346"}],"wp:attachment":[{"href":"https:\/\/radiolifefm.com.br\/noticias\/wp-json\/wp\/v2\/media?parent=97345"}],"wp:term":[{"taxonomy":"category","embeddable":true,"href":"https:\/\/radiolifefm.com.br\/noticias\/wp-json\/wp\/v2\/categories?post=97345"},{"taxonomy":"post_tag","embeddable":true,"href":"https:\/\/radiolifefm.com.br\/noticias\/wp-json\/wp\/v2\/tags?post=97345"}],"curies":[{"name":"wp","href":"https:\/\/api.w.org\/{rel}","templated":true}]}}