{"id":97254,"date":"2025-02-03T07:54:19","date_gmt":"2025-02-03T10:54:19","guid":{"rendered":"https:\/\/radiolifefm.com.br\/noticias\/?p=97254"},"modified":"2026-04-21T13:23:22","modified_gmt":"2026-04-21T16:23:22","slug":"provincia-paredes-alvas-e-medicina","status":"publish","type":"post","link":"https:\/\/radiolifefm.com.br\/noticias\/provincia-paredes-alvas-e-medicina\/","title":{"rendered":"Prov\u00edncia, Paredes Alvas e Medicina&#8230;"},"content":{"rendered":"<div id=\"fb-root\"><\/div>\n<p><strong><em>\u201cSem organiza\u00e7\u00e3o n\u00e3o h\u00e1 otimiza\u00e7\u00e3o.\u201d (<\/em><\/strong><a href=\"https:\/\/www.pensador.com\/autor\/marinho_guzman\/\"><strong><em>Marinho Guzman<\/em><\/strong><\/a><strong><em>)<\/em><\/strong><\/p>\n<p><strong><em>\u00a0<\/em><\/strong><\/p>\n<p><strong><em>\u201cA organiza\u00e7\u00e3o do ser humano \u00e9 algo indispens\u00e1vel para o sucesso de qualquer projeto.\u201d (<\/em><\/strong><a href=\"https:\/\/www.pensador.com\/autor\/mercio_franklin\/\"><strong><em>M\u00e9rcio Franklin<\/em><\/strong><\/a><strong><em>)<\/em><\/strong><\/p>\n<p><strong><em>\u00a0<\/em><\/strong><\/p>\n<p><strong>By seb@r.<\/strong><\/p>\n<p>&nbsp;<\/p>\n<p>De acordo com not\u00edcias veiculadas pela M\u00cdDIA em n\u00edvel REGIONAL, a Prov\u00edncia de TUP\u00c3 vai receber autoriza\u00e7\u00e3o do MEC- Minist\u00e9rio da Educa\u00e7\u00e3o, ainda, para abrir um CURSO DE MEDICINA nesta ou naquela institui\u00e7\u00e3o&#8230;<\/p>\n<p>Al\u00e9m disto e mais aquilo, segundo outras informa\u00e7\u00f5es que circulam na esfera REGIOCAL, ou seja, do REGIONAL para o LOCAL em tempo de p\u00f3s-globaliza\u00e7\u00e3o ORGANIZACIONAL, em um raio de 300 km, ser\u00e3o 20 cursos de MEDICINA a serem oferecidos aos interessados\/as nesta \u00e1rea&#8230;<\/p>\n<p>Entre, MAR\u00cdLIA e PRESIDENTE PRUDENTE, ainda, passando por TUP\u00c3, ADAMANTINA e DRACENA, s\u00e3o CINCO CURSO DE MEDICINA, portanto, deve-se considerar que a COMPETIVIDADE quanto ao VALOR DAS MENSALIDADES deve fazer a diferen\u00e7a neste CEN\u00c1RIO um tanto quanto complicado&#8230;<\/p>\n<p>Neste CONTEXTO PLURAL, por\u00e9m, na perspectiva SINGULAR, cada INSTITUI\u00c7\u00c3O, entre as quais as PAREDES ALVAS, dever\u00e1 apresentar um REQUESITO FUNDAMENTAL nestes desencontros, ou seja, demonstrar por meio de A\u00c7\u00d5ES MERCADOL\u00d3GICAS o mais r\u00e1pido poss\u00edvel, o denominado DIFERENCIAL frente as outras e assim por diante&#8230;<\/p>\n<p>Entretanto, pra isto ou aquilo ser poss\u00edvel, faz-se necess\u00e1rio estar em CONEX\u00c3O com as NOVAS PROPOSTAS mediadas pelas A\u00c7\u00d5ES em n\u00edvel de MERCADO, por\u00e9m, por ter uma estrutura sob controle LIMITADO nestas atividades, deve-se considerar que as institui\u00e7\u00f5es PRIVADAS est\u00e3o muito al\u00e9m destas limita\u00e7\u00f5es&#8230;<\/p>\n<p>Tamb\u00e9m, a UNI\u00c3O FAZ A FOR\u00c7A, todavia, o cen\u00e1rio atual nesta \u00e1rea que envolve tantos cursos de MEDICINA, ainda, considerando o PERSOLISMO ACAD\u00caMICO que envolve DOCENTES E DISCENTES, tudo pode ocorrer daqui pra frente em ritmo acelerado para o preenchimento das respectivas VAGAS e ponto quase final&#8230;<\/p>\n<p>Desde o in\u00edcio do curso de MEDICINA nas PAREDES ALVAS, foram muitos os DESENCONTROS PATROCINADOS pela DIRE\u00c7\u00c3O naquele outro tempo deste tempo, basta lembrar das diversas MANIFESTA\u00c7\u00d5ES dos DISCENTES em busca de ALTERNATIVAS para suas REIVINDICA\u00c7\u00d5ES, bem como, lutando sempre pela QUALIFICA\u00c7\u00c3O ACAD\u00caMICA dos DOCENTES&#8230;<\/p>\n<p>Por isso e talvez aquilo, tais DESAFIOS est\u00e3o faz algum tempo em cima da MESA (sic) da DIRE\u00c7\u00c3O das PAREDES ALVAS, por\u00e9m, registra-se que daqui pra frente, n\u00e3o existe mais TEMPO neste TEMPO para DIVAGA\u00c7\u00d5ES DISPERSAS em n\u00edvel ACAD\u00caMICO, por\u00e9m, na perspectiva ORGANIZACIONAL DE MERCADO&#8230;<\/p>\n<p>QUEM SOBREVIVER VAI SABER&#8230;<\/p>\n<p>&nbsp;<\/p>\n<p>&nbsp;<\/p>\n<p><strong>e-mail: <\/strong><a href=\"mailto:barbosa.sebar@gmail.com\"><strong>barbosa.sebar@gmail.com<\/strong><\/a><\/p>\n","protected":false},"excerpt":{"rendered":"<p>\u201cSem organiza\u00e7\u00e3o n\u00e3o h\u00e1 otimiza\u00e7\u00e3o.\u201d (Marinho Guzman) \u00a0 \u201cA organiza\u00e7\u00e3o do ser humano \u00e9 algo indispens\u00e1vel para o sucesso de qualquer projeto.\u201d (M\u00e9rcio Franklin) \u00a0 By seb@r. &nbsp; De acordo com not\u00edcias veiculadas pela M\u00cdDIA em n\u00edvel REGIONAL, a Prov\u00edncia de TUP\u00c3 vai receber autoriza\u00e7\u00e3o do MEC- Minist\u00e9rio da Educa\u00e7\u00e3o, ainda, para abrir um CURSO [&hellip;]<\/p>\n","protected":false},"author":13,"featured_media":51988,"comment_status":"closed","ping_status":"open","sticky":false,"template":"","format":"standard","meta":{"_acf_changed":false,"_exactmetrics_skip_tracking":false,"_exactmetrics_sitenote_active":false,"_exactmetrics_sitenote_note":"","_exactmetrics_sitenote_category":0,"footnotes":""},"categories":[59],"tags":[],"class_list":["post-97254","post","type-post","status-publish","format-standard","has-post-thumbnail","hentry","category-opiniao"],"acf":[],"yoast_head":"<!-- This site is optimized with the Yoast SEO plugin v27.2 - https:\/\/yoast.com\/product\/yoast-seo-wordpress\/ -->\n<title>Prov\u00edncia, Paredes Alvas e Medicina... - R\u00e1dio Life FM<\/title>\n<meta name=\"robots\" content=\"index, follow, max-snippet:-1, max-image-preview:large, max-video-preview:-1\" \/>\n<link rel=\"canonical\" href=\"https:\/\/radiolifefm.com.br\/noticias\/provincia-paredes-alvas-e-medicina\/\" \/>\n<meta property=\"og:locale\" content=\"pt_BR\" \/>\n<meta property=\"og:type\" content=\"article\" \/>\n<meta property=\"og:title\" content=\"Prov\u00edncia, Paredes Alvas e Medicina... - R\u00e1dio Life FM\" \/>\n<meta property=\"og:description\" content=\"\u201cSem organiza\u00e7\u00e3o n\u00e3o h\u00e1 otimiza\u00e7\u00e3o.\u201d (Marinho Guzman) \u00a0 \u201cA organiza\u00e7\u00e3o do ser humano \u00e9 algo indispens\u00e1vel para o sucesso de qualquer projeto.\u201d (M\u00e9rcio Franklin) \u00a0 By seb@r. &nbsp; De acordo com not\u00edcias veiculadas pela M\u00cdDIA em n\u00edvel REGIONAL, a Prov\u00edncia de TUP\u00c3 vai receber autoriza\u00e7\u00e3o do MEC- Minist\u00e9rio da Educa\u00e7\u00e3o, ainda, para abrir um CURSO [&hellip;]\" \/>\n<meta property=\"og:url\" content=\"https:\/\/radiolifefm.com.br\/noticias\/provincia-paredes-alvas-e-medicina\/\" \/>\n<meta property=\"og:site_name\" content=\"R\u00e1dio Life FM\" \/>\n<meta property=\"article:publisher\" content=\"https:\/\/www.facebook.com\/radiolifefm\/\" \/>\n<meta property=\"article:published_time\" content=\"2025-02-03T10:54:19+00:00\" \/>\n<meta property=\"article:modified_time\" content=\"2026-04-21T16:23:22+00:00\" \/>\n<meta property=\"og:image\" content=\"https:\/\/radiolifefm.com.br\/noticias\/wp-content\/uploads\/2022\/04\/WhatsApp-Image-2022-04-10-at-18.43.02.jpeg\" \/>\n\t<meta property=\"og:image:width\" content=\"972\" \/>\n\t<meta property=\"og:image:height\" content=\"1296\" \/>\n\t<meta property=\"og:image:type\" content=\"image\/jpeg\" \/>\n<meta name=\"author\" content=\"ritanery\" \/>\n<meta name=\"twitter:card\" content=\"summary_large_image\" \/>\n<meta name=\"twitter:label1\" content=\"Escrito por\" \/>\n\t<meta name=\"twitter:data1\" content=\"ritanery\" \/>\n\t<meta name=\"twitter:label2\" content=\"Est. tempo de leitura\" \/>\n\t<meta name=\"twitter:data2\" content=\"3 minutos\" \/>\n<script type=\"application\/ld+json\" class=\"yoast-schema-graph\">{\"@context\":\"https:\/\/schema.org\",\"@graph\":[{\"@type\":\"Article\",\"@id\":\"https:\/\/radiolifefm.com.br\/noticias\/provincia-paredes-alvas-e-medicina\/#article\",\"isPartOf\":{\"@id\":\"https:\/\/radiolifefm.com.br\/noticias\/provincia-paredes-alvas-e-medicina\/\"},\"author\":{\"name\":\"ritanery\",\"@id\":\"https:\/\/radiolifefm.com.br\/noticias\/#\/schema\/person\/6339b9fac59d12b071dec680d7375d87\"},\"headline\":\"Prov\u00edncia, Paredes Alvas e Medicina&#8230;\",\"datePublished\":\"2025-02-03T10:54:19+00:00\",\"dateModified\":\"2026-04-21T16:23:22+00:00\",\"mainEntityOfPage\":{\"@id\":\"https:\/\/radiolifefm.com.br\/noticias\/provincia-paredes-alvas-e-medicina\/\"},\"wordCount\":439,\"publisher\":{\"@id\":\"https:\/\/radiolifefm.com.br\/noticias\/#organization\"},\"image\":{\"@id\":\"https:\/\/radiolifefm.com.br\/noticias\/provincia-paredes-alvas-e-medicina\/#primaryimage\"},\"thumbnailUrl\":\"https:\/\/radiolifefm.com.br\/noticias\/wp-content\/uploads\/2022\/04\/WhatsApp-Image-2022-04-10-at-18.43.02.jpeg\",\"articleSection\":[\"Opini\u00e3o\"],\"inLanguage\":\"pt-BR\"},{\"@type\":\"WebPage\",\"@id\":\"https:\/\/radiolifefm.com.br\/noticias\/provincia-paredes-alvas-e-medicina\/\",\"url\":\"https:\/\/radiolifefm.com.br\/noticias\/provincia-paredes-alvas-e-medicina\/\",\"name\":\"Prov\u00edncia, Paredes Alvas e Medicina... - R\u00e1dio Life FM\",\"isPartOf\":{\"@id\":\"https:\/\/radiolifefm.com.br\/noticias\/#website\"},\"primaryImageOfPage\":{\"@id\":\"https:\/\/radiolifefm.com.br\/noticias\/provincia-paredes-alvas-e-medicina\/#primaryimage\"},\"image\":{\"@id\":\"https:\/\/radiolifefm.com.br\/noticias\/provincia-paredes-alvas-e-medicina\/#primaryimage\"},\"thumbnailUrl\":\"https:\/\/radiolifefm.com.br\/noticias\/wp-content\/uploads\/2022\/04\/WhatsApp-Image-2022-04-10-at-18.43.02.jpeg\",\"datePublished\":\"2025-02-03T10:54:19+00:00\",\"dateModified\":\"2026-04-21T16:23:22+00:00\",\"breadcrumb\":{\"@id\":\"https:\/\/radiolifefm.com.br\/noticias\/provincia-paredes-alvas-e-medicina\/#breadcrumb\"},\"inLanguage\":\"pt-BR\",\"potentialAction\":[{\"@type\":\"ReadAction\",\"target\":[\"https:\/\/radiolifefm.com.br\/noticias\/provincia-paredes-alvas-e-medicina\/\"]}]},{\"@type\":\"ImageObject\",\"inLanguage\":\"pt-BR\",\"@id\":\"https:\/\/radiolifefm.com.br\/noticias\/provincia-paredes-alvas-e-medicina\/#primaryimage\",\"url\":\"https:\/\/radiolifefm.com.br\/noticias\/wp-content\/uploads\/2022\/04\/WhatsApp-Image-2022-04-10-at-18.43.02.jpeg\",\"contentUrl\":\"https:\/\/radiolifefm.com.br\/noticias\/wp-content\/uploads\/2022\/04\/WhatsApp-Image-2022-04-10-at-18.43.02.jpeg\",\"width\":972,\"height\":1296,\"caption\":\"S\u00e9rgio Barbosa\"},{\"@type\":\"BreadcrumbList\",\"@id\":\"https:\/\/radiolifefm.com.br\/noticias\/provincia-paredes-alvas-e-medicina\/#breadcrumb\",\"itemListElement\":[{\"@type\":\"ListItem\",\"position\":1,\"name\":\"In\u00edcio\",\"item\":\"https:\/\/radiolifefm.com.br\/noticias\/\"},{\"@type\":\"ListItem\",\"position\":2,\"name\":\"Prov\u00edncia, Paredes Alvas e Medicina&#8230;\"}]},{\"@type\":\"WebSite\",\"@id\":\"https:\/\/radiolifefm.com.br\/noticias\/#website\",\"url\":\"https:\/\/radiolifefm.com.br\/noticias\/\",\"name\":\"R\u00e1dio Life FM\",\"description\":\"O Portal de Not\u00edcias de Adamantina\",\"publisher\":{\"@id\":\"https:\/\/radiolifefm.com.br\/noticias\/#organization\"},\"alternateName\":\"Life FM\",\"potentialAction\":[{\"@type\":\"SearchAction\",\"target\":{\"@type\":\"EntryPoint\",\"urlTemplate\":\"https:\/\/radiolifefm.com.br\/noticias\/?s={search_term_string}\"},\"query-input\":{\"@type\":\"PropertyValueSpecification\",\"valueRequired\":true,\"valueName\":\"search_term_string\"}}],\"inLanguage\":\"pt-BR\"},{\"@type\":\"Organization\",\"@id\":\"https:\/\/radiolifefm.com.br\/noticias\/#organization\",\"name\":\"R\u00e1dio Life FM\",\"alternateName\":\"Life FM\",\"url\":\"https:\/\/radiolifefm.com.br\/noticias\/\",\"logo\":{\"@type\":\"ImageObject\",\"inLanguage\":\"pt-BR\",\"@id\":\"https:\/\/radiolifefm.com.br\/noticias\/#\/schema\/logo\/image\/\",\"url\":\"https:\/\/static.radiolifefm.com.br\/noticias\/wp-content\/uploads\/2019\/10\/logo-lifefm.png\",\"contentUrl\":\"https:\/\/static.radiolifefm.com.br\/noticias\/wp-content\/uploads\/2019\/10\/logo-lifefm.png\",\"width\":196,\"height\":47,\"caption\":\"R\u00e1dio Life FM\"},\"image\":{\"@id\":\"https:\/\/radiolifefm.com.br\/noticias\/#\/schema\/logo\/image\/\"},\"sameAs\":[\"https:\/\/www.facebook.com\/radiolifefm\/\",\"https:\/\/www.instagram.com\/life1079fm\/\"]},{\"@type\":\"Person\",\"@id\":\"https:\/\/radiolifefm.com.br\/noticias\/#\/schema\/person\/6339b9fac59d12b071dec680d7375d87\",\"name\":\"ritanery\",\"image\":{\"@type\":\"ImageObject\",\"inLanguage\":\"pt-BR\",\"@id\":\"https:\/\/secure.gravatar.com\/avatar\/0e37bb19071f47c0b8a23f62a903df117c5a0e75f65a0c2901562f97cd41cf86?s=96&d=mm&r=g\",\"url\":\"https:\/\/secure.gravatar.com\/avatar\/0e37bb19071f47c0b8a23f62a903df117c5a0e75f65a0c2901562f97cd41cf86?s=96&d=mm&r=g\",\"contentUrl\":\"https:\/\/secure.gravatar.com\/avatar\/0e37bb19071f47c0b8a23f62a903df117c5a0e75f65a0c2901562f97cd41cf86?s=96&d=mm&r=g\",\"caption\":\"ritanery\"}}]}<\/script>\n<!-- \/ Yoast SEO plugin. -->","yoast_head_json":{"title":"Prov\u00edncia, Paredes Alvas e Medicina... - R\u00e1dio Life FM","robots":{"index":"index","follow":"follow","max-snippet":"max-snippet:-1","max-image-preview":"max-image-preview:large","max-video-preview":"max-video-preview:-1"},"canonical":"https:\/\/radiolifefm.com.br\/noticias\/provincia-paredes-alvas-e-medicina\/","og_locale":"pt_BR","og_type":"article","og_title":"Prov\u00edncia, Paredes Alvas e Medicina... - R\u00e1dio Life FM","og_description":"\u201cSem organiza\u00e7\u00e3o n\u00e3o h\u00e1 otimiza\u00e7\u00e3o.\u201d (Marinho Guzman) \u00a0 \u201cA organiza\u00e7\u00e3o do ser humano \u00e9 algo indispens\u00e1vel para o sucesso de qualquer projeto.\u201d (M\u00e9rcio Franklin) \u00a0 By seb@r. &nbsp; De acordo com not\u00edcias veiculadas pela M\u00cdDIA em n\u00edvel REGIONAL, a Prov\u00edncia de TUP\u00c3 vai receber autoriza\u00e7\u00e3o do MEC- Minist\u00e9rio da Educa\u00e7\u00e3o, ainda, para abrir um CURSO [&hellip;]","og_url":"https:\/\/radiolifefm.com.br\/noticias\/provincia-paredes-alvas-e-medicina\/","og_site_name":"R\u00e1dio Life FM","article_publisher":"https:\/\/www.facebook.com\/radiolifefm\/","article_published_time":"2025-02-03T10:54:19+00:00","article_modified_time":"2026-04-21T16:23:22+00:00","og_image":[{"width":972,"height":1296,"url":"https:\/\/radiolifefm.com.br\/noticias\/wp-content\/uploads\/2022\/04\/WhatsApp-Image-2022-04-10-at-18.43.02.jpeg","type":"image\/jpeg"}],"author":"ritanery","twitter_card":"summary_large_image","twitter_misc":{"Escrito por":"ritanery","Est. tempo de leitura":"3 minutos"},"schema":{"@context":"https:\/\/schema.org","@graph":[{"@type":"Article","@id":"https:\/\/radiolifefm.com.br\/noticias\/provincia-paredes-alvas-e-medicina\/#article","isPartOf":{"@id":"https:\/\/radiolifefm.com.br\/noticias\/provincia-paredes-alvas-e-medicina\/"},"author":{"name":"ritanery","@id":"https:\/\/radiolifefm.com.br\/noticias\/#\/schema\/person\/6339b9fac59d12b071dec680d7375d87"},"headline":"Prov\u00edncia, Paredes Alvas e Medicina&#8230;","datePublished":"2025-02-03T10:54:19+00:00","dateModified":"2026-04-21T16:23:22+00:00","mainEntityOfPage":{"@id":"https:\/\/radiolifefm.com.br\/noticias\/provincia-paredes-alvas-e-medicina\/"},"wordCount":439,"publisher":{"@id":"https:\/\/radiolifefm.com.br\/noticias\/#organization"},"image":{"@id":"https:\/\/radiolifefm.com.br\/noticias\/provincia-paredes-alvas-e-medicina\/#primaryimage"},"thumbnailUrl":"https:\/\/radiolifefm.com.br\/noticias\/wp-content\/uploads\/2022\/04\/WhatsApp-Image-2022-04-10-at-18.43.02.jpeg","articleSection":["Opini\u00e3o"],"inLanguage":"pt-BR"},{"@type":"WebPage","@id":"https:\/\/radiolifefm.com.br\/noticias\/provincia-paredes-alvas-e-medicina\/","url":"https:\/\/radiolifefm.com.br\/noticias\/provincia-paredes-alvas-e-medicina\/","name":"Prov\u00edncia, Paredes Alvas e Medicina... - R\u00e1dio Life FM","isPartOf":{"@id":"https:\/\/radiolifefm.com.br\/noticias\/#website"},"primaryImageOfPage":{"@id":"https:\/\/radiolifefm.com.br\/noticias\/provincia-paredes-alvas-e-medicina\/#primaryimage"},"image":{"@id":"https:\/\/radiolifefm.com.br\/noticias\/provincia-paredes-alvas-e-medicina\/#primaryimage"},"thumbnailUrl":"https:\/\/radiolifefm.com.br\/noticias\/wp-content\/uploads\/2022\/04\/WhatsApp-Image-2022-04-10-at-18.43.02.jpeg","datePublished":"2025-02-03T10:54:19+00:00","dateModified":"2026-04-21T16:23:22+00:00","breadcrumb":{"@id":"https:\/\/radiolifefm.com.br\/noticias\/provincia-paredes-alvas-e-medicina\/#breadcrumb"},"inLanguage":"pt-BR","potentialAction":[{"@type":"ReadAction","target":["https:\/\/radiolifefm.com.br\/noticias\/provincia-paredes-alvas-e-medicina\/"]}]},{"@type":"ImageObject","inLanguage":"pt-BR","@id":"https:\/\/radiolifefm.com.br\/noticias\/provincia-paredes-alvas-e-medicina\/#primaryimage","url":"https:\/\/radiolifefm.com.br\/noticias\/wp-content\/uploads\/2022\/04\/WhatsApp-Image-2022-04-10-at-18.43.02.jpeg","contentUrl":"https:\/\/radiolifefm.com.br\/noticias\/wp-content\/uploads\/2022\/04\/WhatsApp-Image-2022-04-10-at-18.43.02.jpeg","width":972,"height":1296,"caption":"S\u00e9rgio Barbosa"},{"@type":"BreadcrumbList","@id":"https:\/\/radiolifefm.com.br\/noticias\/provincia-paredes-alvas-e-medicina\/#breadcrumb","itemListElement":[{"@type":"ListItem","position":1,"name":"In\u00edcio","item":"https:\/\/radiolifefm.com.br\/noticias\/"},{"@type":"ListItem","position":2,"name":"Prov\u00edncia, Paredes Alvas e Medicina&#8230;"}]},{"@type":"WebSite","@id":"https:\/\/radiolifefm.com.br\/noticias\/#website","url":"https:\/\/radiolifefm.com.br\/noticias\/","name":"R\u00e1dio Life FM","description":"O Portal de Not\u00edcias de Adamantina","publisher":{"@id":"https:\/\/radiolifefm.com.br\/noticias\/#organization"},"alternateName":"Life FM","potentialAction":[{"@type":"SearchAction","target":{"@type":"EntryPoint","urlTemplate":"https:\/\/radiolifefm.com.br\/noticias\/?s={search_term_string}"},"query-input":{"@type":"PropertyValueSpecification","valueRequired":true,"valueName":"search_term_string"}}],"inLanguage":"pt-BR"},{"@type":"Organization","@id":"https:\/\/radiolifefm.com.br\/noticias\/#organization","name":"R\u00e1dio Life FM","alternateName":"Life FM","url":"https:\/\/radiolifefm.com.br\/noticias\/","logo":{"@type":"ImageObject","inLanguage":"pt-BR","@id":"https:\/\/radiolifefm.com.br\/noticias\/#\/schema\/logo\/image\/","url":"https:\/\/static.radiolifefm.com.br\/noticias\/wp-content\/uploads\/2019\/10\/logo-lifefm.png","contentUrl":"https:\/\/static.radiolifefm.com.br\/noticias\/wp-content\/uploads\/2019\/10\/logo-lifefm.png","width":196,"height":47,"caption":"R\u00e1dio Life FM"},"image":{"@id":"https:\/\/radiolifefm.com.br\/noticias\/#\/schema\/logo\/image\/"},"sameAs":["https:\/\/www.facebook.com\/radiolifefm\/","https:\/\/www.instagram.com\/life1079fm\/"]},{"@type":"Person","@id":"https:\/\/radiolifefm.com.br\/noticias\/#\/schema\/person\/6339b9fac59d12b071dec680d7375d87","name":"ritanery","image":{"@type":"ImageObject","inLanguage":"pt-BR","@id":"https:\/\/secure.gravatar.com\/avatar\/0e37bb19071f47c0b8a23f62a903df117c5a0e75f65a0c2901562f97cd41cf86?s=96&d=mm&r=g","url":"https:\/\/secure.gravatar.com\/avatar\/0e37bb19071f47c0b8a23f62a903df117c5a0e75f65a0c2901562f97cd41cf86?s=96&d=mm&r=g","contentUrl":"https:\/\/secure.gravatar.com\/avatar\/0e37bb19071f47c0b8a23f62a903df117c5a0e75f65a0c2901562f97cd41cf86?s=96&d=mm&r=g","caption":"ritanery"}}]}},"amp_enabled":true,"_links":{"self":[{"href":"https:\/\/radiolifefm.com.br\/noticias\/wp-json\/wp\/v2\/posts\/97254","targetHints":{"allow":["GET"]}}],"collection":[{"href":"https:\/\/radiolifefm.com.br\/noticias\/wp-json\/wp\/v2\/posts"}],"about":[{"href":"https:\/\/radiolifefm.com.br\/noticias\/wp-json\/wp\/v2\/types\/post"}],"author":[{"embeddable":true,"href":"https:\/\/radiolifefm.com.br\/noticias\/wp-json\/wp\/v2\/users\/13"}],"replies":[{"embeddable":true,"href":"https:\/\/radiolifefm.com.br\/noticias\/wp-json\/wp\/v2\/comments?post=97254"}],"version-history":[{"count":1,"href":"https:\/\/radiolifefm.com.br\/noticias\/wp-json\/wp\/v2\/posts\/97254\/revisions"}],"predecessor-version":[{"id":97255,"href":"https:\/\/radiolifefm.com.br\/noticias\/wp-json\/wp\/v2\/posts\/97254\/revisions\/97255"}],"wp:featuredmedia":[{"embeddable":true,"href":"https:\/\/radiolifefm.com.br\/noticias\/wp-json\/wp\/v2\/media\/51988"}],"wp:attachment":[{"href":"https:\/\/radiolifefm.com.br\/noticias\/wp-json\/wp\/v2\/media?parent=97254"}],"wp:term":[{"taxonomy":"category","embeddable":true,"href":"https:\/\/radiolifefm.com.br\/noticias\/wp-json\/wp\/v2\/categories?post=97254"},{"taxonomy":"post_tag","embeddable":true,"href":"https:\/\/radiolifefm.com.br\/noticias\/wp-json\/wp\/v2\/tags?post=97254"}],"curies":[{"name":"wp","href":"https:\/\/api.w.org\/{rel}","templated":true}]}}