{"id":97120,"date":"2025-01-31T09:01:13","date_gmt":"2025-01-31T12:01:13","guid":{"rendered":"https:\/\/radiolifefm.com.br\/noticias\/?p=97120"},"modified":"2026-04-16T14:51:13","modified_gmt":"2026-04-16T17:51:13","slug":"almeida-antunes-sartre-fuentes-e-dostoievski-in-memorias-judas-nausea-campanha-e-castigo-2","status":"publish","type":"post","link":"https:\/\/radiolifefm.com.br\/noticias\/almeida-antunes-sartre-fuentes-e-dostoievski-in-memorias-judas-nausea-campanha-e-castigo-2\/","title":{"rendered":"ALMEIDA, ANTUNES, SARTRE, FUENTES e DOSTOI\u00c9VSKI in Mem\u00f3rias, Judas, N\u00e1usea, Campanha e Castigo&#8230;"},"content":{"rendered":"<div id=\"fb-root\"><\/div>\n<p><strong><em>\u201cVou deixar algumas frases incompletas e viver a simplicidade do \u00f3bvio. Vou descartar complexidades que sempre me fascinaram. Quem sabe assim diminuo minha ansiedade e consigo me tornar mais leve.\u201d (Luiz Machado)<\/em><\/strong><\/p>\n<p><strong>\u00a0<\/strong><\/p>\n<p><strong>By seb@r.<\/strong><\/p>\n<p>&nbsp;<\/p>\n<p>Fico aqui pensando com os meus BOT\u00d5ES (sic), por\u00e9m, s\u00f3 ando de CAMISETAS, ainda, SEM MANGAS e de vez em quando, ainda, quando o CLIMA PERMITE, de CAMISETAS de cores diversas, entre as quais, PRETA com ESTAMPAS focadas no ROCK CL\u00c1SSICO&#8230;<\/p>\n<p>Mas, voltando aos BOT\u00d5ES, entendo que neste meio do caminho, acabei encontrando um tal de SARGENTO DE MIL\u00cdCIAS que estava sempre com o MANUEL ANTONIO, por\u00e9m, acabei deixando de lado por n\u00e3o entender isto e mais aquilo&#8230;<\/p>\n<p>Tamb\u00e9m, neste meio tempo deste mesmo tempo, apareceu o ANT\u00d3NIO LOBO com OS CUS, isso mesmo, todavia, pra mim, ficou tudo muito confuso e acabei deixando de lado por causa DE JUDAS&#8230;<\/p>\n<p>O interessante nestes OCASOS DE UM TALVEZ, quem deu as caras deste lado foi J.P., isso mesmo, pelo dito que n\u00e3o estava dito, acabou trocando a MELANCOLIA por um outro t\u00edtulo mais de acordo com os seus ESCRITOS, mesmo assim, esta leitura, tamb\u00e9m, ficou no meio do caminho da literatura&#8230;<\/p>\n<p>Pode-se escrever que foram muitas tentativas para tentar ao menos, talvez, um mais sobre o outro lado, conversar com o CARLOS sobre a tal CAMPANHA, por\u00e9m, infelizmente n\u00e3o foi poss\u00edvel concluir a LEITURA para saber quem conseguiu chegar do outro lado&#8230;<\/p>\n<p>De todos os CITADOS aqui, devo reconhecer que o AUTOR do cl\u00e1ssico mundial e com registros que est\u00e3o al\u00e9m deste tempo do tempo, ou seja, aquele do CRIME que est\u00e1 atrelado ao CASTIGO..<\/p>\n<p>Confesso que neste momento, isso \u00e9, quando do meu lado est\u00e1 tudo no MAIS para o MENOS, tais LEITURAS registradas neste texto, ficaram INCOMPLETAS, ainda, acredito que todas pelo mesmo MOTIVO PESSOAL, entretanto, tais motiva\u00e7\u00f5es n\u00e3o vem ao caso neste momento&#8230;<\/p>\n<p>De um jeito ou de outro, RECOMENDO todas as OBRAS aqui CITADAS com seus respectivos AUTORES, desta forma, apenas VOC\u00ca vai saber se isto ou mais aquilo, estar\u00e1 de acordo com as minhas CONSIDERA\u00c7\u00d5ES registradas neste texto&#8230;<\/p>\n<p>Como disse o PENSADOR daquele outro tempo deste tempo, NADA PODE SER PARA SEMPRE, haja vista que cada MOMENTO pode ser \u00daNICO para ambos os LADOS de uma mesma LEITURA por meio da REFLEX\u00c3O individual&#8230;<\/p>\n<p>QUE VOC\u00ca POSSA ESTAR EM SINTONIA COM SUAS LEITURAS AFINS AOS SEUS INTERESSES, TAMB\u00c9M, PARA MUITAS REFLEX\u00d5ES SOBRE SI MESMO\/A&#8230;<\/p>\n<p>&nbsp;<\/p>\n<p>&nbsp;<\/p>\n<p><strong>e-mail: <\/strong><a href=\"mailto:barbosa.sebar@gmail.com\"><strong>barbosa.sebar@gmail.com<\/strong><\/a><\/p>\n<div class='flex flex-wrap items-center -mx-1'>\r\n<a class='thumbnail gallery p-1 w-1\/2 md:w-1\/4' href='https:\/\/radiolifefm.com.br\/noticias\/wp-content\/uploads\/2025\/01\/WhatsApp-Image-2025-01-31-at-08.51.47-1.jpeg'><img class='border border-white' src='https:\/\/radiolifefm.com.br\/noticias\/wp-content\/uploads\/2025\/01\/WhatsApp-Image-2025-01-31-at-08.51.47-1-200x200.jpeg' alt='WhatsApp Image 2025 01 31 At 08.51.47 (1)' \/><\/a><a class='thumbnail gallery p-1 w-1\/2 md:w-1\/4' href='https:\/\/radiolifefm.com.br\/noticias\/wp-content\/uploads\/2025\/01\/WhatsApp-Image-2025-01-31-at-08.51.47-2.jpeg'><img class='border border-white' src='https:\/\/radiolifefm.com.br\/noticias\/wp-content\/uploads\/2025\/01\/WhatsApp-Image-2025-01-31-at-08.51.47-2-200x200.jpeg' alt='WhatsApp Image 2025 01 31 At 08.51.47 (2)' \/><\/a><a class='thumbnail gallery p-1 w-1\/2 md:w-1\/4' href='https:\/\/radiolifefm.com.br\/noticias\/wp-content\/uploads\/2025\/01\/WhatsApp-Image-2025-01-31-at-08.51.47-3.jpeg'><img class='border border-white' src='https:\/\/radiolifefm.com.br\/noticias\/wp-content\/uploads\/2025\/01\/WhatsApp-Image-2025-01-31-at-08.51.47-3-200x200.jpeg' alt='WhatsApp Image 2025 01 31 At 08.51.47 (3)' \/><\/a><a class='thumbnail gallery p-1 w-1\/2 md:w-1\/4' href='https:\/\/radiolifefm.com.br\/noticias\/wp-content\/uploads\/2025\/01\/WhatsApp-Image-2025-01-31-at-08.51.47.jpeg'><img class='border border-white' src='https:\/\/radiolifefm.com.br\/noticias\/wp-content\/uploads\/2025\/01\/WhatsApp-Image-2025-01-31-at-08.51.47-200x200.jpeg' alt='WhatsApp Image 2025 01 31 At 08.51.47' \/><\/a><a class='thumbnail gallery p-1 w-1\/2 md:w-1\/4' href='https:\/\/radiolifefm.com.br\/noticias\/wp-content\/uploads\/2025\/01\/WhatsApp-Image-2025-01-31-at-08.51.48.jpeg'><img class='border border-white' src='https:\/\/radiolifefm.com.br\/noticias\/wp-content\/uploads\/2025\/01\/WhatsApp-Image-2025-01-31-at-08.51.48-200x200.jpeg' alt='WhatsApp Image 2025 01 31 At 08.51.48' \/><\/a><\/div>\n","protected":false},"excerpt":{"rendered":"<p>\u201cVou deixar algumas frases incompletas e viver a simplicidade do \u00f3bvio. Vou descartar complexidades que sempre me fascinaram. Quem sabe assim diminuo minha ansiedade e consigo me tornar mais leve.\u201d (Luiz Machado) \u00a0 By seb@r. &nbsp; Fico aqui pensando com os meus BOT\u00d5ES (sic), por\u00e9m, s\u00f3 ando de CAMISETAS, ainda, SEM MANGAS e de vez [&hellip;]<\/p>\n","protected":false},"author":13,"featured_media":97121,"comment_status":"closed","ping_status":"open","sticky":false,"template":"","format":"standard","meta":{"_acf_changed":false,"_exactmetrics_skip_tracking":false,"_exactmetrics_sitenote_active":false,"_exactmetrics_sitenote_note":"","_exactmetrics_sitenote_category":0,"footnotes":""},"categories":[59],"tags":[],"class_list":["post-97120","post","type-post","status-publish","format-standard","has-post-thumbnail","hentry","category-opiniao"],"acf":[],"yoast_head":"<!-- This site is optimized with the Yoast SEO plugin v27.2 - https:\/\/yoast.com\/product\/yoast-seo-wordpress\/ -->\n<title>ALMEIDA, ANTUNES, SARTRE, FUENTES e DOSTOI\u00c9VSKI in Mem\u00f3rias, Judas, N\u00e1usea, Campanha e Castigo... - R\u00e1dio Life FM<\/title>\n<meta name=\"robots\" content=\"index, follow, max-snippet:-1, max-image-preview:large, max-video-preview:-1\" \/>\n<link rel=\"canonical\" href=\"https:\/\/radiolifefm.com.br\/noticias\/almeida-antunes-sartre-fuentes-e-dostoievski-in-memorias-judas-nausea-campanha-e-castigo-2\/\" \/>\n<meta property=\"og:locale\" content=\"pt_BR\" \/>\n<meta property=\"og:type\" content=\"article\" \/>\n<meta property=\"og:title\" content=\"ALMEIDA, ANTUNES, SARTRE, FUENTES e DOSTOI\u00c9VSKI in Mem\u00f3rias, Judas, N\u00e1usea, Campanha e Castigo... - R\u00e1dio Life FM\" \/>\n<meta property=\"og:description\" content=\"\u201cVou deixar algumas frases incompletas e viver a simplicidade do \u00f3bvio. Vou descartar complexidades que sempre me fascinaram. Quem sabe assim diminuo minha ansiedade e consigo me tornar mais leve.\u201d (Luiz Machado) \u00a0 By seb@r. &nbsp; Fico aqui pensando com os meus BOT\u00d5ES (sic), por\u00e9m, s\u00f3 ando de CAMISETAS, ainda, SEM MANGAS e de vez [&hellip;]\" \/>\n<meta property=\"og:url\" content=\"https:\/\/radiolifefm.com.br\/noticias\/almeida-antunes-sartre-fuentes-e-dostoievski-in-memorias-judas-nausea-campanha-e-castigo-2\/\" \/>\n<meta property=\"og:site_name\" content=\"R\u00e1dio Life FM\" \/>\n<meta property=\"article:publisher\" content=\"https:\/\/www.facebook.com\/radiolifefm\/\" \/>\n<meta property=\"article:published_time\" content=\"2025-01-31T12:01:13+00:00\" \/>\n<meta property=\"article:modified_time\" content=\"2026-04-16T17:51:13+00:00\" \/>\n<meta property=\"og:image\" content=\"https:\/\/radiolifefm.com.br\/noticias\/wp-content\/uploads\/2025\/01\/WhatsApp-Image-2025-01-31-at-08.50.37.jpeg\" \/>\n\t<meta property=\"og:image:width\" content=\"1600\" \/>\n\t<meta property=\"og:image:height\" content=\"1200\" \/>\n\t<meta property=\"og:image:type\" content=\"image\/jpeg\" \/>\n<meta name=\"author\" content=\"ritanery\" \/>\n<meta name=\"twitter:card\" content=\"summary_large_image\" \/>\n<meta name=\"twitter:label1\" content=\"Escrito por\" \/>\n\t<meta name=\"twitter:data1\" content=\"ritanery\" \/>\n\t<meta name=\"twitter:label2\" content=\"Est. tempo de leitura\" \/>\n\t<meta name=\"twitter:data2\" content=\"3 minutos\" \/>\n<script type=\"application\/ld+json\" class=\"yoast-schema-graph\">{\"@context\":\"https:\/\/schema.org\",\"@graph\":[{\"@type\":\"Article\",\"@id\":\"https:\/\/radiolifefm.com.br\/noticias\/almeida-antunes-sartre-fuentes-e-dostoievski-in-memorias-judas-nausea-campanha-e-castigo-2\/#article\",\"isPartOf\":{\"@id\":\"https:\/\/radiolifefm.com.br\/noticias\/almeida-antunes-sartre-fuentes-e-dostoievski-in-memorias-judas-nausea-campanha-e-castigo-2\/\"},\"author\":{\"name\":\"ritanery\",\"@id\":\"https:\/\/radiolifefm.com.br\/noticias\/#\/schema\/person\/6339b9fac59d12b071dec680d7375d87\"},\"headline\":\"ALMEIDA, ANTUNES, SARTRE, FUENTES e DOSTOI\u00c9VSKI in Mem\u00f3rias, Judas, N\u00e1usea, Campanha e Castigo&#8230;\",\"datePublished\":\"2025-01-31T12:01:13+00:00\",\"dateModified\":\"2026-04-16T17:51:13+00:00\",\"mainEntityOfPage\":{\"@id\":\"https:\/\/radiolifefm.com.br\/noticias\/almeida-antunes-sartre-fuentes-e-dostoievski-in-memorias-judas-nausea-campanha-e-castigo-2\/\"},\"wordCount\":454,\"publisher\":{\"@id\":\"https:\/\/radiolifefm.com.br\/noticias\/#organization\"},\"image\":{\"@id\":\"https:\/\/radiolifefm.com.br\/noticias\/almeida-antunes-sartre-fuentes-e-dostoievski-in-memorias-judas-nausea-campanha-e-castigo-2\/#primaryimage\"},\"thumbnailUrl\":\"https:\/\/radiolifefm.com.br\/noticias\/wp-content\/uploads\/2025\/01\/WhatsApp-Image-2025-01-31-at-08.50.37.jpeg\",\"articleSection\":[\"Opini\u00e3o\"],\"inLanguage\":\"pt-BR\"},{\"@type\":\"WebPage\",\"@id\":\"https:\/\/radiolifefm.com.br\/noticias\/almeida-antunes-sartre-fuentes-e-dostoievski-in-memorias-judas-nausea-campanha-e-castigo-2\/\",\"url\":\"https:\/\/radiolifefm.com.br\/noticias\/almeida-antunes-sartre-fuentes-e-dostoievski-in-memorias-judas-nausea-campanha-e-castigo-2\/\",\"name\":\"ALMEIDA, ANTUNES, SARTRE, FUENTES e DOSTOI\u00c9VSKI in Mem\u00f3rias, Judas, N\u00e1usea, Campanha e Castigo... - R\u00e1dio Life FM\",\"isPartOf\":{\"@id\":\"https:\/\/radiolifefm.com.br\/noticias\/#website\"},\"primaryImageOfPage\":{\"@id\":\"https:\/\/radiolifefm.com.br\/noticias\/almeida-antunes-sartre-fuentes-e-dostoievski-in-memorias-judas-nausea-campanha-e-castigo-2\/#primaryimage\"},\"image\":{\"@id\":\"https:\/\/radiolifefm.com.br\/noticias\/almeida-antunes-sartre-fuentes-e-dostoievski-in-memorias-judas-nausea-campanha-e-castigo-2\/#primaryimage\"},\"thumbnailUrl\":\"https:\/\/radiolifefm.com.br\/noticias\/wp-content\/uploads\/2025\/01\/WhatsApp-Image-2025-01-31-at-08.50.37.jpeg\",\"datePublished\":\"2025-01-31T12:01:13+00:00\",\"dateModified\":\"2026-04-16T17:51:13+00:00\",\"breadcrumb\":{\"@id\":\"https:\/\/radiolifefm.com.br\/noticias\/almeida-antunes-sartre-fuentes-e-dostoievski-in-memorias-judas-nausea-campanha-e-castigo-2\/#breadcrumb\"},\"inLanguage\":\"pt-BR\",\"potentialAction\":[{\"@type\":\"ReadAction\",\"target\":[\"https:\/\/radiolifefm.com.br\/noticias\/almeida-antunes-sartre-fuentes-e-dostoievski-in-memorias-judas-nausea-campanha-e-castigo-2\/\"]}]},{\"@type\":\"ImageObject\",\"inLanguage\":\"pt-BR\",\"@id\":\"https:\/\/radiolifefm.com.br\/noticias\/almeida-antunes-sartre-fuentes-e-dostoievski-in-memorias-judas-nausea-campanha-e-castigo-2\/#primaryimage\",\"url\":\"https:\/\/radiolifefm.com.br\/noticias\/wp-content\/uploads\/2025\/01\/WhatsApp-Image-2025-01-31-at-08.50.37.jpeg\",\"contentUrl\":\"https:\/\/radiolifefm.com.br\/noticias\/wp-content\/uploads\/2025\/01\/WhatsApp-Image-2025-01-31-at-08.50.37.jpeg\",\"width\":1600,\"height\":1200},{\"@type\":\"BreadcrumbList\",\"@id\":\"https:\/\/radiolifefm.com.br\/noticias\/almeida-antunes-sartre-fuentes-e-dostoievski-in-memorias-judas-nausea-campanha-e-castigo-2\/#breadcrumb\",\"itemListElement\":[{\"@type\":\"ListItem\",\"position\":1,\"name\":\"In\u00edcio\",\"item\":\"https:\/\/radiolifefm.com.br\/noticias\/\"},{\"@type\":\"ListItem\",\"position\":2,\"name\":\"ALMEIDA, ANTUNES, SARTRE, FUENTES e DOSTOI\u00c9VSKI in Mem\u00f3rias, Judas, N\u00e1usea, Campanha e Castigo&#8230;\"}]},{\"@type\":\"WebSite\",\"@id\":\"https:\/\/radiolifefm.com.br\/noticias\/#website\",\"url\":\"https:\/\/radiolifefm.com.br\/noticias\/\",\"name\":\"R\u00e1dio Life FM\",\"description\":\"O Portal de Not\u00edcias de Adamantina\",\"publisher\":{\"@id\":\"https:\/\/radiolifefm.com.br\/noticias\/#organization\"},\"alternateName\":\"Life FM\",\"potentialAction\":[{\"@type\":\"SearchAction\",\"target\":{\"@type\":\"EntryPoint\",\"urlTemplate\":\"https:\/\/radiolifefm.com.br\/noticias\/?s={search_term_string}\"},\"query-input\":{\"@type\":\"PropertyValueSpecification\",\"valueRequired\":true,\"valueName\":\"search_term_string\"}}],\"inLanguage\":\"pt-BR\"},{\"@type\":\"Organization\",\"@id\":\"https:\/\/radiolifefm.com.br\/noticias\/#organization\",\"name\":\"R\u00e1dio Life FM\",\"alternateName\":\"Life FM\",\"url\":\"https:\/\/radiolifefm.com.br\/noticias\/\",\"logo\":{\"@type\":\"ImageObject\",\"inLanguage\":\"pt-BR\",\"@id\":\"https:\/\/radiolifefm.com.br\/noticias\/#\/schema\/logo\/image\/\",\"url\":\"https:\/\/static.radiolifefm.com.br\/noticias\/wp-content\/uploads\/2019\/10\/logo-lifefm.png\",\"contentUrl\":\"https:\/\/static.radiolifefm.com.br\/noticias\/wp-content\/uploads\/2019\/10\/logo-lifefm.png\",\"width\":196,\"height\":47,\"caption\":\"R\u00e1dio Life FM\"},\"image\":{\"@id\":\"https:\/\/radiolifefm.com.br\/noticias\/#\/schema\/logo\/image\/\"},\"sameAs\":[\"https:\/\/www.facebook.com\/radiolifefm\/\",\"https:\/\/www.instagram.com\/life1079fm\/\"]},{\"@type\":\"Person\",\"@id\":\"https:\/\/radiolifefm.com.br\/noticias\/#\/schema\/person\/6339b9fac59d12b071dec680d7375d87\",\"name\":\"ritanery\",\"image\":{\"@type\":\"ImageObject\",\"inLanguage\":\"pt-BR\",\"@id\":\"https:\/\/secure.gravatar.com\/avatar\/0e37bb19071f47c0b8a23f62a903df117c5a0e75f65a0c2901562f97cd41cf86?s=96&d=mm&r=g\",\"url\":\"https:\/\/secure.gravatar.com\/avatar\/0e37bb19071f47c0b8a23f62a903df117c5a0e75f65a0c2901562f97cd41cf86?s=96&d=mm&r=g\",\"contentUrl\":\"https:\/\/secure.gravatar.com\/avatar\/0e37bb19071f47c0b8a23f62a903df117c5a0e75f65a0c2901562f97cd41cf86?s=96&d=mm&r=g\",\"caption\":\"ritanery\"}}]}<\/script>\n<!-- \/ Yoast SEO plugin. -->","yoast_head_json":{"title":"ALMEIDA, ANTUNES, SARTRE, FUENTES e DOSTOI\u00c9VSKI in Mem\u00f3rias, Judas, N\u00e1usea, Campanha e Castigo... - R\u00e1dio Life FM","robots":{"index":"index","follow":"follow","max-snippet":"max-snippet:-1","max-image-preview":"max-image-preview:large","max-video-preview":"max-video-preview:-1"},"canonical":"https:\/\/radiolifefm.com.br\/noticias\/almeida-antunes-sartre-fuentes-e-dostoievski-in-memorias-judas-nausea-campanha-e-castigo-2\/","og_locale":"pt_BR","og_type":"article","og_title":"ALMEIDA, ANTUNES, SARTRE, FUENTES e DOSTOI\u00c9VSKI in Mem\u00f3rias, Judas, N\u00e1usea, Campanha e Castigo... - R\u00e1dio Life FM","og_description":"\u201cVou deixar algumas frases incompletas e viver a simplicidade do \u00f3bvio. Vou descartar complexidades que sempre me fascinaram. Quem sabe assim diminuo minha ansiedade e consigo me tornar mais leve.\u201d (Luiz Machado) \u00a0 By seb@r. &nbsp; Fico aqui pensando com os meus BOT\u00d5ES (sic), por\u00e9m, s\u00f3 ando de CAMISETAS, ainda, SEM MANGAS e de vez [&hellip;]","og_url":"https:\/\/radiolifefm.com.br\/noticias\/almeida-antunes-sartre-fuentes-e-dostoievski-in-memorias-judas-nausea-campanha-e-castigo-2\/","og_site_name":"R\u00e1dio Life FM","article_publisher":"https:\/\/www.facebook.com\/radiolifefm\/","article_published_time":"2025-01-31T12:01:13+00:00","article_modified_time":"2026-04-16T17:51:13+00:00","og_image":[{"width":1600,"height":1200,"url":"https:\/\/radiolifefm.com.br\/noticias\/wp-content\/uploads\/2025\/01\/WhatsApp-Image-2025-01-31-at-08.50.37.jpeg","type":"image\/jpeg"}],"author":"ritanery","twitter_card":"summary_large_image","twitter_misc":{"Escrito por":"ritanery","Est. tempo de leitura":"3 minutos"},"schema":{"@context":"https:\/\/schema.org","@graph":[{"@type":"Article","@id":"https:\/\/radiolifefm.com.br\/noticias\/almeida-antunes-sartre-fuentes-e-dostoievski-in-memorias-judas-nausea-campanha-e-castigo-2\/#article","isPartOf":{"@id":"https:\/\/radiolifefm.com.br\/noticias\/almeida-antunes-sartre-fuentes-e-dostoievski-in-memorias-judas-nausea-campanha-e-castigo-2\/"},"author":{"name":"ritanery","@id":"https:\/\/radiolifefm.com.br\/noticias\/#\/schema\/person\/6339b9fac59d12b071dec680d7375d87"},"headline":"ALMEIDA, ANTUNES, SARTRE, FUENTES e DOSTOI\u00c9VSKI in Mem\u00f3rias, Judas, N\u00e1usea, Campanha e Castigo&#8230;","datePublished":"2025-01-31T12:01:13+00:00","dateModified":"2026-04-16T17:51:13+00:00","mainEntityOfPage":{"@id":"https:\/\/radiolifefm.com.br\/noticias\/almeida-antunes-sartre-fuentes-e-dostoievski-in-memorias-judas-nausea-campanha-e-castigo-2\/"},"wordCount":454,"publisher":{"@id":"https:\/\/radiolifefm.com.br\/noticias\/#organization"},"image":{"@id":"https:\/\/radiolifefm.com.br\/noticias\/almeida-antunes-sartre-fuentes-e-dostoievski-in-memorias-judas-nausea-campanha-e-castigo-2\/#primaryimage"},"thumbnailUrl":"https:\/\/radiolifefm.com.br\/noticias\/wp-content\/uploads\/2025\/01\/WhatsApp-Image-2025-01-31-at-08.50.37.jpeg","articleSection":["Opini\u00e3o"],"inLanguage":"pt-BR"},{"@type":"WebPage","@id":"https:\/\/radiolifefm.com.br\/noticias\/almeida-antunes-sartre-fuentes-e-dostoievski-in-memorias-judas-nausea-campanha-e-castigo-2\/","url":"https:\/\/radiolifefm.com.br\/noticias\/almeida-antunes-sartre-fuentes-e-dostoievski-in-memorias-judas-nausea-campanha-e-castigo-2\/","name":"ALMEIDA, ANTUNES, SARTRE, FUENTES e DOSTOI\u00c9VSKI in Mem\u00f3rias, Judas, N\u00e1usea, Campanha e Castigo... - R\u00e1dio Life FM","isPartOf":{"@id":"https:\/\/radiolifefm.com.br\/noticias\/#website"},"primaryImageOfPage":{"@id":"https:\/\/radiolifefm.com.br\/noticias\/almeida-antunes-sartre-fuentes-e-dostoievski-in-memorias-judas-nausea-campanha-e-castigo-2\/#primaryimage"},"image":{"@id":"https:\/\/radiolifefm.com.br\/noticias\/almeida-antunes-sartre-fuentes-e-dostoievski-in-memorias-judas-nausea-campanha-e-castigo-2\/#primaryimage"},"thumbnailUrl":"https:\/\/radiolifefm.com.br\/noticias\/wp-content\/uploads\/2025\/01\/WhatsApp-Image-2025-01-31-at-08.50.37.jpeg","datePublished":"2025-01-31T12:01:13+00:00","dateModified":"2026-04-16T17:51:13+00:00","breadcrumb":{"@id":"https:\/\/radiolifefm.com.br\/noticias\/almeida-antunes-sartre-fuentes-e-dostoievski-in-memorias-judas-nausea-campanha-e-castigo-2\/#breadcrumb"},"inLanguage":"pt-BR","potentialAction":[{"@type":"ReadAction","target":["https:\/\/radiolifefm.com.br\/noticias\/almeida-antunes-sartre-fuentes-e-dostoievski-in-memorias-judas-nausea-campanha-e-castigo-2\/"]}]},{"@type":"ImageObject","inLanguage":"pt-BR","@id":"https:\/\/radiolifefm.com.br\/noticias\/almeida-antunes-sartre-fuentes-e-dostoievski-in-memorias-judas-nausea-campanha-e-castigo-2\/#primaryimage","url":"https:\/\/radiolifefm.com.br\/noticias\/wp-content\/uploads\/2025\/01\/WhatsApp-Image-2025-01-31-at-08.50.37.jpeg","contentUrl":"https:\/\/radiolifefm.com.br\/noticias\/wp-content\/uploads\/2025\/01\/WhatsApp-Image-2025-01-31-at-08.50.37.jpeg","width":1600,"height":1200},{"@type":"BreadcrumbList","@id":"https:\/\/radiolifefm.com.br\/noticias\/almeida-antunes-sartre-fuentes-e-dostoievski-in-memorias-judas-nausea-campanha-e-castigo-2\/#breadcrumb","itemListElement":[{"@type":"ListItem","position":1,"name":"In\u00edcio","item":"https:\/\/radiolifefm.com.br\/noticias\/"},{"@type":"ListItem","position":2,"name":"ALMEIDA, ANTUNES, SARTRE, FUENTES e DOSTOI\u00c9VSKI in Mem\u00f3rias, Judas, N\u00e1usea, Campanha e Castigo&#8230;"}]},{"@type":"WebSite","@id":"https:\/\/radiolifefm.com.br\/noticias\/#website","url":"https:\/\/radiolifefm.com.br\/noticias\/","name":"R\u00e1dio Life FM","description":"O Portal de Not\u00edcias de Adamantina","publisher":{"@id":"https:\/\/radiolifefm.com.br\/noticias\/#organization"},"alternateName":"Life FM","potentialAction":[{"@type":"SearchAction","target":{"@type":"EntryPoint","urlTemplate":"https:\/\/radiolifefm.com.br\/noticias\/?s={search_term_string}"},"query-input":{"@type":"PropertyValueSpecification","valueRequired":true,"valueName":"search_term_string"}}],"inLanguage":"pt-BR"},{"@type":"Organization","@id":"https:\/\/radiolifefm.com.br\/noticias\/#organization","name":"R\u00e1dio Life FM","alternateName":"Life FM","url":"https:\/\/radiolifefm.com.br\/noticias\/","logo":{"@type":"ImageObject","inLanguage":"pt-BR","@id":"https:\/\/radiolifefm.com.br\/noticias\/#\/schema\/logo\/image\/","url":"https:\/\/static.radiolifefm.com.br\/noticias\/wp-content\/uploads\/2019\/10\/logo-lifefm.png","contentUrl":"https:\/\/static.radiolifefm.com.br\/noticias\/wp-content\/uploads\/2019\/10\/logo-lifefm.png","width":196,"height":47,"caption":"R\u00e1dio Life FM"},"image":{"@id":"https:\/\/radiolifefm.com.br\/noticias\/#\/schema\/logo\/image\/"},"sameAs":["https:\/\/www.facebook.com\/radiolifefm\/","https:\/\/www.instagram.com\/life1079fm\/"]},{"@type":"Person","@id":"https:\/\/radiolifefm.com.br\/noticias\/#\/schema\/person\/6339b9fac59d12b071dec680d7375d87","name":"ritanery","image":{"@type":"ImageObject","inLanguage":"pt-BR","@id":"https:\/\/secure.gravatar.com\/avatar\/0e37bb19071f47c0b8a23f62a903df117c5a0e75f65a0c2901562f97cd41cf86?s=96&d=mm&r=g","url":"https:\/\/secure.gravatar.com\/avatar\/0e37bb19071f47c0b8a23f62a903df117c5a0e75f65a0c2901562f97cd41cf86?s=96&d=mm&r=g","contentUrl":"https:\/\/secure.gravatar.com\/avatar\/0e37bb19071f47c0b8a23f62a903df117c5a0e75f65a0c2901562f97cd41cf86?s=96&d=mm&r=g","caption":"ritanery"}}]}},"amp_enabled":true,"_links":{"self":[{"href":"https:\/\/radiolifefm.com.br\/noticias\/wp-json\/wp\/v2\/posts\/97120","targetHints":{"allow":["GET"]}}],"collection":[{"href":"https:\/\/radiolifefm.com.br\/noticias\/wp-json\/wp\/v2\/posts"}],"about":[{"href":"https:\/\/radiolifefm.com.br\/noticias\/wp-json\/wp\/v2\/types\/post"}],"author":[{"embeddable":true,"href":"https:\/\/radiolifefm.com.br\/noticias\/wp-json\/wp\/v2\/users\/13"}],"replies":[{"embeddable":true,"href":"https:\/\/radiolifefm.com.br\/noticias\/wp-json\/wp\/v2\/comments?post=97120"}],"version-history":[{"count":2,"href":"https:\/\/radiolifefm.com.br\/noticias\/wp-json\/wp\/v2\/posts\/97120\/revisions"}],"predecessor-version":[{"id":97128,"href":"https:\/\/radiolifefm.com.br\/noticias\/wp-json\/wp\/v2\/posts\/97120\/revisions\/97128"}],"wp:featuredmedia":[{"embeddable":true,"href":"https:\/\/radiolifefm.com.br\/noticias\/wp-json\/wp\/v2\/media\/97121"}],"wp:attachment":[{"href":"https:\/\/radiolifefm.com.br\/noticias\/wp-json\/wp\/v2\/media?parent=97120"}],"wp:term":[{"taxonomy":"category","embeddable":true,"href":"https:\/\/radiolifefm.com.br\/noticias\/wp-json\/wp\/v2\/categories?post=97120"},{"taxonomy":"post_tag","embeddable":true,"href":"https:\/\/radiolifefm.com.br\/noticias\/wp-json\/wp\/v2\/tags?post=97120"}],"curies":[{"name":"wp","href":"https:\/\/api.w.org\/{rel}","templated":true}]}}