{"id":97014,"date":"2025-01-27T08:15:53","date_gmt":"2025-01-27T11:15:53","guid":{"rendered":"https:\/\/radiolifefm.com.br\/noticias\/?p=97014"},"modified":"2026-04-05T09:08:03","modified_gmt":"2026-04-05T12:08:03","slug":"na-espera-da-espera-em-terras-provincianas","status":"publish","type":"post","link":"https:\/\/radiolifefm.com.br\/noticias\/na-espera-da-espera-em-terras-provincianas\/","title":{"rendered":"Na espera da espera em terras provincianas&#8230;"},"content":{"rendered":"<div id=\"fb-root\"><\/div>\n<p><strong><em>\u201cH\u00e1 tr\u00eas esp\u00e9cies de c\u00e9rebros: uns entendem por si pr\u00f3prios; os outros discernem o que os primeiros entendem; e os terceiros n\u00e3o entendem nem por si pr\u00f3prios nem pelos outros; os primeiros s\u00e3o excelent\u00edssimos; os segundos excelentes; e os terceiros totalmente in\u00fateis.\u201d (<\/em><\/strong><a href=\"https:\/\/www.pensador.com\/autor\/maquiavel\/\"><strong><em>Maquiavel<\/em><\/strong><\/a><strong><em>)<\/em><\/strong><\/p>\n<p><strong>\u00a0<\/strong><\/p>\n<p><strong>By seb@r.<\/strong><\/p>\n<p>&nbsp;<\/p>\n<p>Pelo DITO em nome do N\u00c3O DITO, ainda mais nesta PROV\u00cdNCIA DO FAZ DE CONTA, tudo pode ocorrer, at\u00e9 mesmo o IMPOSS\u00cdVEL em meio aos desencontros com isto ou aquilo&#8230;<\/p>\n<p>Desta forma, disse o pensador do outro tempo deste tempo, ou seja, A MELHOR DEFESA \u00c9 O ATAQUE, portanto, faz-se necess\u00e1rio estar em ESTADO DE ALERTA com os novos MANDAT\u00c1RIOS do tal PODER P\u00daBLICO e ponto quase final&#8230;<\/p>\n<p>Portanto, tudo est\u00e1 em FASE INICIAL, assim, melhor dar aquele TEMPO deste mesmo TEMPO para o atual GESTOR e sua EQUIPE de apoio nas atividades afins aos interesses da comunidade provinciana&#8230;<\/p>\n<p>N\u00e3o tem como deixar de lado que essa TURMA est\u00e1 atrelada as tais MENTES MED\u00cdOCRES, ou seja, aqueles\/as que MARCHARAM em frente ao TG exigindo GOLPE MILITAR, AI-5, FORA STF e outros ABSURDOS em nome da TRIADE, a saber: DEUS, P\u00c1TRIA E FAM\u00cdLIA&#8230;<\/p>\n<p>Ainda, est\u00e3o em M\u00c3OS DADAS com os TERRAPLANISTAS e NEGACIONISTAS, portanto, TODO CUIDADO \u00c9 POUCO entre os OCASOS de um TALVEZ&#8230;<\/p>\n<p>Se bem que com MENTES MED\u00cdOCRES, n\u00e3o se pode esperar NADA DE NADA, haja vista que s\u00e3o comandados pelos famigerados FAKE NEWS que assolam este PA\u00cdS DO FAZ DE CONTA em n\u00edvel GLOCAL, ou seja, do GLOBAL para o LOCAL em tempo de p\u00f3s-globaliza\u00e7\u00e3o midi\u00e1tica&#8230;<\/p>\n<p>Al\u00e9m destes DESECONTROS deste lado, ainda, existe aquela LOUCO do outro lado do mundo, isso mesmo, com certeza \u00e9 o novo MENTOR desta CAMBADA DE ALOPRADOS\/AS em n\u00edvel MUNDIAL&#8230;<\/p>\n<p>Neste CEN\u00c1RIO PROVINCIANO, tamb\u00e9m, deve-se considerar aquele outro DITO POPULAR que afirma, a saber: SE VOC~E PENSAVA QUE TAVA RUIM, PODE PIORAR&#8230;<\/p>\n<p>Por isso e mais aquilo, agora que EL PIN\u00d3QUIO PROVINCIANO e sua TURMA DE ALOPRADOS\/AS se mandaram para o outro lado desta PROV\u00cdNCIA DO FAZ DE CONTA, espera-se que tudo possa (sic) ser diferente em nome dos interesses da comunidade, todavia, outra m\u00e1xima dos DITOS afirma: MUDAM AS MOSCAS, MAS A M&#8230; \u00c9 SEMPRE A MESMA&#8230;<\/p>\n<p>Que todos\/as possam estar em posi\u00e7\u00e3o de SENTIDO (sic) DE ALERTA, considerando que a PROV\u00cdNCIA continua a mesma de sempre, ou seja, DOMINADA pela MESMICE DE SEMPRE em todas as \u00e1reas, at\u00e9 mesmo nos lados das PAREDES ALVAS e assim por diante&#8230;<\/p>\n<p>Pra n\u00e3o deixar de lado, PERDERAM MAN\u00c9S!<\/p>\n<p>Ainda, QUEM SOBREVIVER VAI SABER&#8230;<\/p>\n<p>&nbsp;<\/p>\n<p>&nbsp;<\/p>\n<p><strong>e-mail: <\/strong><a href=\"mailto:barbosa.sebar@gmail.com\"><strong>barbosa.sebar@gmail.com<\/strong><\/a><\/p>\n<p>&nbsp;<\/p>\n","protected":false},"excerpt":{"rendered":"<p>\u201cH\u00e1 tr\u00eas esp\u00e9cies de c\u00e9rebros: uns entendem por si pr\u00f3prios; os outros discernem o que os primeiros entendem; e os terceiros n\u00e3o entendem nem por si pr\u00f3prios nem pelos outros; os primeiros s\u00e3o excelent\u00edssimos; os segundos excelentes; e os terceiros totalmente in\u00fateis.\u201d (Maquiavel) \u00a0 By seb@r. &nbsp; Pelo DITO em nome do N\u00c3O DITO, ainda [&hellip;]<\/p>\n","protected":false},"author":13,"featured_media":51988,"comment_status":"closed","ping_status":"open","sticky":false,"template":"","format":"standard","meta":{"_acf_changed":false,"_exactmetrics_skip_tracking":false,"_exactmetrics_sitenote_active":false,"_exactmetrics_sitenote_note":"","_exactmetrics_sitenote_category":0,"footnotes":""},"categories":[59],"tags":[],"class_list":["post-97014","post","type-post","status-publish","format-standard","has-post-thumbnail","hentry","category-opiniao"],"acf":[],"yoast_head":"<!-- This site is optimized with the Yoast SEO plugin v27.2 - https:\/\/yoast.com\/product\/yoast-seo-wordpress\/ -->\n<title>Na espera da espera em terras provincianas... - R\u00e1dio Life FM<\/title>\n<meta name=\"robots\" content=\"index, follow, max-snippet:-1, max-image-preview:large, max-video-preview:-1\" \/>\n<link rel=\"canonical\" href=\"https:\/\/radiolifefm.com.br\/noticias\/na-espera-da-espera-em-terras-provincianas\/\" \/>\n<meta property=\"og:locale\" content=\"pt_BR\" \/>\n<meta property=\"og:type\" content=\"article\" \/>\n<meta property=\"og:title\" content=\"Na espera da espera em terras provincianas... - R\u00e1dio Life FM\" \/>\n<meta property=\"og:description\" content=\"\u201cH\u00e1 tr\u00eas esp\u00e9cies de c\u00e9rebros: uns entendem por si pr\u00f3prios; os outros discernem o que os primeiros entendem; e os terceiros n\u00e3o entendem nem por si pr\u00f3prios nem pelos outros; os primeiros s\u00e3o excelent\u00edssimos; os segundos excelentes; e os terceiros totalmente in\u00fateis.\u201d (Maquiavel) \u00a0 By seb@r. &nbsp; Pelo DITO em nome do N\u00c3O DITO, ainda [&hellip;]\" \/>\n<meta property=\"og:url\" content=\"https:\/\/radiolifefm.com.br\/noticias\/na-espera-da-espera-em-terras-provincianas\/\" \/>\n<meta property=\"og:site_name\" content=\"R\u00e1dio Life FM\" \/>\n<meta property=\"article:publisher\" content=\"https:\/\/www.facebook.com\/radiolifefm\/\" \/>\n<meta property=\"article:published_time\" content=\"2025-01-27T11:15:53+00:00\" \/>\n<meta property=\"article:modified_time\" content=\"2026-04-05T12:08:03+00:00\" \/>\n<meta property=\"og:image\" content=\"https:\/\/radiolifefm.com.br\/noticias\/wp-content\/uploads\/2022\/04\/WhatsApp-Image-2022-04-10-at-18.43.02.jpeg\" \/>\n\t<meta property=\"og:image:width\" content=\"972\" \/>\n\t<meta property=\"og:image:height\" content=\"1296\" \/>\n\t<meta property=\"og:image:type\" content=\"image\/jpeg\" \/>\n<meta name=\"author\" content=\"ritanery\" \/>\n<meta name=\"twitter:card\" content=\"summary_large_image\" \/>\n<meta name=\"twitter:label1\" content=\"Escrito por\" \/>\n\t<meta name=\"twitter:data1\" content=\"ritanery\" \/>\n\t<meta name=\"twitter:label2\" content=\"Est. tempo de leitura\" \/>\n\t<meta name=\"twitter:data2\" content=\"3 minutos\" \/>\n<script type=\"application\/ld+json\" class=\"yoast-schema-graph\">{\"@context\":\"https:\/\/schema.org\",\"@graph\":[{\"@type\":\"Article\",\"@id\":\"https:\/\/radiolifefm.com.br\/noticias\/na-espera-da-espera-em-terras-provincianas\/#article\",\"isPartOf\":{\"@id\":\"https:\/\/radiolifefm.com.br\/noticias\/na-espera-da-espera-em-terras-provincianas\/\"},\"author\":{\"name\":\"ritanery\",\"@id\":\"https:\/\/radiolifefm.com.br\/noticias\/#\/schema\/person\/6339b9fac59d12b071dec680d7375d87\"},\"headline\":\"Na espera da espera em terras provincianas&#8230;\",\"datePublished\":\"2025-01-27T11:15:53+00:00\",\"dateModified\":\"2026-04-05T12:08:03+00:00\",\"mainEntityOfPage\":{\"@id\":\"https:\/\/radiolifefm.com.br\/noticias\/na-espera-da-espera-em-terras-provincianas\/\"},\"wordCount\":472,\"publisher\":{\"@id\":\"https:\/\/radiolifefm.com.br\/noticias\/#organization\"},\"image\":{\"@id\":\"https:\/\/radiolifefm.com.br\/noticias\/na-espera-da-espera-em-terras-provincianas\/#primaryimage\"},\"thumbnailUrl\":\"https:\/\/radiolifefm.com.br\/noticias\/wp-content\/uploads\/2022\/04\/WhatsApp-Image-2022-04-10-at-18.43.02.jpeg\",\"articleSection\":[\"Opini\u00e3o\"],\"inLanguage\":\"pt-BR\"},{\"@type\":\"WebPage\",\"@id\":\"https:\/\/radiolifefm.com.br\/noticias\/na-espera-da-espera-em-terras-provincianas\/\",\"url\":\"https:\/\/radiolifefm.com.br\/noticias\/na-espera-da-espera-em-terras-provincianas\/\",\"name\":\"Na espera da espera em terras provincianas... - R\u00e1dio Life FM\",\"isPartOf\":{\"@id\":\"https:\/\/radiolifefm.com.br\/noticias\/#website\"},\"primaryImageOfPage\":{\"@id\":\"https:\/\/radiolifefm.com.br\/noticias\/na-espera-da-espera-em-terras-provincianas\/#primaryimage\"},\"image\":{\"@id\":\"https:\/\/radiolifefm.com.br\/noticias\/na-espera-da-espera-em-terras-provincianas\/#primaryimage\"},\"thumbnailUrl\":\"https:\/\/radiolifefm.com.br\/noticias\/wp-content\/uploads\/2022\/04\/WhatsApp-Image-2022-04-10-at-18.43.02.jpeg\",\"datePublished\":\"2025-01-27T11:15:53+00:00\",\"dateModified\":\"2026-04-05T12:08:03+00:00\",\"breadcrumb\":{\"@id\":\"https:\/\/radiolifefm.com.br\/noticias\/na-espera-da-espera-em-terras-provincianas\/#breadcrumb\"},\"inLanguage\":\"pt-BR\",\"potentialAction\":[{\"@type\":\"ReadAction\",\"target\":[\"https:\/\/radiolifefm.com.br\/noticias\/na-espera-da-espera-em-terras-provincianas\/\"]}]},{\"@type\":\"ImageObject\",\"inLanguage\":\"pt-BR\",\"@id\":\"https:\/\/radiolifefm.com.br\/noticias\/na-espera-da-espera-em-terras-provincianas\/#primaryimage\",\"url\":\"https:\/\/radiolifefm.com.br\/noticias\/wp-content\/uploads\/2022\/04\/WhatsApp-Image-2022-04-10-at-18.43.02.jpeg\",\"contentUrl\":\"https:\/\/radiolifefm.com.br\/noticias\/wp-content\/uploads\/2022\/04\/WhatsApp-Image-2022-04-10-at-18.43.02.jpeg\",\"width\":972,\"height\":1296,\"caption\":\"S\u00e9rgio Barbosa\"},{\"@type\":\"BreadcrumbList\",\"@id\":\"https:\/\/radiolifefm.com.br\/noticias\/na-espera-da-espera-em-terras-provincianas\/#breadcrumb\",\"itemListElement\":[{\"@type\":\"ListItem\",\"position\":1,\"name\":\"In\u00edcio\",\"item\":\"https:\/\/radiolifefm.com.br\/noticias\/\"},{\"@type\":\"ListItem\",\"position\":2,\"name\":\"Na espera da espera em terras provincianas&#8230;\"}]},{\"@type\":\"WebSite\",\"@id\":\"https:\/\/radiolifefm.com.br\/noticias\/#website\",\"url\":\"https:\/\/radiolifefm.com.br\/noticias\/\",\"name\":\"R\u00e1dio Life FM\",\"description\":\"O Portal de Not\u00edcias de Adamantina\",\"publisher\":{\"@id\":\"https:\/\/radiolifefm.com.br\/noticias\/#organization\"},\"alternateName\":\"Life FM\",\"potentialAction\":[{\"@type\":\"SearchAction\",\"target\":{\"@type\":\"EntryPoint\",\"urlTemplate\":\"https:\/\/radiolifefm.com.br\/noticias\/?s={search_term_string}\"},\"query-input\":{\"@type\":\"PropertyValueSpecification\",\"valueRequired\":true,\"valueName\":\"search_term_string\"}}],\"inLanguage\":\"pt-BR\"},{\"@type\":\"Organization\",\"@id\":\"https:\/\/radiolifefm.com.br\/noticias\/#organization\",\"name\":\"R\u00e1dio Life FM\",\"alternateName\":\"Life FM\",\"url\":\"https:\/\/radiolifefm.com.br\/noticias\/\",\"logo\":{\"@type\":\"ImageObject\",\"inLanguage\":\"pt-BR\",\"@id\":\"https:\/\/radiolifefm.com.br\/noticias\/#\/schema\/logo\/image\/\",\"url\":\"https:\/\/static.radiolifefm.com.br\/noticias\/wp-content\/uploads\/2019\/10\/logo-lifefm.png\",\"contentUrl\":\"https:\/\/static.radiolifefm.com.br\/noticias\/wp-content\/uploads\/2019\/10\/logo-lifefm.png\",\"width\":196,\"height\":47,\"caption\":\"R\u00e1dio Life FM\"},\"image\":{\"@id\":\"https:\/\/radiolifefm.com.br\/noticias\/#\/schema\/logo\/image\/\"},\"sameAs\":[\"https:\/\/www.facebook.com\/radiolifefm\/\",\"https:\/\/www.instagram.com\/life1079fm\/\"]},{\"@type\":\"Person\",\"@id\":\"https:\/\/radiolifefm.com.br\/noticias\/#\/schema\/person\/6339b9fac59d12b071dec680d7375d87\",\"name\":\"ritanery\",\"image\":{\"@type\":\"ImageObject\",\"inLanguage\":\"pt-BR\",\"@id\":\"https:\/\/secure.gravatar.com\/avatar\/0e37bb19071f47c0b8a23f62a903df117c5a0e75f65a0c2901562f97cd41cf86?s=96&d=mm&r=g\",\"url\":\"https:\/\/secure.gravatar.com\/avatar\/0e37bb19071f47c0b8a23f62a903df117c5a0e75f65a0c2901562f97cd41cf86?s=96&d=mm&r=g\",\"contentUrl\":\"https:\/\/secure.gravatar.com\/avatar\/0e37bb19071f47c0b8a23f62a903df117c5a0e75f65a0c2901562f97cd41cf86?s=96&d=mm&r=g\",\"caption\":\"ritanery\"}}]}<\/script>\n<!-- \/ Yoast SEO plugin. -->","yoast_head_json":{"title":"Na espera da espera em terras provincianas... - R\u00e1dio Life FM","robots":{"index":"index","follow":"follow","max-snippet":"max-snippet:-1","max-image-preview":"max-image-preview:large","max-video-preview":"max-video-preview:-1"},"canonical":"https:\/\/radiolifefm.com.br\/noticias\/na-espera-da-espera-em-terras-provincianas\/","og_locale":"pt_BR","og_type":"article","og_title":"Na espera da espera em terras provincianas... - R\u00e1dio Life FM","og_description":"\u201cH\u00e1 tr\u00eas esp\u00e9cies de c\u00e9rebros: uns entendem por si pr\u00f3prios; os outros discernem o que os primeiros entendem; e os terceiros n\u00e3o entendem nem por si pr\u00f3prios nem pelos outros; os primeiros s\u00e3o excelent\u00edssimos; os segundos excelentes; e os terceiros totalmente in\u00fateis.\u201d (Maquiavel) \u00a0 By seb@r. &nbsp; Pelo DITO em nome do N\u00c3O DITO, ainda [&hellip;]","og_url":"https:\/\/radiolifefm.com.br\/noticias\/na-espera-da-espera-em-terras-provincianas\/","og_site_name":"R\u00e1dio Life FM","article_publisher":"https:\/\/www.facebook.com\/radiolifefm\/","article_published_time":"2025-01-27T11:15:53+00:00","article_modified_time":"2026-04-05T12:08:03+00:00","og_image":[{"width":972,"height":1296,"url":"https:\/\/radiolifefm.com.br\/noticias\/wp-content\/uploads\/2022\/04\/WhatsApp-Image-2022-04-10-at-18.43.02.jpeg","type":"image\/jpeg"}],"author":"ritanery","twitter_card":"summary_large_image","twitter_misc":{"Escrito por":"ritanery","Est. tempo de leitura":"3 minutos"},"schema":{"@context":"https:\/\/schema.org","@graph":[{"@type":"Article","@id":"https:\/\/radiolifefm.com.br\/noticias\/na-espera-da-espera-em-terras-provincianas\/#article","isPartOf":{"@id":"https:\/\/radiolifefm.com.br\/noticias\/na-espera-da-espera-em-terras-provincianas\/"},"author":{"name":"ritanery","@id":"https:\/\/radiolifefm.com.br\/noticias\/#\/schema\/person\/6339b9fac59d12b071dec680d7375d87"},"headline":"Na espera da espera em terras provincianas&#8230;","datePublished":"2025-01-27T11:15:53+00:00","dateModified":"2026-04-05T12:08:03+00:00","mainEntityOfPage":{"@id":"https:\/\/radiolifefm.com.br\/noticias\/na-espera-da-espera-em-terras-provincianas\/"},"wordCount":472,"publisher":{"@id":"https:\/\/radiolifefm.com.br\/noticias\/#organization"},"image":{"@id":"https:\/\/radiolifefm.com.br\/noticias\/na-espera-da-espera-em-terras-provincianas\/#primaryimage"},"thumbnailUrl":"https:\/\/radiolifefm.com.br\/noticias\/wp-content\/uploads\/2022\/04\/WhatsApp-Image-2022-04-10-at-18.43.02.jpeg","articleSection":["Opini\u00e3o"],"inLanguage":"pt-BR"},{"@type":"WebPage","@id":"https:\/\/radiolifefm.com.br\/noticias\/na-espera-da-espera-em-terras-provincianas\/","url":"https:\/\/radiolifefm.com.br\/noticias\/na-espera-da-espera-em-terras-provincianas\/","name":"Na espera da espera em terras provincianas... - R\u00e1dio Life FM","isPartOf":{"@id":"https:\/\/radiolifefm.com.br\/noticias\/#website"},"primaryImageOfPage":{"@id":"https:\/\/radiolifefm.com.br\/noticias\/na-espera-da-espera-em-terras-provincianas\/#primaryimage"},"image":{"@id":"https:\/\/radiolifefm.com.br\/noticias\/na-espera-da-espera-em-terras-provincianas\/#primaryimage"},"thumbnailUrl":"https:\/\/radiolifefm.com.br\/noticias\/wp-content\/uploads\/2022\/04\/WhatsApp-Image-2022-04-10-at-18.43.02.jpeg","datePublished":"2025-01-27T11:15:53+00:00","dateModified":"2026-04-05T12:08:03+00:00","breadcrumb":{"@id":"https:\/\/radiolifefm.com.br\/noticias\/na-espera-da-espera-em-terras-provincianas\/#breadcrumb"},"inLanguage":"pt-BR","potentialAction":[{"@type":"ReadAction","target":["https:\/\/radiolifefm.com.br\/noticias\/na-espera-da-espera-em-terras-provincianas\/"]}]},{"@type":"ImageObject","inLanguage":"pt-BR","@id":"https:\/\/radiolifefm.com.br\/noticias\/na-espera-da-espera-em-terras-provincianas\/#primaryimage","url":"https:\/\/radiolifefm.com.br\/noticias\/wp-content\/uploads\/2022\/04\/WhatsApp-Image-2022-04-10-at-18.43.02.jpeg","contentUrl":"https:\/\/radiolifefm.com.br\/noticias\/wp-content\/uploads\/2022\/04\/WhatsApp-Image-2022-04-10-at-18.43.02.jpeg","width":972,"height":1296,"caption":"S\u00e9rgio Barbosa"},{"@type":"BreadcrumbList","@id":"https:\/\/radiolifefm.com.br\/noticias\/na-espera-da-espera-em-terras-provincianas\/#breadcrumb","itemListElement":[{"@type":"ListItem","position":1,"name":"In\u00edcio","item":"https:\/\/radiolifefm.com.br\/noticias\/"},{"@type":"ListItem","position":2,"name":"Na espera da espera em terras provincianas&#8230;"}]},{"@type":"WebSite","@id":"https:\/\/radiolifefm.com.br\/noticias\/#website","url":"https:\/\/radiolifefm.com.br\/noticias\/","name":"R\u00e1dio Life FM","description":"O Portal de Not\u00edcias de Adamantina","publisher":{"@id":"https:\/\/radiolifefm.com.br\/noticias\/#organization"},"alternateName":"Life FM","potentialAction":[{"@type":"SearchAction","target":{"@type":"EntryPoint","urlTemplate":"https:\/\/radiolifefm.com.br\/noticias\/?s={search_term_string}"},"query-input":{"@type":"PropertyValueSpecification","valueRequired":true,"valueName":"search_term_string"}}],"inLanguage":"pt-BR"},{"@type":"Organization","@id":"https:\/\/radiolifefm.com.br\/noticias\/#organization","name":"R\u00e1dio Life FM","alternateName":"Life FM","url":"https:\/\/radiolifefm.com.br\/noticias\/","logo":{"@type":"ImageObject","inLanguage":"pt-BR","@id":"https:\/\/radiolifefm.com.br\/noticias\/#\/schema\/logo\/image\/","url":"https:\/\/static.radiolifefm.com.br\/noticias\/wp-content\/uploads\/2019\/10\/logo-lifefm.png","contentUrl":"https:\/\/static.radiolifefm.com.br\/noticias\/wp-content\/uploads\/2019\/10\/logo-lifefm.png","width":196,"height":47,"caption":"R\u00e1dio Life FM"},"image":{"@id":"https:\/\/radiolifefm.com.br\/noticias\/#\/schema\/logo\/image\/"},"sameAs":["https:\/\/www.facebook.com\/radiolifefm\/","https:\/\/www.instagram.com\/life1079fm\/"]},{"@type":"Person","@id":"https:\/\/radiolifefm.com.br\/noticias\/#\/schema\/person\/6339b9fac59d12b071dec680d7375d87","name":"ritanery","image":{"@type":"ImageObject","inLanguage":"pt-BR","@id":"https:\/\/secure.gravatar.com\/avatar\/0e37bb19071f47c0b8a23f62a903df117c5a0e75f65a0c2901562f97cd41cf86?s=96&d=mm&r=g","url":"https:\/\/secure.gravatar.com\/avatar\/0e37bb19071f47c0b8a23f62a903df117c5a0e75f65a0c2901562f97cd41cf86?s=96&d=mm&r=g","contentUrl":"https:\/\/secure.gravatar.com\/avatar\/0e37bb19071f47c0b8a23f62a903df117c5a0e75f65a0c2901562f97cd41cf86?s=96&d=mm&r=g","caption":"ritanery"}}]}},"amp_enabled":true,"_links":{"self":[{"href":"https:\/\/radiolifefm.com.br\/noticias\/wp-json\/wp\/v2\/posts\/97014","targetHints":{"allow":["GET"]}}],"collection":[{"href":"https:\/\/radiolifefm.com.br\/noticias\/wp-json\/wp\/v2\/posts"}],"about":[{"href":"https:\/\/radiolifefm.com.br\/noticias\/wp-json\/wp\/v2\/types\/post"}],"author":[{"embeddable":true,"href":"https:\/\/radiolifefm.com.br\/noticias\/wp-json\/wp\/v2\/users\/13"}],"replies":[{"embeddable":true,"href":"https:\/\/radiolifefm.com.br\/noticias\/wp-json\/wp\/v2\/comments?post=97014"}],"version-history":[{"count":1,"href":"https:\/\/radiolifefm.com.br\/noticias\/wp-json\/wp\/v2\/posts\/97014\/revisions"}],"predecessor-version":[{"id":97015,"href":"https:\/\/radiolifefm.com.br\/noticias\/wp-json\/wp\/v2\/posts\/97014\/revisions\/97015"}],"wp:featuredmedia":[{"embeddable":true,"href":"https:\/\/radiolifefm.com.br\/noticias\/wp-json\/wp\/v2\/media\/51988"}],"wp:attachment":[{"href":"https:\/\/radiolifefm.com.br\/noticias\/wp-json\/wp\/v2\/media?parent=97014"}],"wp:term":[{"taxonomy":"category","embeddable":true,"href":"https:\/\/radiolifefm.com.br\/noticias\/wp-json\/wp\/v2\/categories?post=97014"},{"taxonomy":"post_tag","embeddable":true,"href":"https:\/\/radiolifefm.com.br\/noticias\/wp-json\/wp\/v2\/tags?post=97014"}],"curies":[{"name":"wp","href":"https:\/\/api.w.org\/{rel}","templated":true}]}}