{"id":96969,"date":"2025-01-24T09:55:46","date_gmt":"2025-01-24T12:55:46","guid":{"rendered":"https:\/\/radiolifefm.com.br\/noticias\/?p=96969"},"modified":"2026-03-21T02:00:11","modified_gmt":"2026-03-21T05:00:11","slug":"provincia-mercado-educacional-e-matriz-ou-analise-swot","status":"publish","type":"post","link":"https:\/\/radiolifefm.com.br\/noticias\/provincia-mercado-educacional-e-matriz-ou-analise-swot\/","title":{"rendered":"Prov\u00edncia, Mercado Educacional e &#8220;Matriz ou An\u00e1lise SWOT&#8221;&#8230;"},"content":{"rendered":"<div id=\"fb-root\"><\/div>\n<p><strong><em>O que \u00e9:<\/em><\/strong><em>\u00a0<\/em><em>A famosa\u00a0<\/em><a href=\"https:\/\/luz.vc\/planilhas-empresariais\/planilha-de-analise-swot?utm_source=blog.luz.vc&amp;utm_medium=referral&amp;utm_content=link&amp;utm_campaign=desenvolver-swot-fofa\"><em>matriz SWOT<\/em><\/a><em>, tamb\u00e9m dita an\u00e1lise, foi desenvolvida na d\u00e9cada de 60 na Universidade de Stanford e, rapidamente, se transformou num exerc\u00edcio\/m\u00e9todo utilizado por todas as principais empresas do mundo na formula\u00e7\u00e3o de suas estrat\u00e9gias.<strong>Significado:\u00a0<\/strong>O nome, SWOT, \u00e9 uma sigla que significa Strenghts (For\u00e7as), Weaknesses (Fraquezas), Opportunities (Oportunidades) e Threats (Amea\u00e7as). Por essa raz\u00e3o, o exerc\u00edcio tamb\u00e9m \u00e9 conhecimento como an\u00e1lise\/matriz FOFA, em portugu\u00eas. <strong>Quando usar:\u00a0<\/strong>Essas \u00e1reas s\u00e3o separadas entre an\u00e1lise interna (for\u00e7as e fraquezas) e an\u00e1lise externa (oportunidades e amea\u00e7as). Al\u00e9m disso, tamb\u00e9m existe a vis\u00e3o dos elementos que ajudam (for\u00e7as e oportunidades) e aqueles que atrapalham (amea\u00e7as e fraquezas). Assim, a SWOT ou FOFA se torna um exerc\u00edcio completo de an\u00e1lise de ambiente que deve ser aplicado em qualquer processo de planejamento estrat\u00e9gico.<\/em><\/p>\n<p><u>FONTE: <\/u><u>\u00a9 2004 &#8211; 2016 LUZ | LUZ LAB DE IDEIAS LTDA\u00a0<\/u><\/p>\n<p>S\u00e9rgio Barbosa (*)<\/p>\n<p>N\u00e3o se pode mais &#8220;fazer de conta&#8221; neste mercado cada vez mais predador, ainda, em todas as \u00e1reas em meio aos desencontros patrocinados pela tal &#8220;crise&#8221; aqui e ali, ainda, todos de um jeito ou de outro est\u00e3o envolvidos nestes processos de ajustes visando \u00e0 racionaliza\u00e7\u00e3o de custos em tempo de p\u00f3s-globaliza\u00e7\u00e3o organizacional&#8230;<\/p>\n<p>Sendo assim, se bem que as coisas mudam de um dia para o outro, considerando os interesses do mercado e mediados pelos pontos que sobem e descem de uma ou mais Bolsas de Valores espalhadas nos quatro cantos do planeta&#8230;<\/p>\n<p>Al\u00e9m da media\u00e7\u00e3o do d\u00f3lar como moeda para as trocas nada simb\u00f3licas da economia em n\u00edvel mundial, por\u00e9m, que atropela o cen\u00e1rio provinciano nas \u00e1reas da produ\u00e7\u00e3o e dos servi\u00e7os&#8230;<\/p>\n<p>Entre as muitas escolhas que uma organiza\u00e7\u00e3o pode trazer para as suas atividades, destaca-se a proposta intermediada pela &#8220;Matriz ou An\u00e1lise SWOT&#8221;, tendo em vista que a mesma apresenta possibilidades visando \u00e0 interpreta\u00e7\u00e3o, tamb\u00e9m, como superar problemas por meio desta an\u00e1lise ou matriz&#8230;<\/p>\n<p>Em contextos diferenciados quanto \u00e0 produ\u00e7\u00e3o ou servi\u00e7os, n\u00e3o se pode deixar de lado que as denominadas institui\u00e7\u00f5es educacionais est\u00e3o conectadas neste mercado, portanto, est\u00e3o no conjunto das organiza\u00e7\u00f5es educacionais e assim por diante&#8230;<\/p>\n<p>Desta forma, n\u00e3o se deve &#8220;brincar&#8221; com a concorr\u00eancia nesta \u00e1rea, pois, o mercado &#8220;regiocal&#8221;, ou seja, do regional para o local, apresenta muitos cen\u00e1rios diferenciados e todos apresentam desafios\u00a0 para este ou aquele &#8220;Gestor Educacional&#8221;&#8230;<\/p>\n<p>Mas, retornando a fundamenta\u00e7\u00e3o te\u00f3rica de uma &#8220;Matriz ou An\u00e1lise SWOT&#8221; no cen\u00e1rio educacional provinciano, ainda, devem-se propor aos gestores\/as nestas \u00e1reas que envolvem o mercado educacional &#8220;privado\/particular&#8221;, as seguintes considera\u00e7\u00f5es de acordo com o produto ou servi\u00e7o (educa\u00e7\u00e3o)&#8230;<\/p>\n<p>Neste contexto, a Organiza\u00e7\u00e3o educacional deve estar em conex\u00e3o com as &#8220;for\u00e7as de apoio, as oportunidades, debilidades e amea\u00e7as&#8221;, ainda, levando em considera\u00e7\u00e3o nestas propostas, o fator organizacional, o contexto financeiro, recursos humanos, cliente e produto\/servi\u00e7o&#8230;<\/p>\n<p>Portanto, o\/a Gestor\/a deve estar conectado com todas as \u00e1reas que atuam neste mercado na Prov\u00edncia, tamb\u00e9m, na regi\u00e3o e at\u00e9 mesmo nos n\u00edveis estadual e federal, tendo em vista a atua\u00e7\u00e3o da institui\u00e7\u00e3o educacional afins aos seus objetivos na capita\u00e7\u00e3o de novos discentes e ponto quase final&#8230;<\/p>\n<p>Entende-se que as prerrogativas s\u00e3o complexas quando se utiliza a &#8220;An\u00e1lise ou Matriz SWOT&#8221;, ainda mais quando o mercado ou servi\u00e7o encontra-se no interior do interior paulista, mesmo assim, n\u00e3o se pode mais &#8220;fazer de conta&#8221; com isto ou aquilo, assim, &#8220;profissionalizar \u00e9 mais do que necess\u00e1rio&#8221; para que o\/a Gestor\/a possa estar em conex\u00e3o \u00e0 conjuntura educacional em n\u00edvel mundial&#8230;<\/p>\n<p>A expans\u00e3o \u00e9 necess\u00e1ria e fundamental na \u00e1rea educacional, entretanto, faz-se necess\u00e1rio estar em &#8220;estado de alerta&#8221; por meio da utiliza\u00e7\u00e3o da &#8220;Matriz ou An\u00e1lise SWOT&#8221; neste novo tempo que se chama hoje para a regi\u00e3o provinciana na \u00e1rea educacional&#8230;<\/p>\n<p><strong><em>______________________________<\/em><\/strong><\/p>\n<p><strong><em>(*) jornalista diplomado, Consultor na \u00c1rea de Gest\u00e3o em Comunica\u00e7\u00e3o Organizacional e Pesquisador da C\u00e1tedra UNESCO\/UMESP de Comunica\u00e7\u00e3o para o Desenvolvimento Regional.<\/em><\/strong><\/p>\n<p><strong><em>e-mail: <\/em><\/strong><a href=\"mailto:barbosa.sebar@gmail.com\"><strong><em>barbosa.sebar@gmail.com<\/em><\/strong><\/a><\/p>\n","protected":false},"excerpt":{"rendered":"<p>O que \u00e9:\u00a0A famosa\u00a0matriz SWOT, tamb\u00e9m dita an\u00e1lise, foi desenvolvida na d\u00e9cada de 60 na Universidade de Stanford e, rapidamente, se transformou num exerc\u00edcio\/m\u00e9todo utilizado por todas as principais empresas do mundo na formula\u00e7\u00e3o de suas estrat\u00e9gias.Significado:\u00a0O nome, SWOT, \u00e9 uma sigla que significa Strenghts (For\u00e7as), Weaknesses (Fraquezas), Opportunities (Oportunidades) e Threats (Amea\u00e7as). Por essa [&hellip;]<\/p>\n","protected":false},"author":13,"featured_media":51988,"comment_status":"closed","ping_status":"open","sticky":false,"template":"","format":"standard","meta":{"_acf_changed":false,"_exactmetrics_skip_tracking":false,"_exactmetrics_sitenote_active":false,"_exactmetrics_sitenote_note":"","_exactmetrics_sitenote_category":0,"footnotes":""},"categories":[59],"tags":[],"class_list":["post-96969","post","type-post","status-publish","format-standard","has-post-thumbnail","hentry","category-opiniao"],"acf":[],"yoast_head":"<!-- This site is optimized with the Yoast SEO plugin v27.2 - https:\/\/yoast.com\/product\/yoast-seo-wordpress\/ -->\n<title>Prov\u00edncia, Mercado Educacional e &quot;Matriz ou An\u00e1lise SWOT&quot;... - R\u00e1dio Life FM<\/title>\n<meta name=\"robots\" content=\"index, follow, max-snippet:-1, max-image-preview:large, max-video-preview:-1\" \/>\n<link rel=\"canonical\" href=\"https:\/\/radiolifefm.com.br\/noticias\/provincia-mercado-educacional-e-matriz-ou-analise-swot\/\" \/>\n<meta property=\"og:locale\" content=\"pt_BR\" \/>\n<meta property=\"og:type\" content=\"article\" \/>\n<meta property=\"og:title\" content=\"Prov\u00edncia, Mercado Educacional e &quot;Matriz ou An\u00e1lise SWOT&quot;... - R\u00e1dio Life FM\" \/>\n<meta property=\"og:description\" content=\"O que \u00e9:\u00a0A famosa\u00a0matriz SWOT, tamb\u00e9m dita an\u00e1lise, foi desenvolvida na d\u00e9cada de 60 na Universidade de Stanford e, rapidamente, se transformou num exerc\u00edcio\/m\u00e9todo utilizado por todas as principais empresas do mundo na formula\u00e7\u00e3o de suas estrat\u00e9gias.Significado:\u00a0O nome, SWOT, \u00e9 uma sigla que significa Strenghts (For\u00e7as), Weaknesses (Fraquezas), Opportunities (Oportunidades) e Threats (Amea\u00e7as). Por essa [&hellip;]\" \/>\n<meta property=\"og:url\" content=\"https:\/\/radiolifefm.com.br\/noticias\/provincia-mercado-educacional-e-matriz-ou-analise-swot\/\" \/>\n<meta property=\"og:site_name\" content=\"R\u00e1dio Life FM\" \/>\n<meta property=\"article:publisher\" content=\"https:\/\/www.facebook.com\/radiolifefm\/\" \/>\n<meta property=\"article:published_time\" content=\"2025-01-24T12:55:46+00:00\" \/>\n<meta property=\"article:modified_time\" content=\"2026-03-21T05:00:11+00:00\" \/>\n<meta property=\"og:image\" content=\"https:\/\/radiolifefm.com.br\/noticias\/wp-content\/uploads\/2022\/04\/WhatsApp-Image-2022-04-10-at-18.43.02.jpeg\" \/>\n\t<meta property=\"og:image:width\" content=\"972\" \/>\n\t<meta property=\"og:image:height\" content=\"1296\" \/>\n\t<meta property=\"og:image:type\" content=\"image\/jpeg\" \/>\n<meta name=\"author\" content=\"ritanery\" \/>\n<meta name=\"twitter:card\" content=\"summary_large_image\" \/>\n<meta name=\"twitter:label1\" content=\"Escrito por\" \/>\n\t<meta name=\"twitter:data1\" content=\"ritanery\" \/>\n\t<meta name=\"twitter:label2\" content=\"Est. tempo de leitura\" \/>\n\t<meta name=\"twitter:data2\" content=\"4 minutos\" \/>\n<script type=\"application\/ld+json\" class=\"yoast-schema-graph\">{\"@context\":\"https:\/\/schema.org\",\"@graph\":[{\"@type\":\"Article\",\"@id\":\"https:\/\/radiolifefm.com.br\/noticias\/provincia-mercado-educacional-e-matriz-ou-analise-swot\/#article\",\"isPartOf\":{\"@id\":\"https:\/\/radiolifefm.com.br\/noticias\/provincia-mercado-educacional-e-matriz-ou-analise-swot\/\"},\"author\":{\"name\":\"ritanery\",\"@id\":\"https:\/\/radiolifefm.com.br\/noticias\/#\/schema\/person\/6339b9fac59d12b071dec680d7375d87\"},\"headline\":\"Prov\u00edncia, Mercado Educacional e &#8220;Matriz ou An\u00e1lise SWOT&#8221;&#8230;\",\"datePublished\":\"2025-01-24T12:55:46+00:00\",\"dateModified\":\"2026-03-21T05:00:11+00:00\",\"mainEntityOfPage\":{\"@id\":\"https:\/\/radiolifefm.com.br\/noticias\/provincia-mercado-educacional-e-matriz-ou-analise-swot\/\"},\"wordCount\":732,\"publisher\":{\"@id\":\"https:\/\/radiolifefm.com.br\/noticias\/#organization\"},\"image\":{\"@id\":\"https:\/\/radiolifefm.com.br\/noticias\/provincia-mercado-educacional-e-matriz-ou-analise-swot\/#primaryimage\"},\"thumbnailUrl\":\"https:\/\/radiolifefm.com.br\/noticias\/wp-content\/uploads\/2022\/04\/WhatsApp-Image-2022-04-10-at-18.43.02.jpeg\",\"articleSection\":[\"Opini\u00e3o\"],\"inLanguage\":\"pt-BR\"},{\"@type\":\"WebPage\",\"@id\":\"https:\/\/radiolifefm.com.br\/noticias\/provincia-mercado-educacional-e-matriz-ou-analise-swot\/\",\"url\":\"https:\/\/radiolifefm.com.br\/noticias\/provincia-mercado-educacional-e-matriz-ou-analise-swot\/\",\"name\":\"Prov\u00edncia, Mercado Educacional e \\\"Matriz ou An\u00e1lise SWOT\\\"... - R\u00e1dio Life FM\",\"isPartOf\":{\"@id\":\"https:\/\/radiolifefm.com.br\/noticias\/#website\"},\"primaryImageOfPage\":{\"@id\":\"https:\/\/radiolifefm.com.br\/noticias\/provincia-mercado-educacional-e-matriz-ou-analise-swot\/#primaryimage\"},\"image\":{\"@id\":\"https:\/\/radiolifefm.com.br\/noticias\/provincia-mercado-educacional-e-matriz-ou-analise-swot\/#primaryimage\"},\"thumbnailUrl\":\"https:\/\/radiolifefm.com.br\/noticias\/wp-content\/uploads\/2022\/04\/WhatsApp-Image-2022-04-10-at-18.43.02.jpeg\",\"datePublished\":\"2025-01-24T12:55:46+00:00\",\"dateModified\":\"2026-03-21T05:00:11+00:00\",\"breadcrumb\":{\"@id\":\"https:\/\/radiolifefm.com.br\/noticias\/provincia-mercado-educacional-e-matriz-ou-analise-swot\/#breadcrumb\"},\"inLanguage\":\"pt-BR\",\"potentialAction\":[{\"@type\":\"ReadAction\",\"target\":[\"https:\/\/radiolifefm.com.br\/noticias\/provincia-mercado-educacional-e-matriz-ou-analise-swot\/\"]}]},{\"@type\":\"ImageObject\",\"inLanguage\":\"pt-BR\",\"@id\":\"https:\/\/radiolifefm.com.br\/noticias\/provincia-mercado-educacional-e-matriz-ou-analise-swot\/#primaryimage\",\"url\":\"https:\/\/radiolifefm.com.br\/noticias\/wp-content\/uploads\/2022\/04\/WhatsApp-Image-2022-04-10-at-18.43.02.jpeg\",\"contentUrl\":\"https:\/\/radiolifefm.com.br\/noticias\/wp-content\/uploads\/2022\/04\/WhatsApp-Image-2022-04-10-at-18.43.02.jpeg\",\"width\":972,\"height\":1296,\"caption\":\"S\u00e9rgio Barbosa\"},{\"@type\":\"BreadcrumbList\",\"@id\":\"https:\/\/radiolifefm.com.br\/noticias\/provincia-mercado-educacional-e-matriz-ou-analise-swot\/#breadcrumb\",\"itemListElement\":[{\"@type\":\"ListItem\",\"position\":1,\"name\":\"In\u00edcio\",\"item\":\"https:\/\/radiolifefm.com.br\/noticias\/\"},{\"@type\":\"ListItem\",\"position\":2,\"name\":\"Prov\u00edncia, Mercado Educacional e &#8220;Matriz ou An\u00e1lise SWOT&#8221;&#8230;\"}]},{\"@type\":\"WebSite\",\"@id\":\"https:\/\/radiolifefm.com.br\/noticias\/#website\",\"url\":\"https:\/\/radiolifefm.com.br\/noticias\/\",\"name\":\"R\u00e1dio Life FM\",\"description\":\"O Portal de Not\u00edcias de Adamantina\",\"publisher\":{\"@id\":\"https:\/\/radiolifefm.com.br\/noticias\/#organization\"},\"alternateName\":\"Life FM\",\"potentialAction\":[{\"@type\":\"SearchAction\",\"target\":{\"@type\":\"EntryPoint\",\"urlTemplate\":\"https:\/\/radiolifefm.com.br\/noticias\/?s={search_term_string}\"},\"query-input\":{\"@type\":\"PropertyValueSpecification\",\"valueRequired\":true,\"valueName\":\"search_term_string\"}}],\"inLanguage\":\"pt-BR\"},{\"@type\":\"Organization\",\"@id\":\"https:\/\/radiolifefm.com.br\/noticias\/#organization\",\"name\":\"R\u00e1dio Life FM\",\"alternateName\":\"Life FM\",\"url\":\"https:\/\/radiolifefm.com.br\/noticias\/\",\"logo\":{\"@type\":\"ImageObject\",\"inLanguage\":\"pt-BR\",\"@id\":\"https:\/\/radiolifefm.com.br\/noticias\/#\/schema\/logo\/image\/\",\"url\":\"https:\/\/static.radiolifefm.com.br\/noticias\/wp-content\/uploads\/2019\/10\/logo-lifefm.png\",\"contentUrl\":\"https:\/\/static.radiolifefm.com.br\/noticias\/wp-content\/uploads\/2019\/10\/logo-lifefm.png\",\"width\":196,\"height\":47,\"caption\":\"R\u00e1dio Life FM\"},\"image\":{\"@id\":\"https:\/\/radiolifefm.com.br\/noticias\/#\/schema\/logo\/image\/\"},\"sameAs\":[\"https:\/\/www.facebook.com\/radiolifefm\/\",\"https:\/\/www.instagram.com\/life1079fm\/\"]},{\"@type\":\"Person\",\"@id\":\"https:\/\/radiolifefm.com.br\/noticias\/#\/schema\/person\/6339b9fac59d12b071dec680d7375d87\",\"name\":\"ritanery\",\"image\":{\"@type\":\"ImageObject\",\"inLanguage\":\"pt-BR\",\"@id\":\"https:\/\/secure.gravatar.com\/avatar\/0e37bb19071f47c0b8a23f62a903df117c5a0e75f65a0c2901562f97cd41cf86?s=96&d=mm&r=g\",\"url\":\"https:\/\/secure.gravatar.com\/avatar\/0e37bb19071f47c0b8a23f62a903df117c5a0e75f65a0c2901562f97cd41cf86?s=96&d=mm&r=g\",\"contentUrl\":\"https:\/\/secure.gravatar.com\/avatar\/0e37bb19071f47c0b8a23f62a903df117c5a0e75f65a0c2901562f97cd41cf86?s=96&d=mm&r=g\",\"caption\":\"ritanery\"}}]}<\/script>\n<!-- \/ Yoast SEO plugin. -->","yoast_head_json":{"title":"Prov\u00edncia, Mercado Educacional e \"Matriz ou An\u00e1lise SWOT\"... - R\u00e1dio Life FM","robots":{"index":"index","follow":"follow","max-snippet":"max-snippet:-1","max-image-preview":"max-image-preview:large","max-video-preview":"max-video-preview:-1"},"canonical":"https:\/\/radiolifefm.com.br\/noticias\/provincia-mercado-educacional-e-matriz-ou-analise-swot\/","og_locale":"pt_BR","og_type":"article","og_title":"Prov\u00edncia, Mercado Educacional e \"Matriz ou An\u00e1lise SWOT\"... - R\u00e1dio Life FM","og_description":"O que \u00e9:\u00a0A famosa\u00a0matriz SWOT, tamb\u00e9m dita an\u00e1lise, foi desenvolvida na d\u00e9cada de 60 na Universidade de Stanford e, rapidamente, se transformou num exerc\u00edcio\/m\u00e9todo utilizado por todas as principais empresas do mundo na formula\u00e7\u00e3o de suas estrat\u00e9gias.Significado:\u00a0O nome, SWOT, \u00e9 uma sigla que significa Strenghts (For\u00e7as), Weaknesses (Fraquezas), Opportunities (Oportunidades) e Threats (Amea\u00e7as). Por essa [&hellip;]","og_url":"https:\/\/radiolifefm.com.br\/noticias\/provincia-mercado-educacional-e-matriz-ou-analise-swot\/","og_site_name":"R\u00e1dio Life FM","article_publisher":"https:\/\/www.facebook.com\/radiolifefm\/","article_published_time":"2025-01-24T12:55:46+00:00","article_modified_time":"2026-03-21T05:00:11+00:00","og_image":[{"width":972,"height":1296,"url":"https:\/\/radiolifefm.com.br\/noticias\/wp-content\/uploads\/2022\/04\/WhatsApp-Image-2022-04-10-at-18.43.02.jpeg","type":"image\/jpeg"}],"author":"ritanery","twitter_card":"summary_large_image","twitter_misc":{"Escrito por":"ritanery","Est. tempo de leitura":"4 minutos"},"schema":{"@context":"https:\/\/schema.org","@graph":[{"@type":"Article","@id":"https:\/\/radiolifefm.com.br\/noticias\/provincia-mercado-educacional-e-matriz-ou-analise-swot\/#article","isPartOf":{"@id":"https:\/\/radiolifefm.com.br\/noticias\/provincia-mercado-educacional-e-matriz-ou-analise-swot\/"},"author":{"name":"ritanery","@id":"https:\/\/radiolifefm.com.br\/noticias\/#\/schema\/person\/6339b9fac59d12b071dec680d7375d87"},"headline":"Prov\u00edncia, Mercado Educacional e &#8220;Matriz ou An\u00e1lise SWOT&#8221;&#8230;","datePublished":"2025-01-24T12:55:46+00:00","dateModified":"2026-03-21T05:00:11+00:00","mainEntityOfPage":{"@id":"https:\/\/radiolifefm.com.br\/noticias\/provincia-mercado-educacional-e-matriz-ou-analise-swot\/"},"wordCount":732,"publisher":{"@id":"https:\/\/radiolifefm.com.br\/noticias\/#organization"},"image":{"@id":"https:\/\/radiolifefm.com.br\/noticias\/provincia-mercado-educacional-e-matriz-ou-analise-swot\/#primaryimage"},"thumbnailUrl":"https:\/\/radiolifefm.com.br\/noticias\/wp-content\/uploads\/2022\/04\/WhatsApp-Image-2022-04-10-at-18.43.02.jpeg","articleSection":["Opini\u00e3o"],"inLanguage":"pt-BR"},{"@type":"WebPage","@id":"https:\/\/radiolifefm.com.br\/noticias\/provincia-mercado-educacional-e-matriz-ou-analise-swot\/","url":"https:\/\/radiolifefm.com.br\/noticias\/provincia-mercado-educacional-e-matriz-ou-analise-swot\/","name":"Prov\u00edncia, Mercado Educacional e \"Matriz ou An\u00e1lise SWOT\"... - R\u00e1dio Life FM","isPartOf":{"@id":"https:\/\/radiolifefm.com.br\/noticias\/#website"},"primaryImageOfPage":{"@id":"https:\/\/radiolifefm.com.br\/noticias\/provincia-mercado-educacional-e-matriz-ou-analise-swot\/#primaryimage"},"image":{"@id":"https:\/\/radiolifefm.com.br\/noticias\/provincia-mercado-educacional-e-matriz-ou-analise-swot\/#primaryimage"},"thumbnailUrl":"https:\/\/radiolifefm.com.br\/noticias\/wp-content\/uploads\/2022\/04\/WhatsApp-Image-2022-04-10-at-18.43.02.jpeg","datePublished":"2025-01-24T12:55:46+00:00","dateModified":"2026-03-21T05:00:11+00:00","breadcrumb":{"@id":"https:\/\/radiolifefm.com.br\/noticias\/provincia-mercado-educacional-e-matriz-ou-analise-swot\/#breadcrumb"},"inLanguage":"pt-BR","potentialAction":[{"@type":"ReadAction","target":["https:\/\/radiolifefm.com.br\/noticias\/provincia-mercado-educacional-e-matriz-ou-analise-swot\/"]}]},{"@type":"ImageObject","inLanguage":"pt-BR","@id":"https:\/\/radiolifefm.com.br\/noticias\/provincia-mercado-educacional-e-matriz-ou-analise-swot\/#primaryimage","url":"https:\/\/radiolifefm.com.br\/noticias\/wp-content\/uploads\/2022\/04\/WhatsApp-Image-2022-04-10-at-18.43.02.jpeg","contentUrl":"https:\/\/radiolifefm.com.br\/noticias\/wp-content\/uploads\/2022\/04\/WhatsApp-Image-2022-04-10-at-18.43.02.jpeg","width":972,"height":1296,"caption":"S\u00e9rgio Barbosa"},{"@type":"BreadcrumbList","@id":"https:\/\/radiolifefm.com.br\/noticias\/provincia-mercado-educacional-e-matriz-ou-analise-swot\/#breadcrumb","itemListElement":[{"@type":"ListItem","position":1,"name":"In\u00edcio","item":"https:\/\/radiolifefm.com.br\/noticias\/"},{"@type":"ListItem","position":2,"name":"Prov\u00edncia, Mercado Educacional e &#8220;Matriz ou An\u00e1lise SWOT&#8221;&#8230;"}]},{"@type":"WebSite","@id":"https:\/\/radiolifefm.com.br\/noticias\/#website","url":"https:\/\/radiolifefm.com.br\/noticias\/","name":"R\u00e1dio Life FM","description":"O Portal de Not\u00edcias de Adamantina","publisher":{"@id":"https:\/\/radiolifefm.com.br\/noticias\/#organization"},"alternateName":"Life FM","potentialAction":[{"@type":"SearchAction","target":{"@type":"EntryPoint","urlTemplate":"https:\/\/radiolifefm.com.br\/noticias\/?s={search_term_string}"},"query-input":{"@type":"PropertyValueSpecification","valueRequired":true,"valueName":"search_term_string"}}],"inLanguage":"pt-BR"},{"@type":"Organization","@id":"https:\/\/radiolifefm.com.br\/noticias\/#organization","name":"R\u00e1dio Life FM","alternateName":"Life FM","url":"https:\/\/radiolifefm.com.br\/noticias\/","logo":{"@type":"ImageObject","inLanguage":"pt-BR","@id":"https:\/\/radiolifefm.com.br\/noticias\/#\/schema\/logo\/image\/","url":"https:\/\/static.radiolifefm.com.br\/noticias\/wp-content\/uploads\/2019\/10\/logo-lifefm.png","contentUrl":"https:\/\/static.radiolifefm.com.br\/noticias\/wp-content\/uploads\/2019\/10\/logo-lifefm.png","width":196,"height":47,"caption":"R\u00e1dio Life FM"},"image":{"@id":"https:\/\/radiolifefm.com.br\/noticias\/#\/schema\/logo\/image\/"},"sameAs":["https:\/\/www.facebook.com\/radiolifefm\/","https:\/\/www.instagram.com\/life1079fm\/"]},{"@type":"Person","@id":"https:\/\/radiolifefm.com.br\/noticias\/#\/schema\/person\/6339b9fac59d12b071dec680d7375d87","name":"ritanery","image":{"@type":"ImageObject","inLanguage":"pt-BR","@id":"https:\/\/secure.gravatar.com\/avatar\/0e37bb19071f47c0b8a23f62a903df117c5a0e75f65a0c2901562f97cd41cf86?s=96&d=mm&r=g","url":"https:\/\/secure.gravatar.com\/avatar\/0e37bb19071f47c0b8a23f62a903df117c5a0e75f65a0c2901562f97cd41cf86?s=96&d=mm&r=g","contentUrl":"https:\/\/secure.gravatar.com\/avatar\/0e37bb19071f47c0b8a23f62a903df117c5a0e75f65a0c2901562f97cd41cf86?s=96&d=mm&r=g","caption":"ritanery"}}]}},"amp_enabled":true,"_links":{"self":[{"href":"https:\/\/radiolifefm.com.br\/noticias\/wp-json\/wp\/v2\/posts\/96969","targetHints":{"allow":["GET"]}}],"collection":[{"href":"https:\/\/radiolifefm.com.br\/noticias\/wp-json\/wp\/v2\/posts"}],"about":[{"href":"https:\/\/radiolifefm.com.br\/noticias\/wp-json\/wp\/v2\/types\/post"}],"author":[{"embeddable":true,"href":"https:\/\/radiolifefm.com.br\/noticias\/wp-json\/wp\/v2\/users\/13"}],"replies":[{"embeddable":true,"href":"https:\/\/radiolifefm.com.br\/noticias\/wp-json\/wp\/v2\/comments?post=96969"}],"version-history":[{"count":1,"href":"https:\/\/radiolifefm.com.br\/noticias\/wp-json\/wp\/v2\/posts\/96969\/revisions"}],"predecessor-version":[{"id":96970,"href":"https:\/\/radiolifefm.com.br\/noticias\/wp-json\/wp\/v2\/posts\/96969\/revisions\/96970"}],"wp:featuredmedia":[{"embeddable":true,"href":"https:\/\/radiolifefm.com.br\/noticias\/wp-json\/wp\/v2\/media\/51988"}],"wp:attachment":[{"href":"https:\/\/radiolifefm.com.br\/noticias\/wp-json\/wp\/v2\/media?parent=96969"}],"wp:term":[{"taxonomy":"category","embeddable":true,"href":"https:\/\/radiolifefm.com.br\/noticias\/wp-json\/wp\/v2\/categories?post=96969"},{"taxonomy":"post_tag","embeddable":true,"href":"https:\/\/radiolifefm.com.br\/noticias\/wp-json\/wp\/v2\/tags?post=96969"}],"curies":[{"name":"wp","href":"https:\/\/api.w.org\/{rel}","templated":true}]}}