{"id":96965,"date":"2025-01-23T15:36:54","date_gmt":"2025-01-23T18:36:54","guid":{"rendered":"https:\/\/radiolifefm.com.br\/noticias\/?p=96965"},"modified":"2026-03-04T10:10:38","modified_gmt":"2026-03-04T13:10:38","slug":"acordo-de-cessar-fogo","status":"publish","type":"post","link":"https:\/\/radiolifefm.com.br\/noticias\/acordo-de-cessar-fogo\/","title":{"rendered":"Acordo de cessar-fogo!"},"content":{"rendered":"<div id=\"fb-root\"><\/div>\n<p>Mas qual fogo? O que explode, queima e destr\u00f3i?<\/p>\n<p>Ou o que discrimina, odeia e segrega?<\/p>\n<p>O fogo que deixa marcas na carne e feridas abetas na alma?<\/p>\n<p>O fogo que fecha os olhos para os resultados de suas bombas e crimes de guerra?<\/p>\n<p>O fogo que tapa os OUVIDOS ao grito pavoroso de inocentes, mortos, ou pior, mutilados em uma guerra que eles nem entendem ainda por que acontece?<\/p>\n<p>O fogo que causa l\u00e1grimas e embarga a voz de m\u00e9dicos, obrigados a amputar sem anestesia os feridos de guerra, por que os medicamentos s\u00e3o impedidos de chegar aos agonizantes hospitais?<\/p>\n<p>Quem responde? &#8230; Sil\u00eancio!<\/p>\n<p>Poderosos, agora respaldados pelo \u00f3dio de quem se assenta no trono do mundo, e como se fossem Deuses, decidem quem vive e quem morre! A dor n\u00e3o vai aliviar.<\/p>\n<p>Quem volta ao poder, com os olhos de \u00f3dio e m\u00e3os sujas de sangue, n\u00e3o vai declinar de sua ambi\u00e7\u00e3o e poderio.<\/p>\n<p>A na\u00e7\u00e3o, v\u00edtima do holocausto, reproduz, com efeito, muito maior, por conta do armamento b\u00e9lico de \u00faltima gera\u00e7\u00e3o, a dor que esqueceu, o medo que sentiu, o prato que derramou, sem ter onde encontrar abrigo. Agora, com a m\u00e3o assassina e esmagadora da besta que emergiu da terra e que se acha poderosa e dona do mundo, n\u00e3o conhecer\u00e1 limites para sua hedionda e mal\u00e9vola exist\u00eancia.<\/p>\n<p>\u00c9 isso que est\u00e3o causando a um povo que n\u00e3o vai desistir de seu direito de existir.<\/p>\n<p>Gaza, cambaleante, mas viva! Carrega seus mortos. Entre as mortes, 3.588 eram crian\u00e7as e 2.036 mulheres, diz relat\u00f3rio do Alto Comissariado para Direitos Humanos da ONU, at\u00e9 novembro de 2024.<\/p>\n<p>Israel mata na Palestina 16,5 vezes mais crian\u00e7as do que os nazistas mataram em Auschwitz, maior campo de exterm\u00ednio da Alemanha. (Fonte: Ag\u00eancia C\u00e2mara de Not\u00edcias).<\/p>\n<p>Diante do mundo, o som do sil\u00eancio ensurdecedor da ONU e OTAN evidencia viola\u00e7\u00e3o dos princ\u00edpios fundamentais do direito internacional humanit\u00e1rio&#8221;. Entidades criadas para \u201cmanter a paz e seguran\u00e7a internacional\u201d<\/p>\n<p>Ent\u00e3o, a guerra fria e o fogo do \u00f3dio continuam a arder, queimando os sonhos, a vida e a alma de quem ainda sobrevive nessa faixa.<\/p>\n<p>&nbsp;<\/p>\n<p><strong>Solange Lisboa<\/strong><\/p>\n<p><strong>@sollisboapoeta<\/strong><\/p>\n<p><strong>Solangeserrao3gmail.com<\/strong><\/p>\n","protected":false},"excerpt":{"rendered":"<p>Mas qual fogo? O que explode, queima e destr\u00f3i? Ou o que discrimina, odeia e segrega? O fogo que deixa marcas na carne e feridas abetas na alma? O fogo que fecha os olhos para os resultados de suas bombas e crimes de guerra? O fogo que tapa os OUVIDOS ao grito pavoroso de inocentes, [&hellip;]<\/p>\n","protected":false},"author":13,"featured_media":96966,"comment_status":"closed","ping_status":"open","sticky":false,"template":"","format":"standard","meta":{"_acf_changed":false,"_exactmetrics_skip_tracking":false,"_exactmetrics_sitenote_active":false,"_exactmetrics_sitenote_note":"","_exactmetrics_sitenote_category":0,"footnotes":""},"categories":[59],"tags":[],"class_list":["post-96965","post","type-post","status-publish","format-standard","has-post-thumbnail","hentry","category-opiniao"],"acf":[],"yoast_head":"<!-- This site is optimized with the Yoast SEO plugin v27.2 - https:\/\/yoast.com\/product\/yoast-seo-wordpress\/ -->\n<title>Acordo de cessar-fogo! - R\u00e1dio Life FM<\/title>\n<meta name=\"robots\" content=\"index, follow, max-snippet:-1, max-image-preview:large, max-video-preview:-1\" \/>\n<link rel=\"canonical\" href=\"https:\/\/radiolifefm.com.br\/noticias\/acordo-de-cessar-fogo\/\" \/>\n<meta property=\"og:locale\" content=\"pt_BR\" \/>\n<meta property=\"og:type\" content=\"article\" \/>\n<meta property=\"og:title\" content=\"Acordo de cessar-fogo! - R\u00e1dio Life FM\" \/>\n<meta property=\"og:description\" content=\"Mas qual fogo? O que explode, queima e destr\u00f3i? Ou o que discrimina, odeia e segrega? O fogo que deixa marcas na carne e feridas abetas na alma? O fogo que fecha os olhos para os resultados de suas bombas e crimes de guerra? O fogo que tapa os OUVIDOS ao grito pavoroso de inocentes, [&hellip;]\" \/>\n<meta property=\"og:url\" content=\"https:\/\/radiolifefm.com.br\/noticias\/acordo-de-cessar-fogo\/\" \/>\n<meta property=\"og:site_name\" content=\"R\u00e1dio Life FM\" \/>\n<meta property=\"article:publisher\" content=\"https:\/\/www.facebook.com\/radiolifefm\/\" \/>\n<meta property=\"article:published_time\" content=\"2025-01-23T18:36:54+00:00\" \/>\n<meta property=\"article:modified_time\" content=\"2026-03-04T13:10:38+00:00\" \/>\n<meta property=\"og:image\" content=\"https:\/\/radiolifefm.com.br\/noticias\/wp-content\/uploads\/2025\/01\/WhatsApp-Image-2025-01-22-at-14.44.37.jpeg\" \/>\n\t<meta property=\"og:image:width\" content=\"1199\" \/>\n\t<meta property=\"og:image:height\" content=\"1599\" \/>\n\t<meta property=\"og:image:type\" content=\"image\/jpeg\" \/>\n<meta name=\"author\" content=\"ritanery\" \/>\n<meta name=\"twitter:card\" content=\"summary_large_image\" \/>\n<meta name=\"twitter:label1\" content=\"Escrito por\" \/>\n\t<meta name=\"twitter:data1\" content=\"ritanery\" \/>\n\t<meta name=\"twitter:label2\" content=\"Est. tempo de leitura\" \/>\n\t<meta name=\"twitter:data2\" content=\"3 minutos\" \/>\n<script type=\"application\/ld+json\" class=\"yoast-schema-graph\">{\"@context\":\"https:\/\/schema.org\",\"@graph\":[{\"@type\":\"Article\",\"@id\":\"https:\/\/radiolifefm.com.br\/noticias\/acordo-de-cessar-fogo\/#article\",\"isPartOf\":{\"@id\":\"https:\/\/radiolifefm.com.br\/noticias\/acordo-de-cessar-fogo\/\"},\"author\":{\"name\":\"ritanery\",\"@id\":\"https:\/\/radiolifefm.com.br\/noticias\/#\/schema\/person\/6339b9fac59d12b071dec680d7375d87\"},\"headline\":\"Acordo de cessar-fogo!\",\"datePublished\":\"2025-01-23T18:36:54+00:00\",\"dateModified\":\"2026-03-04T13:10:38+00:00\",\"mainEntityOfPage\":{\"@id\":\"https:\/\/radiolifefm.com.br\/noticias\/acordo-de-cessar-fogo\/\"},\"wordCount\":387,\"publisher\":{\"@id\":\"https:\/\/radiolifefm.com.br\/noticias\/#organization\"},\"image\":{\"@id\":\"https:\/\/radiolifefm.com.br\/noticias\/acordo-de-cessar-fogo\/#primaryimage\"},\"thumbnailUrl\":\"https:\/\/radiolifefm.com.br\/noticias\/wp-content\/uploads\/2025\/01\/WhatsApp-Image-2025-01-22-at-14.44.37.jpeg\",\"articleSection\":[\"Opini\u00e3o\"],\"inLanguage\":\"pt-BR\"},{\"@type\":\"WebPage\",\"@id\":\"https:\/\/radiolifefm.com.br\/noticias\/acordo-de-cessar-fogo\/\",\"url\":\"https:\/\/radiolifefm.com.br\/noticias\/acordo-de-cessar-fogo\/\",\"name\":\"Acordo de cessar-fogo! - R\u00e1dio Life FM\",\"isPartOf\":{\"@id\":\"https:\/\/radiolifefm.com.br\/noticias\/#website\"},\"primaryImageOfPage\":{\"@id\":\"https:\/\/radiolifefm.com.br\/noticias\/acordo-de-cessar-fogo\/#primaryimage\"},\"image\":{\"@id\":\"https:\/\/radiolifefm.com.br\/noticias\/acordo-de-cessar-fogo\/#primaryimage\"},\"thumbnailUrl\":\"https:\/\/radiolifefm.com.br\/noticias\/wp-content\/uploads\/2025\/01\/WhatsApp-Image-2025-01-22-at-14.44.37.jpeg\",\"datePublished\":\"2025-01-23T18:36:54+00:00\",\"dateModified\":\"2026-03-04T13:10:38+00:00\",\"breadcrumb\":{\"@id\":\"https:\/\/radiolifefm.com.br\/noticias\/acordo-de-cessar-fogo\/#breadcrumb\"},\"inLanguage\":\"pt-BR\",\"potentialAction\":[{\"@type\":\"ReadAction\",\"target\":[\"https:\/\/radiolifefm.com.br\/noticias\/acordo-de-cessar-fogo\/\"]}]},{\"@type\":\"ImageObject\",\"inLanguage\":\"pt-BR\",\"@id\":\"https:\/\/radiolifefm.com.br\/noticias\/acordo-de-cessar-fogo\/#primaryimage\",\"url\":\"https:\/\/radiolifefm.com.br\/noticias\/wp-content\/uploads\/2025\/01\/WhatsApp-Image-2025-01-22-at-14.44.37.jpeg\",\"contentUrl\":\"https:\/\/radiolifefm.com.br\/noticias\/wp-content\/uploads\/2025\/01\/WhatsApp-Image-2025-01-22-at-14.44.37.jpeg\",\"width\":1199,\"height\":1599},{\"@type\":\"BreadcrumbList\",\"@id\":\"https:\/\/radiolifefm.com.br\/noticias\/acordo-de-cessar-fogo\/#breadcrumb\",\"itemListElement\":[{\"@type\":\"ListItem\",\"position\":1,\"name\":\"In\u00edcio\",\"item\":\"https:\/\/radiolifefm.com.br\/noticias\/\"},{\"@type\":\"ListItem\",\"position\":2,\"name\":\"Acordo de cessar-fogo!\"}]},{\"@type\":\"WebSite\",\"@id\":\"https:\/\/radiolifefm.com.br\/noticias\/#website\",\"url\":\"https:\/\/radiolifefm.com.br\/noticias\/\",\"name\":\"R\u00e1dio Life FM\",\"description\":\"O Portal de Not\u00edcias de Adamantina\",\"publisher\":{\"@id\":\"https:\/\/radiolifefm.com.br\/noticias\/#organization\"},\"alternateName\":\"Life FM\",\"potentialAction\":[{\"@type\":\"SearchAction\",\"target\":{\"@type\":\"EntryPoint\",\"urlTemplate\":\"https:\/\/radiolifefm.com.br\/noticias\/?s={search_term_string}\"},\"query-input\":{\"@type\":\"PropertyValueSpecification\",\"valueRequired\":true,\"valueName\":\"search_term_string\"}}],\"inLanguage\":\"pt-BR\"},{\"@type\":\"Organization\",\"@id\":\"https:\/\/radiolifefm.com.br\/noticias\/#organization\",\"name\":\"R\u00e1dio Life FM\",\"alternateName\":\"Life FM\",\"url\":\"https:\/\/radiolifefm.com.br\/noticias\/\",\"logo\":{\"@type\":\"ImageObject\",\"inLanguage\":\"pt-BR\",\"@id\":\"https:\/\/radiolifefm.com.br\/noticias\/#\/schema\/logo\/image\/\",\"url\":\"https:\/\/static.radiolifefm.com.br\/noticias\/wp-content\/uploads\/2019\/10\/logo-lifefm.png\",\"contentUrl\":\"https:\/\/static.radiolifefm.com.br\/noticias\/wp-content\/uploads\/2019\/10\/logo-lifefm.png\",\"width\":196,\"height\":47,\"caption\":\"R\u00e1dio Life FM\"},\"image\":{\"@id\":\"https:\/\/radiolifefm.com.br\/noticias\/#\/schema\/logo\/image\/\"},\"sameAs\":[\"https:\/\/www.facebook.com\/radiolifefm\/\",\"https:\/\/www.instagram.com\/life1079fm\/\"]},{\"@type\":\"Person\",\"@id\":\"https:\/\/radiolifefm.com.br\/noticias\/#\/schema\/person\/6339b9fac59d12b071dec680d7375d87\",\"name\":\"ritanery\",\"image\":{\"@type\":\"ImageObject\",\"inLanguage\":\"pt-BR\",\"@id\":\"https:\/\/secure.gravatar.com\/avatar\/0e37bb19071f47c0b8a23f62a903df117c5a0e75f65a0c2901562f97cd41cf86?s=96&d=mm&r=g\",\"url\":\"https:\/\/secure.gravatar.com\/avatar\/0e37bb19071f47c0b8a23f62a903df117c5a0e75f65a0c2901562f97cd41cf86?s=96&d=mm&r=g\",\"contentUrl\":\"https:\/\/secure.gravatar.com\/avatar\/0e37bb19071f47c0b8a23f62a903df117c5a0e75f65a0c2901562f97cd41cf86?s=96&d=mm&r=g\",\"caption\":\"ritanery\"}}]}<\/script>\n<!-- \/ Yoast SEO plugin. -->","yoast_head_json":{"title":"Acordo de cessar-fogo! - R\u00e1dio Life FM","robots":{"index":"index","follow":"follow","max-snippet":"max-snippet:-1","max-image-preview":"max-image-preview:large","max-video-preview":"max-video-preview:-1"},"canonical":"https:\/\/radiolifefm.com.br\/noticias\/acordo-de-cessar-fogo\/","og_locale":"pt_BR","og_type":"article","og_title":"Acordo de cessar-fogo! - R\u00e1dio Life FM","og_description":"Mas qual fogo? O que explode, queima e destr\u00f3i? Ou o que discrimina, odeia e segrega? O fogo que deixa marcas na carne e feridas abetas na alma? O fogo que fecha os olhos para os resultados de suas bombas e crimes de guerra? O fogo que tapa os OUVIDOS ao grito pavoroso de inocentes, [&hellip;]","og_url":"https:\/\/radiolifefm.com.br\/noticias\/acordo-de-cessar-fogo\/","og_site_name":"R\u00e1dio Life FM","article_publisher":"https:\/\/www.facebook.com\/radiolifefm\/","article_published_time":"2025-01-23T18:36:54+00:00","article_modified_time":"2026-03-04T13:10:38+00:00","og_image":[{"width":1199,"height":1599,"url":"https:\/\/radiolifefm.com.br\/noticias\/wp-content\/uploads\/2025\/01\/WhatsApp-Image-2025-01-22-at-14.44.37.jpeg","type":"image\/jpeg"}],"author":"ritanery","twitter_card":"summary_large_image","twitter_misc":{"Escrito por":"ritanery","Est. tempo de leitura":"3 minutos"},"schema":{"@context":"https:\/\/schema.org","@graph":[{"@type":"Article","@id":"https:\/\/radiolifefm.com.br\/noticias\/acordo-de-cessar-fogo\/#article","isPartOf":{"@id":"https:\/\/radiolifefm.com.br\/noticias\/acordo-de-cessar-fogo\/"},"author":{"name":"ritanery","@id":"https:\/\/radiolifefm.com.br\/noticias\/#\/schema\/person\/6339b9fac59d12b071dec680d7375d87"},"headline":"Acordo de cessar-fogo!","datePublished":"2025-01-23T18:36:54+00:00","dateModified":"2026-03-04T13:10:38+00:00","mainEntityOfPage":{"@id":"https:\/\/radiolifefm.com.br\/noticias\/acordo-de-cessar-fogo\/"},"wordCount":387,"publisher":{"@id":"https:\/\/radiolifefm.com.br\/noticias\/#organization"},"image":{"@id":"https:\/\/radiolifefm.com.br\/noticias\/acordo-de-cessar-fogo\/#primaryimage"},"thumbnailUrl":"https:\/\/radiolifefm.com.br\/noticias\/wp-content\/uploads\/2025\/01\/WhatsApp-Image-2025-01-22-at-14.44.37.jpeg","articleSection":["Opini\u00e3o"],"inLanguage":"pt-BR"},{"@type":"WebPage","@id":"https:\/\/radiolifefm.com.br\/noticias\/acordo-de-cessar-fogo\/","url":"https:\/\/radiolifefm.com.br\/noticias\/acordo-de-cessar-fogo\/","name":"Acordo de cessar-fogo! - R\u00e1dio Life FM","isPartOf":{"@id":"https:\/\/radiolifefm.com.br\/noticias\/#website"},"primaryImageOfPage":{"@id":"https:\/\/radiolifefm.com.br\/noticias\/acordo-de-cessar-fogo\/#primaryimage"},"image":{"@id":"https:\/\/radiolifefm.com.br\/noticias\/acordo-de-cessar-fogo\/#primaryimage"},"thumbnailUrl":"https:\/\/radiolifefm.com.br\/noticias\/wp-content\/uploads\/2025\/01\/WhatsApp-Image-2025-01-22-at-14.44.37.jpeg","datePublished":"2025-01-23T18:36:54+00:00","dateModified":"2026-03-04T13:10:38+00:00","breadcrumb":{"@id":"https:\/\/radiolifefm.com.br\/noticias\/acordo-de-cessar-fogo\/#breadcrumb"},"inLanguage":"pt-BR","potentialAction":[{"@type":"ReadAction","target":["https:\/\/radiolifefm.com.br\/noticias\/acordo-de-cessar-fogo\/"]}]},{"@type":"ImageObject","inLanguage":"pt-BR","@id":"https:\/\/radiolifefm.com.br\/noticias\/acordo-de-cessar-fogo\/#primaryimage","url":"https:\/\/radiolifefm.com.br\/noticias\/wp-content\/uploads\/2025\/01\/WhatsApp-Image-2025-01-22-at-14.44.37.jpeg","contentUrl":"https:\/\/radiolifefm.com.br\/noticias\/wp-content\/uploads\/2025\/01\/WhatsApp-Image-2025-01-22-at-14.44.37.jpeg","width":1199,"height":1599},{"@type":"BreadcrumbList","@id":"https:\/\/radiolifefm.com.br\/noticias\/acordo-de-cessar-fogo\/#breadcrumb","itemListElement":[{"@type":"ListItem","position":1,"name":"In\u00edcio","item":"https:\/\/radiolifefm.com.br\/noticias\/"},{"@type":"ListItem","position":2,"name":"Acordo de cessar-fogo!"}]},{"@type":"WebSite","@id":"https:\/\/radiolifefm.com.br\/noticias\/#website","url":"https:\/\/radiolifefm.com.br\/noticias\/","name":"R\u00e1dio Life FM","description":"O Portal de Not\u00edcias de Adamantina","publisher":{"@id":"https:\/\/radiolifefm.com.br\/noticias\/#organization"},"alternateName":"Life FM","potentialAction":[{"@type":"SearchAction","target":{"@type":"EntryPoint","urlTemplate":"https:\/\/radiolifefm.com.br\/noticias\/?s={search_term_string}"},"query-input":{"@type":"PropertyValueSpecification","valueRequired":true,"valueName":"search_term_string"}}],"inLanguage":"pt-BR"},{"@type":"Organization","@id":"https:\/\/radiolifefm.com.br\/noticias\/#organization","name":"R\u00e1dio Life FM","alternateName":"Life FM","url":"https:\/\/radiolifefm.com.br\/noticias\/","logo":{"@type":"ImageObject","inLanguage":"pt-BR","@id":"https:\/\/radiolifefm.com.br\/noticias\/#\/schema\/logo\/image\/","url":"https:\/\/static.radiolifefm.com.br\/noticias\/wp-content\/uploads\/2019\/10\/logo-lifefm.png","contentUrl":"https:\/\/static.radiolifefm.com.br\/noticias\/wp-content\/uploads\/2019\/10\/logo-lifefm.png","width":196,"height":47,"caption":"R\u00e1dio Life FM"},"image":{"@id":"https:\/\/radiolifefm.com.br\/noticias\/#\/schema\/logo\/image\/"},"sameAs":["https:\/\/www.facebook.com\/radiolifefm\/","https:\/\/www.instagram.com\/life1079fm\/"]},{"@type":"Person","@id":"https:\/\/radiolifefm.com.br\/noticias\/#\/schema\/person\/6339b9fac59d12b071dec680d7375d87","name":"ritanery","image":{"@type":"ImageObject","inLanguage":"pt-BR","@id":"https:\/\/secure.gravatar.com\/avatar\/0e37bb19071f47c0b8a23f62a903df117c5a0e75f65a0c2901562f97cd41cf86?s=96&d=mm&r=g","url":"https:\/\/secure.gravatar.com\/avatar\/0e37bb19071f47c0b8a23f62a903df117c5a0e75f65a0c2901562f97cd41cf86?s=96&d=mm&r=g","contentUrl":"https:\/\/secure.gravatar.com\/avatar\/0e37bb19071f47c0b8a23f62a903df117c5a0e75f65a0c2901562f97cd41cf86?s=96&d=mm&r=g","caption":"ritanery"}}]}},"amp_enabled":true,"_links":{"self":[{"href":"https:\/\/radiolifefm.com.br\/noticias\/wp-json\/wp\/v2\/posts\/96965","targetHints":{"allow":["GET"]}}],"collection":[{"href":"https:\/\/radiolifefm.com.br\/noticias\/wp-json\/wp\/v2\/posts"}],"about":[{"href":"https:\/\/radiolifefm.com.br\/noticias\/wp-json\/wp\/v2\/types\/post"}],"author":[{"embeddable":true,"href":"https:\/\/radiolifefm.com.br\/noticias\/wp-json\/wp\/v2\/users\/13"}],"replies":[{"embeddable":true,"href":"https:\/\/radiolifefm.com.br\/noticias\/wp-json\/wp\/v2\/comments?post=96965"}],"version-history":[{"count":1,"href":"https:\/\/radiolifefm.com.br\/noticias\/wp-json\/wp\/v2\/posts\/96965\/revisions"}],"predecessor-version":[{"id":96967,"href":"https:\/\/radiolifefm.com.br\/noticias\/wp-json\/wp\/v2\/posts\/96965\/revisions\/96967"}],"wp:featuredmedia":[{"embeddable":true,"href":"https:\/\/radiolifefm.com.br\/noticias\/wp-json\/wp\/v2\/media\/96966"}],"wp:attachment":[{"href":"https:\/\/radiolifefm.com.br\/noticias\/wp-json\/wp\/v2\/media?parent=96965"}],"wp:term":[{"taxonomy":"category","embeddable":true,"href":"https:\/\/radiolifefm.com.br\/noticias\/wp-json\/wp\/v2\/categories?post=96965"},{"taxonomy":"post_tag","embeddable":true,"href":"https:\/\/radiolifefm.com.br\/noticias\/wp-json\/wp\/v2\/tags?post=96965"}],"curies":[{"name":"wp","href":"https:\/\/api.w.org\/{rel}","templated":true}]}}