{"id":96902,"date":"2025-01-22T16:06:39","date_gmt":"2025-01-22T19:06:39","guid":{"rendered":"https:\/\/radiolifefm.com.br\/noticias\/?p=96902"},"modified":"2026-04-03T17:25:15","modified_gmt":"2026-04-03T20:25:15","slug":"a-historia-que-andava-de-um-lado-para-o-outro-nesta-provincia-do-faz-de-conta-2","status":"publish","type":"post","link":"https:\/\/radiolifefm.com.br\/noticias\/a-historia-que-andava-de-um-lado-para-o-outro-nesta-provincia-do-faz-de-conta-2\/","title":{"rendered":"A HIST\u00d3RIA QUE ANDAVA DE UM LADO PARA O OUTRO NESTA PROV\u00cdNCIA DO FAZ DE CONTA&#8230;"},"content":{"rendered":"<div id=\"fb-root\"><\/div>\n<p><strong><em>\u201cQuem sabe e sabe que sabe, \u00e9 um s\u00e1bio: deve ser imitado.\u201d (Anilinas Salisil)<\/em><\/strong><\/p>\n<p><strong><em>\u00a0<\/em><\/strong><\/p>\n<p><strong><em>By seb@r.<\/em><\/strong><\/p>\n<p><em>Ao professor ANT\u00d4NIO JORGE (in memoriam), dedico!<\/em><\/p>\n<p>&nbsp;<\/p>\n<p>Neste NOVO TEMPO NOVO que se chama hoje, est\u00e1 cada vez mais dif\u00edcil encontrar pessoas com aquelas hist\u00f3rias em meio \u00e0s outras est\u00f3rias dos anos de outrora e tudo mais, por\u00e9m, mais do que de repente pode aparecer para um encontro em tempo de p\u00f3s-globaliza\u00e7\u00e3o com esta ou aquela REFLEX\u00c3O CR\u00cdTICA afins as curiosidades de um JORNALISTA DIPLOMADO de plant\u00e3o&#8230;<\/p>\n<p>Os conselhos FORAM muitos, ainda mais neste cen\u00e1rio PROVINCIANO, quando as institui\u00e7\u00f5es est\u00e3o preocupadas com outras atividades nesta ou naquela \u00e1rea, por\u00e9m, a HIST\u00d3RIA pode estar no PASSADO para uma conex\u00e3o com o PRESENTE em uma perspectiva de FUTURO&#8230;<\/p>\n<p>O andar nunca era o mesmo naquele outro TEMPO DO TEMPO, al\u00e9m do mais ou de menos, os anos se foram como um rajada de vento, mesmo assim, acabou trazendo muitas FOTOS para relembrar aqueles MOMENTOS VIVIDOS por meio das experi\u00eancias em n\u00edveis PESSOAL e PROFISSIONAL..<\/p>\n<p>Tamb\u00e9m, refor\u00e7ou naquele ENCONTRO mais do que especial, suas EXPERI\u00caNCIAS na MIDIA RADIOF\u00d4NICA, tendo em vista que o ENCONTRO ocorreu no N\u00daCLEO MIDI\u00c1TICO\/CULTUMA FM das PAREDES ALVAS&#8230;<\/p>\n<p>N\u00e3o \u00e9 f\u00e1cil estar em conex\u00e3o com o PASSADO, considerando que para muitos ficaram apenas SAUDADES e ponto quase final nesta HIST\u00d3RIA QUE ANDAVA pelos corredores de uma institui\u00e7\u00e3o que o nome do MESTRE encontra-se na PLACA HIST\u00d3RICA do in\u00edcio das atividades acad\u00eamicas, por\u00e9m, OUTROS NOMES, tamb\u00e9m, participaram deste momento solene, afinal de contas, ningu\u00e9m faz nada sozinho&#8230;<\/p>\n<p>Os encontros entre o MESTRE e o JORNALISTA DIPLOMADO, \u00a0proporcionaram naquele outro TEMPO deste TEMPO, momentos de REFLEX\u00c3O CR\u00cdTICA sobre FATOS hist\u00f3ricos que ocorreram em terras PROVINCIANAS, todavia com o olhar em n\u00edvel GLOCAL, ou seja, sempre do GLOBAL para o LOCAL&#8230;<\/p>\n<p>Ainda, estava sempre DISPON\u00cdVEL para colaborar com as PAREDES ALVAS, todavia, foram raras as visitas ou CONVITES para marcar presen\u00e7a naqueles lados, mesmo assim, estava sempre mais do que presente no MESTRE, o interesse e o desejo de COLABORAR da melhor poss\u00edvel&#8230;<\/p>\n<p>O olhar distante para muitos, estava sempre pr\u00f3ximo do JORNALISTA DIPLOMADO atento \u00e0s palavras do MESTRE para com o DISC\u00cdPULO, ao mesmo tempo naquele outro tempo, predominava a vontade de crescer e participar, ainda, da consolida\u00e7\u00e3o do projeto institucional nas \u00e1reas do ensino, da pesquisa e da extens\u00e3o das PAREDES ALVAS&#8230;<\/p>\n<p>A experi\u00eancia do MESTRE superava as dificuldades com a tecnologia daquele MUNDO que j\u00e1 se encontrava em n\u00edvel de P\u00d3S-GLOBALIZA\u00c7\u00c3O MIDI\u00c1TICA, tamb\u00e9m, estava sempre em SINTONIA com as NOVAS DESCOBERTAS para uma aproxima\u00e7\u00e3o com o CEN\u00c1RIO daquele outro TEMPO do TEMPO&#8230;<\/p>\n<p>Afirmou o pensador contempor\u00e2neo que O TEMPO \u00c9 O SENHOR DA RAZ\u00c3O, portanto, cada qual com suas hist\u00f3rias pelas estradas do conhecimento interior, todavia, sempre buscando a REFLEX\u00c3O CR\u00cdTICA que envolve o SER HUMANO como PERSONAGEM deste TEMPO DO TEMPO&#8230;<\/p>\n<p>As PORTAS DA SABEDORIA estavam sempre ABERTAS para a humildade de sempre do MESTRE, tendo em vista que o DISC\u00cdPULO naquele PASSADO n\u00e3o t\u00e3o distante, estava em busca de ESTAR para que o SER estivesse sempre com o MESTRE&#8230;<\/p>\n<p>QUEM ESTEVE COM O \u201cMESTRE\u201d, TALVEZ, POSSA SABER DE OUTROS DESENCONTROS&#8230;<\/p>\n<p><strong><em>_______________________________________<\/em><\/strong><\/p>\n<p><strong><em>e-mail: <a href=\"mailto:barbosa.sebar@gmail.com\">barbosa.sebar@gmail.com<\/a><\/em><\/strong><\/p>\n<div class='flex flex-wrap items-center -mx-1'>\r\n<a class='thumbnail gallery p-1 w-1\/2 md:w-1\/4' href='https:\/\/radiolifefm.com.br\/noticias\/wp-content\/uploads\/2025\/01\/WhatsApp-Image-2025-01-22-at-15.07.43-1.jpeg'><img class='border border-white' src='https:\/\/radiolifefm.com.br\/noticias\/wp-content\/uploads\/2025\/01\/WhatsApp-Image-2025-01-22-at-15.07.43-1-200x200.jpeg' alt='WhatsApp Image 2025 01 22 At 15.07.43 (1)' \/><\/a><a class='thumbnail gallery p-1 w-1\/2 md:w-1\/4' href='https:\/\/radiolifefm.com.br\/noticias\/wp-content\/uploads\/2025\/01\/WhatsApp-Image-2025-01-22-at-15.07.44-1.jpeg'><img class='border border-white' src='https:\/\/radiolifefm.com.br\/noticias\/wp-content\/uploads\/2025\/01\/WhatsApp-Image-2025-01-22-at-15.07.44-1-200x200.jpeg' alt='WhatsApp Image 2025 01 22 At 15.07.44 (1)' \/><\/a><a class='thumbnail gallery p-1 w-1\/2 md:w-1\/4' href='https:\/\/radiolifefm.com.br\/noticias\/wp-content\/uploads\/2025\/01\/WhatsApp-Image-2025-01-22-at-15.07.44.jpeg'><img class='border border-white' src='https:\/\/radiolifefm.com.br\/noticias\/wp-content\/uploads\/2025\/01\/WhatsApp-Image-2025-01-22-at-15.07.44-200x200.jpeg' alt='WhatsApp Image 2025 01 22 At 15.07.44' \/><\/a><\/div>\n","protected":false},"excerpt":{"rendered":"<p>\u201cQuem sabe e sabe que sabe, \u00e9 um s\u00e1bio: deve ser imitado.\u201d (Anilinas Salisil) \u00a0 By seb@r. Ao professor ANT\u00d4NIO JORGE (in memoriam), dedico! &nbsp; Neste NOVO TEMPO NOVO que se chama hoje, est\u00e1 cada vez mais dif\u00edcil encontrar pessoas com aquelas hist\u00f3rias em meio \u00e0s outras est\u00f3rias dos anos de outrora e tudo mais, [&hellip;]<\/p>\n","protected":false},"author":13,"featured_media":96903,"comment_status":"closed","ping_status":"open","sticky":false,"template":"","format":"standard","meta":{"_acf_changed":false,"_exactmetrics_skip_tracking":false,"_exactmetrics_sitenote_active":false,"_exactmetrics_sitenote_note":"","_exactmetrics_sitenote_category":0,"footnotes":""},"categories":[59],"tags":[],"class_list":["post-96902","post","type-post","status-publish","format-standard","has-post-thumbnail","hentry","category-opiniao"],"acf":[],"yoast_head":"<!-- This site is optimized with the Yoast SEO plugin v27.2 - https:\/\/yoast.com\/product\/yoast-seo-wordpress\/ -->\n<title>A HIST\u00d3RIA QUE ANDAVA DE UM LADO PARA O OUTRO NESTA PROV\u00cdNCIA DO FAZ DE CONTA... - R\u00e1dio Life FM<\/title>\n<meta name=\"robots\" content=\"index, follow, max-snippet:-1, max-image-preview:large, max-video-preview:-1\" \/>\n<link rel=\"canonical\" href=\"https:\/\/radiolifefm.com.br\/noticias\/a-historia-que-andava-de-um-lado-para-o-outro-nesta-provincia-do-faz-de-conta-2\/\" \/>\n<meta property=\"og:locale\" content=\"pt_BR\" \/>\n<meta property=\"og:type\" content=\"article\" \/>\n<meta property=\"og:title\" content=\"A HIST\u00d3RIA QUE ANDAVA DE UM LADO PARA O OUTRO NESTA PROV\u00cdNCIA DO FAZ DE CONTA... - R\u00e1dio Life FM\" \/>\n<meta property=\"og:description\" content=\"\u201cQuem sabe e sabe que sabe, \u00e9 um s\u00e1bio: deve ser imitado.\u201d (Anilinas Salisil) \u00a0 By seb@r. Ao professor ANT\u00d4NIO JORGE (in memoriam), dedico! &nbsp; Neste NOVO TEMPO NOVO que se chama hoje, est\u00e1 cada vez mais dif\u00edcil encontrar pessoas com aquelas hist\u00f3rias em meio \u00e0s outras est\u00f3rias dos anos de outrora e tudo mais, [&hellip;]\" \/>\n<meta property=\"og:url\" content=\"https:\/\/radiolifefm.com.br\/noticias\/a-historia-que-andava-de-um-lado-para-o-outro-nesta-provincia-do-faz-de-conta-2\/\" \/>\n<meta property=\"og:site_name\" content=\"R\u00e1dio Life FM\" \/>\n<meta property=\"article:publisher\" content=\"https:\/\/www.facebook.com\/radiolifefm\/\" \/>\n<meta property=\"article:published_time\" content=\"2025-01-22T19:06:39+00:00\" \/>\n<meta property=\"article:modified_time\" content=\"2026-04-03T20:25:15+00:00\" \/>\n<meta property=\"og:image\" content=\"https:\/\/radiolifefm.com.br\/noticias\/wp-content\/uploads\/2025\/01\/WhatsApp-Image-2025-01-22-at-15.07.43.jpeg\" \/>\n\t<meta property=\"og:image:width\" content=\"1200\" \/>\n\t<meta property=\"og:image:height\" content=\"1600\" \/>\n\t<meta property=\"og:image:type\" content=\"image\/jpeg\" \/>\n<meta name=\"author\" content=\"ritanery\" \/>\n<meta name=\"twitter:card\" content=\"summary_large_image\" \/>\n<meta name=\"twitter:label1\" content=\"Escrito por\" \/>\n\t<meta name=\"twitter:data1\" content=\"ritanery\" \/>\n\t<meta name=\"twitter:label2\" content=\"Est. tempo de leitura\" \/>\n\t<meta name=\"twitter:data2\" content=\"4 minutos\" \/>\n<script type=\"application\/ld+json\" class=\"yoast-schema-graph\">{\"@context\":\"https:\/\/schema.org\",\"@graph\":[{\"@type\":\"Article\",\"@id\":\"https:\/\/radiolifefm.com.br\/noticias\/a-historia-que-andava-de-um-lado-para-o-outro-nesta-provincia-do-faz-de-conta-2\/#article\",\"isPartOf\":{\"@id\":\"https:\/\/radiolifefm.com.br\/noticias\/a-historia-que-andava-de-um-lado-para-o-outro-nesta-provincia-do-faz-de-conta-2\/\"},\"author\":{\"name\":\"ritanery\",\"@id\":\"https:\/\/radiolifefm.com.br\/noticias\/#\/schema\/person\/6339b9fac59d12b071dec680d7375d87\"},\"headline\":\"A HIST\u00d3RIA QUE ANDAVA DE UM LADO PARA O OUTRO NESTA PROV\u00cdNCIA DO FAZ DE CONTA&#8230;\",\"datePublished\":\"2025-01-22T19:06:39+00:00\",\"dateModified\":\"2026-04-03T20:25:15+00:00\",\"mainEntityOfPage\":{\"@id\":\"https:\/\/radiolifefm.com.br\/noticias\/a-historia-que-andava-de-um-lado-para-o-outro-nesta-provincia-do-faz-de-conta-2\/\"},\"wordCount\":608,\"publisher\":{\"@id\":\"https:\/\/radiolifefm.com.br\/noticias\/#organization\"},\"image\":{\"@id\":\"https:\/\/radiolifefm.com.br\/noticias\/a-historia-que-andava-de-um-lado-para-o-outro-nesta-provincia-do-faz-de-conta-2\/#primaryimage\"},\"thumbnailUrl\":\"https:\/\/radiolifefm.com.br\/noticias\/wp-content\/uploads\/2025\/01\/WhatsApp-Image-2025-01-22-at-15.07.43.jpeg\",\"articleSection\":[\"Opini\u00e3o\"],\"inLanguage\":\"pt-BR\"},{\"@type\":\"WebPage\",\"@id\":\"https:\/\/radiolifefm.com.br\/noticias\/a-historia-que-andava-de-um-lado-para-o-outro-nesta-provincia-do-faz-de-conta-2\/\",\"url\":\"https:\/\/radiolifefm.com.br\/noticias\/a-historia-que-andava-de-um-lado-para-o-outro-nesta-provincia-do-faz-de-conta-2\/\",\"name\":\"A HIST\u00d3RIA QUE ANDAVA DE UM LADO PARA O OUTRO NESTA PROV\u00cdNCIA DO FAZ DE CONTA... - R\u00e1dio Life FM\",\"isPartOf\":{\"@id\":\"https:\/\/radiolifefm.com.br\/noticias\/#website\"},\"primaryImageOfPage\":{\"@id\":\"https:\/\/radiolifefm.com.br\/noticias\/a-historia-que-andava-de-um-lado-para-o-outro-nesta-provincia-do-faz-de-conta-2\/#primaryimage\"},\"image\":{\"@id\":\"https:\/\/radiolifefm.com.br\/noticias\/a-historia-que-andava-de-um-lado-para-o-outro-nesta-provincia-do-faz-de-conta-2\/#primaryimage\"},\"thumbnailUrl\":\"https:\/\/radiolifefm.com.br\/noticias\/wp-content\/uploads\/2025\/01\/WhatsApp-Image-2025-01-22-at-15.07.43.jpeg\",\"datePublished\":\"2025-01-22T19:06:39+00:00\",\"dateModified\":\"2026-04-03T20:25:15+00:00\",\"breadcrumb\":{\"@id\":\"https:\/\/radiolifefm.com.br\/noticias\/a-historia-que-andava-de-um-lado-para-o-outro-nesta-provincia-do-faz-de-conta-2\/#breadcrumb\"},\"inLanguage\":\"pt-BR\",\"potentialAction\":[{\"@type\":\"ReadAction\",\"target\":[\"https:\/\/radiolifefm.com.br\/noticias\/a-historia-que-andava-de-um-lado-para-o-outro-nesta-provincia-do-faz-de-conta-2\/\"]}]},{\"@type\":\"ImageObject\",\"inLanguage\":\"pt-BR\",\"@id\":\"https:\/\/radiolifefm.com.br\/noticias\/a-historia-que-andava-de-um-lado-para-o-outro-nesta-provincia-do-faz-de-conta-2\/#primaryimage\",\"url\":\"https:\/\/radiolifefm.com.br\/noticias\/wp-content\/uploads\/2025\/01\/WhatsApp-Image-2025-01-22-at-15.07.43.jpeg\",\"contentUrl\":\"https:\/\/radiolifefm.com.br\/noticias\/wp-content\/uploads\/2025\/01\/WhatsApp-Image-2025-01-22-at-15.07.43.jpeg\",\"width\":1200,\"height\":1600},{\"@type\":\"BreadcrumbList\",\"@id\":\"https:\/\/radiolifefm.com.br\/noticias\/a-historia-que-andava-de-um-lado-para-o-outro-nesta-provincia-do-faz-de-conta-2\/#breadcrumb\",\"itemListElement\":[{\"@type\":\"ListItem\",\"position\":1,\"name\":\"In\u00edcio\",\"item\":\"https:\/\/radiolifefm.com.br\/noticias\/\"},{\"@type\":\"ListItem\",\"position\":2,\"name\":\"A HIST\u00d3RIA QUE ANDAVA DE UM LADO PARA O OUTRO NESTA PROV\u00cdNCIA DO FAZ DE CONTA&#8230;\"}]},{\"@type\":\"WebSite\",\"@id\":\"https:\/\/radiolifefm.com.br\/noticias\/#website\",\"url\":\"https:\/\/radiolifefm.com.br\/noticias\/\",\"name\":\"R\u00e1dio Life FM\",\"description\":\"O Portal de Not\u00edcias de Adamantina\",\"publisher\":{\"@id\":\"https:\/\/radiolifefm.com.br\/noticias\/#organization\"},\"alternateName\":\"Life FM\",\"potentialAction\":[{\"@type\":\"SearchAction\",\"target\":{\"@type\":\"EntryPoint\",\"urlTemplate\":\"https:\/\/radiolifefm.com.br\/noticias\/?s={search_term_string}\"},\"query-input\":{\"@type\":\"PropertyValueSpecification\",\"valueRequired\":true,\"valueName\":\"search_term_string\"}}],\"inLanguage\":\"pt-BR\"},{\"@type\":\"Organization\",\"@id\":\"https:\/\/radiolifefm.com.br\/noticias\/#organization\",\"name\":\"R\u00e1dio Life FM\",\"alternateName\":\"Life FM\",\"url\":\"https:\/\/radiolifefm.com.br\/noticias\/\",\"logo\":{\"@type\":\"ImageObject\",\"inLanguage\":\"pt-BR\",\"@id\":\"https:\/\/radiolifefm.com.br\/noticias\/#\/schema\/logo\/image\/\",\"url\":\"https:\/\/static.radiolifefm.com.br\/noticias\/wp-content\/uploads\/2019\/10\/logo-lifefm.png\",\"contentUrl\":\"https:\/\/static.radiolifefm.com.br\/noticias\/wp-content\/uploads\/2019\/10\/logo-lifefm.png\",\"width\":196,\"height\":47,\"caption\":\"R\u00e1dio Life FM\"},\"image\":{\"@id\":\"https:\/\/radiolifefm.com.br\/noticias\/#\/schema\/logo\/image\/\"},\"sameAs\":[\"https:\/\/www.facebook.com\/radiolifefm\/\",\"https:\/\/www.instagram.com\/life1079fm\/\"]},{\"@type\":\"Person\",\"@id\":\"https:\/\/radiolifefm.com.br\/noticias\/#\/schema\/person\/6339b9fac59d12b071dec680d7375d87\",\"name\":\"ritanery\",\"image\":{\"@type\":\"ImageObject\",\"inLanguage\":\"pt-BR\",\"@id\":\"https:\/\/secure.gravatar.com\/avatar\/0e37bb19071f47c0b8a23f62a903df117c5a0e75f65a0c2901562f97cd41cf86?s=96&d=mm&r=g\",\"url\":\"https:\/\/secure.gravatar.com\/avatar\/0e37bb19071f47c0b8a23f62a903df117c5a0e75f65a0c2901562f97cd41cf86?s=96&d=mm&r=g\",\"contentUrl\":\"https:\/\/secure.gravatar.com\/avatar\/0e37bb19071f47c0b8a23f62a903df117c5a0e75f65a0c2901562f97cd41cf86?s=96&d=mm&r=g\",\"caption\":\"ritanery\"}}]}<\/script>\n<!-- \/ Yoast SEO plugin. -->","yoast_head_json":{"title":"A HIST\u00d3RIA QUE ANDAVA DE UM LADO PARA O OUTRO NESTA PROV\u00cdNCIA DO FAZ DE CONTA... - R\u00e1dio Life FM","robots":{"index":"index","follow":"follow","max-snippet":"max-snippet:-1","max-image-preview":"max-image-preview:large","max-video-preview":"max-video-preview:-1"},"canonical":"https:\/\/radiolifefm.com.br\/noticias\/a-historia-que-andava-de-um-lado-para-o-outro-nesta-provincia-do-faz-de-conta-2\/","og_locale":"pt_BR","og_type":"article","og_title":"A HIST\u00d3RIA QUE ANDAVA DE UM LADO PARA O OUTRO NESTA PROV\u00cdNCIA DO FAZ DE CONTA... - R\u00e1dio Life FM","og_description":"\u201cQuem sabe e sabe que sabe, \u00e9 um s\u00e1bio: deve ser imitado.\u201d (Anilinas Salisil) \u00a0 By seb@r. Ao professor ANT\u00d4NIO JORGE (in memoriam), dedico! &nbsp; Neste NOVO TEMPO NOVO que se chama hoje, est\u00e1 cada vez mais dif\u00edcil encontrar pessoas com aquelas hist\u00f3rias em meio \u00e0s outras est\u00f3rias dos anos de outrora e tudo mais, [&hellip;]","og_url":"https:\/\/radiolifefm.com.br\/noticias\/a-historia-que-andava-de-um-lado-para-o-outro-nesta-provincia-do-faz-de-conta-2\/","og_site_name":"R\u00e1dio Life FM","article_publisher":"https:\/\/www.facebook.com\/radiolifefm\/","article_published_time":"2025-01-22T19:06:39+00:00","article_modified_time":"2026-04-03T20:25:15+00:00","og_image":[{"width":1200,"height":1600,"url":"https:\/\/radiolifefm.com.br\/noticias\/wp-content\/uploads\/2025\/01\/WhatsApp-Image-2025-01-22-at-15.07.43.jpeg","type":"image\/jpeg"}],"author":"ritanery","twitter_card":"summary_large_image","twitter_misc":{"Escrito por":"ritanery","Est. tempo de leitura":"4 minutos"},"schema":{"@context":"https:\/\/schema.org","@graph":[{"@type":"Article","@id":"https:\/\/radiolifefm.com.br\/noticias\/a-historia-que-andava-de-um-lado-para-o-outro-nesta-provincia-do-faz-de-conta-2\/#article","isPartOf":{"@id":"https:\/\/radiolifefm.com.br\/noticias\/a-historia-que-andava-de-um-lado-para-o-outro-nesta-provincia-do-faz-de-conta-2\/"},"author":{"name":"ritanery","@id":"https:\/\/radiolifefm.com.br\/noticias\/#\/schema\/person\/6339b9fac59d12b071dec680d7375d87"},"headline":"A HIST\u00d3RIA QUE ANDAVA DE UM LADO PARA O OUTRO NESTA PROV\u00cdNCIA DO FAZ DE CONTA&#8230;","datePublished":"2025-01-22T19:06:39+00:00","dateModified":"2026-04-03T20:25:15+00:00","mainEntityOfPage":{"@id":"https:\/\/radiolifefm.com.br\/noticias\/a-historia-que-andava-de-um-lado-para-o-outro-nesta-provincia-do-faz-de-conta-2\/"},"wordCount":608,"publisher":{"@id":"https:\/\/radiolifefm.com.br\/noticias\/#organization"},"image":{"@id":"https:\/\/radiolifefm.com.br\/noticias\/a-historia-que-andava-de-um-lado-para-o-outro-nesta-provincia-do-faz-de-conta-2\/#primaryimage"},"thumbnailUrl":"https:\/\/radiolifefm.com.br\/noticias\/wp-content\/uploads\/2025\/01\/WhatsApp-Image-2025-01-22-at-15.07.43.jpeg","articleSection":["Opini\u00e3o"],"inLanguage":"pt-BR"},{"@type":"WebPage","@id":"https:\/\/radiolifefm.com.br\/noticias\/a-historia-que-andava-de-um-lado-para-o-outro-nesta-provincia-do-faz-de-conta-2\/","url":"https:\/\/radiolifefm.com.br\/noticias\/a-historia-que-andava-de-um-lado-para-o-outro-nesta-provincia-do-faz-de-conta-2\/","name":"A HIST\u00d3RIA QUE ANDAVA DE UM LADO PARA O OUTRO NESTA PROV\u00cdNCIA DO FAZ DE CONTA... - R\u00e1dio Life FM","isPartOf":{"@id":"https:\/\/radiolifefm.com.br\/noticias\/#website"},"primaryImageOfPage":{"@id":"https:\/\/radiolifefm.com.br\/noticias\/a-historia-que-andava-de-um-lado-para-o-outro-nesta-provincia-do-faz-de-conta-2\/#primaryimage"},"image":{"@id":"https:\/\/radiolifefm.com.br\/noticias\/a-historia-que-andava-de-um-lado-para-o-outro-nesta-provincia-do-faz-de-conta-2\/#primaryimage"},"thumbnailUrl":"https:\/\/radiolifefm.com.br\/noticias\/wp-content\/uploads\/2025\/01\/WhatsApp-Image-2025-01-22-at-15.07.43.jpeg","datePublished":"2025-01-22T19:06:39+00:00","dateModified":"2026-04-03T20:25:15+00:00","breadcrumb":{"@id":"https:\/\/radiolifefm.com.br\/noticias\/a-historia-que-andava-de-um-lado-para-o-outro-nesta-provincia-do-faz-de-conta-2\/#breadcrumb"},"inLanguage":"pt-BR","potentialAction":[{"@type":"ReadAction","target":["https:\/\/radiolifefm.com.br\/noticias\/a-historia-que-andava-de-um-lado-para-o-outro-nesta-provincia-do-faz-de-conta-2\/"]}]},{"@type":"ImageObject","inLanguage":"pt-BR","@id":"https:\/\/radiolifefm.com.br\/noticias\/a-historia-que-andava-de-um-lado-para-o-outro-nesta-provincia-do-faz-de-conta-2\/#primaryimage","url":"https:\/\/radiolifefm.com.br\/noticias\/wp-content\/uploads\/2025\/01\/WhatsApp-Image-2025-01-22-at-15.07.43.jpeg","contentUrl":"https:\/\/radiolifefm.com.br\/noticias\/wp-content\/uploads\/2025\/01\/WhatsApp-Image-2025-01-22-at-15.07.43.jpeg","width":1200,"height":1600},{"@type":"BreadcrumbList","@id":"https:\/\/radiolifefm.com.br\/noticias\/a-historia-que-andava-de-um-lado-para-o-outro-nesta-provincia-do-faz-de-conta-2\/#breadcrumb","itemListElement":[{"@type":"ListItem","position":1,"name":"In\u00edcio","item":"https:\/\/radiolifefm.com.br\/noticias\/"},{"@type":"ListItem","position":2,"name":"A HIST\u00d3RIA QUE ANDAVA DE UM LADO PARA O OUTRO NESTA PROV\u00cdNCIA DO FAZ DE CONTA&#8230;"}]},{"@type":"WebSite","@id":"https:\/\/radiolifefm.com.br\/noticias\/#website","url":"https:\/\/radiolifefm.com.br\/noticias\/","name":"R\u00e1dio Life FM","description":"O Portal de Not\u00edcias de Adamantina","publisher":{"@id":"https:\/\/radiolifefm.com.br\/noticias\/#organization"},"alternateName":"Life FM","potentialAction":[{"@type":"SearchAction","target":{"@type":"EntryPoint","urlTemplate":"https:\/\/radiolifefm.com.br\/noticias\/?s={search_term_string}"},"query-input":{"@type":"PropertyValueSpecification","valueRequired":true,"valueName":"search_term_string"}}],"inLanguage":"pt-BR"},{"@type":"Organization","@id":"https:\/\/radiolifefm.com.br\/noticias\/#organization","name":"R\u00e1dio Life FM","alternateName":"Life FM","url":"https:\/\/radiolifefm.com.br\/noticias\/","logo":{"@type":"ImageObject","inLanguage":"pt-BR","@id":"https:\/\/radiolifefm.com.br\/noticias\/#\/schema\/logo\/image\/","url":"https:\/\/static.radiolifefm.com.br\/noticias\/wp-content\/uploads\/2019\/10\/logo-lifefm.png","contentUrl":"https:\/\/static.radiolifefm.com.br\/noticias\/wp-content\/uploads\/2019\/10\/logo-lifefm.png","width":196,"height":47,"caption":"R\u00e1dio Life FM"},"image":{"@id":"https:\/\/radiolifefm.com.br\/noticias\/#\/schema\/logo\/image\/"},"sameAs":["https:\/\/www.facebook.com\/radiolifefm\/","https:\/\/www.instagram.com\/life1079fm\/"]},{"@type":"Person","@id":"https:\/\/radiolifefm.com.br\/noticias\/#\/schema\/person\/6339b9fac59d12b071dec680d7375d87","name":"ritanery","image":{"@type":"ImageObject","inLanguage":"pt-BR","@id":"https:\/\/secure.gravatar.com\/avatar\/0e37bb19071f47c0b8a23f62a903df117c5a0e75f65a0c2901562f97cd41cf86?s=96&d=mm&r=g","url":"https:\/\/secure.gravatar.com\/avatar\/0e37bb19071f47c0b8a23f62a903df117c5a0e75f65a0c2901562f97cd41cf86?s=96&d=mm&r=g","contentUrl":"https:\/\/secure.gravatar.com\/avatar\/0e37bb19071f47c0b8a23f62a903df117c5a0e75f65a0c2901562f97cd41cf86?s=96&d=mm&r=g","caption":"ritanery"}}]}},"amp_enabled":true,"_links":{"self":[{"href":"https:\/\/radiolifefm.com.br\/noticias\/wp-json\/wp\/v2\/posts\/96902","targetHints":{"allow":["GET"]}}],"collection":[{"href":"https:\/\/radiolifefm.com.br\/noticias\/wp-json\/wp\/v2\/posts"}],"about":[{"href":"https:\/\/radiolifefm.com.br\/noticias\/wp-json\/wp\/v2\/types\/post"}],"author":[{"embeddable":true,"href":"https:\/\/radiolifefm.com.br\/noticias\/wp-json\/wp\/v2\/users\/13"}],"replies":[{"embeddable":true,"href":"https:\/\/radiolifefm.com.br\/noticias\/wp-json\/wp\/v2\/comments?post=96902"}],"version-history":[{"count":1,"href":"https:\/\/radiolifefm.com.br\/noticias\/wp-json\/wp\/v2\/posts\/96902\/revisions"}],"predecessor-version":[{"id":96907,"href":"https:\/\/radiolifefm.com.br\/noticias\/wp-json\/wp\/v2\/posts\/96902\/revisions\/96907"}],"wp:featuredmedia":[{"embeddable":true,"href":"https:\/\/radiolifefm.com.br\/noticias\/wp-json\/wp\/v2\/media\/96903"}],"wp:attachment":[{"href":"https:\/\/radiolifefm.com.br\/noticias\/wp-json\/wp\/v2\/media?parent=96902"}],"wp:term":[{"taxonomy":"category","embeddable":true,"href":"https:\/\/radiolifefm.com.br\/noticias\/wp-json\/wp\/v2\/categories?post=96902"},{"taxonomy":"post_tag","embeddable":true,"href":"https:\/\/radiolifefm.com.br\/noticias\/wp-json\/wp\/v2\/tags?post=96902"}],"curies":[{"name":"wp","href":"https:\/\/api.w.org\/{rel}","templated":true}]}}