{"id":96712,"date":"2025-01-17T08:21:15","date_gmt":"2025-01-17T11:21:15","guid":{"rendered":"https:\/\/radiolifefm.com.br\/noticias\/?p=96712"},"modified":"2026-04-04T02:18:49","modified_gmt":"2026-04-04T05:18:49","slug":"todas-as-contradicoes-estavam-com-a-amelia-ainda-naqueles-ocasos-de-um-talvez-e-ponto-quase-final","status":"publish","type":"post","link":"https:\/\/radiolifefm.com.br\/noticias\/todas-as-contradicoes-estavam-com-a-amelia-ainda-naqueles-ocasos-de-um-talvez-e-ponto-quase-final\/","title":{"rendered":"Todas as contradi\u00e7\u00f5es estavam com a AM\u00c9LIA, ainda, naqueles ocasos de um talvez e ponto quase final&#8230;"},"content":{"rendered":"<div id=\"fb-root\"><\/div>\n<p><strong><em>\u201cCoragem \u00e9 o pre\u00e7o que a vida exige em troca de paz. A alma que n\u00e3o aceita, n\u00e3o se desapega das coisas pequenas.\u201d (Amelia Earhart)<\/em><\/strong><\/p>\n<p>&nbsp;<\/p>\n<p><strong><em>\u00c0 EUNICE L., dedico! <\/em><\/strong><\/p>\n<p><strong>By seb@r.<\/strong><\/p>\n<p>O que poderia acontecer naquele outro dia quando tudo estava calma para o lado da AM\u00c9LIA, todavia, sempre que tudo est\u00e1 desse jeito pode aparecer algum imprevisto sem mais e com muito menos&#8230;<\/p>\n<p>Mesmo assim, pode-se afirmar que nem sempre as coisas ocorrem do seu jeito, portanto, tais fatos que acabaram ocorrendo para o lado AM\u00c9LIA foram de um jeito inesperado e sem muitas considera\u00e7\u00f5es sobre tudo e todos&#8230;<\/p>\n<p>Nada adiantou todas aquelas quest\u00f5es que foram colocadas em cima da mesa de uma casa perdida em uma rua sem sa\u00edda, por\u00e9m, nada do que se esperava estava de acordo com a esperan\u00e7a da AM\u00c9LIA&#8230;<\/p>\n<p>Ser alguma coisa sem pensar em querer aquele algo mais que pode aparecer quando se mesmo espera e tudo pode acabar do mesmo jeito de sempre, por\u00e9m, para o caso da AM\u00c9LIA nada era mais do que previs\u00edvel nestes ocasos de um talvez e ponto quase final&#8230;<\/p>\n<p>Apenas quem conheceu a AM\u00c9LIA pode saber disto ou daquilo, haja vista que nem sempre se pode afirmar aquele ponto de vista que estava mais do que acertado, assim, cada qual deve saber pra onde seguir o seu caminho sem pensar em voltar ao lugar de sempre&#8230;<\/p>\n<p>Das muitas contradi\u00e7\u00f5es existentes e relacionadas com as idas e vindas da AM\u00c9LIA naquele outro tempo do tempo estava mais de acordo \u00e0s d\u00favidas dos seus sonhos do passado que continuava neste presente sem futuro&#8230;<\/p>\n<p>Mas, como sempre, tudo estava al\u00e9m daquela casa e naquela rua sem sa\u00edda, mesmo assim, era apenas uma quest\u00e3o de tempo para que AM\u00c9LIA se desse conta desta miss\u00e3o um tanto quando complicada para si mesma&#8230;<\/p>\n<p>O cen\u00e1rio estava em preto e branco, isso \u00e9, os coloridos foram deixados de lado para n\u00e3o atrapalhar as andan\u00e7as da AM\u00c9LIA naquele ambiente vazio e complicado, entretanto, aquele pintor disse que tudo estava reservado conforme o combinado entre as partes envolvidas&#8230;<\/p>\n<p>Os olhares estavam sempre no mesmo lugar para uma aproxima\u00e7\u00e3o silenciosa entre aquela outra pessoa que estava esperando uma resposta da AM\u00c9LIA sobre uma visita que nunca aconteceu naquela casa&#8230;<\/p>\n<p>Como sempre, ainda, na esperan\u00e7a que a utopia se fizesse presente naqueles momentos t\u00e3o sublimes para quem estava naquele lugar, talvez as preocupa\u00e7\u00f5es da AM\u00c9LIA estivessem al\u00e9m das expectativas&#8230;<\/p>\n<p>Portanto, nada do que acabou ocorrendo naquele desencontro entre quem chegou sem ser convidado e encontrou uma AM\u00c9LIA muito emocionada, por isso e talvez aquilo que ficou n\u00e3o estava de acordo com as conversas das pessoas&#8230;<\/p>\n<p>Al\u00e9m desses fatos que estavam naquele momento dos olhares entre ambos os lados, deve-se considerar a inseguran\u00e7a da AM\u00c9LIA com o que n\u00e3o estavam combinados entre todos os lados, assim, nem sempre os acertos s\u00e3o efetivados&#8230;<\/p>\n<p>N\u00e3o se pode deixar de lado que existem muitas AM\u00c9LIAS perdidas em suas contradi\u00e7\u00f5es quanto ao outro lado de um mesmo lado, por isso, torna-se necess\u00e1rio uma sintonia entre tudo e acima de todas neste universo da ousadia&#8230;<\/p>\n<p>Nestes desencontros com aquele lado da AM\u00c9LIA, pode-se registrar que ficou apenas um talvez em meio aos ocasos disto e daquilo, bem como, um ponto quase final pra fazer a diferen\u00e7a deste e do outro lado de um mesmo lado&#8230;<\/p>\n<p>N\u00c3O SE TEM NOT\u00cdCIAS DA AM\u00c9LIA&#8230;<\/p>\n<p>&nbsp;<\/p>\n<p>&nbsp;<\/p>\n<p>&nbsp;<\/p>\n<p><strong>e-mail: <\/strong><a href=\"mailto:Barbosa.sebar@gmail.com\"><strong>Barbosa.sebar@gmail.com<\/strong><\/a><\/p>\n<p>&nbsp;<\/p>\n<p>&nbsp;<\/p>\n<p>&nbsp;<\/p>\n","protected":false},"excerpt":{"rendered":"<p>\u201cCoragem \u00e9 o pre\u00e7o que a vida exige em troca de paz. A alma que n\u00e3o aceita, n\u00e3o se desapega das coisas pequenas.\u201d (Amelia Earhart) &nbsp; \u00c0 EUNICE L., dedico! By seb@r. O que poderia acontecer naquele outro dia quando tudo estava calma para o lado da AM\u00c9LIA, todavia, sempre que tudo est\u00e1 desse jeito [&hellip;]<\/p>\n","protected":false},"author":13,"featured_media":51988,"comment_status":"closed","ping_status":"open","sticky":false,"template":"","format":"standard","meta":{"_acf_changed":false,"_exactmetrics_skip_tracking":false,"_exactmetrics_sitenote_active":false,"_exactmetrics_sitenote_note":"","_exactmetrics_sitenote_category":0,"footnotes":""},"categories":[59],"tags":[],"class_list":["post-96712","post","type-post","status-publish","format-standard","has-post-thumbnail","hentry","category-opiniao"],"acf":[],"yoast_head":"<!-- This site is optimized with the Yoast SEO plugin v27.2 - https:\/\/yoast.com\/product\/yoast-seo-wordpress\/ -->\n<title>Todas as contradi\u00e7\u00f5es estavam com a AM\u00c9LIA, ainda, naqueles ocasos de um talvez e ponto quase final... - R\u00e1dio Life FM<\/title>\n<meta name=\"robots\" content=\"index, follow, max-snippet:-1, max-image-preview:large, max-video-preview:-1\" \/>\n<link rel=\"canonical\" href=\"https:\/\/radiolifefm.com.br\/noticias\/todas-as-contradicoes-estavam-com-a-amelia-ainda-naqueles-ocasos-de-um-talvez-e-ponto-quase-final\/\" \/>\n<meta property=\"og:locale\" content=\"pt_BR\" \/>\n<meta property=\"og:type\" content=\"article\" \/>\n<meta property=\"og:title\" content=\"Todas as contradi\u00e7\u00f5es estavam com a AM\u00c9LIA, ainda, naqueles ocasos de um talvez e ponto quase final... - R\u00e1dio Life FM\" \/>\n<meta property=\"og:description\" content=\"\u201cCoragem \u00e9 o pre\u00e7o que a vida exige em troca de paz. A alma que n\u00e3o aceita, n\u00e3o se desapega das coisas pequenas.\u201d (Amelia Earhart) &nbsp; \u00c0 EUNICE L., dedico! By seb@r. O que poderia acontecer naquele outro dia quando tudo estava calma para o lado da AM\u00c9LIA, todavia, sempre que tudo est\u00e1 desse jeito [&hellip;]\" \/>\n<meta property=\"og:url\" content=\"https:\/\/radiolifefm.com.br\/noticias\/todas-as-contradicoes-estavam-com-a-amelia-ainda-naqueles-ocasos-de-um-talvez-e-ponto-quase-final\/\" \/>\n<meta property=\"og:site_name\" content=\"R\u00e1dio Life FM\" \/>\n<meta property=\"article:publisher\" content=\"https:\/\/www.facebook.com\/radiolifefm\/\" \/>\n<meta property=\"article:published_time\" content=\"2025-01-17T11:21:15+00:00\" \/>\n<meta property=\"article:modified_time\" content=\"2026-04-04T05:18:49+00:00\" \/>\n<meta property=\"og:image\" content=\"https:\/\/radiolifefm.com.br\/noticias\/wp-content\/uploads\/2022\/04\/WhatsApp-Image-2022-04-10-at-18.43.02.jpeg\" \/>\n\t<meta property=\"og:image:width\" content=\"972\" \/>\n\t<meta property=\"og:image:height\" content=\"1296\" \/>\n\t<meta property=\"og:image:type\" content=\"image\/jpeg\" \/>\n<meta name=\"author\" content=\"ritanery\" \/>\n<meta name=\"twitter:card\" content=\"summary_large_image\" \/>\n<meta name=\"twitter:label1\" content=\"Escrito por\" \/>\n\t<meta name=\"twitter:data1\" content=\"ritanery\" \/>\n\t<meta name=\"twitter:label2\" content=\"Est. tempo de leitura\" \/>\n\t<meta name=\"twitter:data2\" content=\"4 minutos\" \/>\n<script type=\"application\/ld+json\" class=\"yoast-schema-graph\">{\"@context\":\"https:\/\/schema.org\",\"@graph\":[{\"@type\":\"Article\",\"@id\":\"https:\/\/radiolifefm.com.br\/noticias\/todas-as-contradicoes-estavam-com-a-amelia-ainda-naqueles-ocasos-de-um-talvez-e-ponto-quase-final\/#article\",\"isPartOf\":{\"@id\":\"https:\/\/radiolifefm.com.br\/noticias\/todas-as-contradicoes-estavam-com-a-amelia-ainda-naqueles-ocasos-de-um-talvez-e-ponto-quase-final\/\"},\"author\":{\"name\":\"ritanery\",\"@id\":\"https:\/\/radiolifefm.com.br\/noticias\/#\/schema\/person\/6339b9fac59d12b071dec680d7375d87\"},\"headline\":\"Todas as contradi\u00e7\u00f5es estavam com a AM\u00c9LIA, ainda, naqueles ocasos de um talvez e ponto quase final&#8230;\",\"datePublished\":\"2025-01-17T11:21:15+00:00\",\"dateModified\":\"2026-04-04T05:18:49+00:00\",\"mainEntityOfPage\":{\"@id\":\"https:\/\/radiolifefm.com.br\/noticias\/todas-as-contradicoes-estavam-com-a-amelia-ainda-naqueles-ocasos-de-um-talvez-e-ponto-quase-final\/\"},\"wordCount\":636,\"publisher\":{\"@id\":\"https:\/\/radiolifefm.com.br\/noticias\/#organization\"},\"image\":{\"@id\":\"https:\/\/radiolifefm.com.br\/noticias\/todas-as-contradicoes-estavam-com-a-amelia-ainda-naqueles-ocasos-de-um-talvez-e-ponto-quase-final\/#primaryimage\"},\"thumbnailUrl\":\"https:\/\/radiolifefm.com.br\/noticias\/wp-content\/uploads\/2022\/04\/WhatsApp-Image-2022-04-10-at-18.43.02.jpeg\",\"articleSection\":[\"Opini\u00e3o\"],\"inLanguage\":\"pt-BR\"},{\"@type\":\"WebPage\",\"@id\":\"https:\/\/radiolifefm.com.br\/noticias\/todas-as-contradicoes-estavam-com-a-amelia-ainda-naqueles-ocasos-de-um-talvez-e-ponto-quase-final\/\",\"url\":\"https:\/\/radiolifefm.com.br\/noticias\/todas-as-contradicoes-estavam-com-a-amelia-ainda-naqueles-ocasos-de-um-talvez-e-ponto-quase-final\/\",\"name\":\"Todas as contradi\u00e7\u00f5es estavam com a AM\u00c9LIA, ainda, naqueles ocasos de um talvez e ponto quase final... - R\u00e1dio Life FM\",\"isPartOf\":{\"@id\":\"https:\/\/radiolifefm.com.br\/noticias\/#website\"},\"primaryImageOfPage\":{\"@id\":\"https:\/\/radiolifefm.com.br\/noticias\/todas-as-contradicoes-estavam-com-a-amelia-ainda-naqueles-ocasos-de-um-talvez-e-ponto-quase-final\/#primaryimage\"},\"image\":{\"@id\":\"https:\/\/radiolifefm.com.br\/noticias\/todas-as-contradicoes-estavam-com-a-amelia-ainda-naqueles-ocasos-de-um-talvez-e-ponto-quase-final\/#primaryimage\"},\"thumbnailUrl\":\"https:\/\/radiolifefm.com.br\/noticias\/wp-content\/uploads\/2022\/04\/WhatsApp-Image-2022-04-10-at-18.43.02.jpeg\",\"datePublished\":\"2025-01-17T11:21:15+00:00\",\"dateModified\":\"2026-04-04T05:18:49+00:00\",\"breadcrumb\":{\"@id\":\"https:\/\/radiolifefm.com.br\/noticias\/todas-as-contradicoes-estavam-com-a-amelia-ainda-naqueles-ocasos-de-um-talvez-e-ponto-quase-final\/#breadcrumb\"},\"inLanguage\":\"pt-BR\",\"potentialAction\":[{\"@type\":\"ReadAction\",\"target\":[\"https:\/\/radiolifefm.com.br\/noticias\/todas-as-contradicoes-estavam-com-a-amelia-ainda-naqueles-ocasos-de-um-talvez-e-ponto-quase-final\/\"]}]},{\"@type\":\"ImageObject\",\"inLanguage\":\"pt-BR\",\"@id\":\"https:\/\/radiolifefm.com.br\/noticias\/todas-as-contradicoes-estavam-com-a-amelia-ainda-naqueles-ocasos-de-um-talvez-e-ponto-quase-final\/#primaryimage\",\"url\":\"https:\/\/radiolifefm.com.br\/noticias\/wp-content\/uploads\/2022\/04\/WhatsApp-Image-2022-04-10-at-18.43.02.jpeg\",\"contentUrl\":\"https:\/\/radiolifefm.com.br\/noticias\/wp-content\/uploads\/2022\/04\/WhatsApp-Image-2022-04-10-at-18.43.02.jpeg\",\"width\":972,\"height\":1296,\"caption\":\"S\u00e9rgio Barbosa\"},{\"@type\":\"BreadcrumbList\",\"@id\":\"https:\/\/radiolifefm.com.br\/noticias\/todas-as-contradicoes-estavam-com-a-amelia-ainda-naqueles-ocasos-de-um-talvez-e-ponto-quase-final\/#breadcrumb\",\"itemListElement\":[{\"@type\":\"ListItem\",\"position\":1,\"name\":\"In\u00edcio\",\"item\":\"https:\/\/radiolifefm.com.br\/noticias\/\"},{\"@type\":\"ListItem\",\"position\":2,\"name\":\"Todas as contradi\u00e7\u00f5es estavam com a AM\u00c9LIA, ainda, naqueles ocasos de um talvez e ponto quase final&#8230;\"}]},{\"@type\":\"WebSite\",\"@id\":\"https:\/\/radiolifefm.com.br\/noticias\/#website\",\"url\":\"https:\/\/radiolifefm.com.br\/noticias\/\",\"name\":\"R\u00e1dio Life FM\",\"description\":\"O Portal de Not\u00edcias de Adamantina\",\"publisher\":{\"@id\":\"https:\/\/radiolifefm.com.br\/noticias\/#organization\"},\"alternateName\":\"Life FM\",\"potentialAction\":[{\"@type\":\"SearchAction\",\"target\":{\"@type\":\"EntryPoint\",\"urlTemplate\":\"https:\/\/radiolifefm.com.br\/noticias\/?s={search_term_string}\"},\"query-input\":{\"@type\":\"PropertyValueSpecification\",\"valueRequired\":true,\"valueName\":\"search_term_string\"}}],\"inLanguage\":\"pt-BR\"},{\"@type\":\"Organization\",\"@id\":\"https:\/\/radiolifefm.com.br\/noticias\/#organization\",\"name\":\"R\u00e1dio Life FM\",\"alternateName\":\"Life FM\",\"url\":\"https:\/\/radiolifefm.com.br\/noticias\/\",\"logo\":{\"@type\":\"ImageObject\",\"inLanguage\":\"pt-BR\",\"@id\":\"https:\/\/radiolifefm.com.br\/noticias\/#\/schema\/logo\/image\/\",\"url\":\"https:\/\/static.radiolifefm.com.br\/noticias\/wp-content\/uploads\/2019\/10\/logo-lifefm.png\",\"contentUrl\":\"https:\/\/static.radiolifefm.com.br\/noticias\/wp-content\/uploads\/2019\/10\/logo-lifefm.png\",\"width\":196,\"height\":47,\"caption\":\"R\u00e1dio Life FM\"},\"image\":{\"@id\":\"https:\/\/radiolifefm.com.br\/noticias\/#\/schema\/logo\/image\/\"},\"sameAs\":[\"https:\/\/www.facebook.com\/radiolifefm\/\",\"https:\/\/www.instagram.com\/life1079fm\/\"]},{\"@type\":\"Person\",\"@id\":\"https:\/\/radiolifefm.com.br\/noticias\/#\/schema\/person\/6339b9fac59d12b071dec680d7375d87\",\"name\":\"ritanery\",\"image\":{\"@type\":\"ImageObject\",\"inLanguage\":\"pt-BR\",\"@id\":\"https:\/\/secure.gravatar.com\/avatar\/0e37bb19071f47c0b8a23f62a903df117c5a0e75f65a0c2901562f97cd41cf86?s=96&d=mm&r=g\",\"url\":\"https:\/\/secure.gravatar.com\/avatar\/0e37bb19071f47c0b8a23f62a903df117c5a0e75f65a0c2901562f97cd41cf86?s=96&d=mm&r=g\",\"contentUrl\":\"https:\/\/secure.gravatar.com\/avatar\/0e37bb19071f47c0b8a23f62a903df117c5a0e75f65a0c2901562f97cd41cf86?s=96&d=mm&r=g\",\"caption\":\"ritanery\"}}]}<\/script>\n<!-- \/ Yoast SEO plugin. -->","yoast_head_json":{"title":"Todas as contradi\u00e7\u00f5es estavam com a AM\u00c9LIA, ainda, naqueles ocasos de um talvez e ponto quase final... - R\u00e1dio Life FM","robots":{"index":"index","follow":"follow","max-snippet":"max-snippet:-1","max-image-preview":"max-image-preview:large","max-video-preview":"max-video-preview:-1"},"canonical":"https:\/\/radiolifefm.com.br\/noticias\/todas-as-contradicoes-estavam-com-a-amelia-ainda-naqueles-ocasos-de-um-talvez-e-ponto-quase-final\/","og_locale":"pt_BR","og_type":"article","og_title":"Todas as contradi\u00e7\u00f5es estavam com a AM\u00c9LIA, ainda, naqueles ocasos de um talvez e ponto quase final... - R\u00e1dio Life FM","og_description":"\u201cCoragem \u00e9 o pre\u00e7o que a vida exige em troca de paz. A alma que n\u00e3o aceita, n\u00e3o se desapega das coisas pequenas.\u201d (Amelia Earhart) &nbsp; \u00c0 EUNICE L., dedico! By seb@r. O que poderia acontecer naquele outro dia quando tudo estava calma para o lado da AM\u00c9LIA, todavia, sempre que tudo est\u00e1 desse jeito [&hellip;]","og_url":"https:\/\/radiolifefm.com.br\/noticias\/todas-as-contradicoes-estavam-com-a-amelia-ainda-naqueles-ocasos-de-um-talvez-e-ponto-quase-final\/","og_site_name":"R\u00e1dio Life FM","article_publisher":"https:\/\/www.facebook.com\/radiolifefm\/","article_published_time":"2025-01-17T11:21:15+00:00","article_modified_time":"2026-04-04T05:18:49+00:00","og_image":[{"width":972,"height":1296,"url":"https:\/\/radiolifefm.com.br\/noticias\/wp-content\/uploads\/2022\/04\/WhatsApp-Image-2022-04-10-at-18.43.02.jpeg","type":"image\/jpeg"}],"author":"ritanery","twitter_card":"summary_large_image","twitter_misc":{"Escrito por":"ritanery","Est. tempo de leitura":"4 minutos"},"schema":{"@context":"https:\/\/schema.org","@graph":[{"@type":"Article","@id":"https:\/\/radiolifefm.com.br\/noticias\/todas-as-contradicoes-estavam-com-a-amelia-ainda-naqueles-ocasos-de-um-talvez-e-ponto-quase-final\/#article","isPartOf":{"@id":"https:\/\/radiolifefm.com.br\/noticias\/todas-as-contradicoes-estavam-com-a-amelia-ainda-naqueles-ocasos-de-um-talvez-e-ponto-quase-final\/"},"author":{"name":"ritanery","@id":"https:\/\/radiolifefm.com.br\/noticias\/#\/schema\/person\/6339b9fac59d12b071dec680d7375d87"},"headline":"Todas as contradi\u00e7\u00f5es estavam com a AM\u00c9LIA, ainda, naqueles ocasos de um talvez e ponto quase final&#8230;","datePublished":"2025-01-17T11:21:15+00:00","dateModified":"2026-04-04T05:18:49+00:00","mainEntityOfPage":{"@id":"https:\/\/radiolifefm.com.br\/noticias\/todas-as-contradicoes-estavam-com-a-amelia-ainda-naqueles-ocasos-de-um-talvez-e-ponto-quase-final\/"},"wordCount":636,"publisher":{"@id":"https:\/\/radiolifefm.com.br\/noticias\/#organization"},"image":{"@id":"https:\/\/radiolifefm.com.br\/noticias\/todas-as-contradicoes-estavam-com-a-amelia-ainda-naqueles-ocasos-de-um-talvez-e-ponto-quase-final\/#primaryimage"},"thumbnailUrl":"https:\/\/radiolifefm.com.br\/noticias\/wp-content\/uploads\/2022\/04\/WhatsApp-Image-2022-04-10-at-18.43.02.jpeg","articleSection":["Opini\u00e3o"],"inLanguage":"pt-BR"},{"@type":"WebPage","@id":"https:\/\/radiolifefm.com.br\/noticias\/todas-as-contradicoes-estavam-com-a-amelia-ainda-naqueles-ocasos-de-um-talvez-e-ponto-quase-final\/","url":"https:\/\/radiolifefm.com.br\/noticias\/todas-as-contradicoes-estavam-com-a-amelia-ainda-naqueles-ocasos-de-um-talvez-e-ponto-quase-final\/","name":"Todas as contradi\u00e7\u00f5es estavam com a AM\u00c9LIA, ainda, naqueles ocasos de um talvez e ponto quase final... - R\u00e1dio Life FM","isPartOf":{"@id":"https:\/\/radiolifefm.com.br\/noticias\/#website"},"primaryImageOfPage":{"@id":"https:\/\/radiolifefm.com.br\/noticias\/todas-as-contradicoes-estavam-com-a-amelia-ainda-naqueles-ocasos-de-um-talvez-e-ponto-quase-final\/#primaryimage"},"image":{"@id":"https:\/\/radiolifefm.com.br\/noticias\/todas-as-contradicoes-estavam-com-a-amelia-ainda-naqueles-ocasos-de-um-talvez-e-ponto-quase-final\/#primaryimage"},"thumbnailUrl":"https:\/\/radiolifefm.com.br\/noticias\/wp-content\/uploads\/2022\/04\/WhatsApp-Image-2022-04-10-at-18.43.02.jpeg","datePublished":"2025-01-17T11:21:15+00:00","dateModified":"2026-04-04T05:18:49+00:00","breadcrumb":{"@id":"https:\/\/radiolifefm.com.br\/noticias\/todas-as-contradicoes-estavam-com-a-amelia-ainda-naqueles-ocasos-de-um-talvez-e-ponto-quase-final\/#breadcrumb"},"inLanguage":"pt-BR","potentialAction":[{"@type":"ReadAction","target":["https:\/\/radiolifefm.com.br\/noticias\/todas-as-contradicoes-estavam-com-a-amelia-ainda-naqueles-ocasos-de-um-talvez-e-ponto-quase-final\/"]}]},{"@type":"ImageObject","inLanguage":"pt-BR","@id":"https:\/\/radiolifefm.com.br\/noticias\/todas-as-contradicoes-estavam-com-a-amelia-ainda-naqueles-ocasos-de-um-talvez-e-ponto-quase-final\/#primaryimage","url":"https:\/\/radiolifefm.com.br\/noticias\/wp-content\/uploads\/2022\/04\/WhatsApp-Image-2022-04-10-at-18.43.02.jpeg","contentUrl":"https:\/\/radiolifefm.com.br\/noticias\/wp-content\/uploads\/2022\/04\/WhatsApp-Image-2022-04-10-at-18.43.02.jpeg","width":972,"height":1296,"caption":"S\u00e9rgio Barbosa"},{"@type":"BreadcrumbList","@id":"https:\/\/radiolifefm.com.br\/noticias\/todas-as-contradicoes-estavam-com-a-amelia-ainda-naqueles-ocasos-de-um-talvez-e-ponto-quase-final\/#breadcrumb","itemListElement":[{"@type":"ListItem","position":1,"name":"In\u00edcio","item":"https:\/\/radiolifefm.com.br\/noticias\/"},{"@type":"ListItem","position":2,"name":"Todas as contradi\u00e7\u00f5es estavam com a AM\u00c9LIA, ainda, naqueles ocasos de um talvez e ponto quase final&#8230;"}]},{"@type":"WebSite","@id":"https:\/\/radiolifefm.com.br\/noticias\/#website","url":"https:\/\/radiolifefm.com.br\/noticias\/","name":"R\u00e1dio Life FM","description":"O Portal de Not\u00edcias de Adamantina","publisher":{"@id":"https:\/\/radiolifefm.com.br\/noticias\/#organization"},"alternateName":"Life FM","potentialAction":[{"@type":"SearchAction","target":{"@type":"EntryPoint","urlTemplate":"https:\/\/radiolifefm.com.br\/noticias\/?s={search_term_string}"},"query-input":{"@type":"PropertyValueSpecification","valueRequired":true,"valueName":"search_term_string"}}],"inLanguage":"pt-BR"},{"@type":"Organization","@id":"https:\/\/radiolifefm.com.br\/noticias\/#organization","name":"R\u00e1dio Life FM","alternateName":"Life FM","url":"https:\/\/radiolifefm.com.br\/noticias\/","logo":{"@type":"ImageObject","inLanguage":"pt-BR","@id":"https:\/\/radiolifefm.com.br\/noticias\/#\/schema\/logo\/image\/","url":"https:\/\/static.radiolifefm.com.br\/noticias\/wp-content\/uploads\/2019\/10\/logo-lifefm.png","contentUrl":"https:\/\/static.radiolifefm.com.br\/noticias\/wp-content\/uploads\/2019\/10\/logo-lifefm.png","width":196,"height":47,"caption":"R\u00e1dio Life FM"},"image":{"@id":"https:\/\/radiolifefm.com.br\/noticias\/#\/schema\/logo\/image\/"},"sameAs":["https:\/\/www.facebook.com\/radiolifefm\/","https:\/\/www.instagram.com\/life1079fm\/"]},{"@type":"Person","@id":"https:\/\/radiolifefm.com.br\/noticias\/#\/schema\/person\/6339b9fac59d12b071dec680d7375d87","name":"ritanery","image":{"@type":"ImageObject","inLanguage":"pt-BR","@id":"https:\/\/secure.gravatar.com\/avatar\/0e37bb19071f47c0b8a23f62a903df117c5a0e75f65a0c2901562f97cd41cf86?s=96&d=mm&r=g","url":"https:\/\/secure.gravatar.com\/avatar\/0e37bb19071f47c0b8a23f62a903df117c5a0e75f65a0c2901562f97cd41cf86?s=96&d=mm&r=g","contentUrl":"https:\/\/secure.gravatar.com\/avatar\/0e37bb19071f47c0b8a23f62a903df117c5a0e75f65a0c2901562f97cd41cf86?s=96&d=mm&r=g","caption":"ritanery"}}]}},"amp_enabled":true,"_links":{"self":[{"href":"https:\/\/radiolifefm.com.br\/noticias\/wp-json\/wp\/v2\/posts\/96712","targetHints":{"allow":["GET"]}}],"collection":[{"href":"https:\/\/radiolifefm.com.br\/noticias\/wp-json\/wp\/v2\/posts"}],"about":[{"href":"https:\/\/radiolifefm.com.br\/noticias\/wp-json\/wp\/v2\/types\/post"}],"author":[{"embeddable":true,"href":"https:\/\/radiolifefm.com.br\/noticias\/wp-json\/wp\/v2\/users\/13"}],"replies":[{"embeddable":true,"href":"https:\/\/radiolifefm.com.br\/noticias\/wp-json\/wp\/v2\/comments?post=96712"}],"version-history":[{"count":1,"href":"https:\/\/radiolifefm.com.br\/noticias\/wp-json\/wp\/v2\/posts\/96712\/revisions"}],"predecessor-version":[{"id":96713,"href":"https:\/\/radiolifefm.com.br\/noticias\/wp-json\/wp\/v2\/posts\/96712\/revisions\/96713"}],"wp:featuredmedia":[{"embeddable":true,"href":"https:\/\/radiolifefm.com.br\/noticias\/wp-json\/wp\/v2\/media\/51988"}],"wp:attachment":[{"href":"https:\/\/radiolifefm.com.br\/noticias\/wp-json\/wp\/v2\/media?parent=96712"}],"wp:term":[{"taxonomy":"category","embeddable":true,"href":"https:\/\/radiolifefm.com.br\/noticias\/wp-json\/wp\/v2\/categories?post=96712"},{"taxonomy":"post_tag","embeddable":true,"href":"https:\/\/radiolifefm.com.br\/noticias\/wp-json\/wp\/v2\/tags?post=96712"}],"curies":[{"name":"wp","href":"https:\/\/api.w.org\/{rel}","templated":true}]}}