{"id":96673,"date":"2025-01-15T09:20:04","date_gmt":"2025-01-15T12:20:04","guid":{"rendered":"https:\/\/radiolifefm.com.br\/noticias\/?p=96673"},"modified":"2026-03-13T05:43:49","modified_gmt":"2026-03-13T08:43:49","slug":"durante-cumprimento-de-mandado-de-prisao-houve-registro-de-disparo-de-arma-de-fogo-em-lucelia","status":"publish","type":"post","link":"https:\/\/radiolifefm.com.br\/noticias\/durante-cumprimento-de-mandado-de-prisao-houve-registro-de-disparo-de-arma-de-fogo-em-lucelia\/","title":{"rendered":"Durante cumprimento de mandado de pris\u00e3o houve registro de disparo de arma de fogo em Luc\u00e9lia"},"content":{"rendered":"<div id=\"fb-root\"><\/div>\n<p>As primeiras informa\u00e7\u00f5es indicam que, durante o cumprimento de um mandado de pris\u00e3o no bairro Monte Alto, houve resist\u00eancia por parte de um procurado pela Justi\u00e7a, sendo necess\u00e1rio o disparo de arma de fogo efetuado por um dos policiais.<\/p>\n<p>Ainda n\u00e3o h\u00e1 informa\u00e7\u00f5es sobre poss\u00edveis v\u00edtimas, bem como se houve feridos nesta ocorr\u00eancia.<\/p>\n<p>V\u00e1rias equipes da Pol\u00edcia Militar, inclusive com o apoio de viaturas de cidades vizinhas, foram deslocadas para o local da ocorr\u00eancia, que segue em andamento.<\/p>\n<p>Mais informa\u00e7\u00f5es e eventuais altera\u00e7\u00f5es deste conte\u00fado poder\u00e3o ser divulgadas a qualquer momento.<\/p>\n<p>&nbsp;<\/p>\n<p>&nbsp;<\/p>\n<p>Fonte: Folha Regional<\/p>\n","protected":false},"excerpt":{"rendered":"<p>As primeiras informa\u00e7\u00f5es indicam que, durante o cumprimento de um mandado de pris\u00e3o no bairro Monte Alto, houve resist\u00eancia por parte de um procurado pela Justi\u00e7a, sendo necess\u00e1rio o disparo de arma de fogo efetuado por um dos policiais. Ainda n\u00e3o h\u00e1 informa\u00e7\u00f5es sobre poss\u00edveis v\u00edtimas, bem como se houve feridos nesta ocorr\u00eancia. V\u00e1rias equipes [&hellip;]<\/p>\n","protected":false},"author":13,"featured_media":96674,"comment_status":"closed","ping_status":"open","sticky":false,"template":"","format":"standard","meta":{"_acf_changed":false,"_exactmetrics_skip_tracking":false,"_exactmetrics_sitenote_active":false,"_exactmetrics_sitenote_note":"","_exactmetrics_sitenote_category":0,"footnotes":""},"categories":[66,24],"tags":[],"class_list":["post-96673","post","type-post","status-publish","format-standard","has-post-thumbnail","hentry","category-policia","category-regiao"],"acf":[],"yoast_head":"<!-- This site is optimized with the Yoast SEO plugin v27.2 - https:\/\/yoast.com\/product\/yoast-seo-wordpress\/ -->\n<title>Durante cumprimento de mandado de pris\u00e3o houve registro de disparo de arma de fogo em Luc\u00e9lia - R\u00e1dio Life FM<\/title>\n<meta name=\"robots\" content=\"index, follow, max-snippet:-1, max-image-preview:large, max-video-preview:-1\" \/>\n<link rel=\"canonical\" href=\"https:\/\/radiolifefm.com.br\/noticias\/durante-cumprimento-de-mandado-de-prisao-houve-registro-de-disparo-de-arma-de-fogo-em-lucelia\/\" \/>\n<meta property=\"og:locale\" content=\"pt_BR\" \/>\n<meta property=\"og:type\" content=\"article\" \/>\n<meta property=\"og:title\" content=\"Durante cumprimento de mandado de pris\u00e3o houve registro de disparo de arma de fogo em Luc\u00e9lia - R\u00e1dio Life FM\" \/>\n<meta property=\"og:description\" content=\"As primeiras informa\u00e7\u00f5es indicam que, durante o cumprimento de um mandado de pris\u00e3o no bairro Monte Alto, houve resist\u00eancia por parte de um procurado pela Justi\u00e7a, sendo necess\u00e1rio o disparo de arma de fogo efetuado por um dos policiais. Ainda n\u00e3o h\u00e1 informa\u00e7\u00f5es sobre poss\u00edveis v\u00edtimas, bem como se houve feridos nesta ocorr\u00eancia. V\u00e1rias equipes [&hellip;]\" \/>\n<meta property=\"og:url\" content=\"https:\/\/radiolifefm.com.br\/noticias\/durante-cumprimento-de-mandado-de-prisao-houve-registro-de-disparo-de-arma-de-fogo-em-lucelia\/\" \/>\n<meta property=\"og:site_name\" content=\"R\u00e1dio Life FM\" \/>\n<meta property=\"article:publisher\" content=\"https:\/\/www.facebook.com\/radiolifefm\/\" \/>\n<meta property=\"article:published_time\" content=\"2025-01-15T12:20:04+00:00\" \/>\n<meta property=\"article:modified_time\" content=\"2026-03-13T08:43:49+00:00\" \/>\n<meta property=\"og:image\" content=\"https:\/\/radiolifefm.com.br\/noticias\/wp-content\/uploads\/2025\/01\/Tiro-Lucelia-800x445-1.jpg\" \/>\n\t<meta property=\"og:image:width\" content=\"800\" \/>\n\t<meta property=\"og:image:height\" content=\"445\" \/>\n\t<meta property=\"og:image:type\" content=\"image\/jpeg\" \/>\n<meta name=\"author\" content=\"ritanery\" \/>\n<meta name=\"twitter:card\" content=\"summary_large_image\" \/>\n<meta name=\"twitter:label1\" content=\"Escrito por\" \/>\n\t<meta name=\"twitter:data1\" content=\"ritanery\" \/>\n\t<meta name=\"twitter:label2\" content=\"Est. tempo de leitura\" \/>\n\t<meta name=\"twitter:data2\" content=\"1 minuto\" \/>\n<script type=\"application\/ld+json\" class=\"yoast-schema-graph\">{\"@context\":\"https:\/\/schema.org\",\"@graph\":[{\"@type\":\"Article\",\"@id\":\"https:\/\/radiolifefm.com.br\/noticias\/durante-cumprimento-de-mandado-de-prisao-houve-registro-de-disparo-de-arma-de-fogo-em-lucelia\/#article\",\"isPartOf\":{\"@id\":\"https:\/\/radiolifefm.com.br\/noticias\/durante-cumprimento-de-mandado-de-prisao-houve-registro-de-disparo-de-arma-de-fogo-em-lucelia\/\"},\"author\":{\"name\":\"ritanery\",\"@id\":\"https:\/\/radiolifefm.com.br\/noticias\/#\/schema\/person\/6339b9fac59d12b071dec680d7375d87\"},\"headline\":\"Durante cumprimento de mandado de pris\u00e3o houve registro de disparo de arma de fogo em Luc\u00e9lia\",\"datePublished\":\"2025-01-15T12:20:04+00:00\",\"dateModified\":\"2026-03-13T08:43:49+00:00\",\"mainEntityOfPage\":{\"@id\":\"https:\/\/radiolifefm.com.br\/noticias\/durante-cumprimento-de-mandado-de-prisao-houve-registro-de-disparo-de-arma-de-fogo-em-lucelia\/\"},\"wordCount\":131,\"publisher\":{\"@id\":\"https:\/\/radiolifefm.com.br\/noticias\/#organization\"},\"image\":{\"@id\":\"https:\/\/radiolifefm.com.br\/noticias\/durante-cumprimento-de-mandado-de-prisao-houve-registro-de-disparo-de-arma-de-fogo-em-lucelia\/#primaryimage\"},\"thumbnailUrl\":\"https:\/\/radiolifefm.com.br\/noticias\/wp-content\/uploads\/2025\/01\/Tiro-Lucelia-800x445-1.jpg\",\"articleSection\":[\"Pol\u00edcia\",\"Regi\u00e3o\"],\"inLanguage\":\"pt-BR\"},{\"@type\":\"WebPage\",\"@id\":\"https:\/\/radiolifefm.com.br\/noticias\/durante-cumprimento-de-mandado-de-prisao-houve-registro-de-disparo-de-arma-de-fogo-em-lucelia\/\",\"url\":\"https:\/\/radiolifefm.com.br\/noticias\/durante-cumprimento-de-mandado-de-prisao-houve-registro-de-disparo-de-arma-de-fogo-em-lucelia\/\",\"name\":\"Durante cumprimento de mandado de pris\u00e3o houve registro de disparo de arma de fogo em Luc\u00e9lia - R\u00e1dio Life FM\",\"isPartOf\":{\"@id\":\"https:\/\/radiolifefm.com.br\/noticias\/#website\"},\"primaryImageOfPage\":{\"@id\":\"https:\/\/radiolifefm.com.br\/noticias\/durante-cumprimento-de-mandado-de-prisao-houve-registro-de-disparo-de-arma-de-fogo-em-lucelia\/#primaryimage\"},\"image\":{\"@id\":\"https:\/\/radiolifefm.com.br\/noticias\/durante-cumprimento-de-mandado-de-prisao-houve-registro-de-disparo-de-arma-de-fogo-em-lucelia\/#primaryimage\"},\"thumbnailUrl\":\"https:\/\/radiolifefm.com.br\/noticias\/wp-content\/uploads\/2025\/01\/Tiro-Lucelia-800x445-1.jpg\",\"datePublished\":\"2025-01-15T12:20:04+00:00\",\"dateModified\":\"2026-03-13T08:43:49+00:00\",\"breadcrumb\":{\"@id\":\"https:\/\/radiolifefm.com.br\/noticias\/durante-cumprimento-de-mandado-de-prisao-houve-registro-de-disparo-de-arma-de-fogo-em-lucelia\/#breadcrumb\"},\"inLanguage\":\"pt-BR\",\"potentialAction\":[{\"@type\":\"ReadAction\",\"target\":[\"https:\/\/radiolifefm.com.br\/noticias\/durante-cumprimento-de-mandado-de-prisao-houve-registro-de-disparo-de-arma-de-fogo-em-lucelia\/\"]}]},{\"@type\":\"ImageObject\",\"inLanguage\":\"pt-BR\",\"@id\":\"https:\/\/radiolifefm.com.br\/noticias\/durante-cumprimento-de-mandado-de-prisao-houve-registro-de-disparo-de-arma-de-fogo-em-lucelia\/#primaryimage\",\"url\":\"https:\/\/radiolifefm.com.br\/noticias\/wp-content\/uploads\/2025\/01\/Tiro-Lucelia-800x445-1.jpg\",\"contentUrl\":\"https:\/\/radiolifefm.com.br\/noticias\/wp-content\/uploads\/2025\/01\/Tiro-Lucelia-800x445-1.jpg\",\"width\":800,\"height\":445,\"caption\":\"Se encontra ainda em andamento, em Luc\u00e9lia, uma ocorr\u00eancia envolvendo disparo de arma de fogo\"},{\"@type\":\"BreadcrumbList\",\"@id\":\"https:\/\/radiolifefm.com.br\/noticias\/durante-cumprimento-de-mandado-de-prisao-houve-registro-de-disparo-de-arma-de-fogo-em-lucelia\/#breadcrumb\",\"itemListElement\":[{\"@type\":\"ListItem\",\"position\":1,\"name\":\"In\u00edcio\",\"item\":\"https:\/\/radiolifefm.com.br\/noticias\/\"},{\"@type\":\"ListItem\",\"position\":2,\"name\":\"Durante cumprimento de mandado de pris\u00e3o houve registro de disparo de arma de fogo em Luc\u00e9lia\"}]},{\"@type\":\"WebSite\",\"@id\":\"https:\/\/radiolifefm.com.br\/noticias\/#website\",\"url\":\"https:\/\/radiolifefm.com.br\/noticias\/\",\"name\":\"R\u00e1dio Life FM\",\"description\":\"O Portal de Not\u00edcias de Adamantina\",\"publisher\":{\"@id\":\"https:\/\/radiolifefm.com.br\/noticias\/#organization\"},\"alternateName\":\"Life FM\",\"potentialAction\":[{\"@type\":\"SearchAction\",\"target\":{\"@type\":\"EntryPoint\",\"urlTemplate\":\"https:\/\/radiolifefm.com.br\/noticias\/?s={search_term_string}\"},\"query-input\":{\"@type\":\"PropertyValueSpecification\",\"valueRequired\":true,\"valueName\":\"search_term_string\"}}],\"inLanguage\":\"pt-BR\"},{\"@type\":\"Organization\",\"@id\":\"https:\/\/radiolifefm.com.br\/noticias\/#organization\",\"name\":\"R\u00e1dio Life FM\",\"alternateName\":\"Life FM\",\"url\":\"https:\/\/radiolifefm.com.br\/noticias\/\",\"logo\":{\"@type\":\"ImageObject\",\"inLanguage\":\"pt-BR\",\"@id\":\"https:\/\/radiolifefm.com.br\/noticias\/#\/schema\/logo\/image\/\",\"url\":\"https:\/\/static.radiolifefm.com.br\/noticias\/wp-content\/uploads\/2019\/10\/logo-lifefm.png\",\"contentUrl\":\"https:\/\/static.radiolifefm.com.br\/noticias\/wp-content\/uploads\/2019\/10\/logo-lifefm.png\",\"width\":196,\"height\":47,\"caption\":\"R\u00e1dio Life FM\"},\"image\":{\"@id\":\"https:\/\/radiolifefm.com.br\/noticias\/#\/schema\/logo\/image\/\"},\"sameAs\":[\"https:\/\/www.facebook.com\/radiolifefm\/\",\"https:\/\/www.instagram.com\/life1079fm\/\"]},{\"@type\":\"Person\",\"@id\":\"https:\/\/radiolifefm.com.br\/noticias\/#\/schema\/person\/6339b9fac59d12b071dec680d7375d87\",\"name\":\"ritanery\",\"image\":{\"@type\":\"ImageObject\",\"inLanguage\":\"pt-BR\",\"@id\":\"https:\/\/secure.gravatar.com\/avatar\/0e37bb19071f47c0b8a23f62a903df117c5a0e75f65a0c2901562f97cd41cf86?s=96&d=mm&r=g\",\"url\":\"https:\/\/secure.gravatar.com\/avatar\/0e37bb19071f47c0b8a23f62a903df117c5a0e75f65a0c2901562f97cd41cf86?s=96&d=mm&r=g\",\"contentUrl\":\"https:\/\/secure.gravatar.com\/avatar\/0e37bb19071f47c0b8a23f62a903df117c5a0e75f65a0c2901562f97cd41cf86?s=96&d=mm&r=g\",\"caption\":\"ritanery\"}}]}<\/script>\n<!-- \/ Yoast SEO plugin. -->","yoast_head_json":{"title":"Durante cumprimento de mandado de pris\u00e3o houve registro de disparo de arma de fogo em Luc\u00e9lia - R\u00e1dio Life FM","robots":{"index":"index","follow":"follow","max-snippet":"max-snippet:-1","max-image-preview":"max-image-preview:large","max-video-preview":"max-video-preview:-1"},"canonical":"https:\/\/radiolifefm.com.br\/noticias\/durante-cumprimento-de-mandado-de-prisao-houve-registro-de-disparo-de-arma-de-fogo-em-lucelia\/","og_locale":"pt_BR","og_type":"article","og_title":"Durante cumprimento de mandado de pris\u00e3o houve registro de disparo de arma de fogo em Luc\u00e9lia - R\u00e1dio Life FM","og_description":"As primeiras informa\u00e7\u00f5es indicam que, durante o cumprimento de um mandado de pris\u00e3o no bairro Monte Alto, houve resist\u00eancia por parte de um procurado pela Justi\u00e7a, sendo necess\u00e1rio o disparo de arma de fogo efetuado por um dos policiais. Ainda n\u00e3o h\u00e1 informa\u00e7\u00f5es sobre poss\u00edveis v\u00edtimas, bem como se houve feridos nesta ocorr\u00eancia. V\u00e1rias equipes [&hellip;]","og_url":"https:\/\/radiolifefm.com.br\/noticias\/durante-cumprimento-de-mandado-de-prisao-houve-registro-de-disparo-de-arma-de-fogo-em-lucelia\/","og_site_name":"R\u00e1dio Life FM","article_publisher":"https:\/\/www.facebook.com\/radiolifefm\/","article_published_time":"2025-01-15T12:20:04+00:00","article_modified_time":"2026-03-13T08:43:49+00:00","og_image":[{"width":800,"height":445,"url":"https:\/\/radiolifefm.com.br\/noticias\/wp-content\/uploads\/2025\/01\/Tiro-Lucelia-800x445-1.jpg","type":"image\/jpeg"}],"author":"ritanery","twitter_card":"summary_large_image","twitter_misc":{"Escrito por":"ritanery","Est. tempo de leitura":"1 minuto"},"schema":{"@context":"https:\/\/schema.org","@graph":[{"@type":"Article","@id":"https:\/\/radiolifefm.com.br\/noticias\/durante-cumprimento-de-mandado-de-prisao-houve-registro-de-disparo-de-arma-de-fogo-em-lucelia\/#article","isPartOf":{"@id":"https:\/\/radiolifefm.com.br\/noticias\/durante-cumprimento-de-mandado-de-prisao-houve-registro-de-disparo-de-arma-de-fogo-em-lucelia\/"},"author":{"name":"ritanery","@id":"https:\/\/radiolifefm.com.br\/noticias\/#\/schema\/person\/6339b9fac59d12b071dec680d7375d87"},"headline":"Durante cumprimento de mandado de pris\u00e3o houve registro de disparo de arma de fogo em Luc\u00e9lia","datePublished":"2025-01-15T12:20:04+00:00","dateModified":"2026-03-13T08:43:49+00:00","mainEntityOfPage":{"@id":"https:\/\/radiolifefm.com.br\/noticias\/durante-cumprimento-de-mandado-de-prisao-houve-registro-de-disparo-de-arma-de-fogo-em-lucelia\/"},"wordCount":131,"publisher":{"@id":"https:\/\/radiolifefm.com.br\/noticias\/#organization"},"image":{"@id":"https:\/\/radiolifefm.com.br\/noticias\/durante-cumprimento-de-mandado-de-prisao-houve-registro-de-disparo-de-arma-de-fogo-em-lucelia\/#primaryimage"},"thumbnailUrl":"https:\/\/radiolifefm.com.br\/noticias\/wp-content\/uploads\/2025\/01\/Tiro-Lucelia-800x445-1.jpg","articleSection":["Pol\u00edcia","Regi\u00e3o"],"inLanguage":"pt-BR"},{"@type":"WebPage","@id":"https:\/\/radiolifefm.com.br\/noticias\/durante-cumprimento-de-mandado-de-prisao-houve-registro-de-disparo-de-arma-de-fogo-em-lucelia\/","url":"https:\/\/radiolifefm.com.br\/noticias\/durante-cumprimento-de-mandado-de-prisao-houve-registro-de-disparo-de-arma-de-fogo-em-lucelia\/","name":"Durante cumprimento de mandado de pris\u00e3o houve registro de disparo de arma de fogo em Luc\u00e9lia - R\u00e1dio Life FM","isPartOf":{"@id":"https:\/\/radiolifefm.com.br\/noticias\/#website"},"primaryImageOfPage":{"@id":"https:\/\/radiolifefm.com.br\/noticias\/durante-cumprimento-de-mandado-de-prisao-houve-registro-de-disparo-de-arma-de-fogo-em-lucelia\/#primaryimage"},"image":{"@id":"https:\/\/radiolifefm.com.br\/noticias\/durante-cumprimento-de-mandado-de-prisao-houve-registro-de-disparo-de-arma-de-fogo-em-lucelia\/#primaryimage"},"thumbnailUrl":"https:\/\/radiolifefm.com.br\/noticias\/wp-content\/uploads\/2025\/01\/Tiro-Lucelia-800x445-1.jpg","datePublished":"2025-01-15T12:20:04+00:00","dateModified":"2026-03-13T08:43:49+00:00","breadcrumb":{"@id":"https:\/\/radiolifefm.com.br\/noticias\/durante-cumprimento-de-mandado-de-prisao-houve-registro-de-disparo-de-arma-de-fogo-em-lucelia\/#breadcrumb"},"inLanguage":"pt-BR","potentialAction":[{"@type":"ReadAction","target":["https:\/\/radiolifefm.com.br\/noticias\/durante-cumprimento-de-mandado-de-prisao-houve-registro-de-disparo-de-arma-de-fogo-em-lucelia\/"]}]},{"@type":"ImageObject","inLanguage":"pt-BR","@id":"https:\/\/radiolifefm.com.br\/noticias\/durante-cumprimento-de-mandado-de-prisao-houve-registro-de-disparo-de-arma-de-fogo-em-lucelia\/#primaryimage","url":"https:\/\/radiolifefm.com.br\/noticias\/wp-content\/uploads\/2025\/01\/Tiro-Lucelia-800x445-1.jpg","contentUrl":"https:\/\/radiolifefm.com.br\/noticias\/wp-content\/uploads\/2025\/01\/Tiro-Lucelia-800x445-1.jpg","width":800,"height":445,"caption":"Se encontra ainda em andamento, em Luc\u00e9lia, uma ocorr\u00eancia envolvendo disparo de arma de fogo"},{"@type":"BreadcrumbList","@id":"https:\/\/radiolifefm.com.br\/noticias\/durante-cumprimento-de-mandado-de-prisao-houve-registro-de-disparo-de-arma-de-fogo-em-lucelia\/#breadcrumb","itemListElement":[{"@type":"ListItem","position":1,"name":"In\u00edcio","item":"https:\/\/radiolifefm.com.br\/noticias\/"},{"@type":"ListItem","position":2,"name":"Durante cumprimento de mandado de pris\u00e3o houve registro de disparo de arma de fogo em Luc\u00e9lia"}]},{"@type":"WebSite","@id":"https:\/\/radiolifefm.com.br\/noticias\/#website","url":"https:\/\/radiolifefm.com.br\/noticias\/","name":"R\u00e1dio Life FM","description":"O Portal de Not\u00edcias de Adamantina","publisher":{"@id":"https:\/\/radiolifefm.com.br\/noticias\/#organization"},"alternateName":"Life FM","potentialAction":[{"@type":"SearchAction","target":{"@type":"EntryPoint","urlTemplate":"https:\/\/radiolifefm.com.br\/noticias\/?s={search_term_string}"},"query-input":{"@type":"PropertyValueSpecification","valueRequired":true,"valueName":"search_term_string"}}],"inLanguage":"pt-BR"},{"@type":"Organization","@id":"https:\/\/radiolifefm.com.br\/noticias\/#organization","name":"R\u00e1dio Life FM","alternateName":"Life FM","url":"https:\/\/radiolifefm.com.br\/noticias\/","logo":{"@type":"ImageObject","inLanguage":"pt-BR","@id":"https:\/\/radiolifefm.com.br\/noticias\/#\/schema\/logo\/image\/","url":"https:\/\/static.radiolifefm.com.br\/noticias\/wp-content\/uploads\/2019\/10\/logo-lifefm.png","contentUrl":"https:\/\/static.radiolifefm.com.br\/noticias\/wp-content\/uploads\/2019\/10\/logo-lifefm.png","width":196,"height":47,"caption":"R\u00e1dio Life FM"},"image":{"@id":"https:\/\/radiolifefm.com.br\/noticias\/#\/schema\/logo\/image\/"},"sameAs":["https:\/\/www.facebook.com\/radiolifefm\/","https:\/\/www.instagram.com\/life1079fm\/"]},{"@type":"Person","@id":"https:\/\/radiolifefm.com.br\/noticias\/#\/schema\/person\/6339b9fac59d12b071dec680d7375d87","name":"ritanery","image":{"@type":"ImageObject","inLanguage":"pt-BR","@id":"https:\/\/secure.gravatar.com\/avatar\/0e37bb19071f47c0b8a23f62a903df117c5a0e75f65a0c2901562f97cd41cf86?s=96&d=mm&r=g","url":"https:\/\/secure.gravatar.com\/avatar\/0e37bb19071f47c0b8a23f62a903df117c5a0e75f65a0c2901562f97cd41cf86?s=96&d=mm&r=g","contentUrl":"https:\/\/secure.gravatar.com\/avatar\/0e37bb19071f47c0b8a23f62a903df117c5a0e75f65a0c2901562f97cd41cf86?s=96&d=mm&r=g","caption":"ritanery"}}]}},"amp_enabled":true,"_links":{"self":[{"href":"https:\/\/radiolifefm.com.br\/noticias\/wp-json\/wp\/v2\/posts\/96673","targetHints":{"allow":["GET"]}}],"collection":[{"href":"https:\/\/radiolifefm.com.br\/noticias\/wp-json\/wp\/v2\/posts"}],"about":[{"href":"https:\/\/radiolifefm.com.br\/noticias\/wp-json\/wp\/v2\/types\/post"}],"author":[{"embeddable":true,"href":"https:\/\/radiolifefm.com.br\/noticias\/wp-json\/wp\/v2\/users\/13"}],"replies":[{"embeddable":true,"href":"https:\/\/radiolifefm.com.br\/noticias\/wp-json\/wp\/v2\/comments?post=96673"}],"version-history":[{"count":1,"href":"https:\/\/radiolifefm.com.br\/noticias\/wp-json\/wp\/v2\/posts\/96673\/revisions"}],"predecessor-version":[{"id":96675,"href":"https:\/\/radiolifefm.com.br\/noticias\/wp-json\/wp\/v2\/posts\/96673\/revisions\/96675"}],"wp:featuredmedia":[{"embeddable":true,"href":"https:\/\/radiolifefm.com.br\/noticias\/wp-json\/wp\/v2\/media\/96674"}],"wp:attachment":[{"href":"https:\/\/radiolifefm.com.br\/noticias\/wp-json\/wp\/v2\/media?parent=96673"}],"wp:term":[{"taxonomy":"category","embeddable":true,"href":"https:\/\/radiolifefm.com.br\/noticias\/wp-json\/wp\/v2\/categories?post=96673"},{"taxonomy":"post_tag","embeddable":true,"href":"https:\/\/radiolifefm.com.br\/noticias\/wp-json\/wp\/v2\/tags?post=96673"}],"curies":[{"name":"wp","href":"https:\/\/api.w.org\/{rel}","templated":true}]}}