{"id":96651,"date":"2025-01-15T08:29:15","date_gmt":"2025-01-15T11:29:15","guid":{"rendered":"https:\/\/radiolifefm.com.br\/noticias\/?p=96651"},"modified":"2026-04-04T05:49:26","modified_gmt":"2026-04-04T08:49:26","slug":"pra-nao-dizer-que-nao-escrevi-sobre-aquela-turma-do-curso-de-teologia-da-fateo-em-rudge-ramos-sbcampo-sp","status":"publish","type":"post","link":"https:\/\/radiolifefm.com.br\/noticias\/pra-nao-dizer-que-nao-escrevi-sobre-aquela-turma-do-curso-de-teologia-da-fateo-em-rudge-ramos-sbcampo-sp\/","title":{"rendered":"\u201cPra n\u00e3o dizer que\u201d n\u00e3o escrevi sobre aquela turma do curso de Teologia da FATEO em Rudge Ramos, SBCampo, SP&#8230;"},"content":{"rendered":"<div id=\"fb-root\"><\/div>\n<p>&nbsp;<\/p>\n<p><em>\u00a0\u201c<\/em><a href=\"https:\/\/kdfrases.com\/frase\/121401\"><em>Me apelidaram de Besserman Sujismundo e depois de Bessermundo, at\u00e9 virar Bussunda. Mas a vers\u00e3o oficial \u00e9 que o\u00a0<strong>apelido<\/strong>\u00a0\u00e9 a mistura das duas coisas que mais gosto<\/em><\/a><em>\u201d (<\/em><a href=\"https:\/\/kdfrases.com\/autor\/bussunda\"><em>Bussunda<\/em><\/a><em>)<\/em><\/p>\n<p><strong><em>\u00a0<\/em><\/strong><\/p>\n<p><strong><em>Ao S\u00cdLVIO DANIEL (in memoriam), dedico!<\/em><\/strong><\/p>\n<p><strong>By seb@r. <\/strong><\/p>\n<p>Os anos passam, ou melhor, VOAM como dizem uns e outros, assim, cada qual vai levando de um jeito ou de outro, ainda mais neste tempo novo tempo novo&#8230;<\/p>\n<p>Tamb\u00e9m, dizem que RECORDAR \u00c9 VIVER, por\u00e9m, neste cen\u00e1rio atual, confesso que tal RECORDA\u00c7\u00c3O \u00e9 mais do dolorosa, tendo em vista que este texto apareceu para prestar uma HOMENAGEM para uma FIGURINHA MAIS DO QUE CARIMBADA, entretanto, o nome deste CURINTIANO e PETISTA, vai aparecer mais adiante&#8230;<\/p>\n<p>Assim, vou tentar puxar a minha MEM\u00d3RIA aqui pra continuar escrevendo sobre os\/as FORMANDOS\/S do Curso de TEOLOGIA, Turma de 1.985, da FATEO, ainda, quem estudou nesta institui\u00e7\u00e3o vai identificar por este nome e assim por diante&#8230;<\/p>\n<p>Vamos pelo in\u00edcio do CONVITE, isso mesmo, guardei o mesmo nos meus arquivos aqui, tendo em vista que foi uma TURMA mais do que especial naquele outro tempo do tempo, isso \u00e9, usando e abusando de que isso pode ser para o BEM ou para o MAL, vai depender sempre de quem esteve naqueles anos e conviveu com essa TURMA DA PESADA&#8230;<\/p>\n<p>Ent\u00e3o, pra n\u00e3o deixar os mesmos um tanto quanto ATRAPALHADOS no caso dos nomes e respectivas ALCUNHAS daquele per\u00edodo de 4 LONGOS ANOS de idas e vindas no campus do antigo IMS- Instituto Metodista de Ensino Superior, bem como, no denominado POMBAL, tamb\u00e9m, registra-se Edif\u00edcio JO\u00c3O WESLEY&#8230;<\/p>\n<p>Neste POMBAL, este era o APELIDO daquele local que concentrava no t\u00e9rreo os\/as CASADOS\/AS que estavam cursando TEOLOGIA, nos andares de cima, ou seja, primeiro, segundo e terceiro, dependendo do n\u00famero de SEMINARISTAS, ficavam dois no 1\u00ba. E 2\u00ba. , por\u00e9m, o 3\u00ba. era reservado EXCLUSIVAMENTE para quem estava no \u00faltimo ano (4\u00ba. Ano) do curso&#8230;<\/p>\n<p>Mas, voltando ao nosso lugar comum que \u00e9 escrever sobre essa TURMA de 1.985, tendo em vista que escolheram como PARANINFO o ALABY e como PATRONO, o REILY, al\u00e9m de colocarem o nome dos demais docentes no CONVITE com um total de 31 professores\/as que marcaram presen\u00e7a na forma\u00e7\u00e3o TEOL\u00d3GICA da turma em pauta&#8230;<\/p>\n<p>Pra n\u00e3o ficar muito longo tais DIVAGA\u00c7\u00d5ES, pretendo tentar fazer um RESUMO quanto aos APELIDOS que diversos SEMINARISTAS carregavam naquele outro tempo do tempo, haja vista que um ou outro, n\u00e3o era muito apreciava ser chamado desta forma pelos demais colegas de turma&#8230;<\/p>\n<p>N\u00e3o consegui lembrar aqui do meu lado se o S\u00cdLVIO DANIEL (in memoriam) possu\u00eda um APELIDO, o que posso atestar era que o \u00d3CULOS que o mesmo usava naqueles anos era uma coisa do outro mundo quanto as LENTES e ponto quase final&#8230;<\/p>\n<p>Vamos dar os nomes, ou melhor APELIDOS que os ditos SEMINARISTAS tiveram naqueles quatro anos, todavia, acredito que neste tempo novo tempo de quase 4 D\u00c9CADAS depois, a maioria ou TODOS\/AS n\u00e3o se lembram disto ou daquilo, bem como, fazem quest\u00e3o de deixar no PASSADO para ningu\u00e9m RECORDAR e assim por diante&#8230;<\/p>\n<p>Quem n\u00e3o se lembra do MUUUUUUU&#8230; JAB\u00c1&#8230; NEG\u00c3O&#8230; PINK&#8230; G\u00c9 (essa a\u00ed n\u00e3o \u00e9 amiga dela&#8230; aquela \u00e9 amiga!)&#8230; BOBO&#8230; CHACRILONGO (este apelido eu tenho quase certeza que foi o SILVIO que colocou no dito cujo&#8230;), ainda, o GUGU&#8230; LIM\u00c3O\/LIM\u00c3OZINHO (aquele que estava sempre reclamando de tudo e de todos\/as)&#8230; PIU PIU&#8230; (tamb\u00e9m, apelido outorgado pelo SILVIO), tamb\u00e9m, CAMPINHO e o mais famoso de todos\/as, ou seja, CAMPE\u00c3O INVICTO que era o CAPIT\u00c3O GAY&#8230;<\/p>\n<p>Como escrevi no in\u00edcio, n\u00e3o pretendo citar os nomes que carregam estes APELIDOS\/ALCUNHAS, embora esteja escrito aqui no CONVITE que tenho em arquivo pessoal, bem como, os demais COLEGAS desta Turma do Curso de Teologia da FATEO que receberam o CANUDO no ano de 1.985&#8230;<\/p>\n<p>Todas essas DIVAGA\u00c7\u00d5ES foram escritas para prestar uma HOMENAGEM ao SILVIO DANIEL RIBEIRO BARBOSA que embarcou para o outro tempo do tempo faz alguns dias, haja vista que o mesmo deve estar em algum lugar e com a sua FINA IRONIA, fazendo muitas PIADAS desta turma&#8230;<\/p>\n<p>&nbsp;<\/p>\n<p><strong>AVE SILVIO DANIEL!<\/strong><\/p>\n<p><strong>AVE TURMA DA FATEO-FACULDADE DE TEOLOGIA DA IGREJA METODISTA NO BRASIL\/1.985!<\/strong><\/p>\n<p><strong>\u00a0<\/strong><\/p>\n<p><strong>\u00a0<\/strong><\/p>\n<p>e-mail: <a href=\"mailto:barbosa.sebar@gmail.com\">barbosa.sebar@gmail.com<\/a><\/p>\n","protected":false},"excerpt":{"rendered":"<p>&nbsp; \u00a0\u201cMe apelidaram de Besserman Sujismundo e depois de Bessermundo, at\u00e9 virar Bussunda. Mas a vers\u00e3o oficial \u00e9 que o\u00a0apelido\u00a0\u00e9 a mistura das duas coisas que mais gosto\u201d (Bussunda) \u00a0 Ao S\u00cdLVIO DANIEL (in memoriam), dedico! By seb@r. Os anos passam, ou melhor, VOAM como dizem uns e outros, assim, cada qual vai levando de [&hellip;]<\/p>\n","protected":false},"author":13,"featured_media":51988,"comment_status":"closed","ping_status":"open","sticky":false,"template":"","format":"standard","meta":{"_acf_changed":false,"_exactmetrics_skip_tracking":false,"_exactmetrics_sitenote_active":false,"_exactmetrics_sitenote_note":"","_exactmetrics_sitenote_category":0,"footnotes":""},"categories":[59],"tags":[],"class_list":["post-96651","post","type-post","status-publish","format-standard","has-post-thumbnail","hentry","category-opiniao"],"acf":[],"yoast_head":"<!-- This site is optimized with the Yoast SEO plugin v27.2 - https:\/\/yoast.com\/product\/yoast-seo-wordpress\/ -->\n<title>\u201cPra n\u00e3o dizer que\u201d n\u00e3o escrevi sobre aquela turma do curso de Teologia da FATEO em Rudge Ramos, SBCampo, SP... - R\u00e1dio Life FM<\/title>\n<meta name=\"robots\" content=\"index, follow, max-snippet:-1, max-image-preview:large, max-video-preview:-1\" \/>\n<link rel=\"canonical\" href=\"https:\/\/radiolifefm.com.br\/noticias\/pra-nao-dizer-que-nao-escrevi-sobre-aquela-turma-do-curso-de-teologia-da-fateo-em-rudge-ramos-sbcampo-sp\/\" \/>\n<meta property=\"og:locale\" content=\"pt_BR\" \/>\n<meta property=\"og:type\" content=\"article\" \/>\n<meta property=\"og:title\" content=\"\u201cPra n\u00e3o dizer que\u201d n\u00e3o escrevi sobre aquela turma do curso de Teologia da FATEO em Rudge Ramos, SBCampo, SP... - R\u00e1dio Life FM\" \/>\n<meta property=\"og:description\" content=\"&nbsp; \u00a0\u201cMe apelidaram de Besserman Sujismundo e depois de Bessermundo, at\u00e9 virar Bussunda. Mas a vers\u00e3o oficial \u00e9 que o\u00a0apelido\u00a0\u00e9 a mistura das duas coisas que mais gosto\u201d (Bussunda) \u00a0 Ao S\u00cdLVIO DANIEL (in memoriam), dedico! By seb@r. Os anos passam, ou melhor, VOAM como dizem uns e outros, assim, cada qual vai levando de [&hellip;]\" \/>\n<meta property=\"og:url\" content=\"https:\/\/radiolifefm.com.br\/noticias\/pra-nao-dizer-que-nao-escrevi-sobre-aquela-turma-do-curso-de-teologia-da-fateo-em-rudge-ramos-sbcampo-sp\/\" \/>\n<meta property=\"og:site_name\" content=\"R\u00e1dio Life FM\" \/>\n<meta property=\"article:publisher\" content=\"https:\/\/www.facebook.com\/radiolifefm\/\" \/>\n<meta property=\"article:published_time\" content=\"2025-01-15T11:29:15+00:00\" \/>\n<meta property=\"article:modified_time\" content=\"2026-04-04T08:49:26+00:00\" \/>\n<meta property=\"og:image\" content=\"https:\/\/radiolifefm.com.br\/noticias\/wp-content\/uploads\/2022\/04\/WhatsApp-Image-2022-04-10-at-18.43.02.jpeg\" \/>\n\t<meta property=\"og:image:width\" content=\"972\" \/>\n\t<meta property=\"og:image:height\" content=\"1296\" \/>\n\t<meta property=\"og:image:type\" content=\"image\/jpeg\" \/>\n<meta name=\"author\" content=\"ritanery\" \/>\n<meta name=\"twitter:card\" content=\"summary_large_image\" \/>\n<meta name=\"twitter:label1\" content=\"Escrito por\" \/>\n\t<meta name=\"twitter:data1\" content=\"ritanery\" \/>\n\t<meta name=\"twitter:label2\" content=\"Est. tempo de leitura\" \/>\n\t<meta name=\"twitter:data2\" content=\"5 minutos\" \/>\n<script type=\"application\/ld+json\" class=\"yoast-schema-graph\">{\"@context\":\"https:\/\/schema.org\",\"@graph\":[{\"@type\":\"Article\",\"@id\":\"https:\/\/radiolifefm.com.br\/noticias\/pra-nao-dizer-que-nao-escrevi-sobre-aquela-turma-do-curso-de-teologia-da-fateo-em-rudge-ramos-sbcampo-sp\/#article\",\"isPartOf\":{\"@id\":\"https:\/\/radiolifefm.com.br\/noticias\/pra-nao-dizer-que-nao-escrevi-sobre-aquela-turma-do-curso-de-teologia-da-fateo-em-rudge-ramos-sbcampo-sp\/\"},\"author\":{\"name\":\"ritanery\",\"@id\":\"https:\/\/radiolifefm.com.br\/noticias\/#\/schema\/person\/6339b9fac59d12b071dec680d7375d87\"},\"headline\":\"\u201cPra n\u00e3o dizer que\u201d n\u00e3o escrevi sobre aquela turma do curso de Teologia da FATEO em Rudge Ramos, SBCampo, SP&#8230;\",\"datePublished\":\"2025-01-15T11:29:15+00:00\",\"dateModified\":\"2026-04-04T08:49:26+00:00\",\"mainEntityOfPage\":{\"@id\":\"https:\/\/radiolifefm.com.br\/noticias\/pra-nao-dizer-que-nao-escrevi-sobre-aquela-turma-do-curso-de-teologia-da-fateo-em-rudge-ramos-sbcampo-sp\/\"},\"wordCount\":752,\"publisher\":{\"@id\":\"https:\/\/radiolifefm.com.br\/noticias\/#organization\"},\"image\":{\"@id\":\"https:\/\/radiolifefm.com.br\/noticias\/pra-nao-dizer-que-nao-escrevi-sobre-aquela-turma-do-curso-de-teologia-da-fateo-em-rudge-ramos-sbcampo-sp\/#primaryimage\"},\"thumbnailUrl\":\"https:\/\/radiolifefm.com.br\/noticias\/wp-content\/uploads\/2022\/04\/WhatsApp-Image-2022-04-10-at-18.43.02.jpeg\",\"articleSection\":[\"Opini\u00e3o\"],\"inLanguage\":\"pt-BR\"},{\"@type\":\"WebPage\",\"@id\":\"https:\/\/radiolifefm.com.br\/noticias\/pra-nao-dizer-que-nao-escrevi-sobre-aquela-turma-do-curso-de-teologia-da-fateo-em-rudge-ramos-sbcampo-sp\/\",\"url\":\"https:\/\/radiolifefm.com.br\/noticias\/pra-nao-dizer-que-nao-escrevi-sobre-aquela-turma-do-curso-de-teologia-da-fateo-em-rudge-ramos-sbcampo-sp\/\",\"name\":\"\u201cPra n\u00e3o dizer que\u201d n\u00e3o escrevi sobre aquela turma do curso de Teologia da FATEO em Rudge Ramos, SBCampo, SP... - R\u00e1dio Life FM\",\"isPartOf\":{\"@id\":\"https:\/\/radiolifefm.com.br\/noticias\/#website\"},\"primaryImageOfPage\":{\"@id\":\"https:\/\/radiolifefm.com.br\/noticias\/pra-nao-dizer-que-nao-escrevi-sobre-aquela-turma-do-curso-de-teologia-da-fateo-em-rudge-ramos-sbcampo-sp\/#primaryimage\"},\"image\":{\"@id\":\"https:\/\/radiolifefm.com.br\/noticias\/pra-nao-dizer-que-nao-escrevi-sobre-aquela-turma-do-curso-de-teologia-da-fateo-em-rudge-ramos-sbcampo-sp\/#primaryimage\"},\"thumbnailUrl\":\"https:\/\/radiolifefm.com.br\/noticias\/wp-content\/uploads\/2022\/04\/WhatsApp-Image-2022-04-10-at-18.43.02.jpeg\",\"datePublished\":\"2025-01-15T11:29:15+00:00\",\"dateModified\":\"2026-04-04T08:49:26+00:00\",\"breadcrumb\":{\"@id\":\"https:\/\/radiolifefm.com.br\/noticias\/pra-nao-dizer-que-nao-escrevi-sobre-aquela-turma-do-curso-de-teologia-da-fateo-em-rudge-ramos-sbcampo-sp\/#breadcrumb\"},\"inLanguage\":\"pt-BR\",\"potentialAction\":[{\"@type\":\"ReadAction\",\"target\":[\"https:\/\/radiolifefm.com.br\/noticias\/pra-nao-dizer-que-nao-escrevi-sobre-aquela-turma-do-curso-de-teologia-da-fateo-em-rudge-ramos-sbcampo-sp\/\"]}]},{\"@type\":\"ImageObject\",\"inLanguage\":\"pt-BR\",\"@id\":\"https:\/\/radiolifefm.com.br\/noticias\/pra-nao-dizer-que-nao-escrevi-sobre-aquela-turma-do-curso-de-teologia-da-fateo-em-rudge-ramos-sbcampo-sp\/#primaryimage\",\"url\":\"https:\/\/radiolifefm.com.br\/noticias\/wp-content\/uploads\/2022\/04\/WhatsApp-Image-2022-04-10-at-18.43.02.jpeg\",\"contentUrl\":\"https:\/\/radiolifefm.com.br\/noticias\/wp-content\/uploads\/2022\/04\/WhatsApp-Image-2022-04-10-at-18.43.02.jpeg\",\"width\":972,\"height\":1296,\"caption\":\"S\u00e9rgio Barbosa\"},{\"@type\":\"BreadcrumbList\",\"@id\":\"https:\/\/radiolifefm.com.br\/noticias\/pra-nao-dizer-que-nao-escrevi-sobre-aquela-turma-do-curso-de-teologia-da-fateo-em-rudge-ramos-sbcampo-sp\/#breadcrumb\",\"itemListElement\":[{\"@type\":\"ListItem\",\"position\":1,\"name\":\"In\u00edcio\",\"item\":\"https:\/\/radiolifefm.com.br\/noticias\/\"},{\"@type\":\"ListItem\",\"position\":2,\"name\":\"\u201cPra n\u00e3o dizer que\u201d n\u00e3o escrevi sobre aquela turma do curso de Teologia da FATEO em Rudge Ramos, SBCampo, SP&#8230;\"}]},{\"@type\":\"WebSite\",\"@id\":\"https:\/\/radiolifefm.com.br\/noticias\/#website\",\"url\":\"https:\/\/radiolifefm.com.br\/noticias\/\",\"name\":\"R\u00e1dio Life FM\",\"description\":\"O Portal de Not\u00edcias de Adamantina\",\"publisher\":{\"@id\":\"https:\/\/radiolifefm.com.br\/noticias\/#organization\"},\"alternateName\":\"Life FM\",\"potentialAction\":[{\"@type\":\"SearchAction\",\"target\":{\"@type\":\"EntryPoint\",\"urlTemplate\":\"https:\/\/radiolifefm.com.br\/noticias\/?s={search_term_string}\"},\"query-input\":{\"@type\":\"PropertyValueSpecification\",\"valueRequired\":true,\"valueName\":\"search_term_string\"}}],\"inLanguage\":\"pt-BR\"},{\"@type\":\"Organization\",\"@id\":\"https:\/\/radiolifefm.com.br\/noticias\/#organization\",\"name\":\"R\u00e1dio Life FM\",\"alternateName\":\"Life FM\",\"url\":\"https:\/\/radiolifefm.com.br\/noticias\/\",\"logo\":{\"@type\":\"ImageObject\",\"inLanguage\":\"pt-BR\",\"@id\":\"https:\/\/radiolifefm.com.br\/noticias\/#\/schema\/logo\/image\/\",\"url\":\"https:\/\/static.radiolifefm.com.br\/noticias\/wp-content\/uploads\/2019\/10\/logo-lifefm.png\",\"contentUrl\":\"https:\/\/static.radiolifefm.com.br\/noticias\/wp-content\/uploads\/2019\/10\/logo-lifefm.png\",\"width\":196,\"height\":47,\"caption\":\"R\u00e1dio Life FM\"},\"image\":{\"@id\":\"https:\/\/radiolifefm.com.br\/noticias\/#\/schema\/logo\/image\/\"},\"sameAs\":[\"https:\/\/www.facebook.com\/radiolifefm\/\",\"https:\/\/www.instagram.com\/life1079fm\/\"]},{\"@type\":\"Person\",\"@id\":\"https:\/\/radiolifefm.com.br\/noticias\/#\/schema\/person\/6339b9fac59d12b071dec680d7375d87\",\"name\":\"ritanery\",\"image\":{\"@type\":\"ImageObject\",\"inLanguage\":\"pt-BR\",\"@id\":\"https:\/\/secure.gravatar.com\/avatar\/0e37bb19071f47c0b8a23f62a903df117c5a0e75f65a0c2901562f97cd41cf86?s=96&d=mm&r=g\",\"url\":\"https:\/\/secure.gravatar.com\/avatar\/0e37bb19071f47c0b8a23f62a903df117c5a0e75f65a0c2901562f97cd41cf86?s=96&d=mm&r=g\",\"contentUrl\":\"https:\/\/secure.gravatar.com\/avatar\/0e37bb19071f47c0b8a23f62a903df117c5a0e75f65a0c2901562f97cd41cf86?s=96&d=mm&r=g\",\"caption\":\"ritanery\"}}]}<\/script>\n<!-- \/ Yoast SEO plugin. -->","yoast_head_json":{"title":"\u201cPra n\u00e3o dizer que\u201d n\u00e3o escrevi sobre aquela turma do curso de Teologia da FATEO em Rudge Ramos, SBCampo, SP... - R\u00e1dio Life FM","robots":{"index":"index","follow":"follow","max-snippet":"max-snippet:-1","max-image-preview":"max-image-preview:large","max-video-preview":"max-video-preview:-1"},"canonical":"https:\/\/radiolifefm.com.br\/noticias\/pra-nao-dizer-que-nao-escrevi-sobre-aquela-turma-do-curso-de-teologia-da-fateo-em-rudge-ramos-sbcampo-sp\/","og_locale":"pt_BR","og_type":"article","og_title":"\u201cPra n\u00e3o dizer que\u201d n\u00e3o escrevi sobre aquela turma do curso de Teologia da FATEO em Rudge Ramos, SBCampo, SP... - R\u00e1dio Life FM","og_description":"&nbsp; \u00a0\u201cMe apelidaram de Besserman Sujismundo e depois de Bessermundo, at\u00e9 virar Bussunda. Mas a vers\u00e3o oficial \u00e9 que o\u00a0apelido\u00a0\u00e9 a mistura das duas coisas que mais gosto\u201d (Bussunda) \u00a0 Ao S\u00cdLVIO DANIEL (in memoriam), dedico! By seb@r. Os anos passam, ou melhor, VOAM como dizem uns e outros, assim, cada qual vai levando de [&hellip;]","og_url":"https:\/\/radiolifefm.com.br\/noticias\/pra-nao-dizer-que-nao-escrevi-sobre-aquela-turma-do-curso-de-teologia-da-fateo-em-rudge-ramos-sbcampo-sp\/","og_site_name":"R\u00e1dio Life FM","article_publisher":"https:\/\/www.facebook.com\/radiolifefm\/","article_published_time":"2025-01-15T11:29:15+00:00","article_modified_time":"2026-04-04T08:49:26+00:00","og_image":[{"width":972,"height":1296,"url":"https:\/\/radiolifefm.com.br\/noticias\/wp-content\/uploads\/2022\/04\/WhatsApp-Image-2022-04-10-at-18.43.02.jpeg","type":"image\/jpeg"}],"author":"ritanery","twitter_card":"summary_large_image","twitter_misc":{"Escrito por":"ritanery","Est. tempo de leitura":"5 minutos"},"schema":{"@context":"https:\/\/schema.org","@graph":[{"@type":"Article","@id":"https:\/\/radiolifefm.com.br\/noticias\/pra-nao-dizer-que-nao-escrevi-sobre-aquela-turma-do-curso-de-teologia-da-fateo-em-rudge-ramos-sbcampo-sp\/#article","isPartOf":{"@id":"https:\/\/radiolifefm.com.br\/noticias\/pra-nao-dizer-que-nao-escrevi-sobre-aquela-turma-do-curso-de-teologia-da-fateo-em-rudge-ramos-sbcampo-sp\/"},"author":{"name":"ritanery","@id":"https:\/\/radiolifefm.com.br\/noticias\/#\/schema\/person\/6339b9fac59d12b071dec680d7375d87"},"headline":"\u201cPra n\u00e3o dizer que\u201d n\u00e3o escrevi sobre aquela turma do curso de Teologia da FATEO em Rudge Ramos, SBCampo, SP&#8230;","datePublished":"2025-01-15T11:29:15+00:00","dateModified":"2026-04-04T08:49:26+00:00","mainEntityOfPage":{"@id":"https:\/\/radiolifefm.com.br\/noticias\/pra-nao-dizer-que-nao-escrevi-sobre-aquela-turma-do-curso-de-teologia-da-fateo-em-rudge-ramos-sbcampo-sp\/"},"wordCount":752,"publisher":{"@id":"https:\/\/radiolifefm.com.br\/noticias\/#organization"},"image":{"@id":"https:\/\/radiolifefm.com.br\/noticias\/pra-nao-dizer-que-nao-escrevi-sobre-aquela-turma-do-curso-de-teologia-da-fateo-em-rudge-ramos-sbcampo-sp\/#primaryimage"},"thumbnailUrl":"https:\/\/radiolifefm.com.br\/noticias\/wp-content\/uploads\/2022\/04\/WhatsApp-Image-2022-04-10-at-18.43.02.jpeg","articleSection":["Opini\u00e3o"],"inLanguage":"pt-BR"},{"@type":"WebPage","@id":"https:\/\/radiolifefm.com.br\/noticias\/pra-nao-dizer-que-nao-escrevi-sobre-aquela-turma-do-curso-de-teologia-da-fateo-em-rudge-ramos-sbcampo-sp\/","url":"https:\/\/radiolifefm.com.br\/noticias\/pra-nao-dizer-que-nao-escrevi-sobre-aquela-turma-do-curso-de-teologia-da-fateo-em-rudge-ramos-sbcampo-sp\/","name":"\u201cPra n\u00e3o dizer que\u201d n\u00e3o escrevi sobre aquela turma do curso de Teologia da FATEO em Rudge Ramos, SBCampo, SP... - R\u00e1dio Life FM","isPartOf":{"@id":"https:\/\/radiolifefm.com.br\/noticias\/#website"},"primaryImageOfPage":{"@id":"https:\/\/radiolifefm.com.br\/noticias\/pra-nao-dizer-que-nao-escrevi-sobre-aquela-turma-do-curso-de-teologia-da-fateo-em-rudge-ramos-sbcampo-sp\/#primaryimage"},"image":{"@id":"https:\/\/radiolifefm.com.br\/noticias\/pra-nao-dizer-que-nao-escrevi-sobre-aquela-turma-do-curso-de-teologia-da-fateo-em-rudge-ramos-sbcampo-sp\/#primaryimage"},"thumbnailUrl":"https:\/\/radiolifefm.com.br\/noticias\/wp-content\/uploads\/2022\/04\/WhatsApp-Image-2022-04-10-at-18.43.02.jpeg","datePublished":"2025-01-15T11:29:15+00:00","dateModified":"2026-04-04T08:49:26+00:00","breadcrumb":{"@id":"https:\/\/radiolifefm.com.br\/noticias\/pra-nao-dizer-que-nao-escrevi-sobre-aquela-turma-do-curso-de-teologia-da-fateo-em-rudge-ramos-sbcampo-sp\/#breadcrumb"},"inLanguage":"pt-BR","potentialAction":[{"@type":"ReadAction","target":["https:\/\/radiolifefm.com.br\/noticias\/pra-nao-dizer-que-nao-escrevi-sobre-aquela-turma-do-curso-de-teologia-da-fateo-em-rudge-ramos-sbcampo-sp\/"]}]},{"@type":"ImageObject","inLanguage":"pt-BR","@id":"https:\/\/radiolifefm.com.br\/noticias\/pra-nao-dizer-que-nao-escrevi-sobre-aquela-turma-do-curso-de-teologia-da-fateo-em-rudge-ramos-sbcampo-sp\/#primaryimage","url":"https:\/\/radiolifefm.com.br\/noticias\/wp-content\/uploads\/2022\/04\/WhatsApp-Image-2022-04-10-at-18.43.02.jpeg","contentUrl":"https:\/\/radiolifefm.com.br\/noticias\/wp-content\/uploads\/2022\/04\/WhatsApp-Image-2022-04-10-at-18.43.02.jpeg","width":972,"height":1296,"caption":"S\u00e9rgio Barbosa"},{"@type":"BreadcrumbList","@id":"https:\/\/radiolifefm.com.br\/noticias\/pra-nao-dizer-que-nao-escrevi-sobre-aquela-turma-do-curso-de-teologia-da-fateo-em-rudge-ramos-sbcampo-sp\/#breadcrumb","itemListElement":[{"@type":"ListItem","position":1,"name":"In\u00edcio","item":"https:\/\/radiolifefm.com.br\/noticias\/"},{"@type":"ListItem","position":2,"name":"\u201cPra n\u00e3o dizer que\u201d n\u00e3o escrevi sobre aquela turma do curso de Teologia da FATEO em Rudge Ramos, SBCampo, SP&#8230;"}]},{"@type":"WebSite","@id":"https:\/\/radiolifefm.com.br\/noticias\/#website","url":"https:\/\/radiolifefm.com.br\/noticias\/","name":"R\u00e1dio Life FM","description":"O Portal de Not\u00edcias de Adamantina","publisher":{"@id":"https:\/\/radiolifefm.com.br\/noticias\/#organization"},"alternateName":"Life FM","potentialAction":[{"@type":"SearchAction","target":{"@type":"EntryPoint","urlTemplate":"https:\/\/radiolifefm.com.br\/noticias\/?s={search_term_string}"},"query-input":{"@type":"PropertyValueSpecification","valueRequired":true,"valueName":"search_term_string"}}],"inLanguage":"pt-BR"},{"@type":"Organization","@id":"https:\/\/radiolifefm.com.br\/noticias\/#organization","name":"R\u00e1dio Life FM","alternateName":"Life FM","url":"https:\/\/radiolifefm.com.br\/noticias\/","logo":{"@type":"ImageObject","inLanguage":"pt-BR","@id":"https:\/\/radiolifefm.com.br\/noticias\/#\/schema\/logo\/image\/","url":"https:\/\/static.radiolifefm.com.br\/noticias\/wp-content\/uploads\/2019\/10\/logo-lifefm.png","contentUrl":"https:\/\/static.radiolifefm.com.br\/noticias\/wp-content\/uploads\/2019\/10\/logo-lifefm.png","width":196,"height":47,"caption":"R\u00e1dio Life FM"},"image":{"@id":"https:\/\/radiolifefm.com.br\/noticias\/#\/schema\/logo\/image\/"},"sameAs":["https:\/\/www.facebook.com\/radiolifefm\/","https:\/\/www.instagram.com\/life1079fm\/"]},{"@type":"Person","@id":"https:\/\/radiolifefm.com.br\/noticias\/#\/schema\/person\/6339b9fac59d12b071dec680d7375d87","name":"ritanery","image":{"@type":"ImageObject","inLanguage":"pt-BR","@id":"https:\/\/secure.gravatar.com\/avatar\/0e37bb19071f47c0b8a23f62a903df117c5a0e75f65a0c2901562f97cd41cf86?s=96&d=mm&r=g","url":"https:\/\/secure.gravatar.com\/avatar\/0e37bb19071f47c0b8a23f62a903df117c5a0e75f65a0c2901562f97cd41cf86?s=96&d=mm&r=g","contentUrl":"https:\/\/secure.gravatar.com\/avatar\/0e37bb19071f47c0b8a23f62a903df117c5a0e75f65a0c2901562f97cd41cf86?s=96&d=mm&r=g","caption":"ritanery"}}]}},"amp_enabled":true,"_links":{"self":[{"href":"https:\/\/radiolifefm.com.br\/noticias\/wp-json\/wp\/v2\/posts\/96651","targetHints":{"allow":["GET"]}}],"collection":[{"href":"https:\/\/radiolifefm.com.br\/noticias\/wp-json\/wp\/v2\/posts"}],"about":[{"href":"https:\/\/radiolifefm.com.br\/noticias\/wp-json\/wp\/v2\/types\/post"}],"author":[{"embeddable":true,"href":"https:\/\/radiolifefm.com.br\/noticias\/wp-json\/wp\/v2\/users\/13"}],"replies":[{"embeddable":true,"href":"https:\/\/radiolifefm.com.br\/noticias\/wp-json\/wp\/v2\/comments?post=96651"}],"version-history":[{"count":1,"href":"https:\/\/radiolifefm.com.br\/noticias\/wp-json\/wp\/v2\/posts\/96651\/revisions"}],"predecessor-version":[{"id":96652,"href":"https:\/\/radiolifefm.com.br\/noticias\/wp-json\/wp\/v2\/posts\/96651\/revisions\/96652"}],"wp:featuredmedia":[{"embeddable":true,"href":"https:\/\/radiolifefm.com.br\/noticias\/wp-json\/wp\/v2\/media\/51988"}],"wp:attachment":[{"href":"https:\/\/radiolifefm.com.br\/noticias\/wp-json\/wp\/v2\/media?parent=96651"}],"wp:term":[{"taxonomy":"category","embeddable":true,"href":"https:\/\/radiolifefm.com.br\/noticias\/wp-json\/wp\/v2\/categories?post=96651"},{"taxonomy":"post_tag","embeddable":true,"href":"https:\/\/radiolifefm.com.br\/noticias\/wp-json\/wp\/v2\/tags?post=96651"}],"curies":[{"name":"wp","href":"https:\/\/api.w.org\/{rel}","templated":true}]}}