{"id":96535,"date":"2025-01-10T10:47:44","date_gmt":"2025-01-10T13:47:44","guid":{"rendered":"https:\/\/radiolifefm.com.br\/noticias\/?p=96535"},"modified":"2026-04-26T13:21:42","modified_gmt":"2026-04-26T16:21:42","slug":"deus-da-asas-para-quem-nao-sabe-voar-luciana-magno","status":"publish","type":"post","link":"https:\/\/radiolifefm.com.br\/noticias\/deus-da-asas-para-quem-nao-sabe-voar-luciana-magno\/","title":{"rendered":"Deus d\u00e1 asas para quem n\u00e3o sabe voar. Luciana Magno"},"content":{"rendered":"<div id=\"fb-root\"><\/div>\n<p>\u201cDeus d\u00e1 asas para quem n\u00e3o sabe voar\u201d foi o que disse uma senhora que esperava para aplicar uns fios a mais na sua rala cabeleira, enquanto a cabeleireira cortava meus longos e sedosos cachos cor de mel. N\u00e3o conseguiu compreender o porqu\u00ea de uma jovem entrar em um sal\u00e3o, cheia de sa\u00fade nos fios e simplesmente dizer \u2014 \u201cquero cortar bem curtinho e pintar de roxo\u201d \u2014 como se fosse a coisa mais natural do mundo! E ela ali, ansiosa por alongar e clarear os seus. Tivesse ela nascido com aquelas asas!<\/p>\n<p>H\u00e1 tempos eu sonhava em fazer isso! E fiz. Agora, a imagem que eu via no espelho nada parecia com a menina t\u00edmida e desconfiada que, tomada de um instante de coragem, h\u00e1 pouco entrara ali. Ainda procurei por um bom tempo naquelas enormes paredes espelhadas o meu ar meio comportado, sempre querendo ser hippie. E, como sabia, desde o momento em que coloquei o primeiro p\u00e9 no sal\u00e3o, n\u00e3o encontrei. Tamb\u00e9m teria sido cortado?<\/p>\n<p>Entrei com o cabelo quase cobrindo o bumbum. Sa\u00ed com ele curtinho, pintado de uma cor entre o vermelho e o rosa, quase cereja. Feliz at\u00e9, n\u00e3o muito pela apar\u00eancia, ainda estava meio chocada com a nova mulher que agora eu encarava no espelho. Feliz pela coragem. Mudar \u00e9 sempre bom.<\/p>\n<p>Em casa, uma boa bronca da mam\u00e3e foi o suficiente para colocar milh\u00f5es de d\u00favidas e arrependimentos na minha cabecinha comportada de apar\u00eancia moderna. Mudan\u00e7a radical, comportamento agressivo, rebeldia\u2026<\/p>\n<p>E l\u00e1 estava eu novamente, aceitando os r\u00f3tulos impostos pela sociedade mais pr\u00f3xima, a fam\u00edlia. L\u00e1 estava eu, outra vez deixando crescer a lista da culpa, aquela que fica na \u00faltima p\u00e1gina, bem escondidinha, do livro que \u00e9 aberto quando nascemos. P\u00e1gina que tentei cortar junto com os cachos. \u201cDeus d\u00e1 asas para quem n\u00e3o sabe voar\u201d. Foi quando escutei novamente a frase, desta vez pronunciada pela minha m\u00e3e, que parei para pensar:<\/p>\n<p>Ningu\u00e9m pergunta se queremos \u201casas\u201d ou n\u00e3o. Simplesmente nos d\u00e3o. Isto \u00e9 um destino. Todos temos asas. Ent\u00e3o, por que interferir no uso ou desuso da asa alheia? Que mania terr\u00edvel, o humano tem de querer mandar na asa do outro! J\u00e1 perdi as contas de quantas vezes me obriguei a procurar, em v\u00e3o, no meu livrinho da vida, por algum manual que ensinasse o correto uso das asas. E apesar de estar, creio eu, no in\u00edcio do livrinho, aprendi que o manual das minhas asas s\u00f3 eu posso escrever, ou n\u00e3o.<\/p>\n<p>&nbsp;<\/p>\n<p><strong>Texto de L\u00fa Magno<\/strong><\/p>\n<p><strong>Artista Visual<\/strong><\/p>\n<p><strong>Mestrado pela UFPa. <\/strong><\/p>\n<p>&nbsp;<\/p>\n","protected":false},"excerpt":{"rendered":"<p>\u201cDeus d\u00e1 asas para quem n\u00e3o sabe voar\u201d foi o que disse uma senhora que esperava para aplicar uns fios a mais na sua rala cabeleira, enquanto a cabeleireira cortava meus longos e sedosos cachos cor de mel. N\u00e3o conseguiu compreender o porqu\u00ea de uma jovem entrar em um sal\u00e3o, cheia de sa\u00fade nos fios [&hellip;]<\/p>\n","protected":false},"author":13,"featured_media":96559,"comment_status":"closed","ping_status":"open","sticky":false,"template":"","format":"standard","meta":{"_acf_changed":false,"_exactmetrics_skip_tracking":false,"_exactmetrics_sitenote_active":false,"_exactmetrics_sitenote_note":"","_exactmetrics_sitenote_category":0,"footnotes":""},"categories":[59],"tags":[],"class_list":["post-96535","post","type-post","status-publish","format-standard","has-post-thumbnail","hentry","category-opiniao"],"acf":[],"yoast_head":"<!-- This site is optimized with the Yoast SEO plugin v27.2 - https:\/\/yoast.com\/product\/yoast-seo-wordpress\/ -->\n<title>Deus d\u00e1 asas para quem n\u00e3o sabe voar. Luciana Magno - R\u00e1dio Life FM<\/title>\n<meta name=\"robots\" content=\"index, follow, max-snippet:-1, max-image-preview:large, max-video-preview:-1\" \/>\n<link rel=\"canonical\" href=\"https:\/\/radiolifefm.com.br\/noticias\/deus-da-asas-para-quem-nao-sabe-voar-luciana-magno\/\" \/>\n<meta property=\"og:locale\" content=\"pt_BR\" \/>\n<meta property=\"og:type\" content=\"article\" \/>\n<meta property=\"og:title\" content=\"Deus d\u00e1 asas para quem n\u00e3o sabe voar. Luciana Magno - R\u00e1dio Life FM\" \/>\n<meta property=\"og:description\" content=\"\u201cDeus d\u00e1 asas para quem n\u00e3o sabe voar\u201d foi o que disse uma senhora que esperava para aplicar uns fios a mais na sua rala cabeleira, enquanto a cabeleireira cortava meus longos e sedosos cachos cor de mel. N\u00e3o conseguiu compreender o porqu\u00ea de uma jovem entrar em um sal\u00e3o, cheia de sa\u00fade nos fios [&hellip;]\" \/>\n<meta property=\"og:url\" content=\"https:\/\/radiolifefm.com.br\/noticias\/deus-da-asas-para-quem-nao-sabe-voar-luciana-magno\/\" \/>\n<meta property=\"og:site_name\" content=\"R\u00e1dio Life FM\" \/>\n<meta property=\"article:publisher\" content=\"https:\/\/www.facebook.com\/radiolifefm\/\" \/>\n<meta property=\"article:published_time\" content=\"2025-01-10T13:47:44+00:00\" \/>\n<meta property=\"article:modified_time\" content=\"2026-04-26T16:21:42+00:00\" \/>\n<meta property=\"og:image\" content=\"https:\/\/radiolifefm.com.br\/noticias\/wp-content\/uploads\/2025\/01\/WhatsApp-Image-2025-01-10-at-11.47.46.jpeg\" \/>\n\t<meta property=\"og:image:width\" content=\"1200\" \/>\n\t<meta property=\"og:image:height\" content=\"1600\" \/>\n\t<meta property=\"og:image:type\" content=\"image\/jpeg\" \/>\n<meta name=\"author\" content=\"ritanery\" \/>\n<meta name=\"twitter:card\" content=\"summary_large_image\" \/>\n<meta name=\"twitter:label1\" content=\"Escrito por\" \/>\n\t<meta name=\"twitter:data1\" content=\"ritanery\" \/>\n\t<meta name=\"twitter:label2\" content=\"Est. tempo de leitura\" \/>\n\t<meta name=\"twitter:data2\" content=\"3 minutos\" \/>\n<script type=\"application\/ld+json\" class=\"yoast-schema-graph\">{\"@context\":\"https:\/\/schema.org\",\"@graph\":[{\"@type\":\"Article\",\"@id\":\"https:\/\/radiolifefm.com.br\/noticias\/deus-da-asas-para-quem-nao-sabe-voar-luciana-magno\/#article\",\"isPartOf\":{\"@id\":\"https:\/\/radiolifefm.com.br\/noticias\/deus-da-asas-para-quem-nao-sabe-voar-luciana-magno\/\"},\"author\":{\"name\":\"ritanery\",\"@id\":\"https:\/\/radiolifefm.com.br\/noticias\/#\/schema\/person\/6339b9fac59d12b071dec680d7375d87\"},\"headline\":\"Deus d\u00e1 asas para quem n\u00e3o sabe voar. Luciana Magno\",\"datePublished\":\"2025-01-10T13:47:44+00:00\",\"dateModified\":\"2026-04-26T16:21:42+00:00\",\"mainEntityOfPage\":{\"@id\":\"https:\/\/radiolifefm.com.br\/noticias\/deus-da-asas-para-quem-nao-sabe-voar-luciana-magno\/\"},\"wordCount\":460,\"publisher\":{\"@id\":\"https:\/\/radiolifefm.com.br\/noticias\/#organization\"},\"image\":{\"@id\":\"https:\/\/radiolifefm.com.br\/noticias\/deus-da-asas-para-quem-nao-sabe-voar-luciana-magno\/#primaryimage\"},\"thumbnailUrl\":\"https:\/\/radiolifefm.com.br\/noticias\/wp-content\/uploads\/2025\/01\/WhatsApp-Image-2025-01-10-at-11.47.46.jpeg\",\"articleSection\":[\"Opini\u00e3o\"],\"inLanguage\":\"pt-BR\"},{\"@type\":\"WebPage\",\"@id\":\"https:\/\/radiolifefm.com.br\/noticias\/deus-da-asas-para-quem-nao-sabe-voar-luciana-magno\/\",\"url\":\"https:\/\/radiolifefm.com.br\/noticias\/deus-da-asas-para-quem-nao-sabe-voar-luciana-magno\/\",\"name\":\"Deus d\u00e1 asas para quem n\u00e3o sabe voar. Luciana Magno - R\u00e1dio Life FM\",\"isPartOf\":{\"@id\":\"https:\/\/radiolifefm.com.br\/noticias\/#website\"},\"primaryImageOfPage\":{\"@id\":\"https:\/\/radiolifefm.com.br\/noticias\/deus-da-asas-para-quem-nao-sabe-voar-luciana-magno\/#primaryimage\"},\"image\":{\"@id\":\"https:\/\/radiolifefm.com.br\/noticias\/deus-da-asas-para-quem-nao-sabe-voar-luciana-magno\/#primaryimage\"},\"thumbnailUrl\":\"https:\/\/radiolifefm.com.br\/noticias\/wp-content\/uploads\/2025\/01\/WhatsApp-Image-2025-01-10-at-11.47.46.jpeg\",\"datePublished\":\"2025-01-10T13:47:44+00:00\",\"dateModified\":\"2026-04-26T16:21:42+00:00\",\"breadcrumb\":{\"@id\":\"https:\/\/radiolifefm.com.br\/noticias\/deus-da-asas-para-quem-nao-sabe-voar-luciana-magno\/#breadcrumb\"},\"inLanguage\":\"pt-BR\",\"potentialAction\":[{\"@type\":\"ReadAction\",\"target\":[\"https:\/\/radiolifefm.com.br\/noticias\/deus-da-asas-para-quem-nao-sabe-voar-luciana-magno\/\"]}]},{\"@type\":\"ImageObject\",\"inLanguage\":\"pt-BR\",\"@id\":\"https:\/\/radiolifefm.com.br\/noticias\/deus-da-asas-para-quem-nao-sabe-voar-luciana-magno\/#primaryimage\",\"url\":\"https:\/\/radiolifefm.com.br\/noticias\/wp-content\/uploads\/2025\/01\/WhatsApp-Image-2025-01-10-at-11.47.46.jpeg\",\"contentUrl\":\"https:\/\/radiolifefm.com.br\/noticias\/wp-content\/uploads\/2025\/01\/WhatsApp-Image-2025-01-10-at-11.47.46.jpeg\",\"width\":1200,\"height\":1600},{\"@type\":\"BreadcrumbList\",\"@id\":\"https:\/\/radiolifefm.com.br\/noticias\/deus-da-asas-para-quem-nao-sabe-voar-luciana-magno\/#breadcrumb\",\"itemListElement\":[{\"@type\":\"ListItem\",\"position\":1,\"name\":\"In\u00edcio\",\"item\":\"https:\/\/radiolifefm.com.br\/noticias\/\"},{\"@type\":\"ListItem\",\"position\":2,\"name\":\"Deus d\u00e1 asas para quem n\u00e3o sabe voar. Luciana Magno\"}]},{\"@type\":\"WebSite\",\"@id\":\"https:\/\/radiolifefm.com.br\/noticias\/#website\",\"url\":\"https:\/\/radiolifefm.com.br\/noticias\/\",\"name\":\"R\u00e1dio Life FM\",\"description\":\"O Portal de Not\u00edcias de Adamantina\",\"publisher\":{\"@id\":\"https:\/\/radiolifefm.com.br\/noticias\/#organization\"},\"alternateName\":\"Life FM\",\"potentialAction\":[{\"@type\":\"SearchAction\",\"target\":{\"@type\":\"EntryPoint\",\"urlTemplate\":\"https:\/\/radiolifefm.com.br\/noticias\/?s={search_term_string}\"},\"query-input\":{\"@type\":\"PropertyValueSpecification\",\"valueRequired\":true,\"valueName\":\"search_term_string\"}}],\"inLanguage\":\"pt-BR\"},{\"@type\":\"Organization\",\"@id\":\"https:\/\/radiolifefm.com.br\/noticias\/#organization\",\"name\":\"R\u00e1dio Life FM\",\"alternateName\":\"Life FM\",\"url\":\"https:\/\/radiolifefm.com.br\/noticias\/\",\"logo\":{\"@type\":\"ImageObject\",\"inLanguage\":\"pt-BR\",\"@id\":\"https:\/\/radiolifefm.com.br\/noticias\/#\/schema\/logo\/image\/\",\"url\":\"https:\/\/static.radiolifefm.com.br\/noticias\/wp-content\/uploads\/2019\/10\/logo-lifefm.png\",\"contentUrl\":\"https:\/\/static.radiolifefm.com.br\/noticias\/wp-content\/uploads\/2019\/10\/logo-lifefm.png\",\"width\":196,\"height\":47,\"caption\":\"R\u00e1dio Life FM\"},\"image\":{\"@id\":\"https:\/\/radiolifefm.com.br\/noticias\/#\/schema\/logo\/image\/\"},\"sameAs\":[\"https:\/\/www.facebook.com\/radiolifefm\/\",\"https:\/\/www.instagram.com\/life1079fm\/\"]},{\"@type\":\"Person\",\"@id\":\"https:\/\/radiolifefm.com.br\/noticias\/#\/schema\/person\/6339b9fac59d12b071dec680d7375d87\",\"name\":\"ritanery\",\"image\":{\"@type\":\"ImageObject\",\"inLanguage\":\"pt-BR\",\"@id\":\"https:\/\/secure.gravatar.com\/avatar\/0e37bb19071f47c0b8a23f62a903df117c5a0e75f65a0c2901562f97cd41cf86?s=96&d=mm&r=g\",\"url\":\"https:\/\/secure.gravatar.com\/avatar\/0e37bb19071f47c0b8a23f62a903df117c5a0e75f65a0c2901562f97cd41cf86?s=96&d=mm&r=g\",\"contentUrl\":\"https:\/\/secure.gravatar.com\/avatar\/0e37bb19071f47c0b8a23f62a903df117c5a0e75f65a0c2901562f97cd41cf86?s=96&d=mm&r=g\",\"caption\":\"ritanery\"}}]}<\/script>\n<!-- \/ Yoast SEO plugin. -->","yoast_head_json":{"title":"Deus d\u00e1 asas para quem n\u00e3o sabe voar. Luciana Magno - R\u00e1dio Life FM","robots":{"index":"index","follow":"follow","max-snippet":"max-snippet:-1","max-image-preview":"max-image-preview:large","max-video-preview":"max-video-preview:-1"},"canonical":"https:\/\/radiolifefm.com.br\/noticias\/deus-da-asas-para-quem-nao-sabe-voar-luciana-magno\/","og_locale":"pt_BR","og_type":"article","og_title":"Deus d\u00e1 asas para quem n\u00e3o sabe voar. Luciana Magno - R\u00e1dio Life FM","og_description":"\u201cDeus d\u00e1 asas para quem n\u00e3o sabe voar\u201d foi o que disse uma senhora que esperava para aplicar uns fios a mais na sua rala cabeleira, enquanto a cabeleireira cortava meus longos e sedosos cachos cor de mel. N\u00e3o conseguiu compreender o porqu\u00ea de uma jovem entrar em um sal\u00e3o, cheia de sa\u00fade nos fios [&hellip;]","og_url":"https:\/\/radiolifefm.com.br\/noticias\/deus-da-asas-para-quem-nao-sabe-voar-luciana-magno\/","og_site_name":"R\u00e1dio Life FM","article_publisher":"https:\/\/www.facebook.com\/radiolifefm\/","article_published_time":"2025-01-10T13:47:44+00:00","article_modified_time":"2026-04-26T16:21:42+00:00","og_image":[{"width":1200,"height":1600,"url":"https:\/\/radiolifefm.com.br\/noticias\/wp-content\/uploads\/2025\/01\/WhatsApp-Image-2025-01-10-at-11.47.46.jpeg","type":"image\/jpeg"}],"author":"ritanery","twitter_card":"summary_large_image","twitter_misc":{"Escrito por":"ritanery","Est. tempo de leitura":"3 minutos"},"schema":{"@context":"https:\/\/schema.org","@graph":[{"@type":"Article","@id":"https:\/\/radiolifefm.com.br\/noticias\/deus-da-asas-para-quem-nao-sabe-voar-luciana-magno\/#article","isPartOf":{"@id":"https:\/\/radiolifefm.com.br\/noticias\/deus-da-asas-para-quem-nao-sabe-voar-luciana-magno\/"},"author":{"name":"ritanery","@id":"https:\/\/radiolifefm.com.br\/noticias\/#\/schema\/person\/6339b9fac59d12b071dec680d7375d87"},"headline":"Deus d\u00e1 asas para quem n\u00e3o sabe voar. Luciana Magno","datePublished":"2025-01-10T13:47:44+00:00","dateModified":"2026-04-26T16:21:42+00:00","mainEntityOfPage":{"@id":"https:\/\/radiolifefm.com.br\/noticias\/deus-da-asas-para-quem-nao-sabe-voar-luciana-magno\/"},"wordCount":460,"publisher":{"@id":"https:\/\/radiolifefm.com.br\/noticias\/#organization"},"image":{"@id":"https:\/\/radiolifefm.com.br\/noticias\/deus-da-asas-para-quem-nao-sabe-voar-luciana-magno\/#primaryimage"},"thumbnailUrl":"https:\/\/radiolifefm.com.br\/noticias\/wp-content\/uploads\/2025\/01\/WhatsApp-Image-2025-01-10-at-11.47.46.jpeg","articleSection":["Opini\u00e3o"],"inLanguage":"pt-BR"},{"@type":"WebPage","@id":"https:\/\/radiolifefm.com.br\/noticias\/deus-da-asas-para-quem-nao-sabe-voar-luciana-magno\/","url":"https:\/\/radiolifefm.com.br\/noticias\/deus-da-asas-para-quem-nao-sabe-voar-luciana-magno\/","name":"Deus d\u00e1 asas para quem n\u00e3o sabe voar. Luciana Magno - R\u00e1dio Life FM","isPartOf":{"@id":"https:\/\/radiolifefm.com.br\/noticias\/#website"},"primaryImageOfPage":{"@id":"https:\/\/radiolifefm.com.br\/noticias\/deus-da-asas-para-quem-nao-sabe-voar-luciana-magno\/#primaryimage"},"image":{"@id":"https:\/\/radiolifefm.com.br\/noticias\/deus-da-asas-para-quem-nao-sabe-voar-luciana-magno\/#primaryimage"},"thumbnailUrl":"https:\/\/radiolifefm.com.br\/noticias\/wp-content\/uploads\/2025\/01\/WhatsApp-Image-2025-01-10-at-11.47.46.jpeg","datePublished":"2025-01-10T13:47:44+00:00","dateModified":"2026-04-26T16:21:42+00:00","breadcrumb":{"@id":"https:\/\/radiolifefm.com.br\/noticias\/deus-da-asas-para-quem-nao-sabe-voar-luciana-magno\/#breadcrumb"},"inLanguage":"pt-BR","potentialAction":[{"@type":"ReadAction","target":["https:\/\/radiolifefm.com.br\/noticias\/deus-da-asas-para-quem-nao-sabe-voar-luciana-magno\/"]}]},{"@type":"ImageObject","inLanguage":"pt-BR","@id":"https:\/\/radiolifefm.com.br\/noticias\/deus-da-asas-para-quem-nao-sabe-voar-luciana-magno\/#primaryimage","url":"https:\/\/radiolifefm.com.br\/noticias\/wp-content\/uploads\/2025\/01\/WhatsApp-Image-2025-01-10-at-11.47.46.jpeg","contentUrl":"https:\/\/radiolifefm.com.br\/noticias\/wp-content\/uploads\/2025\/01\/WhatsApp-Image-2025-01-10-at-11.47.46.jpeg","width":1200,"height":1600},{"@type":"BreadcrumbList","@id":"https:\/\/radiolifefm.com.br\/noticias\/deus-da-asas-para-quem-nao-sabe-voar-luciana-magno\/#breadcrumb","itemListElement":[{"@type":"ListItem","position":1,"name":"In\u00edcio","item":"https:\/\/radiolifefm.com.br\/noticias\/"},{"@type":"ListItem","position":2,"name":"Deus d\u00e1 asas para quem n\u00e3o sabe voar. Luciana Magno"}]},{"@type":"WebSite","@id":"https:\/\/radiolifefm.com.br\/noticias\/#website","url":"https:\/\/radiolifefm.com.br\/noticias\/","name":"R\u00e1dio Life FM","description":"O Portal de Not\u00edcias de Adamantina","publisher":{"@id":"https:\/\/radiolifefm.com.br\/noticias\/#organization"},"alternateName":"Life FM","potentialAction":[{"@type":"SearchAction","target":{"@type":"EntryPoint","urlTemplate":"https:\/\/radiolifefm.com.br\/noticias\/?s={search_term_string}"},"query-input":{"@type":"PropertyValueSpecification","valueRequired":true,"valueName":"search_term_string"}}],"inLanguage":"pt-BR"},{"@type":"Organization","@id":"https:\/\/radiolifefm.com.br\/noticias\/#organization","name":"R\u00e1dio Life FM","alternateName":"Life FM","url":"https:\/\/radiolifefm.com.br\/noticias\/","logo":{"@type":"ImageObject","inLanguage":"pt-BR","@id":"https:\/\/radiolifefm.com.br\/noticias\/#\/schema\/logo\/image\/","url":"https:\/\/static.radiolifefm.com.br\/noticias\/wp-content\/uploads\/2019\/10\/logo-lifefm.png","contentUrl":"https:\/\/static.radiolifefm.com.br\/noticias\/wp-content\/uploads\/2019\/10\/logo-lifefm.png","width":196,"height":47,"caption":"R\u00e1dio Life FM"},"image":{"@id":"https:\/\/radiolifefm.com.br\/noticias\/#\/schema\/logo\/image\/"},"sameAs":["https:\/\/www.facebook.com\/radiolifefm\/","https:\/\/www.instagram.com\/life1079fm\/"]},{"@type":"Person","@id":"https:\/\/radiolifefm.com.br\/noticias\/#\/schema\/person\/6339b9fac59d12b071dec680d7375d87","name":"ritanery","image":{"@type":"ImageObject","inLanguage":"pt-BR","@id":"https:\/\/secure.gravatar.com\/avatar\/0e37bb19071f47c0b8a23f62a903df117c5a0e75f65a0c2901562f97cd41cf86?s=96&d=mm&r=g","url":"https:\/\/secure.gravatar.com\/avatar\/0e37bb19071f47c0b8a23f62a903df117c5a0e75f65a0c2901562f97cd41cf86?s=96&d=mm&r=g","contentUrl":"https:\/\/secure.gravatar.com\/avatar\/0e37bb19071f47c0b8a23f62a903df117c5a0e75f65a0c2901562f97cd41cf86?s=96&d=mm&r=g","caption":"ritanery"}}]}},"amp_enabled":true,"_links":{"self":[{"href":"https:\/\/radiolifefm.com.br\/noticias\/wp-json\/wp\/v2\/posts\/96535","targetHints":{"allow":["GET"]}}],"collection":[{"href":"https:\/\/radiolifefm.com.br\/noticias\/wp-json\/wp\/v2\/posts"}],"about":[{"href":"https:\/\/radiolifefm.com.br\/noticias\/wp-json\/wp\/v2\/types\/post"}],"author":[{"embeddable":true,"href":"https:\/\/radiolifefm.com.br\/noticias\/wp-json\/wp\/v2\/users\/13"}],"replies":[{"embeddable":true,"href":"https:\/\/radiolifefm.com.br\/noticias\/wp-json\/wp\/v2\/comments?post=96535"}],"version-history":[{"count":1,"href":"https:\/\/radiolifefm.com.br\/noticias\/wp-json\/wp\/v2\/posts\/96535\/revisions"}],"predecessor-version":[{"id":96537,"href":"https:\/\/radiolifefm.com.br\/noticias\/wp-json\/wp\/v2\/posts\/96535\/revisions\/96537"}],"wp:featuredmedia":[{"embeddable":true,"href":"https:\/\/radiolifefm.com.br\/noticias\/wp-json\/wp\/v2\/media\/96559"}],"wp:attachment":[{"href":"https:\/\/radiolifefm.com.br\/noticias\/wp-json\/wp\/v2\/media?parent=96535"}],"wp:term":[{"taxonomy":"category","embeddable":true,"href":"https:\/\/radiolifefm.com.br\/noticias\/wp-json\/wp\/v2\/categories?post=96535"},{"taxonomy":"post_tag","embeddable":true,"href":"https:\/\/radiolifefm.com.br\/noticias\/wp-json\/wp\/v2\/tags?post=96535"}],"curies":[{"name":"wp","href":"https:\/\/api.w.org\/{rel}","templated":true}]}}