{"id":96502,"date":"2025-01-08T10:42:16","date_gmt":"2025-01-08T13:42:16","guid":{"rendered":"https:\/\/radiolifefm.com.br\/noticias\/?p=96502"},"modified":"2026-04-05T00:33:10","modified_gmt":"2026-04-05T03:33:10","slug":"celso-ou-celsinho-meu-irmao-entre-vespas-e-lambrettas-2","status":"publish","type":"post","link":"https:\/\/radiolifefm.com.br\/noticias\/celso-ou-celsinho-meu-irmao-entre-vespas-e-lambrettas-2\/","title":{"rendered":"CELSO OU CELSINHO, MEU IRM\u00c3O, ENTRE \u201c VESPAS E LAMBRETTAS&#8230;\u201d"},"content":{"rendered":"<div id=\"fb-root\"><\/div>\n<p><em>\u201dLambreta, motoneta, vespa ou scooter s\u00e3o nomes distintos dados a um mesmo tipo de ve\u00edculo de duas rodas, em que o condutor mant\u00e9m suas pernas \u00e0 frente do tronco, sobre um piso. Sua hist\u00f3ria se associa \u00e0 reconstru\u00e7\u00e3o da It\u00e1lia ap\u00f3s a Segunda Guerra Mundial, quando foi preciso desenvolver um meio de transporte c\u00f4modo, de f\u00e1cil manejo e barato. A mais famosa dentre as motonetas foi a Lambretta, cuja produ\u00e7\u00e3o teve in\u00edcio em 1947, nas proximidades de Mil\u00e3o, por iniciativa de Ferdinando Innocenti.\u201d<\/em> <strong>FONTE: <\/strong><a href=\"https:\/\/acervo.oglobo.globo.com\/propaganda\/veiculos\/lambretta-marca-que-virou-categoria-14229374#ixzz5XnnPrEVm\"><strong>https:\/\/acervo.oglobo.globo.com\/propaganda\/veiculos\/lambretta-marca-que-virou-categoria-14229374#ixzz5XnnPrEVm<\/strong><\/a><strong><br \/>\nstest<\/strong><\/p>\n<p><strong>By seb@r. <\/strong><\/p>\n<p>\u201cQuando eu era crian\u00e7a pequena\u201d\u00a0 em OURINHOS, ainda, neste tempo novo tempo e perdido nas muitas recorda\u00e7\u00f5es familiares, recordo do meu irm\u00e3o mais velho, CELSO, tamb\u00e9m, conhecido como \u201cCELSINHO\u201d e no trabalho, como \u201cCELSINHO CHOQUE\u201d&#8230;<\/p>\n<p>Posso atestar que o mesmo era \u201cbom de briga\u201d, al\u00e9m de ser como diziam naquele outro tempo, \u201cencrenqueiro\u201d e \u201cinvocado\u201d com tudo e todos&#8230;<\/p>\n<p>Desde crian\u00e7a, depois adolescente e jovem, gostava de \u201cjogar bola\u201d, depois, \u201cfutebol\u201d e na VILA MARGARIDA, era titular do time denominado de \u201cXV DE NOVEMBRO\u201d juntamente com outros colegas da Vila, entre os quais, o \u201cCAMBETA, RENATO\u201d e outros que embarcaram no tempo do outro tempo&#8230;<\/p>\n<p>O meu irm\u00e3o, CELSO, embarcou para o outro tempo em 1985, depois de muitos desencontros com o seu EU em meio aos problemas causados pela tal da \u201cdepress\u00e3o\u201d, ainda, neste per\u00edodo de mais ou menos uns seis meses, estive do lado dele para dar apoio e cuidar da melhor forma poss\u00edvel da situa\u00e7\u00e3o&#8230;<\/p>\n<p>Mas, gostaria de destacar aqui, o CELSINHO que gostava de rodar o peda\u00e7o, al\u00e9m de algumas sa\u00eddas na regi\u00e3o de VESPA ou LABRETTA, marcas mais do que registradas naquela \u00e9poca de sonhos e aventuras para a juventude ourinhense&#8230;<\/p>\n<p>Nestas idas e vindas ora com VESPA ou LAMBRETTA, estava sempre junto com os amigos de aventuras motorizadas, JAIR E CARLOS, ambos j\u00e1 partiram para o outro tempo e est\u00e3o rodando de um lado para o outro neste tempo do tempo com suas \u201cm\u00e1quinas\u201d&#8230;<\/p>\n<p>Aqui em meio \u00e0s minhas lembran\u00e7as, tamb\u00e9m, usavam das suas VESPA E LAMBRETTA para as famosas pescarias no \u201cPANEMA\u201d, al\u00e9m de outros lugares, entre os quais,\u00a0\u00a0 uma USINA DE ENERGIA pr\u00f3xima de OURINHOS&#8230;<\/p>\n<p>Na realidade mesmo, estar em cima destas \u201cm\u00e1quinas\u201d naquele tempo era conseguir \u201csair com esta ou aquela jovem\u201d, isso \u00e9, bem longe dos olhares dos pais, pois a turma era famosa com suas aventuras em terras ourinhenses&#8230;<\/p>\n<p>Posso atestar que nas minhas recorda\u00e7\u00f5es est\u00e3o registradas as muitas vezes que o meu pai, BASTI\u00c3O BARBOSA era obrigado a entrar na confus\u00e3o para dar um jeito nas lamban\u00e7as, quase sempre, inocentes do filho e assim por diante&#8230;<\/p>\n<p>Al\u00e9m do mais ou de menos, o rapaz era considerado como \u201cboa pra\u00e7a\u201d e usava o cabelo estilo \u201cELVIS\u201d e sempre que poss\u00edvel, de \u00f3culos RAYBAN, pe\u00e7a fundamental para fazer aquela pose de gal\u00e3 em cima de uma VESPA OU LAMBRETTA&#8230;<\/p>\n<p>Estes amigos, ou seja, CELSINHO, JAR E CARLOS, al\u00e9m de outros, permaneceram em OURINHOS e acabou cada qual trabalhando em alguma empresa, no caso do meu irm\u00e3o, depois de uma passagem como funcion\u00e1rio de uma USINA, por press\u00e3o sem mais e sem menos do meu pai, BASTI\u00c3O, que era ferrovi\u00e1rio da RVPSC-REDE DE VIA\u00c7\u00c3O PARAN\u00c1-SANTA CATARINA, ainda, que a crian\u00e7ada daquele tempo conhecia como RESTAURANTE VAGABUNDO, PASTEL SEM CARNE (RVPSC)&#8230;<\/p>\n<p>O \u201cCELSINHO\u201d, depois de algumas idas aqui e outras ali, entrou como funcion\u00e1rio na \u201cEstrada de Ferro\u201d e trabalhou alguns em APUCARANA-PR, MARRQUES DO REIS-PR e depois, foi transferido para OURINHOS&#8230;<\/p>\n<p>Mas, entendo que tais desencontros com aquele outro tempo, ainda, v\u00e3o continuar por aqui por meio destes textos que fazem parte dos bons e velhos tempos em OURINHOS&#8230;<\/p>\n<p><strong>AVE CELSO FRANCISCO BARBOSA (in memoriam)!<\/strong><\/p>\n<p><strong>\u00a0<\/strong><\/p>\n<p><strong>\u00a0<\/strong><\/p>\n<p><strong>e-mail: <\/strong><a href=\"mailto:barbosa.sebar@gmail.com\"><strong>barbosa.sebar@gmail.com<\/strong><\/a><\/p>\n","protected":false},"excerpt":{"rendered":"<p>\u201dLambreta, motoneta, vespa ou scooter s\u00e3o nomes distintos dados a um mesmo tipo de ve\u00edculo de duas rodas, em que o condutor mant\u00e9m suas pernas \u00e0 frente do tronco, sobre um piso. Sua hist\u00f3ria se associa \u00e0 reconstru\u00e7\u00e3o da It\u00e1lia ap\u00f3s a Segunda Guerra Mundial, quando foi preciso desenvolver um meio de transporte c\u00f4modo, de [&hellip;]<\/p>\n","protected":false},"author":13,"featured_media":51988,"comment_status":"closed","ping_status":"open","sticky":false,"template":"","format":"standard","meta":{"_acf_changed":false,"_exactmetrics_skip_tracking":false,"_exactmetrics_sitenote_active":false,"_exactmetrics_sitenote_note":"","_exactmetrics_sitenote_category":0,"footnotes":""},"categories":[59],"tags":[],"class_list":["post-96502","post","type-post","status-publish","format-standard","has-post-thumbnail","hentry","category-opiniao"],"acf":[],"yoast_head":"<!-- This site is optimized with the Yoast SEO plugin v27.2 - https:\/\/yoast.com\/product\/yoast-seo-wordpress\/ -->\n<title>CELSO OU CELSINHO, MEU IRM\u00c3O, ENTRE \u201c VESPAS E LAMBRETTAS...\u201d - R\u00e1dio Life FM<\/title>\n<meta name=\"robots\" content=\"index, follow, max-snippet:-1, max-image-preview:large, max-video-preview:-1\" \/>\n<link rel=\"canonical\" href=\"https:\/\/radiolifefm.com.br\/noticias\/celso-ou-celsinho-meu-irmao-entre-vespas-e-lambrettas-2\/\" \/>\n<meta property=\"og:locale\" content=\"pt_BR\" \/>\n<meta property=\"og:type\" content=\"article\" \/>\n<meta property=\"og:title\" content=\"CELSO OU CELSINHO, MEU IRM\u00c3O, ENTRE \u201c VESPAS E LAMBRETTAS...\u201d - R\u00e1dio Life FM\" \/>\n<meta property=\"og:description\" content=\"\u201dLambreta, motoneta, vespa ou scooter s\u00e3o nomes distintos dados a um mesmo tipo de ve\u00edculo de duas rodas, em que o condutor mant\u00e9m suas pernas \u00e0 frente do tronco, sobre um piso. Sua hist\u00f3ria se associa \u00e0 reconstru\u00e7\u00e3o da It\u00e1lia ap\u00f3s a Segunda Guerra Mundial, quando foi preciso desenvolver um meio de transporte c\u00f4modo, de [&hellip;]\" \/>\n<meta property=\"og:url\" content=\"https:\/\/radiolifefm.com.br\/noticias\/celso-ou-celsinho-meu-irmao-entre-vespas-e-lambrettas-2\/\" \/>\n<meta property=\"og:site_name\" content=\"R\u00e1dio Life FM\" \/>\n<meta property=\"article:publisher\" content=\"https:\/\/www.facebook.com\/radiolifefm\/\" \/>\n<meta property=\"article:published_time\" content=\"2025-01-08T13:42:16+00:00\" \/>\n<meta property=\"article:modified_time\" content=\"2026-04-05T03:33:10+00:00\" \/>\n<meta property=\"og:image\" content=\"https:\/\/radiolifefm.com.br\/noticias\/wp-content\/uploads\/2022\/04\/WhatsApp-Image-2022-04-10-at-18.43.02.jpeg\" \/>\n\t<meta property=\"og:image:width\" content=\"972\" \/>\n\t<meta property=\"og:image:height\" content=\"1296\" \/>\n\t<meta property=\"og:image:type\" content=\"image\/jpeg\" \/>\n<meta name=\"author\" content=\"ritanery\" \/>\n<meta name=\"twitter:card\" content=\"summary_large_image\" \/>\n<meta name=\"twitter:label1\" content=\"Escrito por\" \/>\n\t<meta name=\"twitter:data1\" content=\"ritanery\" \/>\n\t<meta name=\"twitter:label2\" content=\"Est. tempo de leitura\" \/>\n\t<meta name=\"twitter:data2\" content=\"4 minutos\" \/>\n<script type=\"application\/ld+json\" class=\"yoast-schema-graph\">{\"@context\":\"https:\/\/schema.org\",\"@graph\":[{\"@type\":\"Article\",\"@id\":\"https:\/\/radiolifefm.com.br\/noticias\/celso-ou-celsinho-meu-irmao-entre-vespas-e-lambrettas-2\/#article\",\"isPartOf\":{\"@id\":\"https:\/\/radiolifefm.com.br\/noticias\/celso-ou-celsinho-meu-irmao-entre-vespas-e-lambrettas-2\/\"},\"author\":{\"name\":\"ritanery\",\"@id\":\"https:\/\/radiolifefm.com.br\/noticias\/#\/schema\/person\/6339b9fac59d12b071dec680d7375d87\"},\"headline\":\"CELSO OU CELSINHO, MEU IRM\u00c3O, ENTRE \u201c VESPAS E LAMBRETTAS&#8230;\u201d\",\"datePublished\":\"2025-01-08T13:42:16+00:00\",\"dateModified\":\"2026-04-05T03:33:10+00:00\",\"mainEntityOfPage\":{\"@id\":\"https:\/\/radiolifefm.com.br\/noticias\/celso-ou-celsinho-meu-irmao-entre-vespas-e-lambrettas-2\/\"},\"wordCount\":686,\"publisher\":{\"@id\":\"https:\/\/radiolifefm.com.br\/noticias\/#organization\"},\"image\":{\"@id\":\"https:\/\/radiolifefm.com.br\/noticias\/celso-ou-celsinho-meu-irmao-entre-vespas-e-lambrettas-2\/#primaryimage\"},\"thumbnailUrl\":\"https:\/\/radiolifefm.com.br\/noticias\/wp-content\/uploads\/2022\/04\/WhatsApp-Image-2022-04-10-at-18.43.02.jpeg\",\"articleSection\":[\"Opini\u00e3o\"],\"inLanguage\":\"pt-BR\"},{\"@type\":\"WebPage\",\"@id\":\"https:\/\/radiolifefm.com.br\/noticias\/celso-ou-celsinho-meu-irmao-entre-vespas-e-lambrettas-2\/\",\"url\":\"https:\/\/radiolifefm.com.br\/noticias\/celso-ou-celsinho-meu-irmao-entre-vespas-e-lambrettas-2\/\",\"name\":\"CELSO OU CELSINHO, MEU IRM\u00c3O, ENTRE \u201c VESPAS E LAMBRETTAS...\u201d - R\u00e1dio Life FM\",\"isPartOf\":{\"@id\":\"https:\/\/radiolifefm.com.br\/noticias\/#website\"},\"primaryImageOfPage\":{\"@id\":\"https:\/\/radiolifefm.com.br\/noticias\/celso-ou-celsinho-meu-irmao-entre-vespas-e-lambrettas-2\/#primaryimage\"},\"image\":{\"@id\":\"https:\/\/radiolifefm.com.br\/noticias\/celso-ou-celsinho-meu-irmao-entre-vespas-e-lambrettas-2\/#primaryimage\"},\"thumbnailUrl\":\"https:\/\/radiolifefm.com.br\/noticias\/wp-content\/uploads\/2022\/04\/WhatsApp-Image-2022-04-10-at-18.43.02.jpeg\",\"datePublished\":\"2025-01-08T13:42:16+00:00\",\"dateModified\":\"2026-04-05T03:33:10+00:00\",\"breadcrumb\":{\"@id\":\"https:\/\/radiolifefm.com.br\/noticias\/celso-ou-celsinho-meu-irmao-entre-vespas-e-lambrettas-2\/#breadcrumb\"},\"inLanguage\":\"pt-BR\",\"potentialAction\":[{\"@type\":\"ReadAction\",\"target\":[\"https:\/\/radiolifefm.com.br\/noticias\/celso-ou-celsinho-meu-irmao-entre-vespas-e-lambrettas-2\/\"]}]},{\"@type\":\"ImageObject\",\"inLanguage\":\"pt-BR\",\"@id\":\"https:\/\/radiolifefm.com.br\/noticias\/celso-ou-celsinho-meu-irmao-entre-vespas-e-lambrettas-2\/#primaryimage\",\"url\":\"https:\/\/radiolifefm.com.br\/noticias\/wp-content\/uploads\/2022\/04\/WhatsApp-Image-2022-04-10-at-18.43.02.jpeg\",\"contentUrl\":\"https:\/\/radiolifefm.com.br\/noticias\/wp-content\/uploads\/2022\/04\/WhatsApp-Image-2022-04-10-at-18.43.02.jpeg\",\"width\":972,\"height\":1296,\"caption\":\"S\u00e9rgio Barbosa\"},{\"@type\":\"BreadcrumbList\",\"@id\":\"https:\/\/radiolifefm.com.br\/noticias\/celso-ou-celsinho-meu-irmao-entre-vespas-e-lambrettas-2\/#breadcrumb\",\"itemListElement\":[{\"@type\":\"ListItem\",\"position\":1,\"name\":\"In\u00edcio\",\"item\":\"https:\/\/radiolifefm.com.br\/noticias\/\"},{\"@type\":\"ListItem\",\"position\":2,\"name\":\"CELSO OU CELSINHO, MEU IRM\u00c3O, ENTRE \u201c VESPAS E LAMBRETTAS&#8230;\u201d\"}]},{\"@type\":\"WebSite\",\"@id\":\"https:\/\/radiolifefm.com.br\/noticias\/#website\",\"url\":\"https:\/\/radiolifefm.com.br\/noticias\/\",\"name\":\"R\u00e1dio Life FM\",\"description\":\"O Portal de Not\u00edcias de Adamantina\",\"publisher\":{\"@id\":\"https:\/\/radiolifefm.com.br\/noticias\/#organization\"},\"alternateName\":\"Life FM\",\"potentialAction\":[{\"@type\":\"SearchAction\",\"target\":{\"@type\":\"EntryPoint\",\"urlTemplate\":\"https:\/\/radiolifefm.com.br\/noticias\/?s={search_term_string}\"},\"query-input\":{\"@type\":\"PropertyValueSpecification\",\"valueRequired\":true,\"valueName\":\"search_term_string\"}}],\"inLanguage\":\"pt-BR\"},{\"@type\":\"Organization\",\"@id\":\"https:\/\/radiolifefm.com.br\/noticias\/#organization\",\"name\":\"R\u00e1dio Life FM\",\"alternateName\":\"Life FM\",\"url\":\"https:\/\/radiolifefm.com.br\/noticias\/\",\"logo\":{\"@type\":\"ImageObject\",\"inLanguage\":\"pt-BR\",\"@id\":\"https:\/\/radiolifefm.com.br\/noticias\/#\/schema\/logo\/image\/\",\"url\":\"https:\/\/static.radiolifefm.com.br\/noticias\/wp-content\/uploads\/2019\/10\/logo-lifefm.png\",\"contentUrl\":\"https:\/\/static.radiolifefm.com.br\/noticias\/wp-content\/uploads\/2019\/10\/logo-lifefm.png\",\"width\":196,\"height\":47,\"caption\":\"R\u00e1dio Life FM\"},\"image\":{\"@id\":\"https:\/\/radiolifefm.com.br\/noticias\/#\/schema\/logo\/image\/\"},\"sameAs\":[\"https:\/\/www.facebook.com\/radiolifefm\/\",\"https:\/\/www.instagram.com\/life1079fm\/\"]},{\"@type\":\"Person\",\"@id\":\"https:\/\/radiolifefm.com.br\/noticias\/#\/schema\/person\/6339b9fac59d12b071dec680d7375d87\",\"name\":\"ritanery\",\"image\":{\"@type\":\"ImageObject\",\"inLanguage\":\"pt-BR\",\"@id\":\"https:\/\/secure.gravatar.com\/avatar\/0e37bb19071f47c0b8a23f62a903df117c5a0e75f65a0c2901562f97cd41cf86?s=96&d=mm&r=g\",\"url\":\"https:\/\/secure.gravatar.com\/avatar\/0e37bb19071f47c0b8a23f62a903df117c5a0e75f65a0c2901562f97cd41cf86?s=96&d=mm&r=g\",\"contentUrl\":\"https:\/\/secure.gravatar.com\/avatar\/0e37bb19071f47c0b8a23f62a903df117c5a0e75f65a0c2901562f97cd41cf86?s=96&d=mm&r=g\",\"caption\":\"ritanery\"}}]}<\/script>\n<!-- \/ Yoast SEO plugin. -->","yoast_head_json":{"title":"CELSO OU CELSINHO, MEU IRM\u00c3O, ENTRE \u201c VESPAS E LAMBRETTAS...\u201d - R\u00e1dio Life FM","robots":{"index":"index","follow":"follow","max-snippet":"max-snippet:-1","max-image-preview":"max-image-preview:large","max-video-preview":"max-video-preview:-1"},"canonical":"https:\/\/radiolifefm.com.br\/noticias\/celso-ou-celsinho-meu-irmao-entre-vespas-e-lambrettas-2\/","og_locale":"pt_BR","og_type":"article","og_title":"CELSO OU CELSINHO, MEU IRM\u00c3O, ENTRE \u201c VESPAS E LAMBRETTAS...\u201d - R\u00e1dio Life FM","og_description":"\u201dLambreta, motoneta, vespa ou scooter s\u00e3o nomes distintos dados a um mesmo tipo de ve\u00edculo de duas rodas, em que o condutor mant\u00e9m suas pernas \u00e0 frente do tronco, sobre um piso. Sua hist\u00f3ria se associa \u00e0 reconstru\u00e7\u00e3o da It\u00e1lia ap\u00f3s a Segunda Guerra Mundial, quando foi preciso desenvolver um meio de transporte c\u00f4modo, de [&hellip;]","og_url":"https:\/\/radiolifefm.com.br\/noticias\/celso-ou-celsinho-meu-irmao-entre-vespas-e-lambrettas-2\/","og_site_name":"R\u00e1dio Life FM","article_publisher":"https:\/\/www.facebook.com\/radiolifefm\/","article_published_time":"2025-01-08T13:42:16+00:00","article_modified_time":"2026-04-05T03:33:10+00:00","og_image":[{"width":972,"height":1296,"url":"https:\/\/radiolifefm.com.br\/noticias\/wp-content\/uploads\/2022\/04\/WhatsApp-Image-2022-04-10-at-18.43.02.jpeg","type":"image\/jpeg"}],"author":"ritanery","twitter_card":"summary_large_image","twitter_misc":{"Escrito por":"ritanery","Est. tempo de leitura":"4 minutos"},"schema":{"@context":"https:\/\/schema.org","@graph":[{"@type":"Article","@id":"https:\/\/radiolifefm.com.br\/noticias\/celso-ou-celsinho-meu-irmao-entre-vespas-e-lambrettas-2\/#article","isPartOf":{"@id":"https:\/\/radiolifefm.com.br\/noticias\/celso-ou-celsinho-meu-irmao-entre-vespas-e-lambrettas-2\/"},"author":{"name":"ritanery","@id":"https:\/\/radiolifefm.com.br\/noticias\/#\/schema\/person\/6339b9fac59d12b071dec680d7375d87"},"headline":"CELSO OU CELSINHO, MEU IRM\u00c3O, ENTRE \u201c VESPAS E LAMBRETTAS&#8230;\u201d","datePublished":"2025-01-08T13:42:16+00:00","dateModified":"2026-04-05T03:33:10+00:00","mainEntityOfPage":{"@id":"https:\/\/radiolifefm.com.br\/noticias\/celso-ou-celsinho-meu-irmao-entre-vespas-e-lambrettas-2\/"},"wordCount":686,"publisher":{"@id":"https:\/\/radiolifefm.com.br\/noticias\/#organization"},"image":{"@id":"https:\/\/radiolifefm.com.br\/noticias\/celso-ou-celsinho-meu-irmao-entre-vespas-e-lambrettas-2\/#primaryimage"},"thumbnailUrl":"https:\/\/radiolifefm.com.br\/noticias\/wp-content\/uploads\/2022\/04\/WhatsApp-Image-2022-04-10-at-18.43.02.jpeg","articleSection":["Opini\u00e3o"],"inLanguage":"pt-BR"},{"@type":"WebPage","@id":"https:\/\/radiolifefm.com.br\/noticias\/celso-ou-celsinho-meu-irmao-entre-vespas-e-lambrettas-2\/","url":"https:\/\/radiolifefm.com.br\/noticias\/celso-ou-celsinho-meu-irmao-entre-vespas-e-lambrettas-2\/","name":"CELSO OU CELSINHO, MEU IRM\u00c3O, ENTRE \u201c VESPAS E LAMBRETTAS...\u201d - R\u00e1dio Life FM","isPartOf":{"@id":"https:\/\/radiolifefm.com.br\/noticias\/#website"},"primaryImageOfPage":{"@id":"https:\/\/radiolifefm.com.br\/noticias\/celso-ou-celsinho-meu-irmao-entre-vespas-e-lambrettas-2\/#primaryimage"},"image":{"@id":"https:\/\/radiolifefm.com.br\/noticias\/celso-ou-celsinho-meu-irmao-entre-vespas-e-lambrettas-2\/#primaryimage"},"thumbnailUrl":"https:\/\/radiolifefm.com.br\/noticias\/wp-content\/uploads\/2022\/04\/WhatsApp-Image-2022-04-10-at-18.43.02.jpeg","datePublished":"2025-01-08T13:42:16+00:00","dateModified":"2026-04-05T03:33:10+00:00","breadcrumb":{"@id":"https:\/\/radiolifefm.com.br\/noticias\/celso-ou-celsinho-meu-irmao-entre-vespas-e-lambrettas-2\/#breadcrumb"},"inLanguage":"pt-BR","potentialAction":[{"@type":"ReadAction","target":["https:\/\/radiolifefm.com.br\/noticias\/celso-ou-celsinho-meu-irmao-entre-vespas-e-lambrettas-2\/"]}]},{"@type":"ImageObject","inLanguage":"pt-BR","@id":"https:\/\/radiolifefm.com.br\/noticias\/celso-ou-celsinho-meu-irmao-entre-vespas-e-lambrettas-2\/#primaryimage","url":"https:\/\/radiolifefm.com.br\/noticias\/wp-content\/uploads\/2022\/04\/WhatsApp-Image-2022-04-10-at-18.43.02.jpeg","contentUrl":"https:\/\/radiolifefm.com.br\/noticias\/wp-content\/uploads\/2022\/04\/WhatsApp-Image-2022-04-10-at-18.43.02.jpeg","width":972,"height":1296,"caption":"S\u00e9rgio Barbosa"},{"@type":"BreadcrumbList","@id":"https:\/\/radiolifefm.com.br\/noticias\/celso-ou-celsinho-meu-irmao-entre-vespas-e-lambrettas-2\/#breadcrumb","itemListElement":[{"@type":"ListItem","position":1,"name":"In\u00edcio","item":"https:\/\/radiolifefm.com.br\/noticias\/"},{"@type":"ListItem","position":2,"name":"CELSO OU CELSINHO, MEU IRM\u00c3O, ENTRE \u201c VESPAS E LAMBRETTAS&#8230;\u201d"}]},{"@type":"WebSite","@id":"https:\/\/radiolifefm.com.br\/noticias\/#website","url":"https:\/\/radiolifefm.com.br\/noticias\/","name":"R\u00e1dio Life FM","description":"O Portal de Not\u00edcias de Adamantina","publisher":{"@id":"https:\/\/radiolifefm.com.br\/noticias\/#organization"},"alternateName":"Life FM","potentialAction":[{"@type":"SearchAction","target":{"@type":"EntryPoint","urlTemplate":"https:\/\/radiolifefm.com.br\/noticias\/?s={search_term_string}"},"query-input":{"@type":"PropertyValueSpecification","valueRequired":true,"valueName":"search_term_string"}}],"inLanguage":"pt-BR"},{"@type":"Organization","@id":"https:\/\/radiolifefm.com.br\/noticias\/#organization","name":"R\u00e1dio Life FM","alternateName":"Life FM","url":"https:\/\/radiolifefm.com.br\/noticias\/","logo":{"@type":"ImageObject","inLanguage":"pt-BR","@id":"https:\/\/radiolifefm.com.br\/noticias\/#\/schema\/logo\/image\/","url":"https:\/\/static.radiolifefm.com.br\/noticias\/wp-content\/uploads\/2019\/10\/logo-lifefm.png","contentUrl":"https:\/\/static.radiolifefm.com.br\/noticias\/wp-content\/uploads\/2019\/10\/logo-lifefm.png","width":196,"height":47,"caption":"R\u00e1dio Life FM"},"image":{"@id":"https:\/\/radiolifefm.com.br\/noticias\/#\/schema\/logo\/image\/"},"sameAs":["https:\/\/www.facebook.com\/radiolifefm\/","https:\/\/www.instagram.com\/life1079fm\/"]},{"@type":"Person","@id":"https:\/\/radiolifefm.com.br\/noticias\/#\/schema\/person\/6339b9fac59d12b071dec680d7375d87","name":"ritanery","image":{"@type":"ImageObject","inLanguage":"pt-BR","@id":"https:\/\/secure.gravatar.com\/avatar\/0e37bb19071f47c0b8a23f62a903df117c5a0e75f65a0c2901562f97cd41cf86?s=96&d=mm&r=g","url":"https:\/\/secure.gravatar.com\/avatar\/0e37bb19071f47c0b8a23f62a903df117c5a0e75f65a0c2901562f97cd41cf86?s=96&d=mm&r=g","contentUrl":"https:\/\/secure.gravatar.com\/avatar\/0e37bb19071f47c0b8a23f62a903df117c5a0e75f65a0c2901562f97cd41cf86?s=96&d=mm&r=g","caption":"ritanery"}}]}},"amp_enabled":true,"_links":{"self":[{"href":"https:\/\/radiolifefm.com.br\/noticias\/wp-json\/wp\/v2\/posts\/96502","targetHints":{"allow":["GET"]}}],"collection":[{"href":"https:\/\/radiolifefm.com.br\/noticias\/wp-json\/wp\/v2\/posts"}],"about":[{"href":"https:\/\/radiolifefm.com.br\/noticias\/wp-json\/wp\/v2\/types\/post"}],"author":[{"embeddable":true,"href":"https:\/\/radiolifefm.com.br\/noticias\/wp-json\/wp\/v2\/users\/13"}],"replies":[{"embeddable":true,"href":"https:\/\/radiolifefm.com.br\/noticias\/wp-json\/wp\/v2\/comments?post=96502"}],"version-history":[{"count":1,"href":"https:\/\/radiolifefm.com.br\/noticias\/wp-json\/wp\/v2\/posts\/96502\/revisions"}],"predecessor-version":[{"id":96503,"href":"https:\/\/radiolifefm.com.br\/noticias\/wp-json\/wp\/v2\/posts\/96502\/revisions\/96503"}],"wp:featuredmedia":[{"embeddable":true,"href":"https:\/\/radiolifefm.com.br\/noticias\/wp-json\/wp\/v2\/media\/51988"}],"wp:attachment":[{"href":"https:\/\/radiolifefm.com.br\/noticias\/wp-json\/wp\/v2\/media?parent=96502"}],"wp:term":[{"taxonomy":"category","embeddable":true,"href":"https:\/\/radiolifefm.com.br\/noticias\/wp-json\/wp\/v2\/categories?post=96502"},{"taxonomy":"post_tag","embeddable":true,"href":"https:\/\/radiolifefm.com.br\/noticias\/wp-json\/wp\/v2\/tags?post=96502"}],"curies":[{"name":"wp","href":"https:\/\/api.w.org\/{rel}","templated":true}]}}