{"id":96466,"date":"2025-01-06T08:54:32","date_gmt":"2025-01-06T11:54:32","guid":{"rendered":"https:\/\/radiolifefm.com.br\/noticias\/?p=96466"},"modified":"2026-03-18T13:27:01","modified_gmt":"2026-03-18T16:27:01","slug":"provincia-gestao-publica-e-novo-ano-novo","status":"publish","type":"post","link":"https:\/\/radiolifefm.com.br\/noticias\/provincia-gestao-publica-e-novo-ano-novo\/","title":{"rendered":"Prov\u00edncia, Gest\u00e3o P\u00fablica e Novo Ano Novo&#8230;"},"content":{"rendered":"<div id=\"fb-root\"><\/div>\n<p><strong><em>\u201cBasicamente, a Gest\u00e3o significa influenciar a a\u00e7\u00e3o. Gest\u00e3o \u00e9 sobre ajudar as organiza\u00e7\u00f5es e as unidades fazerem o que tem que ser feito, o que significa a\u00e7\u00e3o.\u201d (<\/em><\/strong><a href=\"https:\/\/www.pensador.com\/autor\/henry_mintzberg\/\"><strong><em>Henry Mintzberg<\/em><\/strong><\/a><strong><em>)<\/em><\/strong><\/p>\n<p><strong>\u00a0<\/strong><\/p>\n<p><strong>By seb@r.<\/strong><\/p>\n<p>Ent\u00e3o, mais um NOVO TEMPO NOVO para um ANO NOVO ANO nesta PROV\u00cdNCIA DO FAZ DE CONTA, tal qual neste PA\u00cdS DO FAZ DE CONTA e ponto quase final&#8230;<\/p>\n<p>Como sempre, no MAIS em meio ao tudo de MENOS, tendo em vista que desde o dia 1 deste m\u00eas, ocupa o QUINTO ANDAR, o atual GESTOR P\u00daBLICO PROVINCIANO e sua Equipe, ainda, espero que com o passar dos primeiros CEM DIAS, a TURMA que entrou possa mostrar a CARA, se poss\u00edvel, a CORRAGEM pra mudar isto e mais aquilo&#8230;<\/p>\n<p>Pois, depois de OITO LONGOS ANOS da turma que saiu sem mais e com muito menos, deve-se considerar que uma AUDITORIA seria a melhor op\u00e7\u00e3o para conhecer como est\u00e1 a M\u00c1QUINA P\u00daBLICA e projetar os pr\u00f3ximos quatro anos de MANDATO&#8230;<\/p>\n<p>Entretanto, NADA COMO UM DIA DEPOIS DO OUTRO, portanto, apenas o TEMPO pode determinar tais DESENCONTROS PROVINCIANOS com o atual CEN\u00c1RIO em n\u00edvel de atividades e proposta desta NOVA GEST\u00c3O&#8230;<\/p>\n<p>Todavia, neste NOVO ANO NOVO, isso \u00e9, at\u00e9 JUNHO, dever\u00e1 ocorrer a TROCA DAS CADEIRAS nos lados das PAREDES ALVAS, tamb\u00e9m, pode ser que tudo continue na MESMICE DE SEMPRE, tendo em vista que SE VOC\u00ca PENSA QUE T\u00c1 RUIM, PODE PIORAR&#8230;<\/p>\n<p>Mesmo assim, para um BOM ENTENDEDOR, como diz o velho dito popular, MEIA PALAVRA BASTA, desta forma, as denominadas e famigeradas TROCAS NADA SIMB\u00d3LICAS ser\u00e3o colocadas em CIMA DA MESA (sic), haja vista que o FUTURO das PAREDES ALVAS continua dependendo de PROJETOS ACAD\u00caMICOS focados no MERCADO EDUCACIONAL&#8230;<\/p>\n<p>Mas, a melhor OP\u00c7\u00c3O nestes OCASOS DE UM TALVEZ, deve ser a ESPERA pelos primeiros TR\u00caS MESES desta NOVA GEST\u00c3O, por isso e mais aquilo, se bem que essa TURMA est\u00e1 do lado daqueles\/as que estiveram e continuam na CONTRAM\u00c3O DA HIST\u00d3RIA deste PA\u00cdS DO FAZ DE CONTA&#8230;<\/p>\n<p>Mesmo assim, faz-se necess\u00e1rio que a REFLEX\u00c3O CR\u00cdTICA possa estar neste contexto SINGULAR, por\u00e9m, na PERSPECTIVA PLURAL para muitas CONSIDERA\u00c7\u00d5ES sobre as PROPOSTAS, bem como, REALIZA\u00c7\u00d5ES desta NOVA GEST\u00c3O&#8230;<\/p>\n<p>Outra COISA deste mesmo COISO (sic), a MARCA deve ser REGISTRADA para n\u00e3o deixar PEDRA SOBRE PEDRA, assim, cada qual deve seguir o seu CAMINHO de um jeito ou de outro nesta PROV\u00cdNCIA DO FAZ DE CONTA&#8230;<\/p>\n<p>Entretanto, como sempre, ainda, PODER SER QUE SIM, haja vista que PODE SER QUE N\u00c3O, ainda, MUITO PELO CONTR\u00c1RIO&#8230;<\/p>\n<p>Por isso e talvez aquilo, a melhor OP\u00c7\u00c3O neste CEN\u00c1RIO que est\u00e3o al\u00e9m desta PROV\u00cdNCIA DO FAZ DE CONTA, possa ser aquilo que nunca foi nestes \u00faltimos anos de GEST\u00c3O P\u00daBLICA&#8230;<\/p>\n<p>Para n\u00e3o esquecerem, PERDERAM MAN\u00c9S!<\/p>\n<p>Ainda, QUEM SOBREVIVER VAI SABER&#8230;<\/p>\n<p>&nbsp;<\/p>\n<p>&nbsp;<\/p>\n<p><strong>e-mail: <\/strong><a href=\"mailto:barbosa.sebar@gmail.com\"><strong>barbosa.sebar@gmail.com<\/strong><\/a><\/p>\n","protected":false},"excerpt":{"rendered":"<p>\u201cBasicamente, a Gest\u00e3o significa influenciar a a\u00e7\u00e3o. Gest\u00e3o \u00e9 sobre ajudar as organiza\u00e7\u00f5es e as unidades fazerem o que tem que ser feito, o que significa a\u00e7\u00e3o.\u201d (Henry Mintzberg) \u00a0 By seb@r. Ent\u00e3o, mais um NOVO TEMPO NOVO para um ANO NOVO ANO nesta PROV\u00cdNCIA DO FAZ DE CONTA, tal qual neste PA\u00cdS DO FAZ [&hellip;]<\/p>\n","protected":false},"author":13,"featured_media":51988,"comment_status":"closed","ping_status":"open","sticky":false,"template":"","format":"standard","meta":{"_acf_changed":false,"_exactmetrics_skip_tracking":false,"_exactmetrics_sitenote_active":false,"_exactmetrics_sitenote_note":"","_exactmetrics_sitenote_category":0,"footnotes":""},"categories":[59],"tags":[],"class_list":["post-96466","post","type-post","status-publish","format-standard","has-post-thumbnail","hentry","category-opiniao"],"acf":[],"yoast_head":"<!-- This site is optimized with the Yoast SEO plugin v27.2 - https:\/\/yoast.com\/product\/yoast-seo-wordpress\/ -->\n<title>Prov\u00edncia, Gest\u00e3o P\u00fablica e Novo Ano Novo... - R\u00e1dio Life FM<\/title>\n<meta name=\"robots\" content=\"index, follow, max-snippet:-1, max-image-preview:large, max-video-preview:-1\" \/>\n<link rel=\"canonical\" href=\"https:\/\/radiolifefm.com.br\/noticias\/provincia-gestao-publica-e-novo-ano-novo\/\" \/>\n<meta property=\"og:locale\" content=\"pt_BR\" \/>\n<meta property=\"og:type\" content=\"article\" \/>\n<meta property=\"og:title\" content=\"Prov\u00edncia, Gest\u00e3o P\u00fablica e Novo Ano Novo... - R\u00e1dio Life FM\" \/>\n<meta property=\"og:description\" content=\"\u201cBasicamente, a Gest\u00e3o significa influenciar a a\u00e7\u00e3o. Gest\u00e3o \u00e9 sobre ajudar as organiza\u00e7\u00f5es e as unidades fazerem o que tem que ser feito, o que significa a\u00e7\u00e3o.\u201d (Henry Mintzberg) \u00a0 By seb@r. Ent\u00e3o, mais um NOVO TEMPO NOVO para um ANO NOVO ANO nesta PROV\u00cdNCIA DO FAZ DE CONTA, tal qual neste PA\u00cdS DO FAZ [&hellip;]\" \/>\n<meta property=\"og:url\" content=\"https:\/\/radiolifefm.com.br\/noticias\/provincia-gestao-publica-e-novo-ano-novo\/\" \/>\n<meta property=\"og:site_name\" content=\"R\u00e1dio Life FM\" \/>\n<meta property=\"article:publisher\" content=\"https:\/\/www.facebook.com\/radiolifefm\/\" \/>\n<meta property=\"article:published_time\" content=\"2025-01-06T11:54:32+00:00\" \/>\n<meta property=\"article:modified_time\" content=\"2026-03-18T16:27:01+00:00\" \/>\n<meta property=\"og:image\" content=\"https:\/\/radiolifefm.com.br\/noticias\/wp-content\/uploads\/2022\/04\/WhatsApp-Image-2022-04-10-at-18.43.02.jpeg\" \/>\n\t<meta property=\"og:image:width\" content=\"972\" \/>\n\t<meta property=\"og:image:height\" content=\"1296\" \/>\n\t<meta property=\"og:image:type\" content=\"image\/jpeg\" \/>\n<meta name=\"author\" content=\"ritanery\" \/>\n<meta name=\"twitter:card\" content=\"summary_large_image\" \/>\n<meta name=\"twitter:label1\" content=\"Escrito por\" \/>\n\t<meta name=\"twitter:data1\" content=\"ritanery\" \/>\n\t<meta name=\"twitter:label2\" content=\"Est. tempo de leitura\" \/>\n\t<meta name=\"twitter:data2\" content=\"3 minutos\" \/>\n<script type=\"application\/ld+json\" class=\"yoast-schema-graph\">{\"@context\":\"https:\/\/schema.org\",\"@graph\":[{\"@type\":\"Article\",\"@id\":\"https:\/\/radiolifefm.com.br\/noticias\/provincia-gestao-publica-e-novo-ano-novo\/#article\",\"isPartOf\":{\"@id\":\"https:\/\/radiolifefm.com.br\/noticias\/provincia-gestao-publica-e-novo-ano-novo\/\"},\"author\":{\"name\":\"ritanery\",\"@id\":\"https:\/\/radiolifefm.com.br\/noticias\/#\/schema\/person\/6339b9fac59d12b071dec680d7375d87\"},\"headline\":\"Prov\u00edncia, Gest\u00e3o P\u00fablica e Novo Ano Novo&#8230;\",\"datePublished\":\"2025-01-06T11:54:32+00:00\",\"dateModified\":\"2026-03-18T16:27:01+00:00\",\"mainEntityOfPage\":{\"@id\":\"https:\/\/radiolifefm.com.br\/noticias\/provincia-gestao-publica-e-novo-ano-novo\/\"},\"wordCount\":518,\"publisher\":{\"@id\":\"https:\/\/radiolifefm.com.br\/noticias\/#organization\"},\"image\":{\"@id\":\"https:\/\/radiolifefm.com.br\/noticias\/provincia-gestao-publica-e-novo-ano-novo\/#primaryimage\"},\"thumbnailUrl\":\"https:\/\/radiolifefm.com.br\/noticias\/wp-content\/uploads\/2022\/04\/WhatsApp-Image-2022-04-10-at-18.43.02.jpeg\",\"articleSection\":[\"Opini\u00e3o\"],\"inLanguage\":\"pt-BR\"},{\"@type\":\"WebPage\",\"@id\":\"https:\/\/radiolifefm.com.br\/noticias\/provincia-gestao-publica-e-novo-ano-novo\/\",\"url\":\"https:\/\/radiolifefm.com.br\/noticias\/provincia-gestao-publica-e-novo-ano-novo\/\",\"name\":\"Prov\u00edncia, Gest\u00e3o P\u00fablica e Novo Ano Novo... - R\u00e1dio Life FM\",\"isPartOf\":{\"@id\":\"https:\/\/radiolifefm.com.br\/noticias\/#website\"},\"primaryImageOfPage\":{\"@id\":\"https:\/\/radiolifefm.com.br\/noticias\/provincia-gestao-publica-e-novo-ano-novo\/#primaryimage\"},\"image\":{\"@id\":\"https:\/\/radiolifefm.com.br\/noticias\/provincia-gestao-publica-e-novo-ano-novo\/#primaryimage\"},\"thumbnailUrl\":\"https:\/\/radiolifefm.com.br\/noticias\/wp-content\/uploads\/2022\/04\/WhatsApp-Image-2022-04-10-at-18.43.02.jpeg\",\"datePublished\":\"2025-01-06T11:54:32+00:00\",\"dateModified\":\"2026-03-18T16:27:01+00:00\",\"breadcrumb\":{\"@id\":\"https:\/\/radiolifefm.com.br\/noticias\/provincia-gestao-publica-e-novo-ano-novo\/#breadcrumb\"},\"inLanguage\":\"pt-BR\",\"potentialAction\":[{\"@type\":\"ReadAction\",\"target\":[\"https:\/\/radiolifefm.com.br\/noticias\/provincia-gestao-publica-e-novo-ano-novo\/\"]}]},{\"@type\":\"ImageObject\",\"inLanguage\":\"pt-BR\",\"@id\":\"https:\/\/radiolifefm.com.br\/noticias\/provincia-gestao-publica-e-novo-ano-novo\/#primaryimage\",\"url\":\"https:\/\/radiolifefm.com.br\/noticias\/wp-content\/uploads\/2022\/04\/WhatsApp-Image-2022-04-10-at-18.43.02.jpeg\",\"contentUrl\":\"https:\/\/radiolifefm.com.br\/noticias\/wp-content\/uploads\/2022\/04\/WhatsApp-Image-2022-04-10-at-18.43.02.jpeg\",\"width\":972,\"height\":1296,\"caption\":\"S\u00e9rgio Barbosa\"},{\"@type\":\"BreadcrumbList\",\"@id\":\"https:\/\/radiolifefm.com.br\/noticias\/provincia-gestao-publica-e-novo-ano-novo\/#breadcrumb\",\"itemListElement\":[{\"@type\":\"ListItem\",\"position\":1,\"name\":\"In\u00edcio\",\"item\":\"https:\/\/radiolifefm.com.br\/noticias\/\"},{\"@type\":\"ListItem\",\"position\":2,\"name\":\"Prov\u00edncia, Gest\u00e3o P\u00fablica e Novo Ano Novo&#8230;\"}]},{\"@type\":\"WebSite\",\"@id\":\"https:\/\/radiolifefm.com.br\/noticias\/#website\",\"url\":\"https:\/\/radiolifefm.com.br\/noticias\/\",\"name\":\"R\u00e1dio Life FM\",\"description\":\"O Portal de Not\u00edcias de Adamantina\",\"publisher\":{\"@id\":\"https:\/\/radiolifefm.com.br\/noticias\/#organization\"},\"alternateName\":\"Life FM\",\"potentialAction\":[{\"@type\":\"SearchAction\",\"target\":{\"@type\":\"EntryPoint\",\"urlTemplate\":\"https:\/\/radiolifefm.com.br\/noticias\/?s={search_term_string}\"},\"query-input\":{\"@type\":\"PropertyValueSpecification\",\"valueRequired\":true,\"valueName\":\"search_term_string\"}}],\"inLanguage\":\"pt-BR\"},{\"@type\":\"Organization\",\"@id\":\"https:\/\/radiolifefm.com.br\/noticias\/#organization\",\"name\":\"R\u00e1dio Life FM\",\"alternateName\":\"Life FM\",\"url\":\"https:\/\/radiolifefm.com.br\/noticias\/\",\"logo\":{\"@type\":\"ImageObject\",\"inLanguage\":\"pt-BR\",\"@id\":\"https:\/\/radiolifefm.com.br\/noticias\/#\/schema\/logo\/image\/\",\"url\":\"https:\/\/static.radiolifefm.com.br\/noticias\/wp-content\/uploads\/2019\/10\/logo-lifefm.png\",\"contentUrl\":\"https:\/\/static.radiolifefm.com.br\/noticias\/wp-content\/uploads\/2019\/10\/logo-lifefm.png\",\"width\":196,\"height\":47,\"caption\":\"R\u00e1dio Life FM\"},\"image\":{\"@id\":\"https:\/\/radiolifefm.com.br\/noticias\/#\/schema\/logo\/image\/\"},\"sameAs\":[\"https:\/\/www.facebook.com\/radiolifefm\/\",\"https:\/\/www.instagram.com\/life1079fm\/\"]},{\"@type\":\"Person\",\"@id\":\"https:\/\/radiolifefm.com.br\/noticias\/#\/schema\/person\/6339b9fac59d12b071dec680d7375d87\",\"name\":\"ritanery\",\"image\":{\"@type\":\"ImageObject\",\"inLanguage\":\"pt-BR\",\"@id\":\"https:\/\/secure.gravatar.com\/avatar\/0e37bb19071f47c0b8a23f62a903df117c5a0e75f65a0c2901562f97cd41cf86?s=96&d=mm&r=g\",\"url\":\"https:\/\/secure.gravatar.com\/avatar\/0e37bb19071f47c0b8a23f62a903df117c5a0e75f65a0c2901562f97cd41cf86?s=96&d=mm&r=g\",\"contentUrl\":\"https:\/\/secure.gravatar.com\/avatar\/0e37bb19071f47c0b8a23f62a903df117c5a0e75f65a0c2901562f97cd41cf86?s=96&d=mm&r=g\",\"caption\":\"ritanery\"}}]}<\/script>\n<!-- \/ Yoast SEO plugin. -->","yoast_head_json":{"title":"Prov\u00edncia, Gest\u00e3o P\u00fablica e Novo Ano Novo... - R\u00e1dio Life FM","robots":{"index":"index","follow":"follow","max-snippet":"max-snippet:-1","max-image-preview":"max-image-preview:large","max-video-preview":"max-video-preview:-1"},"canonical":"https:\/\/radiolifefm.com.br\/noticias\/provincia-gestao-publica-e-novo-ano-novo\/","og_locale":"pt_BR","og_type":"article","og_title":"Prov\u00edncia, Gest\u00e3o P\u00fablica e Novo Ano Novo... - R\u00e1dio Life FM","og_description":"\u201cBasicamente, a Gest\u00e3o significa influenciar a a\u00e7\u00e3o. Gest\u00e3o \u00e9 sobre ajudar as organiza\u00e7\u00f5es e as unidades fazerem o que tem que ser feito, o que significa a\u00e7\u00e3o.\u201d (Henry Mintzberg) \u00a0 By seb@r. Ent\u00e3o, mais um NOVO TEMPO NOVO para um ANO NOVO ANO nesta PROV\u00cdNCIA DO FAZ DE CONTA, tal qual neste PA\u00cdS DO FAZ [&hellip;]","og_url":"https:\/\/radiolifefm.com.br\/noticias\/provincia-gestao-publica-e-novo-ano-novo\/","og_site_name":"R\u00e1dio Life FM","article_publisher":"https:\/\/www.facebook.com\/radiolifefm\/","article_published_time":"2025-01-06T11:54:32+00:00","article_modified_time":"2026-03-18T16:27:01+00:00","og_image":[{"width":972,"height":1296,"url":"https:\/\/radiolifefm.com.br\/noticias\/wp-content\/uploads\/2022\/04\/WhatsApp-Image-2022-04-10-at-18.43.02.jpeg","type":"image\/jpeg"}],"author":"ritanery","twitter_card":"summary_large_image","twitter_misc":{"Escrito por":"ritanery","Est. tempo de leitura":"3 minutos"},"schema":{"@context":"https:\/\/schema.org","@graph":[{"@type":"Article","@id":"https:\/\/radiolifefm.com.br\/noticias\/provincia-gestao-publica-e-novo-ano-novo\/#article","isPartOf":{"@id":"https:\/\/radiolifefm.com.br\/noticias\/provincia-gestao-publica-e-novo-ano-novo\/"},"author":{"name":"ritanery","@id":"https:\/\/radiolifefm.com.br\/noticias\/#\/schema\/person\/6339b9fac59d12b071dec680d7375d87"},"headline":"Prov\u00edncia, Gest\u00e3o P\u00fablica e Novo Ano Novo&#8230;","datePublished":"2025-01-06T11:54:32+00:00","dateModified":"2026-03-18T16:27:01+00:00","mainEntityOfPage":{"@id":"https:\/\/radiolifefm.com.br\/noticias\/provincia-gestao-publica-e-novo-ano-novo\/"},"wordCount":518,"publisher":{"@id":"https:\/\/radiolifefm.com.br\/noticias\/#organization"},"image":{"@id":"https:\/\/radiolifefm.com.br\/noticias\/provincia-gestao-publica-e-novo-ano-novo\/#primaryimage"},"thumbnailUrl":"https:\/\/radiolifefm.com.br\/noticias\/wp-content\/uploads\/2022\/04\/WhatsApp-Image-2022-04-10-at-18.43.02.jpeg","articleSection":["Opini\u00e3o"],"inLanguage":"pt-BR"},{"@type":"WebPage","@id":"https:\/\/radiolifefm.com.br\/noticias\/provincia-gestao-publica-e-novo-ano-novo\/","url":"https:\/\/radiolifefm.com.br\/noticias\/provincia-gestao-publica-e-novo-ano-novo\/","name":"Prov\u00edncia, Gest\u00e3o P\u00fablica e Novo Ano Novo... - R\u00e1dio Life FM","isPartOf":{"@id":"https:\/\/radiolifefm.com.br\/noticias\/#website"},"primaryImageOfPage":{"@id":"https:\/\/radiolifefm.com.br\/noticias\/provincia-gestao-publica-e-novo-ano-novo\/#primaryimage"},"image":{"@id":"https:\/\/radiolifefm.com.br\/noticias\/provincia-gestao-publica-e-novo-ano-novo\/#primaryimage"},"thumbnailUrl":"https:\/\/radiolifefm.com.br\/noticias\/wp-content\/uploads\/2022\/04\/WhatsApp-Image-2022-04-10-at-18.43.02.jpeg","datePublished":"2025-01-06T11:54:32+00:00","dateModified":"2026-03-18T16:27:01+00:00","breadcrumb":{"@id":"https:\/\/radiolifefm.com.br\/noticias\/provincia-gestao-publica-e-novo-ano-novo\/#breadcrumb"},"inLanguage":"pt-BR","potentialAction":[{"@type":"ReadAction","target":["https:\/\/radiolifefm.com.br\/noticias\/provincia-gestao-publica-e-novo-ano-novo\/"]}]},{"@type":"ImageObject","inLanguage":"pt-BR","@id":"https:\/\/radiolifefm.com.br\/noticias\/provincia-gestao-publica-e-novo-ano-novo\/#primaryimage","url":"https:\/\/radiolifefm.com.br\/noticias\/wp-content\/uploads\/2022\/04\/WhatsApp-Image-2022-04-10-at-18.43.02.jpeg","contentUrl":"https:\/\/radiolifefm.com.br\/noticias\/wp-content\/uploads\/2022\/04\/WhatsApp-Image-2022-04-10-at-18.43.02.jpeg","width":972,"height":1296,"caption":"S\u00e9rgio Barbosa"},{"@type":"BreadcrumbList","@id":"https:\/\/radiolifefm.com.br\/noticias\/provincia-gestao-publica-e-novo-ano-novo\/#breadcrumb","itemListElement":[{"@type":"ListItem","position":1,"name":"In\u00edcio","item":"https:\/\/radiolifefm.com.br\/noticias\/"},{"@type":"ListItem","position":2,"name":"Prov\u00edncia, Gest\u00e3o P\u00fablica e Novo Ano Novo&#8230;"}]},{"@type":"WebSite","@id":"https:\/\/radiolifefm.com.br\/noticias\/#website","url":"https:\/\/radiolifefm.com.br\/noticias\/","name":"R\u00e1dio Life FM","description":"O Portal de Not\u00edcias de Adamantina","publisher":{"@id":"https:\/\/radiolifefm.com.br\/noticias\/#organization"},"alternateName":"Life FM","potentialAction":[{"@type":"SearchAction","target":{"@type":"EntryPoint","urlTemplate":"https:\/\/radiolifefm.com.br\/noticias\/?s={search_term_string}"},"query-input":{"@type":"PropertyValueSpecification","valueRequired":true,"valueName":"search_term_string"}}],"inLanguage":"pt-BR"},{"@type":"Organization","@id":"https:\/\/radiolifefm.com.br\/noticias\/#organization","name":"R\u00e1dio Life FM","alternateName":"Life FM","url":"https:\/\/radiolifefm.com.br\/noticias\/","logo":{"@type":"ImageObject","inLanguage":"pt-BR","@id":"https:\/\/radiolifefm.com.br\/noticias\/#\/schema\/logo\/image\/","url":"https:\/\/static.radiolifefm.com.br\/noticias\/wp-content\/uploads\/2019\/10\/logo-lifefm.png","contentUrl":"https:\/\/static.radiolifefm.com.br\/noticias\/wp-content\/uploads\/2019\/10\/logo-lifefm.png","width":196,"height":47,"caption":"R\u00e1dio Life FM"},"image":{"@id":"https:\/\/radiolifefm.com.br\/noticias\/#\/schema\/logo\/image\/"},"sameAs":["https:\/\/www.facebook.com\/radiolifefm\/","https:\/\/www.instagram.com\/life1079fm\/"]},{"@type":"Person","@id":"https:\/\/radiolifefm.com.br\/noticias\/#\/schema\/person\/6339b9fac59d12b071dec680d7375d87","name":"ritanery","image":{"@type":"ImageObject","inLanguage":"pt-BR","@id":"https:\/\/secure.gravatar.com\/avatar\/0e37bb19071f47c0b8a23f62a903df117c5a0e75f65a0c2901562f97cd41cf86?s=96&d=mm&r=g","url":"https:\/\/secure.gravatar.com\/avatar\/0e37bb19071f47c0b8a23f62a903df117c5a0e75f65a0c2901562f97cd41cf86?s=96&d=mm&r=g","contentUrl":"https:\/\/secure.gravatar.com\/avatar\/0e37bb19071f47c0b8a23f62a903df117c5a0e75f65a0c2901562f97cd41cf86?s=96&d=mm&r=g","caption":"ritanery"}}]}},"amp_enabled":true,"_links":{"self":[{"href":"https:\/\/radiolifefm.com.br\/noticias\/wp-json\/wp\/v2\/posts\/96466","targetHints":{"allow":["GET"]}}],"collection":[{"href":"https:\/\/radiolifefm.com.br\/noticias\/wp-json\/wp\/v2\/posts"}],"about":[{"href":"https:\/\/radiolifefm.com.br\/noticias\/wp-json\/wp\/v2\/types\/post"}],"author":[{"embeddable":true,"href":"https:\/\/radiolifefm.com.br\/noticias\/wp-json\/wp\/v2\/users\/13"}],"replies":[{"embeddable":true,"href":"https:\/\/radiolifefm.com.br\/noticias\/wp-json\/wp\/v2\/comments?post=96466"}],"version-history":[{"count":1,"href":"https:\/\/radiolifefm.com.br\/noticias\/wp-json\/wp\/v2\/posts\/96466\/revisions"}],"predecessor-version":[{"id":96467,"href":"https:\/\/radiolifefm.com.br\/noticias\/wp-json\/wp\/v2\/posts\/96466\/revisions\/96467"}],"wp:featuredmedia":[{"embeddable":true,"href":"https:\/\/radiolifefm.com.br\/noticias\/wp-json\/wp\/v2\/media\/51988"}],"wp:attachment":[{"href":"https:\/\/radiolifefm.com.br\/noticias\/wp-json\/wp\/v2\/media?parent=96466"}],"wp:term":[{"taxonomy":"category","embeddable":true,"href":"https:\/\/radiolifefm.com.br\/noticias\/wp-json\/wp\/v2\/categories?post=96466"},{"taxonomy":"post_tag","embeddable":true,"href":"https:\/\/radiolifefm.com.br\/noticias\/wp-json\/wp\/v2\/tags?post=96466"}],"curies":[{"name":"wp","href":"https:\/\/api.w.org\/{rel}","templated":true}]}}