{"id":96449,"date":"2025-01-03T09:29:25","date_gmt":"2025-01-03T12:29:25","guid":{"rendered":"https:\/\/radiolifefm.com.br\/noticias\/?p=96449"},"modified":"2026-04-11T15:21:12","modified_gmt":"2026-04-11T18:21:12","slug":"cada-qual-observa-isto-ou-aquilo-nesta-provincia","status":"publish","type":"post","link":"https:\/\/radiolifefm.com.br\/noticias\/cada-qual-observa-isto-ou-aquilo-nesta-provincia\/","title":{"rendered":"CADA QUAL OBSERVA ISTO OU AQUILO NESTA PROV\u00cdNCIA&#8230;"},"content":{"rendered":"<div id=\"fb-root\"><\/div>\n<p><strong><em>\u201cQuantas coisas cabem em um olhar!<br \/>\n\u00c9 t\u00e3o expressivo,<br \/>\n\u00e9 como falar.\u201d (<\/em><\/strong><a href=\"https:\/\/www.pensador.com\/autor\/clarice_pacheco\/\"><strong><em>Clarice Pacheco<\/em><\/strong><\/a><strong><em>)<\/em><\/strong><\/p>\n<p><strong><em>By seb@r.<\/em><\/strong><\/p>\n<p>Sempre que tenho algum compromisso aqui ou ali na PROV\u00cdNCIA, procuro sempre que poss\u00edvel, ficar atento aos detalhes disto ou daquilo, ainda, sem mais e sem menos&#8230;<\/p>\n<p>Assim, qualquer movimento pode dar um toque a mais nestes desencontros pelas ruas provincianas, portanto, aproveitando que fui ao POSTO DE SA\u00daDE pr\u00f3ximo ao CAMPUS I das PAREDES ALVAS para \u201cmedir a press\u00e3o arterial\u201d por causa disto ou daquilo, resolvi fazer umas \u201cFOTOS\u201d para um registro neste tempo do meu tempo&#8230;<\/p>\n<p>Tamb\u00e9m, deve-se escrever que no outro tempo do meu tempo, ou seja, quando estava sem CONV\u00caNIO M\u00c9DICO, tanto eu, quanto a MARTA, usamos e abusamos dos atendimentos efetuados naquele local, do meu lado, sempre com a M\u00e9dica e a MARTA, com o M\u00e9dico e a M\u00e9dica&#8230;<\/p>\n<p>Os atendimentos eram excelentes e os profissionais da sa\u00fade sempre prestativos para os problemas relacionados com a sa\u00fade, bem como, todos os demais procedimentos com exames diversos para receitar os medicamentos&#8230;<\/p>\n<p>Acredito que foram muitas consultas para os mais diversos problemas do nosso lado, por\u00e9m, pra conseguir uma consulta m\u00e9dica com a que atendia naquele tempo do tempo no POSTO DE SA\u00daDE, assim, por volta das 5h da manh\u00e3 os pacientes chegavam e ficavam sentados no PONTO de alguma coisa do lado do POSTO, al\u00e9m do mais ou de menos, eram 20 atendimentos di\u00e1rios&#8230;<\/p>\n<p>Neste mesmo dia, resolvi chegar at\u00e9 o CAMPUS I das PAREDES ALVAS para algumas visitas, aproveitando que algumas figuras carimbadas n\u00e3o estavam no local, assim, poderia transitar sem maiores problemas naqueles corredores mais do que especiais no outro tempo do meu tempo&#8230;<\/p>\n<p>Antes, por\u00e9m, entrei na PADARIA que fica na esquina deste campus, a \u201cP\u00c3O P\u00c3O\u201d, por\u00e9m, mais conhecida como PADARIA DO LADO DO CAMPUS I DA FAI, entrei no local e resolvi comprar alguma coisa para comer e conversar, afinal de contas, sou cliente desta PADARIA faz anos e anos, sem escrever que os propriet\u00e1rios, ODAIR E SILVANA est\u00e3o sempre prontos para um atendimento especial para os clientes de sempre&#8230;<\/p>\n<p>Tais desencontros em terras provincianas sempre trazem muitas lembran\u00e7as do outro tempo para este tempo novo tempo que se chama hoje, todavia, cada qual deve saber como observar tais detalhes para uma aproxima\u00e7\u00e3o de acordo com aqueles momentos&#8230;<\/p>\n<p>Desta forma, POSTO DE SA\u00daDE, PADARIA E CAMPUS I das PAREDES ALVAS est\u00e3o pr\u00f3ximos e distantes, como sempre, dependendo de como as pessoas que por ali transitam em busca de atendimentos m\u00e9dicos, clientes da PADARIA e discentes, docentes e funcion\u00e1rios das PAREDES ALVAS&#8230;<\/p>\n<p>QUEM CONHECE ESTES LUGARES VAI SABER&#8230;<\/p>\n<p>&nbsp;<\/p>\n<p>e-mail: <a href=\"mailto:barbosa.sebar@gmail.com\">barbosa.sebar@gmail.com<\/a><\/p>\n<p>&nbsp;<\/p>\n","protected":false},"excerpt":{"rendered":"<p>\u201cQuantas coisas cabem em um olhar! \u00c9 t\u00e3o expressivo, \u00e9 como falar.\u201d (Clarice Pacheco) By seb@r. Sempre que tenho algum compromisso aqui ou ali na PROV\u00cdNCIA, procuro sempre que poss\u00edvel, ficar atento aos detalhes disto ou daquilo, ainda, sem mais e sem menos&#8230; Assim, qualquer movimento pode dar um toque a mais nestes desencontros pelas [&hellip;]<\/p>\n","protected":false},"author":13,"featured_media":51988,"comment_status":"closed","ping_status":"open","sticky":false,"template":"","format":"standard","meta":{"_acf_changed":false,"_exactmetrics_skip_tracking":false,"_exactmetrics_sitenote_active":false,"_exactmetrics_sitenote_note":"","_exactmetrics_sitenote_category":0,"footnotes":""},"categories":[59],"tags":[],"class_list":["post-96449","post","type-post","status-publish","format-standard","has-post-thumbnail","hentry","category-opiniao"],"acf":[],"yoast_head":"<!-- This site is optimized with the Yoast SEO plugin v27.2 - https:\/\/yoast.com\/product\/yoast-seo-wordpress\/ -->\n<title>CADA QUAL OBSERVA ISTO OU AQUILO NESTA PROV\u00cdNCIA... - R\u00e1dio Life FM<\/title>\n<meta name=\"robots\" content=\"index, follow, max-snippet:-1, max-image-preview:large, max-video-preview:-1\" \/>\n<link rel=\"canonical\" href=\"https:\/\/radiolifefm.com.br\/noticias\/cada-qual-observa-isto-ou-aquilo-nesta-provincia\/\" \/>\n<meta property=\"og:locale\" content=\"pt_BR\" \/>\n<meta property=\"og:type\" content=\"article\" \/>\n<meta property=\"og:title\" content=\"CADA QUAL OBSERVA ISTO OU AQUILO NESTA PROV\u00cdNCIA... - R\u00e1dio Life FM\" \/>\n<meta property=\"og:description\" content=\"\u201cQuantas coisas cabem em um olhar! \u00c9 t\u00e3o expressivo, \u00e9 como falar.\u201d (Clarice Pacheco) By seb@r. Sempre que tenho algum compromisso aqui ou ali na PROV\u00cdNCIA, procuro sempre que poss\u00edvel, ficar atento aos detalhes disto ou daquilo, ainda, sem mais e sem menos&#8230; Assim, qualquer movimento pode dar um toque a mais nestes desencontros pelas [&hellip;]\" \/>\n<meta property=\"og:url\" content=\"https:\/\/radiolifefm.com.br\/noticias\/cada-qual-observa-isto-ou-aquilo-nesta-provincia\/\" \/>\n<meta property=\"og:site_name\" content=\"R\u00e1dio Life FM\" \/>\n<meta property=\"article:publisher\" content=\"https:\/\/www.facebook.com\/radiolifefm\/\" \/>\n<meta property=\"article:published_time\" content=\"2025-01-03T12:29:25+00:00\" \/>\n<meta property=\"article:modified_time\" content=\"2026-04-11T18:21:12+00:00\" \/>\n<meta property=\"og:image\" content=\"https:\/\/radiolifefm.com.br\/noticias\/wp-content\/uploads\/2022\/04\/WhatsApp-Image-2022-04-10-at-18.43.02.jpeg\" \/>\n\t<meta property=\"og:image:width\" content=\"972\" \/>\n\t<meta property=\"og:image:height\" content=\"1296\" \/>\n\t<meta property=\"og:image:type\" content=\"image\/jpeg\" \/>\n<meta name=\"author\" content=\"ritanery\" \/>\n<meta name=\"twitter:card\" content=\"summary_large_image\" \/>\n<meta name=\"twitter:label1\" content=\"Escrito por\" \/>\n\t<meta name=\"twitter:data1\" content=\"ritanery\" \/>\n\t<meta name=\"twitter:label2\" content=\"Est. tempo de leitura\" \/>\n\t<meta name=\"twitter:data2\" content=\"3 minutos\" \/>\n<script type=\"application\/ld+json\" class=\"yoast-schema-graph\">{\"@context\":\"https:\/\/schema.org\",\"@graph\":[{\"@type\":\"Article\",\"@id\":\"https:\/\/radiolifefm.com.br\/noticias\/cada-qual-observa-isto-ou-aquilo-nesta-provincia\/#article\",\"isPartOf\":{\"@id\":\"https:\/\/radiolifefm.com.br\/noticias\/cada-qual-observa-isto-ou-aquilo-nesta-provincia\/\"},\"author\":{\"name\":\"ritanery\",\"@id\":\"https:\/\/radiolifefm.com.br\/noticias\/#\/schema\/person\/6339b9fac59d12b071dec680d7375d87\"},\"headline\":\"CADA QUAL OBSERVA ISTO OU AQUILO NESTA PROV\u00cdNCIA&#8230;\",\"datePublished\":\"2025-01-03T12:29:25+00:00\",\"dateModified\":\"2026-04-11T18:21:12+00:00\",\"mainEntityOfPage\":{\"@id\":\"https:\/\/radiolifefm.com.br\/noticias\/cada-qual-observa-isto-ou-aquilo-nesta-provincia\/\"},\"wordCount\":479,\"publisher\":{\"@id\":\"https:\/\/radiolifefm.com.br\/noticias\/#organization\"},\"image\":{\"@id\":\"https:\/\/radiolifefm.com.br\/noticias\/cada-qual-observa-isto-ou-aquilo-nesta-provincia\/#primaryimage\"},\"thumbnailUrl\":\"https:\/\/radiolifefm.com.br\/noticias\/wp-content\/uploads\/2022\/04\/WhatsApp-Image-2022-04-10-at-18.43.02.jpeg\",\"articleSection\":[\"Opini\u00e3o\"],\"inLanguage\":\"pt-BR\"},{\"@type\":\"WebPage\",\"@id\":\"https:\/\/radiolifefm.com.br\/noticias\/cada-qual-observa-isto-ou-aquilo-nesta-provincia\/\",\"url\":\"https:\/\/radiolifefm.com.br\/noticias\/cada-qual-observa-isto-ou-aquilo-nesta-provincia\/\",\"name\":\"CADA QUAL OBSERVA ISTO OU AQUILO NESTA PROV\u00cdNCIA... - R\u00e1dio Life FM\",\"isPartOf\":{\"@id\":\"https:\/\/radiolifefm.com.br\/noticias\/#website\"},\"primaryImageOfPage\":{\"@id\":\"https:\/\/radiolifefm.com.br\/noticias\/cada-qual-observa-isto-ou-aquilo-nesta-provincia\/#primaryimage\"},\"image\":{\"@id\":\"https:\/\/radiolifefm.com.br\/noticias\/cada-qual-observa-isto-ou-aquilo-nesta-provincia\/#primaryimage\"},\"thumbnailUrl\":\"https:\/\/radiolifefm.com.br\/noticias\/wp-content\/uploads\/2022\/04\/WhatsApp-Image-2022-04-10-at-18.43.02.jpeg\",\"datePublished\":\"2025-01-03T12:29:25+00:00\",\"dateModified\":\"2026-04-11T18:21:12+00:00\",\"breadcrumb\":{\"@id\":\"https:\/\/radiolifefm.com.br\/noticias\/cada-qual-observa-isto-ou-aquilo-nesta-provincia\/#breadcrumb\"},\"inLanguage\":\"pt-BR\",\"potentialAction\":[{\"@type\":\"ReadAction\",\"target\":[\"https:\/\/radiolifefm.com.br\/noticias\/cada-qual-observa-isto-ou-aquilo-nesta-provincia\/\"]}]},{\"@type\":\"ImageObject\",\"inLanguage\":\"pt-BR\",\"@id\":\"https:\/\/radiolifefm.com.br\/noticias\/cada-qual-observa-isto-ou-aquilo-nesta-provincia\/#primaryimage\",\"url\":\"https:\/\/radiolifefm.com.br\/noticias\/wp-content\/uploads\/2022\/04\/WhatsApp-Image-2022-04-10-at-18.43.02.jpeg\",\"contentUrl\":\"https:\/\/radiolifefm.com.br\/noticias\/wp-content\/uploads\/2022\/04\/WhatsApp-Image-2022-04-10-at-18.43.02.jpeg\",\"width\":972,\"height\":1296,\"caption\":\"S\u00e9rgio Barbosa\"},{\"@type\":\"BreadcrumbList\",\"@id\":\"https:\/\/radiolifefm.com.br\/noticias\/cada-qual-observa-isto-ou-aquilo-nesta-provincia\/#breadcrumb\",\"itemListElement\":[{\"@type\":\"ListItem\",\"position\":1,\"name\":\"In\u00edcio\",\"item\":\"https:\/\/radiolifefm.com.br\/noticias\/\"},{\"@type\":\"ListItem\",\"position\":2,\"name\":\"CADA QUAL OBSERVA ISTO OU AQUILO NESTA PROV\u00cdNCIA&#8230;\"}]},{\"@type\":\"WebSite\",\"@id\":\"https:\/\/radiolifefm.com.br\/noticias\/#website\",\"url\":\"https:\/\/radiolifefm.com.br\/noticias\/\",\"name\":\"R\u00e1dio Life FM\",\"description\":\"O Portal de Not\u00edcias de Adamantina\",\"publisher\":{\"@id\":\"https:\/\/radiolifefm.com.br\/noticias\/#organization\"},\"alternateName\":\"Life FM\",\"potentialAction\":[{\"@type\":\"SearchAction\",\"target\":{\"@type\":\"EntryPoint\",\"urlTemplate\":\"https:\/\/radiolifefm.com.br\/noticias\/?s={search_term_string}\"},\"query-input\":{\"@type\":\"PropertyValueSpecification\",\"valueRequired\":true,\"valueName\":\"search_term_string\"}}],\"inLanguage\":\"pt-BR\"},{\"@type\":\"Organization\",\"@id\":\"https:\/\/radiolifefm.com.br\/noticias\/#organization\",\"name\":\"R\u00e1dio Life FM\",\"alternateName\":\"Life FM\",\"url\":\"https:\/\/radiolifefm.com.br\/noticias\/\",\"logo\":{\"@type\":\"ImageObject\",\"inLanguage\":\"pt-BR\",\"@id\":\"https:\/\/radiolifefm.com.br\/noticias\/#\/schema\/logo\/image\/\",\"url\":\"https:\/\/static.radiolifefm.com.br\/noticias\/wp-content\/uploads\/2019\/10\/logo-lifefm.png\",\"contentUrl\":\"https:\/\/static.radiolifefm.com.br\/noticias\/wp-content\/uploads\/2019\/10\/logo-lifefm.png\",\"width\":196,\"height\":47,\"caption\":\"R\u00e1dio Life FM\"},\"image\":{\"@id\":\"https:\/\/radiolifefm.com.br\/noticias\/#\/schema\/logo\/image\/\"},\"sameAs\":[\"https:\/\/www.facebook.com\/radiolifefm\/\",\"https:\/\/www.instagram.com\/life1079fm\/\"]},{\"@type\":\"Person\",\"@id\":\"https:\/\/radiolifefm.com.br\/noticias\/#\/schema\/person\/6339b9fac59d12b071dec680d7375d87\",\"name\":\"ritanery\",\"image\":{\"@type\":\"ImageObject\",\"inLanguage\":\"pt-BR\",\"@id\":\"https:\/\/secure.gravatar.com\/avatar\/0e37bb19071f47c0b8a23f62a903df117c5a0e75f65a0c2901562f97cd41cf86?s=96&d=mm&r=g\",\"url\":\"https:\/\/secure.gravatar.com\/avatar\/0e37bb19071f47c0b8a23f62a903df117c5a0e75f65a0c2901562f97cd41cf86?s=96&d=mm&r=g\",\"contentUrl\":\"https:\/\/secure.gravatar.com\/avatar\/0e37bb19071f47c0b8a23f62a903df117c5a0e75f65a0c2901562f97cd41cf86?s=96&d=mm&r=g\",\"caption\":\"ritanery\"}}]}<\/script>\n<!-- \/ Yoast SEO plugin. -->","yoast_head_json":{"title":"CADA QUAL OBSERVA ISTO OU AQUILO NESTA PROV\u00cdNCIA... - R\u00e1dio Life FM","robots":{"index":"index","follow":"follow","max-snippet":"max-snippet:-1","max-image-preview":"max-image-preview:large","max-video-preview":"max-video-preview:-1"},"canonical":"https:\/\/radiolifefm.com.br\/noticias\/cada-qual-observa-isto-ou-aquilo-nesta-provincia\/","og_locale":"pt_BR","og_type":"article","og_title":"CADA QUAL OBSERVA ISTO OU AQUILO NESTA PROV\u00cdNCIA... - R\u00e1dio Life FM","og_description":"\u201cQuantas coisas cabem em um olhar! \u00c9 t\u00e3o expressivo, \u00e9 como falar.\u201d (Clarice Pacheco) By seb@r. Sempre que tenho algum compromisso aqui ou ali na PROV\u00cdNCIA, procuro sempre que poss\u00edvel, ficar atento aos detalhes disto ou daquilo, ainda, sem mais e sem menos&#8230; Assim, qualquer movimento pode dar um toque a mais nestes desencontros pelas [&hellip;]","og_url":"https:\/\/radiolifefm.com.br\/noticias\/cada-qual-observa-isto-ou-aquilo-nesta-provincia\/","og_site_name":"R\u00e1dio Life FM","article_publisher":"https:\/\/www.facebook.com\/radiolifefm\/","article_published_time":"2025-01-03T12:29:25+00:00","article_modified_time":"2026-04-11T18:21:12+00:00","og_image":[{"width":972,"height":1296,"url":"https:\/\/radiolifefm.com.br\/noticias\/wp-content\/uploads\/2022\/04\/WhatsApp-Image-2022-04-10-at-18.43.02.jpeg","type":"image\/jpeg"}],"author":"ritanery","twitter_card":"summary_large_image","twitter_misc":{"Escrito por":"ritanery","Est. tempo de leitura":"3 minutos"},"schema":{"@context":"https:\/\/schema.org","@graph":[{"@type":"Article","@id":"https:\/\/radiolifefm.com.br\/noticias\/cada-qual-observa-isto-ou-aquilo-nesta-provincia\/#article","isPartOf":{"@id":"https:\/\/radiolifefm.com.br\/noticias\/cada-qual-observa-isto-ou-aquilo-nesta-provincia\/"},"author":{"name":"ritanery","@id":"https:\/\/radiolifefm.com.br\/noticias\/#\/schema\/person\/6339b9fac59d12b071dec680d7375d87"},"headline":"CADA QUAL OBSERVA ISTO OU AQUILO NESTA PROV\u00cdNCIA&#8230;","datePublished":"2025-01-03T12:29:25+00:00","dateModified":"2026-04-11T18:21:12+00:00","mainEntityOfPage":{"@id":"https:\/\/radiolifefm.com.br\/noticias\/cada-qual-observa-isto-ou-aquilo-nesta-provincia\/"},"wordCount":479,"publisher":{"@id":"https:\/\/radiolifefm.com.br\/noticias\/#organization"},"image":{"@id":"https:\/\/radiolifefm.com.br\/noticias\/cada-qual-observa-isto-ou-aquilo-nesta-provincia\/#primaryimage"},"thumbnailUrl":"https:\/\/radiolifefm.com.br\/noticias\/wp-content\/uploads\/2022\/04\/WhatsApp-Image-2022-04-10-at-18.43.02.jpeg","articleSection":["Opini\u00e3o"],"inLanguage":"pt-BR"},{"@type":"WebPage","@id":"https:\/\/radiolifefm.com.br\/noticias\/cada-qual-observa-isto-ou-aquilo-nesta-provincia\/","url":"https:\/\/radiolifefm.com.br\/noticias\/cada-qual-observa-isto-ou-aquilo-nesta-provincia\/","name":"CADA QUAL OBSERVA ISTO OU AQUILO NESTA PROV\u00cdNCIA... - R\u00e1dio Life FM","isPartOf":{"@id":"https:\/\/radiolifefm.com.br\/noticias\/#website"},"primaryImageOfPage":{"@id":"https:\/\/radiolifefm.com.br\/noticias\/cada-qual-observa-isto-ou-aquilo-nesta-provincia\/#primaryimage"},"image":{"@id":"https:\/\/radiolifefm.com.br\/noticias\/cada-qual-observa-isto-ou-aquilo-nesta-provincia\/#primaryimage"},"thumbnailUrl":"https:\/\/radiolifefm.com.br\/noticias\/wp-content\/uploads\/2022\/04\/WhatsApp-Image-2022-04-10-at-18.43.02.jpeg","datePublished":"2025-01-03T12:29:25+00:00","dateModified":"2026-04-11T18:21:12+00:00","breadcrumb":{"@id":"https:\/\/radiolifefm.com.br\/noticias\/cada-qual-observa-isto-ou-aquilo-nesta-provincia\/#breadcrumb"},"inLanguage":"pt-BR","potentialAction":[{"@type":"ReadAction","target":["https:\/\/radiolifefm.com.br\/noticias\/cada-qual-observa-isto-ou-aquilo-nesta-provincia\/"]}]},{"@type":"ImageObject","inLanguage":"pt-BR","@id":"https:\/\/radiolifefm.com.br\/noticias\/cada-qual-observa-isto-ou-aquilo-nesta-provincia\/#primaryimage","url":"https:\/\/radiolifefm.com.br\/noticias\/wp-content\/uploads\/2022\/04\/WhatsApp-Image-2022-04-10-at-18.43.02.jpeg","contentUrl":"https:\/\/radiolifefm.com.br\/noticias\/wp-content\/uploads\/2022\/04\/WhatsApp-Image-2022-04-10-at-18.43.02.jpeg","width":972,"height":1296,"caption":"S\u00e9rgio Barbosa"},{"@type":"BreadcrumbList","@id":"https:\/\/radiolifefm.com.br\/noticias\/cada-qual-observa-isto-ou-aquilo-nesta-provincia\/#breadcrumb","itemListElement":[{"@type":"ListItem","position":1,"name":"In\u00edcio","item":"https:\/\/radiolifefm.com.br\/noticias\/"},{"@type":"ListItem","position":2,"name":"CADA QUAL OBSERVA ISTO OU AQUILO NESTA PROV\u00cdNCIA&#8230;"}]},{"@type":"WebSite","@id":"https:\/\/radiolifefm.com.br\/noticias\/#website","url":"https:\/\/radiolifefm.com.br\/noticias\/","name":"R\u00e1dio Life FM","description":"O Portal de Not\u00edcias de Adamantina","publisher":{"@id":"https:\/\/radiolifefm.com.br\/noticias\/#organization"},"alternateName":"Life FM","potentialAction":[{"@type":"SearchAction","target":{"@type":"EntryPoint","urlTemplate":"https:\/\/radiolifefm.com.br\/noticias\/?s={search_term_string}"},"query-input":{"@type":"PropertyValueSpecification","valueRequired":true,"valueName":"search_term_string"}}],"inLanguage":"pt-BR"},{"@type":"Organization","@id":"https:\/\/radiolifefm.com.br\/noticias\/#organization","name":"R\u00e1dio Life FM","alternateName":"Life FM","url":"https:\/\/radiolifefm.com.br\/noticias\/","logo":{"@type":"ImageObject","inLanguage":"pt-BR","@id":"https:\/\/radiolifefm.com.br\/noticias\/#\/schema\/logo\/image\/","url":"https:\/\/static.radiolifefm.com.br\/noticias\/wp-content\/uploads\/2019\/10\/logo-lifefm.png","contentUrl":"https:\/\/static.radiolifefm.com.br\/noticias\/wp-content\/uploads\/2019\/10\/logo-lifefm.png","width":196,"height":47,"caption":"R\u00e1dio Life FM"},"image":{"@id":"https:\/\/radiolifefm.com.br\/noticias\/#\/schema\/logo\/image\/"},"sameAs":["https:\/\/www.facebook.com\/radiolifefm\/","https:\/\/www.instagram.com\/life1079fm\/"]},{"@type":"Person","@id":"https:\/\/radiolifefm.com.br\/noticias\/#\/schema\/person\/6339b9fac59d12b071dec680d7375d87","name":"ritanery","image":{"@type":"ImageObject","inLanguage":"pt-BR","@id":"https:\/\/secure.gravatar.com\/avatar\/0e37bb19071f47c0b8a23f62a903df117c5a0e75f65a0c2901562f97cd41cf86?s=96&d=mm&r=g","url":"https:\/\/secure.gravatar.com\/avatar\/0e37bb19071f47c0b8a23f62a903df117c5a0e75f65a0c2901562f97cd41cf86?s=96&d=mm&r=g","contentUrl":"https:\/\/secure.gravatar.com\/avatar\/0e37bb19071f47c0b8a23f62a903df117c5a0e75f65a0c2901562f97cd41cf86?s=96&d=mm&r=g","caption":"ritanery"}}]}},"amp_enabled":true,"_links":{"self":[{"href":"https:\/\/radiolifefm.com.br\/noticias\/wp-json\/wp\/v2\/posts\/96449","targetHints":{"allow":["GET"]}}],"collection":[{"href":"https:\/\/radiolifefm.com.br\/noticias\/wp-json\/wp\/v2\/posts"}],"about":[{"href":"https:\/\/radiolifefm.com.br\/noticias\/wp-json\/wp\/v2\/types\/post"}],"author":[{"embeddable":true,"href":"https:\/\/radiolifefm.com.br\/noticias\/wp-json\/wp\/v2\/users\/13"}],"replies":[{"embeddable":true,"href":"https:\/\/radiolifefm.com.br\/noticias\/wp-json\/wp\/v2\/comments?post=96449"}],"version-history":[{"count":1,"href":"https:\/\/radiolifefm.com.br\/noticias\/wp-json\/wp\/v2\/posts\/96449\/revisions"}],"predecessor-version":[{"id":96450,"href":"https:\/\/radiolifefm.com.br\/noticias\/wp-json\/wp\/v2\/posts\/96449\/revisions\/96450"}],"wp:featuredmedia":[{"embeddable":true,"href":"https:\/\/radiolifefm.com.br\/noticias\/wp-json\/wp\/v2\/media\/51988"}],"wp:attachment":[{"href":"https:\/\/radiolifefm.com.br\/noticias\/wp-json\/wp\/v2\/media?parent=96449"}],"wp:term":[{"taxonomy":"category","embeddable":true,"href":"https:\/\/radiolifefm.com.br\/noticias\/wp-json\/wp\/v2\/categories?post=96449"},{"taxonomy":"post_tag","embeddable":true,"href":"https:\/\/radiolifefm.com.br\/noticias\/wp-json\/wp\/v2\/tags?post=96449"}],"curies":[{"name":"wp","href":"https:\/\/api.w.org\/{rel}","templated":true}]}}