{"id":96347,"date":"2024-12-25T22:58:01","date_gmt":"2024-12-26T01:58:01","guid":{"rendered":"https:\/\/radiolifefm.com.br\/noticias\/?p=96347"},"modified":"2026-04-22T16:38:17","modified_gmt":"2026-04-22T19:38:17","slug":"das-lembrancas-natalinas-de-quando-eu-era-crianca-pequena-em-ourinhos-2","status":"publish","type":"post","link":"https:\/\/radiolifefm.com.br\/noticias\/das-lembrancas-natalinas-de-quando-eu-era-crianca-pequena-em-ourinhos-2\/","title":{"rendered":"Das lembran\u00e7as NATALINAS de quando \u201ceu era crian\u00e7a pequena\u201d em OURINHOS&#8230;"},"content":{"rendered":"<div id=\"fb-root\"><\/div>\n<p style=\"text-align: center\">\u201cA melhor mensagem de Natal \u00e9 aquela que sai em sil\u00eancio de nossos cora\u00e7\u00f5es e aquece com ternura os cora\u00e7\u00f5es daqueles que nos acompanham em nossa caminhada pela vida.\u201d (Desconhecido)<\/p>\n<p style=\"text-align: center\">Aos meus PAIS, Tatinha\/Geny e Basti\u00e3o (in memoriam), ainda, irm\u00e3os e irm\u00e3, CELSO (in memoriam), VALDIR e VALDEREZ, dedico!<\/p>\n<p style=\"text-align: center\">BY SEB@R.<\/p>\n<p style=\"text-align: center\">Com as proximidades de mais um NATAL, resolvi voltar no tempo do meu tempo para trazer por meio das LEMBRAN\u00c7AS quando CRIAN\u00c7A PEQUENA EM OURINHOS, um ou mais RECORDA\u00c7\u00d5ES do passado&#8230;<\/p>\n<p style=\"text-align: center\">At\u00e9 onde estou for\u00e7ando a MEM\u00d3RIA aqui ou ali, estou lembrando que na \u00e9poca de acreditar no PAPAI NOEL, eu e o meu irm\u00e3o, VALDIR, busc\u00e1vamos alguma coisa para colocar debaixo das nossas camas de madeira e colch\u00e3o de palha de milho e assim por diante&#8230;<\/p>\n<p style=\"text-align: center\">N\u00e3o estou certo, mas acredito que era CAMPIM SECO, mas, o legal era que isso ocorria na v\u00e9spera natalina, por\u00e9m, no dia 25, assim que acord\u00e1vamos, estava l\u00e1 os presentes de NATAL&#8230;<\/p>\n<p style=\"text-align: center\">N\u00e3o sei quem colocava, isso \u00e9, se era a m\u00e3e, TATINHA ou o pai, BASTI\u00c3O, se bem que neste tempo do outro tempo, pra N\u00d3S era o PAPAI NOEL que trazia os PRESENTES&#8230;<\/p>\n<p style=\"text-align: center\">Entretanto, os anos foram indo e vindo, assim, depois de alguns anos ficamos sabendo quem era o PAPAI NOEL e tudo ficou mais claro para o nosso lado, afinal de contas j\u00e1 n\u00e3o \u00e9ramos mais crian\u00e7as e tudo mais em meio ao tudo de menos&#8230;<\/p>\n<p style=\"text-align: center\">Nesta segunda fase das nossas vidas, ou seja, no meu caso com dois anos na frente do meu irm\u00e3o, os PRESENTES j\u00e1 eram previstos e escolhidos de um jeito ou de outro, todavia, sempre de acordo com a CARTEIRA do nosso PAI para tais casos entre os ocasos daqueles anos&#8230;<\/p>\n<p style=\"text-align: center\">Portanto, lembro de uma JARDINEIRA DE MADEIRA que ganhei, mas, n\u00e3o lembro qual foi o presente do meu irm\u00e3o, no caso desta JARDINEIRA, pra quem n\u00e3o sabe do que se trata, era um \u00d4NIBUS com o motor na frente, por\u00e9m, n\u00e3o sei de onde vem tal PALAVRA&#8230;<\/p>\n<p style=\"text-align: center\">Tamb\u00e9m, lembro que em alguma \u00e9poca do ano, neste caso em especial, acredito que n\u00e3o era NATAL, pois, ocorreu quando o meu PAI retornou de uma viagem para CURITIBA, Paran\u00e1, onde foi fazer uma curso pela RVPSC\/RFFSA, a saber: REDE DE VIA\u00c7\u00c3O PARANA-SANTA CATARINA, depois, REDE FERROVI\u00c1RIA FEDERAL S\/A&#8230;<\/p>\n<p style=\"text-align: center\">No caso da sigla, RVPSC, naquele tempo era chamada de RESTAURANTE VAGABUNDO PASTEL SEM CARNE pela turma dos filhos dos FERROVI\u00c1RIOS, neste caso, meu AV\u00d3 PATERNO, PAI, TIOS e IRM\u00c3O mais velho, todos eram funcion\u00e1rios desta empresa&#8230;<\/p>\n<p style=\"text-align: center\">Entendo que naquele outro tempo do meu tempo, tudo era mais de acordo com o esperado, isso \u00e9, sem muitas SURPRESAS quanto aos PRESENTES e ponto quase final&#8230;<\/p>\n<p style=\"text-align: center\">De uma coisa estou mais do que certo, foram anos e anos de muitas ALEGRIAS em fam\u00edlia, isso sem esquecer daqueles ALMO\u00c7OS com os PAIS e IRM\u00c3OS, aqui, al\u00e9m do irm\u00e3o mais velhos CELSO (in memoriam), tamb\u00e9m, da VALDEREZ e claro, do VALDIR que era chamado de NEN\u00ca e o meu apelido, acredito que voc\u00eas n\u00e3o v\u00e3o acreditar, mas era PEL\u00c9 e at\u00e9 hoje, minha irm\u00e3o e irm\u00e3o, tamb\u00e9m, sobrinho\/a com seus filhos, al\u00e9m do meu cunhado e colegas que residem em OURINHOS, usam e abusam deste APELIDO pra cima da minha pessoa&#8230;<\/p>\n<p style=\"text-align: center\">Aproveitando, lembro que minha saudosa m\u00e3e, DONA TATINHA (Geny), sempre me chamava de NEG\u00c3O ou TOCO PRETO, assim, acredito que n\u00e3o \u00e9 necess\u00e1rio explicar o porqu\u00ea destes APELIDOS naquele outro tempo do meu tempo&#8230;<\/p>\n<p style=\"text-align: center\">BONS E VELHOS TEMPOS QUE N\u00c3O VOLTAM NUNCA MAIS&#8230;<\/p>\n<p style=\"text-align: center\">\n<p style=\"text-align: center\">\n","protected":false},"excerpt":{"rendered":"<p>\u201cA melhor mensagem de Natal \u00e9 aquela que sai em sil\u00eancio de nossos cora\u00e7\u00f5es e aquece com ternura os cora\u00e7\u00f5es daqueles que nos acompanham em nossa caminhada pela vida.\u201d (Desconhecido) Aos meus PAIS, Tatinha\/Geny e Basti\u00e3o (in memoriam), ainda, irm\u00e3os e irm\u00e3, CELSO (in memoriam), VALDIR e VALDEREZ, dedico! BY SEB@R. Com as proximidades de [&hellip;]<\/p>\n","protected":false},"author":13,"featured_media":51988,"comment_status":"closed","ping_status":"open","sticky":false,"template":"","format":"standard","meta":{"_acf_changed":false,"_exactmetrics_skip_tracking":false,"_exactmetrics_sitenote_active":false,"_exactmetrics_sitenote_note":"","_exactmetrics_sitenote_category":0,"footnotes":""},"categories":[59],"tags":[],"class_list":["post-96347","post","type-post","status-publish","format-standard","has-post-thumbnail","hentry","category-opiniao"],"acf":[],"yoast_head":"<!-- This site is optimized with the Yoast SEO plugin v27.2 - https:\/\/yoast.com\/product\/yoast-seo-wordpress\/ -->\n<title>Das lembran\u00e7as NATALINAS de quando \u201ceu era crian\u00e7a pequena\u201d em OURINHOS... - R\u00e1dio Life FM<\/title>\n<meta name=\"robots\" content=\"index, follow, max-snippet:-1, max-image-preview:large, max-video-preview:-1\" \/>\n<link rel=\"canonical\" href=\"https:\/\/radiolifefm.com.br\/noticias\/das-lembrancas-natalinas-de-quando-eu-era-crianca-pequena-em-ourinhos-2\/\" \/>\n<meta property=\"og:locale\" content=\"pt_BR\" \/>\n<meta property=\"og:type\" content=\"article\" \/>\n<meta property=\"og:title\" content=\"Das lembran\u00e7as NATALINAS de quando \u201ceu era crian\u00e7a pequena\u201d em OURINHOS... - R\u00e1dio Life FM\" \/>\n<meta property=\"og:description\" content=\"\u201cA melhor mensagem de Natal \u00e9 aquela que sai em sil\u00eancio de nossos cora\u00e7\u00f5es e aquece com ternura os cora\u00e7\u00f5es daqueles que nos acompanham em nossa caminhada pela vida.\u201d (Desconhecido) Aos meus PAIS, Tatinha\/Geny e Basti\u00e3o (in memoriam), ainda, irm\u00e3os e irm\u00e3, CELSO (in memoriam), VALDIR e VALDEREZ, dedico! BY SEB@R. Com as proximidades de [&hellip;]\" \/>\n<meta property=\"og:url\" content=\"https:\/\/radiolifefm.com.br\/noticias\/das-lembrancas-natalinas-de-quando-eu-era-crianca-pequena-em-ourinhos-2\/\" \/>\n<meta property=\"og:site_name\" content=\"R\u00e1dio Life FM\" \/>\n<meta property=\"article:publisher\" content=\"https:\/\/www.facebook.com\/radiolifefm\/\" \/>\n<meta property=\"article:published_time\" content=\"2024-12-26T01:58:01+00:00\" \/>\n<meta property=\"article:modified_time\" content=\"2026-04-22T19:38:17+00:00\" \/>\n<meta property=\"og:image\" content=\"https:\/\/radiolifefm.com.br\/noticias\/wp-content\/uploads\/2022\/04\/WhatsApp-Image-2022-04-10-at-18.43.02.jpeg\" \/>\n\t<meta property=\"og:image:width\" content=\"972\" \/>\n\t<meta property=\"og:image:height\" content=\"1296\" \/>\n\t<meta property=\"og:image:type\" content=\"image\/jpeg\" \/>\n<meta name=\"author\" content=\"ritanery\" \/>\n<meta name=\"twitter:card\" content=\"summary_large_image\" \/>\n<meta name=\"twitter:label1\" content=\"Escrito por\" \/>\n\t<meta name=\"twitter:data1\" content=\"ritanery\" \/>\n\t<meta name=\"twitter:label2\" content=\"Est. tempo de leitura\" \/>\n\t<meta name=\"twitter:data2\" content=\"4 minutos\" \/>\n<script type=\"application\/ld+json\" class=\"yoast-schema-graph\">{\"@context\":\"https:\/\/schema.org\",\"@graph\":[{\"@type\":\"Article\",\"@id\":\"https:\/\/radiolifefm.com.br\/noticias\/das-lembrancas-natalinas-de-quando-eu-era-crianca-pequena-em-ourinhos-2\/#article\",\"isPartOf\":{\"@id\":\"https:\/\/radiolifefm.com.br\/noticias\/das-lembrancas-natalinas-de-quando-eu-era-crianca-pequena-em-ourinhos-2\/\"},\"author\":{\"name\":\"ritanery\",\"@id\":\"https:\/\/radiolifefm.com.br\/noticias\/#\/schema\/person\/6339b9fac59d12b071dec680d7375d87\"},\"headline\":\"Das lembran\u00e7as NATALINAS de quando \u201ceu era crian\u00e7a pequena\u201d em OURINHOS&#8230;\",\"datePublished\":\"2024-12-26T01:58:01+00:00\",\"dateModified\":\"2026-04-22T19:38:17+00:00\",\"mainEntityOfPage\":{\"@id\":\"https:\/\/radiolifefm.com.br\/noticias\/das-lembrancas-natalinas-de-quando-eu-era-crianca-pequena-em-ourinhos-2\/\"},\"wordCount\":652,\"publisher\":{\"@id\":\"https:\/\/radiolifefm.com.br\/noticias\/#organization\"},\"image\":{\"@id\":\"https:\/\/radiolifefm.com.br\/noticias\/das-lembrancas-natalinas-de-quando-eu-era-crianca-pequena-em-ourinhos-2\/#primaryimage\"},\"thumbnailUrl\":\"https:\/\/radiolifefm.com.br\/noticias\/wp-content\/uploads\/2022\/04\/WhatsApp-Image-2022-04-10-at-18.43.02.jpeg\",\"articleSection\":[\"Opini\u00e3o\"],\"inLanguage\":\"pt-BR\"},{\"@type\":\"WebPage\",\"@id\":\"https:\/\/radiolifefm.com.br\/noticias\/das-lembrancas-natalinas-de-quando-eu-era-crianca-pequena-em-ourinhos-2\/\",\"url\":\"https:\/\/radiolifefm.com.br\/noticias\/das-lembrancas-natalinas-de-quando-eu-era-crianca-pequena-em-ourinhos-2\/\",\"name\":\"Das lembran\u00e7as NATALINAS de quando \u201ceu era crian\u00e7a pequena\u201d em OURINHOS... - R\u00e1dio Life FM\",\"isPartOf\":{\"@id\":\"https:\/\/radiolifefm.com.br\/noticias\/#website\"},\"primaryImageOfPage\":{\"@id\":\"https:\/\/radiolifefm.com.br\/noticias\/das-lembrancas-natalinas-de-quando-eu-era-crianca-pequena-em-ourinhos-2\/#primaryimage\"},\"image\":{\"@id\":\"https:\/\/radiolifefm.com.br\/noticias\/das-lembrancas-natalinas-de-quando-eu-era-crianca-pequena-em-ourinhos-2\/#primaryimage\"},\"thumbnailUrl\":\"https:\/\/radiolifefm.com.br\/noticias\/wp-content\/uploads\/2022\/04\/WhatsApp-Image-2022-04-10-at-18.43.02.jpeg\",\"datePublished\":\"2024-12-26T01:58:01+00:00\",\"dateModified\":\"2026-04-22T19:38:17+00:00\",\"breadcrumb\":{\"@id\":\"https:\/\/radiolifefm.com.br\/noticias\/das-lembrancas-natalinas-de-quando-eu-era-crianca-pequena-em-ourinhos-2\/#breadcrumb\"},\"inLanguage\":\"pt-BR\",\"potentialAction\":[{\"@type\":\"ReadAction\",\"target\":[\"https:\/\/radiolifefm.com.br\/noticias\/das-lembrancas-natalinas-de-quando-eu-era-crianca-pequena-em-ourinhos-2\/\"]}]},{\"@type\":\"ImageObject\",\"inLanguage\":\"pt-BR\",\"@id\":\"https:\/\/radiolifefm.com.br\/noticias\/das-lembrancas-natalinas-de-quando-eu-era-crianca-pequena-em-ourinhos-2\/#primaryimage\",\"url\":\"https:\/\/radiolifefm.com.br\/noticias\/wp-content\/uploads\/2022\/04\/WhatsApp-Image-2022-04-10-at-18.43.02.jpeg\",\"contentUrl\":\"https:\/\/radiolifefm.com.br\/noticias\/wp-content\/uploads\/2022\/04\/WhatsApp-Image-2022-04-10-at-18.43.02.jpeg\",\"width\":972,\"height\":1296,\"caption\":\"S\u00e9rgio Barbosa\"},{\"@type\":\"BreadcrumbList\",\"@id\":\"https:\/\/radiolifefm.com.br\/noticias\/das-lembrancas-natalinas-de-quando-eu-era-crianca-pequena-em-ourinhos-2\/#breadcrumb\",\"itemListElement\":[{\"@type\":\"ListItem\",\"position\":1,\"name\":\"In\u00edcio\",\"item\":\"https:\/\/radiolifefm.com.br\/noticias\/\"},{\"@type\":\"ListItem\",\"position\":2,\"name\":\"Das lembran\u00e7as NATALINAS de quando \u201ceu era crian\u00e7a pequena\u201d em OURINHOS&#8230;\"}]},{\"@type\":\"WebSite\",\"@id\":\"https:\/\/radiolifefm.com.br\/noticias\/#website\",\"url\":\"https:\/\/radiolifefm.com.br\/noticias\/\",\"name\":\"R\u00e1dio Life FM\",\"description\":\"O Portal de Not\u00edcias de Adamantina\",\"publisher\":{\"@id\":\"https:\/\/radiolifefm.com.br\/noticias\/#organization\"},\"alternateName\":\"Life FM\",\"potentialAction\":[{\"@type\":\"SearchAction\",\"target\":{\"@type\":\"EntryPoint\",\"urlTemplate\":\"https:\/\/radiolifefm.com.br\/noticias\/?s={search_term_string}\"},\"query-input\":{\"@type\":\"PropertyValueSpecification\",\"valueRequired\":true,\"valueName\":\"search_term_string\"}}],\"inLanguage\":\"pt-BR\"},{\"@type\":\"Organization\",\"@id\":\"https:\/\/radiolifefm.com.br\/noticias\/#organization\",\"name\":\"R\u00e1dio Life FM\",\"alternateName\":\"Life FM\",\"url\":\"https:\/\/radiolifefm.com.br\/noticias\/\",\"logo\":{\"@type\":\"ImageObject\",\"inLanguage\":\"pt-BR\",\"@id\":\"https:\/\/radiolifefm.com.br\/noticias\/#\/schema\/logo\/image\/\",\"url\":\"https:\/\/static.radiolifefm.com.br\/noticias\/wp-content\/uploads\/2019\/10\/logo-lifefm.png\",\"contentUrl\":\"https:\/\/static.radiolifefm.com.br\/noticias\/wp-content\/uploads\/2019\/10\/logo-lifefm.png\",\"width\":196,\"height\":47,\"caption\":\"R\u00e1dio Life FM\"},\"image\":{\"@id\":\"https:\/\/radiolifefm.com.br\/noticias\/#\/schema\/logo\/image\/\"},\"sameAs\":[\"https:\/\/www.facebook.com\/radiolifefm\/\",\"https:\/\/www.instagram.com\/life1079fm\/\"]},{\"@type\":\"Person\",\"@id\":\"https:\/\/radiolifefm.com.br\/noticias\/#\/schema\/person\/6339b9fac59d12b071dec680d7375d87\",\"name\":\"ritanery\",\"image\":{\"@type\":\"ImageObject\",\"inLanguage\":\"pt-BR\",\"@id\":\"https:\/\/secure.gravatar.com\/avatar\/0e37bb19071f47c0b8a23f62a903df117c5a0e75f65a0c2901562f97cd41cf86?s=96&d=mm&r=g\",\"url\":\"https:\/\/secure.gravatar.com\/avatar\/0e37bb19071f47c0b8a23f62a903df117c5a0e75f65a0c2901562f97cd41cf86?s=96&d=mm&r=g\",\"contentUrl\":\"https:\/\/secure.gravatar.com\/avatar\/0e37bb19071f47c0b8a23f62a903df117c5a0e75f65a0c2901562f97cd41cf86?s=96&d=mm&r=g\",\"caption\":\"ritanery\"}}]}<\/script>\n<!-- \/ Yoast SEO plugin. -->","yoast_head_json":{"title":"Das lembran\u00e7as NATALINAS de quando \u201ceu era crian\u00e7a pequena\u201d em OURINHOS... - R\u00e1dio Life FM","robots":{"index":"index","follow":"follow","max-snippet":"max-snippet:-1","max-image-preview":"max-image-preview:large","max-video-preview":"max-video-preview:-1"},"canonical":"https:\/\/radiolifefm.com.br\/noticias\/das-lembrancas-natalinas-de-quando-eu-era-crianca-pequena-em-ourinhos-2\/","og_locale":"pt_BR","og_type":"article","og_title":"Das lembran\u00e7as NATALINAS de quando \u201ceu era crian\u00e7a pequena\u201d em OURINHOS... - R\u00e1dio Life FM","og_description":"\u201cA melhor mensagem de Natal \u00e9 aquela que sai em sil\u00eancio de nossos cora\u00e7\u00f5es e aquece com ternura os cora\u00e7\u00f5es daqueles que nos acompanham em nossa caminhada pela vida.\u201d (Desconhecido) Aos meus PAIS, Tatinha\/Geny e Basti\u00e3o (in memoriam), ainda, irm\u00e3os e irm\u00e3, CELSO (in memoriam), VALDIR e VALDEREZ, dedico! BY SEB@R. Com as proximidades de [&hellip;]","og_url":"https:\/\/radiolifefm.com.br\/noticias\/das-lembrancas-natalinas-de-quando-eu-era-crianca-pequena-em-ourinhos-2\/","og_site_name":"R\u00e1dio Life FM","article_publisher":"https:\/\/www.facebook.com\/radiolifefm\/","article_published_time":"2024-12-26T01:58:01+00:00","article_modified_time":"2026-04-22T19:38:17+00:00","og_image":[{"width":972,"height":1296,"url":"https:\/\/radiolifefm.com.br\/noticias\/wp-content\/uploads\/2022\/04\/WhatsApp-Image-2022-04-10-at-18.43.02.jpeg","type":"image\/jpeg"}],"author":"ritanery","twitter_card":"summary_large_image","twitter_misc":{"Escrito por":"ritanery","Est. tempo de leitura":"4 minutos"},"schema":{"@context":"https:\/\/schema.org","@graph":[{"@type":"Article","@id":"https:\/\/radiolifefm.com.br\/noticias\/das-lembrancas-natalinas-de-quando-eu-era-crianca-pequena-em-ourinhos-2\/#article","isPartOf":{"@id":"https:\/\/radiolifefm.com.br\/noticias\/das-lembrancas-natalinas-de-quando-eu-era-crianca-pequena-em-ourinhos-2\/"},"author":{"name":"ritanery","@id":"https:\/\/radiolifefm.com.br\/noticias\/#\/schema\/person\/6339b9fac59d12b071dec680d7375d87"},"headline":"Das lembran\u00e7as NATALINAS de quando \u201ceu era crian\u00e7a pequena\u201d em OURINHOS&#8230;","datePublished":"2024-12-26T01:58:01+00:00","dateModified":"2026-04-22T19:38:17+00:00","mainEntityOfPage":{"@id":"https:\/\/radiolifefm.com.br\/noticias\/das-lembrancas-natalinas-de-quando-eu-era-crianca-pequena-em-ourinhos-2\/"},"wordCount":652,"publisher":{"@id":"https:\/\/radiolifefm.com.br\/noticias\/#organization"},"image":{"@id":"https:\/\/radiolifefm.com.br\/noticias\/das-lembrancas-natalinas-de-quando-eu-era-crianca-pequena-em-ourinhos-2\/#primaryimage"},"thumbnailUrl":"https:\/\/radiolifefm.com.br\/noticias\/wp-content\/uploads\/2022\/04\/WhatsApp-Image-2022-04-10-at-18.43.02.jpeg","articleSection":["Opini\u00e3o"],"inLanguage":"pt-BR"},{"@type":"WebPage","@id":"https:\/\/radiolifefm.com.br\/noticias\/das-lembrancas-natalinas-de-quando-eu-era-crianca-pequena-em-ourinhos-2\/","url":"https:\/\/radiolifefm.com.br\/noticias\/das-lembrancas-natalinas-de-quando-eu-era-crianca-pequena-em-ourinhos-2\/","name":"Das lembran\u00e7as NATALINAS de quando \u201ceu era crian\u00e7a pequena\u201d em OURINHOS... - R\u00e1dio Life FM","isPartOf":{"@id":"https:\/\/radiolifefm.com.br\/noticias\/#website"},"primaryImageOfPage":{"@id":"https:\/\/radiolifefm.com.br\/noticias\/das-lembrancas-natalinas-de-quando-eu-era-crianca-pequena-em-ourinhos-2\/#primaryimage"},"image":{"@id":"https:\/\/radiolifefm.com.br\/noticias\/das-lembrancas-natalinas-de-quando-eu-era-crianca-pequena-em-ourinhos-2\/#primaryimage"},"thumbnailUrl":"https:\/\/radiolifefm.com.br\/noticias\/wp-content\/uploads\/2022\/04\/WhatsApp-Image-2022-04-10-at-18.43.02.jpeg","datePublished":"2024-12-26T01:58:01+00:00","dateModified":"2026-04-22T19:38:17+00:00","breadcrumb":{"@id":"https:\/\/radiolifefm.com.br\/noticias\/das-lembrancas-natalinas-de-quando-eu-era-crianca-pequena-em-ourinhos-2\/#breadcrumb"},"inLanguage":"pt-BR","potentialAction":[{"@type":"ReadAction","target":["https:\/\/radiolifefm.com.br\/noticias\/das-lembrancas-natalinas-de-quando-eu-era-crianca-pequena-em-ourinhos-2\/"]}]},{"@type":"ImageObject","inLanguage":"pt-BR","@id":"https:\/\/radiolifefm.com.br\/noticias\/das-lembrancas-natalinas-de-quando-eu-era-crianca-pequena-em-ourinhos-2\/#primaryimage","url":"https:\/\/radiolifefm.com.br\/noticias\/wp-content\/uploads\/2022\/04\/WhatsApp-Image-2022-04-10-at-18.43.02.jpeg","contentUrl":"https:\/\/radiolifefm.com.br\/noticias\/wp-content\/uploads\/2022\/04\/WhatsApp-Image-2022-04-10-at-18.43.02.jpeg","width":972,"height":1296,"caption":"S\u00e9rgio Barbosa"},{"@type":"BreadcrumbList","@id":"https:\/\/radiolifefm.com.br\/noticias\/das-lembrancas-natalinas-de-quando-eu-era-crianca-pequena-em-ourinhos-2\/#breadcrumb","itemListElement":[{"@type":"ListItem","position":1,"name":"In\u00edcio","item":"https:\/\/radiolifefm.com.br\/noticias\/"},{"@type":"ListItem","position":2,"name":"Das lembran\u00e7as NATALINAS de quando \u201ceu era crian\u00e7a pequena\u201d em OURINHOS&#8230;"}]},{"@type":"WebSite","@id":"https:\/\/radiolifefm.com.br\/noticias\/#website","url":"https:\/\/radiolifefm.com.br\/noticias\/","name":"R\u00e1dio Life FM","description":"O Portal de Not\u00edcias de Adamantina","publisher":{"@id":"https:\/\/radiolifefm.com.br\/noticias\/#organization"},"alternateName":"Life FM","potentialAction":[{"@type":"SearchAction","target":{"@type":"EntryPoint","urlTemplate":"https:\/\/radiolifefm.com.br\/noticias\/?s={search_term_string}"},"query-input":{"@type":"PropertyValueSpecification","valueRequired":true,"valueName":"search_term_string"}}],"inLanguage":"pt-BR"},{"@type":"Organization","@id":"https:\/\/radiolifefm.com.br\/noticias\/#organization","name":"R\u00e1dio Life FM","alternateName":"Life FM","url":"https:\/\/radiolifefm.com.br\/noticias\/","logo":{"@type":"ImageObject","inLanguage":"pt-BR","@id":"https:\/\/radiolifefm.com.br\/noticias\/#\/schema\/logo\/image\/","url":"https:\/\/static.radiolifefm.com.br\/noticias\/wp-content\/uploads\/2019\/10\/logo-lifefm.png","contentUrl":"https:\/\/static.radiolifefm.com.br\/noticias\/wp-content\/uploads\/2019\/10\/logo-lifefm.png","width":196,"height":47,"caption":"R\u00e1dio Life FM"},"image":{"@id":"https:\/\/radiolifefm.com.br\/noticias\/#\/schema\/logo\/image\/"},"sameAs":["https:\/\/www.facebook.com\/radiolifefm\/","https:\/\/www.instagram.com\/life1079fm\/"]},{"@type":"Person","@id":"https:\/\/radiolifefm.com.br\/noticias\/#\/schema\/person\/6339b9fac59d12b071dec680d7375d87","name":"ritanery","image":{"@type":"ImageObject","inLanguage":"pt-BR","@id":"https:\/\/secure.gravatar.com\/avatar\/0e37bb19071f47c0b8a23f62a903df117c5a0e75f65a0c2901562f97cd41cf86?s=96&d=mm&r=g","url":"https:\/\/secure.gravatar.com\/avatar\/0e37bb19071f47c0b8a23f62a903df117c5a0e75f65a0c2901562f97cd41cf86?s=96&d=mm&r=g","contentUrl":"https:\/\/secure.gravatar.com\/avatar\/0e37bb19071f47c0b8a23f62a903df117c5a0e75f65a0c2901562f97cd41cf86?s=96&d=mm&r=g","caption":"ritanery"}}]}},"amp_enabled":true,"_links":{"self":[{"href":"https:\/\/radiolifefm.com.br\/noticias\/wp-json\/wp\/v2\/posts\/96347","targetHints":{"allow":["GET"]}}],"collection":[{"href":"https:\/\/radiolifefm.com.br\/noticias\/wp-json\/wp\/v2\/posts"}],"about":[{"href":"https:\/\/radiolifefm.com.br\/noticias\/wp-json\/wp\/v2\/types\/post"}],"author":[{"embeddable":true,"href":"https:\/\/radiolifefm.com.br\/noticias\/wp-json\/wp\/v2\/users\/13"}],"replies":[{"embeddable":true,"href":"https:\/\/radiolifefm.com.br\/noticias\/wp-json\/wp\/v2\/comments?post=96347"}],"version-history":[{"count":2,"href":"https:\/\/radiolifefm.com.br\/noticias\/wp-json\/wp\/v2\/posts\/96347\/revisions"}],"predecessor-version":[{"id":96349,"href":"https:\/\/radiolifefm.com.br\/noticias\/wp-json\/wp\/v2\/posts\/96347\/revisions\/96349"}],"wp:featuredmedia":[{"embeddable":true,"href":"https:\/\/radiolifefm.com.br\/noticias\/wp-json\/wp\/v2\/media\/51988"}],"wp:attachment":[{"href":"https:\/\/radiolifefm.com.br\/noticias\/wp-json\/wp\/v2\/media?parent=96347"}],"wp:term":[{"taxonomy":"category","embeddable":true,"href":"https:\/\/radiolifefm.com.br\/noticias\/wp-json\/wp\/v2\/categories?post=96347"},{"taxonomy":"post_tag","embeddable":true,"href":"https:\/\/radiolifefm.com.br\/noticias\/wp-json\/wp\/v2\/tags?post=96347"}],"curies":[{"name":"wp","href":"https:\/\/api.w.org\/{rel}","templated":true}]}}