{"id":96331,"date":"2024-12-23T09:05:22","date_gmt":"2024-12-23T12:05:22","guid":{"rendered":"https:\/\/radiolifefm.com.br\/noticias\/?p=96331"},"modified":"2026-04-17T10:12:16","modified_gmt":"2026-04-17T13:12:16","slug":"paraquedistas-provincianos","status":"publish","type":"post","link":"https:\/\/radiolifefm.com.br\/noticias\/paraquedistas-provincianos\/","title":{"rendered":"Paraquedistas provincianos&#8230;"},"content":{"rendered":"<div id=\"fb-root\"><\/div>\n<p><strong><em>\u201cA coragem de um paraquedista est\u00e1 em saltar para o desconhecido, confiando na pr\u00f3pria t\u00e9cnica e no vento.\u201d<\/em><\/strong><\/p>\n<p><strong>\u00a0<\/strong><\/p>\n<p><strong>\u00a0<\/strong><\/p>\n<p><strong>By seb@r.<\/strong><\/p>\n<p>Pelos ditos aqui e ali, ainda, nas entrevistas da Equipe do NOVO GESTOR desta Prov\u00edncia do faz de conta, tudo indica que as APOSTAS est\u00e3o em cima da mesa e ponto quase final&#8230;<\/p>\n<p>Al\u00e9m disto e mais aquilo, como sempre, deve-se levar em conta (sic) que tudo pode acontecer para todos os lados, isso \u00e9, nas \u00e1reas afins aos interesses desta EQUIPE que tem como apoio um PARTIDO recheado de MENTES MED\u00cdOCRES&#8230;<\/p>\n<p>S\u00e3o TERRAPLANISTAS em todos os sentidos, bem como, NEGACIONISTAS ao extremo (sic), todavia, NADA COMO UM DIA DEPOIS DO OUTRO em terras provincianas&#8230;<\/p>\n<p>No detalhe em pauta, existem os denominados PARAAQUEDISTAS de plant\u00e3o nesta \u00e1rea P\u00daBLICA, assim, os tais CARGOS DE CONFIAN\u00c7A e outros de LIVRE ESCOLHA do NOVO GESTOR e EQUIPE DE APOIO, j\u00e1 est\u00e3o em cima da MESA para assumirem a partir do pr\u00f3ximo ano&#8230;<\/p>\n<p>Como escrevi, pelas ENTREVISTAS divulgadas pela M\u00cdDIA PROVINCIANA, pode-se registrar que se trata de uma APOSTA NO ESCURO, portanto, A MELHOR DEFESA \u00c9 O ATAQUE, por isso e mais aquilo, melhor dar tempo ao tempo e permanecer na BOCA DE ESPERA&#8230;<\/p>\n<p>Neste meio termo, neste ANO NOVO ANO que vai se iniciar, n\u00e3o se pode deixar de lado a DAN\u00c7A DAS CADEIRAS nas PAREDES ALVAS com este ou aquele nome para a REITORIA e demais cargos, tamb\u00e9m, de CONFIAN\u00c7A do GESTOR ACAD\u00caMICO&#8230;<\/p>\n<p>Nestes ocasos quanto as idas e vindas das PAREDES ALVAS, deve-se considerar o AUMENTO dos SAL\u00c1RIOS do GESTOR P\u00daBLICO, desta forma, todos\/as os\/as DOCENTES com TEMPO INTEGRAL est\u00e3o batendo no TETO PERMITIDO, ocasionando um INVESTIMENTO (sic) consider\u00e1vel das RECEITAS&#8230;<\/p>\n<p>O CEN\u00c1RIO que se aproxima para o COFRE das PAREDES ALVAS est\u00e1 um tanto quando complicado, considerando que existem alguns cursos na tal faixa AZUL, a maioria, encontram-se no VERMELHO&#8230;<\/p>\n<p>N\u00e3o se pode ficar distante destes FATOS que envolvem o PROJETO denominado de PAREDES ALVAS, haja visto que o MERCADO n\u00e3o espera acontecer e o tempo continua correndo contra o tempo deste tempo&#8230;<\/p>\n<p>Acredito que uma AUDITORIA pode fazer a diferen\u00e7a deste e do outro lado, tendo em vista que se faz necess\u00e1rio estar em SINTONIA com as RECEITAS\/DESPESAS, bem como, INVESTIMENTOS por meio da proposta denominada de PLANEJAMENTO ESTRAT\u00c9GICO em n\u00edveis de CURTO, M\u00c9DIO e LONGO PRAZO&#8230;<\/p>\n<p>Para n\u00e3o esquecerem, PERDERAM MAN\u00c9S!<\/p>\n<p>Ainda, SE VOC\u00ca PENSA QUE TA RUIM, PODE PIORAR e QUEM SOBRVIVER VAI SABER&#8230;<\/p>\n<p>&nbsp;<\/p>\n<p><strong>e-mail: <\/strong><a href=\"mailto:barbosa.sebar@gmail.com\"><strong>barbosa.sebar@gmail.com<\/strong><\/a><\/p>\n","protected":false},"excerpt":{"rendered":"<p>\u201cA coragem de um paraquedista est\u00e1 em saltar para o desconhecido, confiando na pr\u00f3pria t\u00e9cnica e no vento.\u201d \u00a0 \u00a0 By seb@r. Pelos ditos aqui e ali, ainda, nas entrevistas da Equipe do NOVO GESTOR desta Prov\u00edncia do faz de conta, tudo indica que as APOSTAS est\u00e3o em cima da mesa e ponto quase final&#8230; [&hellip;]<\/p>\n","protected":false},"author":13,"featured_media":51988,"comment_status":"closed","ping_status":"open","sticky":false,"template":"","format":"standard","meta":{"_acf_changed":false,"_exactmetrics_skip_tracking":false,"_exactmetrics_sitenote_active":false,"_exactmetrics_sitenote_note":"","_exactmetrics_sitenote_category":0,"footnotes":""},"categories":[59],"tags":[],"class_list":["post-96331","post","type-post","status-publish","format-standard","has-post-thumbnail","hentry","category-opiniao"],"acf":[],"yoast_head":"<!-- This site is optimized with the Yoast SEO plugin v27.2 - https:\/\/yoast.com\/product\/yoast-seo-wordpress\/ -->\n<title>Paraquedistas provincianos... - R\u00e1dio Life FM<\/title>\n<meta name=\"robots\" content=\"index, follow, max-snippet:-1, max-image-preview:large, max-video-preview:-1\" \/>\n<link rel=\"canonical\" href=\"https:\/\/radiolifefm.com.br\/noticias\/paraquedistas-provincianos\/\" \/>\n<meta property=\"og:locale\" content=\"pt_BR\" \/>\n<meta property=\"og:type\" content=\"article\" \/>\n<meta property=\"og:title\" content=\"Paraquedistas provincianos... - R\u00e1dio Life FM\" \/>\n<meta property=\"og:description\" content=\"\u201cA coragem de um paraquedista est\u00e1 em saltar para o desconhecido, confiando na pr\u00f3pria t\u00e9cnica e no vento.\u201d \u00a0 \u00a0 By seb@r. Pelos ditos aqui e ali, ainda, nas entrevistas da Equipe do NOVO GESTOR desta Prov\u00edncia do faz de conta, tudo indica que as APOSTAS est\u00e3o em cima da mesa e ponto quase final&#8230; [&hellip;]\" \/>\n<meta property=\"og:url\" content=\"https:\/\/radiolifefm.com.br\/noticias\/paraquedistas-provincianos\/\" \/>\n<meta property=\"og:site_name\" content=\"R\u00e1dio Life FM\" \/>\n<meta property=\"article:publisher\" content=\"https:\/\/www.facebook.com\/radiolifefm\/\" \/>\n<meta property=\"article:published_time\" content=\"2024-12-23T12:05:22+00:00\" \/>\n<meta property=\"article:modified_time\" content=\"2026-04-17T13:12:16+00:00\" \/>\n<meta property=\"og:image\" content=\"https:\/\/radiolifefm.com.br\/noticias\/wp-content\/uploads\/2022\/04\/WhatsApp-Image-2022-04-10-at-18.43.02.jpeg\" \/>\n\t<meta property=\"og:image:width\" content=\"972\" \/>\n\t<meta property=\"og:image:height\" content=\"1296\" \/>\n\t<meta property=\"og:image:type\" content=\"image\/jpeg\" \/>\n<meta name=\"author\" content=\"ritanery\" \/>\n<meta name=\"twitter:card\" content=\"summary_large_image\" \/>\n<meta name=\"twitter:label1\" content=\"Escrito por\" \/>\n\t<meta name=\"twitter:data1\" content=\"ritanery\" \/>\n\t<meta name=\"twitter:label2\" content=\"Est. tempo de leitura\" \/>\n\t<meta name=\"twitter:data2\" content=\"3 minutos\" \/>\n<script type=\"application\/ld+json\" class=\"yoast-schema-graph\">{\"@context\":\"https:\/\/schema.org\",\"@graph\":[{\"@type\":\"Article\",\"@id\":\"https:\/\/radiolifefm.com.br\/noticias\/paraquedistas-provincianos\/#article\",\"isPartOf\":{\"@id\":\"https:\/\/radiolifefm.com.br\/noticias\/paraquedistas-provincianos\/\"},\"author\":{\"name\":\"ritanery\",\"@id\":\"https:\/\/radiolifefm.com.br\/noticias\/#\/schema\/person\/6339b9fac59d12b071dec680d7375d87\"},\"headline\":\"Paraquedistas provincianos&#8230;\",\"datePublished\":\"2024-12-23T12:05:22+00:00\",\"dateModified\":\"2026-04-17T13:12:16+00:00\",\"mainEntityOfPage\":{\"@id\":\"https:\/\/radiolifefm.com.br\/noticias\/paraquedistas-provincianos\/\"},\"wordCount\":449,\"publisher\":{\"@id\":\"https:\/\/radiolifefm.com.br\/noticias\/#organization\"},\"image\":{\"@id\":\"https:\/\/radiolifefm.com.br\/noticias\/paraquedistas-provincianos\/#primaryimage\"},\"thumbnailUrl\":\"https:\/\/radiolifefm.com.br\/noticias\/wp-content\/uploads\/2022\/04\/WhatsApp-Image-2022-04-10-at-18.43.02.jpeg\",\"articleSection\":[\"Opini\u00e3o\"],\"inLanguage\":\"pt-BR\"},{\"@type\":\"WebPage\",\"@id\":\"https:\/\/radiolifefm.com.br\/noticias\/paraquedistas-provincianos\/\",\"url\":\"https:\/\/radiolifefm.com.br\/noticias\/paraquedistas-provincianos\/\",\"name\":\"Paraquedistas provincianos... - R\u00e1dio Life FM\",\"isPartOf\":{\"@id\":\"https:\/\/radiolifefm.com.br\/noticias\/#website\"},\"primaryImageOfPage\":{\"@id\":\"https:\/\/radiolifefm.com.br\/noticias\/paraquedistas-provincianos\/#primaryimage\"},\"image\":{\"@id\":\"https:\/\/radiolifefm.com.br\/noticias\/paraquedistas-provincianos\/#primaryimage\"},\"thumbnailUrl\":\"https:\/\/radiolifefm.com.br\/noticias\/wp-content\/uploads\/2022\/04\/WhatsApp-Image-2022-04-10-at-18.43.02.jpeg\",\"datePublished\":\"2024-12-23T12:05:22+00:00\",\"dateModified\":\"2026-04-17T13:12:16+00:00\",\"breadcrumb\":{\"@id\":\"https:\/\/radiolifefm.com.br\/noticias\/paraquedistas-provincianos\/#breadcrumb\"},\"inLanguage\":\"pt-BR\",\"potentialAction\":[{\"@type\":\"ReadAction\",\"target\":[\"https:\/\/radiolifefm.com.br\/noticias\/paraquedistas-provincianos\/\"]}]},{\"@type\":\"ImageObject\",\"inLanguage\":\"pt-BR\",\"@id\":\"https:\/\/radiolifefm.com.br\/noticias\/paraquedistas-provincianos\/#primaryimage\",\"url\":\"https:\/\/radiolifefm.com.br\/noticias\/wp-content\/uploads\/2022\/04\/WhatsApp-Image-2022-04-10-at-18.43.02.jpeg\",\"contentUrl\":\"https:\/\/radiolifefm.com.br\/noticias\/wp-content\/uploads\/2022\/04\/WhatsApp-Image-2022-04-10-at-18.43.02.jpeg\",\"width\":972,\"height\":1296,\"caption\":\"S\u00e9rgio Barbosa\"},{\"@type\":\"BreadcrumbList\",\"@id\":\"https:\/\/radiolifefm.com.br\/noticias\/paraquedistas-provincianos\/#breadcrumb\",\"itemListElement\":[{\"@type\":\"ListItem\",\"position\":1,\"name\":\"In\u00edcio\",\"item\":\"https:\/\/radiolifefm.com.br\/noticias\/\"},{\"@type\":\"ListItem\",\"position\":2,\"name\":\"Paraquedistas provincianos&#8230;\"}]},{\"@type\":\"WebSite\",\"@id\":\"https:\/\/radiolifefm.com.br\/noticias\/#website\",\"url\":\"https:\/\/radiolifefm.com.br\/noticias\/\",\"name\":\"R\u00e1dio Life FM\",\"description\":\"O Portal de Not\u00edcias de Adamantina\",\"publisher\":{\"@id\":\"https:\/\/radiolifefm.com.br\/noticias\/#organization\"},\"alternateName\":\"Life FM\",\"potentialAction\":[{\"@type\":\"SearchAction\",\"target\":{\"@type\":\"EntryPoint\",\"urlTemplate\":\"https:\/\/radiolifefm.com.br\/noticias\/?s={search_term_string}\"},\"query-input\":{\"@type\":\"PropertyValueSpecification\",\"valueRequired\":true,\"valueName\":\"search_term_string\"}}],\"inLanguage\":\"pt-BR\"},{\"@type\":\"Organization\",\"@id\":\"https:\/\/radiolifefm.com.br\/noticias\/#organization\",\"name\":\"R\u00e1dio Life FM\",\"alternateName\":\"Life FM\",\"url\":\"https:\/\/radiolifefm.com.br\/noticias\/\",\"logo\":{\"@type\":\"ImageObject\",\"inLanguage\":\"pt-BR\",\"@id\":\"https:\/\/radiolifefm.com.br\/noticias\/#\/schema\/logo\/image\/\",\"url\":\"https:\/\/static.radiolifefm.com.br\/noticias\/wp-content\/uploads\/2019\/10\/logo-lifefm.png\",\"contentUrl\":\"https:\/\/static.radiolifefm.com.br\/noticias\/wp-content\/uploads\/2019\/10\/logo-lifefm.png\",\"width\":196,\"height\":47,\"caption\":\"R\u00e1dio Life FM\"},\"image\":{\"@id\":\"https:\/\/radiolifefm.com.br\/noticias\/#\/schema\/logo\/image\/\"},\"sameAs\":[\"https:\/\/www.facebook.com\/radiolifefm\/\",\"https:\/\/www.instagram.com\/life1079fm\/\"]},{\"@type\":\"Person\",\"@id\":\"https:\/\/radiolifefm.com.br\/noticias\/#\/schema\/person\/6339b9fac59d12b071dec680d7375d87\",\"name\":\"ritanery\",\"image\":{\"@type\":\"ImageObject\",\"inLanguage\":\"pt-BR\",\"@id\":\"https:\/\/secure.gravatar.com\/avatar\/0e37bb19071f47c0b8a23f62a903df117c5a0e75f65a0c2901562f97cd41cf86?s=96&d=mm&r=g\",\"url\":\"https:\/\/secure.gravatar.com\/avatar\/0e37bb19071f47c0b8a23f62a903df117c5a0e75f65a0c2901562f97cd41cf86?s=96&d=mm&r=g\",\"contentUrl\":\"https:\/\/secure.gravatar.com\/avatar\/0e37bb19071f47c0b8a23f62a903df117c5a0e75f65a0c2901562f97cd41cf86?s=96&d=mm&r=g\",\"caption\":\"ritanery\"}}]}<\/script>\n<!-- \/ Yoast SEO plugin. -->","yoast_head_json":{"title":"Paraquedistas provincianos... - R\u00e1dio Life FM","robots":{"index":"index","follow":"follow","max-snippet":"max-snippet:-1","max-image-preview":"max-image-preview:large","max-video-preview":"max-video-preview:-1"},"canonical":"https:\/\/radiolifefm.com.br\/noticias\/paraquedistas-provincianos\/","og_locale":"pt_BR","og_type":"article","og_title":"Paraquedistas provincianos... - R\u00e1dio Life FM","og_description":"\u201cA coragem de um paraquedista est\u00e1 em saltar para o desconhecido, confiando na pr\u00f3pria t\u00e9cnica e no vento.\u201d \u00a0 \u00a0 By seb@r. Pelos ditos aqui e ali, ainda, nas entrevistas da Equipe do NOVO GESTOR desta Prov\u00edncia do faz de conta, tudo indica que as APOSTAS est\u00e3o em cima da mesa e ponto quase final&#8230; [&hellip;]","og_url":"https:\/\/radiolifefm.com.br\/noticias\/paraquedistas-provincianos\/","og_site_name":"R\u00e1dio Life FM","article_publisher":"https:\/\/www.facebook.com\/radiolifefm\/","article_published_time":"2024-12-23T12:05:22+00:00","article_modified_time":"2026-04-17T13:12:16+00:00","og_image":[{"width":972,"height":1296,"url":"https:\/\/radiolifefm.com.br\/noticias\/wp-content\/uploads\/2022\/04\/WhatsApp-Image-2022-04-10-at-18.43.02.jpeg","type":"image\/jpeg"}],"author":"ritanery","twitter_card":"summary_large_image","twitter_misc":{"Escrito por":"ritanery","Est. tempo de leitura":"3 minutos"},"schema":{"@context":"https:\/\/schema.org","@graph":[{"@type":"Article","@id":"https:\/\/radiolifefm.com.br\/noticias\/paraquedistas-provincianos\/#article","isPartOf":{"@id":"https:\/\/radiolifefm.com.br\/noticias\/paraquedistas-provincianos\/"},"author":{"name":"ritanery","@id":"https:\/\/radiolifefm.com.br\/noticias\/#\/schema\/person\/6339b9fac59d12b071dec680d7375d87"},"headline":"Paraquedistas provincianos&#8230;","datePublished":"2024-12-23T12:05:22+00:00","dateModified":"2026-04-17T13:12:16+00:00","mainEntityOfPage":{"@id":"https:\/\/radiolifefm.com.br\/noticias\/paraquedistas-provincianos\/"},"wordCount":449,"publisher":{"@id":"https:\/\/radiolifefm.com.br\/noticias\/#organization"},"image":{"@id":"https:\/\/radiolifefm.com.br\/noticias\/paraquedistas-provincianos\/#primaryimage"},"thumbnailUrl":"https:\/\/radiolifefm.com.br\/noticias\/wp-content\/uploads\/2022\/04\/WhatsApp-Image-2022-04-10-at-18.43.02.jpeg","articleSection":["Opini\u00e3o"],"inLanguage":"pt-BR"},{"@type":"WebPage","@id":"https:\/\/radiolifefm.com.br\/noticias\/paraquedistas-provincianos\/","url":"https:\/\/radiolifefm.com.br\/noticias\/paraquedistas-provincianos\/","name":"Paraquedistas provincianos... - R\u00e1dio Life FM","isPartOf":{"@id":"https:\/\/radiolifefm.com.br\/noticias\/#website"},"primaryImageOfPage":{"@id":"https:\/\/radiolifefm.com.br\/noticias\/paraquedistas-provincianos\/#primaryimage"},"image":{"@id":"https:\/\/radiolifefm.com.br\/noticias\/paraquedistas-provincianos\/#primaryimage"},"thumbnailUrl":"https:\/\/radiolifefm.com.br\/noticias\/wp-content\/uploads\/2022\/04\/WhatsApp-Image-2022-04-10-at-18.43.02.jpeg","datePublished":"2024-12-23T12:05:22+00:00","dateModified":"2026-04-17T13:12:16+00:00","breadcrumb":{"@id":"https:\/\/radiolifefm.com.br\/noticias\/paraquedistas-provincianos\/#breadcrumb"},"inLanguage":"pt-BR","potentialAction":[{"@type":"ReadAction","target":["https:\/\/radiolifefm.com.br\/noticias\/paraquedistas-provincianos\/"]}]},{"@type":"ImageObject","inLanguage":"pt-BR","@id":"https:\/\/radiolifefm.com.br\/noticias\/paraquedistas-provincianos\/#primaryimage","url":"https:\/\/radiolifefm.com.br\/noticias\/wp-content\/uploads\/2022\/04\/WhatsApp-Image-2022-04-10-at-18.43.02.jpeg","contentUrl":"https:\/\/radiolifefm.com.br\/noticias\/wp-content\/uploads\/2022\/04\/WhatsApp-Image-2022-04-10-at-18.43.02.jpeg","width":972,"height":1296,"caption":"S\u00e9rgio Barbosa"},{"@type":"BreadcrumbList","@id":"https:\/\/radiolifefm.com.br\/noticias\/paraquedistas-provincianos\/#breadcrumb","itemListElement":[{"@type":"ListItem","position":1,"name":"In\u00edcio","item":"https:\/\/radiolifefm.com.br\/noticias\/"},{"@type":"ListItem","position":2,"name":"Paraquedistas provincianos&#8230;"}]},{"@type":"WebSite","@id":"https:\/\/radiolifefm.com.br\/noticias\/#website","url":"https:\/\/radiolifefm.com.br\/noticias\/","name":"R\u00e1dio Life FM","description":"O Portal de Not\u00edcias de Adamantina","publisher":{"@id":"https:\/\/radiolifefm.com.br\/noticias\/#organization"},"alternateName":"Life FM","potentialAction":[{"@type":"SearchAction","target":{"@type":"EntryPoint","urlTemplate":"https:\/\/radiolifefm.com.br\/noticias\/?s={search_term_string}"},"query-input":{"@type":"PropertyValueSpecification","valueRequired":true,"valueName":"search_term_string"}}],"inLanguage":"pt-BR"},{"@type":"Organization","@id":"https:\/\/radiolifefm.com.br\/noticias\/#organization","name":"R\u00e1dio Life FM","alternateName":"Life FM","url":"https:\/\/radiolifefm.com.br\/noticias\/","logo":{"@type":"ImageObject","inLanguage":"pt-BR","@id":"https:\/\/radiolifefm.com.br\/noticias\/#\/schema\/logo\/image\/","url":"https:\/\/static.radiolifefm.com.br\/noticias\/wp-content\/uploads\/2019\/10\/logo-lifefm.png","contentUrl":"https:\/\/static.radiolifefm.com.br\/noticias\/wp-content\/uploads\/2019\/10\/logo-lifefm.png","width":196,"height":47,"caption":"R\u00e1dio Life FM"},"image":{"@id":"https:\/\/radiolifefm.com.br\/noticias\/#\/schema\/logo\/image\/"},"sameAs":["https:\/\/www.facebook.com\/radiolifefm\/","https:\/\/www.instagram.com\/life1079fm\/"]},{"@type":"Person","@id":"https:\/\/radiolifefm.com.br\/noticias\/#\/schema\/person\/6339b9fac59d12b071dec680d7375d87","name":"ritanery","image":{"@type":"ImageObject","inLanguage":"pt-BR","@id":"https:\/\/secure.gravatar.com\/avatar\/0e37bb19071f47c0b8a23f62a903df117c5a0e75f65a0c2901562f97cd41cf86?s=96&d=mm&r=g","url":"https:\/\/secure.gravatar.com\/avatar\/0e37bb19071f47c0b8a23f62a903df117c5a0e75f65a0c2901562f97cd41cf86?s=96&d=mm&r=g","contentUrl":"https:\/\/secure.gravatar.com\/avatar\/0e37bb19071f47c0b8a23f62a903df117c5a0e75f65a0c2901562f97cd41cf86?s=96&d=mm&r=g","caption":"ritanery"}}]}},"amp_enabled":true,"_links":{"self":[{"href":"https:\/\/radiolifefm.com.br\/noticias\/wp-json\/wp\/v2\/posts\/96331","targetHints":{"allow":["GET"]}}],"collection":[{"href":"https:\/\/radiolifefm.com.br\/noticias\/wp-json\/wp\/v2\/posts"}],"about":[{"href":"https:\/\/radiolifefm.com.br\/noticias\/wp-json\/wp\/v2\/types\/post"}],"author":[{"embeddable":true,"href":"https:\/\/radiolifefm.com.br\/noticias\/wp-json\/wp\/v2\/users\/13"}],"replies":[{"embeddable":true,"href":"https:\/\/radiolifefm.com.br\/noticias\/wp-json\/wp\/v2\/comments?post=96331"}],"version-history":[{"count":1,"href":"https:\/\/radiolifefm.com.br\/noticias\/wp-json\/wp\/v2\/posts\/96331\/revisions"}],"predecessor-version":[{"id":96332,"href":"https:\/\/radiolifefm.com.br\/noticias\/wp-json\/wp\/v2\/posts\/96331\/revisions\/96332"}],"wp:featuredmedia":[{"embeddable":true,"href":"https:\/\/radiolifefm.com.br\/noticias\/wp-json\/wp\/v2\/media\/51988"}],"wp:attachment":[{"href":"https:\/\/radiolifefm.com.br\/noticias\/wp-json\/wp\/v2\/media?parent=96331"}],"wp:term":[{"taxonomy":"category","embeddable":true,"href":"https:\/\/radiolifefm.com.br\/noticias\/wp-json\/wp\/v2\/categories?post=96331"},{"taxonomy":"post_tag","embeddable":true,"href":"https:\/\/radiolifefm.com.br\/noticias\/wp-json\/wp\/v2\/tags?post=96331"}],"curies":[{"name":"wp","href":"https:\/\/api.w.org\/{rel}","templated":true}]}}