{"id":96262,"date":"2024-12-20T12:50:56","date_gmt":"2024-12-20T15:50:56","guid":{"rendered":"https:\/\/radiolifefm.com.br\/noticias\/?p=96262"},"modified":"2026-03-28T21:13:37","modified_gmt":"2026-03-29T00:13:37","slug":"criatura-e-criador-nesta-provincia-do-faz-de-conta","status":"publish","type":"post","link":"https:\/\/radiolifefm.com.br\/noticias\/criatura-e-criador-nesta-provincia-do-faz-de-conta\/","title":{"rendered":"CRIATURA E CRIADOR NESTA PROV\u00cdNCIA DO FAZ DE CONTA&#8230;"},"content":{"rendered":"<div id=\"fb-root\"><\/div>\n<p><em>\u201cA esperan\u00e7a n\u00e3o \u00e9 um sonho, mas uma maneira de traduzir os sonhos em realidade\u201d. (Suenens)<\/em><\/p>\n<p>&nbsp;<\/p>\n<p><strong><em>By seb@r.<\/em><\/strong><\/p>\n<p>&nbsp;<\/p>\n<p>A conjuntura internacional vem demonstrando que a maioria das pessoas, bem como, empresas e outros, \u201ceram felizes e n\u00e3o sabia\u201d, tal qual o dito tupiniquim, pode-se trazer o contexto do global para o local em uma perspectiva \u201cglocal\u201d&#8230;<\/p>\n<p>O momento est\u00e1 em estado de alerta para ambos os lados de uma mesma moeda, se poss\u00edvel, para levar adiante os desencontros mediados pelos interesses al\u00e9m do senso comum provinciano&#8230;<\/p>\n<p>Claro, talvez, escuro, por\u00e9m, como sempre, nada pode permanecer escondido por muito tempo, assim, mais cedo ou mais tarde, a claridade vai aparecer neste cen\u00e1rio nada acad\u00eamico para os predadores do conhecimento alheio aos interesses da institui\u00e7\u00e3o em tempo de p\u00f3s-globaliza\u00e7\u00e3o organizacional&#8230;<\/p>\n<p>N\u00e3o faz tanto tempo assim, quando o sonhador plantou a semente da expans\u00e3o al\u00e9m da prov\u00edncia para colocar o tempo em outro tempo, para isto e mais aquilo, foi necess\u00e1rio estar em conex\u00e3o com as mudan\u00e7as do planeta em \u00e1reas afins aos objetivos de um sonho para fazer a diferen\u00e7a nesta miss\u00e3o acad\u00eamica por meio da proposta pedag\u00f3gica&#8230;<\/p>\n<p>Mas, nem sempre quem sonhou este sonho sem amarras com isto e mais aquilo est\u00e1 distante das perdas da criatura que se afastou do criador, por\u00e9m, ainda bem que existe um outro tempo para mostrar que o passado continua marcando presen\u00e7a no presente da criatura&#8230;<\/p>\n<p>Diz o ditado: \u201co futuro a Deus pertence\u201d, entretanto, ressalta-se que a carruagem anda falhando em seus prop\u00f3sitos mais do que filantr\u00f3picos como gostaria o outro lado, talvez, pr\u00f3ximo de um poder paralelo, todavia, com uma falsa proje\u00e7\u00e3o em cima do comando da manipula\u00e7\u00e3o em estilo \u201crasputiniano\u201d&#8230;<\/p>\n<p>As figuras deste jogo provinciano s\u00e3o pitorescas, desta forma, o confronto inexiste, haja vista as bandeiras das trocas por isto e mais aquilo, deixando de lado os interesses direcionados para a comunidade regional&#8230;<\/p>\n<p>Ah! O criador sabia das coisas, mesmo quando tudo era apenas um sonho distante para a maioria dos mortais, por\u00e9m, a imortalidade pertence a uma minoria escolhida pela divindade maior do universo&#8230;<\/p>\n<p>Que a criatura possa saber fazer as suas escolhas neste novo cen\u00e1rio al\u00e9m do pensamento provinciano, ainda, quando a inexperi\u00eancia das \u201ccriaturinhas\u201d envolvidas no jogo do mercado predat\u00f3rio, deixam a desejar em todos os sentidos desta ou daquela palavra no contexto plural da metacomunica\u00e7\u00e3o em terras provincianas&#8230;<\/p>\n<p>AVE CRIADOR!<\/p>\n<p><strong><em>__________________________________<\/em><\/strong><\/p>\n<p><strong><em>e-mail: barbosa.sebar@gmail.com <\/em><\/strong><\/p>\n","protected":false},"excerpt":{"rendered":"<p>\u201cA esperan\u00e7a n\u00e3o \u00e9 um sonho, mas uma maneira de traduzir os sonhos em realidade\u201d. (Suenens) &nbsp; By seb@r. &nbsp; A conjuntura internacional vem demonstrando que a maioria das pessoas, bem como, empresas e outros, \u201ceram felizes e n\u00e3o sabia\u201d, tal qual o dito tupiniquim, pode-se trazer o contexto do global para o local em [&hellip;]<\/p>\n","protected":false},"author":13,"featured_media":51988,"comment_status":"closed","ping_status":"open","sticky":false,"template":"","format":"standard","meta":{"_acf_changed":false,"_exactmetrics_skip_tracking":false,"_exactmetrics_sitenote_active":false,"_exactmetrics_sitenote_note":"","_exactmetrics_sitenote_category":0,"footnotes":""},"categories":[59],"tags":[],"class_list":["post-96262","post","type-post","status-publish","format-standard","has-post-thumbnail","hentry","category-opiniao"],"acf":[],"yoast_head":"<!-- This site is optimized with the Yoast SEO plugin v27.2 - https:\/\/yoast.com\/product\/yoast-seo-wordpress\/ -->\n<title>CRIATURA E CRIADOR NESTA PROV\u00cdNCIA DO FAZ DE CONTA... - R\u00e1dio Life FM<\/title>\n<meta name=\"robots\" content=\"index, follow, max-snippet:-1, max-image-preview:large, max-video-preview:-1\" \/>\n<link rel=\"canonical\" href=\"https:\/\/radiolifefm.com.br\/noticias\/criatura-e-criador-nesta-provincia-do-faz-de-conta\/\" \/>\n<meta property=\"og:locale\" content=\"pt_BR\" \/>\n<meta property=\"og:type\" content=\"article\" \/>\n<meta property=\"og:title\" content=\"CRIATURA E CRIADOR NESTA PROV\u00cdNCIA DO FAZ DE CONTA... - R\u00e1dio Life FM\" \/>\n<meta property=\"og:description\" content=\"\u201cA esperan\u00e7a n\u00e3o \u00e9 um sonho, mas uma maneira de traduzir os sonhos em realidade\u201d. (Suenens) &nbsp; By seb@r. &nbsp; A conjuntura internacional vem demonstrando que a maioria das pessoas, bem como, empresas e outros, \u201ceram felizes e n\u00e3o sabia\u201d, tal qual o dito tupiniquim, pode-se trazer o contexto do global para o local em [&hellip;]\" \/>\n<meta property=\"og:url\" content=\"https:\/\/radiolifefm.com.br\/noticias\/criatura-e-criador-nesta-provincia-do-faz-de-conta\/\" \/>\n<meta property=\"og:site_name\" content=\"R\u00e1dio Life FM\" \/>\n<meta property=\"article:publisher\" content=\"https:\/\/www.facebook.com\/radiolifefm\/\" \/>\n<meta property=\"article:published_time\" content=\"2024-12-20T15:50:56+00:00\" \/>\n<meta property=\"article:modified_time\" content=\"2026-03-29T00:13:37+00:00\" \/>\n<meta property=\"og:image\" content=\"https:\/\/radiolifefm.com.br\/noticias\/wp-content\/uploads\/2022\/04\/WhatsApp-Image-2022-04-10-at-18.43.02.jpeg\" \/>\n\t<meta property=\"og:image:width\" content=\"972\" \/>\n\t<meta property=\"og:image:height\" content=\"1296\" \/>\n\t<meta property=\"og:image:type\" content=\"image\/jpeg\" \/>\n<meta name=\"author\" content=\"ritanery\" \/>\n<meta name=\"twitter:card\" content=\"summary_large_image\" \/>\n<meta name=\"twitter:label1\" content=\"Escrito por\" \/>\n\t<meta name=\"twitter:data1\" content=\"ritanery\" \/>\n\t<meta name=\"twitter:label2\" content=\"Est. tempo de leitura\" \/>\n\t<meta name=\"twitter:data2\" content=\"3 minutos\" \/>\n<script type=\"application\/ld+json\" class=\"yoast-schema-graph\">{\"@context\":\"https:\/\/schema.org\",\"@graph\":[{\"@type\":\"Article\",\"@id\":\"https:\/\/radiolifefm.com.br\/noticias\/criatura-e-criador-nesta-provincia-do-faz-de-conta\/#article\",\"isPartOf\":{\"@id\":\"https:\/\/radiolifefm.com.br\/noticias\/criatura-e-criador-nesta-provincia-do-faz-de-conta\/\"},\"author\":{\"name\":\"ritanery\",\"@id\":\"https:\/\/radiolifefm.com.br\/noticias\/#\/schema\/person\/6339b9fac59d12b071dec680d7375d87\"},\"headline\":\"CRIATURA E CRIADOR NESTA PROV\u00cdNCIA DO FAZ DE CONTA&#8230;\",\"datePublished\":\"2024-12-20T15:50:56+00:00\",\"dateModified\":\"2026-03-29T00:13:37+00:00\",\"mainEntityOfPage\":{\"@id\":\"https:\/\/radiolifefm.com.br\/noticias\/criatura-e-criador-nesta-provincia-do-faz-de-conta\/\"},\"wordCount\":445,\"publisher\":{\"@id\":\"https:\/\/radiolifefm.com.br\/noticias\/#organization\"},\"image\":{\"@id\":\"https:\/\/radiolifefm.com.br\/noticias\/criatura-e-criador-nesta-provincia-do-faz-de-conta\/#primaryimage\"},\"thumbnailUrl\":\"https:\/\/radiolifefm.com.br\/noticias\/wp-content\/uploads\/2022\/04\/WhatsApp-Image-2022-04-10-at-18.43.02.jpeg\",\"articleSection\":[\"Opini\u00e3o\"],\"inLanguage\":\"pt-BR\"},{\"@type\":\"WebPage\",\"@id\":\"https:\/\/radiolifefm.com.br\/noticias\/criatura-e-criador-nesta-provincia-do-faz-de-conta\/\",\"url\":\"https:\/\/radiolifefm.com.br\/noticias\/criatura-e-criador-nesta-provincia-do-faz-de-conta\/\",\"name\":\"CRIATURA E CRIADOR NESTA PROV\u00cdNCIA DO FAZ DE CONTA... - R\u00e1dio Life FM\",\"isPartOf\":{\"@id\":\"https:\/\/radiolifefm.com.br\/noticias\/#website\"},\"primaryImageOfPage\":{\"@id\":\"https:\/\/radiolifefm.com.br\/noticias\/criatura-e-criador-nesta-provincia-do-faz-de-conta\/#primaryimage\"},\"image\":{\"@id\":\"https:\/\/radiolifefm.com.br\/noticias\/criatura-e-criador-nesta-provincia-do-faz-de-conta\/#primaryimage\"},\"thumbnailUrl\":\"https:\/\/radiolifefm.com.br\/noticias\/wp-content\/uploads\/2022\/04\/WhatsApp-Image-2022-04-10-at-18.43.02.jpeg\",\"datePublished\":\"2024-12-20T15:50:56+00:00\",\"dateModified\":\"2026-03-29T00:13:37+00:00\",\"breadcrumb\":{\"@id\":\"https:\/\/radiolifefm.com.br\/noticias\/criatura-e-criador-nesta-provincia-do-faz-de-conta\/#breadcrumb\"},\"inLanguage\":\"pt-BR\",\"potentialAction\":[{\"@type\":\"ReadAction\",\"target\":[\"https:\/\/radiolifefm.com.br\/noticias\/criatura-e-criador-nesta-provincia-do-faz-de-conta\/\"]}]},{\"@type\":\"ImageObject\",\"inLanguage\":\"pt-BR\",\"@id\":\"https:\/\/radiolifefm.com.br\/noticias\/criatura-e-criador-nesta-provincia-do-faz-de-conta\/#primaryimage\",\"url\":\"https:\/\/radiolifefm.com.br\/noticias\/wp-content\/uploads\/2022\/04\/WhatsApp-Image-2022-04-10-at-18.43.02.jpeg\",\"contentUrl\":\"https:\/\/radiolifefm.com.br\/noticias\/wp-content\/uploads\/2022\/04\/WhatsApp-Image-2022-04-10-at-18.43.02.jpeg\",\"width\":972,\"height\":1296,\"caption\":\"S\u00e9rgio Barbosa\"},{\"@type\":\"BreadcrumbList\",\"@id\":\"https:\/\/radiolifefm.com.br\/noticias\/criatura-e-criador-nesta-provincia-do-faz-de-conta\/#breadcrumb\",\"itemListElement\":[{\"@type\":\"ListItem\",\"position\":1,\"name\":\"In\u00edcio\",\"item\":\"https:\/\/radiolifefm.com.br\/noticias\/\"},{\"@type\":\"ListItem\",\"position\":2,\"name\":\"CRIATURA E CRIADOR NESTA PROV\u00cdNCIA DO FAZ DE CONTA&#8230;\"}]},{\"@type\":\"WebSite\",\"@id\":\"https:\/\/radiolifefm.com.br\/noticias\/#website\",\"url\":\"https:\/\/radiolifefm.com.br\/noticias\/\",\"name\":\"R\u00e1dio Life FM\",\"description\":\"O Portal de Not\u00edcias de Adamantina\",\"publisher\":{\"@id\":\"https:\/\/radiolifefm.com.br\/noticias\/#organization\"},\"alternateName\":\"Life FM\",\"potentialAction\":[{\"@type\":\"SearchAction\",\"target\":{\"@type\":\"EntryPoint\",\"urlTemplate\":\"https:\/\/radiolifefm.com.br\/noticias\/?s={search_term_string}\"},\"query-input\":{\"@type\":\"PropertyValueSpecification\",\"valueRequired\":true,\"valueName\":\"search_term_string\"}}],\"inLanguage\":\"pt-BR\"},{\"@type\":\"Organization\",\"@id\":\"https:\/\/radiolifefm.com.br\/noticias\/#organization\",\"name\":\"R\u00e1dio Life FM\",\"alternateName\":\"Life FM\",\"url\":\"https:\/\/radiolifefm.com.br\/noticias\/\",\"logo\":{\"@type\":\"ImageObject\",\"inLanguage\":\"pt-BR\",\"@id\":\"https:\/\/radiolifefm.com.br\/noticias\/#\/schema\/logo\/image\/\",\"url\":\"https:\/\/static.radiolifefm.com.br\/noticias\/wp-content\/uploads\/2019\/10\/logo-lifefm.png\",\"contentUrl\":\"https:\/\/static.radiolifefm.com.br\/noticias\/wp-content\/uploads\/2019\/10\/logo-lifefm.png\",\"width\":196,\"height\":47,\"caption\":\"R\u00e1dio Life FM\"},\"image\":{\"@id\":\"https:\/\/radiolifefm.com.br\/noticias\/#\/schema\/logo\/image\/\"},\"sameAs\":[\"https:\/\/www.facebook.com\/radiolifefm\/\",\"https:\/\/www.instagram.com\/life1079fm\/\"]},{\"@type\":\"Person\",\"@id\":\"https:\/\/radiolifefm.com.br\/noticias\/#\/schema\/person\/6339b9fac59d12b071dec680d7375d87\",\"name\":\"ritanery\",\"image\":{\"@type\":\"ImageObject\",\"inLanguage\":\"pt-BR\",\"@id\":\"https:\/\/secure.gravatar.com\/avatar\/0e37bb19071f47c0b8a23f62a903df117c5a0e75f65a0c2901562f97cd41cf86?s=96&d=mm&r=g\",\"url\":\"https:\/\/secure.gravatar.com\/avatar\/0e37bb19071f47c0b8a23f62a903df117c5a0e75f65a0c2901562f97cd41cf86?s=96&d=mm&r=g\",\"contentUrl\":\"https:\/\/secure.gravatar.com\/avatar\/0e37bb19071f47c0b8a23f62a903df117c5a0e75f65a0c2901562f97cd41cf86?s=96&d=mm&r=g\",\"caption\":\"ritanery\"}}]}<\/script>\n<!-- \/ Yoast SEO plugin. -->","yoast_head_json":{"title":"CRIATURA E CRIADOR NESTA PROV\u00cdNCIA DO FAZ DE CONTA... - R\u00e1dio Life FM","robots":{"index":"index","follow":"follow","max-snippet":"max-snippet:-1","max-image-preview":"max-image-preview:large","max-video-preview":"max-video-preview:-1"},"canonical":"https:\/\/radiolifefm.com.br\/noticias\/criatura-e-criador-nesta-provincia-do-faz-de-conta\/","og_locale":"pt_BR","og_type":"article","og_title":"CRIATURA E CRIADOR NESTA PROV\u00cdNCIA DO FAZ DE CONTA... - R\u00e1dio Life FM","og_description":"\u201cA esperan\u00e7a n\u00e3o \u00e9 um sonho, mas uma maneira de traduzir os sonhos em realidade\u201d. (Suenens) &nbsp; By seb@r. &nbsp; A conjuntura internacional vem demonstrando que a maioria das pessoas, bem como, empresas e outros, \u201ceram felizes e n\u00e3o sabia\u201d, tal qual o dito tupiniquim, pode-se trazer o contexto do global para o local em [&hellip;]","og_url":"https:\/\/radiolifefm.com.br\/noticias\/criatura-e-criador-nesta-provincia-do-faz-de-conta\/","og_site_name":"R\u00e1dio Life FM","article_publisher":"https:\/\/www.facebook.com\/radiolifefm\/","article_published_time":"2024-12-20T15:50:56+00:00","article_modified_time":"2026-03-29T00:13:37+00:00","og_image":[{"width":972,"height":1296,"url":"https:\/\/radiolifefm.com.br\/noticias\/wp-content\/uploads\/2022\/04\/WhatsApp-Image-2022-04-10-at-18.43.02.jpeg","type":"image\/jpeg"}],"author":"ritanery","twitter_card":"summary_large_image","twitter_misc":{"Escrito por":"ritanery","Est. tempo de leitura":"3 minutos"},"schema":{"@context":"https:\/\/schema.org","@graph":[{"@type":"Article","@id":"https:\/\/radiolifefm.com.br\/noticias\/criatura-e-criador-nesta-provincia-do-faz-de-conta\/#article","isPartOf":{"@id":"https:\/\/radiolifefm.com.br\/noticias\/criatura-e-criador-nesta-provincia-do-faz-de-conta\/"},"author":{"name":"ritanery","@id":"https:\/\/radiolifefm.com.br\/noticias\/#\/schema\/person\/6339b9fac59d12b071dec680d7375d87"},"headline":"CRIATURA E CRIADOR NESTA PROV\u00cdNCIA DO FAZ DE CONTA&#8230;","datePublished":"2024-12-20T15:50:56+00:00","dateModified":"2026-03-29T00:13:37+00:00","mainEntityOfPage":{"@id":"https:\/\/radiolifefm.com.br\/noticias\/criatura-e-criador-nesta-provincia-do-faz-de-conta\/"},"wordCount":445,"publisher":{"@id":"https:\/\/radiolifefm.com.br\/noticias\/#organization"},"image":{"@id":"https:\/\/radiolifefm.com.br\/noticias\/criatura-e-criador-nesta-provincia-do-faz-de-conta\/#primaryimage"},"thumbnailUrl":"https:\/\/radiolifefm.com.br\/noticias\/wp-content\/uploads\/2022\/04\/WhatsApp-Image-2022-04-10-at-18.43.02.jpeg","articleSection":["Opini\u00e3o"],"inLanguage":"pt-BR"},{"@type":"WebPage","@id":"https:\/\/radiolifefm.com.br\/noticias\/criatura-e-criador-nesta-provincia-do-faz-de-conta\/","url":"https:\/\/radiolifefm.com.br\/noticias\/criatura-e-criador-nesta-provincia-do-faz-de-conta\/","name":"CRIATURA E CRIADOR NESTA PROV\u00cdNCIA DO FAZ DE CONTA... - R\u00e1dio Life FM","isPartOf":{"@id":"https:\/\/radiolifefm.com.br\/noticias\/#website"},"primaryImageOfPage":{"@id":"https:\/\/radiolifefm.com.br\/noticias\/criatura-e-criador-nesta-provincia-do-faz-de-conta\/#primaryimage"},"image":{"@id":"https:\/\/radiolifefm.com.br\/noticias\/criatura-e-criador-nesta-provincia-do-faz-de-conta\/#primaryimage"},"thumbnailUrl":"https:\/\/radiolifefm.com.br\/noticias\/wp-content\/uploads\/2022\/04\/WhatsApp-Image-2022-04-10-at-18.43.02.jpeg","datePublished":"2024-12-20T15:50:56+00:00","dateModified":"2026-03-29T00:13:37+00:00","breadcrumb":{"@id":"https:\/\/radiolifefm.com.br\/noticias\/criatura-e-criador-nesta-provincia-do-faz-de-conta\/#breadcrumb"},"inLanguage":"pt-BR","potentialAction":[{"@type":"ReadAction","target":["https:\/\/radiolifefm.com.br\/noticias\/criatura-e-criador-nesta-provincia-do-faz-de-conta\/"]}]},{"@type":"ImageObject","inLanguage":"pt-BR","@id":"https:\/\/radiolifefm.com.br\/noticias\/criatura-e-criador-nesta-provincia-do-faz-de-conta\/#primaryimage","url":"https:\/\/radiolifefm.com.br\/noticias\/wp-content\/uploads\/2022\/04\/WhatsApp-Image-2022-04-10-at-18.43.02.jpeg","contentUrl":"https:\/\/radiolifefm.com.br\/noticias\/wp-content\/uploads\/2022\/04\/WhatsApp-Image-2022-04-10-at-18.43.02.jpeg","width":972,"height":1296,"caption":"S\u00e9rgio Barbosa"},{"@type":"BreadcrumbList","@id":"https:\/\/radiolifefm.com.br\/noticias\/criatura-e-criador-nesta-provincia-do-faz-de-conta\/#breadcrumb","itemListElement":[{"@type":"ListItem","position":1,"name":"In\u00edcio","item":"https:\/\/radiolifefm.com.br\/noticias\/"},{"@type":"ListItem","position":2,"name":"CRIATURA E CRIADOR NESTA PROV\u00cdNCIA DO FAZ DE CONTA&#8230;"}]},{"@type":"WebSite","@id":"https:\/\/radiolifefm.com.br\/noticias\/#website","url":"https:\/\/radiolifefm.com.br\/noticias\/","name":"R\u00e1dio Life FM","description":"O Portal de Not\u00edcias de Adamantina","publisher":{"@id":"https:\/\/radiolifefm.com.br\/noticias\/#organization"},"alternateName":"Life FM","potentialAction":[{"@type":"SearchAction","target":{"@type":"EntryPoint","urlTemplate":"https:\/\/radiolifefm.com.br\/noticias\/?s={search_term_string}"},"query-input":{"@type":"PropertyValueSpecification","valueRequired":true,"valueName":"search_term_string"}}],"inLanguage":"pt-BR"},{"@type":"Organization","@id":"https:\/\/radiolifefm.com.br\/noticias\/#organization","name":"R\u00e1dio Life FM","alternateName":"Life FM","url":"https:\/\/radiolifefm.com.br\/noticias\/","logo":{"@type":"ImageObject","inLanguage":"pt-BR","@id":"https:\/\/radiolifefm.com.br\/noticias\/#\/schema\/logo\/image\/","url":"https:\/\/static.radiolifefm.com.br\/noticias\/wp-content\/uploads\/2019\/10\/logo-lifefm.png","contentUrl":"https:\/\/static.radiolifefm.com.br\/noticias\/wp-content\/uploads\/2019\/10\/logo-lifefm.png","width":196,"height":47,"caption":"R\u00e1dio Life FM"},"image":{"@id":"https:\/\/radiolifefm.com.br\/noticias\/#\/schema\/logo\/image\/"},"sameAs":["https:\/\/www.facebook.com\/radiolifefm\/","https:\/\/www.instagram.com\/life1079fm\/"]},{"@type":"Person","@id":"https:\/\/radiolifefm.com.br\/noticias\/#\/schema\/person\/6339b9fac59d12b071dec680d7375d87","name":"ritanery","image":{"@type":"ImageObject","inLanguage":"pt-BR","@id":"https:\/\/secure.gravatar.com\/avatar\/0e37bb19071f47c0b8a23f62a903df117c5a0e75f65a0c2901562f97cd41cf86?s=96&d=mm&r=g","url":"https:\/\/secure.gravatar.com\/avatar\/0e37bb19071f47c0b8a23f62a903df117c5a0e75f65a0c2901562f97cd41cf86?s=96&d=mm&r=g","contentUrl":"https:\/\/secure.gravatar.com\/avatar\/0e37bb19071f47c0b8a23f62a903df117c5a0e75f65a0c2901562f97cd41cf86?s=96&d=mm&r=g","caption":"ritanery"}}]}},"amp_enabled":true,"_links":{"self":[{"href":"https:\/\/radiolifefm.com.br\/noticias\/wp-json\/wp\/v2\/posts\/96262","targetHints":{"allow":["GET"]}}],"collection":[{"href":"https:\/\/radiolifefm.com.br\/noticias\/wp-json\/wp\/v2\/posts"}],"about":[{"href":"https:\/\/radiolifefm.com.br\/noticias\/wp-json\/wp\/v2\/types\/post"}],"author":[{"embeddable":true,"href":"https:\/\/radiolifefm.com.br\/noticias\/wp-json\/wp\/v2\/users\/13"}],"replies":[{"embeddable":true,"href":"https:\/\/radiolifefm.com.br\/noticias\/wp-json\/wp\/v2\/comments?post=96262"}],"version-history":[{"count":1,"href":"https:\/\/radiolifefm.com.br\/noticias\/wp-json\/wp\/v2\/posts\/96262\/revisions"}],"predecessor-version":[{"id":96263,"href":"https:\/\/radiolifefm.com.br\/noticias\/wp-json\/wp\/v2\/posts\/96262\/revisions\/96263"}],"wp:featuredmedia":[{"embeddable":true,"href":"https:\/\/radiolifefm.com.br\/noticias\/wp-json\/wp\/v2\/media\/51988"}],"wp:attachment":[{"href":"https:\/\/radiolifefm.com.br\/noticias\/wp-json\/wp\/v2\/media?parent=96262"}],"wp:term":[{"taxonomy":"category","embeddable":true,"href":"https:\/\/radiolifefm.com.br\/noticias\/wp-json\/wp\/v2\/categories?post=96262"},{"taxonomy":"post_tag","embeddable":true,"href":"https:\/\/radiolifefm.com.br\/noticias\/wp-json\/wp\/v2\/tags?post=96262"}],"curies":[{"name":"wp","href":"https:\/\/api.w.org\/{rel}","templated":true}]}}