{"id":96230,"date":"2024-12-18T09:18:36","date_gmt":"2024-12-18T12:18:36","guid":{"rendered":"https:\/\/radiolifefm.com.br\/noticias\/?p=96230"},"modified":"2026-04-04T23:26:24","modified_gmt":"2026-04-05T02:26:24","slug":"a-bela-que-nunca-foi-bela-e-muito-menos-adormecida","status":"publish","type":"post","link":"https:\/\/radiolifefm.com.br\/noticias\/a-bela-que-nunca-foi-bela-e-muito-menos-adormecida\/","title":{"rendered":"A BELA QUE NUNCA FOI BELA E MUITO MENOS ADORMECIDA&#8230;"},"content":{"rendered":"<div id=\"fb-root\"><\/div>\n<p><strong><em>\u201cA Branca de Neve comeu uma ma\u00e7\u00e3 e encontrou o seu pr\u00edncipe, a Bela Adormecida apenas dormiu. A Cinderela foi ao baile, a Rapunzel deixou os cabelos crescer. E tu j\u00e1 dormiste, j\u00e1 comeste a ma\u00e7\u00e3, j\u00e1 foste a mil festas, j\u00e1 deixaste o cabelo crescer e nem o sapo tu quiseste.\u201d (<\/em><\/strong><a href=\"https:\/\/www.pensador.com\/autor\/renato_maia\/\"><strong><em>Renato Maia<\/em><\/strong><\/a><strong><em>)<\/em><\/strong><\/p>\n<p><strong>\u00a0<\/strong><\/p>\n<p><strong>By seb@r.<\/strong><\/p>\n<p>ERA UMA VEZ naquela PROV\u00cdNCIA DO FAZ DE CONTA do outro lado daquele PLANETA que n\u00e3o existe mais, tendo em vista os desencontros patrocinados pelas FIGURINHAS daquele \u00c1LBUM que se perdeu no tempo do tempo&#8230;<\/p>\n<p>Mas, voltando ao ERA UMA VEZ, ent\u00e3o, a tal da BELA que nunca foi BELA e muito menos ADORMECIDA de um REINO PROVINCIANO qualquer, ainda, estava sempre aprontando pra cima das pessoas em sua volta&#8230;<\/p>\n<p>Tais reina\u00e7\u00f5es desta BELA QUE N\u00c3O NUNCA FOI BELA, ainda, continuam mais VIVAS do que nunca para continuar com suas PERALTICES com aquela VARINHA que de m\u00e1gica n\u00e3o tem nada de nada&#8230;<\/p>\n<p>Tal quais os CONTOS DA CAROCHINHA, pode-se escrever que neste caso em quest\u00e3o, trata-se uma PERSONAGEM mais do que interessante, pois, quando VOC\u00ca pensar que a mesma esta fora do jogo, eis que a DITA CUJA ressurge das profundezas do ABISMO e volta pra ASSOMBRAR o REINO PROVINCIANO&#8230;<\/p>\n<p>Mesmo assim, tamb\u00e9m, existem outras BELAS que s\u00e3o do mesmo time desta NADA ADORMECIDA e na maioria das vezes, tamb\u00e9m, N\u00c3O S\u00c3O BELAS e tudo fica na mesmice de sempre com as idas e vindas pelo REINO que continua nas m\u00e3os daquele que se acha o TODO PODEROSO que est\u00e1 sempre acima do BEM sem ser BOM com o REINO PROVINCIANO&#8230;<\/p>\n<p>Tudo poder ser de acordo com aquele ERA UMA VEZ, todavia, a REALIDADE continua mais CRUEL do que nunca neste REINO DESENCANTADO faz anos, assim, espera-se que apare\u00e7a algum DUENDE aqui ou ali para fazer frente \u00e0s BELAS QUE NUNCA FORAM BELAS e muito menos ADORMECIDAS&#8230;<\/p>\n<p>Todas as est\u00f3rias registram quase sempre a mesma F\u00c1BULA neste cen\u00e1rio do ERA UMA VEZ, entretanto, depende sempre do OLHAR de cada DOMINADO e tudo pode se resolvido de uma hora para outra, isso \u00e9, desde que apare\u00e7a algum SAPO travestido de PRINC\u00cdPE neste REINO PROVINCIANO&#8230;<\/p>\n<p>Pelo menos, pode ser que nada seja poss\u00edvel neste CEN\u00c1RIO um tanto quanto inusitado para os\/as SONHADORES\/AS deste tempo do tempo, haja vista que aquela PORTA continua entreaberta para muitas DESCOBERTAS neste REINO PROVINCIANO&#8230;<\/p>\n<p>Que o SALVADOR que n\u00e3o \u00e9 deste REINO PROVINCIANO possa trazer a ESPERAN\u00c7A de uma NOVA REALIDADE sem as falsas promessas das BELAS QUE N\u00c3O S\u00c3O BELAS para uma aproxima\u00e7\u00e3o em nome da LIBERTA\u00c7\u00c3O frente aos desmandos do TODO PODEROSO e sua turma de ALOPRADO\/AS PROVINCIANOS\/AS&#8230;<\/p>\n<p>S\u00d3 UMA MINORIA NESTE REINO PROVINCIANO SABE QUE ISSO DE \u201cERA UMA VEZ\u201d \u00c9 APENAS UM DETALHE NESTES DESENCONTROS&#8230;<\/p>\n<p>&nbsp;<\/p>\n<p>e-mail: <a href=\"mailto:barbosa.sebar@gmail.com\">barbosa.sebar@gmail.com<\/a><\/p>\n<p>&nbsp;<\/p>\n","protected":false},"excerpt":{"rendered":"<p>\u201cA Branca de Neve comeu uma ma\u00e7\u00e3 e encontrou o seu pr\u00edncipe, a Bela Adormecida apenas dormiu. A Cinderela foi ao baile, a Rapunzel deixou os cabelos crescer. E tu j\u00e1 dormiste, j\u00e1 comeste a ma\u00e7\u00e3, j\u00e1 foste a mil festas, j\u00e1 deixaste o cabelo crescer e nem o sapo tu quiseste.\u201d (Renato Maia) \u00a0 [&hellip;]<\/p>\n","protected":false},"author":13,"featured_media":51988,"comment_status":"closed","ping_status":"open","sticky":false,"template":"","format":"standard","meta":{"_acf_changed":false,"_exactmetrics_skip_tracking":false,"_exactmetrics_sitenote_active":false,"_exactmetrics_sitenote_note":"","_exactmetrics_sitenote_category":0,"footnotes":""},"categories":[59],"tags":[],"class_list":["post-96230","post","type-post","status-publish","format-standard","has-post-thumbnail","hentry","category-opiniao"],"acf":[],"yoast_head":"<!-- This site is optimized with the Yoast SEO plugin v27.2 - https:\/\/yoast.com\/product\/yoast-seo-wordpress\/ -->\n<title>A BELA QUE NUNCA FOI BELA E MUITO MENOS ADORMECIDA... - R\u00e1dio Life FM<\/title>\n<meta name=\"robots\" content=\"index, follow, max-snippet:-1, max-image-preview:large, max-video-preview:-1\" \/>\n<link rel=\"canonical\" href=\"https:\/\/radiolifefm.com.br\/noticias\/a-bela-que-nunca-foi-bela-e-muito-menos-adormecida\/\" \/>\n<meta property=\"og:locale\" content=\"pt_BR\" \/>\n<meta property=\"og:type\" content=\"article\" \/>\n<meta property=\"og:title\" content=\"A BELA QUE NUNCA FOI BELA E MUITO MENOS ADORMECIDA... - R\u00e1dio Life FM\" \/>\n<meta property=\"og:description\" content=\"\u201cA Branca de Neve comeu uma ma\u00e7\u00e3 e encontrou o seu pr\u00edncipe, a Bela Adormecida apenas dormiu. A Cinderela foi ao baile, a Rapunzel deixou os cabelos crescer. E tu j\u00e1 dormiste, j\u00e1 comeste a ma\u00e7\u00e3, j\u00e1 foste a mil festas, j\u00e1 deixaste o cabelo crescer e nem o sapo tu quiseste.\u201d (Renato Maia) \u00a0 [&hellip;]\" \/>\n<meta property=\"og:url\" content=\"https:\/\/radiolifefm.com.br\/noticias\/a-bela-que-nunca-foi-bela-e-muito-menos-adormecida\/\" \/>\n<meta property=\"og:site_name\" content=\"R\u00e1dio Life FM\" \/>\n<meta property=\"article:publisher\" content=\"https:\/\/www.facebook.com\/radiolifefm\/\" \/>\n<meta property=\"article:published_time\" content=\"2024-12-18T12:18:36+00:00\" \/>\n<meta property=\"article:modified_time\" content=\"2026-04-05T02:26:24+00:00\" \/>\n<meta property=\"og:image\" content=\"https:\/\/radiolifefm.com.br\/noticias\/wp-content\/uploads\/2022\/04\/WhatsApp-Image-2022-04-10-at-18.43.02.jpeg\" \/>\n\t<meta property=\"og:image:width\" content=\"972\" \/>\n\t<meta property=\"og:image:height\" content=\"1296\" \/>\n\t<meta property=\"og:image:type\" content=\"image\/jpeg\" \/>\n<meta name=\"author\" content=\"ritanery\" \/>\n<meta name=\"twitter:card\" content=\"summary_large_image\" \/>\n<meta name=\"twitter:label1\" content=\"Escrito por\" \/>\n\t<meta name=\"twitter:data1\" content=\"ritanery\" \/>\n\t<meta name=\"twitter:label2\" content=\"Est. tempo de leitura\" \/>\n\t<meta name=\"twitter:data2\" content=\"3 minutos\" \/>\n<script type=\"application\/ld+json\" class=\"yoast-schema-graph\">{\"@context\":\"https:\/\/schema.org\",\"@graph\":[{\"@type\":\"Article\",\"@id\":\"https:\/\/radiolifefm.com.br\/noticias\/a-bela-que-nunca-foi-bela-e-muito-menos-adormecida\/#article\",\"isPartOf\":{\"@id\":\"https:\/\/radiolifefm.com.br\/noticias\/a-bela-que-nunca-foi-bela-e-muito-menos-adormecida\/\"},\"author\":{\"name\":\"ritanery\",\"@id\":\"https:\/\/radiolifefm.com.br\/noticias\/#\/schema\/person\/6339b9fac59d12b071dec680d7375d87\"},\"headline\":\"A BELA QUE NUNCA FOI BELA E MUITO MENOS ADORMECIDA&#8230;\",\"datePublished\":\"2024-12-18T12:18:36+00:00\",\"dateModified\":\"2026-04-05T02:26:24+00:00\",\"mainEntityOfPage\":{\"@id\":\"https:\/\/radiolifefm.com.br\/noticias\/a-bela-que-nunca-foi-bela-e-muito-menos-adormecida\/\"},\"wordCount\":506,\"publisher\":{\"@id\":\"https:\/\/radiolifefm.com.br\/noticias\/#organization\"},\"image\":{\"@id\":\"https:\/\/radiolifefm.com.br\/noticias\/a-bela-que-nunca-foi-bela-e-muito-menos-adormecida\/#primaryimage\"},\"thumbnailUrl\":\"https:\/\/radiolifefm.com.br\/noticias\/wp-content\/uploads\/2022\/04\/WhatsApp-Image-2022-04-10-at-18.43.02.jpeg\",\"articleSection\":[\"Opini\u00e3o\"],\"inLanguage\":\"pt-BR\"},{\"@type\":\"WebPage\",\"@id\":\"https:\/\/radiolifefm.com.br\/noticias\/a-bela-que-nunca-foi-bela-e-muito-menos-adormecida\/\",\"url\":\"https:\/\/radiolifefm.com.br\/noticias\/a-bela-que-nunca-foi-bela-e-muito-menos-adormecida\/\",\"name\":\"A BELA QUE NUNCA FOI BELA E MUITO MENOS ADORMECIDA... - R\u00e1dio Life FM\",\"isPartOf\":{\"@id\":\"https:\/\/radiolifefm.com.br\/noticias\/#website\"},\"primaryImageOfPage\":{\"@id\":\"https:\/\/radiolifefm.com.br\/noticias\/a-bela-que-nunca-foi-bela-e-muito-menos-adormecida\/#primaryimage\"},\"image\":{\"@id\":\"https:\/\/radiolifefm.com.br\/noticias\/a-bela-que-nunca-foi-bela-e-muito-menos-adormecida\/#primaryimage\"},\"thumbnailUrl\":\"https:\/\/radiolifefm.com.br\/noticias\/wp-content\/uploads\/2022\/04\/WhatsApp-Image-2022-04-10-at-18.43.02.jpeg\",\"datePublished\":\"2024-12-18T12:18:36+00:00\",\"dateModified\":\"2026-04-05T02:26:24+00:00\",\"breadcrumb\":{\"@id\":\"https:\/\/radiolifefm.com.br\/noticias\/a-bela-que-nunca-foi-bela-e-muito-menos-adormecida\/#breadcrumb\"},\"inLanguage\":\"pt-BR\",\"potentialAction\":[{\"@type\":\"ReadAction\",\"target\":[\"https:\/\/radiolifefm.com.br\/noticias\/a-bela-que-nunca-foi-bela-e-muito-menos-adormecida\/\"]}]},{\"@type\":\"ImageObject\",\"inLanguage\":\"pt-BR\",\"@id\":\"https:\/\/radiolifefm.com.br\/noticias\/a-bela-que-nunca-foi-bela-e-muito-menos-adormecida\/#primaryimage\",\"url\":\"https:\/\/radiolifefm.com.br\/noticias\/wp-content\/uploads\/2022\/04\/WhatsApp-Image-2022-04-10-at-18.43.02.jpeg\",\"contentUrl\":\"https:\/\/radiolifefm.com.br\/noticias\/wp-content\/uploads\/2022\/04\/WhatsApp-Image-2022-04-10-at-18.43.02.jpeg\",\"width\":972,\"height\":1296,\"caption\":\"S\u00e9rgio Barbosa\"},{\"@type\":\"BreadcrumbList\",\"@id\":\"https:\/\/radiolifefm.com.br\/noticias\/a-bela-que-nunca-foi-bela-e-muito-menos-adormecida\/#breadcrumb\",\"itemListElement\":[{\"@type\":\"ListItem\",\"position\":1,\"name\":\"In\u00edcio\",\"item\":\"https:\/\/radiolifefm.com.br\/noticias\/\"},{\"@type\":\"ListItem\",\"position\":2,\"name\":\"A BELA QUE NUNCA FOI BELA E MUITO MENOS ADORMECIDA&#8230;\"}]},{\"@type\":\"WebSite\",\"@id\":\"https:\/\/radiolifefm.com.br\/noticias\/#website\",\"url\":\"https:\/\/radiolifefm.com.br\/noticias\/\",\"name\":\"R\u00e1dio Life FM\",\"description\":\"O Portal de Not\u00edcias de Adamantina\",\"publisher\":{\"@id\":\"https:\/\/radiolifefm.com.br\/noticias\/#organization\"},\"alternateName\":\"Life FM\",\"potentialAction\":[{\"@type\":\"SearchAction\",\"target\":{\"@type\":\"EntryPoint\",\"urlTemplate\":\"https:\/\/radiolifefm.com.br\/noticias\/?s={search_term_string}\"},\"query-input\":{\"@type\":\"PropertyValueSpecification\",\"valueRequired\":true,\"valueName\":\"search_term_string\"}}],\"inLanguage\":\"pt-BR\"},{\"@type\":\"Organization\",\"@id\":\"https:\/\/radiolifefm.com.br\/noticias\/#organization\",\"name\":\"R\u00e1dio Life FM\",\"alternateName\":\"Life FM\",\"url\":\"https:\/\/radiolifefm.com.br\/noticias\/\",\"logo\":{\"@type\":\"ImageObject\",\"inLanguage\":\"pt-BR\",\"@id\":\"https:\/\/radiolifefm.com.br\/noticias\/#\/schema\/logo\/image\/\",\"url\":\"https:\/\/static.radiolifefm.com.br\/noticias\/wp-content\/uploads\/2019\/10\/logo-lifefm.png\",\"contentUrl\":\"https:\/\/static.radiolifefm.com.br\/noticias\/wp-content\/uploads\/2019\/10\/logo-lifefm.png\",\"width\":196,\"height\":47,\"caption\":\"R\u00e1dio Life FM\"},\"image\":{\"@id\":\"https:\/\/radiolifefm.com.br\/noticias\/#\/schema\/logo\/image\/\"},\"sameAs\":[\"https:\/\/www.facebook.com\/radiolifefm\/\",\"https:\/\/www.instagram.com\/life1079fm\/\"]},{\"@type\":\"Person\",\"@id\":\"https:\/\/radiolifefm.com.br\/noticias\/#\/schema\/person\/6339b9fac59d12b071dec680d7375d87\",\"name\":\"ritanery\",\"image\":{\"@type\":\"ImageObject\",\"inLanguage\":\"pt-BR\",\"@id\":\"https:\/\/secure.gravatar.com\/avatar\/0e37bb19071f47c0b8a23f62a903df117c5a0e75f65a0c2901562f97cd41cf86?s=96&d=mm&r=g\",\"url\":\"https:\/\/secure.gravatar.com\/avatar\/0e37bb19071f47c0b8a23f62a903df117c5a0e75f65a0c2901562f97cd41cf86?s=96&d=mm&r=g\",\"contentUrl\":\"https:\/\/secure.gravatar.com\/avatar\/0e37bb19071f47c0b8a23f62a903df117c5a0e75f65a0c2901562f97cd41cf86?s=96&d=mm&r=g\",\"caption\":\"ritanery\"}}]}<\/script>\n<!-- \/ Yoast SEO plugin. -->","yoast_head_json":{"title":"A BELA QUE NUNCA FOI BELA E MUITO MENOS ADORMECIDA... - R\u00e1dio Life FM","robots":{"index":"index","follow":"follow","max-snippet":"max-snippet:-1","max-image-preview":"max-image-preview:large","max-video-preview":"max-video-preview:-1"},"canonical":"https:\/\/radiolifefm.com.br\/noticias\/a-bela-que-nunca-foi-bela-e-muito-menos-adormecida\/","og_locale":"pt_BR","og_type":"article","og_title":"A BELA QUE NUNCA FOI BELA E MUITO MENOS ADORMECIDA... - R\u00e1dio Life FM","og_description":"\u201cA Branca de Neve comeu uma ma\u00e7\u00e3 e encontrou o seu pr\u00edncipe, a Bela Adormecida apenas dormiu. A Cinderela foi ao baile, a Rapunzel deixou os cabelos crescer. E tu j\u00e1 dormiste, j\u00e1 comeste a ma\u00e7\u00e3, j\u00e1 foste a mil festas, j\u00e1 deixaste o cabelo crescer e nem o sapo tu quiseste.\u201d (Renato Maia) \u00a0 [&hellip;]","og_url":"https:\/\/radiolifefm.com.br\/noticias\/a-bela-que-nunca-foi-bela-e-muito-menos-adormecida\/","og_site_name":"R\u00e1dio Life FM","article_publisher":"https:\/\/www.facebook.com\/radiolifefm\/","article_published_time":"2024-12-18T12:18:36+00:00","article_modified_time":"2026-04-05T02:26:24+00:00","og_image":[{"width":972,"height":1296,"url":"https:\/\/radiolifefm.com.br\/noticias\/wp-content\/uploads\/2022\/04\/WhatsApp-Image-2022-04-10-at-18.43.02.jpeg","type":"image\/jpeg"}],"author":"ritanery","twitter_card":"summary_large_image","twitter_misc":{"Escrito por":"ritanery","Est. tempo de leitura":"3 minutos"},"schema":{"@context":"https:\/\/schema.org","@graph":[{"@type":"Article","@id":"https:\/\/radiolifefm.com.br\/noticias\/a-bela-que-nunca-foi-bela-e-muito-menos-adormecida\/#article","isPartOf":{"@id":"https:\/\/radiolifefm.com.br\/noticias\/a-bela-que-nunca-foi-bela-e-muito-menos-adormecida\/"},"author":{"name":"ritanery","@id":"https:\/\/radiolifefm.com.br\/noticias\/#\/schema\/person\/6339b9fac59d12b071dec680d7375d87"},"headline":"A BELA QUE NUNCA FOI BELA E MUITO MENOS ADORMECIDA&#8230;","datePublished":"2024-12-18T12:18:36+00:00","dateModified":"2026-04-05T02:26:24+00:00","mainEntityOfPage":{"@id":"https:\/\/radiolifefm.com.br\/noticias\/a-bela-que-nunca-foi-bela-e-muito-menos-adormecida\/"},"wordCount":506,"publisher":{"@id":"https:\/\/radiolifefm.com.br\/noticias\/#organization"},"image":{"@id":"https:\/\/radiolifefm.com.br\/noticias\/a-bela-que-nunca-foi-bela-e-muito-menos-adormecida\/#primaryimage"},"thumbnailUrl":"https:\/\/radiolifefm.com.br\/noticias\/wp-content\/uploads\/2022\/04\/WhatsApp-Image-2022-04-10-at-18.43.02.jpeg","articleSection":["Opini\u00e3o"],"inLanguage":"pt-BR"},{"@type":"WebPage","@id":"https:\/\/radiolifefm.com.br\/noticias\/a-bela-que-nunca-foi-bela-e-muito-menos-adormecida\/","url":"https:\/\/radiolifefm.com.br\/noticias\/a-bela-que-nunca-foi-bela-e-muito-menos-adormecida\/","name":"A BELA QUE NUNCA FOI BELA E MUITO MENOS ADORMECIDA... - R\u00e1dio Life FM","isPartOf":{"@id":"https:\/\/radiolifefm.com.br\/noticias\/#website"},"primaryImageOfPage":{"@id":"https:\/\/radiolifefm.com.br\/noticias\/a-bela-que-nunca-foi-bela-e-muito-menos-adormecida\/#primaryimage"},"image":{"@id":"https:\/\/radiolifefm.com.br\/noticias\/a-bela-que-nunca-foi-bela-e-muito-menos-adormecida\/#primaryimage"},"thumbnailUrl":"https:\/\/radiolifefm.com.br\/noticias\/wp-content\/uploads\/2022\/04\/WhatsApp-Image-2022-04-10-at-18.43.02.jpeg","datePublished":"2024-12-18T12:18:36+00:00","dateModified":"2026-04-05T02:26:24+00:00","breadcrumb":{"@id":"https:\/\/radiolifefm.com.br\/noticias\/a-bela-que-nunca-foi-bela-e-muito-menos-adormecida\/#breadcrumb"},"inLanguage":"pt-BR","potentialAction":[{"@type":"ReadAction","target":["https:\/\/radiolifefm.com.br\/noticias\/a-bela-que-nunca-foi-bela-e-muito-menos-adormecida\/"]}]},{"@type":"ImageObject","inLanguage":"pt-BR","@id":"https:\/\/radiolifefm.com.br\/noticias\/a-bela-que-nunca-foi-bela-e-muito-menos-adormecida\/#primaryimage","url":"https:\/\/radiolifefm.com.br\/noticias\/wp-content\/uploads\/2022\/04\/WhatsApp-Image-2022-04-10-at-18.43.02.jpeg","contentUrl":"https:\/\/radiolifefm.com.br\/noticias\/wp-content\/uploads\/2022\/04\/WhatsApp-Image-2022-04-10-at-18.43.02.jpeg","width":972,"height":1296,"caption":"S\u00e9rgio Barbosa"},{"@type":"BreadcrumbList","@id":"https:\/\/radiolifefm.com.br\/noticias\/a-bela-que-nunca-foi-bela-e-muito-menos-adormecida\/#breadcrumb","itemListElement":[{"@type":"ListItem","position":1,"name":"In\u00edcio","item":"https:\/\/radiolifefm.com.br\/noticias\/"},{"@type":"ListItem","position":2,"name":"A BELA QUE NUNCA FOI BELA E MUITO MENOS ADORMECIDA&#8230;"}]},{"@type":"WebSite","@id":"https:\/\/radiolifefm.com.br\/noticias\/#website","url":"https:\/\/radiolifefm.com.br\/noticias\/","name":"R\u00e1dio Life FM","description":"O Portal de Not\u00edcias de Adamantina","publisher":{"@id":"https:\/\/radiolifefm.com.br\/noticias\/#organization"},"alternateName":"Life FM","potentialAction":[{"@type":"SearchAction","target":{"@type":"EntryPoint","urlTemplate":"https:\/\/radiolifefm.com.br\/noticias\/?s={search_term_string}"},"query-input":{"@type":"PropertyValueSpecification","valueRequired":true,"valueName":"search_term_string"}}],"inLanguage":"pt-BR"},{"@type":"Organization","@id":"https:\/\/radiolifefm.com.br\/noticias\/#organization","name":"R\u00e1dio Life FM","alternateName":"Life FM","url":"https:\/\/radiolifefm.com.br\/noticias\/","logo":{"@type":"ImageObject","inLanguage":"pt-BR","@id":"https:\/\/radiolifefm.com.br\/noticias\/#\/schema\/logo\/image\/","url":"https:\/\/static.radiolifefm.com.br\/noticias\/wp-content\/uploads\/2019\/10\/logo-lifefm.png","contentUrl":"https:\/\/static.radiolifefm.com.br\/noticias\/wp-content\/uploads\/2019\/10\/logo-lifefm.png","width":196,"height":47,"caption":"R\u00e1dio Life FM"},"image":{"@id":"https:\/\/radiolifefm.com.br\/noticias\/#\/schema\/logo\/image\/"},"sameAs":["https:\/\/www.facebook.com\/radiolifefm\/","https:\/\/www.instagram.com\/life1079fm\/"]},{"@type":"Person","@id":"https:\/\/radiolifefm.com.br\/noticias\/#\/schema\/person\/6339b9fac59d12b071dec680d7375d87","name":"ritanery","image":{"@type":"ImageObject","inLanguage":"pt-BR","@id":"https:\/\/secure.gravatar.com\/avatar\/0e37bb19071f47c0b8a23f62a903df117c5a0e75f65a0c2901562f97cd41cf86?s=96&d=mm&r=g","url":"https:\/\/secure.gravatar.com\/avatar\/0e37bb19071f47c0b8a23f62a903df117c5a0e75f65a0c2901562f97cd41cf86?s=96&d=mm&r=g","contentUrl":"https:\/\/secure.gravatar.com\/avatar\/0e37bb19071f47c0b8a23f62a903df117c5a0e75f65a0c2901562f97cd41cf86?s=96&d=mm&r=g","caption":"ritanery"}}]}},"amp_enabled":true,"_links":{"self":[{"href":"https:\/\/radiolifefm.com.br\/noticias\/wp-json\/wp\/v2\/posts\/96230","targetHints":{"allow":["GET"]}}],"collection":[{"href":"https:\/\/radiolifefm.com.br\/noticias\/wp-json\/wp\/v2\/posts"}],"about":[{"href":"https:\/\/radiolifefm.com.br\/noticias\/wp-json\/wp\/v2\/types\/post"}],"author":[{"embeddable":true,"href":"https:\/\/radiolifefm.com.br\/noticias\/wp-json\/wp\/v2\/users\/13"}],"replies":[{"embeddable":true,"href":"https:\/\/radiolifefm.com.br\/noticias\/wp-json\/wp\/v2\/comments?post=96230"}],"version-history":[{"count":1,"href":"https:\/\/radiolifefm.com.br\/noticias\/wp-json\/wp\/v2\/posts\/96230\/revisions"}],"predecessor-version":[{"id":96231,"href":"https:\/\/radiolifefm.com.br\/noticias\/wp-json\/wp\/v2\/posts\/96230\/revisions\/96231"}],"wp:featuredmedia":[{"embeddable":true,"href":"https:\/\/radiolifefm.com.br\/noticias\/wp-json\/wp\/v2\/media\/51988"}],"wp:attachment":[{"href":"https:\/\/radiolifefm.com.br\/noticias\/wp-json\/wp\/v2\/media?parent=96230"}],"wp:term":[{"taxonomy":"category","embeddable":true,"href":"https:\/\/radiolifefm.com.br\/noticias\/wp-json\/wp\/v2\/categories?post=96230"},{"taxonomy":"post_tag","embeddable":true,"href":"https:\/\/radiolifefm.com.br\/noticias\/wp-json\/wp\/v2\/tags?post=96230"}],"curies":[{"name":"wp","href":"https:\/\/api.w.org\/{rel}","templated":true}]}}